{"id":309087,"date":"2024-06-27T13:39:27","date_gmt":"2024-06-27T09:39:27","guid":{"rendered":"https:\/\/www.meydan.tv\/?p=309087"},"modified":"2024-06-27T13:39:29","modified_gmt":"2024-06-27T09:39:29","slug":"konstitusiya-mehkemesi-milli-meclisin-buraxilmasina-qerar-verib","status":"publish","type":"post","link":"https:\/\/www.meydan.tv\/az\/article\/konstitusiya-mehkemesi-milli-meclisin-buraxilmasina-qerar-verib\/","title":{"rendered":"Konstitusiya M\u0259hk\u0259m\u0259si Milli M\u0259clisin burax\u0131lmas\u0131na q\u0259rar verib"},"content":{"rendered":"\n<p><\/p>\n\n\n\n<p><strong><em>M\u0259hk\u0259m\u0259 hesab edir ki, q\u0259rar q\u0259tidir v\u0259 he\u00e7 bir qurum t\u0259r\u0259find\u0259n d\u0259yi\u015fdiril\u0259 bilm\u0259z<\/em><\/strong><\/p>\n\n\n\n<p>\u0130yunun 27-d\u0259 Az\u0259rbaycan Konstitusiya M\u0259hk\u0259m\u0259si Plenumunun iclas\u0131 ke\u00e7irilib.<\/p>\n\n\n\n<p>M\u0259hk\u0259m\u0259 Prezidentin Milli M\u0259clisin burax\u0131lmas\u0131n\u0131n v\u0259 n\u00f6vb\u0259d\u0259nk\u0259nar se\u00e7kil\u0259r t\u0259yin edilm\u0259sinin Konstitusiyaya uy\u011funlu\u011funa dair sor\u011fusuna bax\u0131b.<\/p>\n\n\n\n<p>Konstitusiya M\u0259hk\u0259m\u0259sinin q\u0259rar\u0131na g\u00f6r\u0259, \u201cMilli M\u0259clis\u0259 n\u00f6vb\u0259d\u0259nk\u0259nar se\u00e7kil\u0259rin t\u0259yin edilm\u0259si haqq\u0131nda Prezident\u0259 m\u00fcraci\u0259t edilm\u0259si bar\u0259d\u0259\u201d 21 iyun tarixli 1174-VIQR n\u00f6mr\u0259li Q\u0259rar\u0131 v\u0259 bu Q\u0259rar \u0259sas\u0131nda \u00f6lk\u0259 ba\u015f\u00e7\u0131s\u0131 t\u0259r\u0259find\u0259n burax\u0131lmas\u0131 v\u0259 n\u00f6vb\u0259d\u0259nk\u0259nar se\u00e7kil\u0259rin t\u0259yin edilm\u0259si Konstitusiyan\u0131n 981-ci madd\u0259sin\u0259 uy\u011fundur:<\/p>\n\n\n\n<p>&#8220;<em>Q\u0259bul edilmi\u015f q\u0259rar elan olundu\u011fu andan q\u00fcvv\u0259y\u0259 minir, q\u0259tidir, he\u00e7 bir orqan v\u0259 ya \u015f\u0259xs t\u0259r\u0259find\u0259n l\u0259\u011fv oluna, d\u0259yi\u015fdiril\u0259, yaxud r\u0259smi t\u0259fsir edil\u0259<a href=\"https:\/\/azertag.az\/xeber\/konstitusiya_mehkemesinin_plenumu_milli_meclisin_buraxilmasinin_konstitusiyaya_uygunluguna_dair_prezidentin_sorgusuna_baxib__yenilenib___2_video-3070474\"> bilm\u0259z&#8221;<\/a>.<\/em><\/p>\n\n\n\n<p>\u0130yunun 21-d\u0259 Az\u0259rbaycan Milli M\u0259clisi Prezident \u0130lham \u018fliyev\u0259 m\u00fcraci\u0259t ed\u0259r\u0259k h\u0259m parlament se\u00e7kil\u0259rinin, h\u0259m d\u0259 m\u00f6t\u0259b\u0259r beyn\u0259lxalq t\u0259dbirl\u0259rin b\u00f6y\u00fck \u0259h\u0259miyy\u0259t k\u0259sb etdiyini bildiribl\u0259r:<\/p>\n\n\n\n<p>\u201c<em>YAP-\u0131n m\u00fcraci\u0259ti Milli M\u0259clisd\u0259 dig\u0259r partiyalar\u0131 t\u0259msil ed\u0259n deputatlar, habel\u0259 bit\u0259r\u0259f deputatlar t\u0259r\u0259find\u0259n d\u0259st\u0259kl\u0259nib. Se\u00e7kil\u0259rin qanunvericiliy\u0259 uy\u011fun ke\u00e7irilm\u0259si \u00fc\u00e7\u00fcn n\u00f6vb\u0259d\u0259nk\u0259nar parlament se\u00e7kil\u0259rinin ke\u00e7irilm\u0259si z\u0259ruridir\u201d.<\/em><\/p>\n\n\n\n<p>M\u00fcraci\u0259tin lehin\u0259 105, \u0259leyhin\u0259 is\u0259 1 n\u0259f\u0259r s\u0259s <a href=\"https:\/\/storage.googleapis.com\/qurium\/www.meydan.tv\/az-article-deputatlar-parlamentin-buraxilmasi-ile-bagli-prezidente-muraciet-etdiler.html\">verib.<\/a><\/p>\n\n\n\n<p>\u0130yunun 20-d\u0259 YAP \u0130dar\u0259 Hey\u0259tinin n\u00f6vb\u0259ti iclas\u0131nda \u00f6lk\u0259 ba\u015f\u00e7\u0131s\u0131na m\u00fcraci\u0259t haqda q\u0259rar q\u0259bul edilib.<\/p>\n\n\n\n<p>Toplant\u0131da \u00e7\u0131x\u0131\u015f ed\u0259n YAP S\u0259drinin m\u00fcavini, M\u0259rk\u0259zi Aparat\u0131n r\u0259hb\u0259ri, deputat Tahir Budaqov bildirib ki, BMT-nin \u0130qlim D\u0259yi\u015fm\u0259l\u0259ri \u00fczr\u0259 \u00e7\u0259r\u00e7iv\u0259 Konvensiyas\u0131n\u0131n T\u0259r\u0259fl\u0259r Konfrans\u0131n\u0131n 29-cu sessiyas\u0131n\u0131n (COP29) v\u0259 dig\u0259r m\u00f6t\u0259b\u0259r beyn\u0259lxalq t\u0259dbirl\u0259rin ke\u00e7iril\u0259c\u0259yi vaxtda \u2013 2024-c\u00fc ilin noyabr ay\u0131nda Az\u0259rbaycan Konstitusiyas\u0131n\u0131n m\u00fcvafiq madd\u0259sinin II hiss\u0259sin\u0259 \u0259sas\u0259n Milli M\u0259clis\u0259 n\u00f6vb\u0259ti se\u00e7kil\u0259r ke\u00e7irilm\u0259lidir:<\/p>\n\n\n\n<p>\u201c<em>H\u0259m se\u00e7kil\u0259rin, h\u0259m d\u0259 qeyd olunan t\u0259dbirl\u0259rin y\u00fcks\u0259k s\u0259viyy\u0259d\u0259 t\u0259\u015fkili m\u00fch\u00fcm \u0259h\u0259miyy\u0259t k\u0259sb edir. Bundan \u0259lav\u0259, h\u0259min d\u00f6vrd\u0259 \u00f6lk\u0259 parlamentinin tam f\u0259aliyy\u0259td\u0259 olmas\u0131n\u0131n m\u0259qs\u0259d\u0259m\u00fcvafiqliyi d\u0259 n\u0259z\u0259r\u0259 al\u0131nmal\u0131d\u0131r. Hesab edirik ki, indiki \u015f\u0259raitd\u0259 d\u0259 Milli M\u0259clis d\u00f6vl\u0259t maraqlar\u0131n\u0131 \u00fcst\u00fcn tutaraq Milli M\u0259clisin burax\u0131lmas\u0131 v\u0259 se\u00e7kil\u0259rin daha erk\u0259n ke\u00e7irilm\u0259si t\u0259\u015f\u0259bb\u00fcs\u00fc il\u0259 \u00e7\u0131x\u0131\u015f <a href=\"https:\/\/storage.googleapis.com\/qurium\/www.meydan.tv\/az-article-yap-ci-deputatlar-parlamenti-buraxmaq-ucun-ilham-eliyeve-muraciet-edecekler.html\">etm\u0259lidir\u201d.<\/a><\/em><\/p>\n\n\n\n<p>May\u0131n 2-d\u0259 M\u0259rk\u0259zi Se\u00e7ki Komissiyas\u0131n\u0131n s\u0259dri M\u0259zahir P\u0259nahov parlament se\u00e7kil\u0259rinin vaxt\u0131n\u0131n \u00f6n\u0259 \u00e7\u0259kil\u0259 bil\u0259c\u0259yi haqq\u0131nda a\u00e7\u0131qlama vermi\u015fdi.<\/p>\n\n\n\n<p>M\u0259zahir P\u0259nahov demi\u015fdi ki, 2024-c\u00fc ilin noyabr\u0131nda parlament se\u00e7kil\u0259ri olmal\u0131d\u0131r:<\/p>\n\n\n\n<p>\u201c<em>Az\u0259rbaycanda ke\u00e7iril\u0259c\u0259k m\u00f6t\u0259b\u0259r t\u0259dbir olan COP29-la parlament se\u00e7kil\u0259rinin vaxt\u0131 eyni zaman k\u0259siyin\u0259 t\u0259sad\u00fcf etdiyi \u00fc\u00e7\u00fcn se\u00e7kil\u0259rin \u00f6n\u0259 \u00e7\u0259kilm\u0259si bar\u0259d\u0259 q\u0259rar veril\u0259 <a href=\"https:\/\/storage.googleapis.com\/qurium\/www.meydan.tv\/az-article-azerbaycanda-parlament-seckileri-one-cekile-biler.html\">bil\u0259r\u201d.<\/a><\/em><\/p>\n\n\n\n<p>Az\u0259rbaycanda Milli M\u0259clis\u0259 se\u00e7kil\u0259r sonuncu d\u0259f\u0259 2020-ci ilin fevral\u0131n 9-da ke\u00e7irilib.<\/p>\n\n\n\n<p>Prezident \u0130lham \u018fliyev 2019-cu ilin dekabr\u0131n 5-d\u0259 &#8220;V \u00e7a\u011f\u0131r\u0131\u015f Milli M\u0259clisin burax\u0131lmas\u0131 v\u0259 n\u00f6vb\u0259d\u0259nk\u0259nar se\u00e7kil\u0259rin t\u0259yin edilm\u0259si haqq\u0131nda&#8221; S\u0259r\u0259ncam imzalam\u0131\u015fd\u0131.<\/p>\n\n\n\n<p>S\u0259r\u0259ncama \u0259sas\u0259n, V \u00e7a\u011f\u0131r\u0131\u015f Milli M\u0259clis burax\u0131l\u0131b, Milli M\u0259clis\u0259 n\u00f6vb\u0259d\u0259nk\u0259nar se\u00e7kil\u0259r 2020-ci il fevral\u0131n 9-na t\u0259yin edilib.<\/p>\n\n\n\n<p>Milli M\u0259clisd\u0259 \u00e7oxluq t\u0259\u015fkil ed\u0259n hakim Yeni Az\u0259rbaycan Partiyas\u0131n\u0131n deputatlar\u0131 2019-cu ilin dekabr\u0131n 2-d\u0259 parlamentin burax\u0131lmas\u0131 v\u0259 n\u00f6vb\u0259d\u0259nk\u0259nar se\u00e7kil\u0259rin t\u0259yin edilm\u0259si il\u0259 ba\u011fl\u0131 Prezident \u0130lham \u018fliyev\u0259 m\u00fcraci\u0259t etmi\u015fdil\u0259r.<\/p>\n","protected":false},"excerpt":{"rendered":"<p>M\u0259hk\u0259m\u0259 hesab edir ki, q\u0259rar q\u0259tidir v\u0259 he\u00e7 bir qurum &#8230; <\/p>\n<p class=\"read-more-container\"><a title=\"Konstitusiya M\u0259hk\u0259m\u0259si Milli M\u0259clisin burax\u0131lmas\u0131na q\u0259rar verib\" class=\"read-more button\" href=\"https:\/\/www.meydan.tv\/az\/article\/konstitusiya-mehkemesi-milli-meclisin-buraxilmasina-qerar-verib\/#more-309087\" aria-label=\"Read more about Konstitusiya M\u0259hk\u0259m\u0259si Milli M\u0259clisin burax\u0131lmas\u0131na q\u0259rar verib\">Davam\u0131<\/a><\/p>\n","protected":false},"author":8,"featured_media":79501,"comment_status":"closed","ping_status":"closed","sticky":false,"template":"","format":"standard","meta":{"_acf_changed":false,"_sitemap_exclude":false,"_sitemap_priority":"","_sitemap_frequency":"","footnotes":""},"categories":[59,56],"tags":[],"class_list":["post-309087","post","type-post","status-publish","format-standard","has-post-thumbnail","hentry","category-siyaset","category-xeberler","infinite-scroll-item","generate-columns","tablet-grid-50","mobile-grid-100","grid-parent","grid-33","no-featured-image-padding"],"acf":[],"yoast_head":"<!-- This site is optimized with the Yoast SEO plugin v27.4 - https:\/\/yoast.com\/product\/yoast-seo-wordpress\/ -->\n<title>Konstitusiya M\u0259hk\u0259m\u0259si Milli M\u0259clisin burax\u0131lmas\u0131na q\u0259rar verib - MEYDAN.TV<\/title>\n<meta name=\"robots\" content=\"index, follow, max-snippet:-1, max-image-preview:large, max-video-preview:-1\" \/>\n<link rel=\"canonical\" href=\"https:\/\/www.meydan.tv\/az\/article\/konstitusiya-mehkemesi-milli-meclisin-buraxilmasina-qerar-verib\/\" \/>\n<meta property=\"og:locale\" content=\"az_AZ\" \/>\n<meta property=\"og:type\" content=\"article\" \/>\n<meta property=\"og:title\" content=\"Konstitusiya M\u0259hk\u0259m\u0259si Milli M\u0259clisin burax\u0131lmas\u0131na q\u0259rar verib - MEYDAN.TV\" \/>\n<meta property=\"og:description\" content=\"M\u0259hk\u0259m\u0259 hesab edir ki, q\u0259rar q\u0259tidir v\u0259 he\u00e7 bir qurum ... Davam\u0131\" \/>\n<meta property=\"og:url\" content=\"https:\/\/www.meydan.tv\/az\/article\/konstitusiya-mehkemesi-milli-meclisin-buraxilmasina-qerar-verib\/\" \/>\n<meta property=\"og:site_name\" content=\"MEYDAN.TV\" \/>\n<meta property=\"article:published_time\" content=\"2024-06-27T09:39:27+00:00\" \/>\n<meta property=\"article:modified_time\" content=\"2024-06-27T09:39:29+00:00\" \/>\n<meta property=\"og:image\" content=\"https:\/\/www.meydan.tv\/wp-content\/uploads\/30993.jpg\" \/>\n\t<meta property=\"og:image:width\" content=\"1000\" \/>\n\t<meta property=\"og:image:height\" content=\"635\" \/>\n\t<meta property=\"og:image:type\" content=\"image\/jpeg\" \/>\n<meta name=\"author\" content=\"elli\" \/>\n<meta name=\"twitter:card\" content=\"summary_large_image\" \/>\n<meta name=\"twitter:creator\" content=\"@elli\" \/>\n<script type=\"application\/ld+json\" class=\"yoast-schema-graph\">{\"@context\":\"https:\\\/\\\/schema.org\",\"@graph\":[{\"@type\":\"Article\",\"@id\":\"https:\\\/\\\/www.meydan.tv\\\/az\\\/article\\\/konstitusiya-mehkemesi-milli-meclisin-buraxilmasina-qerar-verib\\\/#article\",\"isPartOf\":{\"@id\":\"https:\\\/\\\/www.meydan.tv\\\/az\\\/article\\\/konstitusiya-mehkemesi-milli-meclisin-buraxilmasina-qerar-verib\\\/\"},\"author\":{\"name\":\"elli\",\"@id\":\"https:\\\/\\\/www.meydan.tv\\\/az\\\/#\\\/schema\\\/person\\\/9cdbecf90d17180ce1dfbd95b08dcf47\"},\"headline\":\"Konstitusiya M\u0259hk\u0259m\u0259si Milli M\u0259clisin burax\u0131lmas\u0131na q\u0259rar verib\",\"datePublished\":\"2024-06-27T09:39:27+00:00\",\"dateModified\":\"2024-06-27T09:39:29+00:00\",\"mainEntityOfPage\":{\"@id\":\"https:\\\/\\\/www.meydan.tv\\\/az\\\/article\\\/konstitusiya-mehkemesi-milli-meclisin-buraxilmasina-qerar-verib\\\/\"},\"wordCount\":758,\"publisher\":{\"@id\":\"https:\\\/\\\/www.meydan.tv\\\/az\\\/#organization\"},\"image\":{\"@id\":\"https:\\\/\\\/www.meydan.tv\\\/az\\\/article\\\/konstitusiya-mehkemesi-milli-meclisin-buraxilmasina-qerar-verib\\\/#primaryimage\"},\"thumbnailUrl\":\"https:\\\/\\\/www.meydan.tv\\\/wp-content\\\/uploads\\\/30993.jpg\",\"articleSection\":[\"Siyas\u0259t\",\"X\u0259b\u0259rl\u0259r\"],\"inLanguage\":\"az\"},{\"@type\":\"WebPage\",\"@id\":\"https:\\\/\\\/www.meydan.tv\\\/az\\\/article\\\/konstitusiya-mehkemesi-milli-meclisin-buraxilmasina-qerar-verib\\\/\",\"url\":\"https:\\\/\\\/www.meydan.tv\\\/az\\\/article\\\/konstitusiya-mehkemesi-milli-meclisin-buraxilmasina-qerar-verib\\\/\",\"name\":\"Konstitusiya M\u0259hk\u0259m\u0259si Milli M\u0259clisin burax\u0131lmas\u0131na q\u0259rar verib - MEYDAN.TV\",\"isPartOf\":{\"@id\":\"https:\\\/\\\/www.meydan.tv\\\/az\\\/#website\"},\"primaryImageOfPage\":{\"@id\":\"https:\\\/\\\/www.meydan.tv\\\/az\\\/article\\\/konstitusiya-mehkemesi-milli-meclisin-buraxilmasina-qerar-verib\\\/#primaryimage\"},\"image\":{\"@id\":\"https:\\\/\\\/www.meydan.tv\\\/az\\\/article\\\/konstitusiya-mehkemesi-milli-meclisin-buraxilmasina-qerar-verib\\\/#primaryimage\"},\"thumbnailUrl\":\"https:\\\/\\\/www.meydan.tv\\\/wp-content\\\/uploads\\\/30993.jpg\",\"datePublished\":\"2024-06-27T09:39:27+00:00\",\"dateModified\":\"2024-06-27T09:39:29+00:00\",\"breadcrumb\":{\"@id\":\"https:\\\/\\\/www.meydan.tv\\\/az\\\/article\\\/konstitusiya-mehkemesi-milli-meclisin-buraxilmasina-qerar-verib\\\/#breadcrumb\"},\"inLanguage\":\"az\",\"potentialAction\":[{\"@type\":\"ReadAction\",\"target\":[\"https:\\\/\\\/www.meydan.tv\\\/az\\\/article\\\/konstitusiya-mehkemesi-milli-meclisin-buraxilmasina-qerar-verib\\\/\"]}]},{\"@type\":\"ImageObject\",\"inLanguage\":\"az\",\"@id\":\"https:\\\/\\\/www.meydan.tv\\\/az\\\/article\\\/konstitusiya-mehkemesi-milli-meclisin-buraxilmasina-qerar-verib\\\/#primaryimage\",\"url\":\"https:\\\/\\\/www.meydan.tv\\\/wp-content\\\/uploads\\\/30993.jpg\",\"contentUrl\":\"https:\\\/\\\/www.meydan.tv\\\/wp-content\\\/uploads\\\/30993.jpg\",\"width\":1000,\"height\":635,\"caption\":\"Foto: KM\"},{\"@type\":\"BreadcrumbList\",\"@id\":\"https:\\\/\\\/www.meydan.tv\\\/az\\\/article\\\/konstitusiya-mehkemesi-milli-meclisin-buraxilmasina-qerar-verib\\\/#breadcrumb\",\"itemListElement\":[{\"@type\":\"ListItem\",\"position\":1,\"name\":\"Ana s\u0259hif\u0259\",\"item\":\"https:\\\/\\\/www.meydan.tv\\\/az\\\/\"},{\"@type\":\"ListItem\",\"position\":2,\"name\":\"Siyas\u0259t\",\"item\":\"https:\\\/\\\/www.meydan.tv\\\/az\\\/section\\\/siyaset\\\/\"},{\"@type\":\"ListItem\",\"position\":3,\"name\":\"Konstitusiya M\u0259hk\u0259m\u0259si Milli M\u0259clisin burax\u0131lmas\u0131na q\u0259rar verib\"}]},{\"@type\":\"WebSite\",\"@id\":\"https:\\\/\\\/www.meydan.tv\\\/az\\\/#website\",\"url\":\"https:\\\/\\\/www.meydan.tv\\\/az\\\/\",\"name\":\"MEYDAN.TV\",\"description\":\"Meydan TV Az\u0259rbaycan\u0131n media m\u0259kan\u0131ndak\u0131 alternativ s\u0259sidir\",\"publisher\":{\"@id\":\"https:\\\/\\\/www.meydan.tv\\\/az\\\/#organization\"},\"potentialAction\":[{\"@type\":\"SearchAction\",\"target\":{\"@type\":\"EntryPoint\",\"urlTemplate\":\"https:\\\/\\\/www.meydan.tv\\\/az\\\/?s={search_term_string}\"},\"query-input\":{\"@type\":\"PropertyValueSpecification\",\"valueRequired\":true,\"valueName\":\"search_term_string\"}}],\"inLanguage\":\"az\"},{\"@type\":\"Organization\",\"@id\":\"https:\\\/\\\/www.meydan.tv\\\/az\\\/#organization\",\"name\":\"Meydan TV\",\"url\":\"https:\\\/\\\/www.meydan.tv\\\/az\\\/\",\"logo\":{\"@type\":\"ImageObject\",\"inLanguage\":\"az\",\"@id\":\"https:\\\/\\\/www.meydan.tv\\\/az\\\/#\\\/schema\\\/logo\\\/image\\\/\",\"url\":\"https:\\\/\\\/www.meydan.tv\\\/wp-content\\\/uploads\\\/2021\\\/07\\\/meydan-logo.svg\",\"contentUrl\":\"https:\\\/\\\/www.meydan.tv\\\/wp-content\\\/uploads\\\/2021\\\/07\\\/meydan-logo.svg\",\"width\":195,\"height\":46,\"caption\":\"Meydan TV\"},\"image\":{\"@id\":\"https:\\\/\\\/www.meydan.tv\\\/az\\\/#\\\/schema\\\/logo\\\/image\\\/\"}},{\"@type\":\"Person\",\"@id\":\"https:\\\/\\\/www.meydan.tv\\\/az\\\/#\\\/schema\\\/person\\\/9cdbecf90d17180ce1dfbd95b08dcf47\",\"name\":\"elli\",\"sameAs\":[\"https:\\\/\\\/x.com\\\/elli\"]}]}<\/script>\n<!-- \/ Yoast SEO plugin. -->","yoast_head_json":{"title":"Konstitusiya M\u0259hk\u0259m\u0259si Milli M\u0259clisin burax\u0131lmas\u0131na q\u0259rar verib - MEYDAN.TV","robots":{"index":"index","follow":"follow","max-snippet":"max-snippet:-1","max-image-preview":"max-image-preview:large","max-video-preview":"max-video-preview:-1"},"canonical":"https:\/\/www.meydan.tv\/az\/article\/konstitusiya-mehkemesi-milli-meclisin-buraxilmasina-qerar-verib\/","og_locale":"az_AZ","og_type":"article","og_title":"Konstitusiya M\u0259hk\u0259m\u0259si Milli M\u0259clisin burax\u0131lmas\u0131na q\u0259rar verib - MEYDAN.TV","og_description":"M\u0259hk\u0259m\u0259 hesab edir ki, q\u0259rar q\u0259tidir v\u0259 he\u00e7 bir qurum ... Davam\u0131","og_url":"https:\/\/www.meydan.tv\/az\/article\/konstitusiya-mehkemesi-milli-meclisin-buraxilmasina-qerar-verib\/","og_site_name":"MEYDAN.TV","article_published_time":"2024-06-27T09:39:27+00:00","article_modified_time":"2024-06-27T09:39:29+00:00","og_image":[{"width":1000,"height":635,"url":"https:\/\/www.meydan.tv\/wp-content\/uploads\/30993.jpg","type":"image\/jpeg"}],"author":"elli","twitter_card":"summary_large_image","twitter_creator":"@elli","schema":{"@context":"https:\/\/schema.org","@graph":[{"@type":"Article","@id":"https:\/\/www.meydan.tv\/az\/article\/konstitusiya-mehkemesi-milli-meclisin-buraxilmasina-qerar-verib\/#article","isPartOf":{"@id":"https:\/\/www.meydan.tv\/az\/article\/konstitusiya-mehkemesi-milli-meclisin-buraxilmasina-qerar-verib\/"},"author":{"name":"elli","@id":"https:\/\/www.meydan.tv\/az\/#\/schema\/person\/9cdbecf90d17180ce1dfbd95b08dcf47"},"headline":"Konstitusiya M\u0259hk\u0259m\u0259si Milli M\u0259clisin burax\u0131lmas\u0131na q\u0259rar verib","datePublished":"2024-06-27T09:39:27+00:00","dateModified":"2024-06-27T09:39:29+00:00","mainEntityOfPage":{"@id":"https:\/\/www.meydan.tv\/az\/article\/konstitusiya-mehkemesi-milli-meclisin-buraxilmasina-qerar-verib\/"},"wordCount":758,"publisher":{"@id":"https:\/\/www.meydan.tv\/az\/#organization"},"image":{"@id":"https:\/\/www.meydan.tv\/az\/article\/konstitusiya-mehkemesi-milli-meclisin-buraxilmasina-qerar-verib\/#primaryimage"},"thumbnailUrl":"https:\/\/www.meydan.tv\/wp-content\/uploads\/30993.jpg","articleSection":["Siyas\u0259t","X\u0259b\u0259rl\u0259r"],"inLanguage":"az"},{"@type":"WebPage","@id":"https:\/\/www.meydan.tv\/az\/article\/konstitusiya-mehkemesi-milli-meclisin-buraxilmasina-qerar-verib\/","url":"https:\/\/www.meydan.tv\/az\/article\/konstitusiya-mehkemesi-milli-meclisin-buraxilmasina-qerar-verib\/","name":"Konstitusiya M\u0259hk\u0259m\u0259si Milli M\u0259clisin burax\u0131lmas\u0131na q\u0259rar verib - MEYDAN.TV","isPartOf":{"@id":"https:\/\/www.meydan.tv\/az\/#website"},"primaryImageOfPage":{"@id":"https:\/\/www.meydan.tv\/az\/article\/konstitusiya-mehkemesi-milli-meclisin-buraxilmasina-qerar-verib\/#primaryimage"},"image":{"@id":"https:\/\/www.meydan.tv\/az\/article\/konstitusiya-mehkemesi-milli-meclisin-buraxilmasina-qerar-verib\/#primaryimage"},"thumbnailUrl":"https:\/\/www.meydan.tv\/wp-content\/uploads\/30993.jpg","datePublished":"2024-06-27T09:39:27+00:00","dateModified":"2024-06-27T09:39:29+00:00","breadcrumb":{"@id":"https:\/\/www.meydan.tv\/az\/article\/konstitusiya-mehkemesi-milli-meclisin-buraxilmasina-qerar-verib\/#breadcrumb"},"inLanguage":"az","potentialAction":[{"@type":"ReadAction","target":["https:\/\/www.meydan.tv\/az\/article\/konstitusiya-mehkemesi-milli-meclisin-buraxilmasina-qerar-verib\/"]}]},{"@type":"ImageObject","inLanguage":"az","@id":"https:\/\/www.meydan.tv\/az\/article\/konstitusiya-mehkemesi-milli-meclisin-buraxilmasina-qerar-verib\/#primaryimage","url":"https:\/\/www.meydan.tv\/wp-content\/uploads\/30993.jpg","contentUrl":"https:\/\/www.meydan.tv\/wp-content\/uploads\/30993.jpg","width":1000,"height":635,"caption":"Foto: KM"},{"@type":"BreadcrumbList","@id":"https:\/\/www.meydan.tv\/az\/article\/konstitusiya-mehkemesi-milli-meclisin-buraxilmasina-qerar-verib\/#breadcrumb","itemListElement":[{"@type":"ListItem","position":1,"name":"Ana s\u0259hif\u0259","item":"https:\/\/www.meydan.tv\/az\/"},{"@type":"ListItem","position":2,"name":"Siyas\u0259t","item":"https:\/\/www.meydan.tv\/az\/section\/siyaset\/"},{"@type":"ListItem","position":3,"name":"Konstitusiya M\u0259hk\u0259m\u0259si Milli M\u0259clisin burax\u0131lmas\u0131na q\u0259rar verib"}]},{"@type":"WebSite","@id":"https:\/\/www.meydan.tv\/az\/#website","url":"https:\/\/www.meydan.tv\/az\/","name":"MEYDAN.TV","description":"Meydan TV Az\u0259rbaycan\u0131n media m\u0259kan\u0131ndak\u0131 alternativ s\u0259sidir","publisher":{"@id":"https:\/\/www.meydan.tv\/az\/#organization"},"potentialAction":[{"@type":"SearchAction","target":{"@type":"EntryPoint","urlTemplate":"https:\/\/www.meydan.tv\/az\/?s={search_term_string}"},"query-input":{"@type":"PropertyValueSpecification","valueRequired":true,"valueName":"search_term_string"}}],"inLanguage":"az"},{"@type":"Organization","@id":"https:\/\/www.meydan.tv\/az\/#organization","name":"Meydan TV","url":"https:\/\/www.meydan.tv\/az\/","logo":{"@type":"ImageObject","inLanguage":"az","@id":"https:\/\/www.meydan.tv\/az\/#\/schema\/logo\/image\/","url":"https:\/\/www.meydan.tv\/wp-content\/uploads\/2021\/07\/meydan-logo.svg","contentUrl":"https:\/\/www.meydan.tv\/wp-content\/uploads\/2021\/07\/meydan-logo.svg","width":195,"height":46,"caption":"Meydan TV"},"image":{"@id":"https:\/\/www.meydan.tv\/az\/#\/schema\/logo\/image\/"}},{"@type":"Person","@id":"https:\/\/www.meydan.tv\/az\/#\/schema\/person\/9cdbecf90d17180ce1dfbd95b08dcf47","name":"elli","sameAs":["https:\/\/x.com\/elli"]}]}},"_links":{"self":[{"href":"https:\/\/www.meydan.tv\/az\/wp-json\/wp\/v2\/posts\/309087","targetHints":{"allow":["GET"]}}],"collection":[{"href":"https:\/\/www.meydan.tv\/az\/wp-json\/wp\/v2\/posts"}],"about":[{"href":"https:\/\/www.meydan.tv\/az\/wp-json\/wp\/v2\/types\/post"}],"author":[{"embeddable":true,"href":"https:\/\/www.meydan.tv\/az\/wp-json\/wp\/v2\/users\/8"}],"replies":[{"embeddable":true,"href":"https:\/\/www.meydan.tv\/az\/wp-json\/wp\/v2\/comments?post=309087"}],"version-history":[{"count":2,"href":"https:\/\/www.meydan.tv\/az\/wp-json\/wp\/v2\/posts\/309087\/revisions"}],"predecessor-version":[{"id":309096,"href":"https:\/\/www.meydan.tv\/az\/wp-json\/wp\/v2\/posts\/309087\/revisions\/309096"}],"wp:featuredmedia":[{"embeddable":true,"href":"https:\/\/www.meydan.tv\/az\/wp-json\/wp\/v2\/media\/79501"}],"wp:attachment":[{"href":"https:\/\/www.meydan.tv\/az\/wp-json\/wp\/v2\/media?parent=309087"}],"wp:term":[{"taxonomy":"category","embeddable":true,"href":"https:\/\/www.meydan.tv\/az\/wp-json\/wp\/v2\/categories?post=309087"},{"taxonomy":"post_tag","embeddable":true,"href":"https:\/\/www.meydan.tv\/az\/wp-json\/wp\/v2\/tags?post=309087"}],"curies":[{"name":"wp","href":"https:\/\/api.w.org\/{rel}","templated":true}]}}