{"id":308990,"date":"2024-06-26T13:45:01","date_gmt":"2024-06-26T09:45:01","guid":{"rendered":"https:\/\/www.meydan.tv\/?p=308990"},"modified":"2024-06-26T13:45:02","modified_gmt":"2024-06-26T09:45:02","slug":"butun-siyasi-mehbuslarin-zengi-dinlenilir","status":"publish","type":"post","link":"https:\/\/www.meydan.tv\/az\/article\/butun-siyasi-mehbuslarin-zengi-dinlenilir\/","title":{"rendered":"\u201cB\u00fct\u00fcn siyasi m\u0259hbuslar\u0131n z\u0259ngi dinl\u0259nilir\u201d"},"content":{"rendered":"\n<figure class=\"wp-block-embed is-type-video is-provider-youtube wp-block-embed-youtube wp-embed-aspect-16-9 wp-has-aspect-ratio\"><div class=\"wp-block-embed__wrapper\">\n<iframe title=\"\u201cB\u00fct\u00fcn siyasi m\u0259hbuslar\u0131n z\u0259ngi dinl\u0259nilir\u201d\" width=\"1200\" height=\"675\" data-src=\"https:\/\/www.youtube.com\/embed\/bgP_We-CxSc?feature=oembed\" frameborder=\"0\" allow=\"accelerometer; autoplay; clipboard-write; encrypted-media; gyroscope; picture-in-picture; web-share\" referrerpolicy=\"strict-origin-when-cross-origin\" allowfullscreen src=\"data:image\/svg+xml;base64,PHN2ZyB3aWR0aD0iMSIgaGVpZ2h0PSIxIiB4bWxucz0iaHR0cDovL3d3dy53My5vcmcvMjAwMC9zdmciPjwvc3ZnPg==\" class=\"lazyload\" data-load-mode=\"1\"><\/iframe>\n<\/div><\/figure>\n\n\n\n<!--more-->\n\n\n\n<p><\/p>\n\n\n\n<p>Nigar H\u0259zi h\u0259bsd\u0259 olan atas\u0131 Tofiq Yaqublu il\u0259 dan\u0131\u015f\u0131r. Amma bu telefon z\u0259ngl\u0259rini dinl\u0259y\u0259n \u00fc\u00e7\u00fcnc\u00fc \u015f\u0259xs d\u0259 var. <\/p>\n\n\n\n<p>H\u0259bsd\u0259 olan jurnalist Sevinc Vaqifq\u0131z\u0131n\u0131n anas\u0131yla dan\u0131\u015fark\u0259n z\u0259nginin k\u0259silm\u0259si telefon dan\u0131\u015f\u0131qlar\u0131n dinl\u0259ndiyini g\u00fcnd\u0259m\u0259 g\u0259tirib. Jurnalist z\u0259ngd\u0259 1 sayl\u0131 \u0130stintaq T\u0259cridxanas\u0131nda qad\u0131n m\u0259hbuslar\u0131n zorak\u0131l\u0131\u011fa m\u0259ruz qalmas\u0131n\u0131n ictimail\u0259\u015fdirilm\u0259sini ist\u0259yirdi. Ancaq o s\u00f6z\u00fcn\u00fc bitirm\u0259mi\u015f \u0259laq\u0259 k\u0259sildi.<\/p>\n\n\n\n<p>4 d\u0259f\u0259 h\u0259bs ya\u015fam\u0131\u015f m\u00fcxalif\u0259t\u00e7i Tofiq Yaqublunun q\u0131z\u0131 Nigar da d\u0259f\u0259l\u0259rl\u0259 bu t\u0259cr\u00fcb\u0259ni ya\u015fad\u0131\u011f\u0131n\u0131 deyir. O, atas\u0131yla dan\u0131\u015fark\u0259n \u015fifr\u0259li s\u00f6zl\u0259rd\u0259n istifad\u0259 etm\u0259y\u0259 \u00e7al\u0131\u015f\u0131r. H\u00fcquq\u015f\u00fcnas Xalid A\u011f\u0259liyev deyir ki, milli qanunvericilikd\u0259 konfidensiall\u0131q x\u00fcsusi \u00f6n\u0259m da\u015f\u0131y\u0131r. Telefon dan\u0131\u015f\u0131qlar\u0131n\u0131n dinl\u0259nilm\u0259si v\u0259 dig\u0259r formada izl\u0259nilm\u0259si \u015f\u0259xsi h\u0259yat\u0131n v\u0259 yaz\u0131\u015fmalar\u0131n toxunulmazl\u0131\u011f\u0131na ciddi m\u00fcdaxil\u0259 t\u0259\u015fkil edir. Xalid A\u011f\u0259liyevin fikrinc\u0259, bu m\u0259s\u0259l\u0259 il\u0259 ba\u011fl\u0131 ayd\u0131n v\u0259 \u0259trafl\u0131 normalar\u0131n olmas\u0131 vacibdir. X\u00fcsus\u0259n ona g\u00f6r\u0259 ki, istifad\u0259d\u0259 olan texnologiyalar getdikc\u0259 daha da t\u0259kmill\u0259\u015fir. <\/p>\n\n\n\n<p>H\u00fcquq\u015f\u00fcnas deyir ki, h\u0259bsd\u0259 olan \u015f\u0259xsl\u0259rin telefonla dan\u0131\u015f\u0131qlar\u0131, yaz\u0131\u015fmalar\u0131 izl\u0259nil\u0259, dinl\u0259nil\u0259, senzuraya m\u0259ruz qala bil\u0259r. Ancaq bu, m\u00fctl\u0259q \u0259sasland\u0131r\u0131lm\u0131\u015f q\u0259rar \u0259sas\u0131nda edilm\u0259lidir. Q\u0259rar yoxdursa, \u0259sasland\u0131r\u0131lmay\u0131bsa, bu, \u015f\u0259xsi h\u0259yata m\u00fcdaxil\u0259dir. <\/p>\n\n\n\n<p>\u0130stintaq bitdiyind\u0259n Tofiq Yaqublu h\u0259bs olunark\u0259n evind\u0259n g\u00f6t\u00fcr\u00fcl\u0259n elektronik avadanl\u0131qlar geri qaytar\u0131l\u0131b. Nigar H\u0259zi deyir ki, atas\u0131n\u0131n sosial media hesablar\u0131na da m\u00fcdaxil\u0259 olunub.Bu s\u00fcbutlar\u0131n saxtala\u015fd\u0131r\u0131lmas\u0131na, onun effektiv m\u00fcdafi\u0259 vasit\u0259l\u0259rin\u0259 \u00e7\u0131x\u0131\u015f imkan\u0131n\u0131 \u0259ng\u0259ll\u0259m\u0259sin\u0259 g\u0259tirib \u00e7\u0131xar\u0131b. <\/p>\n\n\n\n<p>Jurnalist Sevinc Vaqifq\u0131z\u0131 v\u0259 Milli \u015euran\u0131n \u00fczv\u00fc, m\u00fcsavat\u00e7\u0131 Tofiq Yaqublu beyn\u0259lxalq t\u0259\u015fkilatlar\u0131n siyasi m\u0259hbus hesab etdikl\u0259ri \u015f\u0259xsl\u0259rdir. <\/p>\n\n\n\n<p>Siyasi m\u0259hbuslar \u00fc\u00e7\u00fcn Avropa \u0130nsan Haqlar\u0131 Konvensiyas\u0131n\u0131n \u015f\u0259xsi h\u0259yat\u0131n toxunulmazl\u0131\u011f\u0131 il\u0259 ba\u011fl\u0131 8-ci madd\u0259si x\u00fcsusi \u0259h\u0259miyy\u0259t k\u0259sb edir. H\u0259bsxanada bel\u0259 onlar\u0131n \u00fcnsiyy\u0259ti v\u0259 \u015f\u0259xsi h\u0259yat\u0131 \u00f6zba\u015f\u0131na v\u0259 \u0259sass\u0131z m\u00fcdaxil\u0259d\u0259n qorunmal\u0131d\u0131r. Bu h\u00fcquqi \u00e7\u0259r\u00e7iv\u0259 f\u0259rdl\u0259ri hakimiyy\u0259td\u0259n sui-istifad\u0259d\u0259n qorumaq m\u0259qs\u0259di da\u015f\u0131y\u0131r v\u0259 h\u0259bsd\u0259 olanlar \u00fc\u00e7\u00fcn d\u0259 insan l\u0259yaq\u0259tinin v\u0259 \u0259sas azadl\u0131qlar\u0131n qorunmas\u0131n\u0131n vacibliyini vur\u011fulay\u0131r.<\/p>\n","protected":false},"excerpt":{"rendered":"","protected":false},"author":12,"featured_media":308991,"comment_status":"closed","ping_status":"closed","sticky":false,"template":"","format":"standard","meta":{"_acf_changed":false,"_sitemap_exclude":false,"_sitemap_priority":"","_sitemap_frequency":"","footnotes":""},"categories":[59,63],"tags":[],"class_list":["post-308990","post","type-post","status-publish","format-standard","has-post-thumbnail","hentry","category-siyaset","category-video-2","infinite-scroll-item","generate-columns","tablet-grid-50","mobile-grid-100","grid-parent","grid-33","no-featured-image-padding"],"acf":[],"yoast_head":"<!-- This site is optimized with the Yoast SEO plugin v27.4 - https:\/\/yoast.com\/product\/yoast-seo-wordpress\/ -->\n<title>\u201cB\u00fct\u00fcn siyasi m\u0259hbuslar\u0131n z\u0259ngi dinl\u0259nilir\u201d - MEYDAN.TV<\/title>\n<meta name=\"robots\" content=\"index, follow, max-snippet:-1, max-image-preview:large, max-video-preview:-1\" \/>\n<link rel=\"canonical\" href=\"https:\/\/www.meydan.tv\/az\/article\/butun-siyasi-mehbuslarin-zengi-dinlenilir\/\" \/>\n<meta property=\"og:locale\" content=\"az_AZ\" \/>\n<meta property=\"og:type\" content=\"article\" \/>\n<meta property=\"og:title\" content=\"\u201cB\u00fct\u00fcn siyasi m\u0259hbuslar\u0131n z\u0259ngi dinl\u0259nilir\u201d - MEYDAN.TV\" \/>\n<meta property=\"og:url\" content=\"https:\/\/www.meydan.tv\/az\/article\/butun-siyasi-mehbuslarin-zengi-dinlenilir\/\" \/>\n<meta property=\"og:site_name\" content=\"MEYDAN.TV\" \/>\n<meta property=\"article:published_time\" content=\"2024-06-26T09:45:01+00:00\" \/>\n<meta property=\"article:modified_time\" content=\"2024-06-26T09:45:02+00:00\" \/>\n<meta property=\"og:image\" content=\"https:\/\/www.meydan.tv\/wp-content\/uploads\/screenshot-2024-06-26-at-11.18.11.png\" \/>\n\t<meta property=\"og:image:width\" content=\"1568\" \/>\n\t<meta property=\"og:image:height\" content=\"910\" \/>\n\t<meta property=\"og:image:type\" content=\"image\/png\" \/>\n<meta name=\"author\" content=\"aleks\" \/>\n<meta name=\"twitter:card\" content=\"summary_large_image\" \/>\n<script type=\"application\/ld+json\" class=\"yoast-schema-graph\">{\"@context\":\"https:\\\/\\\/schema.org\",\"@graph\":[{\"@type\":\"Article\",\"@id\":\"https:\\\/\\\/www.meydan.tv\\\/az\\\/article\\\/butun-siyasi-mehbuslarin-zengi-dinlenilir\\\/#article\",\"isPartOf\":{\"@id\":\"https:\\\/\\\/www.meydan.tv\\\/az\\\/article\\\/butun-siyasi-mehbuslarin-zengi-dinlenilir\\\/\"},\"author\":{\"name\":\"aleks\",\"@id\":\"https:\\\/\\\/www.meydan.tv\\\/az\\\/#\\\/schema\\\/person\\\/476e9360e593fa131d5d71d51866f8da\"},\"headline\":\"\u201cB\u00fct\u00fcn siyasi m\u0259hbuslar\u0131n z\u0259ngi dinl\u0259nilir\u201d\",\"datePublished\":\"2024-06-26T09:45:01+00:00\",\"dateModified\":\"2024-06-26T09:45:02+00:00\",\"mainEntityOfPage\":{\"@id\":\"https:\\\/\\\/www.meydan.tv\\\/az\\\/article\\\/butun-siyasi-mehbuslarin-zengi-dinlenilir\\\/\"},\"wordCount\":484,\"publisher\":{\"@id\":\"https:\\\/\\\/www.meydan.tv\\\/az\\\/#organization\"},\"image\":{\"@id\":\"https:\\\/\\\/www.meydan.tv\\\/az\\\/article\\\/butun-siyasi-mehbuslarin-zengi-dinlenilir\\\/#primaryimage\"},\"thumbnailUrl\":\"https:\\\/\\\/www.meydan.tv\\\/wp-content\\\/uploads\\\/screenshot-2024-06-26-at-11.18.11.png\",\"articleSection\":[\"Siyas\u0259t\",\"Video\"],\"inLanguage\":\"az\"},{\"@type\":\"WebPage\",\"@id\":\"https:\\\/\\\/www.meydan.tv\\\/az\\\/article\\\/butun-siyasi-mehbuslarin-zengi-dinlenilir\\\/\",\"url\":\"https:\\\/\\\/www.meydan.tv\\\/az\\\/article\\\/butun-siyasi-mehbuslarin-zengi-dinlenilir\\\/\",\"name\":\"\u201cB\u00fct\u00fcn siyasi m\u0259hbuslar\u0131n z\u0259ngi dinl\u0259nilir\u201d - MEYDAN.TV\",\"isPartOf\":{\"@id\":\"https:\\\/\\\/www.meydan.tv\\\/az\\\/#website\"},\"primaryImageOfPage\":{\"@id\":\"https:\\\/\\\/www.meydan.tv\\\/az\\\/article\\\/butun-siyasi-mehbuslarin-zengi-dinlenilir\\\/#primaryimage\"},\"image\":{\"@id\":\"https:\\\/\\\/www.meydan.tv\\\/az\\\/article\\\/butun-siyasi-mehbuslarin-zengi-dinlenilir\\\/#primaryimage\"},\"thumbnailUrl\":\"https:\\\/\\\/www.meydan.tv\\\/wp-content\\\/uploads\\\/screenshot-2024-06-26-at-11.18.11.png\",\"datePublished\":\"2024-06-26T09:45:01+00:00\",\"dateModified\":\"2024-06-26T09:45:02+00:00\",\"breadcrumb\":{\"@id\":\"https:\\\/\\\/www.meydan.tv\\\/az\\\/article\\\/butun-siyasi-mehbuslarin-zengi-dinlenilir\\\/#breadcrumb\"},\"inLanguage\":\"az\",\"potentialAction\":[{\"@type\":\"ReadAction\",\"target\":[\"https:\\\/\\\/www.meydan.tv\\\/az\\\/article\\\/butun-siyasi-mehbuslarin-zengi-dinlenilir\\\/\"]}]},{\"@type\":\"ImageObject\",\"inLanguage\":\"az\",\"@id\":\"https:\\\/\\\/www.meydan.tv\\\/az\\\/article\\\/butun-siyasi-mehbuslarin-zengi-dinlenilir\\\/#primaryimage\",\"url\":\"https:\\\/\\\/www.meydan.tv\\\/wp-content\\\/uploads\\\/screenshot-2024-06-26-at-11.18.11.png\",\"contentUrl\":\"https:\\\/\\\/www.meydan.tv\\\/wp-content\\\/uploads\\\/screenshot-2024-06-26-at-11.18.11.png\",\"width\":1568,\"height\":910},{\"@type\":\"BreadcrumbList\",\"@id\":\"https:\\\/\\\/www.meydan.tv\\\/az\\\/article\\\/butun-siyasi-mehbuslarin-zengi-dinlenilir\\\/#breadcrumb\",\"itemListElement\":[{\"@type\":\"ListItem\",\"position\":1,\"name\":\"Ana s\u0259hif\u0259\",\"item\":\"https:\\\/\\\/www.meydan.tv\\\/az\\\/\"},{\"@type\":\"ListItem\",\"position\":2,\"name\":\"Video\",\"item\":\"https:\\\/\\\/www.meydan.tv\\\/az\\\/section\\\/video-2\\\/\"},{\"@type\":\"ListItem\",\"position\":3,\"name\":\"\u201cB\u00fct\u00fcn siyasi m\u0259hbuslar\u0131n z\u0259ngi dinl\u0259nilir\u201d\"}]},{\"@type\":\"WebSite\",\"@id\":\"https:\\\/\\\/www.meydan.tv\\\/az\\\/#website\",\"url\":\"https:\\\/\\\/www.meydan.tv\\\/az\\\/\",\"name\":\"MEYDAN.TV\",\"description\":\"Meydan TV Az\u0259rbaycan\u0131n media m\u0259kan\u0131ndak\u0131 alternativ s\u0259sidir\",\"publisher\":{\"@id\":\"https:\\\/\\\/www.meydan.tv\\\/az\\\/#organization\"},\"potentialAction\":[{\"@type\":\"SearchAction\",\"target\":{\"@type\":\"EntryPoint\",\"urlTemplate\":\"https:\\\/\\\/www.meydan.tv\\\/az\\\/?s={search_term_string}\"},\"query-input\":{\"@type\":\"PropertyValueSpecification\",\"valueRequired\":true,\"valueName\":\"search_term_string\"}}],\"inLanguage\":\"az\"},{\"@type\":\"Organization\",\"@id\":\"https:\\\/\\\/www.meydan.tv\\\/az\\\/#organization\",\"name\":\"Meydan TV\",\"url\":\"https:\\\/\\\/www.meydan.tv\\\/az\\\/\",\"logo\":{\"@type\":\"ImageObject\",\"inLanguage\":\"az\",\"@id\":\"https:\\\/\\\/www.meydan.tv\\\/az\\\/#\\\/schema\\\/logo\\\/image\\\/\",\"url\":\"https:\\\/\\\/www.meydan.tv\\\/wp-content\\\/uploads\\\/2021\\\/07\\\/meydan-logo.svg\",\"contentUrl\":\"https:\\\/\\\/www.meydan.tv\\\/wp-content\\\/uploads\\\/2021\\\/07\\\/meydan-logo.svg\",\"width\":195,\"height\":46,\"caption\":\"Meydan TV\"},\"image\":{\"@id\":\"https:\\\/\\\/www.meydan.tv\\\/az\\\/#\\\/schema\\\/logo\\\/image\\\/\"}},{\"@type\":\"Person\",\"@id\":\"https:\\\/\\\/www.meydan.tv\\\/az\\\/#\\\/schema\\\/person\\\/476e9360e593fa131d5d71d51866f8da\",\"name\":\"aleks\"}]}<\/script>\n<!-- \/ Yoast SEO plugin. -->","yoast_head_json":{"title":"\u201cB\u00fct\u00fcn siyasi m\u0259hbuslar\u0131n z\u0259ngi dinl\u0259nilir\u201d - MEYDAN.TV","robots":{"index":"index","follow":"follow","max-snippet":"max-snippet:-1","max-image-preview":"max-image-preview:large","max-video-preview":"max-video-preview:-1"},"canonical":"https:\/\/www.meydan.tv\/az\/article\/butun-siyasi-mehbuslarin-zengi-dinlenilir\/","og_locale":"az_AZ","og_type":"article","og_title":"\u201cB\u00fct\u00fcn siyasi m\u0259hbuslar\u0131n z\u0259ngi dinl\u0259nilir\u201d - MEYDAN.TV","og_url":"https:\/\/www.meydan.tv\/az\/article\/butun-siyasi-mehbuslarin-zengi-dinlenilir\/","og_site_name":"MEYDAN.TV","article_published_time":"2024-06-26T09:45:01+00:00","article_modified_time":"2024-06-26T09:45:02+00:00","og_image":[{"width":1568,"height":910,"url":"https:\/\/www.meydan.tv\/wp-content\/uploads\/screenshot-2024-06-26-at-11.18.11.png","type":"image\/png"}],"author":"aleks","twitter_card":"summary_large_image","schema":{"@context":"https:\/\/schema.org","@graph":[{"@type":"Article","@id":"https:\/\/www.meydan.tv\/az\/article\/butun-siyasi-mehbuslarin-zengi-dinlenilir\/#article","isPartOf":{"@id":"https:\/\/www.meydan.tv\/az\/article\/butun-siyasi-mehbuslarin-zengi-dinlenilir\/"},"author":{"name":"aleks","@id":"https:\/\/www.meydan.tv\/az\/#\/schema\/person\/476e9360e593fa131d5d71d51866f8da"},"headline":"\u201cB\u00fct\u00fcn siyasi m\u0259hbuslar\u0131n z\u0259ngi dinl\u0259nilir\u201d","datePublished":"2024-06-26T09:45:01+00:00","dateModified":"2024-06-26T09:45:02+00:00","mainEntityOfPage":{"@id":"https:\/\/www.meydan.tv\/az\/article\/butun-siyasi-mehbuslarin-zengi-dinlenilir\/"},"wordCount":484,"publisher":{"@id":"https:\/\/www.meydan.tv\/az\/#organization"},"image":{"@id":"https:\/\/www.meydan.tv\/az\/article\/butun-siyasi-mehbuslarin-zengi-dinlenilir\/#primaryimage"},"thumbnailUrl":"https:\/\/www.meydan.tv\/wp-content\/uploads\/screenshot-2024-06-26-at-11.18.11.png","articleSection":["Siyas\u0259t","Video"],"inLanguage":"az"},{"@type":"WebPage","@id":"https:\/\/www.meydan.tv\/az\/article\/butun-siyasi-mehbuslarin-zengi-dinlenilir\/","url":"https:\/\/www.meydan.tv\/az\/article\/butun-siyasi-mehbuslarin-zengi-dinlenilir\/","name":"\u201cB\u00fct\u00fcn siyasi m\u0259hbuslar\u0131n z\u0259ngi dinl\u0259nilir\u201d - MEYDAN.TV","isPartOf":{"@id":"https:\/\/www.meydan.tv\/az\/#website"},"primaryImageOfPage":{"@id":"https:\/\/www.meydan.tv\/az\/article\/butun-siyasi-mehbuslarin-zengi-dinlenilir\/#primaryimage"},"image":{"@id":"https:\/\/www.meydan.tv\/az\/article\/butun-siyasi-mehbuslarin-zengi-dinlenilir\/#primaryimage"},"thumbnailUrl":"https:\/\/www.meydan.tv\/wp-content\/uploads\/screenshot-2024-06-26-at-11.18.11.png","datePublished":"2024-06-26T09:45:01+00:00","dateModified":"2024-06-26T09:45:02+00:00","breadcrumb":{"@id":"https:\/\/www.meydan.tv\/az\/article\/butun-siyasi-mehbuslarin-zengi-dinlenilir\/#breadcrumb"},"inLanguage":"az","potentialAction":[{"@type":"ReadAction","target":["https:\/\/www.meydan.tv\/az\/article\/butun-siyasi-mehbuslarin-zengi-dinlenilir\/"]}]},{"@type":"ImageObject","inLanguage":"az","@id":"https:\/\/www.meydan.tv\/az\/article\/butun-siyasi-mehbuslarin-zengi-dinlenilir\/#primaryimage","url":"https:\/\/www.meydan.tv\/wp-content\/uploads\/screenshot-2024-06-26-at-11.18.11.png","contentUrl":"https:\/\/www.meydan.tv\/wp-content\/uploads\/screenshot-2024-06-26-at-11.18.11.png","width":1568,"height":910},{"@type":"BreadcrumbList","@id":"https:\/\/www.meydan.tv\/az\/article\/butun-siyasi-mehbuslarin-zengi-dinlenilir\/#breadcrumb","itemListElement":[{"@type":"ListItem","position":1,"name":"Ana s\u0259hif\u0259","item":"https:\/\/www.meydan.tv\/az\/"},{"@type":"ListItem","position":2,"name":"Video","item":"https:\/\/www.meydan.tv\/az\/section\/video-2\/"},{"@type":"ListItem","position":3,"name":"\u201cB\u00fct\u00fcn siyasi m\u0259hbuslar\u0131n z\u0259ngi dinl\u0259nilir\u201d"}]},{"@type":"WebSite","@id":"https:\/\/www.meydan.tv\/az\/#website","url":"https:\/\/www.meydan.tv\/az\/","name":"MEYDAN.TV","description":"Meydan TV Az\u0259rbaycan\u0131n media m\u0259kan\u0131ndak\u0131 alternativ s\u0259sidir","publisher":{"@id":"https:\/\/www.meydan.tv\/az\/#organization"},"potentialAction":[{"@type":"SearchAction","target":{"@type":"EntryPoint","urlTemplate":"https:\/\/www.meydan.tv\/az\/?s={search_term_string}"},"query-input":{"@type":"PropertyValueSpecification","valueRequired":true,"valueName":"search_term_string"}}],"inLanguage":"az"},{"@type":"Organization","@id":"https:\/\/www.meydan.tv\/az\/#organization","name":"Meydan TV","url":"https:\/\/www.meydan.tv\/az\/","logo":{"@type":"ImageObject","inLanguage":"az","@id":"https:\/\/www.meydan.tv\/az\/#\/schema\/logo\/image\/","url":"https:\/\/www.meydan.tv\/wp-content\/uploads\/2021\/07\/meydan-logo.svg","contentUrl":"https:\/\/www.meydan.tv\/wp-content\/uploads\/2021\/07\/meydan-logo.svg","width":195,"height":46,"caption":"Meydan TV"},"image":{"@id":"https:\/\/www.meydan.tv\/az\/#\/schema\/logo\/image\/"}},{"@type":"Person","@id":"https:\/\/www.meydan.tv\/az\/#\/schema\/person\/476e9360e593fa131d5d71d51866f8da","name":"aleks"}]}},"_links":{"self":[{"href":"https:\/\/www.meydan.tv\/az\/wp-json\/wp\/v2\/posts\/308990","targetHints":{"allow":["GET"]}}],"collection":[{"href":"https:\/\/www.meydan.tv\/az\/wp-json\/wp\/v2\/posts"}],"about":[{"href":"https:\/\/www.meydan.tv\/az\/wp-json\/wp\/v2\/types\/post"}],"author":[{"embeddable":true,"href":"https:\/\/www.meydan.tv\/az\/wp-json\/wp\/v2\/users\/12"}],"replies":[{"embeddable":true,"href":"https:\/\/www.meydan.tv\/az\/wp-json\/wp\/v2\/comments?post=308990"}],"version-history":[{"count":3,"href":"https:\/\/www.meydan.tv\/az\/wp-json\/wp\/v2\/posts\/308990\/revisions"}],"predecessor-version":[{"id":308997,"href":"https:\/\/www.meydan.tv\/az\/wp-json\/wp\/v2\/posts\/308990\/revisions\/308997"}],"wp:featuredmedia":[{"embeddable":true,"href":"https:\/\/www.meydan.tv\/az\/wp-json\/wp\/v2\/media\/308991"}],"wp:attachment":[{"href":"https:\/\/www.meydan.tv\/az\/wp-json\/wp\/v2\/media?parent=308990"}],"wp:term":[{"taxonomy":"category","embeddable":true,"href":"https:\/\/www.meydan.tv\/az\/wp-json\/wp\/v2\/categories?post=308990"},{"taxonomy":"post_tag","embeddable":true,"href":"https:\/\/www.meydan.tv\/az\/wp-json\/wp\/v2\/tags?post=308990"}],"curies":[{"name":"wp","href":"https:\/\/api.w.org\/{rel}","templated":true}]}}