{"id":308948,"date":"2024-06-25T20:03:47","date_gmt":"2024-06-25T16:03:47","guid":{"rendered":"https:\/\/www.meydan.tv\/?p=308948"},"modified":"2024-06-25T20:21:39","modified_gmt":"2024-06-25T16:21:39","slug":"ilahiyyatci-haci-salman-hebs-edilib","status":"publish","type":"post","link":"https:\/\/www.meydan.tv\/az\/article\/ilahiyyatci-haci-salman-hebs-edilib\/","title":{"rendered":"\u0130lahiyyat\u00e7\u0131 Hac\u0131 Salman h\u0259bs edilib"},"content":{"rendered":"\n<p><\/p>\n\n\n\n<p><strong><em>O, azya\u015fl\u0131ya qar\u015f\u0131 seksual xarakterli h\u0259r\u0259k\u0259tl\u0259r etm\u0259kd\u0259 ittiham olunur<\/em><\/strong><\/p>\n\n\n\n<p>\u0130lahiyyat\u00e7\u0131 Hac\u0131 Salman Kamilo\u011flu h\u0259bs olunub. Bir g\u00fcn \u00f6nc\u0259 saxlan\u0131lan ilahiyyat\u00e7\u0131 haqq\u0131nda iyunun 25-d\u0259 h\u0259bs q\u0259rar\u0131 \u00e7\u0131xar\u0131l\u0131b. Ab\u015feron Rayon M\u0259hk\u0259m\u0259sind\u0259 ilkin istintaq d\u00f6vr\u00fc \u00fc\u00e7\u00fcn onun bar\u0259sind\u0259 3 ayl\u0131q h\u0259bs q\u0259timkan t\u0259dbiri se\u00e7ilib.<\/p>\n\n\n\n<p>\u0130lahiyyat\u00e7\u0131ya qar\u015f\u0131 Cinay\u0259t M\u0259c\u0259ll\u0259sinin 153.2-ci (14 ya\u015f\u0131na \u00e7atmayan \u015f\u0259xs\u0259 qar\u015f\u0131 \u0259xlaqs\u0131z h\u0259r\u0259k\u0259tl\u0259r) madd\u0259sil\u0259 ittiham ir\u0259li s\u00fcr\u00fcl\u00fcb. \u0130ddia olunur ki, iyunun 22-d\u0259 ax\u015fam saat 19 rad\u0259l\u0259rind\u0259 Masaz\u0131r q\u0259s\u0259b\u0259sind\u0259 Hac\u0131 Salman 11 ya\u015fl\u0131 q\u0131z\u0131 k\u00fc\u00e7\u0259d\u0259 ma\u015f\u0131n\u0131na d\u0259v\u0259t edib v\u0259 avtomobild\u0259 ona qar\u015f\u0131 seksual xarakterli h\u0259r\u0259k\u0259tl\u0259r edib.<\/p>\n\n\n<div class=\"wp-block-image\">\n<figure class=\"aligncenter size-full\"><img decoding=\"async\" width=\"1200\" height=\"754\" data-src=\"https:\/\/www.meydan.tv\/wp-content\/uploads\/449059868_2804669279696726_8931497463895445786_n.jpg\" alt=\"\" class=\"wp-image-308950 lazyload\" src=\"data:image\/svg+xml;base64,PHN2ZyB3aWR0aD0iMSIgaGVpZ2h0PSIxIiB4bWxucz0iaHR0cDovL3d3dy53My5vcmcvMjAwMC9zdmciPjwvc3ZnPg==\" style=\"--smush-placeholder-width: 1200px; --smush-placeholder-aspect-ratio: 1200\/754;\" \/><figcaption class=\"wp-element-caption\">Foto: Hac\u0131 Salman Kamilo\u011flunun \u015f\u0259xsi arxivind\u0259n<\/figcaption><\/figure>\n<\/div>\n\n\n<p>\u0130lahiyyat\u00e7\u0131n\u0131n q\u0131z\u0131n yax\u0131nlar\u0131n\u0131n \u015fikay\u0259ti \u0259sas\u0131nda saxland\u0131\u011f\u0131 bildirilir.<\/p>\n\n\n\n<p>Hac\u0131 Salman ittiham\u0131 q\u0259bul etmir, azya\u015fl\u0131ya qar\u015f\u0131 nalayiq h\u0259rk\u0259tl\u0259r etm\u0259si haqda iddialar\u0131n uydurma oldu\u011funu deyir.<\/p>\n\n\n\n<p>Hac\u0131 Salman\u0131n ittiham olundu\u011fu madd\u0259d\u0259 5 il\u0259 q\u0259d\u0259r azadl\u0131qdan m\u0259hrumetm\u0259 c\u0259zas\u0131 n\u0259z\u0259rd\u0259 tutulub.<\/p>\n","protected":false},"excerpt":{"rendered":"<p>O, azya\u015fl\u0131ya qar\u015f\u0131 seksual xarakterli h\u0259r\u0259k\u0259tl\u0259r etm\u0259kd\u0259 ittiham olunur \u0130lahiyyat\u00e7\u0131 &#8230; <\/p>\n<p class=\"read-more-container\"><a title=\"\u0130lahiyyat\u00e7\u0131 Hac\u0131 Salman h\u0259bs edilib\" class=\"read-more button\" href=\"https:\/\/www.meydan.tv\/az\/article\/ilahiyyatci-haci-salman-hebs-edilib\/#more-308948\" aria-label=\"Read more about \u0130lahiyyat\u00e7\u0131 Hac\u0131 Salman h\u0259bs edilib\">Davam\u0131<\/a><\/p>\n","protected":false},"author":8,"featured_media":211098,"comment_status":"closed","ping_status":"closed","sticky":false,"template":"","format":"standard","meta":{"_acf_changed":false,"_sitemap_exclude":false,"_sitemap_priority":"","_sitemap_frequency":"","footnotes":""},"categories":[62,56],"tags":[],"class_list":["post-308948","post","type-post","status-publish","format-standard","has-post-thumbnail","hentry","category-sosial","category-xeberler","infinite-scroll-item","generate-columns","tablet-grid-50","mobile-grid-100","grid-parent","grid-33","no-featured-image-padding"],"acf":[],"yoast_head":"<!-- This site is optimized with the Yoast SEO plugin v27.5 - https:\/\/yoast.com\/product\/yoast-seo-wordpress\/ -->\n<title>\u0130lahiyyat\u00e7\u0131 Hac\u0131 Salman h\u0259bs edilib - MEYDAN.TV<\/title>\n<meta name=\"robots\" content=\"index, follow, max-snippet:-1, max-image-preview:large, max-video-preview:-1\" \/>\n<link rel=\"canonical\" href=\"https:\/\/www.meydan.tv\/az\/article\/ilahiyyatci-haci-salman-hebs-edilib\/\" \/>\n<meta property=\"og:locale\" content=\"az_AZ\" \/>\n<meta property=\"og:type\" content=\"article\" \/>\n<meta property=\"og:title\" content=\"\u0130lahiyyat\u00e7\u0131 Hac\u0131 Salman h\u0259bs edilib - MEYDAN.TV\" \/>\n<meta property=\"og:description\" content=\"O, azya\u015fl\u0131ya qar\u015f\u0131 seksual xarakterli h\u0259r\u0259k\u0259tl\u0259r etm\u0259kd\u0259 ittiham olunur \u0130lahiyyat\u00e7\u0131 ... Davam\u0131\" \/>\n<meta property=\"og:url\" content=\"https:\/\/www.meydan.tv\/az\/article\/ilahiyyatci-haci-salman-hebs-edilib\/\" \/>\n<meta property=\"og:site_name\" content=\"MEYDAN.TV\" \/>\n<meta property=\"article:published_time\" content=\"2024-06-25T16:03:47+00:00\" \/>\n<meta property=\"article:modified_time\" content=\"2024-06-25T16:21:39+00:00\" \/>\n<meta property=\"og:image\" content=\"https:\/\/www.meydan.tv\/wp-content\/uploads\/image_from_ios_10_t6fgcxo-scaled-e1664353406977.jpg\" \/>\n\t<meta property=\"og:image:width\" content=\"2560\" \/>\n\t<meta property=\"og:image:height\" content=\"1523\" \/>\n\t<meta property=\"og:image:type\" content=\"image\/jpeg\" \/>\n<meta name=\"author\" content=\"elli\" \/>\n<meta name=\"twitter:card\" content=\"summary_large_image\" \/>\n<meta name=\"twitter:creator\" content=\"@elli\" \/>\n<script type=\"application\/ld+json\" class=\"yoast-schema-graph\">{\"@context\":\"https:\\\/\\\/schema.org\",\"@graph\":[{\"@type\":\"Article\",\"@id\":\"https:\\\/\\\/www.meydan.tv\\\/az\\\/article\\\/ilahiyyatci-haci-salman-hebs-edilib\\\/#article\",\"isPartOf\":{\"@id\":\"https:\\\/\\\/www.meydan.tv\\\/az\\\/article\\\/ilahiyyatci-haci-salman-hebs-edilib\\\/\"},\"author\":{\"name\":\"elli\",\"@id\":\"https:\\\/\\\/www.meydan.tv\\\/az\\\/#\\\/schema\\\/person\\\/9cdbecf90d17180ce1dfbd95b08dcf47\"},\"headline\":\"\u0130lahiyyat\u00e7\u0131 Hac\u0131 Salman h\u0259bs edilib\",\"datePublished\":\"2024-06-25T16:03:47+00:00\",\"dateModified\":\"2024-06-25T16:21:39+00:00\",\"mainEntityOfPage\":{\"@id\":\"https:\\\/\\\/www.meydan.tv\\\/az\\\/article\\\/ilahiyyatci-haci-salman-hebs-edilib\\\/\"},\"wordCount\":218,\"publisher\":{\"@id\":\"https:\\\/\\\/www.meydan.tv\\\/az\\\/#organization\"},\"image\":{\"@id\":\"https:\\\/\\\/www.meydan.tv\\\/az\\\/article\\\/ilahiyyatci-haci-salman-hebs-edilib\\\/#primaryimage\"},\"thumbnailUrl\":\"https:\\\/\\\/www.meydan.tv\\\/wp-content\\\/uploads\\\/image_from_ios_10_t6fgcxo-scaled-e1664353406977.jpg\",\"articleSection\":[\"Sosial\",\"X\u0259b\u0259rl\u0259r\"],\"inLanguage\":\"az\"},{\"@type\":\"WebPage\",\"@id\":\"https:\\\/\\\/www.meydan.tv\\\/az\\\/article\\\/ilahiyyatci-haci-salman-hebs-edilib\\\/\",\"url\":\"https:\\\/\\\/www.meydan.tv\\\/az\\\/article\\\/ilahiyyatci-haci-salman-hebs-edilib\\\/\",\"name\":\"\u0130lahiyyat\u00e7\u0131 Hac\u0131 Salman h\u0259bs edilib - MEYDAN.TV\",\"isPartOf\":{\"@id\":\"https:\\\/\\\/www.meydan.tv\\\/az\\\/#website\"},\"primaryImageOfPage\":{\"@id\":\"https:\\\/\\\/www.meydan.tv\\\/az\\\/article\\\/ilahiyyatci-haci-salman-hebs-edilib\\\/#primaryimage\"},\"image\":{\"@id\":\"https:\\\/\\\/www.meydan.tv\\\/az\\\/article\\\/ilahiyyatci-haci-salman-hebs-edilib\\\/#primaryimage\"},\"thumbnailUrl\":\"https:\\\/\\\/www.meydan.tv\\\/wp-content\\\/uploads\\\/image_from_ios_10_t6fgcxo-scaled-e1664353406977.jpg\",\"datePublished\":\"2024-06-25T16:03:47+00:00\",\"dateModified\":\"2024-06-25T16:21:39+00:00\",\"breadcrumb\":{\"@id\":\"https:\\\/\\\/www.meydan.tv\\\/az\\\/article\\\/ilahiyyatci-haci-salman-hebs-edilib\\\/#breadcrumb\"},\"inLanguage\":\"az\",\"potentialAction\":[{\"@type\":\"ReadAction\",\"target\":[\"https:\\\/\\\/www.meydan.tv\\\/az\\\/article\\\/ilahiyyatci-haci-salman-hebs-edilib\\\/\"]}]},{\"@type\":\"ImageObject\",\"inLanguage\":\"az\",\"@id\":\"https:\\\/\\\/www.meydan.tv\\\/az\\\/article\\\/ilahiyyatci-haci-salman-hebs-edilib\\\/#primaryimage\",\"url\":\"https:\\\/\\\/www.meydan.tv\\\/wp-content\\\/uploads\\\/image_from_ios_10_t6fgcxo-scaled-e1664353406977.jpg\",\"contentUrl\":\"https:\\\/\\\/www.meydan.tv\\\/wp-content\\\/uploads\\\/image_from_ios_10_t6fgcxo-scaled-e1664353406977.jpg\",\"width\":2560,\"height\":1523,\"caption\":\"\u0130ll\u00fcstrasiya: Meydan TV\"},{\"@type\":\"BreadcrumbList\",\"@id\":\"https:\\\/\\\/www.meydan.tv\\\/az\\\/article\\\/ilahiyyatci-haci-salman-hebs-edilib\\\/#breadcrumb\",\"itemListElement\":[{\"@type\":\"ListItem\",\"position\":1,\"name\":\"Ana s\u0259hif\u0259\",\"item\":\"https:\\\/\\\/www.meydan.tv\\\/az\\\/\"},{\"@type\":\"ListItem\",\"position\":2,\"name\":\"Sosial\",\"item\":\"https:\\\/\\\/www.meydan.tv\\\/az\\\/section\\\/sosial\\\/\"},{\"@type\":\"ListItem\",\"position\":3,\"name\":\"\u0130lahiyyat\u00e7\u0131 Hac\u0131 Salman h\u0259bs edilib\"}]},{\"@type\":\"WebSite\",\"@id\":\"https:\\\/\\\/www.meydan.tv\\\/az\\\/#website\",\"url\":\"https:\\\/\\\/www.meydan.tv\\\/az\\\/\",\"name\":\"MEYDAN.TV\",\"description\":\"Meydan TV Az\u0259rbaycan\u0131n media m\u0259kan\u0131ndak\u0131 alternativ s\u0259sidir\",\"publisher\":{\"@id\":\"https:\\\/\\\/www.meydan.tv\\\/az\\\/#organization\"},\"potentialAction\":[{\"@type\":\"SearchAction\",\"target\":{\"@type\":\"EntryPoint\",\"urlTemplate\":\"https:\\\/\\\/www.meydan.tv\\\/az\\\/?s={search_term_string}\"},\"query-input\":{\"@type\":\"PropertyValueSpecification\",\"valueRequired\":true,\"valueName\":\"search_term_string\"}}],\"inLanguage\":\"az\"},{\"@type\":\"Organization\",\"@id\":\"https:\\\/\\\/www.meydan.tv\\\/az\\\/#organization\",\"name\":\"Meydan TV\",\"url\":\"https:\\\/\\\/www.meydan.tv\\\/az\\\/\",\"logo\":{\"@type\":\"ImageObject\",\"inLanguage\":\"az\",\"@id\":\"https:\\\/\\\/www.meydan.tv\\\/az\\\/#\\\/schema\\\/logo\\\/image\\\/\",\"url\":\"https:\\\/\\\/www.meydan.tv\\\/wp-content\\\/uploads\\\/2021\\\/07\\\/meydan-logo.svg\",\"contentUrl\":\"https:\\\/\\\/www.meydan.tv\\\/wp-content\\\/uploads\\\/2021\\\/07\\\/meydan-logo.svg\",\"width\":195,\"height\":46,\"caption\":\"Meydan TV\"},\"image\":{\"@id\":\"https:\\\/\\\/www.meydan.tv\\\/az\\\/#\\\/schema\\\/logo\\\/image\\\/\"}},{\"@type\":\"Person\",\"@id\":\"https:\\\/\\\/www.meydan.tv\\\/az\\\/#\\\/schema\\\/person\\\/9cdbecf90d17180ce1dfbd95b08dcf47\",\"name\":\"elli\",\"sameAs\":[\"https:\\\/\\\/x.com\\\/elli\"]}]}<\/script>\n<!-- \/ Yoast SEO plugin. -->","yoast_head_json":{"title":"\u0130lahiyyat\u00e7\u0131 Hac\u0131 Salman h\u0259bs edilib - MEYDAN.TV","robots":{"index":"index","follow":"follow","max-snippet":"max-snippet:-1","max-image-preview":"max-image-preview:large","max-video-preview":"max-video-preview:-1"},"canonical":"https:\/\/www.meydan.tv\/az\/article\/ilahiyyatci-haci-salman-hebs-edilib\/","og_locale":"az_AZ","og_type":"article","og_title":"\u0130lahiyyat\u00e7\u0131 Hac\u0131 Salman h\u0259bs edilib - MEYDAN.TV","og_description":"O, azya\u015fl\u0131ya qar\u015f\u0131 seksual xarakterli h\u0259r\u0259k\u0259tl\u0259r etm\u0259kd\u0259 ittiham olunur \u0130lahiyyat\u00e7\u0131 ... Davam\u0131","og_url":"https:\/\/www.meydan.tv\/az\/article\/ilahiyyatci-haci-salman-hebs-edilib\/","og_site_name":"MEYDAN.TV","article_published_time":"2024-06-25T16:03:47+00:00","article_modified_time":"2024-06-25T16:21:39+00:00","og_image":[{"width":2560,"height":1523,"url":"https:\/\/www.meydan.tv\/wp-content\/uploads\/image_from_ios_10_t6fgcxo-scaled-e1664353406977.jpg","type":"image\/jpeg"}],"author":"elli","twitter_card":"summary_large_image","twitter_creator":"@elli","schema":{"@context":"https:\/\/schema.org","@graph":[{"@type":"Article","@id":"https:\/\/www.meydan.tv\/az\/article\/ilahiyyatci-haci-salman-hebs-edilib\/#article","isPartOf":{"@id":"https:\/\/www.meydan.tv\/az\/article\/ilahiyyatci-haci-salman-hebs-edilib\/"},"author":{"name":"elli","@id":"https:\/\/www.meydan.tv\/az\/#\/schema\/person\/9cdbecf90d17180ce1dfbd95b08dcf47"},"headline":"\u0130lahiyyat\u00e7\u0131 Hac\u0131 Salman h\u0259bs edilib","datePublished":"2024-06-25T16:03:47+00:00","dateModified":"2024-06-25T16:21:39+00:00","mainEntityOfPage":{"@id":"https:\/\/www.meydan.tv\/az\/article\/ilahiyyatci-haci-salman-hebs-edilib\/"},"wordCount":218,"publisher":{"@id":"https:\/\/www.meydan.tv\/az\/#organization"},"image":{"@id":"https:\/\/www.meydan.tv\/az\/article\/ilahiyyatci-haci-salman-hebs-edilib\/#primaryimage"},"thumbnailUrl":"https:\/\/www.meydan.tv\/wp-content\/uploads\/image_from_ios_10_t6fgcxo-scaled-e1664353406977.jpg","articleSection":["Sosial","X\u0259b\u0259rl\u0259r"],"inLanguage":"az"},{"@type":"WebPage","@id":"https:\/\/www.meydan.tv\/az\/article\/ilahiyyatci-haci-salman-hebs-edilib\/","url":"https:\/\/www.meydan.tv\/az\/article\/ilahiyyatci-haci-salman-hebs-edilib\/","name":"\u0130lahiyyat\u00e7\u0131 Hac\u0131 Salman h\u0259bs edilib - MEYDAN.TV","isPartOf":{"@id":"https:\/\/www.meydan.tv\/az\/#website"},"primaryImageOfPage":{"@id":"https:\/\/www.meydan.tv\/az\/article\/ilahiyyatci-haci-salman-hebs-edilib\/#primaryimage"},"image":{"@id":"https:\/\/www.meydan.tv\/az\/article\/ilahiyyatci-haci-salman-hebs-edilib\/#primaryimage"},"thumbnailUrl":"https:\/\/www.meydan.tv\/wp-content\/uploads\/image_from_ios_10_t6fgcxo-scaled-e1664353406977.jpg","datePublished":"2024-06-25T16:03:47+00:00","dateModified":"2024-06-25T16:21:39+00:00","breadcrumb":{"@id":"https:\/\/www.meydan.tv\/az\/article\/ilahiyyatci-haci-salman-hebs-edilib\/#breadcrumb"},"inLanguage":"az","potentialAction":[{"@type":"ReadAction","target":["https:\/\/www.meydan.tv\/az\/article\/ilahiyyatci-haci-salman-hebs-edilib\/"]}]},{"@type":"ImageObject","inLanguage":"az","@id":"https:\/\/www.meydan.tv\/az\/article\/ilahiyyatci-haci-salman-hebs-edilib\/#primaryimage","url":"https:\/\/www.meydan.tv\/wp-content\/uploads\/image_from_ios_10_t6fgcxo-scaled-e1664353406977.jpg","contentUrl":"https:\/\/www.meydan.tv\/wp-content\/uploads\/image_from_ios_10_t6fgcxo-scaled-e1664353406977.jpg","width":2560,"height":1523,"caption":"\u0130ll\u00fcstrasiya: Meydan TV"},{"@type":"BreadcrumbList","@id":"https:\/\/www.meydan.tv\/az\/article\/ilahiyyatci-haci-salman-hebs-edilib\/#breadcrumb","itemListElement":[{"@type":"ListItem","position":1,"name":"Ana s\u0259hif\u0259","item":"https:\/\/www.meydan.tv\/az\/"},{"@type":"ListItem","position":2,"name":"Sosial","item":"https:\/\/www.meydan.tv\/az\/section\/sosial\/"},{"@type":"ListItem","position":3,"name":"\u0130lahiyyat\u00e7\u0131 Hac\u0131 Salman h\u0259bs edilib"}]},{"@type":"WebSite","@id":"https:\/\/www.meydan.tv\/az\/#website","url":"https:\/\/www.meydan.tv\/az\/","name":"MEYDAN.TV","description":"Meydan TV Az\u0259rbaycan\u0131n media m\u0259kan\u0131ndak\u0131 alternativ s\u0259sidir","publisher":{"@id":"https:\/\/www.meydan.tv\/az\/#organization"},"potentialAction":[{"@type":"SearchAction","target":{"@type":"EntryPoint","urlTemplate":"https:\/\/www.meydan.tv\/az\/?s={search_term_string}"},"query-input":{"@type":"PropertyValueSpecification","valueRequired":true,"valueName":"search_term_string"}}],"inLanguage":"az"},{"@type":"Organization","@id":"https:\/\/www.meydan.tv\/az\/#organization","name":"Meydan TV","url":"https:\/\/www.meydan.tv\/az\/","logo":{"@type":"ImageObject","inLanguage":"az","@id":"https:\/\/www.meydan.tv\/az\/#\/schema\/logo\/image\/","url":"https:\/\/www.meydan.tv\/wp-content\/uploads\/2021\/07\/meydan-logo.svg","contentUrl":"https:\/\/www.meydan.tv\/wp-content\/uploads\/2021\/07\/meydan-logo.svg","width":195,"height":46,"caption":"Meydan TV"},"image":{"@id":"https:\/\/www.meydan.tv\/az\/#\/schema\/logo\/image\/"}},{"@type":"Person","@id":"https:\/\/www.meydan.tv\/az\/#\/schema\/person\/9cdbecf90d17180ce1dfbd95b08dcf47","name":"elli","sameAs":["https:\/\/x.com\/elli"]}]}},"_links":{"self":[{"href":"https:\/\/www.meydan.tv\/az\/wp-json\/wp\/v2\/posts\/308948","targetHints":{"allow":["GET"]}}],"collection":[{"href":"https:\/\/www.meydan.tv\/az\/wp-json\/wp\/v2\/posts"}],"about":[{"href":"https:\/\/www.meydan.tv\/az\/wp-json\/wp\/v2\/types\/post"}],"author":[{"embeddable":true,"href":"https:\/\/www.meydan.tv\/az\/wp-json\/wp\/v2\/users\/8"}],"replies":[{"embeddable":true,"href":"https:\/\/www.meydan.tv\/az\/wp-json\/wp\/v2\/comments?post=308948"}],"version-history":[{"count":6,"href":"https:\/\/www.meydan.tv\/az\/wp-json\/wp\/v2\/posts\/308948\/revisions"}],"predecessor-version":[{"id":308957,"href":"https:\/\/www.meydan.tv\/az\/wp-json\/wp\/v2\/posts\/308948\/revisions\/308957"}],"wp:featuredmedia":[{"embeddable":true,"href":"https:\/\/www.meydan.tv\/az\/wp-json\/wp\/v2\/media\/211098"}],"wp:attachment":[{"href":"https:\/\/www.meydan.tv\/az\/wp-json\/wp\/v2\/media?parent=308948"}],"wp:term":[{"taxonomy":"category","embeddable":true,"href":"https:\/\/www.meydan.tv\/az\/wp-json\/wp\/v2\/categories?post=308948"},{"taxonomy":"post_tag","embeddable":true,"href":"https:\/\/www.meydan.tv\/az\/wp-json\/wp\/v2\/tags?post=308948"}],"curies":[{"name":"wp","href":"https:\/\/api.w.org\/{rel}","templated":true}]}}