{"id":308862,"date":"2024-06-25T13:46:26","date_gmt":"2024-06-25T09:46:26","guid":{"rendered":"https:\/\/www.meydan.tv\/?p=308862"},"modified":"2024-06-25T13:46:34","modified_gmt":"2024-06-25T09:46:34","slug":"goycayda-usaq-bagcasina-siginan-10-neferlik-aile-7-aydir-isiqsiz-qalib","status":"publish","type":"post","link":"https:\/\/www.meydan.tv\/az\/article\/goycayda-usaq-bagcasina-siginan-10-neferlik-aile-7-aydir-isiqsiz-qalib\/","title":{"rendered":"G\u00f6y\u00e7ayda u\u015faq ba\u011f\u00e7as\u0131na s\u0131\u011f\u0131nan 10 n\u0259f\u0259rlik ail\u0259 7 ayd\u0131r i\u015f\u0131qs\u0131z qal\u0131b"},"content":{"rendered":"\n<p><\/p>\n\n\n\n<p><em><strong>Nazirlik ail\u0259ni otaqlardan \u00e7\u0131xarmaq \u00fc\u00e7\u00fcn m\u0259hk\u0259m\u0259y\u0259 m\u00fcraci\u0259t ed\u0259c\u0259yini deyir<\/strong><\/em><\/p>\n\n\n\n<p>\u201c<em>\u00d6t\u0259n ilin dekabr\u0131ndan i\u015f\u0131\u011f\u0131m\u0131z\u0131 da k\u0259sdil\u0259r. 7 ayd\u0131r ki, \u015fam i\u015f\u0131\u011f\u0131nda ya\u015fay\u0131r\u0131q. Ba\u011f\u00e7an\u0131n m\u00fcdiri h\u0259r g\u00fcn biz\u0259 t\u0259zyiq g\u00f6st\u0259rir. Gah icra hakimiyy\u0259tind\u0259n, gah rayonun t\u0259hsil sektorundan adamlar \u00e7a\u011f\u0131r\u0131r. Bizi buradan \u00e7\u0131xartmaq \u00fc\u00e7\u00fcn h\u0259r yola \u0259l at\u0131rlar. Ancaq d\u00fc\u015f\u00fcn\u0259n yoxdur ki, on n\u0259f\u0259rlik ail\u0259 k\u00fc\u00e7\u0259d\u0259 nec\u0259 ya\u015fas\u0131n?\u201d<\/em>.<\/p>\n\n\n\n<p>G\u00f6y\u00e7ayda Mirz\u0259yevl\u0259r ail\u0259si 21 ildir ki, R\u0259sulzad\u0259 k\u00fc\u00e7\u0259sind\u0259 yerl\u0259\u015f\u0259n 7 sayl\u0131 U\u015faq Ba\u011f\u00e7as\u0131n\u0131n yard\u0131m\u00e7\u0131 otaqlar\u0131na s\u0131\u011f\u0131n\u0131b. Ail\u0259 \u00fczv\u00fc F\u0259rid Mirz\u0259yev Meydan TV-y\u0259 \u0259vv\u0259lc\u0259 10 \u00fczv\u00fc olan ail\u0259nin buraya s\u0131\u011f\u0131nma s\u0259b\u0259bind\u0259n dan\u0131\u015f\u0131r.<\/p>\n\n\n<div class=\"wp-block-image\">\n<figure class=\"aligncenter size-large\"><img decoding=\"async\" width=\"1095\" height=\"821\" data-src=\"https:\/\/www.meydan.tv\/wp-content\/uploads\/photo-2024-06-25-13-02-19_720-1095x821.jpg\" alt=\"\" class=\"wp-image-308884 lazyload\" src=\"data:image\/svg+xml;base64,PHN2ZyB3aWR0aD0iMSIgaGVpZ2h0PSIxIiB4bWxucz0iaHR0cDovL3d3dy53My5vcmcvMjAwMC9zdmciPjwvc3ZnPg==\" style=\"--smush-placeholder-width: 1095px; --smush-placeholder-aspect-ratio: 1095\/821;\" \/><\/figure>\n<\/div>\n\n\n<p><strong>U\u015faq ba\u011f\u00e7as\u0131n\u0131n yard\u0131m\u00e7\u0131 otaqlar\u0131ndan \u00e7\u0131xan sava\u015f\u00e7\u0131lar<\/strong><\/p>\n\n\n\n<p>F\u0259rid Mirz\u0259yev deyir, 24 il \u0259vv\u0259l\u0259d\u0259k rayonun Yek\u0259xana k\u0259ndind\u0259 ya\u015fay\u0131rlarm\u0131\u015f. O, k\u0259skin anemiyadan \u0259ziyy\u0259t \u00e7\u0259kirmi\u015f. Valideynl\u0259ri F\u0259rid Mirz\u0259yevin h\u0259yatda qalmas\u0131 \u00fc\u00e7\u00fcn k\u0259ndd\u0259ki ev-e\u015fiyi d\u0259 sat\u0131b, m\u00fcalic\u0259y\u0259 x\u0259rcl\u0259yib. N\u0259tic\u0259d\u0259 b\u00f6y\u00fck bir ail\u0259 ya\u015fay\u0131\u015f yerini itirib. 2003-c\u00fc ild\u0259 7 sayl\u0131 u\u015faq ba\u011f\u00e7as\u0131n\u0131n otaqlar\u0131na s\u0131\u011f\u0131nmaq m\u0259cburiyy\u0259tind\u0259 qal\u0131blar. <\/p>\n\n\n\n<p>Deyir ki, Birinci Qaraba\u011f m\u00fcharib\u0259si i\u015ftirak\u00e7\u0131s\u0131 olmu\u015f ail\u0259 ba\u015f\u00e7\u0131s\u0131 Ariz Mirz\u0259yev \u00f6vladlar\u0131n\u0131 ba\u011f\u00e7a otaqlar\u0131nda \u00e7\u0259tin \u015f\u0259raitd\u0259, \u00fcst\u0259lik d\u0259 rayon r\u0259smi qurumlar\u0131n\u0131n v\u0259 ba\u011f\u00e7a r\u0259hb\u0259rliyinin danlaqlar\u0131 alt\u0131nda boya-ba\u015fa \u00e7atd\u0131r\u0131b. B\u00f6y\u00fctd\u00fcy\u00fc o\u011flanlar el\u0259 bu s\u0131\u011f\u0131naca\u011f\u0131n \u015f\u0259raitsiz, qaranl\u0131q otaqlar\u0131ndan \u0130kinci Qaraba\u011f M\u00fcharib\u0259sin\u0259, Qaraba\u011fdak\u0131 anti-terror \u0259m\u0259liyyat\u0131na yollan\u0131b, i\u015ftirak edib, medallarla t\u0259ltif olunublar.<\/p>\n\n\n<div class=\"wp-block-image\">\n<figure class=\"aligncenter size-large\"><img decoding=\"async\" width=\"1095\" height=\"821\" data-src=\"https:\/\/www.meydan.tv\/wp-content\/uploads\/photo-2024-06-25-13-02-19-1095x821.jpg\" alt=\"\" class=\"wp-image-308881 lazyload\" src=\"data:image\/svg+xml;base64,PHN2ZyB3aWR0aD0iMSIgaGVpZ2h0PSIxIiB4bWxucz0iaHR0cDovL3d3dy53My5vcmcvMjAwMC9zdmciPjwvc3ZnPg==\" style=\"--smush-placeholder-width: 1095px; --smush-placeholder-aspect-ratio: 1095\/821;\" \/><\/figure>\n<\/div>\n\n\n<p><strong>\u201cMehriban \u018fliyeva g\u00f6st\u0259ri\u015f verdi ki, biz\u0259 toxunmas\u0131nlar\u201d<\/strong><\/p>\n\n\n\n<p>F\u0259rid Mirz\u0259yevin s\u00f6zl\u0259rin\u0259 g\u00f6r\u0259, 2011-ci ild\u0259 u\u015faq ba\u011f\u00e7as\u0131n\u0131n \u0259vv\u0259lki m\u00fcdiri onlar\u0131 buradan \u00e7\u0131xarmaq ist\u0259y\u0259nd\u0259 atas\u0131 Ariz Mirz\u0259yev h\u0259min vaxt Heyd\u0259r \u018fliyev Fondunun r\u0259hb\u0259ri olan Mehriban \u018fliyevan\u0131n q\u0259buluna d\u00fc\u015f\u00fcb. Mehriban \u018fliyeva ail\u0259nin durumunu \u00f6yr\u0259n\u0259nd\u0259n sonra ya\u015fay\u0131\u015f \u015f\u0259raitl\u0259rini quranad\u0259k u\u015faq ba\u011f\u00e7as\u0131nda ya\u015fama\u011fa davam etm\u0259l\u0259rin\u0259 imkan yarad\u0131lmas\u0131 \u00fc\u00e7\u00fcn g\u00f6st\u0259ri\u015f verib. Ancaq ba\u011f\u00e7an\u0131n r\u0259hb\u0259rliyi d\u0259yi\u015f\u0259nd\u0259n sonra ail\u0259 yen\u0259 k\u00fc\u00e7\u0259y\u0259 at\u0131lmaq t\u0259hl\u00fck\u0259siyl\u0259 \u00fczl\u0259\u015fib:<\/p>\n\n\n\n<p>\u201c<em>Ba\u011f\u00e7an\u0131n arxa t\u0259r\u0259find\u0259ki yard\u0131m\u00e7\u0131 otaqlarda qal\u0131r\u0131q. 4 otaqdan ikisind\u0259 m\u0259n ail\u0259ml\u0259 qal\u0131ram, ikisind\u0259 valideynl\u0259riml\u0259 qarda\u015flar\u0131m qal\u0131r. Buran\u0131n ke\u00e7mi\u015f m\u00fcdiri bizi \u00e7ox incitdi. Atam Mehriban xan\u0131mla g\u00f6r\u00fc\u015f\u0259nd\u0259n sonra biz\u0259 d\u0259yib dola\u015fmad\u0131lar. M\u00fcdir d\u0259yi\u015f\u0259nd\u0259n sonra yen\u0259 d\u00fc\u015f\u00fcbl\u0259r ail\u0259mizin \u00fcst\u00fcn\u0259. Getm\u0259y\u0259 yeri olmayan on n\u0259f\u0259rin taleyi he\u00e7 kim\u0259 maraql\u0131 deyil. \u00d6t\u0259n ilin dekabr\u0131ndan elektriki k\u0259sibl\u0259r. 7 ayd\u0131r ki, \u015fam i\u015f\u0131\u011f\u0131nda ya\u015fay\u0131r\u0131q. Q\u0131\u015f\u0131 bir z\u00fclm, yay\u0131 ba\u015fqa z\u00fclmd\u00fcr\u201d.<\/em><\/p>\n\n\n<div class=\"wp-block-image\">\n<figure class=\"aligncenter size-large\"><img decoding=\"async\" width=\"1095\" height=\"821\" data-src=\"https:\/\/www.meydan.tv\/wp-content\/uploads\/photo-2024-06-25-13-02-20-1095x821.jpg\" alt=\"\" class=\"wp-image-308878 lazyload\" src=\"data:image\/svg+xml;base64,PHN2ZyB3aWR0aD0iMSIgaGVpZ2h0PSIxIiB4bWxucz0iaHR0cDovL3d3dy53My5vcmcvMjAwMC9zdmciPjwvc3ZnPg==\" style=\"--smush-placeholder-width: 1095px; --smush-placeholder-aspect-ratio: 1095\/821;\" \/><\/figure>\n<\/div>\n\n\n<p>\u201c<strong>D\u00f6vl\u0259t biz\u0259 sahib \u00e7\u0131xs\u0131n\u201d<\/strong><\/p>\n\n\n\n<p>F\u0259rid Mirz\u0259yevin s\u00f6zl\u0259rin\u0259 g\u00f6r\u0259, bu b\u00f6y\u00fck ail\u0259ni \u00e7\u00f6r\u0259kl\u0259 t\u0259min etm\u0259k \u00fc\u00e7\u00fcn atas\u0131 v\u0259 bir qarda\u015f\u0131 Rusiyada, iki qarda\u015f\u0131 is\u0259 Bak\u0131da g\u00fcn\u0259muzd f\u0259hl\u0259likl\u0259 m\u0259\u015f\u011ful olur. Ail\u0259nin m\u0259nzil\u0259 sahibl\u0259nm\u0259si \u00fc\u00e7\u00fcn nec\u0259 dey\u0259rl\u0259r, h\u0259l\u0259 ki \u00fcf\u00fcqd\u0259 i\u015fart\u0131 g\u00f6r\u00fcnm\u00fcr:<\/p>\n\n\n\n<p>\u201c<em>Vaxtil\u0259 valideynl\u0259rim evimizi sat\u0131b m\u00fcalic\u0259m\u0259 x\u0259rcl\u0259s\u0259l\u0259r d\u0259, x\u0259st\u0259liyim davam edir. \u015e\u0259raitsiz, qaranl\u0131q yerd\u0259 qanazl\u0131\u011f\u0131 x\u0259st\u0259liyi il\u0259 \u00e7arp\u0131\u015f\u0131ram. X\u0259st\u0259liyim \u0259m\u0259k f\u0259aliyy\u0259til\u0259 m\u0259\u015f\u011ful olma\u011fa imkan vermir. Valideynl\u0259rim d\u0259 ya\u015fl\u0131 v\u0259 x\u0259st\u0259dil\u0259r. Ail\u0259d\u0259 azya\u015fl\u0131 u\u015faqlar var. \u0130st\u0259diyimiz odur ki, d\u00f6vl\u0259t biz\u0259 sahib \u00e7\u0131xs\u0131n, ya evl\u0259, ya da torpaqla t\u0259min etsin, ba\u015f\u0131m\u0131z\u0131n \u00e7ar\u0259sin\u0259 baxaq. Bir u\u015faq ba\u011f\u00e7as\u0131n\u0131n yard\u0131m\u00e7\u0131 ota\u011f\u0131nda \u00f6m\u00fcr s\u00fcrm\u0259k biz\u0259 d\u0259 xo\u015f deyil, buna m\u0259cburuq\u201d.<\/em><\/p>\n\n\n<div class=\"wp-block-image\">\n<figure class=\"aligncenter size-large\"><img decoding=\"async\" width=\"1095\" height=\"821\" data-src=\"https:\/\/www.meydan.tv\/wp-content\/uploads\/photo-2024-06-25-13-02-20-2-1095x821.jpg\" alt=\"\" class=\"wp-image-308872 lazyload\" src=\"data:image\/svg+xml;base64,PHN2ZyB3aWR0aD0iMSIgaGVpZ2h0PSIxIiB4bWxucz0iaHR0cDovL3d3dy53My5vcmcvMjAwMC9zdmciPjwvc3ZnPg==\" style=\"--smush-placeholder-width: 1095px; --smush-placeholder-aspect-ratio: 1095\/821;\" \/><\/figure>\n<\/div>\n\n\n<p><strong>T\u0259hsil \u0130dar\u0259si otaqlar\u0131n bo\u015fald\u0131lmas\u0131n\u0131 t\u0259l\u0259b edir<\/strong><\/p>\n\n\n\n<p>Mirz\u0259yevl\u0259r ail\u0259si m\u0259nzil probleminin h\u0259lli \u00fc\u00e7\u00fcn G\u00f6y\u00e7ay Rayon \u0130cra Hakimiyy\u0259tin\u0259, Prezident Administrasiyas\u0131na m\u00fcraci\u0259t edib.<\/p>\n\n\n\n<p>G\u00f6y\u00e7ay Rayon \u0130cra Hakimiyy\u0259tind\u0259n bildirilib ki, haz\u0131rda rayonun d\u00f6vl\u0259t m\u0259nzil fondunda bo\u015f ya\u015fay\u0131\u015f sah\u0259si v\u0259 m\u0259nzil olmad\u0131\u011f\u0131 \u00fc\u00e7\u00fcn Mirz\u0259yevl\u0259r ail\u0259sinin m\u0259nzill\u0259 t\u0259min olunmas\u0131 m\u0259s\u0259l\u0259sin\u0259 bax\u0131lmas\u0131 m\u00fcmk\u00fcn deyil. \u0130dar\u0259 v\u0259 m\u00fc\u0259ssis\u0259l\u0259r\u0259 m\u0259xsus binalar\u0131n ya\u015fay\u0131\u015f sah\u0259si qismind\u0259 v\u0259t\u0259nda\u015flara verilm\u0259si d\u0259 qanunda n\u0259z\u0259rd\u0259 tutulmay\u0131b.<\/p>\n\n\n<div class=\"wp-block-image\">\n<figure class=\"aligncenter size-large\"><img decoding=\"async\" width=\"1095\" height=\"821\" data-src=\"https:\/\/www.meydan.tv\/wp-content\/uploads\/photo-2024-06-25-13-02-20-3-1095x821.jpg\" alt=\"\" class=\"wp-image-308869 lazyload\" src=\"data:image\/svg+xml;base64,PHN2ZyB3aWR0aD0iMSIgaGVpZ2h0PSIxIiB4bWxucz0iaHR0cDovL3d3dy53My5vcmcvMjAwMC9zdmciPjwvc3ZnPg==\" style=\"--smush-placeholder-width: 1095px; --smush-placeholder-aspect-ratio: 1095\/821;\" \/><\/figure>\n<\/div>\n\n\n<p>Elm v\u0259 T\u0259hsil Nazirliyinin M\u0259rk\u0259zi Aran Regional T\u0259hsil \u0130dar\u0259sind\u0259n bildirilib ki, G\u00f6y\u00e7ay \u015f\u0259h\u0259ri, R\u0259sulzad\u0259 k\u00fc\u00e7\u0259si 72 \u00fcnvanda yerl\u0259\u015f\u0259n 7 sayl\u0131 K\u00f6rp\u0259l\u0259r Evinin bir hiss\u0259si Mirz\u0259yevl\u0259r ail\u0259si t\u0259r\u0259find\u0259n z\u0259bt edilib. Ail\u0259 z\u0259bt etdiyi otaqlar\u0131 bo\u015faltmasa, qurum bu m\u0259s\u0259l\u0259ni m\u0259hk\u0259m\u0259 yoluyla h\u0259ll etm\u0259k m\u0259cburiyy\u0259tind\u0259 qalacaq.<\/p>\n\n\n<div class=\"wp-block-image\">\n<figure class=\"aligncenter size-large\"><img decoding=\"async\" width=\"1095\" height=\"821\" data-src=\"https:\/\/www.meydan.tv\/wp-content\/uploads\/photo-2024-06-25-13-02-21-1095x821.jpg\" alt=\"\" class=\"wp-image-308866 lazyload\" src=\"data:image\/svg+xml;base64,PHN2ZyB3aWR0aD0iMSIgaGVpZ2h0PSIxIiB4bWxucz0iaHR0cDovL3d3dy53My5vcmcvMjAwMC9zdmciPjwvc3ZnPg==\" style=\"--smush-placeholder-width: 1095px; --smush-placeholder-aspect-ratio: 1095\/821;\" \/><\/figure>\n<\/div>","protected":false},"excerpt":{"rendered":"<p>Nazirlik ail\u0259ni otaqlardan \u00e7\u0131xarmaq \u00fc\u00e7\u00fcn m\u0259hk\u0259m\u0259y\u0259 m\u00fcraci\u0259t ed\u0259c\u0259yini deyir \u201c\u00d6t\u0259n &#8230; <\/p>\n<p class=\"read-more-container\"><a title=\"G\u00f6y\u00e7ayda u\u015faq ba\u011f\u00e7as\u0131na s\u0131\u011f\u0131nan 10 n\u0259f\u0259rlik ail\u0259 7 ayd\u0131r i\u015f\u0131qs\u0131z qal\u0131b\" class=\"read-more button\" href=\"https:\/\/www.meydan.tv\/az\/article\/goycayda-usaq-bagcasina-siginan-10-neferlik-aile-7-aydir-isiqsiz-qalib\/#more-308862\" aria-label=\"Read more about G\u00f6y\u00e7ayda u\u015faq ba\u011f\u00e7as\u0131na s\u0131\u011f\u0131nan 10 n\u0259f\u0259rlik ail\u0259 7 ayd\u0131r i\u015f\u0131qs\u0131z qal\u0131b\">Davam\u0131<\/a><\/p>\n","protected":false},"author":8,"featured_media":308875,"comment_status":"closed","ping_status":"closed","sticky":false,"template":"","format":"standard","meta":{"_acf_changed":false,"_sitemap_exclude":false,"_sitemap_priority":"","_sitemap_frequency":"","footnotes":""},"categories":[60,79,56],"tags":[],"class_list":["post-308862","post","type-post","status-publish","format-standard","has-post-thumbnail","hentry","category-bolge","category-featured","category-xeberler","infinite-scroll-item","generate-columns","tablet-grid-50","mobile-grid-100","grid-parent","grid-33","no-featured-image-padding"],"acf":[],"yoast_head":"<!-- This site is optimized with the Yoast SEO plugin v27.4 - https:\/\/yoast.com\/product\/yoast-seo-wordpress\/ -->\n<title>G\u00f6y\u00e7ayda u\u015faq ba\u011f\u00e7as\u0131na s\u0131\u011f\u0131nan 10 n\u0259f\u0259rlik ail\u0259 7 ayd\u0131r i\u015f\u0131qs\u0131z qal\u0131b - MEYDAN.TV<\/title>\n<meta name=\"robots\" content=\"index, follow, max-snippet:-1, max-image-preview:large, max-video-preview:-1\" \/>\n<link rel=\"canonical\" href=\"https:\/\/www.meydan.tv\/az\/article\/goycayda-usaq-bagcasina-siginan-10-neferlik-aile-7-aydir-isiqsiz-qalib\/\" \/>\n<meta property=\"og:locale\" content=\"az_AZ\" \/>\n<meta property=\"og:type\" content=\"article\" \/>\n<meta property=\"og:title\" content=\"G\u00f6y\u00e7ayda u\u015faq ba\u011f\u00e7as\u0131na s\u0131\u011f\u0131nan 10 n\u0259f\u0259rlik ail\u0259 7 ayd\u0131r i\u015f\u0131qs\u0131z qal\u0131b - MEYDAN.TV\" \/>\n<meta property=\"og:description\" content=\"Nazirlik ail\u0259ni otaqlardan \u00e7\u0131xarmaq \u00fc\u00e7\u00fcn m\u0259hk\u0259m\u0259y\u0259 m\u00fcraci\u0259t ed\u0259c\u0259yini deyir \u201c\u00d6t\u0259n ... Davam\u0131\" \/>\n<meta property=\"og:url\" content=\"https:\/\/www.meydan.tv\/az\/article\/goycayda-usaq-bagcasina-siginan-10-neferlik-aile-7-aydir-isiqsiz-qalib\/\" \/>\n<meta property=\"og:site_name\" content=\"MEYDAN.TV\" \/>\n<meta property=\"article:published_time\" content=\"2024-06-25T09:46:26+00:00\" \/>\n<meta property=\"article:modified_time\" content=\"2024-06-25T09:46:34+00:00\" \/>\n<meta property=\"og:image\" content=\"https:\/\/www.meydan.tv\/wp-content\/uploads\/photo-2024-06-25-13-02-20-1.jpg\" \/>\n\t<meta property=\"og:image:width\" content=\"1200\" \/>\n\t<meta property=\"og:image:height\" content=\"900\" \/>\n\t<meta property=\"og:image:type\" content=\"image\/jpeg\" \/>\n<meta name=\"author\" content=\"elli\" \/>\n<meta name=\"twitter:card\" content=\"summary_large_image\" \/>\n<meta name=\"twitter:creator\" content=\"@elli\" \/>\n<script type=\"application\/ld+json\" class=\"yoast-schema-graph\">{\"@context\":\"https:\\\/\\\/schema.org\",\"@graph\":[{\"@type\":\"Article\",\"@id\":\"https:\\\/\\\/www.meydan.tv\\\/az\\\/article\\\/goycayda-usaq-bagcasina-siginan-10-neferlik-aile-7-aydir-isiqsiz-qalib\\\/#article\",\"isPartOf\":{\"@id\":\"https:\\\/\\\/www.meydan.tv\\\/az\\\/article\\\/goycayda-usaq-bagcasina-siginan-10-neferlik-aile-7-aydir-isiqsiz-qalib\\\/\"},\"author\":{\"name\":\"elli\",\"@id\":\"https:\\\/\\\/www.meydan.tv\\\/az\\\/#\\\/schema\\\/person\\\/9cdbecf90d17180ce1dfbd95b08dcf47\"},\"headline\":\"G\u00f6y\u00e7ayda u\u015faq ba\u011f\u00e7as\u0131na s\u0131\u011f\u0131nan 10 n\u0259f\u0259rlik ail\u0259 7 ayd\u0131r i\u015f\u0131qs\u0131z qal\u0131b\",\"datePublished\":\"2024-06-25T09:46:26+00:00\",\"dateModified\":\"2024-06-25T09:46:34+00:00\",\"mainEntityOfPage\":{\"@id\":\"https:\\\/\\\/www.meydan.tv\\\/az\\\/article\\\/goycayda-usaq-bagcasina-siginan-10-neferlik-aile-7-aydir-isiqsiz-qalib\\\/\"},\"wordCount\":948,\"publisher\":{\"@id\":\"https:\\\/\\\/www.meydan.tv\\\/az\\\/#organization\"},\"image\":{\"@id\":\"https:\\\/\\\/www.meydan.tv\\\/az\\\/article\\\/goycayda-usaq-bagcasina-siginan-10-neferlik-aile-7-aydir-isiqsiz-qalib\\\/#primaryimage\"},\"thumbnailUrl\":\"https:\\\/\\\/www.meydan.tv\\\/wp-content\\\/uploads\\\/photo-2024-06-25-13-02-20-1.jpg\",\"articleSection\":[\"B\u00f6lg\u0259\",\"T\u00f6vsiy\u0259\",\"X\u0259b\u0259rl\u0259r\"],\"inLanguage\":\"az\"},{\"@type\":\"WebPage\",\"@id\":\"https:\\\/\\\/www.meydan.tv\\\/az\\\/article\\\/goycayda-usaq-bagcasina-siginan-10-neferlik-aile-7-aydir-isiqsiz-qalib\\\/\",\"url\":\"https:\\\/\\\/www.meydan.tv\\\/az\\\/article\\\/goycayda-usaq-bagcasina-siginan-10-neferlik-aile-7-aydir-isiqsiz-qalib\\\/\",\"name\":\"G\u00f6y\u00e7ayda u\u015faq ba\u011f\u00e7as\u0131na s\u0131\u011f\u0131nan 10 n\u0259f\u0259rlik ail\u0259 7 ayd\u0131r i\u015f\u0131qs\u0131z qal\u0131b - MEYDAN.TV\",\"isPartOf\":{\"@id\":\"https:\\\/\\\/www.meydan.tv\\\/az\\\/#website\"},\"primaryImageOfPage\":{\"@id\":\"https:\\\/\\\/www.meydan.tv\\\/az\\\/article\\\/goycayda-usaq-bagcasina-siginan-10-neferlik-aile-7-aydir-isiqsiz-qalib\\\/#primaryimage\"},\"image\":{\"@id\":\"https:\\\/\\\/www.meydan.tv\\\/az\\\/article\\\/goycayda-usaq-bagcasina-siginan-10-neferlik-aile-7-aydir-isiqsiz-qalib\\\/#primaryimage\"},\"thumbnailUrl\":\"https:\\\/\\\/www.meydan.tv\\\/wp-content\\\/uploads\\\/photo-2024-06-25-13-02-20-1.jpg\",\"datePublished\":\"2024-06-25T09:46:26+00:00\",\"dateModified\":\"2024-06-25T09:46:34+00:00\",\"breadcrumb\":{\"@id\":\"https:\\\/\\\/www.meydan.tv\\\/az\\\/article\\\/goycayda-usaq-bagcasina-siginan-10-neferlik-aile-7-aydir-isiqsiz-qalib\\\/#breadcrumb\"},\"inLanguage\":\"az\",\"potentialAction\":[{\"@type\":\"ReadAction\",\"target\":[\"https:\\\/\\\/www.meydan.tv\\\/az\\\/article\\\/goycayda-usaq-bagcasina-siginan-10-neferlik-aile-7-aydir-isiqsiz-qalib\\\/\"]}]},{\"@type\":\"ImageObject\",\"inLanguage\":\"az\",\"@id\":\"https:\\\/\\\/www.meydan.tv\\\/az\\\/article\\\/goycayda-usaq-bagcasina-siginan-10-neferlik-aile-7-aydir-isiqsiz-qalib\\\/#primaryimage\",\"url\":\"https:\\\/\\\/www.meydan.tv\\\/wp-content\\\/uploads\\\/photo-2024-06-25-13-02-20-1.jpg\",\"contentUrl\":\"https:\\\/\\\/www.meydan.tv\\\/wp-content\\\/uploads\\\/photo-2024-06-25-13-02-20-1.jpg\",\"width\":1200,\"height\":900,\"caption\":\"Fotolar: Meydan TV\"},{\"@type\":\"BreadcrumbList\",\"@id\":\"https:\\\/\\\/www.meydan.tv\\\/az\\\/article\\\/goycayda-usaq-bagcasina-siginan-10-neferlik-aile-7-aydir-isiqsiz-qalib\\\/#breadcrumb\",\"itemListElement\":[{\"@type\":\"ListItem\",\"position\":1,\"name\":\"Ana s\u0259hif\u0259\",\"item\":\"https:\\\/\\\/www.meydan.tv\\\/az\\\/\"},{\"@type\":\"ListItem\",\"position\":2,\"name\":\"B\u00f6lg\u0259\",\"item\":\"https:\\\/\\\/www.meydan.tv\\\/az\\\/section\\\/bolge\\\/\"},{\"@type\":\"ListItem\",\"position\":3,\"name\":\"G\u00f6y\u00e7ayda u\u015faq ba\u011f\u00e7as\u0131na s\u0131\u011f\u0131nan 10 n\u0259f\u0259rlik ail\u0259 7 ayd\u0131r i\u015f\u0131qs\u0131z qal\u0131b\"}]},{\"@type\":\"WebSite\",\"@id\":\"https:\\\/\\\/www.meydan.tv\\\/az\\\/#website\",\"url\":\"https:\\\/\\\/www.meydan.tv\\\/az\\\/\",\"name\":\"MEYDAN.TV\",\"description\":\"Meydan TV Az\u0259rbaycan\u0131n media m\u0259kan\u0131ndak\u0131 alternativ s\u0259sidir\",\"publisher\":{\"@id\":\"https:\\\/\\\/www.meydan.tv\\\/az\\\/#organization\"},\"potentialAction\":[{\"@type\":\"SearchAction\",\"target\":{\"@type\":\"EntryPoint\",\"urlTemplate\":\"https:\\\/\\\/www.meydan.tv\\\/az\\\/?s={search_term_string}\"},\"query-input\":{\"@type\":\"PropertyValueSpecification\",\"valueRequired\":true,\"valueName\":\"search_term_string\"}}],\"inLanguage\":\"az\"},{\"@type\":\"Organization\",\"@id\":\"https:\\\/\\\/www.meydan.tv\\\/az\\\/#organization\",\"name\":\"Meydan TV\",\"url\":\"https:\\\/\\\/www.meydan.tv\\\/az\\\/\",\"logo\":{\"@type\":\"ImageObject\",\"inLanguage\":\"az\",\"@id\":\"https:\\\/\\\/www.meydan.tv\\\/az\\\/#\\\/schema\\\/logo\\\/image\\\/\",\"url\":\"https:\\\/\\\/www.meydan.tv\\\/wp-content\\\/uploads\\\/2021\\\/07\\\/meydan-logo.svg\",\"contentUrl\":\"https:\\\/\\\/www.meydan.tv\\\/wp-content\\\/uploads\\\/2021\\\/07\\\/meydan-logo.svg\",\"width\":195,\"height\":46,\"caption\":\"Meydan TV\"},\"image\":{\"@id\":\"https:\\\/\\\/www.meydan.tv\\\/az\\\/#\\\/schema\\\/logo\\\/image\\\/\"}},{\"@type\":\"Person\",\"@id\":\"https:\\\/\\\/www.meydan.tv\\\/az\\\/#\\\/schema\\\/person\\\/9cdbecf90d17180ce1dfbd95b08dcf47\",\"name\":\"elli\",\"sameAs\":[\"https:\\\/\\\/x.com\\\/elli\"]}]}<\/script>\n<!-- \/ Yoast SEO plugin. -->","yoast_head_json":{"title":"G\u00f6y\u00e7ayda u\u015faq ba\u011f\u00e7as\u0131na s\u0131\u011f\u0131nan 10 n\u0259f\u0259rlik ail\u0259 7 ayd\u0131r i\u015f\u0131qs\u0131z qal\u0131b - MEYDAN.TV","robots":{"index":"index","follow":"follow","max-snippet":"max-snippet:-1","max-image-preview":"max-image-preview:large","max-video-preview":"max-video-preview:-1"},"canonical":"https:\/\/www.meydan.tv\/az\/article\/goycayda-usaq-bagcasina-siginan-10-neferlik-aile-7-aydir-isiqsiz-qalib\/","og_locale":"az_AZ","og_type":"article","og_title":"G\u00f6y\u00e7ayda u\u015faq ba\u011f\u00e7as\u0131na s\u0131\u011f\u0131nan 10 n\u0259f\u0259rlik ail\u0259 7 ayd\u0131r i\u015f\u0131qs\u0131z qal\u0131b - MEYDAN.TV","og_description":"Nazirlik ail\u0259ni otaqlardan \u00e7\u0131xarmaq \u00fc\u00e7\u00fcn m\u0259hk\u0259m\u0259y\u0259 m\u00fcraci\u0259t ed\u0259c\u0259yini deyir \u201c\u00d6t\u0259n ... Davam\u0131","og_url":"https:\/\/www.meydan.tv\/az\/article\/goycayda-usaq-bagcasina-siginan-10-neferlik-aile-7-aydir-isiqsiz-qalib\/","og_site_name":"MEYDAN.TV","article_published_time":"2024-06-25T09:46:26+00:00","article_modified_time":"2024-06-25T09:46:34+00:00","og_image":[{"width":1200,"height":900,"url":"https:\/\/www.meydan.tv\/wp-content\/uploads\/photo-2024-06-25-13-02-20-1.jpg","type":"image\/jpeg"}],"author":"elli","twitter_card":"summary_large_image","twitter_creator":"@elli","schema":{"@context":"https:\/\/schema.org","@graph":[{"@type":"Article","@id":"https:\/\/www.meydan.tv\/az\/article\/goycayda-usaq-bagcasina-siginan-10-neferlik-aile-7-aydir-isiqsiz-qalib\/#article","isPartOf":{"@id":"https:\/\/www.meydan.tv\/az\/article\/goycayda-usaq-bagcasina-siginan-10-neferlik-aile-7-aydir-isiqsiz-qalib\/"},"author":{"name":"elli","@id":"https:\/\/www.meydan.tv\/az\/#\/schema\/person\/9cdbecf90d17180ce1dfbd95b08dcf47"},"headline":"G\u00f6y\u00e7ayda u\u015faq ba\u011f\u00e7as\u0131na s\u0131\u011f\u0131nan 10 n\u0259f\u0259rlik ail\u0259 7 ayd\u0131r i\u015f\u0131qs\u0131z qal\u0131b","datePublished":"2024-06-25T09:46:26+00:00","dateModified":"2024-06-25T09:46:34+00:00","mainEntityOfPage":{"@id":"https:\/\/www.meydan.tv\/az\/article\/goycayda-usaq-bagcasina-siginan-10-neferlik-aile-7-aydir-isiqsiz-qalib\/"},"wordCount":948,"publisher":{"@id":"https:\/\/www.meydan.tv\/az\/#organization"},"image":{"@id":"https:\/\/www.meydan.tv\/az\/article\/goycayda-usaq-bagcasina-siginan-10-neferlik-aile-7-aydir-isiqsiz-qalib\/#primaryimage"},"thumbnailUrl":"https:\/\/www.meydan.tv\/wp-content\/uploads\/photo-2024-06-25-13-02-20-1.jpg","articleSection":["B\u00f6lg\u0259","T\u00f6vsiy\u0259","X\u0259b\u0259rl\u0259r"],"inLanguage":"az"},{"@type":"WebPage","@id":"https:\/\/www.meydan.tv\/az\/article\/goycayda-usaq-bagcasina-siginan-10-neferlik-aile-7-aydir-isiqsiz-qalib\/","url":"https:\/\/www.meydan.tv\/az\/article\/goycayda-usaq-bagcasina-siginan-10-neferlik-aile-7-aydir-isiqsiz-qalib\/","name":"G\u00f6y\u00e7ayda u\u015faq ba\u011f\u00e7as\u0131na s\u0131\u011f\u0131nan 10 n\u0259f\u0259rlik ail\u0259 7 ayd\u0131r i\u015f\u0131qs\u0131z qal\u0131b - MEYDAN.TV","isPartOf":{"@id":"https:\/\/www.meydan.tv\/az\/#website"},"primaryImageOfPage":{"@id":"https:\/\/www.meydan.tv\/az\/article\/goycayda-usaq-bagcasina-siginan-10-neferlik-aile-7-aydir-isiqsiz-qalib\/#primaryimage"},"image":{"@id":"https:\/\/www.meydan.tv\/az\/article\/goycayda-usaq-bagcasina-siginan-10-neferlik-aile-7-aydir-isiqsiz-qalib\/#primaryimage"},"thumbnailUrl":"https:\/\/www.meydan.tv\/wp-content\/uploads\/photo-2024-06-25-13-02-20-1.jpg","datePublished":"2024-06-25T09:46:26+00:00","dateModified":"2024-06-25T09:46:34+00:00","breadcrumb":{"@id":"https:\/\/www.meydan.tv\/az\/article\/goycayda-usaq-bagcasina-siginan-10-neferlik-aile-7-aydir-isiqsiz-qalib\/#breadcrumb"},"inLanguage":"az","potentialAction":[{"@type":"ReadAction","target":["https:\/\/www.meydan.tv\/az\/article\/goycayda-usaq-bagcasina-siginan-10-neferlik-aile-7-aydir-isiqsiz-qalib\/"]}]},{"@type":"ImageObject","inLanguage":"az","@id":"https:\/\/www.meydan.tv\/az\/article\/goycayda-usaq-bagcasina-siginan-10-neferlik-aile-7-aydir-isiqsiz-qalib\/#primaryimage","url":"https:\/\/www.meydan.tv\/wp-content\/uploads\/photo-2024-06-25-13-02-20-1.jpg","contentUrl":"https:\/\/www.meydan.tv\/wp-content\/uploads\/photo-2024-06-25-13-02-20-1.jpg","width":1200,"height":900,"caption":"Fotolar: Meydan TV"},{"@type":"BreadcrumbList","@id":"https:\/\/www.meydan.tv\/az\/article\/goycayda-usaq-bagcasina-siginan-10-neferlik-aile-7-aydir-isiqsiz-qalib\/#breadcrumb","itemListElement":[{"@type":"ListItem","position":1,"name":"Ana s\u0259hif\u0259","item":"https:\/\/www.meydan.tv\/az\/"},{"@type":"ListItem","position":2,"name":"B\u00f6lg\u0259","item":"https:\/\/www.meydan.tv\/az\/section\/bolge\/"},{"@type":"ListItem","position":3,"name":"G\u00f6y\u00e7ayda u\u015faq ba\u011f\u00e7as\u0131na s\u0131\u011f\u0131nan 10 n\u0259f\u0259rlik ail\u0259 7 ayd\u0131r i\u015f\u0131qs\u0131z qal\u0131b"}]},{"@type":"WebSite","@id":"https:\/\/www.meydan.tv\/az\/#website","url":"https:\/\/www.meydan.tv\/az\/","name":"MEYDAN.TV","description":"Meydan TV Az\u0259rbaycan\u0131n media m\u0259kan\u0131ndak\u0131 alternativ s\u0259sidir","publisher":{"@id":"https:\/\/www.meydan.tv\/az\/#organization"},"potentialAction":[{"@type":"SearchAction","target":{"@type":"EntryPoint","urlTemplate":"https:\/\/www.meydan.tv\/az\/?s={search_term_string}"},"query-input":{"@type":"PropertyValueSpecification","valueRequired":true,"valueName":"search_term_string"}}],"inLanguage":"az"},{"@type":"Organization","@id":"https:\/\/www.meydan.tv\/az\/#organization","name":"Meydan TV","url":"https:\/\/www.meydan.tv\/az\/","logo":{"@type":"ImageObject","inLanguage":"az","@id":"https:\/\/www.meydan.tv\/az\/#\/schema\/logo\/image\/","url":"https:\/\/www.meydan.tv\/wp-content\/uploads\/2021\/07\/meydan-logo.svg","contentUrl":"https:\/\/www.meydan.tv\/wp-content\/uploads\/2021\/07\/meydan-logo.svg","width":195,"height":46,"caption":"Meydan TV"},"image":{"@id":"https:\/\/www.meydan.tv\/az\/#\/schema\/logo\/image\/"}},{"@type":"Person","@id":"https:\/\/www.meydan.tv\/az\/#\/schema\/person\/9cdbecf90d17180ce1dfbd95b08dcf47","name":"elli","sameAs":["https:\/\/x.com\/elli"]}]}},"_links":{"self":[{"href":"https:\/\/www.meydan.tv\/az\/wp-json\/wp\/v2\/posts\/308862","targetHints":{"allow":["GET"]}}],"collection":[{"href":"https:\/\/www.meydan.tv\/az\/wp-json\/wp\/v2\/posts"}],"about":[{"href":"https:\/\/www.meydan.tv\/az\/wp-json\/wp\/v2\/types\/post"}],"author":[{"embeddable":true,"href":"https:\/\/www.meydan.tv\/az\/wp-json\/wp\/v2\/users\/8"}],"replies":[{"embeddable":true,"href":"https:\/\/www.meydan.tv\/az\/wp-json\/wp\/v2\/comments?post=308862"}],"version-history":[{"count":3,"href":"https:\/\/www.meydan.tv\/az\/wp-json\/wp\/v2\/posts\/308862\/revisions"}],"predecessor-version":[{"id":308891,"href":"https:\/\/www.meydan.tv\/az\/wp-json\/wp\/v2\/posts\/308862\/revisions\/308891"}],"wp:featuredmedia":[{"embeddable":true,"href":"https:\/\/www.meydan.tv\/az\/wp-json\/wp\/v2\/media\/308875"}],"wp:attachment":[{"href":"https:\/\/www.meydan.tv\/az\/wp-json\/wp\/v2\/media?parent=308862"}],"wp:term":[{"taxonomy":"category","embeddable":true,"href":"https:\/\/www.meydan.tv\/az\/wp-json\/wp\/v2\/categories?post=308862"},{"taxonomy":"post_tag","embeddable":true,"href":"https:\/\/www.meydan.tv\/az\/wp-json\/wp\/v2\/tags?post=308862"}],"curies":[{"name":"wp","href":"https:\/\/api.w.org\/{rel}","templated":true}]}}