{"id":308854,"date":"2024-06-25T12:40:35","date_gmt":"2024-06-25T08:40:35","guid":{"rendered":"https:\/\/www.meydan.tv\/?p=308854"},"modified":"2024-06-25T17:00:21","modified_gmt":"2024-06-25T13:00:21","slug":"xalasi-ehmed-ehmedovun-cinayeti-tek-toretdiyine-inanmir","status":"publish","type":"post","link":"https:\/\/www.meydan.tv\/az\/article\/xalasi-ehmed-ehmedovun-cinayeti-tek-toretdiyine-inanmir\/","title":{"rendered":"Xalas\u0131 \u018fhm\u0259d \u018fhm\u0259dovun cinay\u0259ti t\u0259k t\u00f6r\u0259tdiyin\u0259 inanm\u0131r (yenil\u0259nib)"},"content":{"rendered":"\n<p><\/p>\n\n\n\n<p><strong><em>\u201c\u018fhm\u0259din barma\u011f\u0131n\u0131 niy\u0259 s\u0131nd\u0131r\u0131blar?\u201d<\/em><\/strong><\/p>\n\n\n\n<p>Bak\u0131 A\u011f\u0131r Cinay\u0259tl\u0259r M\u0259hk\u0259m\u0259sind\u0259 ail\u0259sinin 5 \u00fczv\u00fcn\u00fc &#8211; anas\u0131, atas\u0131, azya\u015fl\u0131 qarda\u015f\u0131, bac\u0131s\u0131 v\u0259 onun 5 ya\u015fl\u0131 q\u0131z\u0131n\u0131 q\u0259tl\u0259 yetirm\u0259kd\u0259 ittiham olunan \u018fhm\u0259d \u018fhm\u0259dovun m\u0259hk\u0259m\u0259si ba\u015flay\u0131b. \u0130yunun 25-d\u0259 m\u0259hk\u0259m\u0259nin haz\u0131rl\u0131q iclas\u0131 ke\u00e7irilib.<\/p>\n\n\n\n<p>Bu cinay\u0259t i\u015fin\u0259 S\u0259bin\u0259 M\u0259mm\u0259dzad\u0259nin s\u0259drliyil\u0259, Azad M\u0259cidov v\u0259 \u018fli M\u0259mm\u0259dovdan ibar\u0259t hakiml\u0259r kollegiyas\u0131 bax\u0131r.<\/p>\n\n\n\n<p>M\u0259hk\u0259m\u0259nin haz\u0131rl\u0131q iclas\u0131nda t\u0259qsirl\u0259ndiril\u0259n \u018fhm\u0259d \u018fhm\u0259dovun anket m\u0259lumatlar\u0131 d\u0259qiql\u0259\u015fdirilib, q\u0259tl\u0259 yetiril\u0259nl\u0259rin h\u00fcquqi varisl\u0259rinin kimliyi elan olunub.<\/p>\n\n\n\n<p>Hakim S\u0259bin\u0259 M\u0259mm\u0259dzad\u0259 h\u0259m\u00e7inin m\u0259lumat verib ki, \u018fhm\u0259d \u018fhm\u0259dov istintaq d\u00f6vr\u00fcnd\u0259 ke\u00e7irilmi\u015f ekspertiza r\u0259yl\u0259rin\u0259 \u0259sas\u0259n, anlaqs\u0131z hesab olundu\u011funa g\u00f6r\u0259 ona d\u00f6vl\u0259t t\u0259r\u0259find\u0259n qanuni n\u00fcmay\u0259nd\u0259 t\u0259yin olunub. T\u0259yin olunan qanuni n\u00fcmay\u0259nd\u0259 is\u0259 X\u0259tai Rayon \u0130cra Hakimiyy\u0259tinin \u0259m\u0259kda\u015f\u0131 El\u00e7in \u018fhm\u0259dovdur.<\/p>\n\n\n\n<p>\u018fhm\u0259d \u018fhm\u0259dovun xalas\u0131 \u015e\u0259faq\u0259t B\u0259d\u0259lova buna etiraz edib. O bildirib ki, \u00f6z\u00fc \u018fhm\u0259din qanuni n\u00fcmay\u0259nd\u0259si qismind\u0259 tan\u0131nmaq \u00fc\u00e7\u00fcn m\u00fcraci\u0259t ets\u0259 d\u0259, ona cavab verilm\u0259yib. Onun s\u00f6zl\u0259rin\u0259 g\u00f6r\u0259, m\u0259hk\u0259m\u0259y\u0259 d\u0259 bu bar\u0259d\u0259 \u0259riz\u0259 g\u00f6nd\u0259rib, amma n\u0259tic\u0259 yoxdur.<\/p>\n\n\n\n<p>M\u0259hk\u0259m\u0259 prosesind\u0259 bununla \u0259laq\u0259dar qalmaqal yaran\u0131b v\u0259 hakim \u015e\u0259faq\u0259t B\u0259d\u0259lovan\u0131n m\u0259hk\u0259m\u0259 zal\u0131ndan \u00e7\u0131xar\u0131lmas\u0131na g\u00f6st\u0259ri\u015f verib. Onu zaldan \u00e7\u0131xar\u0131blar.<\/p>\n\n\n\n<p>Hakim i\u015fin m\u0259hk\u0259m\u0259 bax\u0131\u015f\u0131na verilib ara\u015fd\u0131r\u0131lmas\u0131 bar\u0259d\u0259 t\u0259qsirl\u0259ndiril\u0259n, prokuror, v\u0259kil v\u0259 h\u00fcquqi varisl\u0259rin fikrini soru\u015fanda \u018fhm\u0259d \u018fhm\u0259dov suala bel\u0259 cavab verib: <em>\u201cBilmir\u0259m ki\u2026\u201d.<\/em><\/p>\n\n\n\n<p>\u0130\u015f m\u0259hk\u0259m\u0259 bax\u0131\u015f\u0131na verilib. Bu cinay\u0259t i\u015fi \u00fczr\u0259 m\u0259hk\u0259m\u0259 ara\u015fd\u0131rmalar\u0131 iyulun 4-n\u0259 t\u0259yin olunub.<\/p>\n\n\n<div class=\"wp-block-image\">\n<figure class=\"alignleft size-full is-resized\"><img decoding=\"async\" width=\"1200\" height=\"675\" data-src=\"https:\/\/www.meydan.tv\/wp-content\/uploads\/photo-2024-06-25-13-39-10.jpg\" alt=\"\" class=\"wp-image-308897 lazyload\" style=\"--smush-placeholder-width: 1200px; --smush-placeholder-aspect-ratio: 1200\/675;width:408px;height:auto\" src=\"data:image\/svg+xml;base64,PHN2ZyB3aWR0aD0iMSIgaGVpZ2h0PSIxIiB4bWxucz0iaHR0cDovL3d3dy53My5vcmcvMjAwMC9zdmciPjwvc3ZnPg==\" \/><figcaption class=\"wp-element-caption\">\u015e\u0259faq\u0259t B\u0259d\u0259lova. Foto: Meydan TV<\/figcaption><\/figure>\n<\/div>\n\n\n<p>\u015e\u0259faq\u0259t B\u0259d\u0259lova m\u0259hk\u0259m\u0259d\u0259n sonra jurnalistl\u0259r\u0259 a\u00e7\u0131qlamas\u0131nda bildirib ki, bu cinay\u0259ti \u018fhm\u0259d \u018fhm\u0259dovun t\u0259k t\u00f6r\u0259tdiyin\u0259 inanm\u0131r. Onun s\u00f6zl\u0259rin\u0259 g\u00f6r\u0259, \u015f\u00fcbh\u0259l\u0259r ona rahatl\u0131q tapma\u011fa imkan vermir.<\/p>\n\n\n\n<p>\u015e\u0259faq\u0259t B\u0259d\u0259lovan\u0131n s\u00f6zl\u0259rin\u0259 g\u00f6r\u0259, d\u0259f\u0259l\u0259rl\u0259 aidiyy\u0259ti qurumlara, h\u0259tta Ali M\u0259hk\u0259m\u0259y\u0259 d\u0259 m\u00fcraci\u0259t edib, lakin n\u0259tic\u0259si yoxdur.<\/p>\n\n\n\n<p>O, istintaq\u0131n d\u00fczg\u00fcn apar\u0131lmad\u0131\u011f\u0131n\u0131 vur\u011fulay\u0131b:<\/p>\n\n\n\n<p>\u201c<em>\u018fhm\u0259d \u018fhm\u0259dovun do\u011fma xalas\u0131, Bik\u0259nin bac\u0131s\u0131yam. \u018fhm\u0259di anas\u0131 il\u0259 birlikd\u0259 b\u00f6y\u00fctm\u00fc\u015f\u0259m. Bu u\u015faq x\u0259st\u0259dir, onu danm\u0131ram. Bu x\u0259st\u0259nin barma\u011f\u0131n\u0131 niy\u0259 s\u0131nd\u0131rm\u0131s\u0131n\u0131z? M\u0259n onun bu cinay\u0259ti t\u0259k t\u00f6r\u0259tdiyin\u0259 inanm\u0131ram. Xalas\u0131 olaraq, onun q\u0259yyumu olmaq ist\u0259yir\u0259m\u201d.<\/em><\/p>\n\n\n\n<p>Ail\u0259nin 5 \u00fczv\u00fcn\u00fcn q\u0259tl\u0259 yetirildiyi hadis\u0259 fevral\u0131n 13-d\u0259 paytaxt\u0131n G\u00fcn\u0259\u015fli v\u0259 \u018fhm\u0259dli q\u0259s\u0259b\u0259l\u0259rind\u0259 ba\u015f verib. \u00d6nc\u0259 paytaxt\u0131n G\u00fcn\u0259\u015fli q\u0259s\u0259b\u0259sind\u0259 \u018fhm\u0259d \u018fhm\u0259dovun bac\u0131s\u0131 \u2013 1997-ci il t\u0259v\u0259ll\u00fcdl\u00fc Elmira \u018fhm\u0259dova v\u0259 onun 5 ya\u015fl\u0131 q\u0131z\u0131 balta il\u0259 q\u0259tl\u0259 yetirilib. Daha sonra \u018fhm\u0259dli q\u0259s\u0259b\u0259sind\u0259 onun valideynl\u0259ri &#8211; 1972-ci il t\u0259v\u0259ll\u00fcdl\u00fc Mehman \u018fhm\u0259dov, 1977-ci il t\u0259v\u0259ll\u00fcdl\u00fc Bik\u0259 \u018fhm\u0259dova v\u0259 9 ya\u015fl\u0131 qarda\u015f\u0131 M\u0259h\u0259mm\u0259d d\u0259 eyni \u00fcsulla \u00f6ld\u00fcr\u00fcl\u00fcb.<\/p>\n\n\n\n<p>47 ya\u015fl\u0131 Bik\u0259 \u018fhm\u0259dova Bak\u0131dak\u0131 59 sayl\u0131 m\u0259kt\u0259bin direktoru idi.<\/p>\n\n\n\n<p>\u018fhm\u0259d \u018fhm\u0259dova Cinay\u0259t M\u0259c\u0259ll\u0259sinin 120.2.4 (x\u00fcsusi amans\u0131zl\u0131qla q\u0259sd\u0259n adam \u00f6ld\u00fcrm\u0259), 120.2.7 (iki v\u0259 ya daha \u00e7ox \u015f\u0259xsi \u00f6ld\u00fcrm\u0259) v\u0259 120.2.9-cu (t\u0259qsirkar \u015f\u0259xs \u00fc\u00e7\u00fcn a\u015fkar sur\u0259td\u0259 k\u00f6m\u0259ksiz v\u0259ziyy\u0259td\u0259 olan adam\u0131 \u00f6ld\u00fcrm\u0259) madd\u0259l\u0259ri il\u0259 ittiham verilib. Onun bar\u0259sind\u0259 h\u0259bs q\u0259timkan t\u0259dbiri se\u00e7ilib. \u0130stintaq\u0131n gedi\u015find\u0259 iki d\u0259f\u0259 psixiatrik ekspertiza t\u0259yin olunub. H\u0259r ikisind\u0259 \u018fhm\u0259d \u018fhm\u0259dovun anlaqs\u0131z olmas\u0131 bar\u0259d\u0259 r\u0259y verilib. O, Respublika Psixiatriya X\u0259st\u0259xanas\u0131na yerl\u0259\u015fdirilib.<\/p>\n\n\n\n<p>M\u0259hk\u0259m\u0259 ara\u015fd\u0131rmalardan sonra \u018fhm\u0259d \u018fhm\u0259dovun anlaqs\u0131z oldu\u011fu n\u0259tic\u0259sin\u0259 g\u0259ls\u0259, onun c\u0259zadan azad edilm\u0259si v\u0259 m\u0259cburi m\u00fcalic\u0259si bar\u0259d\u0259 q\u0259rar q\u0259bul edil\u0259 bil\u0259r.<\/p>\n","protected":false},"excerpt":{"rendered":"<p>\u201c\u018fhm\u0259din barma\u011f\u0131n\u0131 niy\u0259 s\u0131nd\u0131r\u0131blar?\u201d Bak\u0131 A\u011f\u0131r Cinay\u0259tl\u0259r M\u0259hk\u0259m\u0259sind\u0259 ail\u0259sinin 5 &#8230; <\/p>\n<p class=\"read-more-container\"><a title=\"Xalas\u0131 \u018fhm\u0259d \u018fhm\u0259dovun cinay\u0259ti t\u0259k t\u00f6r\u0259tdiyin\u0259 inanm\u0131r (yenil\u0259nib)\" class=\"read-more button\" href=\"https:\/\/www.meydan.tv\/az\/article\/xalasi-ehmed-ehmedovun-cinayeti-tek-toretdiyine-inanmir\/#more-308854\" aria-label=\"Read more about Xalas\u0131 \u018fhm\u0259d \u018fhm\u0259dovun cinay\u0259ti t\u0259k t\u00f6r\u0259tdiyin\u0259 inanm\u0131r (yenil\u0259nib)\">Davam\u0131<\/a><\/p>\n","protected":false},"author":8,"featured_media":308847,"comment_status":"closed","ping_status":"closed","sticky":false,"template":"","format":"standard","meta":{"_acf_changed":false,"_sitemap_exclude":false,"_sitemap_priority":"","_sitemap_frequency":"","footnotes":""},"categories":[62,79,56],"tags":[],"class_list":["post-308854","post","type-post","status-publish","format-standard","has-post-thumbnail","hentry","category-sosial","category-featured","category-xeberler","infinite-scroll-item","generate-columns","tablet-grid-50","mobile-grid-100","grid-parent","grid-33","no-featured-image-padding"],"acf":[],"yoast_head":"<!-- This site is optimized with the Yoast SEO plugin v27.5 - https:\/\/yoast.com\/product\/yoast-seo-wordpress\/ -->\n<title>Xalas\u0131 \u018fhm\u0259d \u018fhm\u0259dovun cinay\u0259ti t\u0259k t\u00f6r\u0259tdiyin\u0259 inanm\u0131r (yenil\u0259nib) - MEYDAN.TV<\/title>\n<meta name=\"robots\" content=\"index, follow, max-snippet:-1, max-image-preview:large, max-video-preview:-1\" \/>\n<link rel=\"canonical\" href=\"https:\/\/www.meydan.tv\/az\/article\/xalasi-ehmed-ehmedovun-cinayeti-tek-toretdiyine-inanmir\/\" \/>\n<meta property=\"og:locale\" content=\"az_AZ\" \/>\n<meta property=\"og:type\" content=\"article\" \/>\n<meta property=\"og:title\" content=\"Xalas\u0131 \u018fhm\u0259d \u018fhm\u0259dovun cinay\u0259ti t\u0259k t\u00f6r\u0259tdiyin\u0259 inanm\u0131r (yenil\u0259nib) - MEYDAN.TV\" \/>\n<meta property=\"og:description\" content=\"\u201c\u018fhm\u0259din barma\u011f\u0131n\u0131 niy\u0259 s\u0131nd\u0131r\u0131blar?\u201d Bak\u0131 A\u011f\u0131r Cinay\u0259tl\u0259r M\u0259hk\u0259m\u0259sind\u0259 ail\u0259sinin 5 ... Davam\u0131\" \/>\n<meta property=\"og:url\" content=\"https:\/\/www.meydan.tv\/az\/article\/xalasi-ehmed-ehmedovun-cinayeti-tek-toretdiyine-inanmir\/\" \/>\n<meta property=\"og:site_name\" content=\"MEYDAN.TV\" \/>\n<meta property=\"article:published_time\" content=\"2024-06-25T08:40:35+00:00\" \/>\n<meta property=\"article:modified_time\" content=\"2024-06-25T13:00:21+00:00\" \/>\n<meta property=\"og:image\" content=\"https:\/\/www.meydan.tv\/wp-content\/uploads\/photo-2024-06-25-12-24-40.jpg\" \/>\n\t<meta property=\"og:image:width\" content=\"1200\" \/>\n\t<meta property=\"og:image:height\" content=\"798\" \/>\n\t<meta property=\"og:image:type\" content=\"image\/jpeg\" \/>\n<meta name=\"author\" content=\"elli\" \/>\n<meta name=\"twitter:card\" content=\"summary_large_image\" \/>\n<meta name=\"twitter:creator\" content=\"@elli\" \/>\n<script type=\"application\/ld+json\" class=\"yoast-schema-graph\">{\"@context\":\"https:\\\/\\\/schema.org\",\"@graph\":[{\"@type\":\"Article\",\"@id\":\"https:\\\/\\\/www.meydan.tv\\\/az\\\/article\\\/xalasi-ehmed-ehmedovun-cinayeti-tek-toretdiyine-inanmir\\\/#article\",\"isPartOf\":{\"@id\":\"https:\\\/\\\/www.meydan.tv\\\/az\\\/article\\\/xalasi-ehmed-ehmedovun-cinayeti-tek-toretdiyine-inanmir\\\/\"},\"author\":{\"name\":\"elli\",\"@id\":\"https:\\\/\\\/www.meydan.tv\\\/az\\\/#\\\/schema\\\/person\\\/9cdbecf90d17180ce1dfbd95b08dcf47\"},\"headline\":\"Xalas\u0131 \u018fhm\u0259d \u018fhm\u0259dovun cinay\u0259ti t\u0259k t\u00f6r\u0259tdiyin\u0259 inanm\u0131r (yenil\u0259nib)\",\"datePublished\":\"2024-06-25T08:40:35+00:00\",\"dateModified\":\"2024-06-25T13:00:21+00:00\",\"mainEntityOfPage\":{\"@id\":\"https:\\\/\\\/www.meydan.tv\\\/az\\\/article\\\/xalasi-ehmed-ehmedovun-cinayeti-tek-toretdiyine-inanmir\\\/\"},\"wordCount\":806,\"publisher\":{\"@id\":\"https:\\\/\\\/www.meydan.tv\\\/az\\\/#organization\"},\"image\":{\"@id\":\"https:\\\/\\\/www.meydan.tv\\\/az\\\/article\\\/xalasi-ehmed-ehmedovun-cinayeti-tek-toretdiyine-inanmir\\\/#primaryimage\"},\"thumbnailUrl\":\"https:\\\/\\\/www.meydan.tv\\\/wp-content\\\/uploads\\\/photo-2024-06-25-12-24-40.jpg\",\"articleSection\":[\"Sosial\",\"T\u00f6vsiy\u0259\",\"X\u0259b\u0259rl\u0259r\"],\"inLanguage\":\"az\"},{\"@type\":\"WebPage\",\"@id\":\"https:\\\/\\\/www.meydan.tv\\\/az\\\/article\\\/xalasi-ehmed-ehmedovun-cinayeti-tek-toretdiyine-inanmir\\\/\",\"url\":\"https:\\\/\\\/www.meydan.tv\\\/az\\\/article\\\/xalasi-ehmed-ehmedovun-cinayeti-tek-toretdiyine-inanmir\\\/\",\"name\":\"Xalas\u0131 \u018fhm\u0259d \u018fhm\u0259dovun cinay\u0259ti t\u0259k t\u00f6r\u0259tdiyin\u0259 inanm\u0131r (yenil\u0259nib) - MEYDAN.TV\",\"isPartOf\":{\"@id\":\"https:\\\/\\\/www.meydan.tv\\\/az\\\/#website\"},\"primaryImageOfPage\":{\"@id\":\"https:\\\/\\\/www.meydan.tv\\\/az\\\/article\\\/xalasi-ehmed-ehmedovun-cinayeti-tek-toretdiyine-inanmir\\\/#primaryimage\"},\"image\":{\"@id\":\"https:\\\/\\\/www.meydan.tv\\\/az\\\/article\\\/xalasi-ehmed-ehmedovun-cinayeti-tek-toretdiyine-inanmir\\\/#primaryimage\"},\"thumbnailUrl\":\"https:\\\/\\\/www.meydan.tv\\\/wp-content\\\/uploads\\\/photo-2024-06-25-12-24-40.jpg\",\"datePublished\":\"2024-06-25T08:40:35+00:00\",\"dateModified\":\"2024-06-25T13:00:21+00:00\",\"breadcrumb\":{\"@id\":\"https:\\\/\\\/www.meydan.tv\\\/az\\\/article\\\/xalasi-ehmed-ehmedovun-cinayeti-tek-toretdiyine-inanmir\\\/#breadcrumb\"},\"inLanguage\":\"az\",\"potentialAction\":[{\"@type\":\"ReadAction\",\"target\":[\"https:\\\/\\\/www.meydan.tv\\\/az\\\/article\\\/xalasi-ehmed-ehmedovun-cinayeti-tek-toretdiyine-inanmir\\\/\"]}]},{\"@type\":\"ImageObject\",\"inLanguage\":\"az\",\"@id\":\"https:\\\/\\\/www.meydan.tv\\\/az\\\/article\\\/xalasi-ehmed-ehmedovun-cinayeti-tek-toretdiyine-inanmir\\\/#primaryimage\",\"url\":\"https:\\\/\\\/www.meydan.tv\\\/wp-content\\\/uploads\\\/photo-2024-06-25-12-24-40.jpg\",\"contentUrl\":\"https:\\\/\\\/www.meydan.tv\\\/wp-content\\\/uploads\\\/photo-2024-06-25-12-24-40.jpg\",\"width\":1200,\"height\":798,\"caption\":\"\u018fhm\u0259d \u018fhm\u0259dov. Foto: Meydan TV\"},{\"@type\":\"BreadcrumbList\",\"@id\":\"https:\\\/\\\/www.meydan.tv\\\/az\\\/article\\\/xalasi-ehmed-ehmedovun-cinayeti-tek-toretdiyine-inanmir\\\/#breadcrumb\",\"itemListElement\":[{\"@type\":\"ListItem\",\"position\":1,\"name\":\"Ana s\u0259hif\u0259\",\"item\":\"https:\\\/\\\/www.meydan.tv\\\/az\\\/\"},{\"@type\":\"ListItem\",\"position\":2,\"name\":\"Sosial\",\"item\":\"https:\\\/\\\/www.meydan.tv\\\/az\\\/section\\\/sosial\\\/\"},{\"@type\":\"ListItem\",\"position\":3,\"name\":\"Xalas\u0131 \u018fhm\u0259d \u018fhm\u0259dovun cinay\u0259ti t\u0259k t\u00f6r\u0259tdiyin\u0259 inanm\u0131r (yenil\u0259nib)\"}]},{\"@type\":\"WebSite\",\"@id\":\"https:\\\/\\\/www.meydan.tv\\\/az\\\/#website\",\"url\":\"https:\\\/\\\/www.meydan.tv\\\/az\\\/\",\"name\":\"MEYDAN.TV\",\"description\":\"Meydan TV Az\u0259rbaycan\u0131n media m\u0259kan\u0131ndak\u0131 alternativ s\u0259sidir\",\"publisher\":{\"@id\":\"https:\\\/\\\/www.meydan.tv\\\/az\\\/#organization\"},\"potentialAction\":[{\"@type\":\"SearchAction\",\"target\":{\"@type\":\"EntryPoint\",\"urlTemplate\":\"https:\\\/\\\/www.meydan.tv\\\/az\\\/?s={search_term_string}\"},\"query-input\":{\"@type\":\"PropertyValueSpecification\",\"valueRequired\":true,\"valueName\":\"search_term_string\"}}],\"inLanguage\":\"az\"},{\"@type\":\"Organization\",\"@id\":\"https:\\\/\\\/www.meydan.tv\\\/az\\\/#organization\",\"name\":\"Meydan TV\",\"url\":\"https:\\\/\\\/www.meydan.tv\\\/az\\\/\",\"logo\":{\"@type\":\"ImageObject\",\"inLanguage\":\"az\",\"@id\":\"https:\\\/\\\/www.meydan.tv\\\/az\\\/#\\\/schema\\\/logo\\\/image\\\/\",\"url\":\"https:\\\/\\\/www.meydan.tv\\\/wp-content\\\/uploads\\\/2021\\\/07\\\/meydan-logo.svg\",\"contentUrl\":\"https:\\\/\\\/www.meydan.tv\\\/wp-content\\\/uploads\\\/2021\\\/07\\\/meydan-logo.svg\",\"width\":195,\"height\":46,\"caption\":\"Meydan TV\"},\"image\":{\"@id\":\"https:\\\/\\\/www.meydan.tv\\\/az\\\/#\\\/schema\\\/logo\\\/image\\\/\"}},{\"@type\":\"Person\",\"@id\":\"https:\\\/\\\/www.meydan.tv\\\/az\\\/#\\\/schema\\\/person\\\/9cdbecf90d17180ce1dfbd95b08dcf47\",\"name\":\"elli\",\"sameAs\":[\"https:\\\/\\\/x.com\\\/elli\"]}]}<\/script>\n<!-- \/ Yoast SEO plugin. -->","yoast_head_json":{"title":"Xalas\u0131 \u018fhm\u0259d \u018fhm\u0259dovun cinay\u0259ti t\u0259k t\u00f6r\u0259tdiyin\u0259 inanm\u0131r (yenil\u0259nib) - MEYDAN.TV","robots":{"index":"index","follow":"follow","max-snippet":"max-snippet:-1","max-image-preview":"max-image-preview:large","max-video-preview":"max-video-preview:-1"},"canonical":"https:\/\/www.meydan.tv\/az\/article\/xalasi-ehmed-ehmedovun-cinayeti-tek-toretdiyine-inanmir\/","og_locale":"az_AZ","og_type":"article","og_title":"Xalas\u0131 \u018fhm\u0259d \u018fhm\u0259dovun cinay\u0259ti t\u0259k t\u00f6r\u0259tdiyin\u0259 inanm\u0131r (yenil\u0259nib) - MEYDAN.TV","og_description":"\u201c\u018fhm\u0259din barma\u011f\u0131n\u0131 niy\u0259 s\u0131nd\u0131r\u0131blar?\u201d Bak\u0131 A\u011f\u0131r Cinay\u0259tl\u0259r M\u0259hk\u0259m\u0259sind\u0259 ail\u0259sinin 5 ... Davam\u0131","og_url":"https:\/\/www.meydan.tv\/az\/article\/xalasi-ehmed-ehmedovun-cinayeti-tek-toretdiyine-inanmir\/","og_site_name":"MEYDAN.TV","article_published_time":"2024-06-25T08:40:35+00:00","article_modified_time":"2024-06-25T13:00:21+00:00","og_image":[{"width":1200,"height":798,"url":"https:\/\/www.meydan.tv\/wp-content\/uploads\/photo-2024-06-25-12-24-40.jpg","type":"image\/jpeg"}],"author":"elli","twitter_card":"summary_large_image","twitter_creator":"@elli","schema":{"@context":"https:\/\/schema.org","@graph":[{"@type":"Article","@id":"https:\/\/www.meydan.tv\/az\/article\/xalasi-ehmed-ehmedovun-cinayeti-tek-toretdiyine-inanmir\/#article","isPartOf":{"@id":"https:\/\/www.meydan.tv\/az\/article\/xalasi-ehmed-ehmedovun-cinayeti-tek-toretdiyine-inanmir\/"},"author":{"name":"elli","@id":"https:\/\/www.meydan.tv\/az\/#\/schema\/person\/9cdbecf90d17180ce1dfbd95b08dcf47"},"headline":"Xalas\u0131 \u018fhm\u0259d \u018fhm\u0259dovun cinay\u0259ti t\u0259k t\u00f6r\u0259tdiyin\u0259 inanm\u0131r (yenil\u0259nib)","datePublished":"2024-06-25T08:40:35+00:00","dateModified":"2024-06-25T13:00:21+00:00","mainEntityOfPage":{"@id":"https:\/\/www.meydan.tv\/az\/article\/xalasi-ehmed-ehmedovun-cinayeti-tek-toretdiyine-inanmir\/"},"wordCount":806,"publisher":{"@id":"https:\/\/www.meydan.tv\/az\/#organization"},"image":{"@id":"https:\/\/www.meydan.tv\/az\/article\/xalasi-ehmed-ehmedovun-cinayeti-tek-toretdiyine-inanmir\/#primaryimage"},"thumbnailUrl":"https:\/\/www.meydan.tv\/wp-content\/uploads\/photo-2024-06-25-12-24-40.jpg","articleSection":["Sosial","T\u00f6vsiy\u0259","X\u0259b\u0259rl\u0259r"],"inLanguage":"az"},{"@type":"WebPage","@id":"https:\/\/www.meydan.tv\/az\/article\/xalasi-ehmed-ehmedovun-cinayeti-tek-toretdiyine-inanmir\/","url":"https:\/\/www.meydan.tv\/az\/article\/xalasi-ehmed-ehmedovun-cinayeti-tek-toretdiyine-inanmir\/","name":"Xalas\u0131 \u018fhm\u0259d \u018fhm\u0259dovun cinay\u0259ti t\u0259k t\u00f6r\u0259tdiyin\u0259 inanm\u0131r (yenil\u0259nib) - MEYDAN.TV","isPartOf":{"@id":"https:\/\/www.meydan.tv\/az\/#website"},"primaryImageOfPage":{"@id":"https:\/\/www.meydan.tv\/az\/article\/xalasi-ehmed-ehmedovun-cinayeti-tek-toretdiyine-inanmir\/#primaryimage"},"image":{"@id":"https:\/\/www.meydan.tv\/az\/article\/xalasi-ehmed-ehmedovun-cinayeti-tek-toretdiyine-inanmir\/#primaryimage"},"thumbnailUrl":"https:\/\/www.meydan.tv\/wp-content\/uploads\/photo-2024-06-25-12-24-40.jpg","datePublished":"2024-06-25T08:40:35+00:00","dateModified":"2024-06-25T13:00:21+00:00","breadcrumb":{"@id":"https:\/\/www.meydan.tv\/az\/article\/xalasi-ehmed-ehmedovun-cinayeti-tek-toretdiyine-inanmir\/#breadcrumb"},"inLanguage":"az","potentialAction":[{"@type":"ReadAction","target":["https:\/\/www.meydan.tv\/az\/article\/xalasi-ehmed-ehmedovun-cinayeti-tek-toretdiyine-inanmir\/"]}]},{"@type":"ImageObject","inLanguage":"az","@id":"https:\/\/www.meydan.tv\/az\/article\/xalasi-ehmed-ehmedovun-cinayeti-tek-toretdiyine-inanmir\/#primaryimage","url":"https:\/\/www.meydan.tv\/wp-content\/uploads\/photo-2024-06-25-12-24-40.jpg","contentUrl":"https:\/\/www.meydan.tv\/wp-content\/uploads\/photo-2024-06-25-12-24-40.jpg","width":1200,"height":798,"caption":"\u018fhm\u0259d \u018fhm\u0259dov. Foto: Meydan TV"},{"@type":"BreadcrumbList","@id":"https:\/\/www.meydan.tv\/az\/article\/xalasi-ehmed-ehmedovun-cinayeti-tek-toretdiyine-inanmir\/#breadcrumb","itemListElement":[{"@type":"ListItem","position":1,"name":"Ana s\u0259hif\u0259","item":"https:\/\/www.meydan.tv\/az\/"},{"@type":"ListItem","position":2,"name":"Sosial","item":"https:\/\/www.meydan.tv\/az\/section\/sosial\/"},{"@type":"ListItem","position":3,"name":"Xalas\u0131 \u018fhm\u0259d \u018fhm\u0259dovun cinay\u0259ti t\u0259k t\u00f6r\u0259tdiyin\u0259 inanm\u0131r (yenil\u0259nib)"}]},{"@type":"WebSite","@id":"https:\/\/www.meydan.tv\/az\/#website","url":"https:\/\/www.meydan.tv\/az\/","name":"MEYDAN.TV","description":"Meydan TV Az\u0259rbaycan\u0131n media m\u0259kan\u0131ndak\u0131 alternativ s\u0259sidir","publisher":{"@id":"https:\/\/www.meydan.tv\/az\/#organization"},"potentialAction":[{"@type":"SearchAction","target":{"@type":"EntryPoint","urlTemplate":"https:\/\/www.meydan.tv\/az\/?s={search_term_string}"},"query-input":{"@type":"PropertyValueSpecification","valueRequired":true,"valueName":"search_term_string"}}],"inLanguage":"az"},{"@type":"Organization","@id":"https:\/\/www.meydan.tv\/az\/#organization","name":"Meydan TV","url":"https:\/\/www.meydan.tv\/az\/","logo":{"@type":"ImageObject","inLanguage":"az","@id":"https:\/\/www.meydan.tv\/az\/#\/schema\/logo\/image\/","url":"https:\/\/www.meydan.tv\/wp-content\/uploads\/2021\/07\/meydan-logo.svg","contentUrl":"https:\/\/www.meydan.tv\/wp-content\/uploads\/2021\/07\/meydan-logo.svg","width":195,"height":46,"caption":"Meydan TV"},"image":{"@id":"https:\/\/www.meydan.tv\/az\/#\/schema\/logo\/image\/"}},{"@type":"Person","@id":"https:\/\/www.meydan.tv\/az\/#\/schema\/person\/9cdbecf90d17180ce1dfbd95b08dcf47","name":"elli","sameAs":["https:\/\/x.com\/elli"]}]}},"_links":{"self":[{"href":"https:\/\/www.meydan.tv\/az\/wp-json\/wp\/v2\/posts\/308854","targetHints":{"allow":["GET"]}}],"collection":[{"href":"https:\/\/www.meydan.tv\/az\/wp-json\/wp\/v2\/posts"}],"about":[{"href":"https:\/\/www.meydan.tv\/az\/wp-json\/wp\/v2\/types\/post"}],"author":[{"embeddable":true,"href":"https:\/\/www.meydan.tv\/az\/wp-json\/wp\/v2\/users\/8"}],"replies":[{"embeddable":true,"href":"https:\/\/www.meydan.tv\/az\/wp-json\/wp\/v2\/comments?post=308854"}],"version-history":[{"count":8,"href":"https:\/\/www.meydan.tv\/az\/wp-json\/wp\/v2\/posts\/308854\/revisions"}],"predecessor-version":[{"id":308945,"href":"https:\/\/www.meydan.tv\/az\/wp-json\/wp\/v2\/posts\/308854\/revisions\/308945"}],"wp:featuredmedia":[{"embeddable":true,"href":"https:\/\/www.meydan.tv\/az\/wp-json\/wp\/v2\/media\/308847"}],"wp:attachment":[{"href":"https:\/\/www.meydan.tv\/az\/wp-json\/wp\/v2\/media?parent=308854"}],"wp:term":[{"taxonomy":"category","embeddable":true,"href":"https:\/\/www.meydan.tv\/az\/wp-json\/wp\/v2\/categories?post=308854"},{"taxonomy":"post_tag","embeddable":true,"href":"https:\/\/www.meydan.tv\/az\/wp-json\/wp\/v2\/tags?post=308854"}],"curies":[{"name":"wp","href":"https:\/\/api.w.org\/{rel}","templated":true}]}}