{"id":308814,"date":"2024-06-24T18:27:23","date_gmt":"2024-06-24T14:27:23","guid":{"rendered":"https:\/\/www.meydan.tv\/?p=308814"},"modified":"2024-06-24T18:27:25","modified_gmt":"2024-06-24T14:27:25","slug":"ozunu-yandiran-qarabag-qazisi-5-gunden-sonra-heyatini-itirib","status":"publish","type":"post","link":"https:\/\/www.meydan.tv\/az\/article\/ozunu-yandiran-qarabag-qazisi-5-gunden-sonra-heyatini-itirib\/","title":{"rendered":"\u00d6z\u00fcn\u00fc yand\u0131ran Qaraba\u011f qazisi 5 g\u00fcnd\u0259n sonra\u00a0h\u0259yat\u0131n\u0131 itirib"},"content":{"rendered":"\n<p><\/p>\n\n\n\n<p><strong><em>Yan\u0131q M\u0259rk\u0259zi Elvin Al\u0131yevin b\u0259d\u0259ninin 70 faizinin yand\u0131\u011f\u0131n\u0131 deyir<\/em><\/strong><\/p>\n\n\n\n<p>Bir ne\u00e7\u0259 g\u00fcn \u00f6nc\u0259 A\u011fstafada \u00f6z\u00fcn\u00fc yand\u0131ran Qaraba\u011f m\u00fcharib\u0259si \u0259lili Elvin Al\u0131yev hadis\u0259d\u0259n 5 g\u00fcn sonra v\u0259fat edib. 32 ya\u015fl\u0131 Elvin Al\u0131yev iyunun 23-d\u0259 Bak\u0131da m\u00fcalic\u0259 ald\u0131\u011f\u0131 Yan\u0131q M\u0259rk\u0259zind\u0259 \u00f6l\u00fcb.<\/p>\n\n\n\n<p>Qaraba\u011f qazisi iyunun 18-d\u0259 \u00f6z\u00fcn\u0259 q\u0259sd ed\u0259nd\u0259n d\u0259rhal sonra A\u011fstafadak\u0131 M\u0259rk\u0259zi X\u0259st\u0259xanaya \u00e7atd\u0131r\u0131l\u0131b. Orada ilkin tibbi yard\u0131mdan sonra Bak\u0131ya \u2013 Yan\u0131q M\u0259rk\u0259zin\u0259 k\u00f6\u00e7\u00fcr\u00fcl\u00fcb.<\/p>\n\n\n\n<p>M\u0259rk\u0259zd\u0259n Meydan TV-y\u0259 bildirilib ki, Elvin Al\u0131yev ora g\u0259tiril\u0259nd\u0259 v\u0259ziyy\u0259ti a\u011f\u0131r idi: <\/p>\n\n\n\n<p><em>\u201cB\u0259d\u0259ninin 70 faizind\u0259n \u00e7oxu yanm\u0131\u015fd\u0131. V\u0259ziyy\u0259ti \u00e7ox a\u011f\u0131r idi. Onun h\u0259yat\u0131n\u0131 xilas etm\u0259k \u00fc\u00e7\u00fcn laz\u0131m olan b\u00fct\u00fcn t\u0259dbirl\u0259r g\u00f6r\u00fcld\u00fc. Lakin m\u00fcmk\u00fcn olmad\u0131&#8230;\u201d.<\/em><\/p>\n\n\n\n<p>Elvin Al\u0131yev 2020-ci ild\u0259 44 g\u00fcnl\u00fck m\u00fcharib\u0259 zaman\u0131 a\u011f\u0131r k\u0259ll\u0259-beyin travmas\u0131 alaraq, sa\u011flaml\u0131\u011f\u0131n\u0131 itirib, ona III qrup \u0259lillik t\u0259yin edilib.<\/p>\n\n\n\n<p>2021-ci ilin noyabr\u0131nda mediada Elvin Al\u0131yevin A\u011fstafada polisl\u0259r t\u0259r\u0259find\u0259n d\u00f6y\u00fclm\u0259si bar\u0259d\u0259 \u015fikay\u0259ti yay\u0131lm\u0131\u015fd\u0131. Anas\u0131 \u015e\u00f6vk\u0259t Al\u0131yeva bildirmi\u015fdi ki, o\u011flunu A\u011fstafa rayon Polis \u015e\u00f6b\u0259sinin 3-4 \u0259m\u0259kda\u015f\u0131 d\u00f6y\u00fcb. N\u0259tic\u0259d\u0259 o, x\u0259st\u0259xanaya yerl\u0259\u015fdirilib.<\/p>\n\n\n\n<p>Daxili \u0130\u015fl\u0259r Nazirliyi is\u0259 polisl\u0259rin Qaraba\u011f qazisini d\u00f6ym\u0259si bar\u0259d\u0259 deyil\u0259nl\u0259ri t\u0259kzib etmi\u015fdi. Nazirliyin M\u0259tbuat xidm\u0259tinin G\u0259nc\u0259 regional qrupundan veril\u0259n m\u0259lumatda iddia olunurdu ki, polisl\u0259r \u015f\u00f6b\u0259d\u0259 ara\u015fd\u0131r\u0131lan i\u015fl\u0259 \u0259laq\u0259dar A\u011fstafa sakinini g\u0259tirm\u0259y\u0259 ged\u0259nd\u0259 qon\u015fuluqda Elvin Al\u0131yev onlara mane olub: <\/p>\n\n\n\n<p><em>\u201cPolis \u0259m\u0259kda\u015flar\u0131n\u0131n xidm\u0259ti f\u0259aliyy\u0259tini yerin\u0259 yetirm\u0259y\u0259 mane olub, nalayiq ifad\u0259l\u0259r i\u015fl\u0259d\u0259r\u0259k ictimai qaydan\u0131 kobud sur\u0259td\u0259 pozub\u201d.<\/em><\/p>\n","protected":false},"excerpt":{"rendered":"<p>Yan\u0131q M\u0259rk\u0259zi Elvin Al\u0131yevin b\u0259d\u0259ninin 70 faizinin yand\u0131\u011f\u0131n\u0131 deyir Bir &#8230; <\/p>\n<p class=\"read-more-container\"><a title=\"\u00d6z\u00fcn\u00fc yand\u0131ran Qaraba\u011f qazisi 5 g\u00fcnd\u0259n sonra\u00a0h\u0259yat\u0131n\u0131 itirib\" class=\"read-more button\" href=\"https:\/\/www.meydan.tv\/az\/article\/ozunu-yandiran-qarabag-qazisi-5-gunden-sonra-heyatini-itirib\/#more-308814\" aria-label=\"Read more about \u00d6z\u00fcn\u00fc yand\u0131ran Qaraba\u011f qazisi 5 g\u00fcnd\u0259n sonra\u00a0h\u0259yat\u0131n\u0131 itirib\">Davam\u0131<\/a><\/p>\n","protected":false},"author":21,"featured_media":280368,"comment_status":"closed","ping_status":"closed","sticky":false,"template":"","format":"standard","meta":{"_acf_changed":false,"_sitemap_exclude":false,"_sitemap_priority":"","_sitemap_frequency":"","footnotes":""},"categories":[60,62,56],"tags":[],"class_list":["post-308814","post","type-post","status-publish","format-standard","has-post-thumbnail","hentry","category-bolge","category-sosial","category-xeberler","infinite-scroll-item","generate-columns","tablet-grid-50","mobile-grid-100","grid-parent","grid-33","no-featured-image-padding"],"acf":[],"yoast_head":"<!-- This site is optimized with the Yoast SEO plugin v27.4 - https:\/\/yoast.com\/product\/yoast-seo-wordpress\/ -->\n<title>\u00d6z\u00fcn\u00fc yand\u0131ran Qaraba\u011f qazisi 5 g\u00fcnd\u0259n sonra\u00a0h\u0259yat\u0131n\u0131 itirib - MEYDAN.TV<\/title>\n<meta name=\"robots\" content=\"index, follow, max-snippet:-1, max-image-preview:large, max-video-preview:-1\" \/>\n<link rel=\"canonical\" href=\"https:\/\/www.meydan.tv\/az\/article\/ozunu-yandiran-qarabag-qazisi-5-gunden-sonra-heyatini-itirib\/\" \/>\n<meta property=\"og:locale\" content=\"az_AZ\" \/>\n<meta property=\"og:type\" content=\"article\" \/>\n<meta property=\"og:title\" content=\"\u00d6z\u00fcn\u00fc yand\u0131ran Qaraba\u011f qazisi 5 g\u00fcnd\u0259n sonra\u00a0h\u0259yat\u0131n\u0131 itirib - MEYDAN.TV\" \/>\n<meta property=\"og:description\" content=\"Yan\u0131q M\u0259rk\u0259zi Elvin Al\u0131yevin b\u0259d\u0259ninin 70 faizinin yand\u0131\u011f\u0131n\u0131 deyir Bir ... Davam\u0131\" \/>\n<meta property=\"og:url\" content=\"https:\/\/www.meydan.tv\/az\/article\/ozunu-yandiran-qarabag-qazisi-5-gunden-sonra-heyatini-itirib\/\" \/>\n<meta property=\"og:site_name\" content=\"MEYDAN.TV\" \/>\n<meta property=\"article:published_time\" content=\"2024-06-24T14:27:23+00:00\" \/>\n<meta property=\"article:modified_time\" content=\"2024-06-24T14:27:25+00:00\" \/>\n<meta property=\"og:image\" content=\"https:\/\/www.meydan.tv\/wp-content\/uploads\/untitled-design-162-e1690145038833.jpg\" \/>\n\t<meta property=\"og:image:width\" content=\"1200\" \/>\n\t<meta property=\"og:image:height\" content=\"696\" \/>\n\t<meta property=\"og:image:type\" content=\"image\/jpeg\" \/>\n<meta name=\"author\" content=\"mahmud\" \/>\n<meta name=\"twitter:card\" content=\"summary_large_image\" \/>\n<script type=\"application\/ld+json\" class=\"yoast-schema-graph\">{\"@context\":\"https:\\\/\\\/schema.org\",\"@graph\":[{\"@type\":\"Article\",\"@id\":\"https:\\\/\\\/www.meydan.tv\\\/az\\\/article\\\/ozunu-yandiran-qarabag-qazisi-5-gunden-sonra-heyatini-itirib\\\/#article\",\"isPartOf\":{\"@id\":\"https:\\\/\\\/www.meydan.tv\\\/az\\\/article\\\/ozunu-yandiran-qarabag-qazisi-5-gunden-sonra-heyatini-itirib\\\/\"},\"author\":{\"name\":\"mahmud\",\"@id\":\"https:\\\/\\\/www.meydan.tv\\\/az\\\/#\\\/schema\\\/person\\\/09863e516102a829e72bedcf3f84c6b0\"},\"headline\":\"\u00d6z\u00fcn\u00fc yand\u0131ran Qaraba\u011f qazisi 5 g\u00fcnd\u0259n sonra\u00a0h\u0259yat\u0131n\u0131 itirib\",\"datePublished\":\"2024-06-24T14:27:23+00:00\",\"dateModified\":\"2024-06-24T14:27:25+00:00\",\"mainEntityOfPage\":{\"@id\":\"https:\\\/\\\/www.meydan.tv\\\/az\\\/article\\\/ozunu-yandiran-qarabag-qazisi-5-gunden-sonra-heyatini-itirib\\\/\"},\"wordCount\":363,\"publisher\":{\"@id\":\"https:\\\/\\\/www.meydan.tv\\\/az\\\/#organization\"},\"image\":{\"@id\":\"https:\\\/\\\/www.meydan.tv\\\/az\\\/article\\\/ozunu-yandiran-qarabag-qazisi-5-gunden-sonra-heyatini-itirib\\\/#primaryimage\"},\"thumbnailUrl\":\"https:\\\/\\\/www.meydan.tv\\\/wp-content\\\/uploads\\\/untitled-design-162-e1690145038833.jpg\",\"articleSection\":[\"B\u00f6lg\u0259\",\"Sosial\",\"X\u0259b\u0259rl\u0259r\"],\"inLanguage\":\"az\"},{\"@type\":\"WebPage\",\"@id\":\"https:\\\/\\\/www.meydan.tv\\\/az\\\/article\\\/ozunu-yandiran-qarabag-qazisi-5-gunden-sonra-heyatini-itirib\\\/\",\"url\":\"https:\\\/\\\/www.meydan.tv\\\/az\\\/article\\\/ozunu-yandiran-qarabag-qazisi-5-gunden-sonra-heyatini-itirib\\\/\",\"name\":\"\u00d6z\u00fcn\u00fc yand\u0131ran Qaraba\u011f qazisi 5 g\u00fcnd\u0259n sonra\u00a0h\u0259yat\u0131n\u0131 itirib - MEYDAN.TV\",\"isPartOf\":{\"@id\":\"https:\\\/\\\/www.meydan.tv\\\/az\\\/#website\"},\"primaryImageOfPage\":{\"@id\":\"https:\\\/\\\/www.meydan.tv\\\/az\\\/article\\\/ozunu-yandiran-qarabag-qazisi-5-gunden-sonra-heyatini-itirib\\\/#primaryimage\"},\"image\":{\"@id\":\"https:\\\/\\\/www.meydan.tv\\\/az\\\/article\\\/ozunu-yandiran-qarabag-qazisi-5-gunden-sonra-heyatini-itirib\\\/#primaryimage\"},\"thumbnailUrl\":\"https:\\\/\\\/www.meydan.tv\\\/wp-content\\\/uploads\\\/untitled-design-162-e1690145038833.jpg\",\"datePublished\":\"2024-06-24T14:27:23+00:00\",\"dateModified\":\"2024-06-24T14:27:25+00:00\",\"breadcrumb\":{\"@id\":\"https:\\\/\\\/www.meydan.tv\\\/az\\\/article\\\/ozunu-yandiran-qarabag-qazisi-5-gunden-sonra-heyatini-itirib\\\/#breadcrumb\"},\"inLanguage\":\"az\",\"potentialAction\":[{\"@type\":\"ReadAction\",\"target\":[\"https:\\\/\\\/www.meydan.tv\\\/az\\\/article\\\/ozunu-yandiran-qarabag-qazisi-5-gunden-sonra-heyatini-itirib\\\/\"]}]},{\"@type\":\"ImageObject\",\"inLanguage\":\"az\",\"@id\":\"https:\\\/\\\/www.meydan.tv\\\/az\\\/article\\\/ozunu-yandiran-qarabag-qazisi-5-gunden-sonra-heyatini-itirib\\\/#primaryimage\",\"url\":\"https:\\\/\\\/www.meydan.tv\\\/wp-content\\\/uploads\\\/untitled-design-162-e1690145038833.jpg\",\"contentUrl\":\"https:\\\/\\\/www.meydan.tv\\\/wp-content\\\/uploads\\\/untitled-design-162-e1690145038833.jpg\",\"width\":1200,\"height\":696,\"caption\":\"\u018fsg\u0259r. Foto: Meydan TV\"},{\"@type\":\"BreadcrumbList\",\"@id\":\"https:\\\/\\\/www.meydan.tv\\\/az\\\/article\\\/ozunu-yandiran-qarabag-qazisi-5-gunden-sonra-heyatini-itirib\\\/#breadcrumb\",\"itemListElement\":[{\"@type\":\"ListItem\",\"position\":1,\"name\":\"Ana s\u0259hif\u0259\",\"item\":\"https:\\\/\\\/www.meydan.tv\\\/az\\\/\"},{\"@type\":\"ListItem\",\"position\":2,\"name\":\"B\u00f6lg\u0259\",\"item\":\"https:\\\/\\\/www.meydan.tv\\\/az\\\/section\\\/bolge\\\/\"},{\"@type\":\"ListItem\",\"position\":3,\"name\":\"\u00d6z\u00fcn\u00fc yand\u0131ran Qaraba\u011f qazisi 5 g\u00fcnd\u0259n sonra\u00a0h\u0259yat\u0131n\u0131 itirib\"}]},{\"@type\":\"WebSite\",\"@id\":\"https:\\\/\\\/www.meydan.tv\\\/az\\\/#website\",\"url\":\"https:\\\/\\\/www.meydan.tv\\\/az\\\/\",\"name\":\"MEYDAN.TV\",\"description\":\"Meydan TV Az\u0259rbaycan\u0131n media m\u0259kan\u0131ndak\u0131 alternativ s\u0259sidir\",\"publisher\":{\"@id\":\"https:\\\/\\\/www.meydan.tv\\\/az\\\/#organization\"},\"potentialAction\":[{\"@type\":\"SearchAction\",\"target\":{\"@type\":\"EntryPoint\",\"urlTemplate\":\"https:\\\/\\\/www.meydan.tv\\\/az\\\/?s={search_term_string}\"},\"query-input\":{\"@type\":\"PropertyValueSpecification\",\"valueRequired\":true,\"valueName\":\"search_term_string\"}}],\"inLanguage\":\"az\"},{\"@type\":\"Organization\",\"@id\":\"https:\\\/\\\/www.meydan.tv\\\/az\\\/#organization\",\"name\":\"Meydan TV\",\"url\":\"https:\\\/\\\/www.meydan.tv\\\/az\\\/\",\"logo\":{\"@type\":\"ImageObject\",\"inLanguage\":\"az\",\"@id\":\"https:\\\/\\\/www.meydan.tv\\\/az\\\/#\\\/schema\\\/logo\\\/image\\\/\",\"url\":\"https:\\\/\\\/www.meydan.tv\\\/wp-content\\\/uploads\\\/2021\\\/07\\\/meydan-logo.svg\",\"contentUrl\":\"https:\\\/\\\/www.meydan.tv\\\/wp-content\\\/uploads\\\/2021\\\/07\\\/meydan-logo.svg\",\"width\":195,\"height\":46,\"caption\":\"Meydan TV\"},\"image\":{\"@id\":\"https:\\\/\\\/www.meydan.tv\\\/az\\\/#\\\/schema\\\/logo\\\/image\\\/\"}},{\"@type\":\"Person\",\"@id\":\"https:\\\/\\\/www.meydan.tv\\\/az\\\/#\\\/schema\\\/person\\\/09863e516102a829e72bedcf3f84c6b0\",\"name\":\"mahmud\"}]}<\/script>\n<!-- \/ Yoast SEO plugin. -->","yoast_head_json":{"title":"\u00d6z\u00fcn\u00fc yand\u0131ran Qaraba\u011f qazisi 5 g\u00fcnd\u0259n sonra\u00a0h\u0259yat\u0131n\u0131 itirib - MEYDAN.TV","robots":{"index":"index","follow":"follow","max-snippet":"max-snippet:-1","max-image-preview":"max-image-preview:large","max-video-preview":"max-video-preview:-1"},"canonical":"https:\/\/www.meydan.tv\/az\/article\/ozunu-yandiran-qarabag-qazisi-5-gunden-sonra-heyatini-itirib\/","og_locale":"az_AZ","og_type":"article","og_title":"\u00d6z\u00fcn\u00fc yand\u0131ran Qaraba\u011f qazisi 5 g\u00fcnd\u0259n sonra\u00a0h\u0259yat\u0131n\u0131 itirib - MEYDAN.TV","og_description":"Yan\u0131q M\u0259rk\u0259zi Elvin Al\u0131yevin b\u0259d\u0259ninin 70 faizinin yand\u0131\u011f\u0131n\u0131 deyir Bir ... Davam\u0131","og_url":"https:\/\/www.meydan.tv\/az\/article\/ozunu-yandiran-qarabag-qazisi-5-gunden-sonra-heyatini-itirib\/","og_site_name":"MEYDAN.TV","article_published_time":"2024-06-24T14:27:23+00:00","article_modified_time":"2024-06-24T14:27:25+00:00","og_image":[{"width":1200,"height":696,"url":"https:\/\/www.meydan.tv\/wp-content\/uploads\/untitled-design-162-e1690145038833.jpg","type":"image\/jpeg"}],"author":"mahmud","twitter_card":"summary_large_image","schema":{"@context":"https:\/\/schema.org","@graph":[{"@type":"Article","@id":"https:\/\/www.meydan.tv\/az\/article\/ozunu-yandiran-qarabag-qazisi-5-gunden-sonra-heyatini-itirib\/#article","isPartOf":{"@id":"https:\/\/www.meydan.tv\/az\/article\/ozunu-yandiran-qarabag-qazisi-5-gunden-sonra-heyatini-itirib\/"},"author":{"name":"mahmud","@id":"https:\/\/www.meydan.tv\/az\/#\/schema\/person\/09863e516102a829e72bedcf3f84c6b0"},"headline":"\u00d6z\u00fcn\u00fc yand\u0131ran Qaraba\u011f qazisi 5 g\u00fcnd\u0259n sonra\u00a0h\u0259yat\u0131n\u0131 itirib","datePublished":"2024-06-24T14:27:23+00:00","dateModified":"2024-06-24T14:27:25+00:00","mainEntityOfPage":{"@id":"https:\/\/www.meydan.tv\/az\/article\/ozunu-yandiran-qarabag-qazisi-5-gunden-sonra-heyatini-itirib\/"},"wordCount":363,"publisher":{"@id":"https:\/\/www.meydan.tv\/az\/#organization"},"image":{"@id":"https:\/\/www.meydan.tv\/az\/article\/ozunu-yandiran-qarabag-qazisi-5-gunden-sonra-heyatini-itirib\/#primaryimage"},"thumbnailUrl":"https:\/\/www.meydan.tv\/wp-content\/uploads\/untitled-design-162-e1690145038833.jpg","articleSection":["B\u00f6lg\u0259","Sosial","X\u0259b\u0259rl\u0259r"],"inLanguage":"az"},{"@type":"WebPage","@id":"https:\/\/www.meydan.tv\/az\/article\/ozunu-yandiran-qarabag-qazisi-5-gunden-sonra-heyatini-itirib\/","url":"https:\/\/www.meydan.tv\/az\/article\/ozunu-yandiran-qarabag-qazisi-5-gunden-sonra-heyatini-itirib\/","name":"\u00d6z\u00fcn\u00fc yand\u0131ran Qaraba\u011f qazisi 5 g\u00fcnd\u0259n sonra\u00a0h\u0259yat\u0131n\u0131 itirib - MEYDAN.TV","isPartOf":{"@id":"https:\/\/www.meydan.tv\/az\/#website"},"primaryImageOfPage":{"@id":"https:\/\/www.meydan.tv\/az\/article\/ozunu-yandiran-qarabag-qazisi-5-gunden-sonra-heyatini-itirib\/#primaryimage"},"image":{"@id":"https:\/\/www.meydan.tv\/az\/article\/ozunu-yandiran-qarabag-qazisi-5-gunden-sonra-heyatini-itirib\/#primaryimage"},"thumbnailUrl":"https:\/\/www.meydan.tv\/wp-content\/uploads\/untitled-design-162-e1690145038833.jpg","datePublished":"2024-06-24T14:27:23+00:00","dateModified":"2024-06-24T14:27:25+00:00","breadcrumb":{"@id":"https:\/\/www.meydan.tv\/az\/article\/ozunu-yandiran-qarabag-qazisi-5-gunden-sonra-heyatini-itirib\/#breadcrumb"},"inLanguage":"az","potentialAction":[{"@type":"ReadAction","target":["https:\/\/www.meydan.tv\/az\/article\/ozunu-yandiran-qarabag-qazisi-5-gunden-sonra-heyatini-itirib\/"]}]},{"@type":"ImageObject","inLanguage":"az","@id":"https:\/\/www.meydan.tv\/az\/article\/ozunu-yandiran-qarabag-qazisi-5-gunden-sonra-heyatini-itirib\/#primaryimage","url":"https:\/\/www.meydan.tv\/wp-content\/uploads\/untitled-design-162-e1690145038833.jpg","contentUrl":"https:\/\/www.meydan.tv\/wp-content\/uploads\/untitled-design-162-e1690145038833.jpg","width":1200,"height":696,"caption":"\u018fsg\u0259r. Foto: Meydan TV"},{"@type":"BreadcrumbList","@id":"https:\/\/www.meydan.tv\/az\/article\/ozunu-yandiran-qarabag-qazisi-5-gunden-sonra-heyatini-itirib\/#breadcrumb","itemListElement":[{"@type":"ListItem","position":1,"name":"Ana s\u0259hif\u0259","item":"https:\/\/www.meydan.tv\/az\/"},{"@type":"ListItem","position":2,"name":"B\u00f6lg\u0259","item":"https:\/\/www.meydan.tv\/az\/section\/bolge\/"},{"@type":"ListItem","position":3,"name":"\u00d6z\u00fcn\u00fc yand\u0131ran Qaraba\u011f qazisi 5 g\u00fcnd\u0259n sonra\u00a0h\u0259yat\u0131n\u0131 itirib"}]},{"@type":"WebSite","@id":"https:\/\/www.meydan.tv\/az\/#website","url":"https:\/\/www.meydan.tv\/az\/","name":"MEYDAN.TV","description":"Meydan TV Az\u0259rbaycan\u0131n media m\u0259kan\u0131ndak\u0131 alternativ s\u0259sidir","publisher":{"@id":"https:\/\/www.meydan.tv\/az\/#organization"},"potentialAction":[{"@type":"SearchAction","target":{"@type":"EntryPoint","urlTemplate":"https:\/\/www.meydan.tv\/az\/?s={search_term_string}"},"query-input":{"@type":"PropertyValueSpecification","valueRequired":true,"valueName":"search_term_string"}}],"inLanguage":"az"},{"@type":"Organization","@id":"https:\/\/www.meydan.tv\/az\/#organization","name":"Meydan TV","url":"https:\/\/www.meydan.tv\/az\/","logo":{"@type":"ImageObject","inLanguage":"az","@id":"https:\/\/www.meydan.tv\/az\/#\/schema\/logo\/image\/","url":"https:\/\/www.meydan.tv\/wp-content\/uploads\/2021\/07\/meydan-logo.svg","contentUrl":"https:\/\/www.meydan.tv\/wp-content\/uploads\/2021\/07\/meydan-logo.svg","width":195,"height":46,"caption":"Meydan TV"},"image":{"@id":"https:\/\/www.meydan.tv\/az\/#\/schema\/logo\/image\/"}},{"@type":"Person","@id":"https:\/\/www.meydan.tv\/az\/#\/schema\/person\/09863e516102a829e72bedcf3f84c6b0","name":"mahmud"}]}},"_links":{"self":[{"href":"https:\/\/www.meydan.tv\/az\/wp-json\/wp\/v2\/posts\/308814","targetHints":{"allow":["GET"]}}],"collection":[{"href":"https:\/\/www.meydan.tv\/az\/wp-json\/wp\/v2\/posts"}],"about":[{"href":"https:\/\/www.meydan.tv\/az\/wp-json\/wp\/v2\/types\/post"}],"author":[{"embeddable":true,"href":"https:\/\/www.meydan.tv\/az\/wp-json\/wp\/v2\/users\/21"}],"replies":[{"embeddable":true,"href":"https:\/\/www.meydan.tv\/az\/wp-json\/wp\/v2\/comments?post=308814"}],"version-history":[{"count":1,"href":"https:\/\/www.meydan.tv\/az\/wp-json\/wp\/v2\/posts\/308814\/revisions"}],"predecessor-version":[{"id":308816,"href":"https:\/\/www.meydan.tv\/az\/wp-json\/wp\/v2\/posts\/308814\/revisions\/308816"}],"wp:featuredmedia":[{"embeddable":true,"href":"https:\/\/www.meydan.tv\/az\/wp-json\/wp\/v2\/media\/280368"}],"wp:attachment":[{"href":"https:\/\/www.meydan.tv\/az\/wp-json\/wp\/v2\/media?parent=308814"}],"wp:term":[{"taxonomy":"category","embeddable":true,"href":"https:\/\/www.meydan.tv\/az\/wp-json\/wp\/v2\/categories?post=308814"},{"taxonomy":"post_tag","embeddable":true,"href":"https:\/\/www.meydan.tv\/az\/wp-json\/wp\/v2\/tags?post=308814"}],"curies":[{"name":"wp","href":"https:\/\/api.w.org\/{rel}","templated":true}]}}