{"id":308772,"date":"2024-06-24T13:23:20","date_gmt":"2024-06-24T09:23:20","guid":{"rendered":"https:\/\/www.meydan.tv\/?p=308772"},"modified":"2024-06-24T13:23:22","modified_gmt":"2024-06-24T09:23:22","slug":"baki-kendlerinde-su-qitligi-yasanir","status":"publish","type":"post","link":"https:\/\/www.meydan.tv\/az\/article\/baki-kendlerinde-su-qitligi-yasanir\/","title":{"rendered":"Bak\u0131 k\u0259ndl\u0259rind\u0259 su q\u0131tl\u0131\u011f\u0131 ya\u015fan\u0131r"},"content":{"rendered":"\n<p><\/p>\n\n\n\n<p><strong><em>Suyun m\u0259hdudiyy\u0259tl\u0259 verilm\u0259si sakinl\u0259ri naraz\u0131 sal\u0131b<\/em><\/strong><\/p>\n\n\n\n<p>Paytaxt\u0131n q\u0259s\u0259b\u0259 v\u0259 k\u0259ndl\u0259rind\u0259 i\u00e7m\u0259li suyun m\u0259hdudiyy\u0259tl\u0259 verilm\u0259si il\u0259 ba\u011fl\u0131 \u015fikay\u0259tl\u0259r art\u0131b. Sakinl\u0259r deyirl\u0259r ki, b\u0259z\u0259n g\u00fcnl\u0259rl\u0259 su \u00fcz\u00fcn\u0259 h\u0259sr\u0259t qal\u0131rlar. Bir ma\u015f\u0131n suyu 30-40 manata al\u0131rlar ki, o da uzaqba\u015f\u0131 3-4 g\u00fcn b\u0259s edir.<\/p>\n\n\n\n<p>Bilg\u0259h q\u0259s\u0259b\u0259sind\u0259 bir ne\u00e7\u0259 g\u00fcnd\u00fcr i\u00e7m\u0259li su vaxtl\u0131- vaxt\u0131nda verilmir.<\/p>\n\n\n\n<p>Bunu Meydan TV-y\u0259 q\u0259s\u0259b\u0259 sakini \u0130ntiqam H\u00fcseynov bildirib. Onun s\u00f6zl\u0259rin\u0259 g\u00f6r\u0259, bununla ba\u011fl\u0131 bir ne\u00e7\u0259 d\u0259f\u0259 \u201cAz\u0259rsu\u201d S\u0259hmdar C\u0259miyy\u0259tin\u0259 \u015fikay\u0259t edib.<\/p>\n\n\n\n<p><em>\u201cH\u0259r yay m\u00f6vs\u00fcm\u00fcnd\u0259 eyni problemi ya\u015f\u0131y\u0131r\u0131q. Hava isti olan kimi su verili\u015fi dayand\u0131r\u0131l\u0131r v\u0259 ya t\u0259zyiq a\u015fa\u011f\u0131 sal\u0131n\u0131r\u201d,<\/em>&#8211; \u015fikay\u0259t\u00e7i s\u00f6yl\u0259yib.<\/p>\n\n\n\n<p>T\u0259kc\u0259 Bilg\u0259hd\u0259 deyil, Bin\u0259 q\u0259s\u0259b\u0259sinin Sovxoz adland\u0131r\u0131lan \u0259razisind\u0259 d\u0259 sakinl\u0259r su problemi ya\u015fay\u0131rlar. Q\u0259s\u0259b\u0259 sakini Zaur \u018fliyev deyib ki, X\u0259z\u0259r rayon Sukanal \u0130dar\u0259sin\u0259 dem\u0259k olar ki, g\u00fcnd\u0259 bir ne\u00e7\u0259 d\u0259f\u0259 \u015fikay\u0259t edirl\u0259r. Lakin t\u0259dbir g\u00f6r\u0259n yoxdur. Eyni zamanda, Nardaran q\u0259s\u0259b\u0259sind\u0259 d\u0259 i\u00e7m\u0259li su verilm\u0259sind\u0259 probleml\u0259rin oldu\u011fu deyilir. Sakinl\u0259rin s\u00f6zl\u0259rin\u0259 g\u00f6r\u0259, Nardarandaki istirah\u0259t m\u0259rk\u0259zl\u0259rin\u0259, m\u0259\u015fhur \u00e7im\u0259rlikl\u0259r\u0259 su verildiyi halda onlar saatlarla, b\u0259z\u0259n g\u00fcnl\u0259rl\u0259 susuz qal\u0131rlar.<\/p>\n\n\n\n<p>Ma\u015fta\u011fan\u0131n Savalan ya\u015fay\u0131\u015f sah\u0259sind\u0259 d\u0259 suyun verilm\u0259sind\u0259 m\u0259hdudiyy\u0259tl\u0259r yaran\u0131r. Q\u0259s\u0259b\u0259 sakinl\u0259ri deyirl\u0259r ki, su b\u0259z\u0259n gec\u0259l\u0259r o q\u0259d\u0259r a\u015fa\u011f\u0131 t\u0259zyiql\u0259 verilir ki, bir vedr\u0259ni doldurmaq \u00fc\u00e7\u00fcn yar\u0131m saatdan \u00e7ox g\u00f6zl\u0259m\u0259k m\u0259cburiyy\u0259tind\u0259 qal\u0131rlar. Son iki h\u0259ft\u0259dir su \u00fcz\u00fcn\u0259 h\u0259sr\u0259t qal\u0131blar.<\/p>\n\n\n\n<p>Sabun\u00e7u q\u0259s\u0259b\u0259si M.Qas\u0131mov k\u00fc\u00e7\u0259sind\u0259 d\u0259 su yaln\u0131z gec\u0259 saatlar\u0131nda g\u0259lir. Amma t\u0259zyiq olduqca a\u015fa\u011f\u0131 olur. Paytaxt\u0131n Qara\u00e7\u00fcxur, Qarada\u011f q\u0259s\u0259b\u0259l\u0259rind\u0259 d\u0259 suyun verili\u015find\u0259 probleml\u0259r oldu\u011fu yaz\u0131l\u0131b. Novxan\u0131 q\u0259s\u0259b\u0259si sakini S\u0259di Quliyevs\u0259 bildirib ki, yay g\u0259l\u0259nd\u0259n ma\u015f\u0131nlarla su al\u0131rlar.<\/p>\n\n\n\n<p>Salat\u0131n \u018fsg\u0259rova k\u00fc\u00e7\u0259sind\u0259 d\u0259 g\u00fcnl\u0259rl\u0259 su olmur. Sakinl\u0259r bir ne\u00e7\u0259 d\u0259f\u0259 imza toplamaqla \u015fikay\u0259tl\u0259r edibl\u0259r, amma n\u0259tic\u0259si olmay\u0131b.<\/p>\n\n\n\n<p><em>\u201cSakinl\u0259rd\u0259n b\u0259zil\u0259rinin su alma\u011fa imkan\u0131 yoxdur. \u201cQaynar x\u0259tt\u201d xidm\u0259ti is\u0259 h\u0259r d\u0259f\u0259 m\u00fcraci\u0259tl\u0259rin qeyd\u0259 al\u0131nd\u0131\u011f\u0131n\u0131 s\u00f6yl\u0259m\u0259kl\u0259 sakinl\u0259ri yola verir\u201d,<\/em> &#8211; sakinl\u0259r deyir.<\/p>\n\n\n\n<p>\u201dAz\u0259rsu\u201d S\u0259hmdar C\u0259miyy\u0259tind\u0259n Meydan TV-y\u0259 b\u00fct\u00fcn m\u00fcraci\u0259tl\u0259rin qeyd\u0259 al\u0131naraq t\u0259dbir g\u00f6r\u00fcld\u00fcy\u00fcn\u00fc s\u00f6yl\u0259m\u0259kl\u0259 kifay\u0259tl\u0259nibl\u0259r.<\/p>\n","protected":false},"excerpt":{"rendered":"<p>Suyun m\u0259hdudiyy\u0259tl\u0259 verilm\u0259si sakinl\u0259ri naraz\u0131 sal\u0131b Paytaxt\u0131n q\u0259s\u0259b\u0259 v\u0259 k\u0259ndl\u0259rind\u0259 &#8230; <\/p>\n<p class=\"read-more-container\"><a title=\"Bak\u0131 k\u0259ndl\u0259rind\u0259 su q\u0131tl\u0131\u011f\u0131 ya\u015fan\u0131r\" class=\"read-more button\" href=\"https:\/\/www.meydan.tv\/az\/article\/baki-kendlerinde-su-qitligi-yasanir\/#more-308772\" aria-label=\"Read more about Bak\u0131 k\u0259ndl\u0259rind\u0259 su q\u0131tl\u0131\u011f\u0131 ya\u015fan\u0131r\">Davam\u0131<\/a><\/p>\n","protected":false},"author":8,"featured_media":304636,"comment_status":"closed","ping_status":"closed","sticky":false,"template":"","format":"standard","meta":{"_acf_changed":false,"_sitemap_exclude":false,"_sitemap_priority":"","_sitemap_frequency":"","footnotes":""},"categories":[62,56],"tags":[],"class_list":["post-308772","post","type-post","status-publish","format-standard","has-post-thumbnail","hentry","category-sosial","category-xeberler","infinite-scroll-item","generate-columns","tablet-grid-50","mobile-grid-100","grid-parent","grid-33","no-featured-image-padding"],"acf":[],"yoast_head":"<!-- This site is optimized with the Yoast SEO plugin v27.5 - https:\/\/yoast.com\/product\/yoast-seo-wordpress\/ -->\n<title>Bak\u0131 k\u0259ndl\u0259rind\u0259 su q\u0131tl\u0131\u011f\u0131 ya\u015fan\u0131r - MEYDAN.TV<\/title>\n<meta name=\"robots\" content=\"index, follow, max-snippet:-1, max-image-preview:large, max-video-preview:-1\" \/>\n<link rel=\"canonical\" href=\"https:\/\/www.meydan.tv\/az\/article\/baki-kendlerinde-su-qitligi-yasanir\/\" \/>\n<meta property=\"og:locale\" content=\"az_AZ\" \/>\n<meta property=\"og:type\" content=\"article\" \/>\n<meta property=\"og:title\" content=\"Bak\u0131 k\u0259ndl\u0259rind\u0259 su q\u0131tl\u0131\u011f\u0131 ya\u015fan\u0131r - MEYDAN.TV\" \/>\n<meta property=\"og:description\" content=\"Suyun m\u0259hdudiyy\u0259tl\u0259 verilm\u0259si sakinl\u0259ri naraz\u0131 sal\u0131b Paytaxt\u0131n q\u0259s\u0259b\u0259 v\u0259 k\u0259ndl\u0259rind\u0259 ... Davam\u0131\" \/>\n<meta property=\"og:url\" content=\"https:\/\/www.meydan.tv\/az\/article\/baki-kendlerinde-su-qitligi-yasanir\/\" \/>\n<meta property=\"og:site_name\" content=\"MEYDAN.TV\" \/>\n<meta property=\"article:published_time\" content=\"2024-06-24T09:23:20+00:00\" \/>\n<meta property=\"article:modified_time\" content=\"2024-06-24T09:23:22+00:00\" \/>\n<meta property=\"og:image\" content=\"https:\/\/www.meydan.tv\/wp-content\/uploads\/2023_09_29_496489_su-1.jpg\" \/>\n\t<meta property=\"og:image:width\" content=\"1000\" \/>\n\t<meta property=\"og:image:height\" content=\"563\" \/>\n\t<meta property=\"og:image:type\" content=\"image\/jpeg\" \/>\n<meta name=\"author\" content=\"elli\" \/>\n<meta name=\"twitter:card\" content=\"summary_large_image\" \/>\n<meta name=\"twitter:creator\" content=\"@elli\" \/>\n<script type=\"application\/ld+json\" class=\"yoast-schema-graph\">{\"@context\":\"https:\\\/\\\/schema.org\",\"@graph\":[{\"@type\":\"Article\",\"@id\":\"https:\\\/\\\/www.meydan.tv\\\/az\\\/article\\\/baki-kendlerinde-su-qitligi-yasanir\\\/#article\",\"isPartOf\":{\"@id\":\"https:\\\/\\\/www.meydan.tv\\\/az\\\/article\\\/baki-kendlerinde-su-qitligi-yasanir\\\/\"},\"author\":{\"name\":\"elli\",\"@id\":\"https:\\\/\\\/www.meydan.tv\\\/az\\\/#\\\/schema\\\/person\\\/9cdbecf90d17180ce1dfbd95b08dcf47\"},\"headline\":\"Bak\u0131 k\u0259ndl\u0259rind\u0259 su q\u0131tl\u0131\u011f\u0131 ya\u015fan\u0131r\",\"datePublished\":\"2024-06-24T09:23:20+00:00\",\"dateModified\":\"2024-06-24T09:23:22+00:00\",\"mainEntityOfPage\":{\"@id\":\"https:\\\/\\\/www.meydan.tv\\\/az\\\/article\\\/baki-kendlerinde-su-qitligi-yasanir\\\/\"},\"wordCount\":540,\"publisher\":{\"@id\":\"https:\\\/\\\/www.meydan.tv\\\/az\\\/#organization\"},\"image\":{\"@id\":\"https:\\\/\\\/www.meydan.tv\\\/az\\\/article\\\/baki-kendlerinde-su-qitligi-yasanir\\\/#primaryimage\"},\"thumbnailUrl\":\"https:\\\/\\\/www.meydan.tv\\\/wp-content\\\/uploads\\\/2023_09_29_496489_su-1.jpg\",\"articleSection\":[\"Sosial\",\"X\u0259b\u0259rl\u0259r\"],\"inLanguage\":\"az\"},{\"@type\":\"WebPage\",\"@id\":\"https:\\\/\\\/www.meydan.tv\\\/az\\\/article\\\/baki-kendlerinde-su-qitligi-yasanir\\\/\",\"url\":\"https:\\\/\\\/www.meydan.tv\\\/az\\\/article\\\/baki-kendlerinde-su-qitligi-yasanir\\\/\",\"name\":\"Bak\u0131 k\u0259ndl\u0259rind\u0259 su q\u0131tl\u0131\u011f\u0131 ya\u015fan\u0131r - MEYDAN.TV\",\"isPartOf\":{\"@id\":\"https:\\\/\\\/www.meydan.tv\\\/az\\\/#website\"},\"primaryImageOfPage\":{\"@id\":\"https:\\\/\\\/www.meydan.tv\\\/az\\\/article\\\/baki-kendlerinde-su-qitligi-yasanir\\\/#primaryimage\"},\"image\":{\"@id\":\"https:\\\/\\\/www.meydan.tv\\\/az\\\/article\\\/baki-kendlerinde-su-qitligi-yasanir\\\/#primaryimage\"},\"thumbnailUrl\":\"https:\\\/\\\/www.meydan.tv\\\/wp-content\\\/uploads\\\/2023_09_29_496489_su-1.jpg\",\"datePublished\":\"2024-06-24T09:23:20+00:00\",\"dateModified\":\"2024-06-24T09:23:22+00:00\",\"breadcrumb\":{\"@id\":\"https:\\\/\\\/www.meydan.tv\\\/az\\\/article\\\/baki-kendlerinde-su-qitligi-yasanir\\\/#breadcrumb\"},\"inLanguage\":\"az\",\"potentialAction\":[{\"@type\":\"ReadAction\",\"target\":[\"https:\\\/\\\/www.meydan.tv\\\/az\\\/article\\\/baki-kendlerinde-su-qitligi-yasanir\\\/\"]}]},{\"@type\":\"ImageObject\",\"inLanguage\":\"az\",\"@id\":\"https:\\\/\\\/www.meydan.tv\\\/az\\\/article\\\/baki-kendlerinde-su-qitligi-yasanir\\\/#primaryimage\",\"url\":\"https:\\\/\\\/www.meydan.tv\\\/wp-content\\\/uploads\\\/2023_09_29_496489_su-1.jpg\",\"contentUrl\":\"https:\\\/\\\/www.meydan.tv\\\/wp-content\\\/uploads\\\/2023_09_29_496489_su-1.jpg\",\"width\":1000,\"height\":563,\"caption\":\"Su q\u0131tl\u0131\u011f\u0131. Foto: arxiv\"},{\"@type\":\"BreadcrumbList\",\"@id\":\"https:\\\/\\\/www.meydan.tv\\\/az\\\/article\\\/baki-kendlerinde-su-qitligi-yasanir\\\/#breadcrumb\",\"itemListElement\":[{\"@type\":\"ListItem\",\"position\":1,\"name\":\"Ana s\u0259hif\u0259\",\"item\":\"https:\\\/\\\/www.meydan.tv\\\/az\\\/\"},{\"@type\":\"ListItem\",\"position\":2,\"name\":\"Sosial\",\"item\":\"https:\\\/\\\/www.meydan.tv\\\/az\\\/section\\\/sosial\\\/\"},{\"@type\":\"ListItem\",\"position\":3,\"name\":\"Bak\u0131 k\u0259ndl\u0259rind\u0259 su q\u0131tl\u0131\u011f\u0131 ya\u015fan\u0131r\"}]},{\"@type\":\"WebSite\",\"@id\":\"https:\\\/\\\/www.meydan.tv\\\/az\\\/#website\",\"url\":\"https:\\\/\\\/www.meydan.tv\\\/az\\\/\",\"name\":\"MEYDAN.TV\",\"description\":\"Meydan TV Az\u0259rbaycan\u0131n media m\u0259kan\u0131ndak\u0131 alternativ s\u0259sidir\",\"publisher\":{\"@id\":\"https:\\\/\\\/www.meydan.tv\\\/az\\\/#organization\"},\"potentialAction\":[{\"@type\":\"SearchAction\",\"target\":{\"@type\":\"EntryPoint\",\"urlTemplate\":\"https:\\\/\\\/www.meydan.tv\\\/az\\\/?s={search_term_string}\"},\"query-input\":{\"@type\":\"PropertyValueSpecification\",\"valueRequired\":true,\"valueName\":\"search_term_string\"}}],\"inLanguage\":\"az\"},{\"@type\":\"Organization\",\"@id\":\"https:\\\/\\\/www.meydan.tv\\\/az\\\/#organization\",\"name\":\"Meydan TV\",\"url\":\"https:\\\/\\\/www.meydan.tv\\\/az\\\/\",\"logo\":{\"@type\":\"ImageObject\",\"inLanguage\":\"az\",\"@id\":\"https:\\\/\\\/www.meydan.tv\\\/az\\\/#\\\/schema\\\/logo\\\/image\\\/\",\"url\":\"https:\\\/\\\/www.meydan.tv\\\/wp-content\\\/uploads\\\/2021\\\/07\\\/meydan-logo.svg\",\"contentUrl\":\"https:\\\/\\\/www.meydan.tv\\\/wp-content\\\/uploads\\\/2021\\\/07\\\/meydan-logo.svg\",\"width\":195,\"height\":46,\"caption\":\"Meydan TV\"},\"image\":{\"@id\":\"https:\\\/\\\/www.meydan.tv\\\/az\\\/#\\\/schema\\\/logo\\\/image\\\/\"}},{\"@type\":\"Person\",\"@id\":\"https:\\\/\\\/www.meydan.tv\\\/az\\\/#\\\/schema\\\/person\\\/9cdbecf90d17180ce1dfbd95b08dcf47\",\"name\":\"elli\",\"sameAs\":[\"https:\\\/\\\/x.com\\\/elli\"]}]}<\/script>\n<!-- \/ Yoast SEO plugin. -->","yoast_head_json":{"title":"Bak\u0131 k\u0259ndl\u0259rind\u0259 su q\u0131tl\u0131\u011f\u0131 ya\u015fan\u0131r - MEYDAN.TV","robots":{"index":"index","follow":"follow","max-snippet":"max-snippet:-1","max-image-preview":"max-image-preview:large","max-video-preview":"max-video-preview:-1"},"canonical":"https:\/\/www.meydan.tv\/az\/article\/baki-kendlerinde-su-qitligi-yasanir\/","og_locale":"az_AZ","og_type":"article","og_title":"Bak\u0131 k\u0259ndl\u0259rind\u0259 su q\u0131tl\u0131\u011f\u0131 ya\u015fan\u0131r - MEYDAN.TV","og_description":"Suyun m\u0259hdudiyy\u0259tl\u0259 verilm\u0259si sakinl\u0259ri naraz\u0131 sal\u0131b Paytaxt\u0131n q\u0259s\u0259b\u0259 v\u0259 k\u0259ndl\u0259rind\u0259 ... Davam\u0131","og_url":"https:\/\/www.meydan.tv\/az\/article\/baki-kendlerinde-su-qitligi-yasanir\/","og_site_name":"MEYDAN.TV","article_published_time":"2024-06-24T09:23:20+00:00","article_modified_time":"2024-06-24T09:23:22+00:00","og_image":[{"width":1000,"height":563,"url":"https:\/\/www.meydan.tv\/wp-content\/uploads\/2023_09_29_496489_su-1.jpg","type":"image\/jpeg"}],"author":"elli","twitter_card":"summary_large_image","twitter_creator":"@elli","schema":{"@context":"https:\/\/schema.org","@graph":[{"@type":"Article","@id":"https:\/\/www.meydan.tv\/az\/article\/baki-kendlerinde-su-qitligi-yasanir\/#article","isPartOf":{"@id":"https:\/\/www.meydan.tv\/az\/article\/baki-kendlerinde-su-qitligi-yasanir\/"},"author":{"name":"elli","@id":"https:\/\/www.meydan.tv\/az\/#\/schema\/person\/9cdbecf90d17180ce1dfbd95b08dcf47"},"headline":"Bak\u0131 k\u0259ndl\u0259rind\u0259 su q\u0131tl\u0131\u011f\u0131 ya\u015fan\u0131r","datePublished":"2024-06-24T09:23:20+00:00","dateModified":"2024-06-24T09:23:22+00:00","mainEntityOfPage":{"@id":"https:\/\/www.meydan.tv\/az\/article\/baki-kendlerinde-su-qitligi-yasanir\/"},"wordCount":540,"publisher":{"@id":"https:\/\/www.meydan.tv\/az\/#organization"},"image":{"@id":"https:\/\/www.meydan.tv\/az\/article\/baki-kendlerinde-su-qitligi-yasanir\/#primaryimage"},"thumbnailUrl":"https:\/\/www.meydan.tv\/wp-content\/uploads\/2023_09_29_496489_su-1.jpg","articleSection":["Sosial","X\u0259b\u0259rl\u0259r"],"inLanguage":"az"},{"@type":"WebPage","@id":"https:\/\/www.meydan.tv\/az\/article\/baki-kendlerinde-su-qitligi-yasanir\/","url":"https:\/\/www.meydan.tv\/az\/article\/baki-kendlerinde-su-qitligi-yasanir\/","name":"Bak\u0131 k\u0259ndl\u0259rind\u0259 su q\u0131tl\u0131\u011f\u0131 ya\u015fan\u0131r - MEYDAN.TV","isPartOf":{"@id":"https:\/\/www.meydan.tv\/az\/#website"},"primaryImageOfPage":{"@id":"https:\/\/www.meydan.tv\/az\/article\/baki-kendlerinde-su-qitligi-yasanir\/#primaryimage"},"image":{"@id":"https:\/\/www.meydan.tv\/az\/article\/baki-kendlerinde-su-qitligi-yasanir\/#primaryimage"},"thumbnailUrl":"https:\/\/www.meydan.tv\/wp-content\/uploads\/2023_09_29_496489_su-1.jpg","datePublished":"2024-06-24T09:23:20+00:00","dateModified":"2024-06-24T09:23:22+00:00","breadcrumb":{"@id":"https:\/\/www.meydan.tv\/az\/article\/baki-kendlerinde-su-qitligi-yasanir\/#breadcrumb"},"inLanguage":"az","potentialAction":[{"@type":"ReadAction","target":["https:\/\/www.meydan.tv\/az\/article\/baki-kendlerinde-su-qitligi-yasanir\/"]}]},{"@type":"ImageObject","inLanguage":"az","@id":"https:\/\/www.meydan.tv\/az\/article\/baki-kendlerinde-su-qitligi-yasanir\/#primaryimage","url":"https:\/\/www.meydan.tv\/wp-content\/uploads\/2023_09_29_496489_su-1.jpg","contentUrl":"https:\/\/www.meydan.tv\/wp-content\/uploads\/2023_09_29_496489_su-1.jpg","width":1000,"height":563,"caption":"Su q\u0131tl\u0131\u011f\u0131. Foto: arxiv"},{"@type":"BreadcrumbList","@id":"https:\/\/www.meydan.tv\/az\/article\/baki-kendlerinde-su-qitligi-yasanir\/#breadcrumb","itemListElement":[{"@type":"ListItem","position":1,"name":"Ana s\u0259hif\u0259","item":"https:\/\/www.meydan.tv\/az\/"},{"@type":"ListItem","position":2,"name":"Sosial","item":"https:\/\/www.meydan.tv\/az\/section\/sosial\/"},{"@type":"ListItem","position":3,"name":"Bak\u0131 k\u0259ndl\u0259rind\u0259 su q\u0131tl\u0131\u011f\u0131 ya\u015fan\u0131r"}]},{"@type":"WebSite","@id":"https:\/\/www.meydan.tv\/az\/#website","url":"https:\/\/www.meydan.tv\/az\/","name":"MEYDAN.TV","description":"Meydan TV Az\u0259rbaycan\u0131n media m\u0259kan\u0131ndak\u0131 alternativ s\u0259sidir","publisher":{"@id":"https:\/\/www.meydan.tv\/az\/#organization"},"potentialAction":[{"@type":"SearchAction","target":{"@type":"EntryPoint","urlTemplate":"https:\/\/www.meydan.tv\/az\/?s={search_term_string}"},"query-input":{"@type":"PropertyValueSpecification","valueRequired":true,"valueName":"search_term_string"}}],"inLanguage":"az"},{"@type":"Organization","@id":"https:\/\/www.meydan.tv\/az\/#organization","name":"Meydan TV","url":"https:\/\/www.meydan.tv\/az\/","logo":{"@type":"ImageObject","inLanguage":"az","@id":"https:\/\/www.meydan.tv\/az\/#\/schema\/logo\/image\/","url":"https:\/\/www.meydan.tv\/wp-content\/uploads\/2021\/07\/meydan-logo.svg","contentUrl":"https:\/\/www.meydan.tv\/wp-content\/uploads\/2021\/07\/meydan-logo.svg","width":195,"height":46,"caption":"Meydan TV"},"image":{"@id":"https:\/\/www.meydan.tv\/az\/#\/schema\/logo\/image\/"}},{"@type":"Person","@id":"https:\/\/www.meydan.tv\/az\/#\/schema\/person\/9cdbecf90d17180ce1dfbd95b08dcf47","name":"elli","sameAs":["https:\/\/x.com\/elli"]}]}},"_links":{"self":[{"href":"https:\/\/www.meydan.tv\/az\/wp-json\/wp\/v2\/posts\/308772","targetHints":{"allow":["GET"]}}],"collection":[{"href":"https:\/\/www.meydan.tv\/az\/wp-json\/wp\/v2\/posts"}],"about":[{"href":"https:\/\/www.meydan.tv\/az\/wp-json\/wp\/v2\/types\/post"}],"author":[{"embeddable":true,"href":"https:\/\/www.meydan.tv\/az\/wp-json\/wp\/v2\/users\/8"}],"replies":[{"embeddable":true,"href":"https:\/\/www.meydan.tv\/az\/wp-json\/wp\/v2\/comments?post=308772"}],"version-history":[{"count":3,"href":"https:\/\/www.meydan.tv\/az\/wp-json\/wp\/v2\/posts\/308772\/revisions"}],"predecessor-version":[{"id":308778,"href":"https:\/\/www.meydan.tv\/az\/wp-json\/wp\/v2\/posts\/308772\/revisions\/308778"}],"wp:featuredmedia":[{"embeddable":true,"href":"https:\/\/www.meydan.tv\/az\/wp-json\/wp\/v2\/media\/304636"}],"wp:attachment":[{"href":"https:\/\/www.meydan.tv\/az\/wp-json\/wp\/v2\/media?parent=308772"}],"wp:term":[{"taxonomy":"category","embeddable":true,"href":"https:\/\/www.meydan.tv\/az\/wp-json\/wp\/v2\/categories?post=308772"},{"taxonomy":"post_tag","embeddable":true,"href":"https:\/\/www.meydan.tv\/az\/wp-json\/wp\/v2\/tags?post=308772"}],"curies":[{"name":"wp","href":"https:\/\/api.w.org\/{rel}","templated":true}]}}