{"id":308752,"date":"2024-06-24T12:54:53","date_gmt":"2024-06-24T08:54:53","guid":{"rendered":"https:\/\/www.meydan.tv\/?p=308752"},"modified":"2024-06-24T12:54:56","modified_gmt":"2024-06-24T08:54:56","slug":"qarabag-elili-qadin-kimi-doyusde-cekdiyim-zulmu-hec-bir-kisi-cekmeyib","status":"publish","type":"post","link":"https:\/\/www.meydan.tv\/az\/article\/qarabag-elili-qadin-kimi-doyusde-cekdiyim-zulmu-hec-bir-kisi-cekmeyib\/","title":{"rendered":"Qaraba\u011f \u0259lili: &#8220;Qad\u0131n kimi d\u00f6y\u00fc\u015fd\u0259 \u00e7\u0259kdiyim z\u00fclm\u00fc he\u00e7 bir ki\u015fi \u00e7\u0259km\u0259yib&#8221;"},"content":{"rendered":"\n<p><\/p>\n\n\n\n<p><strong><em>S\u0259may\u0259 X\u0259lilova pulsuz \u0259m\u0259liyyat oluna bilm\u0259diyini deyir<\/em><\/strong><\/p>\n\n\n\n<p>Qusar sakini S\u0259may\u0259 X\u0259lilova 65 illik \u00f6mr\u00fcn\u00fcn 5 ilini Birinci Qaraba\u011f m\u00fcharib\u0259sind\u0259, \u0259n aktiv d\u00f6y\u00fc\u015f b\u00f6lg\u0259l\u0259rind\u0259 ke\u00e7irib.<\/p>\n\n\n\n<p>Orta ixtisas t\u0259hsilli X\u0259lilova Qusarda pe\u015f\u0259 m\u0259kt\u0259bind\u0259 m\u00fc\u0259llim, daha sonra 1989-1991-ci ill\u0259rd\u0259 Qusar Rayon Polis \u015e\u00f6b\u0259sind\u0259 \u00e7al\u0131\u015f\u0131b.<\/p>\n\n\n\n<p><strong>&#8220;Be\u015f il fasil\u0259siz \u00f6n c\u0259bh\u0259d\u0259 i\u015ftirak etm\u0259k qad\u0131n \u00fc\u00e7\u00fcn n\u0259 dem\u0259kdir?&#8221;<\/strong><\/p>\n\n\n\n<p>Onun s\u00f6zl\u0259rin\u0259 g\u00f6r\u0259, 1992-ci il yanvar\u0131n 8-d\u0259 10 g\u00fcnl\u00fck Qaraba\u011f d\u00f6y\u00fc\u015fl\u0259rin\u0259 g\u00f6nd\u0259rilib. Geri d\u00f6n\u00fc\u015f olmad\u0131\u011f\u0131ndan 1996-c\u0131 ilin 22 iyuluna q\u0259d\u0259r ta\u011f\u0131m komandiri kimi fasil\u0259siz h\u0259rbi xidm\u0259td\u0259 olub:<\/p>\n\n\n\n<p><em>&#8220;La\u00e7\u0131n\u0131n G\u00fcl\u0259bird k\u0259ndin\u0259 g\u00f6nd\u0259rildim v\u0259 sonra t\u0259rk etm\u0259y\u0259 qoymad\u0131lar. 1985-ci ild\u0259 h\u0259kim h\u0259yat yolda\u015f\u0131m r\u0259hm\u0259t\u0259 getdi, \u00f6vladlar\u0131m\u0131 n\u0259n\u0259 himay\u0259sin\u0259 qoyub getmi\u015fdim. H\u0259tta 10 ya\u015fl\u0131 o\u011flum dayana bilm\u0259yib 1995-ci ild\u0259 yan\u0131ma, d\u00f6y\u00fc\u015f b\u00f6lg\u0259sin\u0259 g\u0259lmi\u015fdi. \u00d6vladla d\u00f6y\u00fc\u015f\u0259n ana idim. Bizim \u00e7\u0259kdiyimiz z\u00fclm\u00fc tarix yazmaz. M\u0259nim qad\u0131n kimi \u00e7\u0259kdiyim z\u00fclm\u00fc indi he\u00e7 bir ki\u015fi \u00e7\u0259km\u0259yib. Be\u015f il fasil\u0259siz \u00f6n c\u0259bh\u0259d\u0259 i\u015ftirak qad\u0131n \u00fc\u00e7\u00fcn n\u0259 dem\u0259kdir? Tabeliyimd\u0259 158 \u0259sg\u0259r vard\u0131. Bir t\u0259k K\u0259lb\u0259c\u0259rd\u0259 olmad\u0131m, b\u00fct\u00fcn d\u00f6y\u00fc\u015f n\u00f6qt\u0259l\u0259rind\u0259, \u0259razil\u0259rd\u0259 ta\u011f\u0131m komandiri kimi i\u015ftirak etdim. Allahverdi Ba\u011f\u0131rovu \u00fc\u00e7 d\u0259f\u0259 g\u00f6rm\u00fc\u015f\u0259m&#8221;.<\/em><\/p>\n\n\n\n<p>&#8220;<em>Orada tibb bac\u0131lar\u0131, h\u0259kiml\u0259r vard\u0131, amma t\u0259k d\u00f6y\u00fc\u015f\u00e7\u00fc qad\u0131n m\u0259n idim. Orada litval\u0131 Tatyana adl\u0131 yaz\u0131\u00e7\u0131, Z\u00fclfiyy\u0259 adl\u0131 \u00e7e\u00e7en tibb bac\u0131s\u0131 da vard\u0131. H\u0259r an\u0131m\u0131z t\u0259hl\u00fck\u0259li idi. G\u00f6z\u00fcm\u00fcn qar\u015f\u0131s\u0131nda n\u0259 q\u0259d\u0259r \u00f6l\u00fcml\u0259r oldu. Ne\u00e7\u0259 \u0259sg\u0259rin h\u0259yat\u0131n\u0131 xilas etdim, yeri g\u0259l\u0259nd\u0259 tibb bac\u0131s\u0131 olub yaralar\u0131n\u0131 sar\u0131d\u0131m, m\u0259n\u0259vi d\u0259st\u0259k oldum ki, qorxmas\u0131nlar. Yad\u0131ma d\u00fc\u015f\u0259nd\u0259 stress ke\u00e7irir\u0259m&#8221;, <\/em>&#8211; dey\u0259 o qeyd edib.<\/p>\n\n\n\n<p><strong>&#8220;Be\u015f d\u0259f\u0259 \u0259m\u0259liyyat ke\u00e7irdim&#8221;<\/strong><\/p>\n\n\n\n<p>S\u0259may\u0259 X\u0259lilova m\u00fcharib\u0259d\u0259 \u00fc\u00e7 d\u0259f\u0259 a\u011f\u0131r yaralan\u0131b, 25 ildir ki, I qrup Qaraba\u011f \u0259lilidir.<\/p>\n\n\n\n<p>Dediyin\u0259 g\u00f6r\u0259, ilk d\u0259f\u0259 La\u00e7\u0131n\u0131n Mink\u0259nd \u0259razisind\u0259 ba\u015f\u0131ndan, ikinci d\u0259f\u0259 1993-c\u00fc ilin 27 aprelind\u0259 Z\u0259ngilan-Qubadl\u0131 \u0259razisind\u0259 qolundan g\u00fcll\u0259 yaras\u0131 al\u0131b.<\/p>\n\n\n\n<p>1995-ci ilin may\u0131n sonunda is\u0259 F\u00fczulinin Horadiz q\u0259s\u0259b\u0259sind\u0259 minaya d\u00fc\u015f\u00fcb, \u00e7anaq s\u00fcm\u00fcy\u00fc v\u0259 ayaqlar\u0131ndan a\u011f\u0131r yara al\u0131b.<\/p>\n\n\n\n<p>\u00d6nc\u0259 Beyl\u0259qan v\u0259 Bak\u0131dak\u0131 x\u0259st\u0259xanalarda m\u00fcalic\u0259 al\u0131b, daha sonra yaralar\u0131n\u0131n a\u011f\u0131rl\u0131\u011f\u0131 n\u0259z\u0259r\u0259 al\u0131naraq Ukraynaya \u0259m\u0259liyyata g\u00f6nd\u0259rilib: <\/p>\n\n\n\n<p><em>&#8220;Be\u015f d\u0259f\u0259 \u0259m\u0259liyyat ke\u00e7irdim v\u0259 1997-ci ilin noyabr\u0131nda d\u00f6y\u00fc\u015fd\u0259n t\u0259rxis olundum. Sonra da m\u0259n\u0259 birinci qrup Qaraba\u011f \u0259lili statusu verildi&#8221;<\/em>.<\/p>\n\n\n\n<p><strong>&#8220;\u0130\u00e7alat\u0131m\u0131n \u00e7ox hiss\u0259si yoxdur&#8221;<\/strong><\/p>\n\n\n\n<p>Birinci qrup Qaraba\u011f \u0259lili indi t\u0259nha ya\u015fay\u0131r. 60 ya\u015f\u0131nad\u0259k a\u015fpaz kimi \u00e7al\u0131\u015f\u0131b \u00f6vladlar\u0131na d\u0259st\u0259k olsa da, sonradan s\u0259hh\u0259ti imkan verm\u0259yib. \u00dc\u00e7 q\u0131z \u00f6vlad\u0131 ail\u0259 qurub, o\u011flu i\u015fsizlikd\u0259n dolay\u0131 rayonu t\u0259rk edib. Haz\u0131rda Bak\u0131da \u00e7al\u0131\u015fmaq m\u0259cburiyy\u0259tind\u0259dir.<\/p>\n\n\n\n<p>Deyir ki, son 10 ild\u0259 ayaqlar\u0131nda v\u0259 \u00e7anaqda g\u00fccl\u0259n\u0259n a\u011fr\u0131lardan \u0259ziyy\u0259t \u00e7\u0259kir. Ona g\u00f6r\u0259 d\u0259 n\u00f6vb\u0259ti \u0259m\u0259liyyat qa\u00e7\u0131lmazd\u0131r. Ayl\u0131q m\u00fcalic\u0259si d\u0259 \u00f6z hesab\u0131nad\u0131r. N\u0259 h\u0259r\u0259k\u0259t ed\u0259, n\u0259 \u0259yl\u0259\u015f\u0259 bilir. G\u00fcn\u00fcn\u00fcn \u0259sas hiss\u0259sini yataqda ke\u00e7ir\u0259n x\u0259st\u0259 qad\u0131n ikit\u0259r\u0259fli \u00e7anaq endoprotezl\u0259rin\u0259 m\u00f6htac oldu\u011funu deyir:<\/p>\n\n\n\n<p>&#8220;<em>\u00d6vladlar\u0131m qon\u015fu rayonda ail\u0259lidir, h\u0259rd\u0259n g\u0259lib bax\u0131rlar. Qar\u0131n nahiy\u0259sind\u0259 \u00e7anaqlara g\u00f6r\u0259 i\u00e7alat\u0131m\u0131n \u00e7ox hiss\u0259si yoxdur. Ba\u011f\u0131rsaqlar k\u0259sik-k\u0259sik, yumurtal\u0131q yoxdur. H\u0259r iki ayaq dizd\u0259n yuxar\u0131 \u015fi\u015fib, h\u0259r\u0259k\u0259tsizdir. \u00c7anaqlar minaya d\u00fc\u015f\u0259nd\u0259 yerind\u0259n \u00e7\u0131x\u0131b. Sol aya\u011f\u0131m lap a\u011f\u0131rd\u0131r. 20 g\u00fcnd\u00fcr ki, v\u0259ziyy\u0259tim lap a\u011f\u0131rla\u015f\u0131b. G\u0259z\u0259, otura, yol ged\u0259 bilmir\u0259m&#8221;.<\/em><\/p>\n\n\n\n<p><strong>&#8220;T\u0259k ist\u0259yim \u0259m\u0259liyyat olunmaqd\u0131r, onu da pulsuz etmirl\u0259r&#8221;<\/strong><\/p>\n\n\n\n<p>S\u0259may\u0259 X\u0259lilova deyir ki, b\u00fct\u00fcn aidiyy\u0259ti qurumlara m\u00fcraci\u0259t ets\u0259 d\u0259, pulsuz \u0259m\u0259liyyatdan imtina edirl\u0259r. \u018fm\u0259liyyat\u0131na 12 min manat v\u0259sait t\u0259l\u0259b olunur ki, bu m\u0259bl\u0259\u011f d\u0259 onun \u00fc\u00e7\u00fcn \u0259l\u00e7atmazd\u0131r:<\/p>\n\n\n\n<p><em>&#8220;Tibbi S\u0131\u011forta il\u0259 \u0259m\u0259liyyat \u00fc\u00e7\u00fcn m\u00fcraci\u0259t etdim. Top\u00e7uba\u015fovda h\u0259r protez \u00fc\u00e7\u00fcn 3500 manat ist\u0259dil\u0259r. \u00dcmumilikd\u0259 iki \u00e7anaq endoprotezi \u00fc\u00e7\u00fcn 12 min manat t\u0259l\u0259b edirl\u0259r. Guya alman ya italyan istehsal\u0131 protezl\u0259rdir. Qubaya bu ilin yanvar\u0131nda y\u00f6n\u0259ldib dedil\u0259r ki, bir protez qiym\u0259ti 4800-d\u00fcr. Pulsuz, icaz\u0259siz yoxdur. B\u00fct\u00fcn x\u0259st\u0259xana, T\u018fB\u0130B-\u0259, YA\u015eAT v\u0259 Heyd\u0259r \u018fliyev Fonduna etdiyim m\u00fcraci\u0259tl\u0259r n\u0259tic\u0259siz qald\u0131. Rayonda da kims\u0259 maraqlanm\u0131r&#8221;.<\/em><\/p>\n\n\n\n<p>&#8220;<em>YA\u015eAT Fondu bir d\u0259f\u0259 d\u0259rmanlar\u0131ma 150 manat k\u00f6m\u0259k edib. Ayl\u0131q bir a\u011fr\u0131k\u0259sici iyn\u0259m 280 manatd\u0131r, \u00f6z\u00fcm al\u0131ram. H\u0259r ay 350-400 manat m\u00fcalic\u0259m\u0259 gedir. Pensiya il\u0259 dolanan adamam. Pensiya bit\u0259nd\u0259 bir \u00e7\u00f6r\u0259y\u0259 bel\u0259 pulum qalm\u0131r, \u0259m\u0259liyyat\u0131 nec\u0259 edim? T\u0259k ist\u0259yim \u0259m\u0259liyyat olunmaqd\u0131r ki, onu da pulsuz etmirl\u0259r&#8221;,<\/em> &#8211; bel\u0259 deyir m\u00fcharib\u0259 \u0259lili.<\/p>\n\n\n\n<p><strong>&#8220;T\u0259\u0259ss\u00fcfl\u0259r olsun ki, bu \u00f6lk\u0259d\u0259 ya\u015fam\u0131\u015fam&#8221;<\/strong><\/p>\n\n\n\n<p>Birinci Qaraba\u011f \u0259lilinin bir dig\u0259r problemi vaxtil\u0259 etdiyi \u015f\u00fcca\u0259t v\u0259 q\u0259hr\u0259manl\u0131\u011fa g\u00f6r\u0259 d\u00f6vl\u0259t t\u0259r\u0259find\u0259n veril\u0259n h\u0259y\u0259t evinin &#8220;Rabit\u0259bank&#8221; t\u0259r\u0259find\u0259n girov g\u00f6t\u00fcr\u00fclm\u0259sidir.<\/p>\n\n\n\n<p>Onun s\u00f6zl\u0259rin\u0259 g\u00f6r\u0259, 2013-c\u00fc ild\u0259 ehtiyac \u00fcz\u00fcnd\u0259n bankdan g\u00f6t\u00fcrd\u00fcy\u00fc yeddi min manat kredit \u0259v\u0259zin\u0259 evini girov qoyub. Pulun yar\u0131s\u0131n\u0131 \u00f6d\u0259s\u0259 d\u0259, \u00fc\u00e7 ayl\u0131q gecikm\u0259y\u0259 g\u00f6r\u0259 bank evini ondan x\u0259b\u0259rsiz m\u0259hk\u0259m\u0259 yolu il\u0259 girov g\u00f6t\u00fcr\u00fcb:<\/p>\n\n\n<div class=\"wp-block-image\">\n<figure class=\"alignleft size-full is-resized\"><img decoding=\"async\" width=\"1200\" height=\"737\" data-src=\"https:\/\/www.meydan.tv\/wp-content\/uploads\/rabitabank.jpg\" alt=\"\" class=\"wp-image-308759 lazyload\" style=\"--smush-placeholder-width: 1200px; --smush-placeholder-aspect-ratio: 1200\/737;width:377px;height:auto\" src=\"data:image\/svg+xml;base64,PHN2ZyB3aWR0aD0iMSIgaGVpZ2h0PSIxIiB4bWxucz0iaHR0cDovL3d3dy53My5vcmcvMjAwMC9zdmciPjwvc3ZnPg==\" \/><figcaption class=\"wp-element-caption\">Foto: \u201cRabit\u0259bank\u201d <\/figcaption><\/figure>\n<\/div>\n\n\n<p>&#8220;<em>Pulun 3600 manat\u0131n\u0131 \u00f6d\u0259mi\u015fdim, 3400 manat\u0131 qalm\u0131\u015fd\u0131. Pensiya kart\u0131m\u0131 banka t\u0259hvil verdim ki, h\u0259r ay pulu \u00e7\u0131x\u0131n, borclu qalmay\u0131m. S\u0259hl\u0259nkarl\u0131q edib pulu \u00fc\u00e7 ay \u00e7\u0131xar\u0131b k\u00f6\u00e7\u00fcrm\u0259yibl\u0259r, borclu qalm\u0131\u015fam. Bir ildir ki, bank evimi h\u0259rracda sat\u0131b v\u0259 \u00f6z\u00fc girov g\u00f6t\u00fcr\u00fcb. D\u00fczd\u00fcr, pensiyam\u0131 g\u0259tirib verib, ancaq m\u0259hk\u0259m\u0259d\u0259n x\u0259b\u0259rim olmay\u0131b. \u0130ndi halal evimd\u0259 kiray\u0259 qal\u0131ram. 3400 manat faizl\u0259 5 000 manat olub. Etiraz ed\u0259nd\u0259 g\u0259lib m\u0259ni evd\u0259n \u00e7\u0131xarmaq ist\u0259dil\u0259r, amma \u00e7\u0131xmad\u0131m. H\u0259r ay pensiyamdan 200 manat banka \u00f6d\u0259yir\u0259m. T\u0259\u0259ss\u00fcfl\u0259r olsun ki, bu \u00f6lk\u0259d\u0259 ya\u015fam\u0131\u015fam. X\u0259st\u0259lik, \u0259m\u0259liyyat d\u0259rdi bir t\u0259r\u0259fd\u0259n, bir d\u0259 bu \u0259s\u0259b, haqs\u0131zl\u0131q adam\u0131 yorur. \u00c7ox \u015fey\u0259 g\u00f6r\u0259 pe\u015fmanam. Pulum yoxdur dey\u0259 n\u0259 yada d\u00fc\u015f\u00fcr\u0259m, n\u0259 d\u0259 f\u0259xri ad ald\u0131m. Bir t\u0259k ad\u0131ma film \u00e7\u0259kilib, d\u00f6y\u00fc\u015f vaxt\u0131 deputat v\u0259 jurnalistl\u0259r \u00f6n c\u0259bh\u0259d\u0259 m\u0259ni g\u00f6rm\u0259y\u0259 g\u0259l\u0259rdi. \u0130ndi is\u0259 he\u00e7 kimin yad\u0131na d\u00fc\u015fm\u00fcr\u0259m&#8221;.<\/em><\/p>\n\n\n\n<p>Qaraba\u011f \u0259lilinin \u015fikay\u0259ti il\u0259 ba\u011fl\u0131 T\u018fB\u0130B v\u0259 \u0130cbari Tibbi S\u0131\u011forta Agentliyind\u0259n bildirilib ki, m\u0259s\u0259l\u0259 ara\u015fd\u0131r\u0131l\u0131r.<\/p>\n\n\n\n<p><strong>&#8220;Cavabdeh YA\u015eAT Fondu deyil, T\u018fB\u0130B-dir&#8221;<\/strong><\/p>\n\n\n\n<p>YA\u015eAT Fondunun m\u0259tbuat xidm\u0259tinin r\u0259hb\u0259ri Elnur Nift\u0259liyev is\u0259 Meydan TV-y\u0259 bildirib ki, bu tip \u0259m\u0259liyyatlar T\u018fB\u0130B-in s\u0259lahiyy\u0259tin\u0259 aiddir:<\/p>\n\n\n<div class=\"wp-block-image\">\n<figure class=\"alignright size-full is-resized\"><img decoding=\"async\" width=\"1200\" height=\"748\" data-src=\"https:\/\/www.meydan.tv\/wp-content\/uploads\/yasat.png\" alt=\"\" class=\"wp-image-308755 lazyload\" style=\"--smush-placeholder-width: 1200px; --smush-placeholder-aspect-ratio: 1200\/748;width:433px;height:auto\" src=\"data:image\/svg+xml;base64,PHN2ZyB3aWR0aD0iMSIgaGVpZ2h0PSIxIiB4bWxucz0iaHR0cDovL3d3dy53My5vcmcvMjAwMC9zdmciPjwvc3ZnPg==\" \/><figcaption class=\"wp-element-caption\">YA\u015eAT Fondu <\/figcaption><\/figure>\n<\/div>\n\n\n<p><em>&#8220;Bu, T\u018fB\u0130B-in s\u0259lahiyy\u0259tind\u0259 olan m\u0259s\u0259l\u0259dir. T\u018fB\u0130B v\u0259 x\u0259st\u0259xana \u0259m\u0259kda\u015flar\u0131 h\u0259min v\u0259t\u0259nda\u015fla \u0259laq\u0259 saxlay\u0131blar. G\u00f6mr\u00fck X\u0259st\u0259xanas\u0131na g\u00f6nd\u0259ri\u015f d\u0259 yaz\u0131blar, ora g\u00f6nd\u0259r\u0259c\u0259kl\u0259r. Bir t\u0259k qal\u0131b o yard\u0131m\u0131 v\u0259t\u0259nda\u015fa x\u0259st\u0259xanada g\u00f6st\u0259rm\u0259k. Bu tip m\u00fcraci\u0259tl\u0259rd\u0259 cavabdeh YA\u015eAT Fondu deyil, T\u018fB\u0130B-dir. YA\u015eAT Fondu \u0259lav\u0259 d\u0259st\u0259k mexanizmdir. N\u0259 x\u0259st\u0259xanas\u0131 var, n\u0259 d\u0259 h\u0259kimi. Biz d\u0259 T\u018fB\u0130B-\u0259 y\u00f6nl\u0259ndiririk. Biz o halda yard\u0131m edirik ki, Az\u0259rbaycan s\u0259hiyy\u0259si bunu qar\u015f\u0131lam\u0131r v\u0259 ya \u0259m\u0259liyyat, m\u00fcalic\u0259 xaricd\u0259 olur. O zaman Fond xalqdan, t\u0259\u015fkilatlardan toplad\u0131\u011f\u0131 ian\u0259l\u0259rd\u0259n ona v\u0259sait ay\u0131r\u0131r. Bu tip \u0259m\u0259liyyatlar is\u0259 T\u018fB\u0130B-in xidm\u0259tl\u0259r paketin\u0259 daxildir, o etm\u0259lidir&#8221;<\/em>.<\/p>\n\n\n\n<p><strong>&#8220;G\u00f6mr\u00fck X\u0259st\u0259xanas\u0131 m\u0259ni q\u0259bul etm\u0259kd\u0259n imtina etdi&#8221;<\/strong><\/p>\n\n\n\n<p>T\u018fB\u0130B-in &#8220;ara\u015fd\u0131r\u0131l\u0131b k\u00f6m\u0259k edil\u0259c\u0259k&#8221; v\u0259dind\u0259n sonra Meydan TV yenid\u0259n Qaraba\u011f \u0259lili il\u0259 \u0259laq\u0259 saxlay\u0131b.<\/p>\n\n\n\n<p>M\u0259lum olub ki, T\u018fB\u0130B g\u00f6nd\u0259ri\u015f vers\u0259 d\u0259, G\u00f6mr\u00fck X\u0259st\u0259xanas\u0131 onu q\u0259bul etm\u0259kd\u0259n imtina edib:<\/p>\n\n\n<div class=\"wp-block-image\">\n<figure class=\"alignleft size-full is-resized\"><img decoding=\"async\" width=\"750\" height=\"500\" data-src=\"https:\/\/www.meydan.tv\/wp-content\/uploads\/65ea0c30a1ed57.jpg\" alt=\"T\u018fB\u0130B\" class=\"wp-image-145055 lazyload\" style=\"--smush-placeholder-width: 750px; --smush-placeholder-aspect-ratio: 750\/500;width:396px;height:auto\" src=\"data:image\/svg+xml;base64,PHN2ZyB3aWR0aD0iMSIgaGVpZ2h0PSIxIiB4bWxucz0iaHR0cDovL3d3dy53My5vcmcvMjAwMC9zdmciPjwvc3ZnPg==\" \/><figcaption class=\"wp-element-caption\">Foto: Meydan TV<\/figcaption><\/figure>\n<\/div>\n\n\n<p><em>&#8220;G\u00fcn \u0259rzind\u0259 m\u0259ni \u00f6zl\u0259ri g\u0259lib Qusar Rayon M\u0259rk\u0259zi X\u0259st\u0259xanas\u0131na apard\u0131lar v\u0259 orda birinci g\u00fcn \u00fc\u00e7\u00fcn g\u00f6nd\u0259ri\u015f yaz\u0131b G\u00f6mr\u00fck X\u0259st\u0259xanas\u0131na g\u00f6nd\u0259r\u0259c\u0259kl\u0259rini bildirdil\u0259r. Dedil\u0259r ki, m\u00fcalic\u0259 yaxud \u0259m\u0259liyyat\u0131m orada m\u00fc\u0259yy\u0259nl\u0259\u015fdiril\u0259c\u0259k. Ancaq bir g\u00fcn sonra ba\u015f h\u0259kim z\u0259ng edib dedi ki, G\u00f6mr\u00fck X\u0259st\u0259xanas\u0131 s\u0259ni q\u0259bul etm\u0259kd\u0259n imtina etdi. H\u0259l\u0259 he\u00e7 bir x\u0259st\u0259xanaya g\u00f6nd\u0259ri\u015f v\u0259 k\u00f6m\u0259k yoxdur. YA\u015eAT Fondu d\u00f6rd il \u00f6nc\u0259 m\u00fcalic\u0259 \u00fc\u00e7\u00fcn m\u0259n\u0259 1500 manat pulu \u00f6d\u0259m\u0259di. H\u0259tta xaricd\u0259 \u0259m\u0259liyyat \u00fc\u00e7\u00fcn veril\u0259n tibbi r\u0259y \u0259sas\u0131nda da k\u00f6m\u0259k etm\u0259di. \u0130ndi h\u0259r ikisi, h\u0259m T\u018fB\u0130B, h\u0259m d\u0259 YA\u015eAT yalan v\u0259 bo\u015f v\u0259d verir&#8221;.<\/em><\/p>\n\n\n\n<p>V\u0259t\u0259nda\u015f\u0131n bank t\u0259r\u0259find\u0259n girov g\u00f6t\u00fcr\u00fclm\u00fc\u015f evi il\u0259 ba\u011fl\u0131 sor\u011fuya is\u0259 &#8220;Rabit\u0259bank&#8221; cavab verm\u0259yib.<\/p>\n\n\n\n<p>Qaraba\u011f \u0259lili Qusar Rayon \u0130cra Hakimiyy\u0259tini d\u0259 ona qar\u015f\u0131 bigan\u0259 m\u00fcnasib\u0259td\u0259 q\u0131nasa da, qurum \u015fikay\u0259tl\u0259 ba\u011fl\u0131 Meydan TV-nin sor\u011fusunu cavabland\u0131rmay\u0131b.<\/p>\n","protected":false},"excerpt":{"rendered":"<p>S\u0259may\u0259 X\u0259lilova pulsuz \u0259m\u0259liyyat oluna bilm\u0259diyini deyir Qusar sakini S\u0259may\u0259 &#8230; <\/p>\n<p class=\"read-more-container\"><a title=\"Qaraba\u011f \u0259lili: &#8220;Qad\u0131n kimi d\u00f6y\u00fc\u015fd\u0259 \u00e7\u0259kdiyim z\u00fclm\u00fc he\u00e7 bir ki\u015fi \u00e7\u0259km\u0259yib&#8221;\" class=\"read-more button\" href=\"https:\/\/www.meydan.tv\/az\/article\/qarabag-elili-qadin-kimi-doyusde-cekdiyim-zulmu-hec-bir-kisi-cekmeyib\/#more-308752\" aria-label=\"Read more about Qaraba\u011f \u0259lili: &#8220;Qad\u0131n kimi d\u00f6y\u00fc\u015fd\u0259 \u00e7\u0259kdiyim z\u00fclm\u00fc he\u00e7 bir ki\u015fi \u00e7\u0259km\u0259yib&#8221;\">Davam\u0131<\/a><\/p>\n","protected":false},"author":8,"featured_media":308746,"comment_status":"closed","ping_status":"closed","sticky":false,"template":"","format":"standard","meta":{"_acf_changed":false,"_sitemap_exclude":false,"_sitemap_priority":"","_sitemap_frequency":"","footnotes":""},"categories":[60,56],"tags":[],"class_list":["post-308752","post","type-post","status-publish","format-standard","has-post-thumbnail","hentry","category-bolge","category-xeberler","infinite-scroll-item","generate-columns","tablet-grid-50","mobile-grid-100","grid-parent","grid-33","no-featured-image-padding"],"acf":[],"yoast_head":"<!-- This site is optimized with the Yoast SEO plugin v27.4 - https:\/\/yoast.com\/product\/yoast-seo-wordpress\/ -->\n<title>Qaraba\u011f \u0259lili: &quot;Qad\u0131n kimi d\u00f6y\u00fc\u015fd\u0259 \u00e7\u0259kdiyim z\u00fclm\u00fc he\u00e7 bir ki\u015fi \u00e7\u0259km\u0259yib&quot; - MEYDAN.TV<\/title>\n<meta name=\"robots\" content=\"index, follow, max-snippet:-1, max-image-preview:large, max-video-preview:-1\" \/>\n<link rel=\"canonical\" href=\"https:\/\/www.meydan.tv\/az\/article\/qarabag-elili-qadin-kimi-doyusde-cekdiyim-zulmu-hec-bir-kisi-cekmeyib\/\" \/>\n<meta property=\"og:locale\" content=\"az_AZ\" \/>\n<meta property=\"og:type\" content=\"article\" \/>\n<meta property=\"og:title\" content=\"Qaraba\u011f \u0259lili: &quot;Qad\u0131n kimi d\u00f6y\u00fc\u015fd\u0259 \u00e7\u0259kdiyim z\u00fclm\u00fc he\u00e7 bir ki\u015fi \u00e7\u0259km\u0259yib&quot; - MEYDAN.TV\" \/>\n<meta property=\"og:description\" content=\"S\u0259may\u0259 X\u0259lilova pulsuz \u0259m\u0259liyyat oluna bilm\u0259diyini deyir Qusar sakini S\u0259may\u0259 ... Davam\u0131\" \/>\n<meta property=\"og:url\" content=\"https:\/\/www.meydan.tv\/az\/article\/qarabag-elili-qadin-kimi-doyusde-cekdiyim-zulmu-hec-bir-kisi-cekmeyib\/\" \/>\n<meta property=\"og:site_name\" content=\"MEYDAN.TV\" \/>\n<meta property=\"article:published_time\" content=\"2024-06-24T08:54:53+00:00\" \/>\n<meta property=\"article:modified_time\" content=\"2024-06-24T08:54:56+00:00\" \/>\n<meta property=\"og:image\" content=\"https:\/\/www.meydan.tv\/wp-content\/uploads\/img-20240613-wa0028.jpg\" \/>\n\t<meta property=\"og:image:width\" content=\"1200\" \/>\n\t<meta property=\"og:image:height\" content=\"903\" \/>\n\t<meta property=\"og:image:type\" content=\"image\/jpeg\" \/>\n<meta name=\"author\" content=\"elli\" \/>\n<meta name=\"twitter:card\" content=\"summary_large_image\" \/>\n<meta name=\"twitter:creator\" content=\"@elli\" \/>\n<script type=\"application\/ld+json\" class=\"yoast-schema-graph\">{\"@context\":\"https:\\\/\\\/schema.org\",\"@graph\":[{\"@type\":\"Article\",\"@id\":\"https:\\\/\\\/www.meydan.tv\\\/az\\\/article\\\/qarabag-elili-qadin-kimi-doyusde-cekdiyim-zulmu-hec-bir-kisi-cekmeyib\\\/#article\",\"isPartOf\":{\"@id\":\"https:\\\/\\\/www.meydan.tv\\\/az\\\/article\\\/qarabag-elili-qadin-kimi-doyusde-cekdiyim-zulmu-hec-bir-kisi-cekmeyib\\\/\"},\"author\":{\"name\":\"elli\",\"@id\":\"https:\\\/\\\/www.meydan.tv\\\/az\\\/#\\\/schema\\\/person\\\/9cdbecf90d17180ce1dfbd95b08dcf47\"},\"headline\":\"Qaraba\u011f \u0259lili: &#8220;Qad\u0131n kimi d\u00f6y\u00fc\u015fd\u0259 \u00e7\u0259kdiyim z\u00fclm\u00fc he\u00e7 bir ki\u015fi \u00e7\u0259km\u0259yib&#8221;\",\"datePublished\":\"2024-06-24T08:54:53+00:00\",\"dateModified\":\"2024-06-24T08:54:56+00:00\",\"mainEntityOfPage\":{\"@id\":\"https:\\\/\\\/www.meydan.tv\\\/az\\\/article\\\/qarabag-elili-qadin-kimi-doyusde-cekdiyim-zulmu-hec-bir-kisi-cekmeyib\\\/\"},\"wordCount\":1813,\"publisher\":{\"@id\":\"https:\\\/\\\/www.meydan.tv\\\/az\\\/#organization\"},\"image\":{\"@id\":\"https:\\\/\\\/www.meydan.tv\\\/az\\\/article\\\/qarabag-elili-qadin-kimi-doyusde-cekdiyim-zulmu-hec-bir-kisi-cekmeyib\\\/#primaryimage\"},\"thumbnailUrl\":\"https:\\\/\\\/www.meydan.tv\\\/wp-content\\\/uploads\\\/img-20240613-wa0028.jpg\",\"articleSection\":[\"B\u00f6lg\u0259\",\"X\u0259b\u0259rl\u0259r\"],\"inLanguage\":\"az\"},{\"@type\":\"WebPage\",\"@id\":\"https:\\\/\\\/www.meydan.tv\\\/az\\\/article\\\/qarabag-elili-qadin-kimi-doyusde-cekdiyim-zulmu-hec-bir-kisi-cekmeyib\\\/\",\"url\":\"https:\\\/\\\/www.meydan.tv\\\/az\\\/article\\\/qarabag-elili-qadin-kimi-doyusde-cekdiyim-zulmu-hec-bir-kisi-cekmeyib\\\/\",\"name\":\"Qaraba\u011f \u0259lili: \\\"Qad\u0131n kimi d\u00f6y\u00fc\u015fd\u0259 \u00e7\u0259kdiyim z\u00fclm\u00fc he\u00e7 bir ki\u015fi \u00e7\u0259km\u0259yib\\\" - MEYDAN.TV\",\"isPartOf\":{\"@id\":\"https:\\\/\\\/www.meydan.tv\\\/az\\\/#website\"},\"primaryImageOfPage\":{\"@id\":\"https:\\\/\\\/www.meydan.tv\\\/az\\\/article\\\/qarabag-elili-qadin-kimi-doyusde-cekdiyim-zulmu-hec-bir-kisi-cekmeyib\\\/#primaryimage\"},\"image\":{\"@id\":\"https:\\\/\\\/www.meydan.tv\\\/az\\\/article\\\/qarabag-elili-qadin-kimi-doyusde-cekdiyim-zulmu-hec-bir-kisi-cekmeyib\\\/#primaryimage\"},\"thumbnailUrl\":\"https:\\\/\\\/www.meydan.tv\\\/wp-content\\\/uploads\\\/img-20240613-wa0028.jpg\",\"datePublished\":\"2024-06-24T08:54:53+00:00\",\"dateModified\":\"2024-06-24T08:54:56+00:00\",\"breadcrumb\":{\"@id\":\"https:\\\/\\\/www.meydan.tv\\\/az\\\/article\\\/qarabag-elili-qadin-kimi-doyusde-cekdiyim-zulmu-hec-bir-kisi-cekmeyib\\\/#breadcrumb\"},\"inLanguage\":\"az\",\"potentialAction\":[{\"@type\":\"ReadAction\",\"target\":[\"https:\\\/\\\/www.meydan.tv\\\/az\\\/article\\\/qarabag-elili-qadin-kimi-doyusde-cekdiyim-zulmu-hec-bir-kisi-cekmeyib\\\/\"]}]},{\"@type\":\"ImageObject\",\"inLanguage\":\"az\",\"@id\":\"https:\\\/\\\/www.meydan.tv\\\/az\\\/article\\\/qarabag-elili-qadin-kimi-doyusde-cekdiyim-zulmu-hec-bir-kisi-cekmeyib\\\/#primaryimage\",\"url\":\"https:\\\/\\\/www.meydan.tv\\\/wp-content\\\/uploads\\\/img-20240613-wa0028.jpg\",\"contentUrl\":\"https:\\\/\\\/www.meydan.tv\\\/wp-content\\\/uploads\\\/img-20240613-wa0028.jpg\",\"width\":1200,\"height\":903,\"caption\":\"Fotolar: Meydan TV\"},{\"@type\":\"BreadcrumbList\",\"@id\":\"https:\\\/\\\/www.meydan.tv\\\/az\\\/article\\\/qarabag-elili-qadin-kimi-doyusde-cekdiyim-zulmu-hec-bir-kisi-cekmeyib\\\/#breadcrumb\",\"itemListElement\":[{\"@type\":\"ListItem\",\"position\":1,\"name\":\"Ana s\u0259hif\u0259\",\"item\":\"https:\\\/\\\/www.meydan.tv\\\/az\\\/\"},{\"@type\":\"ListItem\",\"position\":2,\"name\":\"B\u00f6lg\u0259\",\"item\":\"https:\\\/\\\/www.meydan.tv\\\/az\\\/section\\\/bolge\\\/\"},{\"@type\":\"ListItem\",\"position\":3,\"name\":\"Qaraba\u011f \u0259lili: &#8220;Qad\u0131n kimi d\u00f6y\u00fc\u015fd\u0259 \u00e7\u0259kdiyim z\u00fclm\u00fc he\u00e7 bir ki\u015fi \u00e7\u0259km\u0259yib&#8221;\"}]},{\"@type\":\"WebSite\",\"@id\":\"https:\\\/\\\/www.meydan.tv\\\/az\\\/#website\",\"url\":\"https:\\\/\\\/www.meydan.tv\\\/az\\\/\",\"name\":\"MEYDAN.TV\",\"description\":\"Meydan TV Az\u0259rbaycan\u0131n media m\u0259kan\u0131ndak\u0131 alternativ s\u0259sidir\",\"publisher\":{\"@id\":\"https:\\\/\\\/www.meydan.tv\\\/az\\\/#organization\"},\"potentialAction\":[{\"@type\":\"SearchAction\",\"target\":{\"@type\":\"EntryPoint\",\"urlTemplate\":\"https:\\\/\\\/www.meydan.tv\\\/az\\\/?s={search_term_string}\"},\"query-input\":{\"@type\":\"PropertyValueSpecification\",\"valueRequired\":true,\"valueName\":\"search_term_string\"}}],\"inLanguage\":\"az\"},{\"@type\":\"Organization\",\"@id\":\"https:\\\/\\\/www.meydan.tv\\\/az\\\/#organization\",\"name\":\"Meydan TV\",\"url\":\"https:\\\/\\\/www.meydan.tv\\\/az\\\/\",\"logo\":{\"@type\":\"ImageObject\",\"inLanguage\":\"az\",\"@id\":\"https:\\\/\\\/www.meydan.tv\\\/az\\\/#\\\/schema\\\/logo\\\/image\\\/\",\"url\":\"https:\\\/\\\/www.meydan.tv\\\/wp-content\\\/uploads\\\/2021\\\/07\\\/meydan-logo.svg\",\"contentUrl\":\"https:\\\/\\\/www.meydan.tv\\\/wp-content\\\/uploads\\\/2021\\\/07\\\/meydan-logo.svg\",\"width\":195,\"height\":46,\"caption\":\"Meydan TV\"},\"image\":{\"@id\":\"https:\\\/\\\/www.meydan.tv\\\/az\\\/#\\\/schema\\\/logo\\\/image\\\/\"}},{\"@type\":\"Person\",\"@id\":\"https:\\\/\\\/www.meydan.tv\\\/az\\\/#\\\/schema\\\/person\\\/9cdbecf90d17180ce1dfbd95b08dcf47\",\"name\":\"elli\",\"sameAs\":[\"https:\\\/\\\/x.com\\\/elli\"]}]}<\/script>\n<!-- \/ Yoast SEO plugin. -->","yoast_head_json":{"title":"Qaraba\u011f \u0259lili: \"Qad\u0131n kimi d\u00f6y\u00fc\u015fd\u0259 \u00e7\u0259kdiyim z\u00fclm\u00fc he\u00e7 bir ki\u015fi \u00e7\u0259km\u0259yib\" - MEYDAN.TV","robots":{"index":"index","follow":"follow","max-snippet":"max-snippet:-1","max-image-preview":"max-image-preview:large","max-video-preview":"max-video-preview:-1"},"canonical":"https:\/\/www.meydan.tv\/az\/article\/qarabag-elili-qadin-kimi-doyusde-cekdiyim-zulmu-hec-bir-kisi-cekmeyib\/","og_locale":"az_AZ","og_type":"article","og_title":"Qaraba\u011f \u0259lili: \"Qad\u0131n kimi d\u00f6y\u00fc\u015fd\u0259 \u00e7\u0259kdiyim z\u00fclm\u00fc he\u00e7 bir ki\u015fi \u00e7\u0259km\u0259yib\" - MEYDAN.TV","og_description":"S\u0259may\u0259 X\u0259lilova pulsuz \u0259m\u0259liyyat oluna bilm\u0259diyini deyir Qusar sakini S\u0259may\u0259 ... Davam\u0131","og_url":"https:\/\/www.meydan.tv\/az\/article\/qarabag-elili-qadin-kimi-doyusde-cekdiyim-zulmu-hec-bir-kisi-cekmeyib\/","og_site_name":"MEYDAN.TV","article_published_time":"2024-06-24T08:54:53+00:00","article_modified_time":"2024-06-24T08:54:56+00:00","og_image":[{"width":1200,"height":903,"url":"https:\/\/www.meydan.tv\/wp-content\/uploads\/img-20240613-wa0028.jpg","type":"image\/jpeg"}],"author":"elli","twitter_card":"summary_large_image","twitter_creator":"@elli","schema":{"@context":"https:\/\/schema.org","@graph":[{"@type":"Article","@id":"https:\/\/www.meydan.tv\/az\/article\/qarabag-elili-qadin-kimi-doyusde-cekdiyim-zulmu-hec-bir-kisi-cekmeyib\/#article","isPartOf":{"@id":"https:\/\/www.meydan.tv\/az\/article\/qarabag-elili-qadin-kimi-doyusde-cekdiyim-zulmu-hec-bir-kisi-cekmeyib\/"},"author":{"name":"elli","@id":"https:\/\/www.meydan.tv\/az\/#\/schema\/person\/9cdbecf90d17180ce1dfbd95b08dcf47"},"headline":"Qaraba\u011f \u0259lili: &#8220;Qad\u0131n kimi d\u00f6y\u00fc\u015fd\u0259 \u00e7\u0259kdiyim z\u00fclm\u00fc he\u00e7 bir ki\u015fi \u00e7\u0259km\u0259yib&#8221;","datePublished":"2024-06-24T08:54:53+00:00","dateModified":"2024-06-24T08:54:56+00:00","mainEntityOfPage":{"@id":"https:\/\/www.meydan.tv\/az\/article\/qarabag-elili-qadin-kimi-doyusde-cekdiyim-zulmu-hec-bir-kisi-cekmeyib\/"},"wordCount":1813,"publisher":{"@id":"https:\/\/www.meydan.tv\/az\/#organization"},"image":{"@id":"https:\/\/www.meydan.tv\/az\/article\/qarabag-elili-qadin-kimi-doyusde-cekdiyim-zulmu-hec-bir-kisi-cekmeyib\/#primaryimage"},"thumbnailUrl":"https:\/\/www.meydan.tv\/wp-content\/uploads\/img-20240613-wa0028.jpg","articleSection":["B\u00f6lg\u0259","X\u0259b\u0259rl\u0259r"],"inLanguage":"az"},{"@type":"WebPage","@id":"https:\/\/www.meydan.tv\/az\/article\/qarabag-elili-qadin-kimi-doyusde-cekdiyim-zulmu-hec-bir-kisi-cekmeyib\/","url":"https:\/\/www.meydan.tv\/az\/article\/qarabag-elili-qadin-kimi-doyusde-cekdiyim-zulmu-hec-bir-kisi-cekmeyib\/","name":"Qaraba\u011f \u0259lili: \"Qad\u0131n kimi d\u00f6y\u00fc\u015fd\u0259 \u00e7\u0259kdiyim z\u00fclm\u00fc he\u00e7 bir ki\u015fi \u00e7\u0259km\u0259yib\" - MEYDAN.TV","isPartOf":{"@id":"https:\/\/www.meydan.tv\/az\/#website"},"primaryImageOfPage":{"@id":"https:\/\/www.meydan.tv\/az\/article\/qarabag-elili-qadin-kimi-doyusde-cekdiyim-zulmu-hec-bir-kisi-cekmeyib\/#primaryimage"},"image":{"@id":"https:\/\/www.meydan.tv\/az\/article\/qarabag-elili-qadin-kimi-doyusde-cekdiyim-zulmu-hec-bir-kisi-cekmeyib\/#primaryimage"},"thumbnailUrl":"https:\/\/www.meydan.tv\/wp-content\/uploads\/img-20240613-wa0028.jpg","datePublished":"2024-06-24T08:54:53+00:00","dateModified":"2024-06-24T08:54:56+00:00","breadcrumb":{"@id":"https:\/\/www.meydan.tv\/az\/article\/qarabag-elili-qadin-kimi-doyusde-cekdiyim-zulmu-hec-bir-kisi-cekmeyib\/#breadcrumb"},"inLanguage":"az","potentialAction":[{"@type":"ReadAction","target":["https:\/\/www.meydan.tv\/az\/article\/qarabag-elili-qadin-kimi-doyusde-cekdiyim-zulmu-hec-bir-kisi-cekmeyib\/"]}]},{"@type":"ImageObject","inLanguage":"az","@id":"https:\/\/www.meydan.tv\/az\/article\/qarabag-elili-qadin-kimi-doyusde-cekdiyim-zulmu-hec-bir-kisi-cekmeyib\/#primaryimage","url":"https:\/\/www.meydan.tv\/wp-content\/uploads\/img-20240613-wa0028.jpg","contentUrl":"https:\/\/www.meydan.tv\/wp-content\/uploads\/img-20240613-wa0028.jpg","width":1200,"height":903,"caption":"Fotolar: Meydan TV"},{"@type":"BreadcrumbList","@id":"https:\/\/www.meydan.tv\/az\/article\/qarabag-elili-qadin-kimi-doyusde-cekdiyim-zulmu-hec-bir-kisi-cekmeyib\/#breadcrumb","itemListElement":[{"@type":"ListItem","position":1,"name":"Ana s\u0259hif\u0259","item":"https:\/\/www.meydan.tv\/az\/"},{"@type":"ListItem","position":2,"name":"B\u00f6lg\u0259","item":"https:\/\/www.meydan.tv\/az\/section\/bolge\/"},{"@type":"ListItem","position":3,"name":"Qaraba\u011f \u0259lili: &#8220;Qad\u0131n kimi d\u00f6y\u00fc\u015fd\u0259 \u00e7\u0259kdiyim z\u00fclm\u00fc he\u00e7 bir ki\u015fi \u00e7\u0259km\u0259yib&#8221;"}]},{"@type":"WebSite","@id":"https:\/\/www.meydan.tv\/az\/#website","url":"https:\/\/www.meydan.tv\/az\/","name":"MEYDAN.TV","description":"Meydan TV Az\u0259rbaycan\u0131n media m\u0259kan\u0131ndak\u0131 alternativ s\u0259sidir","publisher":{"@id":"https:\/\/www.meydan.tv\/az\/#organization"},"potentialAction":[{"@type":"SearchAction","target":{"@type":"EntryPoint","urlTemplate":"https:\/\/www.meydan.tv\/az\/?s={search_term_string}"},"query-input":{"@type":"PropertyValueSpecification","valueRequired":true,"valueName":"search_term_string"}}],"inLanguage":"az"},{"@type":"Organization","@id":"https:\/\/www.meydan.tv\/az\/#organization","name":"Meydan TV","url":"https:\/\/www.meydan.tv\/az\/","logo":{"@type":"ImageObject","inLanguage":"az","@id":"https:\/\/www.meydan.tv\/az\/#\/schema\/logo\/image\/","url":"https:\/\/www.meydan.tv\/wp-content\/uploads\/2021\/07\/meydan-logo.svg","contentUrl":"https:\/\/www.meydan.tv\/wp-content\/uploads\/2021\/07\/meydan-logo.svg","width":195,"height":46,"caption":"Meydan TV"},"image":{"@id":"https:\/\/www.meydan.tv\/az\/#\/schema\/logo\/image\/"}},{"@type":"Person","@id":"https:\/\/www.meydan.tv\/az\/#\/schema\/person\/9cdbecf90d17180ce1dfbd95b08dcf47","name":"elli","sameAs":["https:\/\/x.com\/elli"]}]}},"_links":{"self":[{"href":"https:\/\/www.meydan.tv\/az\/wp-json\/wp\/v2\/posts\/308752","targetHints":{"allow":["GET"]}}],"collection":[{"href":"https:\/\/www.meydan.tv\/az\/wp-json\/wp\/v2\/posts"}],"about":[{"href":"https:\/\/www.meydan.tv\/az\/wp-json\/wp\/v2\/types\/post"}],"author":[{"embeddable":true,"href":"https:\/\/www.meydan.tv\/az\/wp-json\/wp\/v2\/users\/8"}],"replies":[{"embeddable":true,"href":"https:\/\/www.meydan.tv\/az\/wp-json\/wp\/v2\/comments?post=308752"}],"version-history":[{"count":4,"href":"https:\/\/www.meydan.tv\/az\/wp-json\/wp\/v2\/posts\/308752\/revisions"}],"predecessor-version":[{"id":308769,"href":"https:\/\/www.meydan.tv\/az\/wp-json\/wp\/v2\/posts\/308752\/revisions\/308769"}],"wp:featuredmedia":[{"embeddable":true,"href":"https:\/\/www.meydan.tv\/az\/wp-json\/wp\/v2\/media\/308746"}],"wp:attachment":[{"href":"https:\/\/www.meydan.tv\/az\/wp-json\/wp\/v2\/media?parent=308752"}],"wp:term":[{"taxonomy":"category","embeddable":true,"href":"https:\/\/www.meydan.tv\/az\/wp-json\/wp\/v2\/categories?post=308752"},{"taxonomy":"post_tag","embeddable":true,"href":"https:\/\/www.meydan.tv\/az\/wp-json\/wp\/v2\/tags?post=308752"}],"curies":[{"name":"wp","href":"https:\/\/api.w.org\/{rel}","templated":true}]}}