{"id":308694,"date":"2024-06-24T08:09:04","date_gmt":"2024-06-24T04:09:04","guid":{"rendered":"https:\/\/www.meydan.tv\/?p=308694"},"modified":"2024-06-24T11:21:45","modified_gmt":"2024-06-24T07:21:45","slug":"neftci-xezeriasenin-yemeklerine-etiraz-etdiyi-ucun-tohmet-alib","status":"publish","type":"post","link":"https:\/\/www.meydan.tv\/az\/article\/neftci-xezeriasenin-yemeklerine-etiraz-etdiyi-ucun-tohmet-alib\/","title":{"rendered":"Neft\u00e7i \u201cX\u0259z\u0259ria\u015f\u0259\u201dnin yem\u0259kl\u0259rin\u0259 etiraz etdiyi \u00fc\u00e7\u00fcn t\u00f6hm\u0259t al\u0131b"},"content":{"rendered":"\n<p><\/p>\n\n\n\n<p><strong><em>\u201cS\u0259bail Rayon Prokurorlu\u011funa \u00fcnvanlad\u0131\u011f\u0131m m\u0259ktuba prokurorluq yox, \u201cAzneft\u201d \u0130B-nin Ba\u015f direkoru cavab yaz\u0131b\u201d<\/em><\/strong><\/p>\n\n\n\n<p>SOCAR &#8220;28 May&#8221; Neft v\u0259 Qaz\u00e7\u0131xarma \u0130dar\u0259sinin Neft Da\u015flar\u0131nda yerl\u0259\u015f\u0259n Qaz\u0131n ilkin Haz\u0131rlanmas\u0131 v\u0259 Kompressor T\u0259s\u0259r\u00fcfat\u0131 Sah\u0259sinin m\u00fch\u0259ndisi Elman Abdullayev \u201cX\u0259z\u0259ria\u015f\u0259\u201d-nin neft\u00e7il\u0259r\u0259 t\u0259klif etdiyi qidalar\u0131n keyfiyy\u0259tind\u0259n \u015fikay\u0259t\u00e7idir. Abdullayev deyir ki, qidalar\u0131n keyfiyy\u0259ti il\u0259 ba\u011fl\u0131 naraz\u0131l\u0131qlar\u0131ndan sonra t\u0259dbir g\u00f6rm\u0259k \u0259v\u0259zin\u0259 onun \u0259leyhin\u0259 ifad\u0259l\u0259r al\u0131n\u0131r, h\u0259r vasit\u0259 il\u0259 i\u015fin\u0259 mane\u0259l\u0259r t\u00f6r\u0259tm\u0259y\u0259 \u00e7al\u0131\u015f\u0131rlar.<\/p>\n\n\n\n<p>Meydan TV-y\u0259 m\u00fcraci\u0259t ed\u0259n neft\u00e7inin s\u00f6zl\u0259rin\u0259 g\u00f6r\u0259, 2010-cu ild\u0259n bu sah\u0259d\u0259 \u00e7al\u0131\u015f\u0131r.<\/p>\n\n\n\n<p><em>\u201c\u0130\u015f\u00e7il\u0259r d\u0259f\u0259l\u0259rl\u0259 \u201cX\u0259z\u0259r ia\u015f\u0259\u201d MMC-d\u0259n naraz\u0131l\u0131qlar edibl\u0259r. Aprelin 12-d\u0259 qidalar\u0131n saxlanma anbar\u0131na bax\u0131\u015f ke\u00e7irilm\u0259si t\u0259l\u0259bi r\u0259is m\u00fcavini v\u0259 sosial i\u015fl\u0259r\u0259 cavabdeh olan komendant t\u0259r\u0259find\u0259n r\u0259dd edils\u0259 d\u0259, \u00e7oxsayl\u0131 isrardan sonra bax\u0131\u015fa raz\u0131l\u0131q verildi\u201d,-\u015fikay\u0259t\u00e7i bildirib.<\/em><\/p>\n\n\n\n<p>Onun s\u00f6zl\u0259rin\u0259 g\u00f6r\u0259, r\u0259is m\u00fcavini, stansiyan\u0131n bir ne\u00e7\u0259 m\u00fch\u0259ndisi v\u0259 i\u015f\u00e7il\u0259ri t\u0259r\u0259find\u0259n \u0259rzaq anbar\u0131nda apar\u0131lan bax\u0131\u015f zaman\u0131 selofan ba\u011flaman\u0131n i\u00e7\u0259risind\u0259 qana bula\u015fm\u0131\u015f, m\u0259n\u015f\u0259yi m\u0259lum olmayan, presl\u0259nmi\u015f halda, keyfiyy\u0259t sertifikat\u0131 olmayan t\u0259xmin\u0259n 70-80 kiloqrama q\u0259d\u0259r \u0259t m\u0259hsulu, o c\u00fcml\u0259d\u0259n n\u00f6vb\u0259ti g\u00fcn \u00fc\u00e7\u00fcn haz\u0131rlanmal\u0131 olan menyuya \u0259lav\u0259 edil\u0259n d\u00fcn\u0259nki menyudan qalm\u0131\u015f toyuq \u0259tinin hiss\u0259l\u0259ri v\u0259 dig\u0259r \u0259rzaqlar a\u015fkarlan\u0131b. Bununla ba\u011fl\u0131 yerind\u0259 AKT t\u0259rtib edilib. \u0130\u015f\u00e7il\u0259r h\u0259min \u0259t v\u0259 dig\u0259r \u0259rzaqlar\u0131n l\u0259\u011fv edilm\u0259sini t\u0259l\u0259b edibl\u0259r:<\/p>\n\n\n<div class=\"wp-block-image\">\n<figure class=\"alignleft size-large is-resized\"><img decoding=\"async\" width=\"616\" height=\"821\" data-src=\"https:\/\/www.meydan.tv\/wp-content\/uploads\/neftci-2-616x821.jpg\" alt=\"\" class=\"wp-image-308695 lazyload\" style=\"--smush-placeholder-width: 616px; --smush-placeholder-aspect-ratio: 616\/821;width:435px;height:auto\" src=\"data:image\/svg+xml;base64,PHN2ZyB3aWR0aD0iMSIgaGVpZ2h0PSIxIiB4bWxucz0iaHR0cDovL3d3dy53My5vcmcvMjAwMC9zdmciPjwvc3ZnPg==\" \/><\/figure>\n<\/div>\n\n\n<p><em>\u201cBiz\u0259 veril\u0259n v\u0259dl\u0259r yerin\u0259 yetirilm\u0259di, h\u0259min m\u0259hsullar dolay\u0131 yollarla t\u0259krar emal edil\u0259r\u0259k yenid\u0259n istifad\u0259y\u0259 burax\u0131ld\u0131. Yenid\u0259n bu i\u015f b\u00f6y\u00fck naraz\u0131l\u0131\u011fa s\u0259b\u0259b olsa da, \u0259h\u0259miyy\u0259t ver\u0259n olmad\u0131\u201d.<\/em><\/p>\n\n\n\n<p>\u015eikay\u0259t\u00e7i deyir ki, naraz\u0131 neft\u00e7il\u0259ri susdurmaq \u00fc\u00e7\u00fcn \u00e7irkin iftiralara \u0259l at\u0131l\u0131b, h\u0259tta MMC-nin qad\u0131n \u0259m\u0259kda\u015f\u0131na s\u00f6z atmaq kimi iftiralar s\u0259sl\u0259ndirilib. Yuxar\u0131 qurumlara \u015fikay\u0259t ed\u0259nl\u0259rin i\u015fl\u0259rind\u0259 n\u00f6qsanlar a\u015fkarlanma\u011fa ba\u015flay\u0131b.<\/p>\n\n\n\n<p>\u201c<em>\u201cX\u0259z\u0259ria\u015f\u0259\u201d i\u015f\u00e7il\u0259ri d\u0259yi\u015fm\u0259kl\u0259 b\u00fct\u00fcn probleml\u0259ri onlar\u0131n hesab\u0131na yazd\u0131. \u0130\u015f\u00e7il\u0259ri d\u0259st\u0259kl\u0259diyim \u00fc\u00e7\u00fcn idar\u0259nin r\u0259hb\u0259rliyi v\u0259 \u201cAzneft\u201d \u0130stehsalat Birliyinin s\u0259lahiyy\u0259tli n\u00fcmay\u0259nd\u0259l\u0259ri t\u0259r\u0259find\u0259n t\u0259hdid olunma\u011fa ba\u015flad\u0131m. M\u0259n\u0259 ax\u0131r\u0131nc\u0131 x\u0259b\u0259rdarl\u0131qla \u015fidd\u0259tli t\u00f6hm\u0259t verildi. S\u0259bail Rayon Prokurorlu\u011funa \u00fcnvanlad\u0131\u011f\u0131m m\u0259ktuba prokurorluq yox, \u201cAzneft\u201d \u0130B-nin Ba\u015f direkoru \u018fli Qurbanov t\u0259r\u0259find\u0259n cavab yaz\u0131l\u0131b\u201d,<\/em>-Abdullayev s\u00f6yl\u0259yib.<\/p>\n\n\n\n<p>Cavab m\u0259kubunda bildirilir ki, S\u0259bail rayon prokuroru, ba\u015f \u0259dliyy\u0259 m\u00fc\u015faviri Natiq \u018fs\u0259dova \u00fcnvanlad\u0131\u011f\u0131n\u0131z \u0259riz\u0259niz \u201cAzneft\u201d \u0130B-nin aidiyy\u0259ti \u0259m\u0259kda\u015flar\u0131 t\u0259r\u0259find\u0259n yerind\u0259 v\u0259 sizin i\u015ftirak\u0131n\u0131zla ara\u015fd\u0131r\u0131l\u0131b. \u018friz\u0259nizd\u0259 g\u00f6st\u0259ril\u0259nl\u0259rin ara\u015fd\u0131r\u0131lmas\u0131 m\u0259qs\u0259dil\u0259 \u201c28 May\u201d NQ\u00c7\u0130-nin Q\u0130HN v\u0259 KTS-d\u0259 f\u0259aliyy\u0259t g\u00f6st\u0259r\u0259n yem\u0259kxanas\u0131na v\u0259 yem\u0259kxanan\u0131n m\u0259tb\u0259xin\u0259, h\u0259m\u00e7inin qida m\u0259hsullar\u0131n\u0131n saxlan\u0131ld\u0131\u011f\u0131 \u0259rzaq anbarlar\u0131na bax\u0131\u015f ke\u00e7irilib, i\u015f\u00e7il\u0259r\u0259 veril\u0259n isti yem\u0259kl\u0259rin v\u0259 qida m\u0259hsullar\u0131n\u0131n keyfiyy\u0259ti ara\u015fd\u0131r\u0131l\u0131b, lakin he\u00e7 bir neqativ hal a\u015fkarlanmay\u0131b.<\/p>\n\n\n<div class=\"wp-block-image\">\n<figure class=\"alignright size-large\"><img decoding=\"async\" width=\"462\" height=\"821\" data-src=\"https:\/\/www.meydan.tv\/wp-content\/uploads\/neftci-1-462x821.jpg\" alt=\"\" class=\"wp-image-308698 lazyload\" src=\"data:image\/svg+xml;base64,PHN2ZyB3aWR0aD0iMSIgaGVpZ2h0PSIxIiB4bWxucz0iaHR0cDovL3d3dy53My5vcmcvMjAwMC9zdmciPjwvc3ZnPg==\" style=\"--smush-placeholder-width: 462px; --smush-placeholder-aspect-ratio: 462\/821;\" \/><\/figure>\n<\/div>\n\n\n<p>Abdullayev deyir ki, neft\u00e7il\u0259r \u00fc\u00e7\u00fcn g\u00fcnd\u0259lik ayr\u0131lan \u0259rzaq m\u0259hsullar\u0131n\u0131n d\u0259y\u0259rinin na\u011fd \u00f6d\u0259nilm\u0259sini ist\u0259yir. \u00c7\u00fcnki \u201cX\u0259z\u0259ria\u015f\u0259\u201dnin t\u0259klif etdiyi m\u0259hsullar keyfiyy\u0259tsiz oldu\u011fundan bir \u00e7ox neft\u00e7i kimi o da m\u00fcxt\u0259lif x\u0259st\u0259likl\u0259rd\u0259n \u0259ziyy\u0259t \u00e7\u0259kir. Amma ona bildiribl\u0259r ki, SOCAR v\u0259 Neft v\u0259 Qaz S\u0259nayesi \u0130\u015f\u00e7il\u0259ri H\u0259mkarlar \u0130ttifaq\u0131 Respublika Komit\u0259sinin 06.12.2018-ci il tarixili \u018fmr-Q\u0259rar\u0131n\u0131n 3-c\u00fc b\u0259ndin\u0259 \u0259sas\u0259n Neft Da\u015flar\u0131 \u0259razisind\u0259 yerl\u0259\u015f\u0259n Q\u0130HN v\u0259 KTS-nin SKS-d\u0259 \u00e7al\u0131\u015fan, habel\u0259 h\u0259min obyektl\u0259r\u0259 ezam olunan v\u0259 g\u00f6nd\u0259ril\u0259n i\u015f\u00e7il\u0259r g\u00fcnd\u0259lik pulsuz isti yem\u0259kl\u0259 t\u0259min edilir v\u0259 onlara Nazirl\u0259r Kabinetinin \u201cEzamiyy\u0259 x\u0259rcl\u0259rinin normalar\u0131 haqq\u0131nda\u201d q\u0259rar\u0131na uy\u011fun g\u00fcnd\u0259lik yem\u0259k x\u0259rcl\u0259ri \u0259v\u0259zin\u0259 \u0259lav\u0259 \u00f6d\u0259ni\u015f t\u0259tbiq edilmir. Odur ki, g\u00fcnd\u0259lik yem\u0259k x\u0259rcl\u0259ri \u0259v\u0259zin\u0259 \u0259lav\u0259 \u00f6d\u0259ni\u015fin i\u015f\u00e7iy\u0259 \u00f6d\u0259nilm\u0259si m\u0259qs\u0259duy\u011fun hesab edilm\u0259diyind\u0259n h\u0259min v\u0259saitin \u00f6d\u0259nilm\u0259si m\u00fcmk\u00fcn deyil:<\/p>\n\n\n\n<p>\u201c<em>Anbarda a\u015fkarlanan faktla ba\u011fl\u0131 akta 32 i\u015f\u00e7i imza at\u0131b. Bel\u0259 \u00e7\u0131x\u0131r ki, i\u015f\u00e7il\u0259rin imzalar\u0131 s\u00fcbut deyil. Biz \u201cX\u0259z\u0259ria\u015f\u0259\u201d nin \u00f6d\u0259ni\u015f \u0259sas\u0131nda neft\u00e7il\u0259ri yem\u0259kl\u0259 t\u0259min etm\u0259sini t\u0259l\u0259b edirik. Bel\u0259 oldu\u011fu halda keyfiyy\u0259tin\u0259 g\u00fcv\u0259ndiyimiz qidalar\u0131 ala bil\u0259rik. Keyfiyy\u0259tsiz qida v\u0259 dig\u0259r probleml\u0259rl\u0259 ba\u011fl\u0131 m\u00fcnt\u0259z\u0259m \u015fikay\u0259t etdiyim \u00fc\u00e7\u00fcn k\u0259nar sah\u0259l\u0259rd\u0259 i\u015fl\u0259y\u0259n, he\u00e7 vaxt bizim sah\u0259y\u0259 ezam olunmayan, tan\u0131mad\u0131\u011f\u0131m on n\u0259f\u0259rin imzas\u0131 \u0259sas\u0131nda \u015fidd\u0259tli t\u00f6hm\u0259t alm\u0131\u015fam. M\u0259s\u0259l\u0259nin SOCAR deyil, dig\u0259r \u0259laq\u0259dar orqanlar t\u0259r\u0259find\u0259n i\u015f\u00e7il\u0259rin i\u015ftirak\u0131 il\u0259 ara\u015fd\u0131r\u0131lmas\u0131na k\u00f6m\u0259klik ist\u0259yir\u0259m\u201d.<\/em><\/p>\n\n\n\n<p>SOCAR-dan \u015fikay\u0259tl\u0259 ba\u011fl\u0131 suallar\u0131 cavabland\u0131rmay\u0131blar.<\/p>\n","protected":false},"excerpt":{"rendered":"<p>\u201cS\u0259bail Rayon Prokurorlu\u011funa \u00fcnvanlad\u0131\u011f\u0131m m\u0259ktuba prokurorluq yox, \u201cAzneft\u201d \u0130B-nin Ba\u015f &#8230; <\/p>\n<p class=\"read-more-container\"><a title=\"Neft\u00e7i \u201cX\u0259z\u0259ria\u015f\u0259\u201dnin yem\u0259kl\u0259rin\u0259 etiraz etdiyi \u00fc\u00e7\u00fcn t\u00f6hm\u0259t al\u0131b\" class=\"read-more button\" href=\"https:\/\/www.meydan.tv\/az\/article\/neftci-xezeriasenin-yemeklerine-etiraz-etdiyi-ucun-tohmet-alib\/#more-308694\" aria-label=\"Read more about Neft\u00e7i \u201cX\u0259z\u0259ria\u015f\u0259\u201dnin yem\u0259kl\u0259rin\u0259 etiraz etdiyi \u00fc\u00e7\u00fcn t\u00f6hm\u0259t al\u0131b\">Davam\u0131<\/a><\/p>\n","protected":false},"author":8,"featured_media":308691,"comment_status":"closed","ping_status":"closed","sticky":false,"template":"","format":"standard","meta":{"_acf_changed":false,"_sitemap_exclude":false,"_sitemap_priority":"","_sitemap_frequency":"","footnotes":""},"categories":[62,56],"tags":[],"class_list":["post-308694","post","type-post","status-publish","format-standard","has-post-thumbnail","hentry","category-sosial","category-xeberler","infinite-scroll-item","generate-columns","tablet-grid-50","mobile-grid-100","grid-parent","grid-33","no-featured-image-padding"],"acf":[],"yoast_head":"<!-- This site is optimized with the Yoast SEO plugin v27.5 - https:\/\/yoast.com\/product\/yoast-seo-wordpress\/ -->\n<title>Neft\u00e7i \u201cX\u0259z\u0259ria\u015f\u0259\u201dnin yem\u0259kl\u0259rin\u0259 etiraz etdiyi \u00fc\u00e7\u00fcn t\u00f6hm\u0259t al\u0131b - MEYDAN.TV<\/title>\n<meta name=\"robots\" content=\"index, follow, max-snippet:-1, max-image-preview:large, max-video-preview:-1\" \/>\n<link rel=\"canonical\" href=\"https:\/\/www.meydan.tv\/az\/article\/neftci-xezeriasenin-yemeklerine-etiraz-etdiyi-ucun-tohmet-alib\/\" \/>\n<meta property=\"og:locale\" content=\"az_AZ\" \/>\n<meta property=\"og:type\" content=\"article\" \/>\n<meta property=\"og:title\" content=\"Neft\u00e7i \u201cX\u0259z\u0259ria\u015f\u0259\u201dnin yem\u0259kl\u0259rin\u0259 etiraz etdiyi \u00fc\u00e7\u00fcn t\u00f6hm\u0259t al\u0131b - MEYDAN.TV\" \/>\n<meta property=\"og:description\" content=\"\u201cS\u0259bail Rayon Prokurorlu\u011funa \u00fcnvanlad\u0131\u011f\u0131m m\u0259ktuba prokurorluq yox, \u201cAzneft\u201d \u0130B-nin Ba\u015f ... Davam\u0131\" \/>\n<meta property=\"og:url\" content=\"https:\/\/www.meydan.tv\/az\/article\/neftci-xezeriasenin-yemeklerine-etiraz-etdiyi-ucun-tohmet-alib\/\" \/>\n<meta property=\"og:site_name\" content=\"MEYDAN.TV\" \/>\n<meta property=\"article:published_time\" content=\"2024-06-24T04:09:04+00:00\" \/>\n<meta property=\"article:modified_time\" content=\"2024-06-24T07:21:45+00:00\" \/>\n<meta property=\"og:image\" content=\"https:\/\/www.meydan.tv\/wp-content\/uploads\/1-85.jpg\" \/>\n\t<meta property=\"og:image:width\" content=\"1189\" \/>\n\t<meta property=\"og:image:height\" content=\"675\" \/>\n\t<meta property=\"og:image:type\" content=\"image\/jpeg\" \/>\n<meta name=\"author\" content=\"elli\" \/>\n<meta name=\"twitter:card\" content=\"summary_large_image\" \/>\n<meta name=\"twitter:creator\" content=\"@elli\" \/>\n<script type=\"application\/ld+json\" class=\"yoast-schema-graph\">{\"@context\":\"https:\\\/\\\/schema.org\",\"@graph\":[{\"@type\":\"Article\",\"@id\":\"https:\\\/\\\/www.meydan.tv\\\/az\\\/article\\\/neftci-xezeriasenin-yemeklerine-etiraz-etdiyi-ucun-tohmet-alib\\\/#article\",\"isPartOf\":{\"@id\":\"https:\\\/\\\/www.meydan.tv\\\/az\\\/article\\\/neftci-xezeriasenin-yemeklerine-etiraz-etdiyi-ucun-tohmet-alib\\\/\"},\"author\":{\"name\":\"elli\",\"@id\":\"https:\\\/\\\/www.meydan.tv\\\/az\\\/#\\\/schema\\\/person\\\/9cdbecf90d17180ce1dfbd95b08dcf47\"},\"headline\":\"Neft\u00e7i \u201cX\u0259z\u0259ria\u015f\u0259\u201dnin yem\u0259kl\u0259rin\u0259 etiraz etdiyi \u00fc\u00e7\u00fcn t\u00f6hm\u0259t al\u0131b\",\"datePublished\":\"2024-06-24T04:09:04+00:00\",\"dateModified\":\"2024-06-24T07:21:45+00:00\",\"mainEntityOfPage\":{\"@id\":\"https:\\\/\\\/www.meydan.tv\\\/az\\\/article\\\/neftci-xezeriasenin-yemeklerine-etiraz-etdiyi-ucun-tohmet-alib\\\/\"},\"wordCount\":1022,\"publisher\":{\"@id\":\"https:\\\/\\\/www.meydan.tv\\\/az\\\/#organization\"},\"image\":{\"@id\":\"https:\\\/\\\/www.meydan.tv\\\/az\\\/article\\\/neftci-xezeriasenin-yemeklerine-etiraz-etdiyi-ucun-tohmet-alib\\\/#primaryimage\"},\"thumbnailUrl\":\"https:\\\/\\\/www.meydan.tv\\\/wp-content\\\/uploads\\\/1-85.jpg\",\"articleSection\":[\"Sosial\",\"X\u0259b\u0259rl\u0259r\"],\"inLanguage\":\"az\"},{\"@type\":\"WebPage\",\"@id\":\"https:\\\/\\\/www.meydan.tv\\\/az\\\/article\\\/neftci-xezeriasenin-yemeklerine-etiraz-etdiyi-ucun-tohmet-alib\\\/\",\"url\":\"https:\\\/\\\/www.meydan.tv\\\/az\\\/article\\\/neftci-xezeriasenin-yemeklerine-etiraz-etdiyi-ucun-tohmet-alib\\\/\",\"name\":\"Neft\u00e7i \u201cX\u0259z\u0259ria\u015f\u0259\u201dnin yem\u0259kl\u0259rin\u0259 etiraz etdiyi \u00fc\u00e7\u00fcn t\u00f6hm\u0259t al\u0131b - MEYDAN.TV\",\"isPartOf\":{\"@id\":\"https:\\\/\\\/www.meydan.tv\\\/az\\\/#website\"},\"primaryImageOfPage\":{\"@id\":\"https:\\\/\\\/www.meydan.tv\\\/az\\\/article\\\/neftci-xezeriasenin-yemeklerine-etiraz-etdiyi-ucun-tohmet-alib\\\/#primaryimage\"},\"image\":{\"@id\":\"https:\\\/\\\/www.meydan.tv\\\/az\\\/article\\\/neftci-xezeriasenin-yemeklerine-etiraz-etdiyi-ucun-tohmet-alib\\\/#primaryimage\"},\"thumbnailUrl\":\"https:\\\/\\\/www.meydan.tv\\\/wp-content\\\/uploads\\\/1-85.jpg\",\"datePublished\":\"2024-06-24T04:09:04+00:00\",\"dateModified\":\"2024-06-24T07:21:45+00:00\",\"breadcrumb\":{\"@id\":\"https:\\\/\\\/www.meydan.tv\\\/az\\\/article\\\/neftci-xezeriasenin-yemeklerine-etiraz-etdiyi-ucun-tohmet-alib\\\/#breadcrumb\"},\"inLanguage\":\"az\",\"potentialAction\":[{\"@type\":\"ReadAction\",\"target\":[\"https:\\\/\\\/www.meydan.tv\\\/az\\\/article\\\/neftci-xezeriasenin-yemeklerine-etiraz-etdiyi-ucun-tohmet-alib\\\/\"]}]},{\"@type\":\"ImageObject\",\"inLanguage\":\"az\",\"@id\":\"https:\\\/\\\/www.meydan.tv\\\/az\\\/article\\\/neftci-xezeriasenin-yemeklerine-etiraz-etdiyi-ucun-tohmet-alib\\\/#primaryimage\",\"url\":\"https:\\\/\\\/www.meydan.tv\\\/wp-content\\\/uploads\\\/1-85.jpg\",\"contentUrl\":\"https:\\\/\\\/www.meydan.tv\\\/wp-content\\\/uploads\\\/1-85.jpg\",\"width\":1189,\"height\":675,\"caption\":\"Fotolar: Meydan TV\"},{\"@type\":\"BreadcrumbList\",\"@id\":\"https:\\\/\\\/www.meydan.tv\\\/az\\\/article\\\/neftci-xezeriasenin-yemeklerine-etiraz-etdiyi-ucun-tohmet-alib\\\/#breadcrumb\",\"itemListElement\":[{\"@type\":\"ListItem\",\"position\":1,\"name\":\"Ana s\u0259hif\u0259\",\"item\":\"https:\\\/\\\/www.meydan.tv\\\/az\\\/\"},{\"@type\":\"ListItem\",\"position\":2,\"name\":\"Sosial\",\"item\":\"https:\\\/\\\/www.meydan.tv\\\/az\\\/section\\\/sosial\\\/\"},{\"@type\":\"ListItem\",\"position\":3,\"name\":\"Neft\u00e7i \u201cX\u0259z\u0259ria\u015f\u0259\u201dnin yem\u0259kl\u0259rin\u0259 etiraz etdiyi \u00fc\u00e7\u00fcn t\u00f6hm\u0259t al\u0131b\"}]},{\"@type\":\"WebSite\",\"@id\":\"https:\\\/\\\/www.meydan.tv\\\/az\\\/#website\",\"url\":\"https:\\\/\\\/www.meydan.tv\\\/az\\\/\",\"name\":\"MEYDAN.TV\",\"description\":\"Meydan TV Az\u0259rbaycan\u0131n media m\u0259kan\u0131ndak\u0131 alternativ s\u0259sidir\",\"publisher\":{\"@id\":\"https:\\\/\\\/www.meydan.tv\\\/az\\\/#organization\"},\"potentialAction\":[{\"@type\":\"SearchAction\",\"target\":{\"@type\":\"EntryPoint\",\"urlTemplate\":\"https:\\\/\\\/www.meydan.tv\\\/az\\\/?s={search_term_string}\"},\"query-input\":{\"@type\":\"PropertyValueSpecification\",\"valueRequired\":true,\"valueName\":\"search_term_string\"}}],\"inLanguage\":\"az\"},{\"@type\":\"Organization\",\"@id\":\"https:\\\/\\\/www.meydan.tv\\\/az\\\/#organization\",\"name\":\"Meydan TV\",\"url\":\"https:\\\/\\\/www.meydan.tv\\\/az\\\/\",\"logo\":{\"@type\":\"ImageObject\",\"inLanguage\":\"az\",\"@id\":\"https:\\\/\\\/www.meydan.tv\\\/az\\\/#\\\/schema\\\/logo\\\/image\\\/\",\"url\":\"https:\\\/\\\/www.meydan.tv\\\/wp-content\\\/uploads\\\/2021\\\/07\\\/meydan-logo.svg\",\"contentUrl\":\"https:\\\/\\\/www.meydan.tv\\\/wp-content\\\/uploads\\\/2021\\\/07\\\/meydan-logo.svg\",\"width\":195,\"height\":46,\"caption\":\"Meydan TV\"},\"image\":{\"@id\":\"https:\\\/\\\/www.meydan.tv\\\/az\\\/#\\\/schema\\\/logo\\\/image\\\/\"}},{\"@type\":\"Person\",\"@id\":\"https:\\\/\\\/www.meydan.tv\\\/az\\\/#\\\/schema\\\/person\\\/9cdbecf90d17180ce1dfbd95b08dcf47\",\"name\":\"elli\",\"sameAs\":[\"https:\\\/\\\/x.com\\\/elli\"]}]}<\/script>\n<!-- \/ Yoast SEO plugin. -->","yoast_head_json":{"title":"Neft\u00e7i \u201cX\u0259z\u0259ria\u015f\u0259\u201dnin yem\u0259kl\u0259rin\u0259 etiraz etdiyi \u00fc\u00e7\u00fcn t\u00f6hm\u0259t al\u0131b - MEYDAN.TV","robots":{"index":"index","follow":"follow","max-snippet":"max-snippet:-1","max-image-preview":"max-image-preview:large","max-video-preview":"max-video-preview:-1"},"canonical":"https:\/\/www.meydan.tv\/az\/article\/neftci-xezeriasenin-yemeklerine-etiraz-etdiyi-ucun-tohmet-alib\/","og_locale":"az_AZ","og_type":"article","og_title":"Neft\u00e7i \u201cX\u0259z\u0259ria\u015f\u0259\u201dnin yem\u0259kl\u0259rin\u0259 etiraz etdiyi \u00fc\u00e7\u00fcn t\u00f6hm\u0259t al\u0131b - MEYDAN.TV","og_description":"\u201cS\u0259bail Rayon Prokurorlu\u011funa \u00fcnvanlad\u0131\u011f\u0131m m\u0259ktuba prokurorluq yox, \u201cAzneft\u201d \u0130B-nin Ba\u015f ... Davam\u0131","og_url":"https:\/\/www.meydan.tv\/az\/article\/neftci-xezeriasenin-yemeklerine-etiraz-etdiyi-ucun-tohmet-alib\/","og_site_name":"MEYDAN.TV","article_published_time":"2024-06-24T04:09:04+00:00","article_modified_time":"2024-06-24T07:21:45+00:00","og_image":[{"width":1189,"height":675,"url":"https:\/\/www.meydan.tv\/wp-content\/uploads\/1-85.jpg","type":"image\/jpeg"}],"author":"elli","twitter_card":"summary_large_image","twitter_creator":"@elli","schema":{"@context":"https:\/\/schema.org","@graph":[{"@type":"Article","@id":"https:\/\/www.meydan.tv\/az\/article\/neftci-xezeriasenin-yemeklerine-etiraz-etdiyi-ucun-tohmet-alib\/#article","isPartOf":{"@id":"https:\/\/www.meydan.tv\/az\/article\/neftci-xezeriasenin-yemeklerine-etiraz-etdiyi-ucun-tohmet-alib\/"},"author":{"name":"elli","@id":"https:\/\/www.meydan.tv\/az\/#\/schema\/person\/9cdbecf90d17180ce1dfbd95b08dcf47"},"headline":"Neft\u00e7i \u201cX\u0259z\u0259ria\u015f\u0259\u201dnin yem\u0259kl\u0259rin\u0259 etiraz etdiyi \u00fc\u00e7\u00fcn t\u00f6hm\u0259t al\u0131b","datePublished":"2024-06-24T04:09:04+00:00","dateModified":"2024-06-24T07:21:45+00:00","mainEntityOfPage":{"@id":"https:\/\/www.meydan.tv\/az\/article\/neftci-xezeriasenin-yemeklerine-etiraz-etdiyi-ucun-tohmet-alib\/"},"wordCount":1022,"publisher":{"@id":"https:\/\/www.meydan.tv\/az\/#organization"},"image":{"@id":"https:\/\/www.meydan.tv\/az\/article\/neftci-xezeriasenin-yemeklerine-etiraz-etdiyi-ucun-tohmet-alib\/#primaryimage"},"thumbnailUrl":"https:\/\/www.meydan.tv\/wp-content\/uploads\/1-85.jpg","articleSection":["Sosial","X\u0259b\u0259rl\u0259r"],"inLanguage":"az"},{"@type":"WebPage","@id":"https:\/\/www.meydan.tv\/az\/article\/neftci-xezeriasenin-yemeklerine-etiraz-etdiyi-ucun-tohmet-alib\/","url":"https:\/\/www.meydan.tv\/az\/article\/neftci-xezeriasenin-yemeklerine-etiraz-etdiyi-ucun-tohmet-alib\/","name":"Neft\u00e7i \u201cX\u0259z\u0259ria\u015f\u0259\u201dnin yem\u0259kl\u0259rin\u0259 etiraz etdiyi \u00fc\u00e7\u00fcn t\u00f6hm\u0259t al\u0131b - MEYDAN.TV","isPartOf":{"@id":"https:\/\/www.meydan.tv\/az\/#website"},"primaryImageOfPage":{"@id":"https:\/\/www.meydan.tv\/az\/article\/neftci-xezeriasenin-yemeklerine-etiraz-etdiyi-ucun-tohmet-alib\/#primaryimage"},"image":{"@id":"https:\/\/www.meydan.tv\/az\/article\/neftci-xezeriasenin-yemeklerine-etiraz-etdiyi-ucun-tohmet-alib\/#primaryimage"},"thumbnailUrl":"https:\/\/www.meydan.tv\/wp-content\/uploads\/1-85.jpg","datePublished":"2024-06-24T04:09:04+00:00","dateModified":"2024-06-24T07:21:45+00:00","breadcrumb":{"@id":"https:\/\/www.meydan.tv\/az\/article\/neftci-xezeriasenin-yemeklerine-etiraz-etdiyi-ucun-tohmet-alib\/#breadcrumb"},"inLanguage":"az","potentialAction":[{"@type":"ReadAction","target":["https:\/\/www.meydan.tv\/az\/article\/neftci-xezeriasenin-yemeklerine-etiraz-etdiyi-ucun-tohmet-alib\/"]}]},{"@type":"ImageObject","inLanguage":"az","@id":"https:\/\/www.meydan.tv\/az\/article\/neftci-xezeriasenin-yemeklerine-etiraz-etdiyi-ucun-tohmet-alib\/#primaryimage","url":"https:\/\/www.meydan.tv\/wp-content\/uploads\/1-85.jpg","contentUrl":"https:\/\/www.meydan.tv\/wp-content\/uploads\/1-85.jpg","width":1189,"height":675,"caption":"Fotolar: Meydan TV"},{"@type":"BreadcrumbList","@id":"https:\/\/www.meydan.tv\/az\/article\/neftci-xezeriasenin-yemeklerine-etiraz-etdiyi-ucun-tohmet-alib\/#breadcrumb","itemListElement":[{"@type":"ListItem","position":1,"name":"Ana s\u0259hif\u0259","item":"https:\/\/www.meydan.tv\/az\/"},{"@type":"ListItem","position":2,"name":"Sosial","item":"https:\/\/www.meydan.tv\/az\/section\/sosial\/"},{"@type":"ListItem","position":3,"name":"Neft\u00e7i \u201cX\u0259z\u0259ria\u015f\u0259\u201dnin yem\u0259kl\u0259rin\u0259 etiraz etdiyi \u00fc\u00e7\u00fcn t\u00f6hm\u0259t al\u0131b"}]},{"@type":"WebSite","@id":"https:\/\/www.meydan.tv\/az\/#website","url":"https:\/\/www.meydan.tv\/az\/","name":"MEYDAN.TV","description":"Meydan TV Az\u0259rbaycan\u0131n media m\u0259kan\u0131ndak\u0131 alternativ s\u0259sidir","publisher":{"@id":"https:\/\/www.meydan.tv\/az\/#organization"},"potentialAction":[{"@type":"SearchAction","target":{"@type":"EntryPoint","urlTemplate":"https:\/\/www.meydan.tv\/az\/?s={search_term_string}"},"query-input":{"@type":"PropertyValueSpecification","valueRequired":true,"valueName":"search_term_string"}}],"inLanguage":"az"},{"@type":"Organization","@id":"https:\/\/www.meydan.tv\/az\/#organization","name":"Meydan TV","url":"https:\/\/www.meydan.tv\/az\/","logo":{"@type":"ImageObject","inLanguage":"az","@id":"https:\/\/www.meydan.tv\/az\/#\/schema\/logo\/image\/","url":"https:\/\/www.meydan.tv\/wp-content\/uploads\/2021\/07\/meydan-logo.svg","contentUrl":"https:\/\/www.meydan.tv\/wp-content\/uploads\/2021\/07\/meydan-logo.svg","width":195,"height":46,"caption":"Meydan TV"},"image":{"@id":"https:\/\/www.meydan.tv\/az\/#\/schema\/logo\/image\/"}},{"@type":"Person","@id":"https:\/\/www.meydan.tv\/az\/#\/schema\/person\/9cdbecf90d17180ce1dfbd95b08dcf47","name":"elli","sameAs":["https:\/\/x.com\/elli"]}]}},"_links":{"self":[{"href":"https:\/\/www.meydan.tv\/az\/wp-json\/wp\/v2\/posts\/308694","targetHints":{"allow":["GET"]}}],"collection":[{"href":"https:\/\/www.meydan.tv\/az\/wp-json\/wp\/v2\/posts"}],"about":[{"href":"https:\/\/www.meydan.tv\/az\/wp-json\/wp\/v2\/types\/post"}],"author":[{"embeddable":true,"href":"https:\/\/www.meydan.tv\/az\/wp-json\/wp\/v2\/users\/8"}],"replies":[{"embeddable":true,"href":"https:\/\/www.meydan.tv\/az\/wp-json\/wp\/v2\/comments?post=308694"}],"version-history":[{"count":3,"href":"https:\/\/www.meydan.tv\/az\/wp-json\/wp\/v2\/posts\/308694\/revisions"}],"predecessor-version":[{"id":308723,"href":"https:\/\/www.meydan.tv\/az\/wp-json\/wp\/v2\/posts\/308694\/revisions\/308723"}],"wp:featuredmedia":[{"embeddable":true,"href":"https:\/\/www.meydan.tv\/az\/wp-json\/wp\/v2\/media\/308691"}],"wp:attachment":[{"href":"https:\/\/www.meydan.tv\/az\/wp-json\/wp\/v2\/media?parent=308694"}],"wp:term":[{"taxonomy":"category","embeddable":true,"href":"https:\/\/www.meydan.tv\/az\/wp-json\/wp\/v2\/categories?post=308694"},{"taxonomy":"post_tag","embeddable":true,"href":"https:\/\/www.meydan.tv\/az\/wp-json\/wp\/v2\/tags?post=308694"}],"curies":[{"name":"wp","href":"https:\/\/api.w.org\/{rel}","templated":true}]}}