{"id":308664,"date":"2024-06-23T12:05:25","date_gmt":"2024-06-23T08:05:25","guid":{"rendered":"https:\/\/www.meydan.tv\/?p=308664"},"modified":"2024-06-23T22:02:19","modified_gmt":"2024-06-23T18:02:19","slug":"yasli-insanlar-firildaqciliq-dalgasinin-qurbanina-cevrilirler-200-min-dollardan-cox-vesait-ele-kecirilib","status":"publish","type":"post","link":"https:\/\/www.meydan.tv\/az\/article\/yasli-insanlar-firildaqciliq-dalgasinin-qurbanina-cevrilirler-200-min-dollardan-cox-vesait-ele-kecirilib\/","title":{"rendered":"Ya\u015fl\u0131 insanlar f\u0131r\u0131ldaq\u00e7\u0131l\u0131q dal\u011fas\u0131n\u0131n qurban\u0131na \u00e7evrilirl\u0259r: 200 min dollardan \u00e7ox v\u0259sait \u0259l\u0259 ke\u00e7irilib"},"content":{"rendered":"\n<p><\/p>\n\n\n\n<p><strong>Emin M\u0259mm\u0259dli<\/strong><\/p>\n\n\n\n<p><strong><em>Sabiq polis r\u0259isi: \u201cTelefon qov\u015faqlar\u0131nda m\u0259xfilik yax\u015f\u0131 qorunmur\u201d<\/em><\/strong><\/p>\n\n\n\n<p>Az\u0259rbaycanda yeni f\u0131r\u0131ldaq\u00e7\u0131l\u0131q n\u00f6v\u00fc yay\u0131l\u0131b. Nam\u0259lum \u015f\u0259xsl\u0259r ya\u015fl\u0131 insanlar\u0131n ev telefonlar\u0131na z\u0259ng vuraraq, onlar\u0131n o\u011flu v\u0259 ya q\u0131z\u0131n\u0131n avtomobil q\u0259zas\u0131na d\u00fc\u015fd\u00fcy\u00fcn\u00fc, v\u0259ziyy\u0259tinin a\u011f\u0131r oldu\u011funu v\u0259 t\u0259cili \u0259m\u0259liyyat \u00fc\u00e7\u00fcn pul laz\u0131m oldu\u011funu bildirirl\u0259r. Daha sonra ya\u015fl\u0131 insana kart n\u00f6mr\u0259sin\u0259 pul k\u00f6\u00e7\u00fcrm\u0259k v\u0259 ya ev\u0259 g\u00f6nd\u0259ril\u0259c\u0259k kuryer\u0259 pulu verm\u0259k t\u0259klif edilir.<\/p>\n\n\n\n<p>\u0130ctimai f\u0259allardan bir ne\u00e7\u0259si d\u0259 sosial \u015f\u0259b\u0259k\u0259d\u0259 eyni probleml\u0259 \u00fczl\u0259\u015fdiyini yaz\u0131b.<\/p>\n\n\n\n<p>Daxili \u0130\u015fl\u0259r Nazirliyi iyunun 15-d\u0259 bununla ba\u011fl\u0131 m\u0259lumat yayaraq 14 kuryerin saxlan\u0131ld\u0131\u011f\u0131n\u0131 bildirib.<\/p>\n\n\n\n<p>M\u0259lumatda qeyd olunub ki, f\u0131r\u0131ldaq\u00e7\u0131lar \u0259vv\u0259lc\u0259d\u0259n \u201cTelegram\u201d sosial \u015f\u0259b\u0259k\u0259sind\u0259n sifari\u015f etdikl\u0259ri kuryerl\u0259r vasit\u0259sil\u0259 pul v\u0259saitl\u0259rini z\u0259r\u0259r\u00e7\u0259k\u0259nl\u0259rd\u0259n alaraq kriptovalyuta hesablar\u0131na k\u00f6\u00e7\u00fcrm\u0259kl\u0259 \u0259l\u0259 ke\u00e7iribl\u0259r. N\u0259tic\u0259d\u0259 \u00fcmumilikd\u0259 on v\u0259t\u0259nda\u015fa 240 min 900 AB\u015e dollar\u0131 v\u0259 55 min 100 manat maddi ziyan vurulub.<\/p>\n\n\n\n<p>D\u0130N z\u0259ngl\u0259rin 8-13 iyun aras\u0131nda oldu\u011funu qeyd ets\u0259 d\u0259, bu tarixd\u0259n sonra da evl\u0259r\u0259 z\u0259ngl\u0259r vurulmas\u0131 bar\u0259d\u0259 m\u0259lumatlar var.<\/p>\n\n\n\n<p>Arada vasit\u0259\u00e7ilik ed\u0259n kuryerl\u0259rin saxlan\u0131ld\u0131\u011f\u0131 bildirils\u0259 d\u0259, ortaya bir ne\u00e7\u0259 cavab\u0131 axtar\u0131las\u0131 suallar \u00e7\u0131x\u0131r.<\/p>\n\n\n<div class=\"wp-block-image\">\n<figure class=\"aligncenter size-large\"><img decoding=\"async\" width=\"1200\" height=\"800\" data-src=\"https:\/\/www.meydan.tv\/wp-content\/uploads\/polis-3-1200x800.jpg\" alt=\"\" class=\"wp-image-247152 lazyload\" src=\"data:image\/svg+xml;base64,PHN2ZyB3aWR0aD0iMSIgaGVpZ2h0PSIxIiB4bWxucz0iaHR0cDovL3d3dy53My5vcmcvMjAwMC9zdmciPjwvc3ZnPg==\" style=\"--smush-placeholder-width: 1200px; --smush-placeholder-aspect-ratio: 1200\/800;\" \/><figcaption class=\"wp-element-caption\">Foto: D\u0130N<\/figcaption><\/figure>\n<\/div>\n\n\n<p>M\u0259lumatlar\u0131n analizi onu dem\u0259y\u0259 \u0259sas verir ki, f\u0131r\u0131ldaq\u00e7\u0131lar t\u0259sad\u00fcfi n\u00f6mr\u0259l\u0259r\u0259 z\u0259ng vurmurlar. Onlar h\u0259min n\u00f6mr\u0259d\u0259 ya\u015fl\u0131 insan\u0131n oldu\u011funu bilirl\u0259r. Bundan \u0259lav\u0259, f\u0131r\u0131ldaq\u00e7\u0131lar h\u0259m\u00e7inin h\u0259min insan\u0131n \u00f6vlad\u0131n\u0131n m\u0259hz q\u0131z v\u0259 ya o\u011flan oldu\u011fu bar\u0259d\u0259 d\u0259 m\u0259lumatl\u0131d\u0131rlar. Y\u0259ni q\u0131z\u0131 olmayan ya\u015fl\u0131 insana \u201cs\u0259nin q\u0131z\u0131n q\u0259zaya d\u00fc\u015f\u00fcb\u201d demirl\u0259r.<\/p>\n\n\n\n<p>\u0130lk yaranan sual n\u00f6mr\u0259l\u0259rin hardan \u0259ld\u0259 edilm\u0259sidir. Dig\u0259r sual f\u0131r\u0131ldaq\u00e7\u0131lar\u0131n ail\u0259 \u00fczvl\u0259ri bar\u0259d\u0259 m\u0259lumatlar\u0131n haradan \u0259ld\u0259 etm\u0259sidir. Bu m\u0259lumatlar hans\u0131 t\u0259\u015fkilatdan o\u011furlana v\u0259 ya \u00f6t\u00fcr\u00fcl\u0259 bil\u0259rdi? \u0130nsanlar bu c\u00fcr formada m\u0259lumat s\u0131zd\u0131r\u0131lmas\u0131ndan sonra \u00f6zl\u0259rini nec\u0259 t\u0259hl\u00fck\u0259sizlikd\u0259 hiss ed\u0259 bil\u0259rl\u0259r?<\/p>\n\n\n\n<p><strong>\u201cKuryerl\u0259rin saxlan\u0131lmas\u0131 problemi h\u0259ll etm\u0259y\u0259c\u0259k\u201d<\/strong><\/p>\n\n\n\n<p>M\u0259s\u0259l\u0259ni Meydan TV \u00fc\u00e7\u00fcn \u015f\u0259rh ed\u0259n sabiq polis r\u0259isi, h\u00fcquq\u015f\u00fcnas Mahmud Hac\u0131yev deyib ki, bu m\u0259s\u0259l\u0259d\u0259 \u015f\u0259h\u0259r telefon \u015f\u0259b\u0259k\u0259l\u0259ri cavabdehdir. O hesab edir ki, \u015f\u0259h\u0259r telefon qov\u015faqlar\u0131nda m\u0259xfilik o q\u0259d\u0259r d\u0259 qorunmur.<\/p>\n\n\n\n<p>Sabiq polis r\u0259isi deyib ki, f\u0259rdi m\u0259lumatlar\u0131n \u0259ld\u0259 edilm\u0259si el\u0259 bir \u00e7\u0259tin i\u015f deyil:<\/p>\n\n\n\n<p><em>\u201cHam\u0131s\u0131 texnologiyan\u0131n yenil\u0259nm\u0259sinin n\u0259tic\u0259sidir &#8211; ad v\u0259 soyad\u0131n\u0131 \u00f6yr\u0259nib m\u00fcxt\u0259lif vasit\u0259l\u0259rl\u0259 axtar\u0131\u015fa verib tap\u0131rlar. Hakerl\u0259r nec\u0259 i\u015fl\u0259yir, pullar\u0131 banklardan nec\u0259 g\u00f6t\u00fcr\u00fcrl\u0259r, yaxud ba\u015fqas\u0131n\u0131n pensiyas\u0131n\u0131 nec\u0259 o\u011furlay\u0131rlar, yen\u0259 g\u0259lib texnologiyan\u0131n inki\u015faf\u0131na dayan\u0131r\u0131q. Bir balaca \u0259lind\u0259 \u201cipucu\u201d olan kimi b\u00fct\u00fcn m\u0259lumatlar\u0131 g\u00f6t\u00fcr\u00fcrl\u0259r\u201d.<\/em><\/p>\n\n\n<div class=\"wp-block-image\">\n<figure class=\"alignleft size-full is-resized\"><img decoding=\"async\" width=\"1200\" height=\"803\" data-src=\"https:\/\/www.meydan.tv\/wp-content\/uploads\/415830.jpg\" alt=\"\" class=\"wp-image-308665 lazyload\" style=\"--smush-placeholder-width: 1200px; --smush-placeholder-aspect-ratio: 1200\/803;width:491px;height:auto\" src=\"data:image\/svg+xml;base64,PHN2ZyB3aWR0aD0iMSIgaGVpZ2h0PSIxIiB4bWxucz0iaHR0cDovL3d3dy53My5vcmcvMjAwMC9zdmciPjwvc3ZnPg==\" \/><figcaption class=\"wp-element-caption\">Mahmud Hac\u0131yev. Foto: arxiv<\/figcaption><\/figure>\n<\/div>\n\n\n<p>Onun s\u00f6zl\u0259rin\u0259 g\u00f6r\u0259, ayr\u0131-ayr\u0131 kuryerl\u0259rin saxlan\u0131lmas\u0131 il\u0259 problem h\u0259ll edilm\u0259y\u0259c\u0259k. Ekspert hesab edir ki, bu f\u0131r\u0131ldaq\u00e7\u0131l\u0131\u011f\u0131n qar\u015f\u0131s\u0131n\u0131 almaq \u00fc\u00e7\u00fcn birinci \u015f\u0259rt insanlar\u0131n ay\u0131q-say\u0131q olmalar\u0131d\u0131r.<\/p>\n\n\n\n<p><em>\u201cH\u00fcquq-m\u00fchafiz\u0259 orqanlar\u0131n\u0131n ke\u00e7irdiyi profilaktiki t\u0259dbirl\u0259rl\u0259 bu c\u00fcr cinay\u0259tl\u0259rin qar\u015f\u0131s\u0131n\u0131 almaq qeyri-m\u00fcmk\u00fcnd\u00fcr. Azaltmaq olar, y\u0259ni d\u0259l\u0259duzlar h\u0259bs olunur, azal\u0131r, amma yenil\u0259ri d\u0259 \u0259m\u0259l\u0259 g\u0259lir\u201d<\/em>, &#8211; o deyib.<\/p>\n\n\n\n<p><strong>\u201cAy\u0131q-say\u0131q olmaq bizim konstitusion v\u0259zif\u0259miz\u0259 \u00e7evrilir\u201d<\/strong><\/p>\n\n\n\n<p>Polis\u0259 D\u0259st\u0259k \u0130ctimai Birliyinin s\u0259dri \u015e\u0259ms\u0259ddin \u018fliyev is\u0259 Meydan TV-y\u0259 deyib ki, ev telefonlar\u0131n\u0131n n\u00f6mr\u0259l\u0259rinin \u0259ld\u0259 olunmas\u0131 \u00fc\u00e7\u00fcn m\u00fcxt\u0259lif vasit\u0259l\u0259rd\u0259n istifad\u0259 edilir:<\/p>\n\n\n\n<p><em>\u201cM\u0259s\u0259l\u0259n, qon\u015fudan, M\u0259nzil \u0130stismar Sah\u0259l\u0259rind\u0259n, h\u0259tta banklardan da ala bilirl\u0259r. Y\u0259ni telefon n\u00f6mr\u0259l\u0259rini \u0259ld\u0259 etm\u0259k \u00e7ox \u00e7\u0259tin deyil. \u0130nsanlar \u00e7ox sad\u0259l\u00f6vhd\u00fcrl\u0259r, f\u0131r\u0131ldaq\u00e7\u0131lar da onlardan yax\u015f\u0131 istifad\u0259 edirl\u0259r. Art\u0131q texnologiyan\u0131n inki\u015faf etdiyi d\u00f6vrd\u0259 ay\u0131q-say\u0131q olmaq bizim konstitusion v\u0259zif\u0259miz\u0259 \u00e7evrilir\u201d.<\/em><\/p>\n\n\n\n<p>Onun s\u00f6zl\u0259rin\u0259 g\u00f6r\u0259, qanunvericilikl\u0259 yasaqlanmayan bir s\u0131ra m\u0259s\u0259l\u0259l\u0259r var ki, f\u0131r\u0131ldaq\u00e7\u0131lar bundan sui-istifad\u0259 edirl\u0259r.<\/p>\n\n\n\n<p><em>\u201c20-30 il \u0259vv\u0259l Az\u0259rbaycan\u0131n cinay\u0259t qanunvericiliyind\u0259 insan alveri, adam o\u011furlu\u011fu, yaxud kibercinay\u0259tl\u0259r bar\u0259d\u0259 he\u00e7 n\u0259 yox idi. Son ill\u0259r \u00e7ox q\u0259rib\u0259 cinay\u0259tl\u0259r\u0259 meylli qruplar yaran\u0131r. M\u0259n bunlar\u0131 h\u0259ssas qruplar say\u0131ram, onlar c\u0259miyy\u0259t \u00fc\u00e7\u00fcn \u00e7ox t\u0259hl\u00fck\u0259lidirl\u0259r. Bel\u0259 insanlar\u0131 v\u0259 ya qruplar\u0131 bloklamaq \u00e7ox \u00e7\u0259tindir. Bu m\u0259nada yaln\u0131z insanlar\u0131n ay\u0131q-say\u0131ql\u0131\u011f\u0131na \u00fcmid qal\u0131r\u201d, &#8211; <\/em>\u015e.\u018fliyev deyib.<\/p>\n\n\n<div class=\"wp-block-image\">\n<figure class=\"alignright size-full is-resized\"><img decoding=\"async\" width=\"1200\" height=\"801\" data-src=\"https:\/\/www.meydan.tv\/wp-content\/uploads\/396aacfd58-aksiya-istirakcilarinin-haqli-teleblerine-cavab-verilmelidir.jpg\" alt=\"\" class=\"wp-image-308668 lazyload\" style=\"--smush-placeholder-width: 1200px; --smush-placeholder-aspect-ratio: 1200\/801;width:349px;height:auto\" src=\"data:image\/svg+xml;base64,PHN2ZyB3aWR0aD0iMSIgaGVpZ2h0PSIxIiB4bWxucz0iaHR0cDovL3d3dy53My5vcmcvMjAwMC9zdmciPjwvc3ZnPg==\" \/><figcaption class=\"wp-element-caption\">Foto: \u015e\u0259ms\u0259ddin \u018fliyevin \u015f\u0259xsi arxivind\u0259n<\/figcaption><\/figure>\n<\/div>\n\n\n<p>\u0130ctimai Birliyin s\u0259dri d\u0259 hesab edir ki, kuryerl\u0259rin saxlan\u0131lmas\u0131 il\u0259 problem h\u0259ll olunmur. O vur\u011fulay\u0131b ki, f\u0131r\u0131ldaq\u00e7\u0131lar\u0131n f\u0259aliyy\u0259ti \u00fc\u00e7\u00fcn geni\u015f meydan var v\u0259 bu prosesi t\u0259nziml\u0259y\u0259n normativ baza yoxdur:<\/p>\n\n\n\n<p><em>\u201cSad\u0259c\u0259, hadis\u0259 ba\u015f\u0131nda yaxalan\u0131r v\u0259 if\u015fa olunur. Ona g\u00f6r\u0259 s\u0259rt t\u0259dbirl\u0259r d\u0259 g\u00f6r\u00fcls\u0259, qar\u015f\u0131s\u0131 al\u0131nmayacaq, bir qrupu qapayacaqsan, ba\u015fqas\u0131 \u00e7\u0131xacaq\u201d.<\/em><\/p>\n\n\n\n<p>Ekspertin s\u00f6zl\u0259rin\u0259 g\u00f6r\u0259, ilkin \u015f\u0259rt v\u0259t\u0259nda\u015flar\u0131n aldanmaqdan uzaqla\u015fmalar\u0131d\u0131r v\u0259 bunun \u00fc\u00e7\u00fcn maarifl\u0259ndirm\u0259 i\u015fi g\u00fccl\u0259ndirilm\u0259lidir.<\/p>\n\n\n\n<p><em>\u201cD\u00fczd\u00fcr, D\u0130N son vaxtlar intensiv \u015f\u0259kild\u0259 informasiya vasit\u0259sil\u0259 maarifl\u0259ndirm\u0259 i\u015fi g\u00f6r\u00fcr, amma median\u0131n da \u00fcz\u0259rin\u0259 i\u015f d\u00fc\u015f\u00fcr\u201d<\/em>, &#8211; o deyib.<\/p>\n","protected":false},"excerpt":{"rendered":"<p>Emin M\u0259mm\u0259dli Sabiq polis r\u0259isi: \u201cTelefon qov\u015faqlar\u0131nda m\u0259xfilik yax\u015f\u0131 qorunmur\u201d &#8230; <\/p>\n<p class=\"read-more-container\"><a title=\"Ya\u015fl\u0131 insanlar f\u0131r\u0131ldaq\u00e7\u0131l\u0131q dal\u011fas\u0131n\u0131n qurban\u0131na \u00e7evrilirl\u0259r: 200 min dollardan \u00e7ox v\u0259sait \u0259l\u0259 ke\u00e7irilib\" class=\"read-more button\" href=\"https:\/\/www.meydan.tv\/az\/article\/yasli-insanlar-firildaqciliq-dalgasinin-qurbanina-cevrilirler-200-min-dollardan-cox-vesait-ele-kecirilib\/#more-308664\" aria-label=\"Read more about Ya\u015fl\u0131 insanlar f\u0131r\u0131ldaq\u00e7\u0131l\u0131q dal\u011fas\u0131n\u0131n qurban\u0131na \u00e7evrilirl\u0259r: 200 min dollardan \u00e7ox v\u0259sait \u0259l\u0259 ke\u00e7irilib\">Davam\u0131<\/a><\/p>\n","protected":false},"author":8,"featured_media":308671,"comment_status":"closed","ping_status":"closed","sticky":false,"template":"","format":"standard","meta":{"_acf_changed":false,"_sitemap_exclude":false,"_sitemap_priority":"","_sitemap_frequency":"","footnotes":""},"categories":[62,79,56],"tags":[],"class_list":["post-308664","post","type-post","status-publish","format-standard","has-post-thumbnail","hentry","category-sosial","category-featured","category-xeberler","infinite-scroll-item","generate-columns","tablet-grid-50","mobile-grid-100","grid-parent","grid-33","no-featured-image-padding"],"acf":[],"yoast_head":"<!-- This site is optimized with the Yoast SEO plugin v27.5 - https:\/\/yoast.com\/product\/yoast-seo-wordpress\/ -->\n<title>Ya\u015fl\u0131 insanlar f\u0131r\u0131ldaq\u00e7\u0131l\u0131q dal\u011fas\u0131n\u0131n qurban\u0131na \u00e7evrilirl\u0259r: 200 min dollardan \u00e7ox v\u0259sait \u0259l\u0259 ke\u00e7irilib - MEYDAN.TV<\/title>\n<meta name=\"robots\" content=\"index, follow, max-snippet:-1, max-image-preview:large, max-video-preview:-1\" \/>\n<link rel=\"canonical\" href=\"https:\/\/www.meydan.tv\/az\/article\/yasli-insanlar-firildaqciliq-dalgasinin-qurbanina-cevrilirler-200-min-dollardan-cox-vesait-ele-kecirilib\/\" \/>\n<meta property=\"og:locale\" content=\"az_AZ\" \/>\n<meta property=\"og:type\" content=\"article\" \/>\n<meta property=\"og:title\" content=\"Ya\u015fl\u0131 insanlar f\u0131r\u0131ldaq\u00e7\u0131l\u0131q dal\u011fas\u0131n\u0131n qurban\u0131na \u00e7evrilirl\u0259r: 200 min dollardan \u00e7ox v\u0259sait \u0259l\u0259 ke\u00e7irilib - MEYDAN.TV\" \/>\n<meta property=\"og:description\" content=\"Emin M\u0259mm\u0259dli Sabiq polis r\u0259isi: \u201cTelefon qov\u015faqlar\u0131nda m\u0259xfilik yax\u015f\u0131 qorunmur\u201d ... Davam\u0131\" \/>\n<meta property=\"og:url\" content=\"https:\/\/www.meydan.tv\/az\/article\/yasli-insanlar-firildaqciliq-dalgasinin-qurbanina-cevrilirler-200-min-dollardan-cox-vesait-ele-kecirilib\/\" \/>\n<meta property=\"og:site_name\" content=\"MEYDAN.TV\" \/>\n<meta property=\"article:published_time\" content=\"2024-06-23T08:05:25+00:00\" \/>\n<meta property=\"article:modified_time\" content=\"2024-06-23T18:02:19+00:00\" \/>\n<meta property=\"og:image\" content=\"https:\/\/www.meydan.tv\/wp-content\/uploads\/shutterstock_796464907.jpg\" \/>\n\t<meta property=\"og:image:width\" content=\"1200\" \/>\n\t<meta property=\"og:image:height\" content=\"799\" \/>\n\t<meta property=\"og:image:type\" content=\"image\/jpeg\" \/>\n<meta name=\"author\" content=\"elli\" \/>\n<meta name=\"twitter:card\" content=\"summary_large_image\" \/>\n<meta name=\"twitter:creator\" content=\"@elli\" \/>\n<script type=\"application\/ld+json\" class=\"yoast-schema-graph\">{\"@context\":\"https:\\\/\\\/schema.org\",\"@graph\":[{\"@type\":\"Article\",\"@id\":\"https:\\\/\\\/www.meydan.tv\\\/az\\\/article\\\/yasli-insanlar-firildaqciliq-dalgasinin-qurbanina-cevrilirler-200-min-dollardan-cox-vesait-ele-kecirilib\\\/#article\",\"isPartOf\":{\"@id\":\"https:\\\/\\\/www.meydan.tv\\\/az\\\/article\\\/yasli-insanlar-firildaqciliq-dalgasinin-qurbanina-cevrilirler-200-min-dollardan-cox-vesait-ele-kecirilib\\\/\"},\"author\":{\"name\":\"elli\",\"@id\":\"https:\\\/\\\/www.meydan.tv\\\/az\\\/#\\\/schema\\\/person\\\/9cdbecf90d17180ce1dfbd95b08dcf47\"},\"headline\":\"Ya\u015fl\u0131 insanlar f\u0131r\u0131ldaq\u00e7\u0131l\u0131q dal\u011fas\u0131n\u0131n qurban\u0131na \u00e7evrilirl\u0259r: 200 min dollardan \u00e7ox v\u0259sait \u0259l\u0259 ke\u00e7irilib\",\"datePublished\":\"2024-06-23T08:05:25+00:00\",\"dateModified\":\"2024-06-23T18:02:19+00:00\",\"mainEntityOfPage\":{\"@id\":\"https:\\\/\\\/www.meydan.tv\\\/az\\\/article\\\/yasli-insanlar-firildaqciliq-dalgasinin-qurbanina-cevrilirler-200-min-dollardan-cox-vesait-ele-kecirilib\\\/\"},\"wordCount\":1077,\"publisher\":{\"@id\":\"https:\\\/\\\/www.meydan.tv\\\/az\\\/#organization\"},\"image\":{\"@id\":\"https:\\\/\\\/www.meydan.tv\\\/az\\\/article\\\/yasli-insanlar-firildaqciliq-dalgasinin-qurbanina-cevrilirler-200-min-dollardan-cox-vesait-ele-kecirilib\\\/#primaryimage\"},\"thumbnailUrl\":\"https:\\\/\\\/www.meydan.tv\\\/wp-content\\\/uploads\\\/shutterstock_796464907.jpg\",\"articleSection\":[\"Sosial\",\"T\u00f6vsiy\u0259\",\"X\u0259b\u0259rl\u0259r\"],\"inLanguage\":\"az\"},{\"@type\":\"WebPage\",\"@id\":\"https:\\\/\\\/www.meydan.tv\\\/az\\\/article\\\/yasli-insanlar-firildaqciliq-dalgasinin-qurbanina-cevrilirler-200-min-dollardan-cox-vesait-ele-kecirilib\\\/\",\"url\":\"https:\\\/\\\/www.meydan.tv\\\/az\\\/article\\\/yasli-insanlar-firildaqciliq-dalgasinin-qurbanina-cevrilirler-200-min-dollardan-cox-vesait-ele-kecirilib\\\/\",\"name\":\"Ya\u015fl\u0131 insanlar f\u0131r\u0131ldaq\u00e7\u0131l\u0131q dal\u011fas\u0131n\u0131n qurban\u0131na \u00e7evrilirl\u0259r: 200 min dollardan \u00e7ox v\u0259sait \u0259l\u0259 ke\u00e7irilib - MEYDAN.TV\",\"isPartOf\":{\"@id\":\"https:\\\/\\\/www.meydan.tv\\\/az\\\/#website\"},\"primaryImageOfPage\":{\"@id\":\"https:\\\/\\\/www.meydan.tv\\\/az\\\/article\\\/yasli-insanlar-firildaqciliq-dalgasinin-qurbanina-cevrilirler-200-min-dollardan-cox-vesait-ele-kecirilib\\\/#primaryimage\"},\"image\":{\"@id\":\"https:\\\/\\\/www.meydan.tv\\\/az\\\/article\\\/yasli-insanlar-firildaqciliq-dalgasinin-qurbanina-cevrilirler-200-min-dollardan-cox-vesait-ele-kecirilib\\\/#primaryimage\"},\"thumbnailUrl\":\"https:\\\/\\\/www.meydan.tv\\\/wp-content\\\/uploads\\\/shutterstock_796464907.jpg\",\"datePublished\":\"2024-06-23T08:05:25+00:00\",\"dateModified\":\"2024-06-23T18:02:19+00:00\",\"breadcrumb\":{\"@id\":\"https:\\\/\\\/www.meydan.tv\\\/az\\\/article\\\/yasli-insanlar-firildaqciliq-dalgasinin-qurbanina-cevrilirler-200-min-dollardan-cox-vesait-ele-kecirilib\\\/#breadcrumb\"},\"inLanguage\":\"az\",\"potentialAction\":[{\"@type\":\"ReadAction\",\"target\":[\"https:\\\/\\\/www.meydan.tv\\\/az\\\/article\\\/yasli-insanlar-firildaqciliq-dalgasinin-qurbanina-cevrilirler-200-min-dollardan-cox-vesait-ele-kecirilib\\\/\"]}]},{\"@type\":\"ImageObject\",\"inLanguage\":\"az\",\"@id\":\"https:\\\/\\\/www.meydan.tv\\\/az\\\/article\\\/yasli-insanlar-firildaqciliq-dalgasinin-qurbanina-cevrilirler-200-min-dollardan-cox-vesait-ele-kecirilib\\\/#primaryimage\",\"url\":\"https:\\\/\\\/www.meydan.tv\\\/wp-content\\\/uploads\\\/shutterstock_796464907.jpg\",\"contentUrl\":\"https:\\\/\\\/www.meydan.tv\\\/wp-content\\\/uploads\\\/shutterstock_796464907.jpg\",\"width\":1200,\"height\":799,\"caption\":\"Telefon f\u0131r\u0131ldaq\u00e7\u0131l\u0131\u011f\u0131. Foto: Tero Vesalainen\\\/shutterstock\"},{\"@type\":\"BreadcrumbList\",\"@id\":\"https:\\\/\\\/www.meydan.tv\\\/az\\\/article\\\/yasli-insanlar-firildaqciliq-dalgasinin-qurbanina-cevrilirler-200-min-dollardan-cox-vesait-ele-kecirilib\\\/#breadcrumb\",\"itemListElement\":[{\"@type\":\"ListItem\",\"position\":1,\"name\":\"Ana s\u0259hif\u0259\",\"item\":\"https:\\\/\\\/www.meydan.tv\\\/az\\\/\"},{\"@type\":\"ListItem\",\"position\":2,\"name\":\"Sosial\",\"item\":\"https:\\\/\\\/www.meydan.tv\\\/az\\\/section\\\/sosial\\\/\"},{\"@type\":\"ListItem\",\"position\":3,\"name\":\"Ya\u015fl\u0131 insanlar f\u0131r\u0131ldaq\u00e7\u0131l\u0131q dal\u011fas\u0131n\u0131n qurban\u0131na \u00e7evrilirl\u0259r: 200 min dollardan \u00e7ox v\u0259sait \u0259l\u0259 ke\u00e7irilib\"}]},{\"@type\":\"WebSite\",\"@id\":\"https:\\\/\\\/www.meydan.tv\\\/az\\\/#website\",\"url\":\"https:\\\/\\\/www.meydan.tv\\\/az\\\/\",\"name\":\"MEYDAN.TV\",\"description\":\"Meydan TV Az\u0259rbaycan\u0131n media m\u0259kan\u0131ndak\u0131 alternativ s\u0259sidir\",\"publisher\":{\"@id\":\"https:\\\/\\\/www.meydan.tv\\\/az\\\/#organization\"},\"potentialAction\":[{\"@type\":\"SearchAction\",\"target\":{\"@type\":\"EntryPoint\",\"urlTemplate\":\"https:\\\/\\\/www.meydan.tv\\\/az\\\/?s={search_term_string}\"},\"query-input\":{\"@type\":\"PropertyValueSpecification\",\"valueRequired\":true,\"valueName\":\"search_term_string\"}}],\"inLanguage\":\"az\"},{\"@type\":\"Organization\",\"@id\":\"https:\\\/\\\/www.meydan.tv\\\/az\\\/#organization\",\"name\":\"Meydan TV\",\"url\":\"https:\\\/\\\/www.meydan.tv\\\/az\\\/\",\"logo\":{\"@type\":\"ImageObject\",\"inLanguage\":\"az\",\"@id\":\"https:\\\/\\\/www.meydan.tv\\\/az\\\/#\\\/schema\\\/logo\\\/image\\\/\",\"url\":\"https:\\\/\\\/www.meydan.tv\\\/wp-content\\\/uploads\\\/2021\\\/07\\\/meydan-logo.svg\",\"contentUrl\":\"https:\\\/\\\/www.meydan.tv\\\/wp-content\\\/uploads\\\/2021\\\/07\\\/meydan-logo.svg\",\"width\":195,\"height\":46,\"caption\":\"Meydan TV\"},\"image\":{\"@id\":\"https:\\\/\\\/www.meydan.tv\\\/az\\\/#\\\/schema\\\/logo\\\/image\\\/\"}},{\"@type\":\"Person\",\"@id\":\"https:\\\/\\\/www.meydan.tv\\\/az\\\/#\\\/schema\\\/person\\\/9cdbecf90d17180ce1dfbd95b08dcf47\",\"name\":\"elli\",\"sameAs\":[\"https:\\\/\\\/x.com\\\/elli\"]}]}<\/script>\n<!-- \/ Yoast SEO plugin. -->","yoast_head_json":{"title":"Ya\u015fl\u0131 insanlar f\u0131r\u0131ldaq\u00e7\u0131l\u0131q dal\u011fas\u0131n\u0131n qurban\u0131na \u00e7evrilirl\u0259r: 200 min dollardan \u00e7ox v\u0259sait \u0259l\u0259 ke\u00e7irilib - MEYDAN.TV","robots":{"index":"index","follow":"follow","max-snippet":"max-snippet:-1","max-image-preview":"max-image-preview:large","max-video-preview":"max-video-preview:-1"},"canonical":"https:\/\/www.meydan.tv\/az\/article\/yasli-insanlar-firildaqciliq-dalgasinin-qurbanina-cevrilirler-200-min-dollardan-cox-vesait-ele-kecirilib\/","og_locale":"az_AZ","og_type":"article","og_title":"Ya\u015fl\u0131 insanlar f\u0131r\u0131ldaq\u00e7\u0131l\u0131q dal\u011fas\u0131n\u0131n qurban\u0131na \u00e7evrilirl\u0259r: 200 min dollardan \u00e7ox v\u0259sait \u0259l\u0259 ke\u00e7irilib - MEYDAN.TV","og_description":"Emin M\u0259mm\u0259dli Sabiq polis r\u0259isi: \u201cTelefon qov\u015faqlar\u0131nda m\u0259xfilik yax\u015f\u0131 qorunmur\u201d ... Davam\u0131","og_url":"https:\/\/www.meydan.tv\/az\/article\/yasli-insanlar-firildaqciliq-dalgasinin-qurbanina-cevrilirler-200-min-dollardan-cox-vesait-ele-kecirilib\/","og_site_name":"MEYDAN.TV","article_published_time":"2024-06-23T08:05:25+00:00","article_modified_time":"2024-06-23T18:02:19+00:00","og_image":[{"width":1200,"height":799,"url":"https:\/\/www.meydan.tv\/wp-content\/uploads\/shutterstock_796464907.jpg","type":"image\/jpeg"}],"author":"elli","twitter_card":"summary_large_image","twitter_creator":"@elli","schema":{"@context":"https:\/\/schema.org","@graph":[{"@type":"Article","@id":"https:\/\/www.meydan.tv\/az\/article\/yasli-insanlar-firildaqciliq-dalgasinin-qurbanina-cevrilirler-200-min-dollardan-cox-vesait-ele-kecirilib\/#article","isPartOf":{"@id":"https:\/\/www.meydan.tv\/az\/article\/yasli-insanlar-firildaqciliq-dalgasinin-qurbanina-cevrilirler-200-min-dollardan-cox-vesait-ele-kecirilib\/"},"author":{"name":"elli","@id":"https:\/\/www.meydan.tv\/az\/#\/schema\/person\/9cdbecf90d17180ce1dfbd95b08dcf47"},"headline":"Ya\u015fl\u0131 insanlar f\u0131r\u0131ldaq\u00e7\u0131l\u0131q dal\u011fas\u0131n\u0131n qurban\u0131na \u00e7evrilirl\u0259r: 200 min dollardan \u00e7ox v\u0259sait \u0259l\u0259 ke\u00e7irilib","datePublished":"2024-06-23T08:05:25+00:00","dateModified":"2024-06-23T18:02:19+00:00","mainEntityOfPage":{"@id":"https:\/\/www.meydan.tv\/az\/article\/yasli-insanlar-firildaqciliq-dalgasinin-qurbanina-cevrilirler-200-min-dollardan-cox-vesait-ele-kecirilib\/"},"wordCount":1077,"publisher":{"@id":"https:\/\/www.meydan.tv\/az\/#organization"},"image":{"@id":"https:\/\/www.meydan.tv\/az\/article\/yasli-insanlar-firildaqciliq-dalgasinin-qurbanina-cevrilirler-200-min-dollardan-cox-vesait-ele-kecirilib\/#primaryimage"},"thumbnailUrl":"https:\/\/www.meydan.tv\/wp-content\/uploads\/shutterstock_796464907.jpg","articleSection":["Sosial","T\u00f6vsiy\u0259","X\u0259b\u0259rl\u0259r"],"inLanguage":"az"},{"@type":"WebPage","@id":"https:\/\/www.meydan.tv\/az\/article\/yasli-insanlar-firildaqciliq-dalgasinin-qurbanina-cevrilirler-200-min-dollardan-cox-vesait-ele-kecirilib\/","url":"https:\/\/www.meydan.tv\/az\/article\/yasli-insanlar-firildaqciliq-dalgasinin-qurbanina-cevrilirler-200-min-dollardan-cox-vesait-ele-kecirilib\/","name":"Ya\u015fl\u0131 insanlar f\u0131r\u0131ldaq\u00e7\u0131l\u0131q dal\u011fas\u0131n\u0131n qurban\u0131na \u00e7evrilirl\u0259r: 200 min dollardan \u00e7ox v\u0259sait \u0259l\u0259 ke\u00e7irilib - MEYDAN.TV","isPartOf":{"@id":"https:\/\/www.meydan.tv\/az\/#website"},"primaryImageOfPage":{"@id":"https:\/\/www.meydan.tv\/az\/article\/yasli-insanlar-firildaqciliq-dalgasinin-qurbanina-cevrilirler-200-min-dollardan-cox-vesait-ele-kecirilib\/#primaryimage"},"image":{"@id":"https:\/\/www.meydan.tv\/az\/article\/yasli-insanlar-firildaqciliq-dalgasinin-qurbanina-cevrilirler-200-min-dollardan-cox-vesait-ele-kecirilib\/#primaryimage"},"thumbnailUrl":"https:\/\/www.meydan.tv\/wp-content\/uploads\/shutterstock_796464907.jpg","datePublished":"2024-06-23T08:05:25+00:00","dateModified":"2024-06-23T18:02:19+00:00","breadcrumb":{"@id":"https:\/\/www.meydan.tv\/az\/article\/yasli-insanlar-firildaqciliq-dalgasinin-qurbanina-cevrilirler-200-min-dollardan-cox-vesait-ele-kecirilib\/#breadcrumb"},"inLanguage":"az","potentialAction":[{"@type":"ReadAction","target":["https:\/\/www.meydan.tv\/az\/article\/yasli-insanlar-firildaqciliq-dalgasinin-qurbanina-cevrilirler-200-min-dollardan-cox-vesait-ele-kecirilib\/"]}]},{"@type":"ImageObject","inLanguage":"az","@id":"https:\/\/www.meydan.tv\/az\/article\/yasli-insanlar-firildaqciliq-dalgasinin-qurbanina-cevrilirler-200-min-dollardan-cox-vesait-ele-kecirilib\/#primaryimage","url":"https:\/\/www.meydan.tv\/wp-content\/uploads\/shutterstock_796464907.jpg","contentUrl":"https:\/\/www.meydan.tv\/wp-content\/uploads\/shutterstock_796464907.jpg","width":1200,"height":799,"caption":"Telefon f\u0131r\u0131ldaq\u00e7\u0131l\u0131\u011f\u0131. Foto: Tero Vesalainen\/shutterstock"},{"@type":"BreadcrumbList","@id":"https:\/\/www.meydan.tv\/az\/article\/yasli-insanlar-firildaqciliq-dalgasinin-qurbanina-cevrilirler-200-min-dollardan-cox-vesait-ele-kecirilib\/#breadcrumb","itemListElement":[{"@type":"ListItem","position":1,"name":"Ana s\u0259hif\u0259","item":"https:\/\/www.meydan.tv\/az\/"},{"@type":"ListItem","position":2,"name":"Sosial","item":"https:\/\/www.meydan.tv\/az\/section\/sosial\/"},{"@type":"ListItem","position":3,"name":"Ya\u015fl\u0131 insanlar f\u0131r\u0131ldaq\u00e7\u0131l\u0131q dal\u011fas\u0131n\u0131n qurban\u0131na \u00e7evrilirl\u0259r: 200 min dollardan \u00e7ox v\u0259sait \u0259l\u0259 ke\u00e7irilib"}]},{"@type":"WebSite","@id":"https:\/\/www.meydan.tv\/az\/#website","url":"https:\/\/www.meydan.tv\/az\/","name":"MEYDAN.TV","description":"Meydan TV Az\u0259rbaycan\u0131n media m\u0259kan\u0131ndak\u0131 alternativ s\u0259sidir","publisher":{"@id":"https:\/\/www.meydan.tv\/az\/#organization"},"potentialAction":[{"@type":"SearchAction","target":{"@type":"EntryPoint","urlTemplate":"https:\/\/www.meydan.tv\/az\/?s={search_term_string}"},"query-input":{"@type":"PropertyValueSpecification","valueRequired":true,"valueName":"search_term_string"}}],"inLanguage":"az"},{"@type":"Organization","@id":"https:\/\/www.meydan.tv\/az\/#organization","name":"Meydan TV","url":"https:\/\/www.meydan.tv\/az\/","logo":{"@type":"ImageObject","inLanguage":"az","@id":"https:\/\/www.meydan.tv\/az\/#\/schema\/logo\/image\/","url":"https:\/\/www.meydan.tv\/wp-content\/uploads\/2021\/07\/meydan-logo.svg","contentUrl":"https:\/\/www.meydan.tv\/wp-content\/uploads\/2021\/07\/meydan-logo.svg","width":195,"height":46,"caption":"Meydan TV"},"image":{"@id":"https:\/\/www.meydan.tv\/az\/#\/schema\/logo\/image\/"}},{"@type":"Person","@id":"https:\/\/www.meydan.tv\/az\/#\/schema\/person\/9cdbecf90d17180ce1dfbd95b08dcf47","name":"elli","sameAs":["https:\/\/x.com\/elli"]}]}},"_links":{"self":[{"href":"https:\/\/www.meydan.tv\/az\/wp-json\/wp\/v2\/posts\/308664","targetHints":{"allow":["GET"]}}],"collection":[{"href":"https:\/\/www.meydan.tv\/az\/wp-json\/wp\/v2\/posts"}],"about":[{"href":"https:\/\/www.meydan.tv\/az\/wp-json\/wp\/v2\/types\/post"}],"author":[{"embeddable":true,"href":"https:\/\/www.meydan.tv\/az\/wp-json\/wp\/v2\/users\/8"}],"replies":[{"embeddable":true,"href":"https:\/\/www.meydan.tv\/az\/wp-json\/wp\/v2\/comments?post=308664"}],"version-history":[{"count":3,"href":"https:\/\/www.meydan.tv\/az\/wp-json\/wp\/v2\/posts\/308664\/revisions"}],"predecessor-version":[{"id":308680,"href":"https:\/\/www.meydan.tv\/az\/wp-json\/wp\/v2\/posts\/308664\/revisions\/308680"}],"wp:featuredmedia":[{"embeddable":true,"href":"https:\/\/www.meydan.tv\/az\/wp-json\/wp\/v2\/media\/308671"}],"wp:attachment":[{"href":"https:\/\/www.meydan.tv\/az\/wp-json\/wp\/v2\/media?parent=308664"}],"wp:term":[{"taxonomy":"category","embeddable":true,"href":"https:\/\/www.meydan.tv\/az\/wp-json\/wp\/v2\/categories?post=308664"},{"taxonomy":"post_tag","embeddable":true,"href":"https:\/\/www.meydan.tv\/az\/wp-json\/wp\/v2\/tags?post=308664"}],"curies":[{"name":"wp","href":"https:\/\/api.w.org\/{rel}","templated":true}]}}