{"id":308618,"date":"2024-06-21T19:32:27","date_gmt":"2024-06-21T15:32:27","guid":{"rendered":"https:\/\/www.meydan.tv\/?p=308618"},"modified":"2024-06-22T13:19:10","modified_gmt":"2024-06-22T09:19:10","slug":"tofiq-yaqublu-eliyev-meni-hebsde-oldurmeyi-planlasdirir","status":"publish","type":"post","link":"https:\/\/www.meydan.tv\/az\/article\/tofiq-yaqublu-eliyev-meni-hebsde-oldurmeyi-planlasdirir\/","title":{"rendered":"Tofiq Yaqublu: &#8220;\u018fliyev m\u0259ni h\u0259bsd\u0259 \u00f6ld\u00fcrm\u0259yi planla\u015fd\u0131r\u0131r&#8221;"},"content":{"rendered":"\n<figure class=\"wp-block-embed is-type-video is-provider-youtube wp-block-embed-youtube wp-embed-aspect-16-9 wp-has-aspect-ratio\"><div class=\"wp-block-embed__wrapper\">\n<iframe title=\"Tofiq Yaqublu: \u201c\u018fliyev m\u0259ni h\u0259bsd\u0259 \u00f6ld\u00fcrm\u0259yi planla\u015fd\u0131r\u0131r\u201d\" width=\"1200\" height=\"675\" data-src=\"https:\/\/www.youtube.com\/embed\/IaHwOisvkcY?feature=oembed\" frameborder=\"0\" allow=\"accelerometer; autoplay; clipboard-write; encrypted-media; gyroscope; picture-in-picture; web-share\" referrerpolicy=\"strict-origin-when-cross-origin\" allowfullscreen src=\"data:image\/svg+xml;base64,PHN2ZyB3aWR0aD0iMSIgaGVpZ2h0PSIxIiB4bWxucz0iaHR0cDovL3d3dy53My5vcmcvMjAwMC9zdmciPjwvc3ZnPg==\" class=\"lazyload\" data-load-mode=\"1\"><\/iframe>\n<\/div><\/figure>\n\n\n\n<!--more-->\n\n\n\n<p><\/p>\n\n\n\n<p><em><strong>Siyasi f\u0259al \u015f\u00fc\u015f\u0259 kabin\u0259d\u0259 \u015f\u00fcarlar yaz\u0131lm\u0131\u015f plakatlar qald\u0131r\u0131b<\/strong><\/em><\/p>\n\n\n\n<p>Milli \u015euran\u0131n Koordinasiya M\u0259rk\u0259zinin v\u0259 M\u00fcsavat Partiyas\u0131n\u0131n \u00fczv\u00fc Tofiq Yaqublu \u00f6z m\u0259hk\u0259m\u0259sind\u0259 \u00fcz\u0259rind\u0259 \u015f\u00fcarlar yaz\u0131lm\u0131\u015f plakatlar qald\u0131r\u0131b. Bu, iyunun 21-d\u0259 Bak\u0131 A\u011f\u0131r Cinay\u0259tl\u0259r M\u0259hk\u0259m\u0259sind\u0259 ba\u015f verib.<\/p>\n\n\n\n<p>Tofiq Yaqublunun i\u015fin\u0259 bu m\u0259hk\u0259m\u0259d\u0259 Elnur Nuriyevin s\u0259drliyil\u0259, Kamran Muxtarov v\u0259 Az\u0259r Ta\u011f\u0131yevd\u0259n ibar\u0259t hakiml\u0259r kollegiyas\u0131 bax\u0131r.<\/p>\n\n\n\n<p>Bud\u0259f\u0259ki m\u0259hk\u0259m\u0259 iclas\u0131nda s\u0259drlik ed\u0259n Elnur Nuriyev m\u0259lumat verib ki, Az\u0259r Ta\u011f\u0131yev prosesd\u0259 i\u015ftirak etmir, \u00e7\u00fcnki s\u0259hh\u0259tind\u0259 probleml\u0259r var. Hakiml\u0259rd\u0259n birinin i\u015ftirak\u0131 o\u0131madan m\u0259hk\u0259m\u0259 prosesini ke\u00e7irm\u0259k m\u00fcmk\u00fcn deyil. Bu s\u0259b\u0259bd\u0259n d\u0259 m\u0259hk\u0259m\u0259 prosesinin iyulun 28-d\u0259k t\u0259xir\u0259 sal\u0131nd\u0131\u011f\u0131n\u0131 a\u00e7\u0131qlay\u0131b.<\/p>\n\n\n\n<p>Tofiq Yaqublu m\u0259hk\u0259m\u0259 zal\u0131nda saxland\u0131\u011f\u0131 \u015f\u00fc\u015f\u0259 kabin\u0259d\u0259 plakatlar qald\u0131r\u0131b. H\u0259min plakatlardan birind\u0259 ingilis dilind\u0259 yaz\u0131lm\u0131\u015f &#8220;Diktator \u018fliyevi d\u0259st\u0259kl\u0259m\u0259yin!&#8221; \u015f\u00fcar\u0131 m\u0259hk\u0259m\u0259 prosesind\u0259 i\u015ftirak ed\u0259n diplomatik korpus n\u00fcmay\u0259nd\u0259l\u0259rin\u0259 \u00fcnvanlan\u0131b.<\/p>\n\n\n\n<p>Dig\u0259r plakatda is\u0259 Tofiq Yaqublu ingilis dilind\u0259 bunlar\u0131 yaz\u0131b:<\/p>\n\n\n\n<p>&#8220;Putin Navaln\u0131n\u0131 \u00f6ld\u00fcrd\u00fcy\u00fc kimi, \u018fliyev d\u0259 m\u0259ni h\u0259bsd\u0259 \u00f6ld\u00fcrm\u0259yi planla\u015fd\u0131r\u0131r&#8221;.<\/p>\n\n\n\n<p>Bundan \u0259vv\u0259l m\u0259hk\u0259m\u0259nin haz\u0131rl\u0131q iclas\u0131nda Tofiq Yaqublu hakim Az\u0259r Ta\u011f\u0131yevin onun i\u015fin\u0259 baxmas\u0131na etiraz etmi\u015fdi. Siyasi f\u0259al etiraz\u0131n\u0131 \u0259sasland\u0131rark\u0259n bildirmi\u015fdi ki, ictimai-siyasi f\u0259allar haqq\u0131nda sifari\u015fl\u0259 \u0259dal\u0259tsiz, qanunsuz h\u00f6km v\u0259 q\u0259rarlar \u00e7\u0131xard\u0131\u011f\u0131na g\u00f6r\u0259 Az\u0259r Ta\u011f\u0131yevin ad\u0131 Amerikada sanksiya t\u0259tbiq olunmal\u0131 \u015f\u0259xsl\u0259rin siyah\u0131s\u0131na daxil edilib.<\/p>\n\n\n\n<p>Lakin Tofiq Yaqublunun etiraz\u0131 t\u0259min olunmam\u0131\u015fd\u0131.<\/p>\n\n\n\n<p>Tofiq Yaqublu dekabr\u0131n 14-d\u0259n h\u0259bsd\u0259dir. Ona qar\u015f\u0131 Cinay\u0259t M\u0259c\u0259ll\u0259sinin 178.3.2 (k\u00fclli miqdarda ziyan vurmaqla d\u0259l\u0259duzluq) v\u0259 320-ci (saxta s\u0259n\u0259d haz\u0131rlama v\u0259 ya ondan istifad\u0259) madd\u0259l\u0259ril\u0259 ittiham ir\u0259li s\u00fcr\u00fcl\u00fcb . Bu madd\u0259l\u0259rd\u0259 10 il\u0259 q\u0259d\u0259r azadl\u0131qdan m\u0259hrumetm\u0259 c\u0259zas\u0131 n\u0259z\u0259rd\u0259 tutulub.<\/p>\n\n\n\n<p>Tofiq Yaqublu xaric\u0259 adam g\u00f6nd\u0259rm\u0259k ad\u0131yla pul almaqda ittiham olunur. Siyas\u0259t\u00e7inin q\u0131z\u0131 Nigar H\u0259zi bu ittiham\u0131n yalan oldu\u011funu, atas\u0131n\u0131 \u015f\u0259rl\u0259m\u0259k m\u0259qs\u0259dil\u0259 m\u00fc\u0259yy\u0259n adamlardan istifad\u0259 olundu\u011funu bildirib:<\/p>\n\n\n\n<p><em>&#8220;Elnur Vaqifo\u011flu adl\u0131 biri var, uzun ill\u0259r \u0259rzind\u0259 zaman-zaman m\u00fcxt\u0259lif adamlara qar\u015f\u0131 cinay\u0259t i\u015fl\u0259rind\u0259 ondan istifad\u0259 olunub. \u00d6z\u00fc d\u0259 d\u0259l\u0259duzlu\u011fa g\u00f6r\u0259 m\u0259hkum edilib. \u0130ndi bundan atan\u0131 \u015f\u0259rl\u0259m\u0259k \u00fc\u00e7\u00fcn istifad\u0259 edirl\u0259r. Guya xaric\u0259 getm\u0259k ist\u0259y\u0259n biri Elnur Vaqifo\u011fluya pul verib. O da vasit\u0259\u00e7ilik edib, pulu ataya verib. Tamamil\u0259 yalan, saxta, uydurma i\u015fdir. Bel\u0259 bir \u015fey olmay\u0131b, ola da bilm\u0259zdi\u2026\u201d.<\/em><\/p>\n\n\n\n<p>\u0130ddia olunur ki, pul dekabr\u0131n 8-d\u0259 verilib, 11-d\u0259 is\u0259 cinay\u0259t i\u015fi ba\u015flan\u0131b. Nigar H\u0259zi deyir ki, c\u0259mi 3 g\u00fcn \u0259rzind\u0259 cinay\u0259t i\u015fi ba\u015flanmas\u0131 v\u0259 Tofiq Yaqublunun h\u0259bsi d\u0259 bunun siyasi sifari\u015fl\u0259 uydurulmu\u015f i\u015f oldu\u011funu s\u00fcbut edir.<\/p>\n\n\n\n<p>Tofiq Yaqublu siyasi f\u0259aliyy\u0259ti d\u00f6vr\u00fcnd\u0259 bir ne\u00e7\u0259 d\u0259f\u0259 inzibati v\u0259 uzunm\u00fcdd\u0259tli h\u0259bsd\u0259 olub.<\/p>\n\n\n\n<p>O, 2013-c\u00fc ild\u0259 \u0130smay\u0131ll\u0131da etirazlar\u0131n t\u0259\u015fkilind\u0259 ittiham olunaraq h\u0259bs edilib. 5 il azadl\u0131qdan m\u0259hrum edil\u0259n siyas\u0259t\u00e7i 2017-ci ild\u0259 \u0259fv s\u0259r\u0259ncam\u0131yla azadl\u0131\u011fa burax\u0131l\u0131b. O, daha sonra 2020-ci il mart\u0131n 22-d\u0259 xuliqanl\u0131q ittiham\u0131yla h\u0259bs olunub. \u0130ddia olunurdu ki, o, \u201c8-ci kilometr bazar\u0131\u201dn\u0131n yan\u0131nda avtomobil q\u0259zas\u0131 t\u00f6r\u0259dib, daha sonra dig\u0259r avtomobilin s\u00fcr\u00fcc\u00fcs\u00fcn\u00fc v\u0259 onun h\u0259yat yolda\u015f\u0131n\u0131 t\u0259hqir edib, onlara x\u0259sar\u0259t yetirib. Bu d\u0259f\u0259 Nizami Rayon M\u0259hk\u0259m\u0259sinin h\u00f6km\u00fcyl\u0259 4 il 3 ay azadl\u0131qdan m\u0259hrum edilib.<\/p>\n\n\n\n<p>H\u00f6kmd\u0259n d\u0259rhal sonra &#8211; 2 sentyabr 2020-ci ild\u0259 m\u0259hk\u0259m\u0259 \u0259dal\u0259tsizliyin\u0259 etiraz olaraq acl\u0131\u011fa ba\u015flad\u0131\u011f\u0131n\u0131 b\u0259yan ed\u0259n Tofiq Yaqublu bu aksiyan\u0131 17 g\u00fcn davam etdirib. Onun v\u0259ziyy\u0259ti pisl\u0259\u015fdiyin\u0259 g\u00f6r\u0259 istintaq t\u0259cridxanas\u0131ndan klinikaya k\u00f6\u00e7\u00fcr\u00fcl\u00fcb. Sentyabr\u0131n 18-d\u0259 Bak\u0131 Apelyasiya M\u0259hk\u0259m\u0259sinin q\u0259rar\u0131yla o, ev dustaql\u0131\u011f\u0131na burax\u0131l\u0131b. 2021-ci il iyulun 15-d\u0259 Bak\u0131 Apelyasiya M\u0259hk\u0259m\u0259si 4 il 3 ayl\u0131q h\u0259bs h\u00f6km\u00fcn\u00fc \u015f\u0259rti c\u0259za il\u0259 \u0259v\u0259zl\u0259yib.<\/p>\n\n\n\n<p>Tofiq Yaqublu etiraz aksiyalar\u0131nda, mitinql\u0259rd\u0259 i\u015ftirak\u0131na g\u00f6r\u0259 bir ne\u00e7\u0259 d\u0259f\u0259 inzibati qaydada 30 sutkal\u0131q h\u0259bs olunub.<\/p>\n\n\n\n<p>Bundan ba\u015fqa, o, 2021-ci il dekabr\u0131n 1-d\u0259 etiraz aksiyas\u0131nda saxlanm\u0131\u015f, h\u0259min g\u00fcn ax\u015fam saatlar\u0131nda burax\u0131lm\u0131\u015fd\u0131. F\u0259vvar\u0259l\u0259r meydan\u0131nda kameralar qar\u015f\u0131s\u0131nda saxlan\u0131lan Tofiq Yaqublu Qarada\u011f rayonu, \u018fl\u0259t q\u0259s\u0259b\u0259sind\u0259, \u00fcz\u0259rind\u0259 a\u011f\u0131r x\u0259sar\u0259tl\u0259rl\u0259 tap\u0131lm\u0131\u015fd\u0131. Siyasi f\u0259al \u00f6nc\u0259 polis idar\u0259sind\u0259, ax\u015fam\u00fcst\u00fc is\u0259 oradan \u00e7\u0131xar\u0131laraq, \u00e7\u00f6ll\u00fck \u0259razid\u0259 d\u00f6y\u00fcl\u0259r\u0259k bu v\u0259ziyy\u0259t\u0259 sal\u0131nd\u0131\u011f\u0131n\u0131 bildirirdi. Daxili \u0130\u015fl\u0259r Nazirliyi is\u0259 onun dedikl\u0259rini t\u0259kzib edirdi. Prokurorluq da siyasi f\u0259al\u0131n \u015fikay\u0259ti \u00fczr\u0259 cinay\u0259t i\u015fi ba\u015flamaqdan imtina etdi, bel\u0259 n\u0259tic\u0259y\u0259 g\u0259ldi ki, Tofiq Yaqublu \u00f6z\u00fc \u00f6z ba\u015f\u0131n\u0131, b\u0259d\u0259nini divara, polis ma\u015f\u0131n\u0131na vuraraq, o v\u0259ziyy\u0259t\u0259 d\u00fc\u015f\u00fcb.<\/p>\n","protected":false},"excerpt":{"rendered":"","protected":false},"author":12,"featured_media":308615,"comment_status":"closed","ping_status":"closed","sticky":false,"template":"","format":"standard","meta":{"_acf_changed":false,"_sitemap_exclude":false,"_sitemap_priority":"","_sitemap_frequency":"","footnotes":""},"categories":[59,79,63,56],"tags":[],"class_list":["post-308618","post","type-post","status-publish","format-standard","has-post-thumbnail","hentry","category-siyaset","category-featured","category-video-2","category-xeberler","infinite-scroll-item","generate-columns","tablet-grid-50","mobile-grid-100","grid-parent","grid-33","no-featured-image-padding"],"acf":[],"yoast_head":"<!-- This site is optimized with the Yoast SEO plugin v27.4 - https:\/\/yoast.com\/product\/yoast-seo-wordpress\/ -->\n<title>Tofiq Yaqublu: &quot;\u018fliyev m\u0259ni h\u0259bsd\u0259 \u00f6ld\u00fcrm\u0259yi planla\u015fd\u0131r\u0131r&quot; - MEYDAN.TV<\/title>\n<meta name=\"robots\" content=\"index, follow, max-snippet:-1, max-image-preview:large, max-video-preview:-1\" \/>\n<link rel=\"canonical\" href=\"https:\/\/www.meydan.tv\/az\/article\/tofiq-yaqublu-eliyev-meni-hebsde-oldurmeyi-planlasdirir\/\" \/>\n<meta property=\"og:locale\" content=\"az_AZ\" \/>\n<meta property=\"og:type\" content=\"article\" \/>\n<meta property=\"og:title\" content=\"Tofiq Yaqublu: &quot;\u018fliyev m\u0259ni h\u0259bsd\u0259 \u00f6ld\u00fcrm\u0259yi planla\u015fd\u0131r\u0131r&quot; - MEYDAN.TV\" \/>\n<meta property=\"og:url\" content=\"https:\/\/www.meydan.tv\/az\/article\/tofiq-yaqublu-eliyev-meni-hebsde-oldurmeyi-planlasdirir\/\" \/>\n<meta property=\"og:site_name\" content=\"MEYDAN.TV\" \/>\n<meta property=\"article:published_time\" content=\"2024-06-21T15:32:27+00:00\" \/>\n<meta property=\"article:modified_time\" content=\"2024-06-22T09:19:10+00:00\" \/>\n<meta property=\"og:image\" content=\"https:\/\/www.meydan.tv\/wp-content\/uploads\/448737391_810348434439359_8022183153044902265_n.jpg\" \/>\n\t<meta property=\"og:image:width\" content=\"1200\" \/>\n\t<meta property=\"og:image:height\" content=\"900\" \/>\n\t<meta property=\"og:image:type\" content=\"image\/jpeg\" \/>\n<meta name=\"author\" content=\"aleks\" \/>\n<meta name=\"twitter:card\" content=\"summary_large_image\" \/>\n<script type=\"application\/ld+json\" class=\"yoast-schema-graph\">{\"@context\":\"https:\\\/\\\/schema.org\",\"@graph\":[{\"@type\":\"Article\",\"@id\":\"https:\\\/\\\/www.meydan.tv\\\/az\\\/article\\\/tofiq-yaqublu-eliyev-meni-hebsde-oldurmeyi-planlasdirir\\\/#article\",\"isPartOf\":{\"@id\":\"https:\\\/\\\/www.meydan.tv\\\/az\\\/article\\\/tofiq-yaqublu-eliyev-meni-hebsde-oldurmeyi-planlasdirir\\\/\"},\"author\":{\"name\":\"aleks\",\"@id\":\"https:\\\/\\\/www.meydan.tv\\\/az\\\/#\\\/schema\\\/person\\\/476e9360e593fa131d5d71d51866f8da\"},\"headline\":\"Tofiq Yaqublu: &#8220;\u018fliyev m\u0259ni h\u0259bsd\u0259 \u00f6ld\u00fcrm\u0259yi planla\u015fd\u0131r\u0131r&#8221;\",\"datePublished\":\"2024-06-21T15:32:27+00:00\",\"dateModified\":\"2024-06-22T09:19:10+00:00\",\"mainEntityOfPage\":{\"@id\":\"https:\\\/\\\/www.meydan.tv\\\/az\\\/article\\\/tofiq-yaqublu-eliyev-meni-hebsde-oldurmeyi-planlasdirir\\\/\"},\"wordCount\":974,\"publisher\":{\"@id\":\"https:\\\/\\\/www.meydan.tv\\\/az\\\/#organization\"},\"image\":{\"@id\":\"https:\\\/\\\/www.meydan.tv\\\/az\\\/article\\\/tofiq-yaqublu-eliyev-meni-hebsde-oldurmeyi-planlasdirir\\\/#primaryimage\"},\"thumbnailUrl\":\"https:\\\/\\\/www.meydan.tv\\\/wp-content\\\/uploads\\\/448737391_810348434439359_8022183153044902265_n.jpg\",\"articleSection\":[\"Siyas\u0259t\",\"T\u00f6vsiy\u0259\",\"Video\",\"X\u0259b\u0259rl\u0259r\"],\"inLanguage\":\"az\"},{\"@type\":\"WebPage\",\"@id\":\"https:\\\/\\\/www.meydan.tv\\\/az\\\/article\\\/tofiq-yaqublu-eliyev-meni-hebsde-oldurmeyi-planlasdirir\\\/\",\"url\":\"https:\\\/\\\/www.meydan.tv\\\/az\\\/article\\\/tofiq-yaqublu-eliyev-meni-hebsde-oldurmeyi-planlasdirir\\\/\",\"name\":\"Tofiq Yaqublu: \\\"\u018fliyev m\u0259ni h\u0259bsd\u0259 \u00f6ld\u00fcrm\u0259yi planla\u015fd\u0131r\u0131r\\\" - MEYDAN.TV\",\"isPartOf\":{\"@id\":\"https:\\\/\\\/www.meydan.tv\\\/az\\\/#website\"},\"primaryImageOfPage\":{\"@id\":\"https:\\\/\\\/www.meydan.tv\\\/az\\\/article\\\/tofiq-yaqublu-eliyev-meni-hebsde-oldurmeyi-planlasdirir\\\/#primaryimage\"},\"image\":{\"@id\":\"https:\\\/\\\/www.meydan.tv\\\/az\\\/article\\\/tofiq-yaqublu-eliyev-meni-hebsde-oldurmeyi-planlasdirir\\\/#primaryimage\"},\"thumbnailUrl\":\"https:\\\/\\\/www.meydan.tv\\\/wp-content\\\/uploads\\\/448737391_810348434439359_8022183153044902265_n.jpg\",\"datePublished\":\"2024-06-21T15:32:27+00:00\",\"dateModified\":\"2024-06-22T09:19:10+00:00\",\"breadcrumb\":{\"@id\":\"https:\\\/\\\/www.meydan.tv\\\/az\\\/article\\\/tofiq-yaqublu-eliyev-meni-hebsde-oldurmeyi-planlasdirir\\\/#breadcrumb\"},\"inLanguage\":\"az\",\"potentialAction\":[{\"@type\":\"ReadAction\",\"target\":[\"https:\\\/\\\/www.meydan.tv\\\/az\\\/article\\\/tofiq-yaqublu-eliyev-meni-hebsde-oldurmeyi-planlasdirir\\\/\"]}]},{\"@type\":\"ImageObject\",\"inLanguage\":\"az\",\"@id\":\"https:\\\/\\\/www.meydan.tv\\\/az\\\/article\\\/tofiq-yaqublu-eliyev-meni-hebsde-oldurmeyi-planlasdirir\\\/#primaryimage\",\"url\":\"https:\\\/\\\/www.meydan.tv\\\/wp-content\\\/uploads\\\/448737391_810348434439359_8022183153044902265_n.jpg\",\"contentUrl\":\"https:\\\/\\\/www.meydan.tv\\\/wp-content\\\/uploads\\\/448737391_810348434439359_8022183153044902265_n.jpg\",\"width\":1200,\"height\":900,\"caption\":\"Tofiq Yaqublu. Foto: Fatim\u0259 M\u00f6vlaml\u0131\"},{\"@type\":\"BreadcrumbList\",\"@id\":\"https:\\\/\\\/www.meydan.tv\\\/az\\\/article\\\/tofiq-yaqublu-eliyev-meni-hebsde-oldurmeyi-planlasdirir\\\/#breadcrumb\",\"itemListElement\":[{\"@type\":\"ListItem\",\"position\":1,\"name\":\"Ana s\u0259hif\u0259\",\"item\":\"https:\\\/\\\/www.meydan.tv\\\/az\\\/\"},{\"@type\":\"ListItem\",\"position\":2,\"name\":\"Video\",\"item\":\"https:\\\/\\\/www.meydan.tv\\\/az\\\/section\\\/video-2\\\/\"},{\"@type\":\"ListItem\",\"position\":3,\"name\":\"Tofiq Yaqublu: &#8220;\u018fliyev m\u0259ni h\u0259bsd\u0259 \u00f6ld\u00fcrm\u0259yi planla\u015fd\u0131r\u0131r&#8221;\"}]},{\"@type\":\"WebSite\",\"@id\":\"https:\\\/\\\/www.meydan.tv\\\/az\\\/#website\",\"url\":\"https:\\\/\\\/www.meydan.tv\\\/az\\\/\",\"name\":\"MEYDAN.TV\",\"description\":\"Meydan TV Az\u0259rbaycan\u0131n media m\u0259kan\u0131ndak\u0131 alternativ s\u0259sidir\",\"publisher\":{\"@id\":\"https:\\\/\\\/www.meydan.tv\\\/az\\\/#organization\"},\"potentialAction\":[{\"@type\":\"SearchAction\",\"target\":{\"@type\":\"EntryPoint\",\"urlTemplate\":\"https:\\\/\\\/www.meydan.tv\\\/az\\\/?s={search_term_string}\"},\"query-input\":{\"@type\":\"PropertyValueSpecification\",\"valueRequired\":true,\"valueName\":\"search_term_string\"}}],\"inLanguage\":\"az\"},{\"@type\":\"Organization\",\"@id\":\"https:\\\/\\\/www.meydan.tv\\\/az\\\/#organization\",\"name\":\"Meydan TV\",\"url\":\"https:\\\/\\\/www.meydan.tv\\\/az\\\/\",\"logo\":{\"@type\":\"ImageObject\",\"inLanguage\":\"az\",\"@id\":\"https:\\\/\\\/www.meydan.tv\\\/az\\\/#\\\/schema\\\/logo\\\/image\\\/\",\"url\":\"https:\\\/\\\/www.meydan.tv\\\/wp-content\\\/uploads\\\/2021\\\/07\\\/meydan-logo.svg\",\"contentUrl\":\"https:\\\/\\\/www.meydan.tv\\\/wp-content\\\/uploads\\\/2021\\\/07\\\/meydan-logo.svg\",\"width\":195,\"height\":46,\"caption\":\"Meydan TV\"},\"image\":{\"@id\":\"https:\\\/\\\/www.meydan.tv\\\/az\\\/#\\\/schema\\\/logo\\\/image\\\/\"}},{\"@type\":\"Person\",\"@id\":\"https:\\\/\\\/www.meydan.tv\\\/az\\\/#\\\/schema\\\/person\\\/476e9360e593fa131d5d71d51866f8da\",\"name\":\"aleks\"}]}<\/script>\n<!-- \/ Yoast SEO plugin. -->","yoast_head_json":{"title":"Tofiq Yaqublu: \"\u018fliyev m\u0259ni h\u0259bsd\u0259 \u00f6ld\u00fcrm\u0259yi planla\u015fd\u0131r\u0131r\" - MEYDAN.TV","robots":{"index":"index","follow":"follow","max-snippet":"max-snippet:-1","max-image-preview":"max-image-preview:large","max-video-preview":"max-video-preview:-1"},"canonical":"https:\/\/www.meydan.tv\/az\/article\/tofiq-yaqublu-eliyev-meni-hebsde-oldurmeyi-planlasdirir\/","og_locale":"az_AZ","og_type":"article","og_title":"Tofiq Yaqublu: \"\u018fliyev m\u0259ni h\u0259bsd\u0259 \u00f6ld\u00fcrm\u0259yi planla\u015fd\u0131r\u0131r\" - MEYDAN.TV","og_url":"https:\/\/www.meydan.tv\/az\/article\/tofiq-yaqublu-eliyev-meni-hebsde-oldurmeyi-planlasdirir\/","og_site_name":"MEYDAN.TV","article_published_time":"2024-06-21T15:32:27+00:00","article_modified_time":"2024-06-22T09:19:10+00:00","og_image":[{"width":1200,"height":900,"url":"https:\/\/www.meydan.tv\/wp-content\/uploads\/448737391_810348434439359_8022183153044902265_n.jpg","type":"image\/jpeg"}],"author":"aleks","twitter_card":"summary_large_image","schema":{"@context":"https:\/\/schema.org","@graph":[{"@type":"Article","@id":"https:\/\/www.meydan.tv\/az\/article\/tofiq-yaqublu-eliyev-meni-hebsde-oldurmeyi-planlasdirir\/#article","isPartOf":{"@id":"https:\/\/www.meydan.tv\/az\/article\/tofiq-yaqublu-eliyev-meni-hebsde-oldurmeyi-planlasdirir\/"},"author":{"name":"aleks","@id":"https:\/\/www.meydan.tv\/az\/#\/schema\/person\/476e9360e593fa131d5d71d51866f8da"},"headline":"Tofiq Yaqublu: &#8220;\u018fliyev m\u0259ni h\u0259bsd\u0259 \u00f6ld\u00fcrm\u0259yi planla\u015fd\u0131r\u0131r&#8221;","datePublished":"2024-06-21T15:32:27+00:00","dateModified":"2024-06-22T09:19:10+00:00","mainEntityOfPage":{"@id":"https:\/\/www.meydan.tv\/az\/article\/tofiq-yaqublu-eliyev-meni-hebsde-oldurmeyi-planlasdirir\/"},"wordCount":974,"publisher":{"@id":"https:\/\/www.meydan.tv\/az\/#organization"},"image":{"@id":"https:\/\/www.meydan.tv\/az\/article\/tofiq-yaqublu-eliyev-meni-hebsde-oldurmeyi-planlasdirir\/#primaryimage"},"thumbnailUrl":"https:\/\/www.meydan.tv\/wp-content\/uploads\/448737391_810348434439359_8022183153044902265_n.jpg","articleSection":["Siyas\u0259t","T\u00f6vsiy\u0259","Video","X\u0259b\u0259rl\u0259r"],"inLanguage":"az"},{"@type":"WebPage","@id":"https:\/\/www.meydan.tv\/az\/article\/tofiq-yaqublu-eliyev-meni-hebsde-oldurmeyi-planlasdirir\/","url":"https:\/\/www.meydan.tv\/az\/article\/tofiq-yaqublu-eliyev-meni-hebsde-oldurmeyi-planlasdirir\/","name":"Tofiq Yaqublu: \"\u018fliyev m\u0259ni h\u0259bsd\u0259 \u00f6ld\u00fcrm\u0259yi planla\u015fd\u0131r\u0131r\" - MEYDAN.TV","isPartOf":{"@id":"https:\/\/www.meydan.tv\/az\/#website"},"primaryImageOfPage":{"@id":"https:\/\/www.meydan.tv\/az\/article\/tofiq-yaqublu-eliyev-meni-hebsde-oldurmeyi-planlasdirir\/#primaryimage"},"image":{"@id":"https:\/\/www.meydan.tv\/az\/article\/tofiq-yaqublu-eliyev-meni-hebsde-oldurmeyi-planlasdirir\/#primaryimage"},"thumbnailUrl":"https:\/\/www.meydan.tv\/wp-content\/uploads\/448737391_810348434439359_8022183153044902265_n.jpg","datePublished":"2024-06-21T15:32:27+00:00","dateModified":"2024-06-22T09:19:10+00:00","breadcrumb":{"@id":"https:\/\/www.meydan.tv\/az\/article\/tofiq-yaqublu-eliyev-meni-hebsde-oldurmeyi-planlasdirir\/#breadcrumb"},"inLanguage":"az","potentialAction":[{"@type":"ReadAction","target":["https:\/\/www.meydan.tv\/az\/article\/tofiq-yaqublu-eliyev-meni-hebsde-oldurmeyi-planlasdirir\/"]}]},{"@type":"ImageObject","inLanguage":"az","@id":"https:\/\/www.meydan.tv\/az\/article\/tofiq-yaqublu-eliyev-meni-hebsde-oldurmeyi-planlasdirir\/#primaryimage","url":"https:\/\/www.meydan.tv\/wp-content\/uploads\/448737391_810348434439359_8022183153044902265_n.jpg","contentUrl":"https:\/\/www.meydan.tv\/wp-content\/uploads\/448737391_810348434439359_8022183153044902265_n.jpg","width":1200,"height":900,"caption":"Tofiq Yaqublu. Foto: Fatim\u0259 M\u00f6vlaml\u0131"},{"@type":"BreadcrumbList","@id":"https:\/\/www.meydan.tv\/az\/article\/tofiq-yaqublu-eliyev-meni-hebsde-oldurmeyi-planlasdirir\/#breadcrumb","itemListElement":[{"@type":"ListItem","position":1,"name":"Ana s\u0259hif\u0259","item":"https:\/\/www.meydan.tv\/az\/"},{"@type":"ListItem","position":2,"name":"Video","item":"https:\/\/www.meydan.tv\/az\/section\/video-2\/"},{"@type":"ListItem","position":3,"name":"Tofiq Yaqublu: &#8220;\u018fliyev m\u0259ni h\u0259bsd\u0259 \u00f6ld\u00fcrm\u0259yi planla\u015fd\u0131r\u0131r&#8221;"}]},{"@type":"WebSite","@id":"https:\/\/www.meydan.tv\/az\/#website","url":"https:\/\/www.meydan.tv\/az\/","name":"MEYDAN.TV","description":"Meydan TV Az\u0259rbaycan\u0131n media m\u0259kan\u0131ndak\u0131 alternativ s\u0259sidir","publisher":{"@id":"https:\/\/www.meydan.tv\/az\/#organization"},"potentialAction":[{"@type":"SearchAction","target":{"@type":"EntryPoint","urlTemplate":"https:\/\/www.meydan.tv\/az\/?s={search_term_string}"},"query-input":{"@type":"PropertyValueSpecification","valueRequired":true,"valueName":"search_term_string"}}],"inLanguage":"az"},{"@type":"Organization","@id":"https:\/\/www.meydan.tv\/az\/#organization","name":"Meydan TV","url":"https:\/\/www.meydan.tv\/az\/","logo":{"@type":"ImageObject","inLanguage":"az","@id":"https:\/\/www.meydan.tv\/az\/#\/schema\/logo\/image\/","url":"https:\/\/www.meydan.tv\/wp-content\/uploads\/2021\/07\/meydan-logo.svg","contentUrl":"https:\/\/www.meydan.tv\/wp-content\/uploads\/2021\/07\/meydan-logo.svg","width":195,"height":46,"caption":"Meydan TV"},"image":{"@id":"https:\/\/www.meydan.tv\/az\/#\/schema\/logo\/image\/"}},{"@type":"Person","@id":"https:\/\/www.meydan.tv\/az\/#\/schema\/person\/476e9360e593fa131d5d71d51866f8da","name":"aleks"}]}},"_links":{"self":[{"href":"https:\/\/www.meydan.tv\/az\/wp-json\/wp\/v2\/posts\/308618","targetHints":{"allow":["GET"]}}],"collection":[{"href":"https:\/\/www.meydan.tv\/az\/wp-json\/wp\/v2\/posts"}],"about":[{"href":"https:\/\/www.meydan.tv\/az\/wp-json\/wp\/v2\/types\/post"}],"author":[{"embeddable":true,"href":"https:\/\/www.meydan.tv\/az\/wp-json\/wp\/v2\/users\/12"}],"replies":[{"embeddable":true,"href":"https:\/\/www.meydan.tv\/az\/wp-json\/wp\/v2\/comments?post=308618"}],"version-history":[{"count":4,"href":"https:\/\/www.meydan.tv\/az\/wp-json\/wp\/v2\/posts\/308618\/revisions"}],"predecessor-version":[{"id":308643,"href":"https:\/\/www.meydan.tv\/az\/wp-json\/wp\/v2\/posts\/308618\/revisions\/308643"}],"wp:featuredmedia":[{"embeddable":true,"href":"https:\/\/www.meydan.tv\/az\/wp-json\/wp\/v2\/media\/308615"}],"wp:attachment":[{"href":"https:\/\/www.meydan.tv\/az\/wp-json\/wp\/v2\/media?parent=308618"}],"wp:term":[{"taxonomy":"category","embeddable":true,"href":"https:\/\/www.meydan.tv\/az\/wp-json\/wp\/v2\/categories?post=308618"},{"taxonomy":"post_tag","embeddable":true,"href":"https:\/\/www.meydan.tv\/az\/wp-json\/wp\/v2\/tags?post=308618"}],"curies":[{"name":"wp","href":"https:\/\/api.w.org\/{rel}","templated":true}]}}