{"id":308599,"date":"2024-06-21T14:58:32","date_gmt":"2024-06-21T10:58:32","guid":{"rendered":"https:\/\/www.meydan.tv\/?p=308599"},"modified":"2024-06-21T14:58:34","modified_gmt":"2024-06-21T10:58:34","slug":"hebs-edilen-iqtisadci-ferid-mehralizade-kimdir","status":"publish","type":"post","link":"https:\/\/www.meydan.tv\/az\/article\/hebs-edilen-iqtisadci-ferid-mehralizade-kimdir\/","title":{"rendered":"H\u0259bs edil\u0259n iqtisad\u00e7\u0131 F\u0259rid Mehral\u0131zad\u0259 kimdir?"},"content":{"rendered":"\n<figure class=\"wp-block-embed is-type-video is-provider-youtube wp-block-embed-youtube wp-embed-aspect-16-9 wp-has-aspect-ratio\"><div class=\"wp-block-embed__wrapper\">\n<iframe title=\"H\u0259bs edil\u0259n iqtisad\u00e7\u0131 F\u0259rid Mehral\u0131zad\u0259 kimdir?\" width=\"1200\" height=\"675\" data-src=\"https:\/\/www.youtube.com\/embed\/T74oadnb_2Q?feature=oembed\" frameborder=\"0\" allow=\"accelerometer; autoplay; clipboard-write; encrypted-media; gyroscope; picture-in-picture; web-share\" referrerpolicy=\"strict-origin-when-cross-origin\" allowfullscreen src=\"data:image\/svg+xml;base64,PHN2ZyB3aWR0aD0iMSIgaGVpZ2h0PSIxIiB4bWxucz0iaHR0cDovL3d3dy53My5vcmcvMjAwMC9zdmciPjwvc3ZnPg==\" class=\"lazyload\" data-load-mode=\"1\"><\/iframe>\n<\/div><\/figure>\n\n\n\n<!--more-->\n\n\n\n<p><\/p>\n\n\n\n<p>M\u00fcasir d\u00fcnyada mass-media insanlar\u0131 h\u0259qiqi bilgid\u0259n m\u0259hrum qoymaqla onlar\u0131 b\u0259lli ill\u00fcziyalara inand\u0131ra bilir. X\u00fcsusil\u0259 avtoritar adland\u0131r\u0131lan idar\u0259\u00e7ilik formalar\u0131nda &#8211; b\u00fct\u00fcn informasiya da\u015f\u0131y\u0131c\u0131lar\u0131na n\u0259zar\u0259tin t\u0259k \u0259ld\u0259 c\u0259ml\u0259\u015fdiyi \u015f\u0259raitd\u0259. (M\u0259s\u0259l\u0259n, \u0130TV-d\u0259 i\u015f var, insanlar i\u015fl\u0259m\u0259k ist\u0259mir). Amma b\u0259z\u0259n sistemd\u0259ki ki\u00e7ik bir d\u0259likd\u0259n s\u0131zan h\u0259qiqi informasiya ill\u0259r \u0259rzind\u0259 yarad\u0131lan bu mifl\u0259ri an\u0131nda da\u011f\u0131da bilir. \u0130ctimai TV-d\u0259 F\u0259rid Mehral\u0131zad\u0259nin q\u0131sa \u00e7\u0131x\u0131\u015f\u0131 buna yax\u015f\u0131 \u00f6rn\u0259kdi. Zorak\u0131 sisteml\u0259rin d\u00fcsturu is\u0259 sad\u0259dir: aynadak\u0131 xo\u015funa g\u0259lmirs\u0259, aynan\u0131 q\u0131r\u2026<\/p>\n\n\n\n<p>\u201cAbzas i\u015fi\u201d il\u0259 ba\u011fl\u0131 h\u0259bs edildiyi deyil\u0259n v\u0259 h\u0259min media qurumu il\u0259 he\u00e7 bir \u0259laq\u0259sinin olmad\u0131\u011f\u0131n\u0131 bildir\u0259n F\u0259rid Mehral\u0131zad\u0259nin \u00e7\u0131x\u0131\u015flar\u0131 v\u0259 yaz\u0131lar\u0131 da Az\u0259rbaycan iqtisadiyyat\u0131n\u0131n g\u00fczg\u00fcs\u00fc rolunu oynay\u0131rd\u0131. Beyn\u0259lxalq qurumlar v\u0259 yerli h\u00fcquq m\u00fcdafi\u0259\u00e7il\u0259ri deyirl\u0259r ki, bu h\u0259bs siyasidir. G\u00f6r\u00fcn\u00fcr, aynadak\u0131 \u0259ks sistem \u00fc\u00e7\u00fcn art\u0131q d\u00f6z\u00fclm\u0259z hala g\u0259ldi\u2026 <\/p>\n\n\n\n<p>30 mayda iqtisad\u00e7\u0131n\u0131n ba\u015f\u0131na torba ke\u00e7iril\u0259r\u0259k saxland\u0131\u011f\u0131 bar\u0259d\u0259 x\u0259b\u0259rl\u0259r yay\u0131ld\u0131. Amma D\u0130N-d\u0259n yay\u0131lan a\u00e7\u0131qlamada onun polis\u0259 d\u0259v\u0259t edildiyi bildirildi. Bu iki c\u00fcml\u0259 aras\u0131ndak\u0131 t\u0259zad is\u0259 Az\u0259rbaycanda h\u00fcquqi ifad\u0259l\u0259rin v\u0259 h\u00fcququn \u00f6z\u00fcn\u00fcn g\u0259lib \u00e7atd\u0131\u011f\u0131 yeri ayd\u0131n g\u00f6st\u0259rir.<\/p>\n\n\n\n<p>B\u0259s, F\u0259rid Mehral\u0131zad\u0259 kimdir?<\/p>\n","protected":false},"excerpt":{"rendered":"","protected":false},"author":12,"featured_media":308600,"comment_status":"closed","ping_status":"closed","sticky":false,"template":"","format":"standard","meta":{"_acf_changed":false,"_sitemap_exclude":false,"_sitemap_priority":"","_sitemap_frequency":"","footnotes":""},"categories":[59,63],"tags":[],"class_list":["post-308599","post","type-post","status-publish","format-standard","has-post-thumbnail","hentry","category-siyaset","category-video-2","infinite-scroll-item","generate-columns","tablet-grid-50","mobile-grid-100","grid-parent","grid-33","no-featured-image-padding"],"acf":[],"yoast_head":"<!-- This site is optimized with the Yoast SEO plugin v27.4 - https:\/\/yoast.com\/product\/yoast-seo-wordpress\/ -->\n<title>H\u0259bs edil\u0259n iqtisad\u00e7\u0131 F\u0259rid Mehral\u0131zad\u0259 kimdir? - MEYDAN.TV<\/title>\n<meta name=\"robots\" content=\"index, follow, max-snippet:-1, max-image-preview:large, max-video-preview:-1\" \/>\n<link rel=\"canonical\" href=\"https:\/\/www.meydan.tv\/az\/article\/hebs-edilen-iqtisadci-ferid-mehralizade-kimdir\/\" \/>\n<meta property=\"og:locale\" content=\"az_AZ\" \/>\n<meta property=\"og:type\" content=\"article\" \/>\n<meta property=\"og:title\" content=\"H\u0259bs edil\u0259n iqtisad\u00e7\u0131 F\u0259rid Mehral\u0131zad\u0259 kimdir? - MEYDAN.TV\" \/>\n<meta property=\"og:url\" content=\"https:\/\/www.meydan.tv\/az\/article\/hebs-edilen-iqtisadci-ferid-mehralizade-kimdir\/\" \/>\n<meta property=\"og:site_name\" content=\"MEYDAN.TV\" \/>\n<meta property=\"article:published_time\" content=\"2024-06-21T10:58:32+00:00\" \/>\n<meta property=\"article:modified_time\" content=\"2024-06-21T10:58:34+00:00\" \/>\n<meta property=\"og:image\" content=\"https:\/\/www.meydan.tv\/wp-content\/uploads\/screenshot-2024-06-21-at-12.52.02.png\" \/>\n\t<meta property=\"og:image:width\" content=\"1816\" \/>\n\t<meta property=\"og:image:height\" content=\"1014\" \/>\n\t<meta property=\"og:image:type\" content=\"image\/png\" \/>\n<meta name=\"author\" content=\"aleks\" \/>\n<meta name=\"twitter:card\" content=\"summary_large_image\" \/>\n<script type=\"application\/ld+json\" class=\"yoast-schema-graph\">{\"@context\":\"https:\\\/\\\/schema.org\",\"@graph\":[{\"@type\":\"Article\",\"@id\":\"https:\\\/\\\/www.meydan.tv\\\/az\\\/article\\\/hebs-edilen-iqtisadci-ferid-mehralizade-kimdir\\\/#article\",\"isPartOf\":{\"@id\":\"https:\\\/\\\/www.meydan.tv\\\/az\\\/article\\\/hebs-edilen-iqtisadci-ferid-mehralizade-kimdir\\\/\"},\"author\":{\"name\":\"aleks\",\"@id\":\"https:\\\/\\\/www.meydan.tv\\\/az\\\/#\\\/schema\\\/person\\\/476e9360e593fa131d5d71d51866f8da\"},\"headline\":\"H\u0259bs edil\u0259n iqtisad\u00e7\u0131 F\u0259rid Mehral\u0131zad\u0259 kimdir?\",\"datePublished\":\"2024-06-21T10:58:32+00:00\",\"dateModified\":\"2024-06-21T10:58:34+00:00\",\"mainEntityOfPage\":{\"@id\":\"https:\\\/\\\/www.meydan.tv\\\/az\\\/article\\\/hebs-edilen-iqtisadci-ferid-mehralizade-kimdir\\\/\"},\"wordCount\":298,\"publisher\":{\"@id\":\"https:\\\/\\\/www.meydan.tv\\\/az\\\/#organization\"},\"image\":{\"@id\":\"https:\\\/\\\/www.meydan.tv\\\/az\\\/article\\\/hebs-edilen-iqtisadci-ferid-mehralizade-kimdir\\\/#primaryimage\"},\"thumbnailUrl\":\"https:\\\/\\\/www.meydan.tv\\\/wp-content\\\/uploads\\\/screenshot-2024-06-21-at-12.52.02.png\",\"articleSection\":[\"Siyas\u0259t\",\"Video\"],\"inLanguage\":\"az\"},{\"@type\":\"WebPage\",\"@id\":\"https:\\\/\\\/www.meydan.tv\\\/az\\\/article\\\/hebs-edilen-iqtisadci-ferid-mehralizade-kimdir\\\/\",\"url\":\"https:\\\/\\\/www.meydan.tv\\\/az\\\/article\\\/hebs-edilen-iqtisadci-ferid-mehralizade-kimdir\\\/\",\"name\":\"H\u0259bs edil\u0259n iqtisad\u00e7\u0131 F\u0259rid Mehral\u0131zad\u0259 kimdir? - MEYDAN.TV\",\"isPartOf\":{\"@id\":\"https:\\\/\\\/www.meydan.tv\\\/az\\\/#website\"},\"primaryImageOfPage\":{\"@id\":\"https:\\\/\\\/www.meydan.tv\\\/az\\\/article\\\/hebs-edilen-iqtisadci-ferid-mehralizade-kimdir\\\/#primaryimage\"},\"image\":{\"@id\":\"https:\\\/\\\/www.meydan.tv\\\/az\\\/article\\\/hebs-edilen-iqtisadci-ferid-mehralizade-kimdir\\\/#primaryimage\"},\"thumbnailUrl\":\"https:\\\/\\\/www.meydan.tv\\\/wp-content\\\/uploads\\\/screenshot-2024-06-21-at-12.52.02.png\",\"datePublished\":\"2024-06-21T10:58:32+00:00\",\"dateModified\":\"2024-06-21T10:58:34+00:00\",\"breadcrumb\":{\"@id\":\"https:\\\/\\\/www.meydan.tv\\\/az\\\/article\\\/hebs-edilen-iqtisadci-ferid-mehralizade-kimdir\\\/#breadcrumb\"},\"inLanguage\":\"az\",\"potentialAction\":[{\"@type\":\"ReadAction\",\"target\":[\"https:\\\/\\\/www.meydan.tv\\\/az\\\/article\\\/hebs-edilen-iqtisadci-ferid-mehralizade-kimdir\\\/\"]}]},{\"@type\":\"ImageObject\",\"inLanguage\":\"az\",\"@id\":\"https:\\\/\\\/www.meydan.tv\\\/az\\\/article\\\/hebs-edilen-iqtisadci-ferid-mehralizade-kimdir\\\/#primaryimage\",\"url\":\"https:\\\/\\\/www.meydan.tv\\\/wp-content\\\/uploads\\\/screenshot-2024-06-21-at-12.52.02.png\",\"contentUrl\":\"https:\\\/\\\/www.meydan.tv\\\/wp-content\\\/uploads\\\/screenshot-2024-06-21-at-12.52.02.png\",\"width\":1816,\"height\":1014},{\"@type\":\"BreadcrumbList\",\"@id\":\"https:\\\/\\\/www.meydan.tv\\\/az\\\/article\\\/hebs-edilen-iqtisadci-ferid-mehralizade-kimdir\\\/#breadcrumb\",\"itemListElement\":[{\"@type\":\"ListItem\",\"position\":1,\"name\":\"Ana s\u0259hif\u0259\",\"item\":\"https:\\\/\\\/www.meydan.tv\\\/az\\\/\"},{\"@type\":\"ListItem\",\"position\":2,\"name\":\"Siyas\u0259t\",\"item\":\"https:\\\/\\\/www.meydan.tv\\\/az\\\/section\\\/siyaset\\\/\"},{\"@type\":\"ListItem\",\"position\":3,\"name\":\"H\u0259bs edil\u0259n iqtisad\u00e7\u0131 F\u0259rid Mehral\u0131zad\u0259 kimdir?\"}]},{\"@type\":\"WebSite\",\"@id\":\"https:\\\/\\\/www.meydan.tv\\\/az\\\/#website\",\"url\":\"https:\\\/\\\/www.meydan.tv\\\/az\\\/\",\"name\":\"MEYDAN.TV\",\"description\":\"Meydan TV Az\u0259rbaycan\u0131n media m\u0259kan\u0131ndak\u0131 alternativ s\u0259sidir\",\"publisher\":{\"@id\":\"https:\\\/\\\/www.meydan.tv\\\/az\\\/#organization\"},\"potentialAction\":[{\"@type\":\"SearchAction\",\"target\":{\"@type\":\"EntryPoint\",\"urlTemplate\":\"https:\\\/\\\/www.meydan.tv\\\/az\\\/?s={search_term_string}\"},\"query-input\":{\"@type\":\"PropertyValueSpecification\",\"valueRequired\":true,\"valueName\":\"search_term_string\"}}],\"inLanguage\":\"az\"},{\"@type\":\"Organization\",\"@id\":\"https:\\\/\\\/www.meydan.tv\\\/az\\\/#organization\",\"name\":\"Meydan TV\",\"url\":\"https:\\\/\\\/www.meydan.tv\\\/az\\\/\",\"logo\":{\"@type\":\"ImageObject\",\"inLanguage\":\"az\",\"@id\":\"https:\\\/\\\/www.meydan.tv\\\/az\\\/#\\\/schema\\\/logo\\\/image\\\/\",\"url\":\"https:\\\/\\\/www.meydan.tv\\\/wp-content\\\/uploads\\\/2021\\\/07\\\/meydan-logo.svg\",\"contentUrl\":\"https:\\\/\\\/www.meydan.tv\\\/wp-content\\\/uploads\\\/2021\\\/07\\\/meydan-logo.svg\",\"width\":195,\"height\":46,\"caption\":\"Meydan TV\"},\"image\":{\"@id\":\"https:\\\/\\\/www.meydan.tv\\\/az\\\/#\\\/schema\\\/logo\\\/image\\\/\"}},{\"@type\":\"Person\",\"@id\":\"https:\\\/\\\/www.meydan.tv\\\/az\\\/#\\\/schema\\\/person\\\/476e9360e593fa131d5d71d51866f8da\",\"name\":\"aleks\"}]}<\/script>\n<!-- \/ Yoast SEO plugin. -->","yoast_head_json":{"title":"H\u0259bs edil\u0259n iqtisad\u00e7\u0131 F\u0259rid Mehral\u0131zad\u0259 kimdir? - MEYDAN.TV","robots":{"index":"index","follow":"follow","max-snippet":"max-snippet:-1","max-image-preview":"max-image-preview:large","max-video-preview":"max-video-preview:-1"},"canonical":"https:\/\/www.meydan.tv\/az\/article\/hebs-edilen-iqtisadci-ferid-mehralizade-kimdir\/","og_locale":"az_AZ","og_type":"article","og_title":"H\u0259bs edil\u0259n iqtisad\u00e7\u0131 F\u0259rid Mehral\u0131zad\u0259 kimdir? - MEYDAN.TV","og_url":"https:\/\/www.meydan.tv\/az\/article\/hebs-edilen-iqtisadci-ferid-mehralizade-kimdir\/","og_site_name":"MEYDAN.TV","article_published_time":"2024-06-21T10:58:32+00:00","article_modified_time":"2024-06-21T10:58:34+00:00","og_image":[{"width":1816,"height":1014,"url":"https:\/\/www.meydan.tv\/wp-content\/uploads\/screenshot-2024-06-21-at-12.52.02.png","type":"image\/png"}],"author":"aleks","twitter_card":"summary_large_image","schema":{"@context":"https:\/\/schema.org","@graph":[{"@type":"Article","@id":"https:\/\/www.meydan.tv\/az\/article\/hebs-edilen-iqtisadci-ferid-mehralizade-kimdir\/#article","isPartOf":{"@id":"https:\/\/www.meydan.tv\/az\/article\/hebs-edilen-iqtisadci-ferid-mehralizade-kimdir\/"},"author":{"name":"aleks","@id":"https:\/\/www.meydan.tv\/az\/#\/schema\/person\/476e9360e593fa131d5d71d51866f8da"},"headline":"H\u0259bs edil\u0259n iqtisad\u00e7\u0131 F\u0259rid Mehral\u0131zad\u0259 kimdir?","datePublished":"2024-06-21T10:58:32+00:00","dateModified":"2024-06-21T10:58:34+00:00","mainEntityOfPage":{"@id":"https:\/\/www.meydan.tv\/az\/article\/hebs-edilen-iqtisadci-ferid-mehralizade-kimdir\/"},"wordCount":298,"publisher":{"@id":"https:\/\/www.meydan.tv\/az\/#organization"},"image":{"@id":"https:\/\/www.meydan.tv\/az\/article\/hebs-edilen-iqtisadci-ferid-mehralizade-kimdir\/#primaryimage"},"thumbnailUrl":"https:\/\/www.meydan.tv\/wp-content\/uploads\/screenshot-2024-06-21-at-12.52.02.png","articleSection":["Siyas\u0259t","Video"],"inLanguage":"az"},{"@type":"WebPage","@id":"https:\/\/www.meydan.tv\/az\/article\/hebs-edilen-iqtisadci-ferid-mehralizade-kimdir\/","url":"https:\/\/www.meydan.tv\/az\/article\/hebs-edilen-iqtisadci-ferid-mehralizade-kimdir\/","name":"H\u0259bs edil\u0259n iqtisad\u00e7\u0131 F\u0259rid Mehral\u0131zad\u0259 kimdir? - MEYDAN.TV","isPartOf":{"@id":"https:\/\/www.meydan.tv\/az\/#website"},"primaryImageOfPage":{"@id":"https:\/\/www.meydan.tv\/az\/article\/hebs-edilen-iqtisadci-ferid-mehralizade-kimdir\/#primaryimage"},"image":{"@id":"https:\/\/www.meydan.tv\/az\/article\/hebs-edilen-iqtisadci-ferid-mehralizade-kimdir\/#primaryimage"},"thumbnailUrl":"https:\/\/www.meydan.tv\/wp-content\/uploads\/screenshot-2024-06-21-at-12.52.02.png","datePublished":"2024-06-21T10:58:32+00:00","dateModified":"2024-06-21T10:58:34+00:00","breadcrumb":{"@id":"https:\/\/www.meydan.tv\/az\/article\/hebs-edilen-iqtisadci-ferid-mehralizade-kimdir\/#breadcrumb"},"inLanguage":"az","potentialAction":[{"@type":"ReadAction","target":["https:\/\/www.meydan.tv\/az\/article\/hebs-edilen-iqtisadci-ferid-mehralizade-kimdir\/"]}]},{"@type":"ImageObject","inLanguage":"az","@id":"https:\/\/www.meydan.tv\/az\/article\/hebs-edilen-iqtisadci-ferid-mehralizade-kimdir\/#primaryimage","url":"https:\/\/www.meydan.tv\/wp-content\/uploads\/screenshot-2024-06-21-at-12.52.02.png","contentUrl":"https:\/\/www.meydan.tv\/wp-content\/uploads\/screenshot-2024-06-21-at-12.52.02.png","width":1816,"height":1014},{"@type":"BreadcrumbList","@id":"https:\/\/www.meydan.tv\/az\/article\/hebs-edilen-iqtisadci-ferid-mehralizade-kimdir\/#breadcrumb","itemListElement":[{"@type":"ListItem","position":1,"name":"Ana s\u0259hif\u0259","item":"https:\/\/www.meydan.tv\/az\/"},{"@type":"ListItem","position":2,"name":"Siyas\u0259t","item":"https:\/\/www.meydan.tv\/az\/section\/siyaset\/"},{"@type":"ListItem","position":3,"name":"H\u0259bs edil\u0259n iqtisad\u00e7\u0131 F\u0259rid Mehral\u0131zad\u0259 kimdir?"}]},{"@type":"WebSite","@id":"https:\/\/www.meydan.tv\/az\/#website","url":"https:\/\/www.meydan.tv\/az\/","name":"MEYDAN.TV","description":"Meydan TV Az\u0259rbaycan\u0131n media m\u0259kan\u0131ndak\u0131 alternativ s\u0259sidir","publisher":{"@id":"https:\/\/www.meydan.tv\/az\/#organization"},"potentialAction":[{"@type":"SearchAction","target":{"@type":"EntryPoint","urlTemplate":"https:\/\/www.meydan.tv\/az\/?s={search_term_string}"},"query-input":{"@type":"PropertyValueSpecification","valueRequired":true,"valueName":"search_term_string"}}],"inLanguage":"az"},{"@type":"Organization","@id":"https:\/\/www.meydan.tv\/az\/#organization","name":"Meydan TV","url":"https:\/\/www.meydan.tv\/az\/","logo":{"@type":"ImageObject","inLanguage":"az","@id":"https:\/\/www.meydan.tv\/az\/#\/schema\/logo\/image\/","url":"https:\/\/www.meydan.tv\/wp-content\/uploads\/2021\/07\/meydan-logo.svg","contentUrl":"https:\/\/www.meydan.tv\/wp-content\/uploads\/2021\/07\/meydan-logo.svg","width":195,"height":46,"caption":"Meydan TV"},"image":{"@id":"https:\/\/www.meydan.tv\/az\/#\/schema\/logo\/image\/"}},{"@type":"Person","@id":"https:\/\/www.meydan.tv\/az\/#\/schema\/person\/476e9360e593fa131d5d71d51866f8da","name":"aleks"}]}},"_links":{"self":[{"href":"https:\/\/www.meydan.tv\/az\/wp-json\/wp\/v2\/posts\/308599","targetHints":{"allow":["GET"]}}],"collection":[{"href":"https:\/\/www.meydan.tv\/az\/wp-json\/wp\/v2\/posts"}],"about":[{"href":"https:\/\/www.meydan.tv\/az\/wp-json\/wp\/v2\/types\/post"}],"author":[{"embeddable":true,"href":"https:\/\/www.meydan.tv\/az\/wp-json\/wp\/v2\/users\/12"}],"replies":[{"embeddable":true,"href":"https:\/\/www.meydan.tv\/az\/wp-json\/wp\/v2\/comments?post=308599"}],"version-history":[{"count":4,"href":"https:\/\/www.meydan.tv\/az\/wp-json\/wp\/v2\/posts\/308599\/revisions"}],"predecessor-version":[{"id":308607,"href":"https:\/\/www.meydan.tv\/az\/wp-json\/wp\/v2\/posts\/308599\/revisions\/308607"}],"wp:featuredmedia":[{"embeddable":true,"href":"https:\/\/www.meydan.tv\/az\/wp-json\/wp\/v2\/media\/308600"}],"wp:attachment":[{"href":"https:\/\/www.meydan.tv\/az\/wp-json\/wp\/v2\/media?parent=308599"}],"wp:term":[{"taxonomy":"category","embeddable":true,"href":"https:\/\/www.meydan.tv\/az\/wp-json\/wp\/v2\/categories?post=308599"},{"taxonomy":"post_tag","embeddable":true,"href":"https:\/\/www.meydan.tv\/az\/wp-json\/wp\/v2\/tags?post=308599"}],"curies":[{"name":"wp","href":"https:\/\/api.w.org\/{rel}","templated":true}]}}