{"id":308544,"date":"2024-06-21T12:16:13","date_gmt":"2024-06-21T08:16:13","guid":{"rendered":"https:\/\/www.meydan.tv\/?p=308544"},"modified":"2024-06-21T15:03:32","modified_gmt":"2024-06-21T11:03:32","slug":"kulek-azerbaycanin-qerb-bolgesinde-fesadlar-yaradib-olen-ve-yaralanan-var","status":"publish","type":"post","link":"https:\/\/www.meydan.tv\/az\/article\/kulek-azerbaycanin-qerb-bolgesinde-fesadlar-yaradib-olen-ve-yaralanan-var\/","title":{"rendered":"K\u00fcl\u0259k Az\u0259rbaycan\u0131n Q\u0259rb b\u00f6lg\u0259sind\u0259 f\u0259sadlar yarad\u0131b: \u00d6l\u0259n v\u0259 yaralananlar var"},"content":{"rendered":"\n<figure class=\"wp-block-embed is-type-video is-provider-youtube wp-block-embed-youtube wp-embed-aspect-16-9 wp-has-aspect-ratio\"><div class=\"wp-block-embed__wrapper\">\n<iframe title=\"G\u00fccl\u00fc k\u00fcl\u0259k bir s\u0131ra f\u0259sadlar t\u00f6r\u0259dib, bir n\u0259f\u0259rin \u00f6ld\u00fcy\u00fc deyilir\" width=\"1200\" height=\"675\" data-src=\"https:\/\/www.youtube.com\/embed\/xmKct1zbU9g?feature=oembed\" frameborder=\"0\" allow=\"accelerometer; autoplay; clipboard-write; encrypted-media; gyroscope; picture-in-picture; web-share\" referrerpolicy=\"strict-origin-when-cross-origin\" allowfullscreen src=\"data:image\/svg+xml;base64,PHN2ZyB3aWR0aD0iMSIgaGVpZ2h0PSIxIiB4bWxucz0iaHR0cDovL3d3dy53My5vcmcvMjAwMC9zdmciPjwvc3ZnPg==\" class=\"lazyload\" data-load-mode=\"1\"><\/iframe>\n<\/div><\/figure>\n\n\n\n<!--more-->\n\n\n\n<p><strong><em>Ming\u0259\u00e7evird\u0259 v\u0259 G\u0259nc\u0259d\u0259 \u0259haliy\u0259 xeyli ziyan d\u0259yib<\/em><\/strong><\/p>\n\n\n\n<p>Az\u0259rbaycan\u0131n Q\u0259rb b\u00f6lg\u0259sind\u0259 d\u00fcn\u0259n ax\u015famdan ba\u015flayan g\u00fccl\u00fc k\u00fcl\u0259k G\u0259nc\u0259, Ming\u0259\u00e7evir, Da\u015fk\u0259s\u0259n, G\u0259d\u0259b\u0259y, \u015e\u0259ki, Qax, Zaqatala v\u0259 \u0259ks\u0259r rayonlarda f\u0259saslar t\u00f6r\u0259dib. <\/p>\n\n\n\n<p>G\u0259nc\u0259 v\u0259 Ming\u0259\u00e7evird\u0259 irig\u00f6vd\u0259li a\u011faclar\u0131n a\u015fmas\u0131 n\u0259tic\u0259sind\u0259 x\u0259sar\u0259t alanlar olub, \u00f6l\u0259n var.<br>Q\u0131r\u0131lan a\u011faclar avtomobill\u0259rin \u00fcz\u0259rin\u0259 a\u015f\u0131b, bir ne\u00e7\u0259 avtomobil yarars\u0131z hala d\u00fc\u015f\u00fcb, evl\u0259rin dam \u00f6rt\u00fckl\u0259ri u\u00e7ub. Rayonlarda elektrik enerjisinin, qaz\u0131n verili\u015find\u0259 saatlarla fasil\u0259l\u0259r yaran\u0131b. G\u0259nc\u0259d\u0259 ma\u011fazalar\u0131n qar\u015f\u0131s\u0131ndak\u0131 reklam l\u00f6vh\u0259l\u0259ri, o c\u00fcml\u0259d\u0259n i\u00e7idolu soyuducular a\u015f\u0131b, sahibkarlara z\u0259r\u0259r d\u0259yib.<\/p>\n\n\n\n<p>G\u0259nc\u0259 \u015e\u0259h\u0259r \u0130cra Hakimiyy\u0259tind\u0259n bildiribl\u0259r ki, g\u00fccl\u00fc k\u00fcl\u0259k bir ne\u00e7\u0259 iri a\u011fac\u0131 a\u015f\u0131r\u0131b, bir ne\u00e7\u0259 avtomobil\u0259 ziyan d\u0259yib. \u015e\u0259h\u0259rin Nizami G\u0259nc\u0259vi prospektind\u0259 yerl\u0259\u015f\u0259n obyektl\u0259rd\u0259n birinin dam \u00f6rt\u00fcy\u00fc qoparaq yolun h\u0259r\u0259k\u0259t hiss\u0259sin\u0259 d\u00fc\u015f\u00fcb. Bu da n\u0259qliyyat\u0131n h\u0259r\u0259k\u0259tind\u0259 \u00e7\u0259tinlikl\u0259r yarad\u0131b. G\u00fccl\u00fc k\u00fcl\u0259k bir ne\u00e7\u0259 evin d\u0259 dam \u00f6rt\u00fcy\u00fcn\u00fc da\u011f\u0131d\u0131b. Haz\u0131rda \u015f\u0259h\u0259rin b\u0259zi \u0259razil\u0259rind\u0259 elekrik enerjisinin verilm\u0259sind\u0259 fasil\u0259 yaran\u0131b.<\/p>\n\n\n\n<p>D\u00fcn\u0259n gec\u0259d\u0259n ba\u015flayaraq k\u00fcl\u0259yin f\u0259sadlar\u0131n\u0131n aradan qald\u0131r\u0131lmas\u0131 istiqam\u0259tind\u0259 t\u0259dbirl\u0259r g\u00f6r\u00fcl\u00fcr. G\u0259nc\u0259 \u015e\u0259h\u0259r \u0130cra Hakimiyy\u0259ti yan\u0131nda f\u0259aliyy\u0259t g\u00f6st\u0259r\u0259n F\u00f6vq\u0259lad\u0259 Hallar Komissiyas\u0131 g\u00fccl\u0259ndirilmi\u015f i\u015f rejimind\u0259 \u00e7al\u0131\u015f\u0131r. Haz\u0131rda G\u0259nc\u0259 \u015f\u0259h\u0259rind\u0259 ya\u011f\u0131\u015fl\u0131 hava \u015f\u0259raiti m\u00fc\u015fahid\u0259 olunur.<\/p>\n\n\n\n<p>Ming\u0259\u00e7evird\u0259 g\u00fccl\u00fc k\u00fcl\u0259yin a\u011faclar\u0131 a\u015f\u0131rmas\u0131 n\u0259tic\u0259sind\u0259 alt\u0131 n\u0259f\u0259r x\u0259sar\u0259t al\u0131b. Onlardan biri, A\u011fdam rayon sakini ald\u0131\u011f\u0131 x\u0259sar\u0259td\u0259n \u00f6l\u00fcb. Dig\u0259r yaral\u0131lar x\u0259st\u0259xanaya yerl\u0259\u015fdirilibl\u0259r.<\/p>\n\n\n\n<p>Ming\u0259\u00e7evir \u0130cra Hakimiyy\u0259tind\u0259n bildiribl\u0259r ki, g\u00fccl\u00fc k\u00fcl\u0259k n\u0259tic\u0259sind\u0259 25 \u0259d\u0259d a\u011fac k\u00f6k\u00fcnd\u0259n, 27 a\u011fac\u0131n iri budaqlar\u0131 q\u0131r\u0131laraq yer\u0259 d\u00fc\u015f\u00fcb, k\u00fc\u00e7\u0259l\u0259rd\u0259 n\u0259qliyyat vasit\u0259l\u0259rinin h\u0259r\u0259k\u0259tin\u0259 mane\u0259 yaran\u0131b.400 abonentin qaz x\u0259ttinin verili\u015find\u0259 fasil\u0259 yaran\u0131b, 1 \u0259d\u0259d f\u0259rdi evin dam \u00f6rt\u00fcy\u00fcn\u0259 ziyan d\u0259yib. Q\u0131r\u0131lan a\u011fac Nizami k\u00fc\u00e7\u0259sind\u0259 n\u0259qliyyat vasit\u0259sinin \u00fcz\u0259rin\u0259 d\u00fc\u015fd\u00fcy\u00fcnd\u0259n s\u00fcr\u00fcc\u00fc yaralan\u0131b. Z.H\u0259s\u0259nova 2-d\u0259 1 \u0259d\u0259d \u00e7oxm\u0259nzilli ya\u015fay\u0131\u015f binas\u0131n\u0131n dam \u00f6rt\u00fcy\u00fc u\u00e7ub, 5 sakin a\u011fac a\u015fmas\u0131 n\u0259tic\u0259sind\u0259 x\u0259sar\u0259t al\u0131b, 2003-c\u00fc il t\u0259v\u0259ll\u00fcdl\u00fc Qas\u0131mzad\u0259 R\u0259van \u0130smixan o\u011flu ald\u0131\u011f\u0131 x\u0259sar\u0259tl\u0259rd\u0259n \u00f6l\u00fcb. 17 min abonentin elektrik enerjisinin t\u0259chizat\u0131nda 10 saat fasil\u0259 yaran\u0131b.<\/p>\n\n\n<div class=\"wp-block-image\">\n<figure class=\"aligncenter size-full\"><img decoding=\"async\" width=\"1200\" height=\"675\" data-src=\"https:\/\/www.meydan.tv\/wp-content\/uploads\/sel.jpg\" alt=\"\" class=\"wp-image-308539 lazyload\" src=\"data:image\/svg+xml;base64,PHN2ZyB3aWR0aD0iMSIgaGVpZ2h0PSIxIiB4bWxucz0iaHR0cDovL3d3dy53My5vcmcvMjAwMC9zdmciPjwvc3ZnPg==\" style=\"--smush-placeholder-width: 1200px; --smush-placeholder-aspect-ratio: 1200\/675;\" \/><\/figure>\n<\/div>\n\n\n<p>\u015e\u0259h\u0259r F\u00f6vq\u0259lad\u0259 Hallar Komissiyas\u0131 t\u0259r\u0259find\u0259n d\u0259rhal t\u0259xir\u0259sal\u0131nmaz t\u0259dbirl\u0259r h\u0259yata ke\u00e7irilm\u0259y\u0259 ba\u015flan\u0131l\u0131b, n\u0259qliyyata v\u0259 h\u0259r\u0259k\u0259t\u0259 mane olan a\u011faclar h\u0259r\u0259k\u0259t zola\u011f\u0131ndan g\u00f6t\u00fcr\u00fcl\u00fcb, elektrik enerjisind\u0259 fasil\u0259l\u0259r aradan qald\u0131r\u0131lma\u011fa ba\u015flan\u0131l\u0131b, haz\u0131rda b\u0259rpa i\u015fl\u0259ri davam etdirilm\u0259kd\u0259dir.<\/p>\n\n\n\n<p>A\u011fstafan\u0131n m\u0259rk\u0259zi park\u0131nda g\u00fccl\u00fc k\u00fcl\u0259k y\u00fcz il\u0259 yax\u0131n ya\u015f\u0131 olan \u00e7inar a\u011fac\u0131n\u0131 k\u00f6k\u00fcnd\u0259n \u00e7\u0131xar\u0131b. Rayon sakinl\u0259ri bildiribl\u0259r ki, indiy\u0259d\u0259k bel\u0259 k\u00fcl\u0259kl\u0259 rastla\u015fmay\u0131blar. Parkdak\u0131 \u00e7ayxana yerl\u0259-yeksan olub. G\u00fccl\u00fc k\u00fcl\u0259yin a\u011fac\u0131 a\u015f\u0131rmas\u0131 n\u0259tic\u0259sind\u0259 parkda istirah\u0259t ed\u0259n rayon sakinl\u0259ri-Tahir Abbasov v\u0259 1962-c\u0131 il t\u0259v\u0259ll\u00fcdl\u00fc \u0130lham Rzayev m\u00fcxt\u0259lif b\u0259d\u0259n x\u0259sar\u0259tl\u0259ri alaraq x\u0259st\u0259xanaya yerl\u0259\u015fdirilibl\u0259r. Rayonun Da\u011fk\u0259s\u0259m\u0259n k\u0259ndind\u0259 a\u011fac\u0131n a\u015fmas\u0131 n\u0259tic\u0259sind\u0259 2006-c\u0131 il t\u0259v\u0259ll\u00fcdl\u00fc k\u0259nd sakini x\u0259sar\u0259t al\u0131b.<\/p>\n\n\n\n<p>G\u0259d\u0259b\u0259y v\u0259 Tovuzda a\u011faclar a\u015f\u0131b, elektrik enerjisinin verilm\u0259sind\u0259 fasil\u0259l\u0259r yaran\u0131b. \u015e\u0259kinin Oxud k\u0259ndind\u0259 ild\u0131r\u0131ml\u0131 hava sakinl\u0259rd\u0259 qorxu yarad\u0131b. K\u0259ndl\u0259rin \u0259ks\u0259riyy\u0259tind\u0259 sel n\u0259tic\u0259sind\u0259 gedi\u015f-g\u0259li\u015f dayan\u0131b. \u015eamaxi rayonunun bir ne\u00e7\u0259 k\u0259ndind\u0259 sel evl\u0259r\u0259 dolub, yollar s\u0131radan \u00e7\u0131x\u0131b.<\/p>\n\n\n\n<p>\u00d6t\u0259n g\u00fcnd\u0259n ba\u015flayaraq \u00f6lk\u0259 \u0259razisind\u0259 h\u00f6km s\u00fcr\u0259n qeyri-sabit hava \u015f\u0259raiti bir s\u0131ra f\u0259sadlara yol a\u00e7\u0131b.<\/p>\n\n\n\n<p>Bu bar\u0259d\u0259 F\u00f6vq\u0259lad\u0259 Hallar Nazirliyinin M\u0259tbuat xidm\u0259ti m\u0259lumat yay\u0131b.<\/p>\n\n\n\n<p>Bel\u0259 ki, g\u00fccl\u00fc k\u00fcl\u0259k s\u0259b\u0259bind\u0259n Qaram\u0259ry\u0259m-\u0130smay\u0131ll\u0131-\u015e\u0259ki magistral avtomobil yolunun Q\u0259b\u0259l\u0259 rayonunun Nohurq\u0131\u015flaq k\u0259ndi \u0259razisind\u0259n ke\u00e7\u0259n hiss\u0259sind\u0259 irig\u00f6vd\u0259li a\u011fac\u0131n a\u015fmas\u0131 v\u0259 n\u0259tic\u0259d\u0259 magistral yolda h\u0259r\u0259k\u0259tin dayanmas\u0131 bar\u0259d\u0259 FHN-in \u201c112\u201d qaynar telefon x\u0259ttin\u0259 daxil olan m\u0259lumat \u0259sas\u0131nda \u0259raziy\u0259 c\u0259lb edilmi\u015f \u015eimal-Q\u0259rb Regional M\u0259rk\u0259zinin xilasedicil\u0259ri t\u0259r\u0259find\u0259n m\u00fcvafiq vasit\u0259l\u0259rl\u0259 a\u015fm\u0131\u015f a\u011fac\u0131n hiss\u0259l\u0259r\u0259 k\u0259sil\u0259r\u0259k yoldan g\u00f6t\u00fcr\u00fclm\u0259si, bununla da magistral yolda s\u0259rb\u0259st h\u0259r\u0259k\u0259tin b\u0259rpas\u0131 t\u0259min edilib.<\/p>\n\n\n\n<p>Bundan ba\u015fqa, ya\u011fan intensiv ya\u011f\u0131\u015flarla \u0259laq\u0259dar Yevlax \u015f\u0259h\u0259rinin Cahangir K\u0259rimov k\u00fc\u00e7\u0259sind\u0259 f\u0259rdi ya\u015fay\u0131\u015f evinin h\u0259y\u0259tyan\u0131 sah\u0259sinin subasmaya m\u0259ruz qalmas\u0131 n\u0259tic\u0259sind\u0259 ev sahibinin k\u00f6m\u0259y\u0259 ehtiyac\u0131n\u0131n yaranmas\u0131 bar\u0259d\u0259 daxil olan m\u0259lumata \u0259sas\u0259n g\u00f6st\u0259ril\u0259n \u00fcnvana c\u0259lb edil\u0259n FHN-in Aran Regional M\u0259rk\u0259zinin xilasedicil\u0259ri t\u0259r\u0259find\u0259n evd\u0259 k\u00f6m\u0259ksiz v\u0259ziyy\u0259td\u0259 qalm\u0131\u015f ya\u015fl\u0131 qad\u0131n t\u0259hl\u00fck\u0259siz \u0259raziy\u0259 t\u0259xliy\u0259 edilib.<\/p>\n","protected":false},"excerpt":{"rendered":"","protected":false},"author":8,"featured_media":308534,"comment_status":"closed","ping_status":"closed","sticky":false,"template":"","format":"standard","meta":{"_acf_changed":false,"_sitemap_exclude":false,"_sitemap_priority":"","_sitemap_frequency":"","footnotes":""},"categories":[60,79,63,56],"tags":[],"class_list":["post-308544","post","type-post","status-publish","format-standard","has-post-thumbnail","hentry","category-bolge","category-featured","category-video-2","category-xeberler","infinite-scroll-item","generate-columns","tablet-grid-50","mobile-grid-100","grid-parent","grid-33","no-featured-image-padding"],"acf":[],"yoast_head":"<!-- This site is optimized with the Yoast SEO plugin v27.4 - https:\/\/yoast.com\/product\/yoast-seo-wordpress\/ -->\n<title>K\u00fcl\u0259k Az\u0259rbaycan\u0131n Q\u0259rb b\u00f6lg\u0259sind\u0259 f\u0259sadlar yarad\u0131b: \u00d6l\u0259n v\u0259 yaralananlar var - MEYDAN.TV<\/title>\n<meta name=\"robots\" content=\"index, follow, max-snippet:-1, max-image-preview:large, max-video-preview:-1\" \/>\n<link rel=\"canonical\" href=\"https:\/\/www.meydan.tv\/az\/article\/kulek-azerbaycanin-qerb-bolgesinde-fesadlar-yaradib-olen-ve-yaralanan-var\/\" \/>\n<meta property=\"og:locale\" content=\"az_AZ\" \/>\n<meta property=\"og:type\" content=\"article\" \/>\n<meta property=\"og:title\" content=\"K\u00fcl\u0259k Az\u0259rbaycan\u0131n Q\u0259rb b\u00f6lg\u0259sind\u0259 f\u0259sadlar yarad\u0131b: \u00d6l\u0259n v\u0259 yaralananlar var - MEYDAN.TV\" \/>\n<meta property=\"og:url\" content=\"https:\/\/www.meydan.tv\/az\/article\/kulek-azerbaycanin-qerb-bolgesinde-fesadlar-yaradib-olen-ve-yaralanan-var\/\" \/>\n<meta property=\"og:site_name\" content=\"MEYDAN.TV\" \/>\n<meta property=\"article:published_time\" content=\"2024-06-21T08:16:13+00:00\" \/>\n<meta property=\"article:modified_time\" content=\"2024-06-21T11:03:32+00:00\" \/>\n<meta property=\"og:image\" content=\"https:\/\/www.meydan.tv\/wp-content\/uploads\/photo-2024-06-21-11-48-24.jpg\" \/>\n\t<meta property=\"og:image:width\" content=\"1200\" \/>\n\t<meta property=\"og:image:height\" content=\"864\" \/>\n\t<meta property=\"og:image:type\" content=\"image\/jpeg\" \/>\n<meta name=\"author\" content=\"elli\" \/>\n<meta name=\"twitter:card\" content=\"summary_large_image\" \/>\n<meta name=\"twitter:creator\" content=\"@elli\" \/>\n<script type=\"application\/ld+json\" class=\"yoast-schema-graph\">{\"@context\":\"https:\\\/\\\/schema.org\",\"@graph\":[{\"@type\":\"Article\",\"@id\":\"https:\\\/\\\/www.meydan.tv\\\/az\\\/article\\\/kulek-azerbaycanin-qerb-bolgesinde-fesadlar-yaradib-olen-ve-yaralanan-var\\\/#article\",\"isPartOf\":{\"@id\":\"https:\\\/\\\/www.meydan.tv\\\/az\\\/article\\\/kulek-azerbaycanin-qerb-bolgesinde-fesadlar-yaradib-olen-ve-yaralanan-var\\\/\"},\"author\":{\"name\":\"elli\",\"@id\":\"https:\\\/\\\/www.meydan.tv\\\/az\\\/#\\\/schema\\\/person\\\/9cdbecf90d17180ce1dfbd95b08dcf47\"},\"headline\":\"K\u00fcl\u0259k Az\u0259rbaycan\u0131n Q\u0259rb b\u00f6lg\u0259sind\u0259 f\u0259sadlar yarad\u0131b: \u00d6l\u0259n v\u0259 yaralananlar var\",\"datePublished\":\"2024-06-21T08:16:13+00:00\",\"dateModified\":\"2024-06-21T11:03:32+00:00\",\"mainEntityOfPage\":{\"@id\":\"https:\\\/\\\/www.meydan.tv\\\/az\\\/article\\\/kulek-azerbaycanin-qerb-bolgesinde-fesadlar-yaradib-olen-ve-yaralanan-var\\\/\"},\"wordCount\":1072,\"publisher\":{\"@id\":\"https:\\\/\\\/www.meydan.tv\\\/az\\\/#organization\"},\"image\":{\"@id\":\"https:\\\/\\\/www.meydan.tv\\\/az\\\/article\\\/kulek-azerbaycanin-qerb-bolgesinde-fesadlar-yaradib-olen-ve-yaralanan-var\\\/#primaryimage\"},\"thumbnailUrl\":\"https:\\\/\\\/www.meydan.tv\\\/wp-content\\\/uploads\\\/photo-2024-06-21-11-48-24.jpg\",\"articleSection\":[\"B\u00f6lg\u0259\",\"T\u00f6vsiy\u0259\",\"Video\",\"X\u0259b\u0259rl\u0259r\"],\"inLanguage\":\"az\"},{\"@type\":\"WebPage\",\"@id\":\"https:\\\/\\\/www.meydan.tv\\\/az\\\/article\\\/kulek-azerbaycanin-qerb-bolgesinde-fesadlar-yaradib-olen-ve-yaralanan-var\\\/\",\"url\":\"https:\\\/\\\/www.meydan.tv\\\/az\\\/article\\\/kulek-azerbaycanin-qerb-bolgesinde-fesadlar-yaradib-olen-ve-yaralanan-var\\\/\",\"name\":\"K\u00fcl\u0259k Az\u0259rbaycan\u0131n Q\u0259rb b\u00f6lg\u0259sind\u0259 f\u0259sadlar yarad\u0131b: \u00d6l\u0259n v\u0259 yaralananlar var - MEYDAN.TV\",\"isPartOf\":{\"@id\":\"https:\\\/\\\/www.meydan.tv\\\/az\\\/#website\"},\"primaryImageOfPage\":{\"@id\":\"https:\\\/\\\/www.meydan.tv\\\/az\\\/article\\\/kulek-azerbaycanin-qerb-bolgesinde-fesadlar-yaradib-olen-ve-yaralanan-var\\\/#primaryimage\"},\"image\":{\"@id\":\"https:\\\/\\\/www.meydan.tv\\\/az\\\/article\\\/kulek-azerbaycanin-qerb-bolgesinde-fesadlar-yaradib-olen-ve-yaralanan-var\\\/#primaryimage\"},\"thumbnailUrl\":\"https:\\\/\\\/www.meydan.tv\\\/wp-content\\\/uploads\\\/photo-2024-06-21-11-48-24.jpg\",\"datePublished\":\"2024-06-21T08:16:13+00:00\",\"dateModified\":\"2024-06-21T11:03:32+00:00\",\"breadcrumb\":{\"@id\":\"https:\\\/\\\/www.meydan.tv\\\/az\\\/article\\\/kulek-azerbaycanin-qerb-bolgesinde-fesadlar-yaradib-olen-ve-yaralanan-var\\\/#breadcrumb\"},\"inLanguage\":\"az\",\"potentialAction\":[{\"@type\":\"ReadAction\",\"target\":[\"https:\\\/\\\/www.meydan.tv\\\/az\\\/article\\\/kulek-azerbaycanin-qerb-bolgesinde-fesadlar-yaradib-olen-ve-yaralanan-var\\\/\"]}]},{\"@type\":\"ImageObject\",\"inLanguage\":\"az\",\"@id\":\"https:\\\/\\\/www.meydan.tv\\\/az\\\/article\\\/kulek-azerbaycanin-qerb-bolgesinde-fesadlar-yaradib-olen-ve-yaralanan-var\\\/#primaryimage\",\"url\":\"https:\\\/\\\/www.meydan.tv\\\/wp-content\\\/uploads\\\/photo-2024-06-21-11-48-24.jpg\",\"contentUrl\":\"https:\\\/\\\/www.meydan.tv\\\/wp-content\\\/uploads\\\/photo-2024-06-21-11-48-24.jpg\",\"width\":1200,\"height\":864,\"caption\":\"Fotolar: Meydan TV\"},{\"@type\":\"BreadcrumbList\",\"@id\":\"https:\\\/\\\/www.meydan.tv\\\/az\\\/article\\\/kulek-azerbaycanin-qerb-bolgesinde-fesadlar-yaradib-olen-ve-yaralanan-var\\\/#breadcrumb\",\"itemListElement\":[{\"@type\":\"ListItem\",\"position\":1,\"name\":\"Ana s\u0259hif\u0259\",\"item\":\"https:\\\/\\\/www.meydan.tv\\\/az\\\/\"},{\"@type\":\"ListItem\",\"position\":2,\"name\":\"B\u00f6lg\u0259\",\"item\":\"https:\\\/\\\/www.meydan.tv\\\/az\\\/section\\\/bolge\\\/\"},{\"@type\":\"ListItem\",\"position\":3,\"name\":\"K\u00fcl\u0259k Az\u0259rbaycan\u0131n Q\u0259rb b\u00f6lg\u0259sind\u0259 f\u0259sadlar yarad\u0131b: \u00d6l\u0259n v\u0259 yaralananlar var\"}]},{\"@type\":\"WebSite\",\"@id\":\"https:\\\/\\\/www.meydan.tv\\\/az\\\/#website\",\"url\":\"https:\\\/\\\/www.meydan.tv\\\/az\\\/\",\"name\":\"MEYDAN.TV\",\"description\":\"Meydan TV Az\u0259rbaycan\u0131n media m\u0259kan\u0131ndak\u0131 alternativ s\u0259sidir\",\"publisher\":{\"@id\":\"https:\\\/\\\/www.meydan.tv\\\/az\\\/#organization\"},\"potentialAction\":[{\"@type\":\"SearchAction\",\"target\":{\"@type\":\"EntryPoint\",\"urlTemplate\":\"https:\\\/\\\/www.meydan.tv\\\/az\\\/?s={search_term_string}\"},\"query-input\":{\"@type\":\"PropertyValueSpecification\",\"valueRequired\":true,\"valueName\":\"search_term_string\"}}],\"inLanguage\":\"az\"},{\"@type\":\"Organization\",\"@id\":\"https:\\\/\\\/www.meydan.tv\\\/az\\\/#organization\",\"name\":\"Meydan TV\",\"url\":\"https:\\\/\\\/www.meydan.tv\\\/az\\\/\",\"logo\":{\"@type\":\"ImageObject\",\"inLanguage\":\"az\",\"@id\":\"https:\\\/\\\/www.meydan.tv\\\/az\\\/#\\\/schema\\\/logo\\\/image\\\/\",\"url\":\"https:\\\/\\\/www.meydan.tv\\\/wp-content\\\/uploads\\\/2021\\\/07\\\/meydan-logo.svg\",\"contentUrl\":\"https:\\\/\\\/www.meydan.tv\\\/wp-content\\\/uploads\\\/2021\\\/07\\\/meydan-logo.svg\",\"width\":195,\"height\":46,\"caption\":\"Meydan TV\"},\"image\":{\"@id\":\"https:\\\/\\\/www.meydan.tv\\\/az\\\/#\\\/schema\\\/logo\\\/image\\\/\"}},{\"@type\":\"Person\",\"@id\":\"https:\\\/\\\/www.meydan.tv\\\/az\\\/#\\\/schema\\\/person\\\/9cdbecf90d17180ce1dfbd95b08dcf47\",\"name\":\"elli\",\"sameAs\":[\"https:\\\/\\\/x.com\\\/elli\"]}]}<\/script>\n<!-- \/ Yoast SEO plugin. -->","yoast_head_json":{"title":"K\u00fcl\u0259k Az\u0259rbaycan\u0131n Q\u0259rb b\u00f6lg\u0259sind\u0259 f\u0259sadlar yarad\u0131b: \u00d6l\u0259n v\u0259 yaralananlar var - MEYDAN.TV","robots":{"index":"index","follow":"follow","max-snippet":"max-snippet:-1","max-image-preview":"max-image-preview:large","max-video-preview":"max-video-preview:-1"},"canonical":"https:\/\/www.meydan.tv\/az\/article\/kulek-azerbaycanin-qerb-bolgesinde-fesadlar-yaradib-olen-ve-yaralanan-var\/","og_locale":"az_AZ","og_type":"article","og_title":"K\u00fcl\u0259k Az\u0259rbaycan\u0131n Q\u0259rb b\u00f6lg\u0259sind\u0259 f\u0259sadlar yarad\u0131b: \u00d6l\u0259n v\u0259 yaralananlar var - MEYDAN.TV","og_url":"https:\/\/www.meydan.tv\/az\/article\/kulek-azerbaycanin-qerb-bolgesinde-fesadlar-yaradib-olen-ve-yaralanan-var\/","og_site_name":"MEYDAN.TV","article_published_time":"2024-06-21T08:16:13+00:00","article_modified_time":"2024-06-21T11:03:32+00:00","og_image":[{"width":1200,"height":864,"url":"https:\/\/www.meydan.tv\/wp-content\/uploads\/photo-2024-06-21-11-48-24.jpg","type":"image\/jpeg"}],"author":"elli","twitter_card":"summary_large_image","twitter_creator":"@elli","schema":{"@context":"https:\/\/schema.org","@graph":[{"@type":"Article","@id":"https:\/\/www.meydan.tv\/az\/article\/kulek-azerbaycanin-qerb-bolgesinde-fesadlar-yaradib-olen-ve-yaralanan-var\/#article","isPartOf":{"@id":"https:\/\/www.meydan.tv\/az\/article\/kulek-azerbaycanin-qerb-bolgesinde-fesadlar-yaradib-olen-ve-yaralanan-var\/"},"author":{"name":"elli","@id":"https:\/\/www.meydan.tv\/az\/#\/schema\/person\/9cdbecf90d17180ce1dfbd95b08dcf47"},"headline":"K\u00fcl\u0259k Az\u0259rbaycan\u0131n Q\u0259rb b\u00f6lg\u0259sind\u0259 f\u0259sadlar yarad\u0131b: \u00d6l\u0259n v\u0259 yaralananlar var","datePublished":"2024-06-21T08:16:13+00:00","dateModified":"2024-06-21T11:03:32+00:00","mainEntityOfPage":{"@id":"https:\/\/www.meydan.tv\/az\/article\/kulek-azerbaycanin-qerb-bolgesinde-fesadlar-yaradib-olen-ve-yaralanan-var\/"},"wordCount":1072,"publisher":{"@id":"https:\/\/www.meydan.tv\/az\/#organization"},"image":{"@id":"https:\/\/www.meydan.tv\/az\/article\/kulek-azerbaycanin-qerb-bolgesinde-fesadlar-yaradib-olen-ve-yaralanan-var\/#primaryimage"},"thumbnailUrl":"https:\/\/www.meydan.tv\/wp-content\/uploads\/photo-2024-06-21-11-48-24.jpg","articleSection":["B\u00f6lg\u0259","T\u00f6vsiy\u0259","Video","X\u0259b\u0259rl\u0259r"],"inLanguage":"az"},{"@type":"WebPage","@id":"https:\/\/www.meydan.tv\/az\/article\/kulek-azerbaycanin-qerb-bolgesinde-fesadlar-yaradib-olen-ve-yaralanan-var\/","url":"https:\/\/www.meydan.tv\/az\/article\/kulek-azerbaycanin-qerb-bolgesinde-fesadlar-yaradib-olen-ve-yaralanan-var\/","name":"K\u00fcl\u0259k Az\u0259rbaycan\u0131n Q\u0259rb b\u00f6lg\u0259sind\u0259 f\u0259sadlar yarad\u0131b: \u00d6l\u0259n v\u0259 yaralananlar var - MEYDAN.TV","isPartOf":{"@id":"https:\/\/www.meydan.tv\/az\/#website"},"primaryImageOfPage":{"@id":"https:\/\/www.meydan.tv\/az\/article\/kulek-azerbaycanin-qerb-bolgesinde-fesadlar-yaradib-olen-ve-yaralanan-var\/#primaryimage"},"image":{"@id":"https:\/\/www.meydan.tv\/az\/article\/kulek-azerbaycanin-qerb-bolgesinde-fesadlar-yaradib-olen-ve-yaralanan-var\/#primaryimage"},"thumbnailUrl":"https:\/\/www.meydan.tv\/wp-content\/uploads\/photo-2024-06-21-11-48-24.jpg","datePublished":"2024-06-21T08:16:13+00:00","dateModified":"2024-06-21T11:03:32+00:00","breadcrumb":{"@id":"https:\/\/www.meydan.tv\/az\/article\/kulek-azerbaycanin-qerb-bolgesinde-fesadlar-yaradib-olen-ve-yaralanan-var\/#breadcrumb"},"inLanguage":"az","potentialAction":[{"@type":"ReadAction","target":["https:\/\/www.meydan.tv\/az\/article\/kulek-azerbaycanin-qerb-bolgesinde-fesadlar-yaradib-olen-ve-yaralanan-var\/"]}]},{"@type":"ImageObject","inLanguage":"az","@id":"https:\/\/www.meydan.tv\/az\/article\/kulek-azerbaycanin-qerb-bolgesinde-fesadlar-yaradib-olen-ve-yaralanan-var\/#primaryimage","url":"https:\/\/www.meydan.tv\/wp-content\/uploads\/photo-2024-06-21-11-48-24.jpg","contentUrl":"https:\/\/www.meydan.tv\/wp-content\/uploads\/photo-2024-06-21-11-48-24.jpg","width":1200,"height":864,"caption":"Fotolar: Meydan TV"},{"@type":"BreadcrumbList","@id":"https:\/\/www.meydan.tv\/az\/article\/kulek-azerbaycanin-qerb-bolgesinde-fesadlar-yaradib-olen-ve-yaralanan-var\/#breadcrumb","itemListElement":[{"@type":"ListItem","position":1,"name":"Ana s\u0259hif\u0259","item":"https:\/\/www.meydan.tv\/az\/"},{"@type":"ListItem","position":2,"name":"B\u00f6lg\u0259","item":"https:\/\/www.meydan.tv\/az\/section\/bolge\/"},{"@type":"ListItem","position":3,"name":"K\u00fcl\u0259k Az\u0259rbaycan\u0131n Q\u0259rb b\u00f6lg\u0259sind\u0259 f\u0259sadlar yarad\u0131b: \u00d6l\u0259n v\u0259 yaralananlar var"}]},{"@type":"WebSite","@id":"https:\/\/www.meydan.tv\/az\/#website","url":"https:\/\/www.meydan.tv\/az\/","name":"MEYDAN.TV","description":"Meydan TV Az\u0259rbaycan\u0131n media m\u0259kan\u0131ndak\u0131 alternativ s\u0259sidir","publisher":{"@id":"https:\/\/www.meydan.tv\/az\/#organization"},"potentialAction":[{"@type":"SearchAction","target":{"@type":"EntryPoint","urlTemplate":"https:\/\/www.meydan.tv\/az\/?s={search_term_string}"},"query-input":{"@type":"PropertyValueSpecification","valueRequired":true,"valueName":"search_term_string"}}],"inLanguage":"az"},{"@type":"Organization","@id":"https:\/\/www.meydan.tv\/az\/#organization","name":"Meydan TV","url":"https:\/\/www.meydan.tv\/az\/","logo":{"@type":"ImageObject","inLanguage":"az","@id":"https:\/\/www.meydan.tv\/az\/#\/schema\/logo\/image\/","url":"https:\/\/www.meydan.tv\/wp-content\/uploads\/2021\/07\/meydan-logo.svg","contentUrl":"https:\/\/www.meydan.tv\/wp-content\/uploads\/2021\/07\/meydan-logo.svg","width":195,"height":46,"caption":"Meydan TV"},"image":{"@id":"https:\/\/www.meydan.tv\/az\/#\/schema\/logo\/image\/"}},{"@type":"Person","@id":"https:\/\/www.meydan.tv\/az\/#\/schema\/person\/9cdbecf90d17180ce1dfbd95b08dcf47","name":"elli","sameAs":["https:\/\/x.com\/elli"]}]}},"_links":{"self":[{"href":"https:\/\/www.meydan.tv\/az\/wp-json\/wp\/v2\/posts\/308544","targetHints":{"allow":["GET"]}}],"collection":[{"href":"https:\/\/www.meydan.tv\/az\/wp-json\/wp\/v2\/posts"}],"about":[{"href":"https:\/\/www.meydan.tv\/az\/wp-json\/wp\/v2\/types\/post"}],"author":[{"embeddable":true,"href":"https:\/\/www.meydan.tv\/az\/wp-json\/wp\/v2\/users\/8"}],"replies":[{"embeddable":true,"href":"https:\/\/www.meydan.tv\/az\/wp-json\/wp\/v2\/comments?post=308544"}],"version-history":[{"count":4,"href":"https:\/\/www.meydan.tv\/az\/wp-json\/wp\/v2\/posts\/308544\/revisions"}],"predecessor-version":[{"id":308604,"href":"https:\/\/www.meydan.tv\/az\/wp-json\/wp\/v2\/posts\/308544\/revisions\/308604"}],"wp:featuredmedia":[{"embeddable":true,"href":"https:\/\/www.meydan.tv\/az\/wp-json\/wp\/v2\/media\/308534"}],"wp:attachment":[{"href":"https:\/\/www.meydan.tv\/az\/wp-json\/wp\/v2\/media?parent=308544"}],"wp:term":[{"taxonomy":"category","embeddable":true,"href":"https:\/\/www.meydan.tv\/az\/wp-json\/wp\/v2\/categories?post=308544"},{"taxonomy":"post_tag","embeddable":true,"href":"https:\/\/www.meydan.tv\/az\/wp-json\/wp\/v2\/tags?post=308544"}],"curies":[{"name":"wp","href":"https:\/\/api.w.org\/{rel}","templated":true}]}}