{"id":308490,"date":"2024-06-20T17:28:34","date_gmt":"2024-06-20T13:28:34","guid":{"rendered":"https:\/\/www.meydan.tv\/?p=308490"},"modified":"2024-06-20T17:28:37","modified_gmt":"2024-06-20T13:28:37","slug":"yagis-sekide-kend-yolunu-dagidib","status":"publish","type":"post","link":"https:\/\/www.meydan.tv\/az\/article\/yagis-sekide-kend-yolunu-dagidib\/","title":{"rendered":"Ya\u011f\u0131\u015f \u015e\u0259kid\u0259 k\u0259nd yolunu da\u011f\u0131d\u0131b"},"content":{"rendered":"\n<p><\/p>\n\n\n\n<p><strong><em>\u201cN\u0130VA, UAZ-lar sanki \u00e7ay\u0131n i\u00e7i il\u0259 h\u0259r\u0259k\u0259t edirl\u0259r, da\u015f v\u0259 su t\u0259hl\u00fck\u0259li v\u0259ziyy\u0259t yarad\u0131b\u201d<\/em><\/strong><\/p>\n\n\n\n<p>Son bir ne\u00e7\u0259 g\u00fcnd\u00fcr arams\u0131z ya\u011fan leysan ya\u011f\u0131\u015flardan sonra \u015e\u0259kinin Ba\u015f K\u0259ld\u0259k k\u0259ndin\u0259 ged\u0259n yol da\u011f\u0131l\u0131b. K\u0259ndlil\u0259r bel v\u0259 ya yal\u0131n \u0259ll\u0259rl\u0259 yolu d\u00fcz\u0259ltm\u0259y\u0259 \u00e7al\u0131\u015f\u0131rlar.<\/p>\n\n\n\n<p>K\u0259nd sakinl\u0259ri Meydan TV-y\u0259 bildiribl\u0259r ki, k\u0259ndd\u0259ki istirah\u0259t m\u0259rk\u0259zin\u0259 g\u00f6r\u0259 yolun bir hiss\u0259si, y\u0259ni m\u0259rk\u0259z\u0259 ged\u0259n \u0259razi d\u00fcz\u0259ldilib. Lakin da\u011flardan g\u0259l\u0259n sel asfalt\u0131 da\u011f\u0131d\u0131b, haz\u0131rda yol ke\u00e7ilm\u0259zdir.<\/p>\n\n\n\n<p>K\u0259ndlil\u0259rd\u0259n Tofiq Mehdiyev bildirib ki, h\u0259min yoldan yax\u0131nl\u0131qdak\u0131 3-4 k\u0259ndin sakinl\u0259ri d\u0259 istifad\u0259 edirl\u0259r.<\/p>\n\n\n\n<p>\u201c<em>Haz\u0131rda dig\u0259r yoldan istifad\u0259 olunur, h\u0259min yol da\u015fl\u0131, torpaq yoldur. K\u0259ndi\u00e7i yollar da b\u0259rbad g\u00fcnd\u0259dir. Ba\u015f K\u0259ldik d\u0259 daxil olmaqla iki k\u0259ndin \u00fc\u00e7 min \u0259halisi var. K\u0259ndlil\u0259r \u00f6zl\u0259ri yolu t\u0259mizl\u0259m\u0259y\u0259 \u00e7al\u0131\u015f\u0131rlar ki, he\u00e7 olmasa minik ma\u015f\u0131nlar\u0131 h\u0259r\u0259k\u0259t ed\u0259 bilsin. K\u0259nd\u0259 taksi getm\u0259k ist\u0259mir, \u00e7\u00fcnki ma\u015f\u0131n da\u011f\u0131l\u0131r. N\u0130VA, UAZ-lar sanki \u00e7ay\u0131n i\u00e7i il\u0259 h\u0259r\u0259k\u0259t edirl\u0259r, da\u015f v\u0259 su t\u0259hl\u00fck\u0259li v\u0259ziyy\u0259t yarad\u0131b\u201d,-<\/em>\u015fikay\u0259t\u00e7i deyib.<\/p>\n\n\n\n<figure class=\"wp-block-image size-full\"><img decoding=\"async\" width=\"1200\" height=\"675\" data-src=\"https:\/\/www.meydan.tv\/wp-content\/uploads\/seki00.jpg\" alt=\"\" class=\"wp-image-308497 lazyload\" src=\"data:image\/svg+xml;base64,PHN2ZyB3aWR0aD0iMSIgaGVpZ2h0PSIxIiB4bWxucz0iaHR0cDovL3d3dy53My5vcmcvMjAwMC9zdmciPjwvc3ZnPg==\" style=\"--smush-placeholder-width: 1200px; --smush-placeholder-aspect-ratio: 1200\/675;\" \/><\/figure>\n\n\n\n<p>Ba\u015f K\u0259ld\u0259k k\u0259ndi \u015e\u0259kid\u0259n t\u0259qrib\u0259n 32 kilometr uzaqda yerl\u0259\u015fir. K\u0259nd h\u0259r t\u0259r\u0259fd\u0259n da\u011flarla \u0259hat\u0259 olunub. K\u0259ndlil\u0259r deyirl\u0259r ki, \u0259vv\u0259ll\u0259r arams\u0131z ya\u011f\u0131\u015flar n\u0259tic\u0259sind\u0259 K\u00fcng\u00fct \u00e7ay\u0131 da\u015f\u0131b v\u0259 k\u0259nd\u0259 sel g\u0259lib. Selin qar\u015f\u0131s\u0131n\u0131 almaq \u00fc\u00e7\u00fcn bir ne\u00e7\u0259 il \u0259vv\u0259l \u00e7ay k\u0259nar\u0131nda b\u0259ndl\u0259r qura\u015fd\u0131r\u0131l\u0131b. Lakin da\u011flardan g\u0259l\u0259n ya\u011f\u0131\u015f suyu k\u0259ndin yollar\u0131n\u0131 yen\u0259 d\u0259 s\u0131radan \u00e7\u0131xar\u0131r:<\/p>\n\n\n\n<p>\u201c<em>K\u0259ndin t\u0259bi\u0259tin\u0259 g\u00f6r\u0259 turist g\u0259lir. \u018fhali g\u00f6z\u00fcn\u00fc yaya dikir ki, b\u0259lk\u0259 bir-iki manat qazanc\u0131 ola, onu da ya\u011f\u0131\u015f imkan vermir. Bell\u0259 ne\u00e7\u0259 g\u00fcn\u0259 yol d\u00fcz\u0259ltm\u0259k olar?\u201d.<\/em><\/p>\n\n\n\n<p>K\u0259ndlil\u0259r onu da bildiribl\u0259r ki, yolun da\u011f\u0131lmas\u0131ndan rayon r\u0259hb\u0259rliyi d\u0259 x\u0259b\u0259rdard\u0131r. Lakin h\u0259l\u0259 d\u0259 t\u0259dbir g\u00f6r\u0259n yoxdur.<\/p>\n\n\n\n<p>\u015e\u0259ki \u0130cra Hakimiyy\u0259tind\u0259n is\u0259 Meydan TV-y\u0259 bildiribl\u0259r ki, sel v\u0259 ya\u011f\u0131\u015f\u0131n vurdu\u011fu z\u0259r\u0259r m\u00fc\u0259yy\u0259nl\u0259\u015fdirilir, t\u0259dbirl\u0259r h\u0259yata ke\u00e7irilir.<\/p>\n","protected":false},"excerpt":{"rendered":"<p>\u201cN\u0130VA, UAZ-lar sanki \u00e7ay\u0131n i\u00e7i il\u0259 h\u0259r\u0259k\u0259t edirl\u0259r, da\u015f v\u0259 &#8230; <\/p>\n<p class=\"read-more-container\"><a title=\"Ya\u011f\u0131\u015f \u015e\u0259kid\u0259 k\u0259nd yolunu da\u011f\u0131d\u0131b\" class=\"read-more button\" href=\"https:\/\/www.meydan.tv\/az\/article\/yagis-sekide-kend-yolunu-dagidib\/#more-308490\" aria-label=\"Read more about Ya\u011f\u0131\u015f \u015e\u0259kid\u0259 k\u0259nd yolunu da\u011f\u0131d\u0131b\">Davam\u0131<\/a><\/p>\n","protected":false},"author":8,"featured_media":308494,"comment_status":"closed","ping_status":"closed","sticky":false,"template":"","format":"standard","meta":{"_acf_changed":false,"_sitemap_exclude":false,"_sitemap_priority":"","_sitemap_frequency":"","footnotes":""},"categories":[60,56],"tags":[],"class_list":["post-308490","post","type-post","status-publish","format-standard","has-post-thumbnail","hentry","category-bolge","category-xeberler","infinite-scroll-item","generate-columns","tablet-grid-50","mobile-grid-100","grid-parent","grid-33","no-featured-image-padding"],"acf":[],"yoast_head":"<!-- This site is optimized with the Yoast SEO plugin v27.4 - https:\/\/yoast.com\/product\/yoast-seo-wordpress\/ -->\n<title>Ya\u011f\u0131\u015f \u015e\u0259kid\u0259 k\u0259nd yolunu da\u011f\u0131d\u0131b - MEYDAN.TV<\/title>\n<meta name=\"robots\" content=\"index, follow, max-snippet:-1, max-image-preview:large, max-video-preview:-1\" \/>\n<link rel=\"canonical\" href=\"https:\/\/www.meydan.tv\/az\/article\/yagis-sekide-kend-yolunu-dagidib\/\" \/>\n<meta property=\"og:locale\" content=\"az_AZ\" \/>\n<meta property=\"og:type\" content=\"article\" \/>\n<meta property=\"og:title\" content=\"Ya\u011f\u0131\u015f \u015e\u0259kid\u0259 k\u0259nd yolunu da\u011f\u0131d\u0131b - MEYDAN.TV\" \/>\n<meta property=\"og:description\" content=\"\u201cN\u0130VA, UAZ-lar sanki \u00e7ay\u0131n i\u00e7i il\u0259 h\u0259r\u0259k\u0259t edirl\u0259r, da\u015f v\u0259 ... Davam\u0131\" \/>\n<meta property=\"og:url\" content=\"https:\/\/www.meydan.tv\/az\/article\/yagis-sekide-kend-yolunu-dagidib\/\" \/>\n<meta property=\"og:site_name\" content=\"MEYDAN.TV\" \/>\n<meta property=\"article:published_time\" content=\"2024-06-20T13:28:34+00:00\" \/>\n<meta property=\"article:modified_time\" content=\"2024-06-20T13:28:37+00:00\" \/>\n<meta property=\"og:image\" content=\"https:\/\/www.meydan.tv\/wp-content\/uploads\/seki-2-e1718890069470.jpg\" \/>\n\t<meta property=\"og:image:width\" content=\"1200\" \/>\n\t<meta property=\"og:image:height\" content=\"421\" \/>\n\t<meta property=\"og:image:type\" content=\"image\/jpeg\" \/>\n<meta name=\"author\" content=\"elli\" \/>\n<meta name=\"twitter:card\" content=\"summary_large_image\" \/>\n<meta name=\"twitter:creator\" content=\"@elli\" \/>\n<script type=\"application\/ld+json\" class=\"yoast-schema-graph\">{\"@context\":\"https:\\\/\\\/schema.org\",\"@graph\":[{\"@type\":\"Article\",\"@id\":\"https:\\\/\\\/www.meydan.tv\\\/az\\\/article\\\/yagis-sekide-kend-yolunu-dagidib\\\/#article\",\"isPartOf\":{\"@id\":\"https:\\\/\\\/www.meydan.tv\\\/az\\\/article\\\/yagis-sekide-kend-yolunu-dagidib\\\/\"},\"author\":{\"name\":\"elli\",\"@id\":\"https:\\\/\\\/www.meydan.tv\\\/az\\\/#\\\/schema\\\/person\\\/9cdbecf90d17180ce1dfbd95b08dcf47\"},\"headline\":\"Ya\u011f\u0131\u015f \u015e\u0259kid\u0259 k\u0259nd yolunu da\u011f\u0131d\u0131b\",\"datePublished\":\"2024-06-20T13:28:34+00:00\",\"dateModified\":\"2024-06-20T13:28:37+00:00\",\"mainEntityOfPage\":{\"@id\":\"https:\\\/\\\/www.meydan.tv\\\/az\\\/article\\\/yagis-sekide-kend-yolunu-dagidib\\\/\"},\"wordCount\":454,\"publisher\":{\"@id\":\"https:\\\/\\\/www.meydan.tv\\\/az\\\/#organization\"},\"image\":{\"@id\":\"https:\\\/\\\/www.meydan.tv\\\/az\\\/article\\\/yagis-sekide-kend-yolunu-dagidib\\\/#primaryimage\"},\"thumbnailUrl\":\"https:\\\/\\\/www.meydan.tv\\\/wp-content\\\/uploads\\\/seki-2-e1718890069470.jpg\",\"articleSection\":[\"B\u00f6lg\u0259\",\"X\u0259b\u0259rl\u0259r\"],\"inLanguage\":\"az\"},{\"@type\":\"WebPage\",\"@id\":\"https:\\\/\\\/www.meydan.tv\\\/az\\\/article\\\/yagis-sekide-kend-yolunu-dagidib\\\/\",\"url\":\"https:\\\/\\\/www.meydan.tv\\\/az\\\/article\\\/yagis-sekide-kend-yolunu-dagidib\\\/\",\"name\":\"Ya\u011f\u0131\u015f \u015e\u0259kid\u0259 k\u0259nd yolunu da\u011f\u0131d\u0131b - MEYDAN.TV\",\"isPartOf\":{\"@id\":\"https:\\\/\\\/www.meydan.tv\\\/az\\\/#website\"},\"primaryImageOfPage\":{\"@id\":\"https:\\\/\\\/www.meydan.tv\\\/az\\\/article\\\/yagis-sekide-kend-yolunu-dagidib\\\/#primaryimage\"},\"image\":{\"@id\":\"https:\\\/\\\/www.meydan.tv\\\/az\\\/article\\\/yagis-sekide-kend-yolunu-dagidib\\\/#primaryimage\"},\"thumbnailUrl\":\"https:\\\/\\\/www.meydan.tv\\\/wp-content\\\/uploads\\\/seki-2-e1718890069470.jpg\",\"datePublished\":\"2024-06-20T13:28:34+00:00\",\"dateModified\":\"2024-06-20T13:28:37+00:00\",\"breadcrumb\":{\"@id\":\"https:\\\/\\\/www.meydan.tv\\\/az\\\/article\\\/yagis-sekide-kend-yolunu-dagidib\\\/#breadcrumb\"},\"inLanguage\":\"az\",\"potentialAction\":[{\"@type\":\"ReadAction\",\"target\":[\"https:\\\/\\\/www.meydan.tv\\\/az\\\/article\\\/yagis-sekide-kend-yolunu-dagidib\\\/\"]}]},{\"@type\":\"ImageObject\",\"inLanguage\":\"az\",\"@id\":\"https:\\\/\\\/www.meydan.tv\\\/az\\\/article\\\/yagis-sekide-kend-yolunu-dagidib\\\/#primaryimage\",\"url\":\"https:\\\/\\\/www.meydan.tv\\\/wp-content\\\/uploads\\\/seki-2-e1718890069470.jpg\",\"contentUrl\":\"https:\\\/\\\/www.meydan.tv\\\/wp-content\\\/uploads\\\/seki-2-e1718890069470.jpg\",\"width\":1200,\"height\":421,\"caption\":\"\u015e\u0259ki. Fotolar: Meydan TV\"},{\"@type\":\"BreadcrumbList\",\"@id\":\"https:\\\/\\\/www.meydan.tv\\\/az\\\/article\\\/yagis-sekide-kend-yolunu-dagidib\\\/#breadcrumb\",\"itemListElement\":[{\"@type\":\"ListItem\",\"position\":1,\"name\":\"Ana s\u0259hif\u0259\",\"item\":\"https:\\\/\\\/www.meydan.tv\\\/az\\\/\"},{\"@type\":\"ListItem\",\"position\":2,\"name\":\"B\u00f6lg\u0259\",\"item\":\"https:\\\/\\\/www.meydan.tv\\\/az\\\/section\\\/bolge\\\/\"},{\"@type\":\"ListItem\",\"position\":3,\"name\":\"Ya\u011f\u0131\u015f \u015e\u0259kid\u0259 k\u0259nd yolunu da\u011f\u0131d\u0131b\"}]},{\"@type\":\"WebSite\",\"@id\":\"https:\\\/\\\/www.meydan.tv\\\/az\\\/#website\",\"url\":\"https:\\\/\\\/www.meydan.tv\\\/az\\\/\",\"name\":\"MEYDAN.TV\",\"description\":\"Meydan TV Az\u0259rbaycan\u0131n media m\u0259kan\u0131ndak\u0131 alternativ s\u0259sidir\",\"publisher\":{\"@id\":\"https:\\\/\\\/www.meydan.tv\\\/az\\\/#organization\"},\"potentialAction\":[{\"@type\":\"SearchAction\",\"target\":{\"@type\":\"EntryPoint\",\"urlTemplate\":\"https:\\\/\\\/www.meydan.tv\\\/az\\\/?s={search_term_string}\"},\"query-input\":{\"@type\":\"PropertyValueSpecification\",\"valueRequired\":true,\"valueName\":\"search_term_string\"}}],\"inLanguage\":\"az\"},{\"@type\":\"Organization\",\"@id\":\"https:\\\/\\\/www.meydan.tv\\\/az\\\/#organization\",\"name\":\"Meydan TV\",\"url\":\"https:\\\/\\\/www.meydan.tv\\\/az\\\/\",\"logo\":{\"@type\":\"ImageObject\",\"inLanguage\":\"az\",\"@id\":\"https:\\\/\\\/www.meydan.tv\\\/az\\\/#\\\/schema\\\/logo\\\/image\\\/\",\"url\":\"https:\\\/\\\/www.meydan.tv\\\/wp-content\\\/uploads\\\/2021\\\/07\\\/meydan-logo.svg\",\"contentUrl\":\"https:\\\/\\\/www.meydan.tv\\\/wp-content\\\/uploads\\\/2021\\\/07\\\/meydan-logo.svg\",\"width\":195,\"height\":46,\"caption\":\"Meydan TV\"},\"image\":{\"@id\":\"https:\\\/\\\/www.meydan.tv\\\/az\\\/#\\\/schema\\\/logo\\\/image\\\/\"}},{\"@type\":\"Person\",\"@id\":\"https:\\\/\\\/www.meydan.tv\\\/az\\\/#\\\/schema\\\/person\\\/9cdbecf90d17180ce1dfbd95b08dcf47\",\"name\":\"elli\",\"sameAs\":[\"https:\\\/\\\/x.com\\\/elli\"]}]}<\/script>\n<!-- \/ Yoast SEO plugin. -->","yoast_head_json":{"title":"Ya\u011f\u0131\u015f \u015e\u0259kid\u0259 k\u0259nd yolunu da\u011f\u0131d\u0131b - MEYDAN.TV","robots":{"index":"index","follow":"follow","max-snippet":"max-snippet:-1","max-image-preview":"max-image-preview:large","max-video-preview":"max-video-preview:-1"},"canonical":"https:\/\/www.meydan.tv\/az\/article\/yagis-sekide-kend-yolunu-dagidib\/","og_locale":"az_AZ","og_type":"article","og_title":"Ya\u011f\u0131\u015f \u015e\u0259kid\u0259 k\u0259nd yolunu da\u011f\u0131d\u0131b - MEYDAN.TV","og_description":"\u201cN\u0130VA, UAZ-lar sanki \u00e7ay\u0131n i\u00e7i il\u0259 h\u0259r\u0259k\u0259t edirl\u0259r, da\u015f v\u0259 ... Davam\u0131","og_url":"https:\/\/www.meydan.tv\/az\/article\/yagis-sekide-kend-yolunu-dagidib\/","og_site_name":"MEYDAN.TV","article_published_time":"2024-06-20T13:28:34+00:00","article_modified_time":"2024-06-20T13:28:37+00:00","og_image":[{"width":1200,"height":421,"url":"https:\/\/www.meydan.tv\/wp-content\/uploads\/seki-2-e1718890069470.jpg","type":"image\/jpeg"}],"author":"elli","twitter_card":"summary_large_image","twitter_creator":"@elli","schema":{"@context":"https:\/\/schema.org","@graph":[{"@type":"Article","@id":"https:\/\/www.meydan.tv\/az\/article\/yagis-sekide-kend-yolunu-dagidib\/#article","isPartOf":{"@id":"https:\/\/www.meydan.tv\/az\/article\/yagis-sekide-kend-yolunu-dagidib\/"},"author":{"name":"elli","@id":"https:\/\/www.meydan.tv\/az\/#\/schema\/person\/9cdbecf90d17180ce1dfbd95b08dcf47"},"headline":"Ya\u011f\u0131\u015f \u015e\u0259kid\u0259 k\u0259nd yolunu da\u011f\u0131d\u0131b","datePublished":"2024-06-20T13:28:34+00:00","dateModified":"2024-06-20T13:28:37+00:00","mainEntityOfPage":{"@id":"https:\/\/www.meydan.tv\/az\/article\/yagis-sekide-kend-yolunu-dagidib\/"},"wordCount":454,"publisher":{"@id":"https:\/\/www.meydan.tv\/az\/#organization"},"image":{"@id":"https:\/\/www.meydan.tv\/az\/article\/yagis-sekide-kend-yolunu-dagidib\/#primaryimage"},"thumbnailUrl":"https:\/\/www.meydan.tv\/wp-content\/uploads\/seki-2-e1718890069470.jpg","articleSection":["B\u00f6lg\u0259","X\u0259b\u0259rl\u0259r"],"inLanguage":"az"},{"@type":"WebPage","@id":"https:\/\/www.meydan.tv\/az\/article\/yagis-sekide-kend-yolunu-dagidib\/","url":"https:\/\/www.meydan.tv\/az\/article\/yagis-sekide-kend-yolunu-dagidib\/","name":"Ya\u011f\u0131\u015f \u015e\u0259kid\u0259 k\u0259nd yolunu da\u011f\u0131d\u0131b - MEYDAN.TV","isPartOf":{"@id":"https:\/\/www.meydan.tv\/az\/#website"},"primaryImageOfPage":{"@id":"https:\/\/www.meydan.tv\/az\/article\/yagis-sekide-kend-yolunu-dagidib\/#primaryimage"},"image":{"@id":"https:\/\/www.meydan.tv\/az\/article\/yagis-sekide-kend-yolunu-dagidib\/#primaryimage"},"thumbnailUrl":"https:\/\/www.meydan.tv\/wp-content\/uploads\/seki-2-e1718890069470.jpg","datePublished":"2024-06-20T13:28:34+00:00","dateModified":"2024-06-20T13:28:37+00:00","breadcrumb":{"@id":"https:\/\/www.meydan.tv\/az\/article\/yagis-sekide-kend-yolunu-dagidib\/#breadcrumb"},"inLanguage":"az","potentialAction":[{"@type":"ReadAction","target":["https:\/\/www.meydan.tv\/az\/article\/yagis-sekide-kend-yolunu-dagidib\/"]}]},{"@type":"ImageObject","inLanguage":"az","@id":"https:\/\/www.meydan.tv\/az\/article\/yagis-sekide-kend-yolunu-dagidib\/#primaryimage","url":"https:\/\/www.meydan.tv\/wp-content\/uploads\/seki-2-e1718890069470.jpg","contentUrl":"https:\/\/www.meydan.tv\/wp-content\/uploads\/seki-2-e1718890069470.jpg","width":1200,"height":421,"caption":"\u015e\u0259ki. Fotolar: Meydan TV"},{"@type":"BreadcrumbList","@id":"https:\/\/www.meydan.tv\/az\/article\/yagis-sekide-kend-yolunu-dagidib\/#breadcrumb","itemListElement":[{"@type":"ListItem","position":1,"name":"Ana s\u0259hif\u0259","item":"https:\/\/www.meydan.tv\/az\/"},{"@type":"ListItem","position":2,"name":"B\u00f6lg\u0259","item":"https:\/\/www.meydan.tv\/az\/section\/bolge\/"},{"@type":"ListItem","position":3,"name":"Ya\u011f\u0131\u015f \u015e\u0259kid\u0259 k\u0259nd yolunu da\u011f\u0131d\u0131b"}]},{"@type":"WebSite","@id":"https:\/\/www.meydan.tv\/az\/#website","url":"https:\/\/www.meydan.tv\/az\/","name":"MEYDAN.TV","description":"Meydan TV Az\u0259rbaycan\u0131n media m\u0259kan\u0131ndak\u0131 alternativ s\u0259sidir","publisher":{"@id":"https:\/\/www.meydan.tv\/az\/#organization"},"potentialAction":[{"@type":"SearchAction","target":{"@type":"EntryPoint","urlTemplate":"https:\/\/www.meydan.tv\/az\/?s={search_term_string}"},"query-input":{"@type":"PropertyValueSpecification","valueRequired":true,"valueName":"search_term_string"}}],"inLanguage":"az"},{"@type":"Organization","@id":"https:\/\/www.meydan.tv\/az\/#organization","name":"Meydan TV","url":"https:\/\/www.meydan.tv\/az\/","logo":{"@type":"ImageObject","inLanguage":"az","@id":"https:\/\/www.meydan.tv\/az\/#\/schema\/logo\/image\/","url":"https:\/\/www.meydan.tv\/wp-content\/uploads\/2021\/07\/meydan-logo.svg","contentUrl":"https:\/\/www.meydan.tv\/wp-content\/uploads\/2021\/07\/meydan-logo.svg","width":195,"height":46,"caption":"Meydan TV"},"image":{"@id":"https:\/\/www.meydan.tv\/az\/#\/schema\/logo\/image\/"}},{"@type":"Person","@id":"https:\/\/www.meydan.tv\/az\/#\/schema\/person\/9cdbecf90d17180ce1dfbd95b08dcf47","name":"elli","sameAs":["https:\/\/x.com\/elli"]}]}},"_links":{"self":[{"href":"https:\/\/www.meydan.tv\/az\/wp-json\/wp\/v2\/posts\/308490","targetHints":{"allow":["GET"]}}],"collection":[{"href":"https:\/\/www.meydan.tv\/az\/wp-json\/wp\/v2\/posts"}],"about":[{"href":"https:\/\/www.meydan.tv\/az\/wp-json\/wp\/v2\/types\/post"}],"author":[{"embeddable":true,"href":"https:\/\/www.meydan.tv\/az\/wp-json\/wp\/v2\/users\/8"}],"replies":[{"embeddable":true,"href":"https:\/\/www.meydan.tv\/az\/wp-json\/wp\/v2\/comments?post=308490"}],"version-history":[{"count":3,"href":"https:\/\/www.meydan.tv\/az\/wp-json\/wp\/v2\/posts\/308490\/revisions"}],"predecessor-version":[{"id":308502,"href":"https:\/\/www.meydan.tv\/az\/wp-json\/wp\/v2\/posts\/308490\/revisions\/308502"}],"wp:featuredmedia":[{"embeddable":true,"href":"https:\/\/www.meydan.tv\/az\/wp-json\/wp\/v2\/media\/308494"}],"wp:attachment":[{"href":"https:\/\/www.meydan.tv\/az\/wp-json\/wp\/v2\/media?parent=308490"}],"wp:term":[{"taxonomy":"category","embeddable":true,"href":"https:\/\/www.meydan.tv\/az\/wp-json\/wp\/v2\/categories?post=308490"},{"taxonomy":"post_tag","embeddable":true,"href":"https:\/\/www.meydan.tv\/az\/wp-json\/wp\/v2\/tags?post=308490"}],"curies":[{"name":"wp","href":"https:\/\/api.w.org\/{rel}","templated":true}]}}