{"id":308479,"date":"2024-06-20T15:02:17","date_gmt":"2024-06-20T11:02:17","guid":{"rendered":"https:\/\/www.meydan.tv\/?p=308479"},"modified":"2024-06-20T15:02:19","modified_gmt":"2024-06-20T11:02:19","slug":"kliniki-tibbi-merkezin-sobe-mudiri-mehkeme-qarsisinda","status":"publish","type":"post","link":"https:\/\/www.meydan.tv\/az\/article\/kliniki-tibbi-merkezin-sobe-mudiri-mehkeme-qarsisinda\/","title":{"rendered":"Kliniki Tibbi M\u0259rk\u0259zin \u015f\u00f6b\u0259 m\u00fcdiri m\u0259hk\u0259m\u0259 qar\u015f\u0131s\u0131nda"},"content":{"rendered":"\n<p><\/p>\n\n\n\n<p><strong><em>Z\u0259r\u0259r\u00e7\u0259k\u0259n t\u0259r\u0259f h\u0259kimin \u0259mlak\u0131n\u0131n \u00fcz\u0259rin\u0259 h\u0259bs qoyulmas\u0131n\u0131 ist\u0259yir<\/em><\/strong><\/p>\n\n\n\n<p>Kliniki Tibbi M\u0259rk\u0259zin Toksikologiya \u015f\u00f6b\u0259sinin m\u00fcdiri Az\u0259r Maqsudovun m\u0259hk\u0259m\u0259si ba\u015flay\u0131b. O, az\u0259rbaycanl\u0131 alim, filologiya elml\u0259r doktoru Arif Acalo\u011flunun \u00f6l\u00fcm\u00fcyl\u0259 n\u0259tic\u0259l\u0259n\u0259n yol q\u0259zas\u0131 t\u00f6r\u0259tm\u0259kd\u0259 ittiham olunur. Hadis\u0259 2023-c\u00fc ilin noyabr\u0131nda ba\u015f verib.<\/p>\n\n\n\n<p>Az\u0259r Maqsudovun i\u015fin\u0259 Sabun\u00e7u Rayon M\u0259hk\u0259m\u0259sind\u0259 bax\u0131l\u0131r. \u0130yunun 20-d\u0259 hakim Anar Rzayevin s\u0259drliyil\u0259 ke\u00e7iril\u0259n ilkin haz\u0131rl\u0131q iclas\u0131nda t\u0259qsirl\u0259ndiril\u0259n h\u0259kimin anket m\u0259lumatlar\u0131 d\u0259qiql\u0259\u015fdirilib.<\/p>\n\n\n\n<p>Z\u0259r\u0259r\u00e7\u0259kmi\u015f t\u0259r\u0259fi t\u0259msil ed\u0259n v\u0259kill\u0259r Az\u0259r Maqsudova qar\u015f\u0131 400 min manatl\u0131q m\u00fclki iddia qald\u0131r\u0131blar. V\u0259kill\u0259r vur\u011fulay\u0131b ki, Arif Acalo\u011flunun \u00f6l\u00fcm\u00fc n\u0259tic\u0259sind\u0259 onun ail\u0259 \u00fczvl\u0259rin\u0259 h\u0259m maddi, h\u0259m d\u0259 m\u0259n\u0259vi ziyan d\u0259yib. Bu \u00fczd\u0259n d\u0259ymi\u015f ziyan\u0131n \u0259v\u0259zi olaraq, 400 min manat \u00f6d\u0259nilm\u0259sini t\u0259l\u0259b edirl\u0259r.<\/p>\n\n\n\n<p>Onlar h\u0259m\u00e7inin indid\u0259n Az\u0259r Maqsudovun \u0259mlaklar\u0131n\u0131n \u00fcz\u0259rin\u0259 h\u0259bs qoyulmas\u0131n\u0131 ist\u0259yibl\u0259r. Bu bar\u0259d\u0259 d\u0259 v\u0259sat\u0259t qald\u0131r\u0131blar.<\/p>\n\n\n\n<p>Hakim m\u00fclki iddian\u0131 icraata g\u00f6t\u00fcr\u00fcb. Bildirib ki, m\u00fclki iddian\u0131n t\u0259min olunub-olunmamas\u0131yla ba\u011fl\u0131 q\u0259rar m\u0259hk\u0259m\u0259nin sonunda veril\u0259c\u0259k.<\/p>\n\n\n\n<p>T\u0259qsirl\u0259ndiril\u0259n \u015f\u0259xsin \u0259mlaklar\u0131 \u00fcz\u0259rin\u0259 h\u0259bs qoyulmas\u0131 bar\u0259d\u0259 v\u0259sat\u0259t is\u0259 t\u0259min olunmay\u0131b.<br>Bu cinay\u0259t i\u015fi \u00fczr\u0259 m\u0259hk\u0259m\u0259 bax\u0131\u015f\u0131 iyulun 4-n\u0259 t\u0259yin edilib.<\/p>\n\n\n\n<p>Hadis\u0259 noyabr\u0131n 15-d\u0259 gec\u0259 saat 23.00 rad\u0259l\u0259rind\u0259 ba\u015f verib. Kliniki Tibbi M\u0259rk\u0259zin yayd\u0131\u011f\u0131 a\u00e7\u0131qlamada bildirilir ki, 1956-c\u0131 il t\u0259v\u0259ll\u00fcdl\u00fc Arif Acalo\u011flu y\u00fcks\u0259k s\u00fcr\u0259tli avtomobil yolunda Az\u0259r Maqsudovun idar\u0259 etdiyi \u201cMercedes\u201din qar\u015f\u0131s\u0131na q\u0259fil \u00e7\u0131x\u0131b v\u0259 n\u0259tic\u0259d\u0259 hadis\u0259 ba\u015f verib. <\/p>\n\n\n\n<p>Hadis\u0259d\u0259n d\u0259rhal sonra Az\u0259r Maqsudov Arif Acalo\u011flunu Sabun\u00e7u Rayon M\u0259rk\u0259zi X\u0259st\u0259xanas\u0131na apar\u0131b. H\u0259kiml\u0259rin s\u0259yin\u0259 baxmayaraq, onun h\u0259yat\u0131n\u0131 xilas etm\u0259k m\u00fcmk\u00fcn olmay\u0131b.<\/p>\n\n\n\n<p>Az\u0259r Maqsudova qar\u015f\u0131 Cinay\u0259t M\u0259c\u0259ll\u0259sinin 263.2-ci (Yol h\u0259r\u0259k\u0259ti v\u0259 n\u0259qliyyat vasit\u0259l\u0259rinin istismar\u0131 qaydalar\u0131n\u0131 pozma, ehtiyats\u0131zl\u0131qdan z\u0259r\u0259r\u00e7\u0259kmi\u015fin \u00f6l\u00fcm\u00fcn\u0259 s\u0259b\u0259b olduqda) madd\u0259si il\u0259 ittiham ir\u0259li s\u00fcr\u00fcl\u00fcb. O, h\u0259bsd\u0259 deyil, h\u0259m istintaq, h\u0259m d\u0259 m\u0259hk\u0259m\u0259 d\u00f6vr\u00fc \u00fc\u00e7\u00fcn h\u0259bsl\u0259 ba\u011fl\u0131 olmayan q\u0259timkan t\u0259dbiri se\u00e7ilib.<\/p>\n","protected":false},"excerpt":{"rendered":"<p>Z\u0259r\u0259r\u00e7\u0259k\u0259n t\u0259r\u0259f h\u0259kimin \u0259mlak\u0131n\u0131n \u00fcz\u0259rin\u0259 h\u0259bs qoyulmas\u0131n\u0131 ist\u0259yir Kliniki Tibbi &#8230; <\/p>\n<p class=\"read-more-container\"><a title=\"Kliniki Tibbi M\u0259rk\u0259zin \u015f\u00f6b\u0259 m\u00fcdiri m\u0259hk\u0259m\u0259 qar\u015f\u0131s\u0131nda\" class=\"read-more button\" href=\"https:\/\/www.meydan.tv\/az\/article\/kliniki-tibbi-merkezin-sobe-mudiri-mehkeme-qarsisinda\/#more-308479\" aria-label=\"Read more about Kliniki Tibbi M\u0259rk\u0259zin \u015f\u00f6b\u0259 m\u00fcdiri m\u0259hk\u0259m\u0259 qar\u015f\u0131s\u0131nda\">Davam\u0131<\/a><\/p>\n","protected":false},"author":8,"featured_media":74229,"comment_status":"closed","ping_status":"closed","sticky":false,"template":"","format":"standard","meta":{"_acf_changed":false,"_sitemap_exclude":false,"_sitemap_priority":"","_sitemap_frequency":"","footnotes":""},"categories":[62,56],"tags":[],"class_list":["post-308479","post","type-post","status-publish","format-standard","has-post-thumbnail","hentry","category-sosial","category-xeberler","infinite-scroll-item","generate-columns","tablet-grid-50","mobile-grid-100","grid-parent","grid-33","no-featured-image-padding"],"acf":[],"yoast_head":"<!-- This site is optimized with the Yoast SEO plugin v27.5 - https:\/\/yoast.com\/product\/yoast-seo-wordpress\/ -->\n<title>Kliniki Tibbi M\u0259rk\u0259zin \u015f\u00f6b\u0259 m\u00fcdiri m\u0259hk\u0259m\u0259 qar\u015f\u0131s\u0131nda - MEYDAN.TV<\/title>\n<meta name=\"robots\" content=\"index, follow, max-snippet:-1, max-image-preview:large, max-video-preview:-1\" \/>\n<link rel=\"canonical\" href=\"https:\/\/www.meydan.tv\/az\/article\/kliniki-tibbi-merkezin-sobe-mudiri-mehkeme-qarsisinda\/\" \/>\n<meta property=\"og:locale\" content=\"az_AZ\" \/>\n<meta property=\"og:type\" content=\"article\" \/>\n<meta property=\"og:title\" content=\"Kliniki Tibbi M\u0259rk\u0259zin \u015f\u00f6b\u0259 m\u00fcdiri m\u0259hk\u0259m\u0259 qar\u015f\u0131s\u0131nda - MEYDAN.TV\" \/>\n<meta property=\"og:description\" content=\"Z\u0259r\u0259r\u00e7\u0259k\u0259n t\u0259r\u0259f h\u0259kimin \u0259mlak\u0131n\u0131n \u00fcz\u0259rin\u0259 h\u0259bs qoyulmas\u0131n\u0131 ist\u0259yir Kliniki Tibbi ... Davam\u0131\" \/>\n<meta property=\"og:url\" content=\"https:\/\/www.meydan.tv\/az\/article\/kliniki-tibbi-merkezin-sobe-mudiri-mehkeme-qarsisinda\/\" \/>\n<meta property=\"og:site_name\" content=\"MEYDAN.TV\" \/>\n<meta property=\"article:published_time\" content=\"2024-06-20T11:02:17+00:00\" \/>\n<meta property=\"article:modified_time\" content=\"2024-06-20T11:02:19+00:00\" \/>\n<meta property=\"og:image\" content=\"https:\/\/www.meydan.tv\/wp-content\/uploads\/28661.jpg\" \/>\n\t<meta property=\"og:image:width\" content=\"1052\" \/>\n\t<meta property=\"og:image:height\" content=\"668\" \/>\n\t<meta property=\"og:image:type\" content=\"image\/jpeg\" \/>\n<meta name=\"author\" content=\"elli\" \/>\n<meta name=\"twitter:card\" content=\"summary_large_image\" \/>\n<meta name=\"twitter:creator\" content=\"@elli\" \/>\n<script type=\"application\/ld+json\" class=\"yoast-schema-graph\">{\"@context\":\"https:\\\/\\\/schema.org\",\"@graph\":[{\"@type\":\"Article\",\"@id\":\"https:\\\/\\\/www.meydan.tv\\\/az\\\/article\\\/kliniki-tibbi-merkezin-sobe-mudiri-mehkeme-qarsisinda\\\/#article\",\"isPartOf\":{\"@id\":\"https:\\\/\\\/www.meydan.tv\\\/az\\\/article\\\/kliniki-tibbi-merkezin-sobe-mudiri-mehkeme-qarsisinda\\\/\"},\"author\":{\"name\":\"elli\",\"@id\":\"https:\\\/\\\/www.meydan.tv\\\/az\\\/#\\\/schema\\\/person\\\/9cdbecf90d17180ce1dfbd95b08dcf47\"},\"headline\":\"Kliniki Tibbi M\u0259rk\u0259zin \u015f\u00f6b\u0259 m\u00fcdiri m\u0259hk\u0259m\u0259 qar\u015f\u0131s\u0131nda\",\"datePublished\":\"2024-06-20T11:02:17+00:00\",\"dateModified\":\"2024-06-20T11:02:19+00:00\",\"mainEntityOfPage\":{\"@id\":\"https:\\\/\\\/www.meydan.tv\\\/az\\\/article\\\/kliniki-tibbi-merkezin-sobe-mudiri-mehkeme-qarsisinda\\\/\"},\"wordCount\":488,\"publisher\":{\"@id\":\"https:\\\/\\\/www.meydan.tv\\\/az\\\/#organization\"},\"image\":{\"@id\":\"https:\\\/\\\/www.meydan.tv\\\/az\\\/article\\\/kliniki-tibbi-merkezin-sobe-mudiri-mehkeme-qarsisinda\\\/#primaryimage\"},\"thumbnailUrl\":\"https:\\\/\\\/www.meydan.tv\\\/wp-content\\\/uploads\\\/28661.jpg\",\"articleSection\":[\"Sosial\",\"X\u0259b\u0259rl\u0259r\"],\"inLanguage\":\"az\"},{\"@type\":\"WebPage\",\"@id\":\"https:\\\/\\\/www.meydan.tv\\\/az\\\/article\\\/kliniki-tibbi-merkezin-sobe-mudiri-mehkeme-qarsisinda\\\/\",\"url\":\"https:\\\/\\\/www.meydan.tv\\\/az\\\/article\\\/kliniki-tibbi-merkezin-sobe-mudiri-mehkeme-qarsisinda\\\/\",\"name\":\"Kliniki Tibbi M\u0259rk\u0259zin \u015f\u00f6b\u0259 m\u00fcdiri m\u0259hk\u0259m\u0259 qar\u015f\u0131s\u0131nda - MEYDAN.TV\",\"isPartOf\":{\"@id\":\"https:\\\/\\\/www.meydan.tv\\\/az\\\/#website\"},\"primaryImageOfPage\":{\"@id\":\"https:\\\/\\\/www.meydan.tv\\\/az\\\/article\\\/kliniki-tibbi-merkezin-sobe-mudiri-mehkeme-qarsisinda\\\/#primaryimage\"},\"image\":{\"@id\":\"https:\\\/\\\/www.meydan.tv\\\/az\\\/article\\\/kliniki-tibbi-merkezin-sobe-mudiri-mehkeme-qarsisinda\\\/#primaryimage\"},\"thumbnailUrl\":\"https:\\\/\\\/www.meydan.tv\\\/wp-content\\\/uploads\\\/28661.jpg\",\"datePublished\":\"2024-06-20T11:02:17+00:00\",\"dateModified\":\"2024-06-20T11:02:19+00:00\",\"breadcrumb\":{\"@id\":\"https:\\\/\\\/www.meydan.tv\\\/az\\\/article\\\/kliniki-tibbi-merkezin-sobe-mudiri-mehkeme-qarsisinda\\\/#breadcrumb\"},\"inLanguage\":\"az\",\"potentialAction\":[{\"@type\":\"ReadAction\",\"target\":[\"https:\\\/\\\/www.meydan.tv\\\/az\\\/article\\\/kliniki-tibbi-merkezin-sobe-mudiri-mehkeme-qarsisinda\\\/\"]}]},{\"@type\":\"ImageObject\",\"inLanguage\":\"az\",\"@id\":\"https:\\\/\\\/www.meydan.tv\\\/az\\\/article\\\/kliniki-tibbi-merkezin-sobe-mudiri-mehkeme-qarsisinda\\\/#primaryimage\",\"url\":\"https:\\\/\\\/www.meydan.tv\\\/wp-content\\\/uploads\\\/28661.jpg\",\"contentUrl\":\"https:\\\/\\\/www.meydan.tv\\\/wp-content\\\/uploads\\\/28661.jpg\",\"width\":1052,\"height\":668,\"caption\":\"Foto: arxiv\"},{\"@type\":\"BreadcrumbList\",\"@id\":\"https:\\\/\\\/www.meydan.tv\\\/az\\\/article\\\/kliniki-tibbi-merkezin-sobe-mudiri-mehkeme-qarsisinda\\\/#breadcrumb\",\"itemListElement\":[{\"@type\":\"ListItem\",\"position\":1,\"name\":\"Ana s\u0259hif\u0259\",\"item\":\"https:\\\/\\\/www.meydan.tv\\\/az\\\/\"},{\"@type\":\"ListItem\",\"position\":2,\"name\":\"Sosial\",\"item\":\"https:\\\/\\\/www.meydan.tv\\\/az\\\/section\\\/sosial\\\/\"},{\"@type\":\"ListItem\",\"position\":3,\"name\":\"Kliniki Tibbi M\u0259rk\u0259zin \u015f\u00f6b\u0259 m\u00fcdiri m\u0259hk\u0259m\u0259 qar\u015f\u0131s\u0131nda\"}]},{\"@type\":\"WebSite\",\"@id\":\"https:\\\/\\\/www.meydan.tv\\\/az\\\/#website\",\"url\":\"https:\\\/\\\/www.meydan.tv\\\/az\\\/\",\"name\":\"MEYDAN.TV\",\"description\":\"Meydan TV Az\u0259rbaycan\u0131n media m\u0259kan\u0131ndak\u0131 alternativ s\u0259sidir\",\"publisher\":{\"@id\":\"https:\\\/\\\/www.meydan.tv\\\/az\\\/#organization\"},\"potentialAction\":[{\"@type\":\"SearchAction\",\"target\":{\"@type\":\"EntryPoint\",\"urlTemplate\":\"https:\\\/\\\/www.meydan.tv\\\/az\\\/?s={search_term_string}\"},\"query-input\":{\"@type\":\"PropertyValueSpecification\",\"valueRequired\":true,\"valueName\":\"search_term_string\"}}],\"inLanguage\":\"az\"},{\"@type\":\"Organization\",\"@id\":\"https:\\\/\\\/www.meydan.tv\\\/az\\\/#organization\",\"name\":\"Meydan TV\",\"url\":\"https:\\\/\\\/www.meydan.tv\\\/az\\\/\",\"logo\":{\"@type\":\"ImageObject\",\"inLanguage\":\"az\",\"@id\":\"https:\\\/\\\/www.meydan.tv\\\/az\\\/#\\\/schema\\\/logo\\\/image\\\/\",\"url\":\"https:\\\/\\\/www.meydan.tv\\\/wp-content\\\/uploads\\\/2021\\\/07\\\/meydan-logo.svg\",\"contentUrl\":\"https:\\\/\\\/www.meydan.tv\\\/wp-content\\\/uploads\\\/2021\\\/07\\\/meydan-logo.svg\",\"width\":195,\"height\":46,\"caption\":\"Meydan TV\"},\"image\":{\"@id\":\"https:\\\/\\\/www.meydan.tv\\\/az\\\/#\\\/schema\\\/logo\\\/image\\\/\"}},{\"@type\":\"Person\",\"@id\":\"https:\\\/\\\/www.meydan.tv\\\/az\\\/#\\\/schema\\\/person\\\/9cdbecf90d17180ce1dfbd95b08dcf47\",\"name\":\"elli\",\"sameAs\":[\"https:\\\/\\\/x.com\\\/elli\"]}]}<\/script>\n<!-- \/ Yoast SEO plugin. -->","yoast_head_json":{"title":"Kliniki Tibbi M\u0259rk\u0259zin \u015f\u00f6b\u0259 m\u00fcdiri m\u0259hk\u0259m\u0259 qar\u015f\u0131s\u0131nda - MEYDAN.TV","robots":{"index":"index","follow":"follow","max-snippet":"max-snippet:-1","max-image-preview":"max-image-preview:large","max-video-preview":"max-video-preview:-1"},"canonical":"https:\/\/www.meydan.tv\/az\/article\/kliniki-tibbi-merkezin-sobe-mudiri-mehkeme-qarsisinda\/","og_locale":"az_AZ","og_type":"article","og_title":"Kliniki Tibbi M\u0259rk\u0259zin \u015f\u00f6b\u0259 m\u00fcdiri m\u0259hk\u0259m\u0259 qar\u015f\u0131s\u0131nda - MEYDAN.TV","og_description":"Z\u0259r\u0259r\u00e7\u0259k\u0259n t\u0259r\u0259f h\u0259kimin \u0259mlak\u0131n\u0131n \u00fcz\u0259rin\u0259 h\u0259bs qoyulmas\u0131n\u0131 ist\u0259yir Kliniki Tibbi ... Davam\u0131","og_url":"https:\/\/www.meydan.tv\/az\/article\/kliniki-tibbi-merkezin-sobe-mudiri-mehkeme-qarsisinda\/","og_site_name":"MEYDAN.TV","article_published_time":"2024-06-20T11:02:17+00:00","article_modified_time":"2024-06-20T11:02:19+00:00","og_image":[{"width":1052,"height":668,"url":"https:\/\/www.meydan.tv\/wp-content\/uploads\/28661.jpg","type":"image\/jpeg"}],"author":"elli","twitter_card":"summary_large_image","twitter_creator":"@elli","schema":{"@context":"https:\/\/schema.org","@graph":[{"@type":"Article","@id":"https:\/\/www.meydan.tv\/az\/article\/kliniki-tibbi-merkezin-sobe-mudiri-mehkeme-qarsisinda\/#article","isPartOf":{"@id":"https:\/\/www.meydan.tv\/az\/article\/kliniki-tibbi-merkezin-sobe-mudiri-mehkeme-qarsisinda\/"},"author":{"name":"elli","@id":"https:\/\/www.meydan.tv\/az\/#\/schema\/person\/9cdbecf90d17180ce1dfbd95b08dcf47"},"headline":"Kliniki Tibbi M\u0259rk\u0259zin \u015f\u00f6b\u0259 m\u00fcdiri m\u0259hk\u0259m\u0259 qar\u015f\u0131s\u0131nda","datePublished":"2024-06-20T11:02:17+00:00","dateModified":"2024-06-20T11:02:19+00:00","mainEntityOfPage":{"@id":"https:\/\/www.meydan.tv\/az\/article\/kliniki-tibbi-merkezin-sobe-mudiri-mehkeme-qarsisinda\/"},"wordCount":488,"publisher":{"@id":"https:\/\/www.meydan.tv\/az\/#organization"},"image":{"@id":"https:\/\/www.meydan.tv\/az\/article\/kliniki-tibbi-merkezin-sobe-mudiri-mehkeme-qarsisinda\/#primaryimage"},"thumbnailUrl":"https:\/\/www.meydan.tv\/wp-content\/uploads\/28661.jpg","articleSection":["Sosial","X\u0259b\u0259rl\u0259r"],"inLanguage":"az"},{"@type":"WebPage","@id":"https:\/\/www.meydan.tv\/az\/article\/kliniki-tibbi-merkezin-sobe-mudiri-mehkeme-qarsisinda\/","url":"https:\/\/www.meydan.tv\/az\/article\/kliniki-tibbi-merkezin-sobe-mudiri-mehkeme-qarsisinda\/","name":"Kliniki Tibbi M\u0259rk\u0259zin \u015f\u00f6b\u0259 m\u00fcdiri m\u0259hk\u0259m\u0259 qar\u015f\u0131s\u0131nda - MEYDAN.TV","isPartOf":{"@id":"https:\/\/www.meydan.tv\/az\/#website"},"primaryImageOfPage":{"@id":"https:\/\/www.meydan.tv\/az\/article\/kliniki-tibbi-merkezin-sobe-mudiri-mehkeme-qarsisinda\/#primaryimage"},"image":{"@id":"https:\/\/www.meydan.tv\/az\/article\/kliniki-tibbi-merkezin-sobe-mudiri-mehkeme-qarsisinda\/#primaryimage"},"thumbnailUrl":"https:\/\/www.meydan.tv\/wp-content\/uploads\/28661.jpg","datePublished":"2024-06-20T11:02:17+00:00","dateModified":"2024-06-20T11:02:19+00:00","breadcrumb":{"@id":"https:\/\/www.meydan.tv\/az\/article\/kliniki-tibbi-merkezin-sobe-mudiri-mehkeme-qarsisinda\/#breadcrumb"},"inLanguage":"az","potentialAction":[{"@type":"ReadAction","target":["https:\/\/www.meydan.tv\/az\/article\/kliniki-tibbi-merkezin-sobe-mudiri-mehkeme-qarsisinda\/"]}]},{"@type":"ImageObject","inLanguage":"az","@id":"https:\/\/www.meydan.tv\/az\/article\/kliniki-tibbi-merkezin-sobe-mudiri-mehkeme-qarsisinda\/#primaryimage","url":"https:\/\/www.meydan.tv\/wp-content\/uploads\/28661.jpg","contentUrl":"https:\/\/www.meydan.tv\/wp-content\/uploads\/28661.jpg","width":1052,"height":668,"caption":"Foto: arxiv"},{"@type":"BreadcrumbList","@id":"https:\/\/www.meydan.tv\/az\/article\/kliniki-tibbi-merkezin-sobe-mudiri-mehkeme-qarsisinda\/#breadcrumb","itemListElement":[{"@type":"ListItem","position":1,"name":"Ana s\u0259hif\u0259","item":"https:\/\/www.meydan.tv\/az\/"},{"@type":"ListItem","position":2,"name":"Sosial","item":"https:\/\/www.meydan.tv\/az\/section\/sosial\/"},{"@type":"ListItem","position":3,"name":"Kliniki Tibbi M\u0259rk\u0259zin \u015f\u00f6b\u0259 m\u00fcdiri m\u0259hk\u0259m\u0259 qar\u015f\u0131s\u0131nda"}]},{"@type":"WebSite","@id":"https:\/\/www.meydan.tv\/az\/#website","url":"https:\/\/www.meydan.tv\/az\/","name":"MEYDAN.TV","description":"Meydan TV Az\u0259rbaycan\u0131n media m\u0259kan\u0131ndak\u0131 alternativ s\u0259sidir","publisher":{"@id":"https:\/\/www.meydan.tv\/az\/#organization"},"potentialAction":[{"@type":"SearchAction","target":{"@type":"EntryPoint","urlTemplate":"https:\/\/www.meydan.tv\/az\/?s={search_term_string}"},"query-input":{"@type":"PropertyValueSpecification","valueRequired":true,"valueName":"search_term_string"}}],"inLanguage":"az"},{"@type":"Organization","@id":"https:\/\/www.meydan.tv\/az\/#organization","name":"Meydan TV","url":"https:\/\/www.meydan.tv\/az\/","logo":{"@type":"ImageObject","inLanguage":"az","@id":"https:\/\/www.meydan.tv\/az\/#\/schema\/logo\/image\/","url":"https:\/\/www.meydan.tv\/wp-content\/uploads\/2021\/07\/meydan-logo.svg","contentUrl":"https:\/\/www.meydan.tv\/wp-content\/uploads\/2021\/07\/meydan-logo.svg","width":195,"height":46,"caption":"Meydan TV"},"image":{"@id":"https:\/\/www.meydan.tv\/az\/#\/schema\/logo\/image\/"}},{"@type":"Person","@id":"https:\/\/www.meydan.tv\/az\/#\/schema\/person\/9cdbecf90d17180ce1dfbd95b08dcf47","name":"elli","sameAs":["https:\/\/x.com\/elli"]}]}},"_links":{"self":[{"href":"https:\/\/www.meydan.tv\/az\/wp-json\/wp\/v2\/posts\/308479","targetHints":{"allow":["GET"]}}],"collection":[{"href":"https:\/\/www.meydan.tv\/az\/wp-json\/wp\/v2\/posts"}],"about":[{"href":"https:\/\/www.meydan.tv\/az\/wp-json\/wp\/v2\/types\/post"}],"author":[{"embeddable":true,"href":"https:\/\/www.meydan.tv\/az\/wp-json\/wp\/v2\/users\/8"}],"replies":[{"embeddable":true,"href":"https:\/\/www.meydan.tv\/az\/wp-json\/wp\/v2\/comments?post=308479"}],"version-history":[{"count":3,"href":"https:\/\/www.meydan.tv\/az\/wp-json\/wp\/v2\/posts\/308479\/revisions"}],"predecessor-version":[{"id":308484,"href":"https:\/\/www.meydan.tv\/az\/wp-json\/wp\/v2\/posts\/308479\/revisions\/308484"}],"wp:featuredmedia":[{"embeddable":true,"href":"https:\/\/www.meydan.tv\/az\/wp-json\/wp\/v2\/media\/74229"}],"wp:attachment":[{"href":"https:\/\/www.meydan.tv\/az\/wp-json\/wp\/v2\/media?parent=308479"}],"wp:term":[{"taxonomy":"category","embeddable":true,"href":"https:\/\/www.meydan.tv\/az\/wp-json\/wp\/v2\/categories?post=308479"},{"taxonomy":"post_tag","embeddable":true,"href":"https:\/\/www.meydan.tv\/az\/wp-json\/wp\/v2\/tags?post=308479"}],"curies":[{"name":"wp","href":"https:\/\/api.w.org\/{rel}","templated":true}]}}