{"id":308458,"date":"2024-06-20T13:18:46","date_gmt":"2024-06-20T09:18:46","guid":{"rendered":"https:\/\/www.meydan.tv\/?p=308458"},"modified":"2024-06-20T13:18:49","modified_gmt":"2024-06-20T09:18:49","slug":"azerbaycan-hokumeti-bu-defe-vekile-tezminat-odeyecek","status":"publish","type":"post","link":"https:\/\/www.meydan.tv\/az\/article\/azerbaycan-hokumeti-bu-defe-vekile-tezminat-odeyecek\/","title":{"rendered":"Az\u0259rbaycan h\u00f6kum\u0259ti bu d\u0259f\u0259 v\u0259kil\u0259 t\u0259zminat \u00f6d\u0259y\u0259c\u0259k"},"content":{"rendered":"\n<p class=\"wp-block-paragraph\"><\/p>\n\n\n\n<p class=\"wp-block-paragraph\"><em><strong>Avropa M\u0259hk\u0259m\u0259si \u201cFariz Namazl\u0131 Az\u0259rbaycana qar\u015f\u0131\u201d i\u015fi il\u0259 ba\u011fl\u0131 q\u0259rar\u0131n\u0131 a\u00e7\u0131qlay\u0131b<\/strong><\/em><\/p>\n\n\n\n<p class=\"wp-block-paragraph\">Avropa \u0130nsan H\u00fcquqlar\u0131 M\u0259hk\u0259m\u0259si (A\u0130HM) iyunun 20-d\u0259 Az\u0259rbaycanla ba\u011fl\u0131 daha bir q\u0259rar\u0131n\u0131 elan edib.<\/p>\n\n\n\n<p class=\"wp-block-paragraph\">M\u0259hk\u0259m\u0259 iddia olunan pozuntular\u0131n \u0259ks\u0259riyy\u0259tini <a href=\"https:\/\/aihmaz.org\/avropa-m%c9%99hk%c9%99m%c9%99si-v%c9%99kilin-h%c9%99bsxanada-yoxlanmasi-uz%c9%99rind%c9%99n-yazismalarin-goturulm%c9%99si-s%c9%99xsi-h%c9%99yata-horm%c9%99t-huququnu-pozur\/\">tan\u0131y\u0131b<\/a>.<\/p>\n\n\n\n<p class=\"wp-block-paragraph\">\u201c<strong>Fariz Namazl\u0131 Az\u0259rbaycana qar\u015f\u0131<\/strong>\u201d &#8211; i\u015find\u0259 \u0259riz\u0259\u00e7i h\u00fcquq\u015f\u00fcnasd\u0131r, v\u0259kil kimi \u00e7al\u0131\u015f\u0131r. \u015eikay\u0259ti h\u0259bsxana r\u0259hb\u0259rliyinin onun \u015f\u0259xsi h\u0259yat\u0131na v\u0259 \u00f6z\u0259l yaz\u0131\u015fmalar\u0131na h\u00f6rm\u0259t h\u00fcququna m\u00fcdaxil\u0259 etm\u0259si il\u0259 ba\u011fl\u0131d\u0131r.<\/p>\n\n\n\n<p class=\"wp-block-paragraph\">2018-ci ilin avqustunda o, Avropa M\u0259hk\u0259m\u0259sind\u0259ki i\u015fini m\u00fczakir\u0259 etm\u0259k \u00fc\u00e7\u00fcn m\u00fcv\u0259kkili \u018f.H.-nin h\u0259bsd\u0259 oldu\u011fu Qobustan h\u0259bsxanas\u0131na gedib. \u018friz\u0259\u00e7i iddia edib ki, m\u00fcv\u0259kkili il\u0259 g\u00f6r\u00fc\u015f\u0259 icaz\u0259 verilm\u0259zd\u0259n \u0259vv\u0259l onun \u00fcz\u0259rind\u0259 axtar\u0131\u015f apar\u0131l\u0131b, s\u0259n\u0259dl\u0259ri yoxlan\u0131l\u0131b. H\u0259bsxanan\u0131 t\u0259rk ed\u0259nd\u0259 \u0259riz\u0259\u00e7inin \u00fcz\u0259rind\u0259 yenid\u0259n axtar\u0131\u015f apar\u0131l\u0131b. \u0130ddias\u0131na g\u00f6r\u0259, m\u00fcv\u0259kkilinin ona verdiyi yaz\u0131l\u0131 izahat m\u00fchafiz\u0259\u00e7il\u0259r t\u0259r\u0259find\u0259n g\u00f6t\u00fcr\u00fcl\u00fcb v\u0259 ona qaytar\u0131lmay\u0131b.<\/p>\n\n\n<div class=\"wp-block-image\">\n<figure class=\"alignleft size-full is-resized\"><img loading=\"lazy\" decoding=\"async\" width=\"987\" height=\"555\" src=\"https:\/\/www.meydan.tv\/wp-content\/uploads\/24969.jpg\" alt=\"Fariz Namazl\u0131\" class=\"wp-image-65208\" style=\"width:343px;height:auto\"\/><figcaption class=\"wp-element-caption\">Foto: Fariz Namazl\u0131n\u0131n \u015f\u0259xsi arxivind\u0259n<\/figcaption><\/figure>\n<\/div>\n\n\n<p class=\"wp-block-paragraph\">\u018friz\u0259\u00e7i Konvensiyan\u0131n 6-c\u0131 (\u0259dal\u0259tli m\u0259hk\u0259m\u0259 ara\u015fd\u0131rmas\u0131 h\u00fcququ), 8-ci (\u015f\u0259xsi v\u0259 ail\u0259 h\u0259yat\u0131na h\u00f6rm\u0259t h\u00fcququ) v\u0259 13-c\u00fc (effektiv h\u00fcquqi m\u00fcdafi\u0259 h\u00fcququ) madd\u0259l\u0259rin\u0259 \u0259saslanaraq, \u00fcz\u0259rind\u0259 axtar\u0131\u015f apar\u0131lmas\u0131n\u0131n, x\u00fcsusil\u0259, s\u0259n\u0259dl\u0259rinin yoxlan\u0131lmas\u0131n\u0131n, g\u00f6t\u00fcr\u00fclm\u0259sinin qanunsuzlu\u011fundan v\u0259 milli m\u0259hk\u0259m\u0259l\u0259rin onun \u015fikay\u0259tl\u0259rini mahiyy\u0259ti \u00fczr\u0259 ara\u015fd\u0131rmamas\u0131ndan \u015fikay\u0259t edib.<\/p>\n\n\n\n<p class=\"wp-block-paragraph\">A\u0130HM i\u015fd\u0259 \u015f\u0259xsi h\u0259yata h\u00f6rm\u0259t h\u00fcququnun pozuntusunu tan\u0131y\u0131b, dig\u0259r pozuntu iddialar\u0131n\u0131 ara\u015fd\u0131rma\u011fa ehtiyac g\u00f6rm\u0259yib. Q\u0259rara \u0259sas\u0259n, h\u00f6kum\u0259t v\u0259kil\u0259 4,539 avro m\u0259n\u0259vi z\u0259r\u0259r, x\u0259rc v\u0259 m\u0259sr\u0259f \u0259v\u0259zi \u00f6d\u0259m\u0259lidir.<\/p>\n","protected":false},"excerpt":{"rendered":"<p>Avropa M\u0259hk\u0259m\u0259si \u201cFariz Namazl\u0131 Az\u0259rbaycana qar\u015f\u0131\u201d i\u015fi il\u0259 ba\u011fl\u0131 q\u0259rar\u0131n\u0131 &#8230; <\/p>\n<p class=\"read-more-container\"><a title=\"Az\u0259rbaycan h\u00f6kum\u0259ti bu d\u0259f\u0259 v\u0259kil\u0259 t\u0259zminat \u00f6d\u0259y\u0259c\u0259k\" class=\"read-more button\" href=\"https:\/\/www.meydan.tv\/az\/article\/azerbaycan-hokumeti-bu-defe-vekile-tezminat-odeyecek\/#more-308458\" aria-label=\"Read more about Az\u0259rbaycan h\u00f6kum\u0259ti bu d\u0259f\u0259 v\u0259kil\u0259 t\u0259zminat \u00f6d\u0259y\u0259c\u0259k\">Davam\u0131<\/a><\/p>\n","protected":false},"author":8,"featured_media":227177,"comment_status":"closed","ping_status":"closed","sticky":false,"template":"","format":"standard","meta":{"_acf_changed":false,"_sitemap_exclude":false,"_sitemap_priority":"","_sitemap_frequency":"","footnotes":""},"categories":[59,56],"tags":[],"class_list":["post-308458","post","type-post","status-publish","format-standard","has-post-thumbnail","hentry","category-siyaset","category-xeberler","infinite-scroll-item","generate-columns","tablet-grid-50","mobile-grid-100","grid-parent","grid-33","no-featured-image-padding"],"acf":[],"yoast_head":"<!-- This site is optimized with the Yoast SEO plugin v28.4 - https:\/\/yoast.com\/product\/yoast-seo-wordpress\/ -->\n<title>Az\u0259rbaycan h\u00f6kum\u0259ti bu d\u0259f\u0259 v\u0259kil\u0259 t\u0259zminat \u00f6d\u0259y\u0259c\u0259k - MEYDAN.TV<\/title>\n<meta name=\"robots\" content=\"index, follow, max-snippet:-1, max-image-preview:large, max-video-preview:-1\" \/>\n<link rel=\"canonical\" href=\"https:\/\/www.meydan.tv\/az\/article\/azerbaycan-hokumeti-bu-defe-vekile-tezminat-odeyecek\/\" \/>\n<meta property=\"og:locale\" content=\"az_AZ\" \/>\n<meta property=\"og:type\" content=\"article\" \/>\n<meta property=\"og:title\" content=\"Az\u0259rbaycan h\u00f6kum\u0259ti bu d\u0259f\u0259 v\u0259kil\u0259 t\u0259zminat \u00f6d\u0259y\u0259c\u0259k - MEYDAN.TV\" \/>\n<meta property=\"og:description\" content=\"Avropa M\u0259hk\u0259m\u0259si \u201cFariz Namazl\u0131 Az\u0259rbaycana qar\u015f\u0131\u201d i\u015fi il\u0259 ba\u011fl\u0131 q\u0259rar\u0131n\u0131 ... Davam\u0131\" \/>\n<meta property=\"og:url\" content=\"https:\/\/www.meydan.tv\/az\/article\/azerbaycan-hokumeti-bu-defe-vekile-tezminat-odeyecek\/\" \/>\n<meta property=\"og:site_name\" content=\"MEYDAN.TV\" \/>\n<meta property=\"article:published_time\" content=\"2024-06-20T09:18:46+00:00\" \/>\n<meta property=\"article:modified_time\" content=\"2024-06-20T09:18:49+00:00\" \/>\n<meta property=\"og:image\" content=\"https:\/\/www.meydan.tv\/wp-content\/uploads\/shutterstock_261407981.jpg\" \/>\n\t<meta property=\"og:image:width\" content=\"1200\" \/>\n\t<meta property=\"og:image:height\" content=\"798\" \/>\n\t<meta property=\"og:image:type\" content=\"image\/jpeg\" \/>\n<meta name=\"twitter:card\" content=\"summary_large_image\" \/>\n<meta name=\"twitter:creator\" content=\"@elli\" \/>\n<!-- \/ Yoast SEO plugin. -->","yoast_head_json":{"title":"Az\u0259rbaycan h\u00f6kum\u0259ti bu d\u0259f\u0259 v\u0259kil\u0259 t\u0259zminat \u00f6d\u0259y\u0259c\u0259k - MEYDAN.TV","robots":{"index":"index","follow":"follow","max-snippet":"max-snippet:-1","max-image-preview":"max-image-preview:large","max-video-preview":"max-video-preview:-1"},"canonical":"https:\/\/www.meydan.tv\/az\/article\/azerbaycan-hokumeti-bu-defe-vekile-tezminat-odeyecek\/","og_locale":"az_AZ","og_type":"article","og_title":"Az\u0259rbaycan h\u00f6kum\u0259ti bu d\u0259f\u0259 v\u0259kil\u0259 t\u0259zminat \u00f6d\u0259y\u0259c\u0259k - MEYDAN.TV","og_description":"Avropa M\u0259hk\u0259m\u0259si \u201cFariz Namazl\u0131 Az\u0259rbaycana qar\u015f\u0131\u201d i\u015fi il\u0259 ba\u011fl\u0131 q\u0259rar\u0131n\u0131 ... Davam\u0131","og_url":"https:\/\/www.meydan.tv\/az\/article\/azerbaycan-hokumeti-bu-defe-vekile-tezminat-odeyecek\/","og_site_name":"MEYDAN.TV","article_published_time":"2024-06-20T09:18:46+00:00","article_modified_time":"2024-06-20T09:18:49+00:00","og_image":[{"width":1200,"height":798,"url":"https:\/\/www.meydan.tv\/wp-content\/uploads\/shutterstock_261407981.jpg","type":"image\/jpeg"}],"twitter_card":"summary_large_image","twitter_creator":"@elli","schema":{"@context":"https:\/\/schema.org","@graph":[{"@type":"Article","@id":"https:\/\/www.meydan.tv\/az\/article\/azerbaycan-hokumeti-bu-defe-vekile-tezminat-odeyecek\/#article","isPartOf":{"@id":"https:\/\/www.meydan.tv\/az\/article\/azerbaycan-hokumeti-bu-defe-vekile-tezminat-odeyecek\/"},"author":{"name":"elli","@id":"https:\/\/www.meydan.tv\/az\/#\/schema\/person\/9cdbecf90d17180ce1dfbd95b08dcf47"},"headline":"Az\u0259rbaycan h\u00f6kum\u0259ti bu d\u0259f\u0259 v\u0259kil\u0259 t\u0259zminat \u00f6d\u0259y\u0259c\u0259k","datePublished":"2024-06-20T09:18:46+00:00","dateModified":"2024-06-20T09:18:49+00:00","mainEntityOfPage":{"@id":"https:\/\/www.meydan.tv\/az\/article\/azerbaycan-hokumeti-bu-defe-vekile-tezminat-odeyecek\/"},"wordCount":381,"publisher":{"@id":"https:\/\/www.meydan.tv\/az\/#organization"},"image":{"@id":"https:\/\/www.meydan.tv\/az\/article\/azerbaycan-hokumeti-bu-defe-vekile-tezminat-odeyecek\/#primaryimage"},"thumbnailUrl":"https:\/\/www.meydan.tv\/wp-content\/uploads\/shutterstock_261407981.jpg","articleSection":["Siyas\u0259t","X\u0259b\u0259rl\u0259r"],"inLanguage":"az"},{"@type":"WebPage","@id":"https:\/\/www.meydan.tv\/az\/article\/azerbaycan-hokumeti-bu-defe-vekile-tezminat-odeyecek\/","url":"https:\/\/www.meydan.tv\/az\/article\/azerbaycan-hokumeti-bu-defe-vekile-tezminat-odeyecek\/","name":"Az\u0259rbaycan h\u00f6kum\u0259ti bu d\u0259f\u0259 v\u0259kil\u0259 t\u0259zminat \u00f6d\u0259y\u0259c\u0259k - MEYDAN.TV","isPartOf":{"@id":"https:\/\/www.meydan.tv\/az\/#website"},"primaryImageOfPage":{"@id":"https:\/\/www.meydan.tv\/az\/article\/azerbaycan-hokumeti-bu-defe-vekile-tezminat-odeyecek\/#primaryimage"},"image":{"@id":"https:\/\/www.meydan.tv\/az\/article\/azerbaycan-hokumeti-bu-defe-vekile-tezminat-odeyecek\/#primaryimage"},"thumbnailUrl":"https:\/\/www.meydan.tv\/wp-content\/uploads\/shutterstock_261407981.jpg","datePublished":"2024-06-20T09:18:46+00:00","dateModified":"2024-06-20T09:18:49+00:00","breadcrumb":{"@id":"https:\/\/www.meydan.tv\/az\/article\/azerbaycan-hokumeti-bu-defe-vekile-tezminat-odeyecek\/#breadcrumb"},"inLanguage":"az","potentialAction":[{"@type":"ReadAction","target":["https:\/\/www.meydan.tv\/az\/article\/azerbaycan-hokumeti-bu-defe-vekile-tezminat-odeyecek\/"]}]},{"@type":"ImageObject","inLanguage":"az","@id":"https:\/\/www.meydan.tv\/az\/article\/azerbaycan-hokumeti-bu-defe-vekile-tezminat-odeyecek\/#primaryimage","url":"https:\/\/www.meydan.tv\/wp-content\/uploads\/shutterstock_261407981.jpg","contentUrl":"https:\/\/www.meydan.tv\/wp-content\/uploads\/shutterstock_261407981.jpg","width":1200,"height":798,"caption":"Avropa M\u0259hk\u0259m\u0259si, Foto: By symbiot\/Shutterstock"},{"@type":"BreadcrumbList","@id":"https:\/\/www.meydan.tv\/az\/article\/azerbaycan-hokumeti-bu-defe-vekile-tezminat-odeyecek\/#breadcrumb","itemListElement":[{"@type":"ListItem","position":1,"name":"Ana s\u0259hif\u0259","item":"https:\/\/www.meydan.tv\/az\/"},{"@type":"ListItem","position":2,"name":"Siyas\u0259t","item":"https:\/\/www.meydan.tv\/az\/section\/siyaset\/"},{"@type":"ListItem","position":3,"name":"Az\u0259rbaycan h\u00f6kum\u0259ti bu d\u0259f\u0259 v\u0259kil\u0259 t\u0259zminat \u00f6d\u0259y\u0259c\u0259k"}]},{"@type":"WebSite","@id":"https:\/\/www.meydan.tv\/az\/#website","url":"https:\/\/www.meydan.tv\/az\/","name":"MEYDAN.TV","description":"Meydan TV Az\u0259rbaycan\u0131n media m\u0259kan\u0131ndak\u0131 alternativ s\u0259sidir","publisher":{"@id":"https:\/\/www.meydan.tv\/az\/#organization"},"potentialAction":[{"@type":"SearchAction","target":{"@type":"EntryPoint","urlTemplate":"https:\/\/www.meydan.tv\/az\/?s={search_term_string}"},"query-input":{"@type":"PropertyValueSpecification","valueRequired":true,"valueName":"search_term_string"}}],"inLanguage":"az"},{"@type":"Organization","@id":"https:\/\/www.meydan.tv\/az\/#organization","name":"Meydan TV","url":"https:\/\/www.meydan.tv\/az\/","logo":{"@type":"ImageObject","inLanguage":"az","@id":"https:\/\/www.meydan.tv\/az\/#\/schema\/logo\/image\/","url":"https:\/\/www.meydan.tv\/wp-content\/uploads\/2021\/07\/meydan-logo.svg","contentUrl":"https:\/\/www.meydan.tv\/wp-content\/uploads\/2021\/07\/meydan-logo.svg","width":195,"height":46,"caption":"Meydan TV"},"image":{"@id":"https:\/\/www.meydan.tv\/az\/#\/schema\/logo\/image\/"}},{"@type":"Person","@id":"https:\/\/www.meydan.tv\/az\/#\/schema\/person\/9cdbecf90d17180ce1dfbd95b08dcf47","name":"elli","sameAs":["https:\/\/x.com\/elli"]}]}},"_links":{"self":[{"href":"https:\/\/www.meydan.tv\/az\/wp-json\/wp\/v2\/posts\/308458","targetHints":{"allow":["GET"]}}],"collection":[{"href":"https:\/\/www.meydan.tv\/az\/wp-json\/wp\/v2\/posts"}],"about":[{"href":"https:\/\/www.meydan.tv\/az\/wp-json\/wp\/v2\/types\/post"}],"author":[{"embeddable":true,"href":"https:\/\/www.meydan.tv\/az\/wp-json\/wp\/v2\/users\/8"}],"replies":[{"embeddable":true,"href":"https:\/\/www.meydan.tv\/az\/wp-json\/wp\/v2\/comments?post=308458"}],"version-history":[{"count":4,"href":"https:\/\/www.meydan.tv\/az\/wp-json\/wp\/v2\/posts\/308458\/revisions"}],"predecessor-version":[{"id":308463,"href":"https:\/\/www.meydan.tv\/az\/wp-json\/wp\/v2\/posts\/308458\/revisions\/308463"}],"wp:featuredmedia":[{"embeddable":true,"href":"https:\/\/www.meydan.tv\/az\/wp-json\/wp\/v2\/media\/227177"}],"wp:attachment":[{"href":"https:\/\/www.meydan.tv\/az\/wp-json\/wp\/v2\/media?parent=308458"}],"wp:term":[{"taxonomy":"category","embeddable":true,"href":"https:\/\/www.meydan.tv\/az\/wp-json\/wp\/v2\/categories?post=308458"},{"taxonomy":"post_tag","embeddable":true,"href":"https:\/\/www.meydan.tv\/az\/wp-json\/wp\/v2\/tags?post=308458"}],"curies":[{"name":"wp","href":"https:\/\/api.w.org\/{rel}","templated":true}]}}