{"id":308401,"date":"2024-06-19T21:49:11","date_gmt":"2024-06-19T17:49:11","guid":{"rendered":"https:\/\/www.meydan.tv\/?p=308401"},"modified":"2024-06-19T22:20:53","modified_gmt":"2024-06-19T18:20:53","slug":"neftciler-demir-otaqlarda-nefes-ala-bilmediklerini-deyirler","status":"publish","type":"post","link":"https:\/\/www.meydan.tv\/az\/article\/neftciler-demir-otaqlarda-nefes-ala-bilmediklerini-deyirler\/","title":{"rendered":"Neft\u00e7il\u0259r d\u0259mir otaqlarda n\u0259f\u0259s ala bilm\u0259dikl\u0259rini deyirl\u0259r"},"content":{"rendered":"\n<p><\/p>\n\n\n\n<p><em><strong>\u201cSOCAR \u015fikay\u0259ti ara\u015fd\u0131rmaq \u0259v\u0259zin\u0259, m\u0259tbuata dan\u0131\u015fanlar\u0131 axtar\u0131r\u201d<\/strong><\/em><\/p>\n\n\n\n<p>D\u00f6vl\u0259t Neft \u015eirk\u0259tinin \u201c28 May\u201d Neft v\u0259 Qaz\u00e7\u0131xarma \u0130dar\u0259sinin 5 sayl\u0131 d\u0259rin d\u0259niz \u00f6z\u00fcl\u00fcn\u00fcn (DD\u00d6) quyular\u0131n \u0259sasl\u0131 t\u0259miri sexinin \u0259m\u0259kda\u015flar\u0131 \u015fikay\u0259t\u00e7idirl\u0259r.<\/p>\n\n\n\n<p>Onlar deyir ki, isti havalarda kondisionerl\u0259r i\u015fl\u0259mir, istirah\u0259t \u00fc\u00e7\u00fcn \u015f\u0259rait yarad\u0131lm\u0131r, \u0259n \u0259sas\u0131, d\u0259mir otaqlarda n\u0259f\u0259s almaq m\u00fcmk\u00fcn olmur.<\/p>\n\n\n\n<p>\u0130\u015fd\u0259n \u00e7\u0131xar\u0131lma qorxusu il\u0259 ad\u0131n\u0131n a\u00e7\u0131qlanmas\u0131n\u0131 ist\u0259m\u0259y\u0259n \u0259m\u0259kda\u015flar Meydan TV-y\u0259 deyibl\u0259r ki, r\u0259hb\u0259rlik problemi h\u0259ll etm\u0259kd\u0259ns\u0259, m\u00fcxt\u0259lif qurumlara, o c\u00fcml\u0259d\u0259n m\u0259tbuata \u015fikay\u0259t ed\u0259nl\u0259rin axtar\u0131\u015f\u0131na \u00e7\u0131x\u0131b.<\/p>\n\n\n\n<p><em>\u201cD\u0259mir otaqlar az qala 50 d\u0259r\u0259c\u0259y\u0259d\u0259k q\u0131z\u0131r, n\u0259 dinc\u0259lm\u0259k, n\u0259 d\u0259 yatmaq olur. \u00c7\u00f6l\u0259 \u00e7\u0131x\u0131b g\u00fcn\u00fcn alt\u0131nda dayanmaq otaqda oturmaqdan daha yax\u015fd\u0131r\u201d,-neft\u00e7il\u0259r deyibl\u0259r.<\/em><\/p>\n\n\n\n<p>Bildiribl\u0259r ki, platforma 1980-c\u0131 ild\u0259n qura\u015fd\u0131r\u0131l\u0131b. Kondisionerl\u0259r d\u0259 otaqlar kimi k\u00f6hn\u0259dir, istid\u0259n divarlardan su ax\u0131r. Ancaq r\u0259isin, yaxud r\u0259hb\u0259r i\u015f\u00e7il\u0259rin ota\u011f\u0131nda kondisioner var.<br>\u0130\u015f\u00e7il\u0259r deyir ki, otaqlar el\u0259 v\u0259ziyy\u0259td\u0259dir ki, r\u0259hb\u0259r i\u015f\u00e7il\u0259r bir d\u0259qiq\u0259 i\u00e7\u0259rid\u0259 qala bilm\u0259z. Yatd\u0131qlar\u0131 d\u00f6\u015f\u0259kl\u0259r, yast\u0131qlar \u00e7ox k\u00f6hn\u0259lib, par\u00e7alar\u0131 o q\u0259d\u0259r l\u0259k\u0259l\u0259nib ki, r\u0259ngi bel\u0259 unudulub. Gec\u0259ni ke\u00e7irm\u0259k \u00fc\u00e7\u00fcn qap\u0131 a\u00e7\u0131q, t\u00fck\u00fc topalanm\u0131\u015f yasd\u0131qda he\u00e7 olmasa bir-iki saat dinc\u0259lm\u0259k ist\u0259yirl\u0259r, amma o da m\u00fcmk\u00fcn olmur.<\/p>\n\n\n\n<p>Neft\u00e7il\u0259rin H\u00fcquqlar\u0131n\u0131 M\u00fcdafi\u0259 T\u0259\u015fkilat\u0131n\u0131n s\u0259dri Mirvari Q\u0259hr\u0259manl\u0131 bildirib ki, i\u015f\u00e7il\u0259r \u015f\u0259raitsizlikd\u0259n, kondisionerl\u0259rin i\u015fl\u0259m\u0259m\u0259si v\u0259 f\u0259hl\u0259l\u0259rin qald\u0131qlar\u0131 otaqlarla ba\u011fl\u0131 r\u0259hb\u0259rlik etdiyi t\u0259\u015fkilata bir ne\u00e7\u0259 d\u0259f\u0259 \u015fikay\u0259t olunub. H\u0259r d\u0259f\u0259sind\u0259 d\u0259 \u015fikay\u0259ti SOCAR r\u0259hb\u0259rliyinin n\u0259z\u0259rin\u0259 \u00e7atd\u0131r\u0131b. Amma g\u00f6r\u00fcn\u0259n odur ki, s\u0259rin otaqlarda oturan r\u0259hb\u0259rl\u0259r neft\u00e7il\u0259ri d\u00fc\u015f\u00fcnm\u0259k ist\u0259mirl\u0259r.<\/p>\n\n\n<div class=\"wp-block-image\">\n<figure class=\"alignleft size-full is-resized\"><img decoding=\"async\" width=\"1200\" height=\"800\" data-src=\"https:\/\/www.meydan.tv\/wp-content\/uploads\/mimrvari.jpeg\" alt=\"\" class=\"wp-image-279089 lazyload\" style=\"--smush-placeholder-width: 1200px; --smush-placeholder-aspect-ratio: 1200\/800;width:392px;height:auto\" src=\"data:image\/svg+xml;base64,PHN2ZyB3aWR0aD0iMSIgaGVpZ2h0PSIxIiB4bWxucz0iaHR0cDovL3d3dy53My5vcmcvMjAwMC9zdmciPjwvc3ZnPg==\" \/><figcaption class=\"wp-element-caption\">Mirvari Q\u0259hr\u0259manl\u0131. Foto: G\u00fclzar M\u0259mm\u0259dli<\/figcaption><\/figure>\n<\/div>\n\n\n<p><em>\u201cSOCAR sah\u0259 \u00fczr\u0259 m\u0259sul \u015f\u0259xsl\u0259r t\u0259r\u0259find\u0259n \u018fm\u0259k M\u0259c\u0259ll\u0259sinin 207, 209, 215-c\u00fc madd\u0259sinin t\u0259l\u0259bl\u0259ri pozulur. Art\u0131q \u00fc\u00e7 il\u0259 yax\u0131nd\u0131r ki, h\u0259r yay m\u00f6vs\u00fcm\u00fcnd\u0259 bu kimi probleml\u0259rl\u0259 \u00fczl\u0259\u015firl\u0259r\u201d<\/em>,-Q\u0259hr\u0259manl\u0131 deyib. Bildirib ki, televizor ota\u011f\u0131 kimi adland\u0131r\u0131lan istirah\u0259t ota\u011f\u0131nda \u015f\u0259rait el\u0259 h\u0259dd\u0259dir ki, i\u015f\u00e7i istid\u0259n n\u0259f\u0259s ala bilmir, kondisionerl\u0259r i\u015fl\u0259mir, amma r\u0259hb\u0259r i\u015f\u00e7il\u0259r d\u0259 h\u0259l\u0259 t\u0259dbir g\u00f6rm\u0259y\u0259 t\u0259l\u0259smirl\u0259r.<\/p>\n\n\n\n<p>SOCAR-dan is\u0259 m\u0259s\u0259l\u0259y\u0259 m\u00fcnasib\u0259t bildirm\u0259yibl\u0259r.<\/p>\n\n\n\n<p>Meydan TV il\u0259 yenid\u0259n \u0259laq\u0259 saxlayan i\u015f\u00e7il\u0259r bildiribl\u0259r ki, problem m\u00fcraci\u0259tl\u0259rd\u0259n v\u0259 sosial \u015f\u0259b\u0259k\u0259l\u0259rd\u0259 etirazlardan sonra m\u00fc\u0259yy\u0259n q\u0259d\u0259r \u00f6z h\u0259llini tap\u0131b.<\/p>\n","protected":false},"excerpt":{"rendered":"<p>\u201cSOCAR \u015fikay\u0259ti ara\u015fd\u0131rmaq \u0259v\u0259zin\u0259, m\u0259tbuata dan\u0131\u015fanlar\u0131 axtar\u0131r\u201d D\u00f6vl\u0259t Neft \u015eirk\u0259tinin &#8230; <\/p>\n<p class=\"read-more-container\"><a title=\"Neft\u00e7il\u0259r d\u0259mir otaqlarda n\u0259f\u0259s ala bilm\u0259dikl\u0259rini deyirl\u0259r\" class=\"read-more button\" href=\"https:\/\/www.meydan.tv\/az\/article\/neftciler-demir-otaqlarda-nefes-ala-bilmediklerini-deyirler\/#more-308401\" aria-label=\"Read more about Neft\u00e7il\u0259r d\u0259mir otaqlarda n\u0259f\u0259s ala bilm\u0259dikl\u0259rini deyirl\u0259r\">Davam\u0131<\/a><\/p>\n","protected":false},"author":8,"featured_media":308398,"comment_status":"closed","ping_status":"closed","sticky":false,"template":"","format":"standard","meta":{"_acf_changed":false,"_sitemap_exclude":false,"_sitemap_priority":"","_sitemap_frequency":"","footnotes":""},"categories":[62,56],"tags":[],"class_list":["post-308401","post","type-post","status-publish","format-standard","has-post-thumbnail","hentry","category-sosial","category-xeberler","infinite-scroll-item","generate-columns","tablet-grid-50","mobile-grid-100","grid-parent","grid-33","no-featured-image-padding"],"acf":[],"yoast_head":"<!-- This site is optimized with the Yoast SEO plugin v27.5 - https:\/\/yoast.com\/product\/yoast-seo-wordpress\/ -->\n<title>Neft\u00e7il\u0259r d\u0259mir otaqlarda n\u0259f\u0259s ala bilm\u0259dikl\u0259rini deyirl\u0259r - MEYDAN.TV<\/title>\n<meta name=\"robots\" content=\"index, follow, max-snippet:-1, max-image-preview:large, max-video-preview:-1\" \/>\n<link rel=\"canonical\" href=\"https:\/\/www.meydan.tv\/az\/article\/neftciler-demir-otaqlarda-nefes-ala-bilmediklerini-deyirler\/\" \/>\n<meta property=\"og:locale\" content=\"az_AZ\" \/>\n<meta property=\"og:type\" content=\"article\" \/>\n<meta property=\"og:title\" content=\"Neft\u00e7il\u0259r d\u0259mir otaqlarda n\u0259f\u0259s ala bilm\u0259dikl\u0259rini deyirl\u0259r - MEYDAN.TV\" \/>\n<meta property=\"og:description\" content=\"\u201cSOCAR \u015fikay\u0259ti ara\u015fd\u0131rmaq \u0259v\u0259zin\u0259, m\u0259tbuata dan\u0131\u015fanlar\u0131 axtar\u0131r\u201d D\u00f6vl\u0259t Neft \u015eirk\u0259tinin ... Davam\u0131\" \/>\n<meta property=\"og:url\" content=\"https:\/\/www.meydan.tv\/az\/article\/neftciler-demir-otaqlarda-nefes-ala-bilmediklerini-deyirler\/\" \/>\n<meta property=\"og:site_name\" content=\"MEYDAN.TV\" \/>\n<meta property=\"article:published_time\" content=\"2024-06-19T17:49:11+00:00\" \/>\n<meta property=\"article:modified_time\" content=\"2024-06-19T18:20:53+00:00\" \/>\n<meta property=\"og:image\" content=\"https:\/\/www.meydan.tv\/wp-content\/uploads\/deniz-1.jpg\" \/>\n\t<meta property=\"og:image:width\" content=\"1200\" \/>\n\t<meta property=\"og:image:height\" content=\"642\" \/>\n\t<meta property=\"og:image:type\" content=\"image\/jpeg\" \/>\n<meta name=\"author\" content=\"elli\" \/>\n<meta name=\"twitter:card\" content=\"summary_large_image\" \/>\n<meta name=\"twitter:creator\" content=\"@elli\" \/>\n<script type=\"application\/ld+json\" class=\"yoast-schema-graph\">{\"@context\":\"https:\\\/\\\/schema.org\",\"@graph\":[{\"@type\":\"Article\",\"@id\":\"https:\\\/\\\/www.meydan.tv\\\/az\\\/article\\\/neftciler-demir-otaqlarda-nefes-ala-bilmediklerini-deyirler\\\/#article\",\"isPartOf\":{\"@id\":\"https:\\\/\\\/www.meydan.tv\\\/az\\\/article\\\/neftciler-demir-otaqlarda-nefes-ala-bilmediklerini-deyirler\\\/\"},\"author\":{\"name\":\"elli\",\"@id\":\"https:\\\/\\\/www.meydan.tv\\\/az\\\/#\\\/schema\\\/person\\\/9cdbecf90d17180ce1dfbd95b08dcf47\"},\"headline\":\"Neft\u00e7il\u0259r d\u0259mir otaqlarda n\u0259f\u0259s ala bilm\u0259dikl\u0259rini deyirl\u0259r\",\"datePublished\":\"2024-06-19T17:49:11+00:00\",\"dateModified\":\"2024-06-19T18:20:53+00:00\",\"mainEntityOfPage\":{\"@id\":\"https:\\\/\\\/www.meydan.tv\\\/az\\\/article\\\/neftciler-demir-otaqlarda-nefes-ala-bilmediklerini-deyirler\\\/\"},\"wordCount\":570,\"publisher\":{\"@id\":\"https:\\\/\\\/www.meydan.tv\\\/az\\\/#organization\"},\"image\":{\"@id\":\"https:\\\/\\\/www.meydan.tv\\\/az\\\/article\\\/neftciler-demir-otaqlarda-nefes-ala-bilmediklerini-deyirler\\\/#primaryimage\"},\"thumbnailUrl\":\"https:\\\/\\\/www.meydan.tv\\\/wp-content\\\/uploads\\\/deniz-1.jpg\",\"articleSection\":[\"Sosial\",\"X\u0259b\u0259rl\u0259r\"],\"inLanguage\":\"az\"},{\"@type\":\"WebPage\",\"@id\":\"https:\\\/\\\/www.meydan.tv\\\/az\\\/article\\\/neftciler-demir-otaqlarda-nefes-ala-bilmediklerini-deyirler\\\/\",\"url\":\"https:\\\/\\\/www.meydan.tv\\\/az\\\/article\\\/neftciler-demir-otaqlarda-nefes-ala-bilmediklerini-deyirler\\\/\",\"name\":\"Neft\u00e7il\u0259r d\u0259mir otaqlarda n\u0259f\u0259s ala bilm\u0259dikl\u0259rini deyirl\u0259r - MEYDAN.TV\",\"isPartOf\":{\"@id\":\"https:\\\/\\\/www.meydan.tv\\\/az\\\/#website\"},\"primaryImageOfPage\":{\"@id\":\"https:\\\/\\\/www.meydan.tv\\\/az\\\/article\\\/neftciler-demir-otaqlarda-nefes-ala-bilmediklerini-deyirler\\\/#primaryimage\"},\"image\":{\"@id\":\"https:\\\/\\\/www.meydan.tv\\\/az\\\/article\\\/neftciler-demir-otaqlarda-nefes-ala-bilmediklerini-deyirler\\\/#primaryimage\"},\"thumbnailUrl\":\"https:\\\/\\\/www.meydan.tv\\\/wp-content\\\/uploads\\\/deniz-1.jpg\",\"datePublished\":\"2024-06-19T17:49:11+00:00\",\"dateModified\":\"2024-06-19T18:20:53+00:00\",\"breadcrumb\":{\"@id\":\"https:\\\/\\\/www.meydan.tv\\\/az\\\/article\\\/neftciler-demir-otaqlarda-nefes-ala-bilmediklerini-deyirler\\\/#breadcrumb\"},\"inLanguage\":\"az\",\"potentialAction\":[{\"@type\":\"ReadAction\",\"target\":[\"https:\\\/\\\/www.meydan.tv\\\/az\\\/article\\\/neftciler-demir-otaqlarda-nefes-ala-bilmediklerini-deyirler\\\/\"]}]},{\"@type\":\"ImageObject\",\"inLanguage\":\"az\",\"@id\":\"https:\\\/\\\/www.meydan.tv\\\/az\\\/article\\\/neftciler-demir-otaqlarda-nefes-ala-bilmediklerini-deyirler\\\/#primaryimage\",\"url\":\"https:\\\/\\\/www.meydan.tv\\\/wp-content\\\/uploads\\\/deniz-1.jpg\",\"contentUrl\":\"https:\\\/\\\/www.meydan.tv\\\/wp-content\\\/uploads\\\/deniz-1.jpg\",\"width\":1200,\"height\":642,\"caption\":\"Fotolar: Meydan TV\"},{\"@type\":\"BreadcrumbList\",\"@id\":\"https:\\\/\\\/www.meydan.tv\\\/az\\\/article\\\/neftciler-demir-otaqlarda-nefes-ala-bilmediklerini-deyirler\\\/#breadcrumb\",\"itemListElement\":[{\"@type\":\"ListItem\",\"position\":1,\"name\":\"Ana s\u0259hif\u0259\",\"item\":\"https:\\\/\\\/www.meydan.tv\\\/az\\\/\"},{\"@type\":\"ListItem\",\"position\":2,\"name\":\"Sosial\",\"item\":\"https:\\\/\\\/www.meydan.tv\\\/az\\\/section\\\/sosial\\\/\"},{\"@type\":\"ListItem\",\"position\":3,\"name\":\"Neft\u00e7il\u0259r d\u0259mir otaqlarda n\u0259f\u0259s ala bilm\u0259dikl\u0259rini deyirl\u0259r\"}]},{\"@type\":\"WebSite\",\"@id\":\"https:\\\/\\\/www.meydan.tv\\\/az\\\/#website\",\"url\":\"https:\\\/\\\/www.meydan.tv\\\/az\\\/\",\"name\":\"MEYDAN.TV\",\"description\":\"Meydan TV Az\u0259rbaycan\u0131n media m\u0259kan\u0131ndak\u0131 alternativ s\u0259sidir\",\"publisher\":{\"@id\":\"https:\\\/\\\/www.meydan.tv\\\/az\\\/#organization\"},\"potentialAction\":[{\"@type\":\"SearchAction\",\"target\":{\"@type\":\"EntryPoint\",\"urlTemplate\":\"https:\\\/\\\/www.meydan.tv\\\/az\\\/?s={search_term_string}\"},\"query-input\":{\"@type\":\"PropertyValueSpecification\",\"valueRequired\":true,\"valueName\":\"search_term_string\"}}],\"inLanguage\":\"az\"},{\"@type\":\"Organization\",\"@id\":\"https:\\\/\\\/www.meydan.tv\\\/az\\\/#organization\",\"name\":\"Meydan TV\",\"url\":\"https:\\\/\\\/www.meydan.tv\\\/az\\\/\",\"logo\":{\"@type\":\"ImageObject\",\"inLanguage\":\"az\",\"@id\":\"https:\\\/\\\/www.meydan.tv\\\/az\\\/#\\\/schema\\\/logo\\\/image\\\/\",\"url\":\"https:\\\/\\\/www.meydan.tv\\\/wp-content\\\/uploads\\\/2021\\\/07\\\/meydan-logo.svg\",\"contentUrl\":\"https:\\\/\\\/www.meydan.tv\\\/wp-content\\\/uploads\\\/2021\\\/07\\\/meydan-logo.svg\",\"width\":195,\"height\":46,\"caption\":\"Meydan TV\"},\"image\":{\"@id\":\"https:\\\/\\\/www.meydan.tv\\\/az\\\/#\\\/schema\\\/logo\\\/image\\\/\"}},{\"@type\":\"Person\",\"@id\":\"https:\\\/\\\/www.meydan.tv\\\/az\\\/#\\\/schema\\\/person\\\/9cdbecf90d17180ce1dfbd95b08dcf47\",\"name\":\"elli\",\"sameAs\":[\"https:\\\/\\\/x.com\\\/elli\"]}]}<\/script>\n<!-- \/ Yoast SEO plugin. -->","yoast_head_json":{"title":"Neft\u00e7il\u0259r d\u0259mir otaqlarda n\u0259f\u0259s ala bilm\u0259dikl\u0259rini deyirl\u0259r - MEYDAN.TV","robots":{"index":"index","follow":"follow","max-snippet":"max-snippet:-1","max-image-preview":"max-image-preview:large","max-video-preview":"max-video-preview:-1"},"canonical":"https:\/\/www.meydan.tv\/az\/article\/neftciler-demir-otaqlarda-nefes-ala-bilmediklerini-deyirler\/","og_locale":"az_AZ","og_type":"article","og_title":"Neft\u00e7il\u0259r d\u0259mir otaqlarda n\u0259f\u0259s ala bilm\u0259dikl\u0259rini deyirl\u0259r - MEYDAN.TV","og_description":"\u201cSOCAR \u015fikay\u0259ti ara\u015fd\u0131rmaq \u0259v\u0259zin\u0259, m\u0259tbuata dan\u0131\u015fanlar\u0131 axtar\u0131r\u201d D\u00f6vl\u0259t Neft \u015eirk\u0259tinin ... Davam\u0131","og_url":"https:\/\/www.meydan.tv\/az\/article\/neftciler-demir-otaqlarda-nefes-ala-bilmediklerini-deyirler\/","og_site_name":"MEYDAN.TV","article_published_time":"2024-06-19T17:49:11+00:00","article_modified_time":"2024-06-19T18:20:53+00:00","og_image":[{"width":1200,"height":642,"url":"https:\/\/www.meydan.tv\/wp-content\/uploads\/deniz-1.jpg","type":"image\/jpeg"}],"author":"elli","twitter_card":"summary_large_image","twitter_creator":"@elli","schema":{"@context":"https:\/\/schema.org","@graph":[{"@type":"Article","@id":"https:\/\/www.meydan.tv\/az\/article\/neftciler-demir-otaqlarda-nefes-ala-bilmediklerini-deyirler\/#article","isPartOf":{"@id":"https:\/\/www.meydan.tv\/az\/article\/neftciler-demir-otaqlarda-nefes-ala-bilmediklerini-deyirler\/"},"author":{"name":"elli","@id":"https:\/\/www.meydan.tv\/az\/#\/schema\/person\/9cdbecf90d17180ce1dfbd95b08dcf47"},"headline":"Neft\u00e7il\u0259r d\u0259mir otaqlarda n\u0259f\u0259s ala bilm\u0259dikl\u0259rini deyirl\u0259r","datePublished":"2024-06-19T17:49:11+00:00","dateModified":"2024-06-19T18:20:53+00:00","mainEntityOfPage":{"@id":"https:\/\/www.meydan.tv\/az\/article\/neftciler-demir-otaqlarda-nefes-ala-bilmediklerini-deyirler\/"},"wordCount":570,"publisher":{"@id":"https:\/\/www.meydan.tv\/az\/#organization"},"image":{"@id":"https:\/\/www.meydan.tv\/az\/article\/neftciler-demir-otaqlarda-nefes-ala-bilmediklerini-deyirler\/#primaryimage"},"thumbnailUrl":"https:\/\/www.meydan.tv\/wp-content\/uploads\/deniz-1.jpg","articleSection":["Sosial","X\u0259b\u0259rl\u0259r"],"inLanguage":"az"},{"@type":"WebPage","@id":"https:\/\/www.meydan.tv\/az\/article\/neftciler-demir-otaqlarda-nefes-ala-bilmediklerini-deyirler\/","url":"https:\/\/www.meydan.tv\/az\/article\/neftciler-demir-otaqlarda-nefes-ala-bilmediklerini-deyirler\/","name":"Neft\u00e7il\u0259r d\u0259mir otaqlarda n\u0259f\u0259s ala bilm\u0259dikl\u0259rini deyirl\u0259r - MEYDAN.TV","isPartOf":{"@id":"https:\/\/www.meydan.tv\/az\/#website"},"primaryImageOfPage":{"@id":"https:\/\/www.meydan.tv\/az\/article\/neftciler-demir-otaqlarda-nefes-ala-bilmediklerini-deyirler\/#primaryimage"},"image":{"@id":"https:\/\/www.meydan.tv\/az\/article\/neftciler-demir-otaqlarda-nefes-ala-bilmediklerini-deyirler\/#primaryimage"},"thumbnailUrl":"https:\/\/www.meydan.tv\/wp-content\/uploads\/deniz-1.jpg","datePublished":"2024-06-19T17:49:11+00:00","dateModified":"2024-06-19T18:20:53+00:00","breadcrumb":{"@id":"https:\/\/www.meydan.tv\/az\/article\/neftciler-demir-otaqlarda-nefes-ala-bilmediklerini-deyirler\/#breadcrumb"},"inLanguage":"az","potentialAction":[{"@type":"ReadAction","target":["https:\/\/www.meydan.tv\/az\/article\/neftciler-demir-otaqlarda-nefes-ala-bilmediklerini-deyirler\/"]}]},{"@type":"ImageObject","inLanguage":"az","@id":"https:\/\/www.meydan.tv\/az\/article\/neftciler-demir-otaqlarda-nefes-ala-bilmediklerini-deyirler\/#primaryimage","url":"https:\/\/www.meydan.tv\/wp-content\/uploads\/deniz-1.jpg","contentUrl":"https:\/\/www.meydan.tv\/wp-content\/uploads\/deniz-1.jpg","width":1200,"height":642,"caption":"Fotolar: Meydan TV"},{"@type":"BreadcrumbList","@id":"https:\/\/www.meydan.tv\/az\/article\/neftciler-demir-otaqlarda-nefes-ala-bilmediklerini-deyirler\/#breadcrumb","itemListElement":[{"@type":"ListItem","position":1,"name":"Ana s\u0259hif\u0259","item":"https:\/\/www.meydan.tv\/az\/"},{"@type":"ListItem","position":2,"name":"Sosial","item":"https:\/\/www.meydan.tv\/az\/section\/sosial\/"},{"@type":"ListItem","position":3,"name":"Neft\u00e7il\u0259r d\u0259mir otaqlarda n\u0259f\u0259s ala bilm\u0259dikl\u0259rini deyirl\u0259r"}]},{"@type":"WebSite","@id":"https:\/\/www.meydan.tv\/az\/#website","url":"https:\/\/www.meydan.tv\/az\/","name":"MEYDAN.TV","description":"Meydan TV Az\u0259rbaycan\u0131n media m\u0259kan\u0131ndak\u0131 alternativ s\u0259sidir","publisher":{"@id":"https:\/\/www.meydan.tv\/az\/#organization"},"potentialAction":[{"@type":"SearchAction","target":{"@type":"EntryPoint","urlTemplate":"https:\/\/www.meydan.tv\/az\/?s={search_term_string}"},"query-input":{"@type":"PropertyValueSpecification","valueRequired":true,"valueName":"search_term_string"}}],"inLanguage":"az"},{"@type":"Organization","@id":"https:\/\/www.meydan.tv\/az\/#organization","name":"Meydan TV","url":"https:\/\/www.meydan.tv\/az\/","logo":{"@type":"ImageObject","inLanguage":"az","@id":"https:\/\/www.meydan.tv\/az\/#\/schema\/logo\/image\/","url":"https:\/\/www.meydan.tv\/wp-content\/uploads\/2021\/07\/meydan-logo.svg","contentUrl":"https:\/\/www.meydan.tv\/wp-content\/uploads\/2021\/07\/meydan-logo.svg","width":195,"height":46,"caption":"Meydan TV"},"image":{"@id":"https:\/\/www.meydan.tv\/az\/#\/schema\/logo\/image\/"}},{"@type":"Person","@id":"https:\/\/www.meydan.tv\/az\/#\/schema\/person\/9cdbecf90d17180ce1dfbd95b08dcf47","name":"elli","sameAs":["https:\/\/x.com\/elli"]}]}},"_links":{"self":[{"href":"https:\/\/www.meydan.tv\/az\/wp-json\/wp\/v2\/posts\/308401","targetHints":{"allow":["GET"]}}],"collection":[{"href":"https:\/\/www.meydan.tv\/az\/wp-json\/wp\/v2\/posts"}],"about":[{"href":"https:\/\/www.meydan.tv\/az\/wp-json\/wp\/v2\/types\/post"}],"author":[{"embeddable":true,"href":"https:\/\/www.meydan.tv\/az\/wp-json\/wp\/v2\/users\/8"}],"replies":[{"embeddable":true,"href":"https:\/\/www.meydan.tv\/az\/wp-json\/wp\/v2\/comments?post=308401"}],"version-history":[{"count":1,"href":"https:\/\/www.meydan.tv\/az\/wp-json\/wp\/v2\/posts\/308401\/revisions"}],"predecessor-version":[{"id":308402,"href":"https:\/\/www.meydan.tv\/az\/wp-json\/wp\/v2\/posts\/308401\/revisions\/308402"}],"wp:featuredmedia":[{"embeddable":true,"href":"https:\/\/www.meydan.tv\/az\/wp-json\/wp\/v2\/media\/308398"}],"wp:attachment":[{"href":"https:\/\/www.meydan.tv\/az\/wp-json\/wp\/v2\/media?parent=308401"}],"wp:term":[{"taxonomy":"category","embeddable":true,"href":"https:\/\/www.meydan.tv\/az\/wp-json\/wp\/v2\/categories?post=308401"},{"taxonomy":"post_tag","embeddable":true,"href":"https:\/\/www.meydan.tv\/az\/wp-json\/wp\/v2\/tags?post=308401"}],"curies":[{"name":"wp","href":"https:\/\/api.w.org\/{rel}","templated":true}]}}