{"id":308371,"date":"2024-06-19T12:36:12","date_gmt":"2024-06-19T08:36:12","guid":{"rendered":"https:\/\/www.meydan.tv\/?p=308371"},"modified":"2024-06-19T12:43:01","modified_gmt":"2024-06-19T08:43:01","slug":"azerbaycanda-niye-kuce-etirazlari-bas-vermir","status":"publish","type":"post","link":"https:\/\/www.meydan.tv\/az\/article\/azerbaycanda-niye-kuce-etirazlari-bas-vermir\/","title":{"rendered":"&#8220;Az\u0259rbaycanda niy\u0259 k\u00fc\u00e7\u0259 etirazlar\u0131 ba\u015f vermir?&#8221;"},"content":{"rendered":"\n<figure class=\"wp-block-embed is-type-video is-provider-youtube wp-block-embed-youtube wp-embed-aspect-16-9 wp-has-aspect-ratio\"><div class=\"wp-block-embed__wrapper\">\n<iframe loading=\"lazy\" title=\"&quot;Az\u0259rbaycanda niy\u0259 k\u00fc\u00e7\u0259 etirazlar\u0131 ba\u015f vermir?&quot;\" width=\"1200\" height=\"675\" src=\"https:\/\/www.youtube.com\/embed\/nuXQ2Ub3zWU?feature=oembed\" frameborder=\"0\" allow=\"accelerometer; autoplay; clipboard-write; encrypted-media; gyroscope; picture-in-picture; web-share\" referrerpolicy=\"strict-origin-when-cross-origin\" allowfullscreen><\/iframe>\n<\/div><\/figure>\n\n\n\n<!--more-->\n\n\n\n<p class=\"wp-block-paragraph\">Az\u0259rbaycanda \u0259n son 5 il \u00f6nc\u0259 k\u00fctl\u0259vi mitinql\u0259r ke\u00e7irilib. Bu ill\u0259r i\u00e7ind\u0259 piketl\u0259r\u0259 c\u0259hd edils\u0259 d\u0259, h\u00f6kum\u0259t etirazlar\u0131n k\u00fctl\u0259vil\u0259\u015fm\u0259sinin qar\u015f\u0131s\u0131n\u0131 al\u0131b. K\u00fc\u00e7\u0259 etirazlar\u0131n\u0131n ba\u015f verm\u0259m\u0259sinin s\u0259b\u0259bini Bak\u0131 sakinl\u0259rind\u0259n \u00f6yr\u0259nm\u0259y\u0259 \u00e7al\u0131\u015fd\u0131q.<\/p>\n","protected":false},"excerpt":{"rendered":"","protected":false},"author":12,"featured_media":308372,"comment_status":"closed","ping_status":"closed","sticky":false,"template":"","format":"standard","meta":{"_acf_changed":false,"_sitemap_exclude":false,"_sitemap_priority":"","_sitemap_frequency":"","footnotes":""},"categories":[59,63],"tags":[],"class_list":["post-308371","post","type-post","status-publish","format-standard","has-post-thumbnail","hentry","category-siyaset","category-video-2","infinite-scroll-item","generate-columns","tablet-grid-50","mobile-grid-100","grid-parent","grid-33","no-featured-image-padding"],"acf":[],"yoast_head":"<!-- This site is optimized with the Yoast SEO plugin v28.4 - https:\/\/yoast.com\/product\/yoast-seo-wordpress\/ -->\n<title>&quot;Az\u0259rbaycanda niy\u0259 k\u00fc\u00e7\u0259 etirazlar\u0131 ba\u015f vermir?&quot; - MEYDAN.TV<\/title>\n<meta name=\"robots\" content=\"index, follow, max-snippet:-1, max-image-preview:large, max-video-preview:-1\" \/>\n<link rel=\"canonical\" href=\"https:\/\/www.meydan.tv\/az\/article\/azerbaycanda-niye-kuce-etirazlari-bas-vermir\/\" \/>\n<meta property=\"og:locale\" content=\"az_AZ\" \/>\n<meta property=\"og:type\" content=\"article\" \/>\n<meta property=\"og:title\" content=\"&quot;Az\u0259rbaycanda niy\u0259 k\u00fc\u00e7\u0259 etirazlar\u0131 ba\u015f vermir?&quot; - MEYDAN.TV\" \/>\n<meta property=\"og:url\" content=\"https:\/\/www.meydan.tv\/az\/article\/azerbaycanda-niye-kuce-etirazlari-bas-vermir\/\" \/>\n<meta property=\"og:site_name\" content=\"MEYDAN.TV\" \/>\n<meta property=\"article:published_time\" content=\"2024-06-19T08:36:12+00:00\" \/>\n<meta property=\"article:modified_time\" content=\"2024-06-19T08:43:01+00:00\" \/>\n<meta property=\"og:image\" content=\"https:\/\/www.meydan.tv\/wp-content\/uploads\/screenshot-2024-06-19-at-10.33.45-1200x667.png\" \/>\n\t<meta property=\"og:image:width\" content=\"1200\" \/>\n\t<meta property=\"og:image:height\" content=\"667\" \/>\n\t<meta property=\"og:image:type\" content=\"image\/png\" \/>\n<meta name=\"twitter:card\" content=\"summary_large_image\" \/>\n<!-- \/ Yoast SEO plugin. -->","yoast_head_json":{"title":"\"Az\u0259rbaycanda niy\u0259 k\u00fc\u00e7\u0259 etirazlar\u0131 ba\u015f vermir?\" - MEYDAN.TV","robots":{"index":"index","follow":"follow","max-snippet":"max-snippet:-1","max-image-preview":"max-image-preview:large","max-video-preview":"max-video-preview:-1"},"canonical":"https:\/\/www.meydan.tv\/az\/article\/azerbaycanda-niye-kuce-etirazlari-bas-vermir\/","og_locale":"az_AZ","og_type":"article","og_title":"\"Az\u0259rbaycanda niy\u0259 k\u00fc\u00e7\u0259 etirazlar\u0131 ba\u015f vermir?\" - MEYDAN.TV","og_url":"https:\/\/www.meydan.tv\/az\/article\/azerbaycanda-niye-kuce-etirazlari-bas-vermir\/","og_site_name":"MEYDAN.TV","article_published_time":"2024-06-19T08:36:12+00:00","article_modified_time":"2024-06-19T08:43:01+00:00","og_image":[{"width":1200,"height":667,"url":"https:\/\/www.meydan.tv\/wp-content\/uploads\/screenshot-2024-06-19-at-10.33.45-1200x667.png","type":"image\/png"}],"twitter_card":"summary_large_image","schema":{"@context":"https:\/\/schema.org","@graph":[{"@type":"Article","@id":"https:\/\/www.meydan.tv\/az\/article\/azerbaycanda-niye-kuce-etirazlari-bas-vermir\/#article","isPartOf":{"@id":"https:\/\/www.meydan.tv\/az\/article\/azerbaycanda-niye-kuce-etirazlari-bas-vermir\/"},"author":{"name":"aleks","@id":"https:\/\/www.meydan.tv\/az\/#\/schema\/person\/476e9360e593fa131d5d71d51866f8da"},"headline":"&#8220;Az\u0259rbaycanda niy\u0259 k\u00fc\u00e7\u0259 etirazlar\u0131 ba\u015f vermir?&#8221;","datePublished":"2024-06-19T08:36:12+00:00","dateModified":"2024-06-19T08:43:01+00:00","mainEntityOfPage":{"@id":"https:\/\/www.meydan.tv\/az\/article\/azerbaycanda-niye-kuce-etirazlari-bas-vermir\/"},"wordCount":73,"publisher":{"@id":"https:\/\/www.meydan.tv\/az\/#organization"},"image":{"@id":"https:\/\/www.meydan.tv\/az\/article\/azerbaycanda-niye-kuce-etirazlari-bas-vermir\/#primaryimage"},"thumbnailUrl":"https:\/\/www.meydan.tv\/wp-content\/uploads\/screenshot-2024-06-19-at-10.33.45.png","articleSection":["Siyas\u0259t","Video"],"inLanguage":"az"},{"@type":"WebPage","@id":"https:\/\/www.meydan.tv\/az\/article\/azerbaycanda-niye-kuce-etirazlari-bas-vermir\/","url":"https:\/\/www.meydan.tv\/az\/article\/azerbaycanda-niye-kuce-etirazlari-bas-vermir\/","name":"\"Az\u0259rbaycanda niy\u0259 k\u00fc\u00e7\u0259 etirazlar\u0131 ba\u015f vermir?\" - MEYDAN.TV","isPartOf":{"@id":"https:\/\/www.meydan.tv\/az\/#website"},"primaryImageOfPage":{"@id":"https:\/\/www.meydan.tv\/az\/article\/azerbaycanda-niye-kuce-etirazlari-bas-vermir\/#primaryimage"},"image":{"@id":"https:\/\/www.meydan.tv\/az\/article\/azerbaycanda-niye-kuce-etirazlari-bas-vermir\/#primaryimage"},"thumbnailUrl":"https:\/\/www.meydan.tv\/wp-content\/uploads\/screenshot-2024-06-19-at-10.33.45.png","datePublished":"2024-06-19T08:36:12+00:00","dateModified":"2024-06-19T08:43:01+00:00","breadcrumb":{"@id":"https:\/\/www.meydan.tv\/az\/article\/azerbaycanda-niye-kuce-etirazlari-bas-vermir\/#breadcrumb"},"inLanguage":"az","potentialAction":[{"@type":"ReadAction","target":["https:\/\/www.meydan.tv\/az\/article\/azerbaycanda-niye-kuce-etirazlari-bas-vermir\/"]}]},{"@type":"ImageObject","inLanguage":"az","@id":"https:\/\/www.meydan.tv\/az\/article\/azerbaycanda-niye-kuce-etirazlari-bas-vermir\/#primaryimage","url":"https:\/\/www.meydan.tv\/wp-content\/uploads\/screenshot-2024-06-19-at-10.33.45.png","contentUrl":"https:\/\/www.meydan.tv\/wp-content\/uploads\/screenshot-2024-06-19-at-10.33.45.png","width":2400,"height":1334},{"@type":"BreadcrumbList","@id":"https:\/\/www.meydan.tv\/az\/article\/azerbaycanda-niye-kuce-etirazlari-bas-vermir\/#breadcrumb","itemListElement":[{"@type":"ListItem","position":1,"name":"Ana s\u0259hif\u0259","item":"https:\/\/www.meydan.tv\/az\/"},{"@type":"ListItem","position":2,"name":"Video","item":"https:\/\/www.meydan.tv\/az\/section\/video-2\/"},{"@type":"ListItem","position":3,"name":"&#8220;Az\u0259rbaycanda niy\u0259 k\u00fc\u00e7\u0259 etirazlar\u0131 ba\u015f vermir?&#8221;"}]},{"@type":"WebSite","@id":"https:\/\/www.meydan.tv\/az\/#website","url":"https:\/\/www.meydan.tv\/az\/","name":"MEYDAN.TV","description":"Meydan TV Az\u0259rbaycan\u0131n media m\u0259kan\u0131ndak\u0131 alternativ s\u0259sidir","publisher":{"@id":"https:\/\/www.meydan.tv\/az\/#organization"},"potentialAction":[{"@type":"SearchAction","target":{"@type":"EntryPoint","urlTemplate":"https:\/\/www.meydan.tv\/az\/?s={search_term_string}"},"query-input":{"@type":"PropertyValueSpecification","valueRequired":true,"valueName":"search_term_string"}}],"inLanguage":"az"},{"@type":"Organization","@id":"https:\/\/www.meydan.tv\/az\/#organization","name":"Meydan TV","url":"https:\/\/www.meydan.tv\/az\/","logo":{"@type":"ImageObject","inLanguage":"az","@id":"https:\/\/www.meydan.tv\/az\/#\/schema\/logo\/image\/","url":"https:\/\/www.meydan.tv\/wp-content\/uploads\/2021\/07\/meydan-logo.svg","contentUrl":"https:\/\/www.meydan.tv\/wp-content\/uploads\/2021\/07\/meydan-logo.svg","width":195,"height":46,"caption":"Meydan TV"},"image":{"@id":"https:\/\/www.meydan.tv\/az\/#\/schema\/logo\/image\/"}},{"@type":"Person","@id":"https:\/\/www.meydan.tv\/az\/#\/schema\/person\/476e9360e593fa131d5d71d51866f8da","name":"aleks"}]}},"_links":{"self":[{"href":"https:\/\/www.meydan.tv\/az\/wp-json\/wp\/v2\/posts\/308371","targetHints":{"allow":["GET"]}}],"collection":[{"href":"https:\/\/www.meydan.tv\/az\/wp-json\/wp\/v2\/posts"}],"about":[{"href":"https:\/\/www.meydan.tv\/az\/wp-json\/wp\/v2\/types\/post"}],"author":[{"embeddable":true,"href":"https:\/\/www.meydan.tv\/az\/wp-json\/wp\/v2\/users\/12"}],"replies":[{"embeddable":true,"href":"https:\/\/www.meydan.tv\/az\/wp-json\/wp\/v2\/comments?post=308371"}],"version-history":[{"count":5,"href":"https:\/\/www.meydan.tv\/az\/wp-json\/wp\/v2\/posts\/308371\/revisions"}],"predecessor-version":[{"id":308379,"href":"https:\/\/www.meydan.tv\/az\/wp-json\/wp\/v2\/posts\/308371\/revisions\/308379"}],"wp:featuredmedia":[{"embeddable":true,"href":"https:\/\/www.meydan.tv\/az\/wp-json\/wp\/v2\/media\/308372"}],"wp:attachment":[{"href":"https:\/\/www.meydan.tv\/az\/wp-json\/wp\/v2\/media?parent=308371"}],"wp:term":[{"taxonomy":"category","embeddable":true,"href":"https:\/\/www.meydan.tv\/az\/wp-json\/wp\/v2\/categories?post=308371"},{"taxonomy":"post_tag","embeddable":true,"href":"https:\/\/www.meydan.tv\/az\/wp-json\/wp\/v2\/tags?post=308371"}],"curies":[{"name":"wp","href":"https:\/\/api.w.org\/{rel}","templated":true}]}}