{"id":308362,"date":"2024-06-19T12:10:49","date_gmt":"2024-06-19T08:10:49","guid":{"rendered":"https:\/\/www.meydan.tv\/?p=308362"},"modified":"2024-06-19T12:17:11","modified_gmt":"2024-06-19T08:17:11","slug":"dovletin-borc-yuku-de-artdiqca-sosial-xercleri-azaltmaq-mecburiyyeti-yaranacaq","status":"publish","type":"post","link":"https:\/\/www.meydan.tv\/az\/article\/dovletin-borc-yuku-de-artdiqca-sosial-xercleri-azaltmaq-mecburiyyeti-yaranacaq\/","title":{"rendered":"&#8220;D\u00f6vl\u0259tin borc y\u00fck\u00fc artd\u0131qca, sosial x\u0259rcl\u0259ri azaltmaq m\u0259cburiyy\u0259ti yaranacaq&#8221;"},"content":{"rendered":"\n<figure class=\"wp-block-embed is-type-video is-provider-youtube wp-block-embed-youtube wp-embed-aspect-16-9 wp-has-aspect-ratio\"><div class=\"wp-block-embed__wrapper\">\n<iframe title=\"&quot;D\u00f6vl\u0259tin borc y\u00fck\u00fc d\u0259 artd\u0131qca, sosial x\u0259rcl\u0259ri azaltmaq m\u0259cburiyy\u0259ti yaranacaq&quot;- X\u0259rc\" width=\"1200\" height=\"675\" data-src=\"https:\/\/www.youtube.com\/embed\/anyuRTLBzuU?feature=oembed\" frameborder=\"0\" allow=\"accelerometer; autoplay; clipboard-write; encrypted-media; gyroscope; picture-in-picture; web-share\" referrerpolicy=\"strict-origin-when-cross-origin\" allowfullscreen src=\"data:image\/svg+xml;base64,PHN2ZyB3aWR0aD0iMSIgaGVpZ2h0PSIxIiB4bWxucz0iaHR0cDovL3d3dy53My5vcmcvMjAwMC9zdmciPjwvc3ZnPg==\" class=\"lazyload\" data-load-mode=\"1\"><\/iframe>\n<\/div><\/figure>\n\n\n\n<!--more-->\n\n\n\n<p><\/p>\n\n\n\n<p>Az\u0259rbaycan\u0131n xarici d\u00f6vl\u0259t borcunun daha 5 milyard AB\u015e dollar\u0131 art\u0131r\u0131lmas\u0131 imkanlar\u0131 n\u0259z\u0259rd\u0259n ke\u00e7irilir.<\/p>\n\n\n\n<p><em>&#8220;Hakimiyy\u0259t azalan g\u0259lirl\u0259r fonunda daha yax\u015f\u0131 iqtisadi f\u00fcrs\u0259tl\u0259r yaratmaq, daha \u00e7ox ixrac &#8211; idxal \u0259m\u0259liyyatlar\u0131n\u0131 stimulla\u015fd\u0131rmaq, ki\u00e7ik v\u0259 orta sahibkarlara d\u0259st\u0259k olmaq \u0259v\u0259zin\u0259, yaranan probleml\u0259ri borcla h\u0259ll etm\u0259y\u0259 \u00e7al\u0131\u015f\u0131r. D\u00f6vl\u0259tin borc y\u00fck\u00fc d\u0259 artd\u0131qca, sosial x\u0259rcl\u0259ri azaltmaq m\u0259cburiyy\u0259ti yaranacaq. M\u0259s\u0259l\u0259n, bu il t\u0259qa\u00fcdl\u0259r 10 faiz artm\u0131\u015fd\u0131. D\u00f6vl\u0259t borcu artan x\u0259tl\u0259 davam ets\u0259, o zaman t\u0259qa\u00fcdl\u0259ri 3 faiz art\u0131racaqlar. Borclanan \u00f6lk\u0259l\u0259rd\u0259 bir tendensiya da var ki, v\u0259t\u0259nda\u015flar\u0131n vergi y\u00fck\u00fc art\u0131r\u0131l\u0131r&#8221;<\/em>.<\/p>\n","protected":false},"excerpt":{"rendered":"","protected":false},"author":12,"featured_media":308363,"comment_status":"closed","ping_status":"closed","sticky":false,"template":"","format":"standard","meta":{"_acf_changed":false,"_sitemap_exclude":false,"_sitemap_priority":"","_sitemap_frequency":"","footnotes":""},"categories":[63],"tags":[],"class_list":["post-308362","post","type-post","status-publish","format-standard","has-post-thumbnail","hentry","category-video-2","infinite-scroll-item","generate-columns","tablet-grid-50","mobile-grid-100","grid-parent","grid-33","no-featured-image-padding"],"acf":[],"yoast_head":"<!-- This site is optimized with the Yoast SEO plugin v27.4 - https:\/\/yoast.com\/product\/yoast-seo-wordpress\/ -->\n<title>&quot;D\u00f6vl\u0259tin borc y\u00fck\u00fc artd\u0131qca, sosial x\u0259rcl\u0259ri azaltmaq m\u0259cburiyy\u0259ti yaranacaq&quot; - MEYDAN.TV<\/title>\n<meta name=\"robots\" content=\"index, follow, max-snippet:-1, max-image-preview:large, max-video-preview:-1\" \/>\n<link rel=\"canonical\" href=\"https:\/\/www.meydan.tv\/az\/article\/dovletin-borc-yuku-de-artdiqca-sosial-xercleri-azaltmaq-mecburiyyeti-yaranacaq\/\" \/>\n<meta property=\"og:locale\" content=\"az_AZ\" \/>\n<meta property=\"og:type\" content=\"article\" \/>\n<meta property=\"og:title\" content=\"&quot;D\u00f6vl\u0259tin borc y\u00fck\u00fc artd\u0131qca, sosial x\u0259rcl\u0259ri azaltmaq m\u0259cburiyy\u0259ti yaranacaq&quot; - MEYDAN.TV\" \/>\n<meta property=\"og:url\" content=\"https:\/\/www.meydan.tv\/az\/article\/dovletin-borc-yuku-de-artdiqca-sosial-xercleri-azaltmaq-mecburiyyeti-yaranacaq\/\" \/>\n<meta property=\"og:site_name\" content=\"MEYDAN.TV\" \/>\n<meta property=\"article:published_time\" content=\"2024-06-19T08:10:49+00:00\" \/>\n<meta property=\"article:modified_time\" content=\"2024-06-19T08:17:11+00:00\" \/>\n<meta property=\"og:image\" content=\"https:\/\/www.meydan.tv\/wp-content\/uploads\/screenshot-2024-06-19-at-10.06.35.png\" \/>\n\t<meta property=\"og:image:width\" content=\"1810\" \/>\n\t<meta property=\"og:image:height\" content=\"978\" \/>\n\t<meta property=\"og:image:type\" content=\"image\/png\" \/>\n<meta name=\"author\" content=\"aleks\" \/>\n<meta name=\"twitter:card\" content=\"summary_large_image\" \/>\n<script type=\"application\/ld+json\" class=\"yoast-schema-graph\">{\"@context\":\"https:\\\/\\\/schema.org\",\"@graph\":[{\"@type\":\"Article\",\"@id\":\"https:\\\/\\\/www.meydan.tv\\\/az\\\/article\\\/dovletin-borc-yuku-de-artdiqca-sosial-xercleri-azaltmaq-mecburiyyeti-yaranacaq\\\/#article\",\"isPartOf\":{\"@id\":\"https:\\\/\\\/www.meydan.tv\\\/az\\\/article\\\/dovletin-borc-yuku-de-artdiqca-sosial-xercleri-azaltmaq-mecburiyyeti-yaranacaq\\\/\"},\"author\":{\"name\":\"aleks\",\"@id\":\"https:\\\/\\\/www.meydan.tv\\\/az\\\/#\\\/schema\\\/person\\\/476e9360e593fa131d5d71d51866f8da\"},\"headline\":\"&#8220;D\u00f6vl\u0259tin borc y\u00fck\u00fc artd\u0131qca, sosial x\u0259rcl\u0259ri azaltmaq m\u0259cburiyy\u0259ti yaranacaq&#8221;\",\"datePublished\":\"2024-06-19T08:10:49+00:00\",\"dateModified\":\"2024-06-19T08:17:11+00:00\",\"mainEntityOfPage\":{\"@id\":\"https:\\\/\\\/www.meydan.tv\\\/az\\\/article\\\/dovletin-borc-yuku-de-artdiqca-sosial-xercleri-azaltmaq-mecburiyyeti-yaranacaq\\\/\"},\"wordCount\":164,\"publisher\":{\"@id\":\"https:\\\/\\\/www.meydan.tv\\\/az\\\/#organization\"},\"image\":{\"@id\":\"https:\\\/\\\/www.meydan.tv\\\/az\\\/article\\\/dovletin-borc-yuku-de-artdiqca-sosial-xercleri-azaltmaq-mecburiyyeti-yaranacaq\\\/#primaryimage\"},\"thumbnailUrl\":\"https:\\\/\\\/www.meydan.tv\\\/wp-content\\\/uploads\\\/screenshot-2024-06-19-at-10.06.35.png\",\"articleSection\":[\"Video\"],\"inLanguage\":\"az\"},{\"@type\":\"WebPage\",\"@id\":\"https:\\\/\\\/www.meydan.tv\\\/az\\\/article\\\/dovletin-borc-yuku-de-artdiqca-sosial-xercleri-azaltmaq-mecburiyyeti-yaranacaq\\\/\",\"url\":\"https:\\\/\\\/www.meydan.tv\\\/az\\\/article\\\/dovletin-borc-yuku-de-artdiqca-sosial-xercleri-azaltmaq-mecburiyyeti-yaranacaq\\\/\",\"name\":\"\\\"D\u00f6vl\u0259tin borc y\u00fck\u00fc artd\u0131qca, sosial x\u0259rcl\u0259ri azaltmaq m\u0259cburiyy\u0259ti yaranacaq\\\" - MEYDAN.TV\",\"isPartOf\":{\"@id\":\"https:\\\/\\\/www.meydan.tv\\\/az\\\/#website\"},\"primaryImageOfPage\":{\"@id\":\"https:\\\/\\\/www.meydan.tv\\\/az\\\/article\\\/dovletin-borc-yuku-de-artdiqca-sosial-xercleri-azaltmaq-mecburiyyeti-yaranacaq\\\/#primaryimage\"},\"image\":{\"@id\":\"https:\\\/\\\/www.meydan.tv\\\/az\\\/article\\\/dovletin-borc-yuku-de-artdiqca-sosial-xercleri-azaltmaq-mecburiyyeti-yaranacaq\\\/#primaryimage\"},\"thumbnailUrl\":\"https:\\\/\\\/www.meydan.tv\\\/wp-content\\\/uploads\\\/screenshot-2024-06-19-at-10.06.35.png\",\"datePublished\":\"2024-06-19T08:10:49+00:00\",\"dateModified\":\"2024-06-19T08:17:11+00:00\",\"breadcrumb\":{\"@id\":\"https:\\\/\\\/www.meydan.tv\\\/az\\\/article\\\/dovletin-borc-yuku-de-artdiqca-sosial-xercleri-azaltmaq-mecburiyyeti-yaranacaq\\\/#breadcrumb\"},\"inLanguage\":\"az\",\"potentialAction\":[{\"@type\":\"ReadAction\",\"target\":[\"https:\\\/\\\/www.meydan.tv\\\/az\\\/article\\\/dovletin-borc-yuku-de-artdiqca-sosial-xercleri-azaltmaq-mecburiyyeti-yaranacaq\\\/\"]}]},{\"@type\":\"ImageObject\",\"inLanguage\":\"az\",\"@id\":\"https:\\\/\\\/www.meydan.tv\\\/az\\\/article\\\/dovletin-borc-yuku-de-artdiqca-sosial-xercleri-azaltmaq-mecburiyyeti-yaranacaq\\\/#primaryimage\",\"url\":\"https:\\\/\\\/www.meydan.tv\\\/wp-content\\\/uploads\\\/screenshot-2024-06-19-at-10.06.35.png\",\"contentUrl\":\"https:\\\/\\\/www.meydan.tv\\\/wp-content\\\/uploads\\\/screenshot-2024-06-19-at-10.06.35.png\",\"width\":1810,\"height\":978},{\"@type\":\"BreadcrumbList\",\"@id\":\"https:\\\/\\\/www.meydan.tv\\\/az\\\/article\\\/dovletin-borc-yuku-de-artdiqca-sosial-xercleri-azaltmaq-mecburiyyeti-yaranacaq\\\/#breadcrumb\",\"itemListElement\":[{\"@type\":\"ListItem\",\"position\":1,\"name\":\"Ana s\u0259hif\u0259\",\"item\":\"https:\\\/\\\/www.meydan.tv\\\/az\\\/\"},{\"@type\":\"ListItem\",\"position\":2,\"name\":\"Video\",\"item\":\"https:\\\/\\\/www.meydan.tv\\\/az\\\/section\\\/video-2\\\/\"},{\"@type\":\"ListItem\",\"position\":3,\"name\":\"&#8220;D\u00f6vl\u0259tin borc y\u00fck\u00fc artd\u0131qca, sosial x\u0259rcl\u0259ri azaltmaq m\u0259cburiyy\u0259ti yaranacaq&#8221;\"}]},{\"@type\":\"WebSite\",\"@id\":\"https:\\\/\\\/www.meydan.tv\\\/az\\\/#website\",\"url\":\"https:\\\/\\\/www.meydan.tv\\\/az\\\/\",\"name\":\"MEYDAN.TV\",\"description\":\"Meydan TV Az\u0259rbaycan\u0131n media m\u0259kan\u0131ndak\u0131 alternativ s\u0259sidir\",\"publisher\":{\"@id\":\"https:\\\/\\\/www.meydan.tv\\\/az\\\/#organization\"},\"potentialAction\":[{\"@type\":\"SearchAction\",\"target\":{\"@type\":\"EntryPoint\",\"urlTemplate\":\"https:\\\/\\\/www.meydan.tv\\\/az\\\/?s={search_term_string}\"},\"query-input\":{\"@type\":\"PropertyValueSpecification\",\"valueRequired\":true,\"valueName\":\"search_term_string\"}}],\"inLanguage\":\"az\"},{\"@type\":\"Organization\",\"@id\":\"https:\\\/\\\/www.meydan.tv\\\/az\\\/#organization\",\"name\":\"Meydan TV\",\"url\":\"https:\\\/\\\/www.meydan.tv\\\/az\\\/\",\"logo\":{\"@type\":\"ImageObject\",\"inLanguage\":\"az\",\"@id\":\"https:\\\/\\\/www.meydan.tv\\\/az\\\/#\\\/schema\\\/logo\\\/image\\\/\",\"url\":\"https:\\\/\\\/www.meydan.tv\\\/wp-content\\\/uploads\\\/2021\\\/07\\\/meydan-logo.svg\",\"contentUrl\":\"https:\\\/\\\/www.meydan.tv\\\/wp-content\\\/uploads\\\/2021\\\/07\\\/meydan-logo.svg\",\"width\":195,\"height\":46,\"caption\":\"Meydan TV\"},\"image\":{\"@id\":\"https:\\\/\\\/www.meydan.tv\\\/az\\\/#\\\/schema\\\/logo\\\/image\\\/\"}},{\"@type\":\"Person\",\"@id\":\"https:\\\/\\\/www.meydan.tv\\\/az\\\/#\\\/schema\\\/person\\\/476e9360e593fa131d5d71d51866f8da\",\"name\":\"aleks\"}]}<\/script>\n<!-- \/ Yoast SEO plugin. -->","yoast_head_json":{"title":"\"D\u00f6vl\u0259tin borc y\u00fck\u00fc artd\u0131qca, sosial x\u0259rcl\u0259ri azaltmaq m\u0259cburiyy\u0259ti yaranacaq\" - MEYDAN.TV","robots":{"index":"index","follow":"follow","max-snippet":"max-snippet:-1","max-image-preview":"max-image-preview:large","max-video-preview":"max-video-preview:-1"},"canonical":"https:\/\/www.meydan.tv\/az\/article\/dovletin-borc-yuku-de-artdiqca-sosial-xercleri-azaltmaq-mecburiyyeti-yaranacaq\/","og_locale":"az_AZ","og_type":"article","og_title":"\"D\u00f6vl\u0259tin borc y\u00fck\u00fc artd\u0131qca, sosial x\u0259rcl\u0259ri azaltmaq m\u0259cburiyy\u0259ti yaranacaq\" - MEYDAN.TV","og_url":"https:\/\/www.meydan.tv\/az\/article\/dovletin-borc-yuku-de-artdiqca-sosial-xercleri-azaltmaq-mecburiyyeti-yaranacaq\/","og_site_name":"MEYDAN.TV","article_published_time":"2024-06-19T08:10:49+00:00","article_modified_time":"2024-06-19T08:17:11+00:00","og_image":[{"width":1810,"height":978,"url":"https:\/\/www.meydan.tv\/wp-content\/uploads\/screenshot-2024-06-19-at-10.06.35.png","type":"image\/png"}],"author":"aleks","twitter_card":"summary_large_image","schema":{"@context":"https:\/\/schema.org","@graph":[{"@type":"Article","@id":"https:\/\/www.meydan.tv\/az\/article\/dovletin-borc-yuku-de-artdiqca-sosial-xercleri-azaltmaq-mecburiyyeti-yaranacaq\/#article","isPartOf":{"@id":"https:\/\/www.meydan.tv\/az\/article\/dovletin-borc-yuku-de-artdiqca-sosial-xercleri-azaltmaq-mecburiyyeti-yaranacaq\/"},"author":{"name":"aleks","@id":"https:\/\/www.meydan.tv\/az\/#\/schema\/person\/476e9360e593fa131d5d71d51866f8da"},"headline":"&#8220;D\u00f6vl\u0259tin borc y\u00fck\u00fc artd\u0131qca, sosial x\u0259rcl\u0259ri azaltmaq m\u0259cburiyy\u0259ti yaranacaq&#8221;","datePublished":"2024-06-19T08:10:49+00:00","dateModified":"2024-06-19T08:17:11+00:00","mainEntityOfPage":{"@id":"https:\/\/www.meydan.tv\/az\/article\/dovletin-borc-yuku-de-artdiqca-sosial-xercleri-azaltmaq-mecburiyyeti-yaranacaq\/"},"wordCount":164,"publisher":{"@id":"https:\/\/www.meydan.tv\/az\/#organization"},"image":{"@id":"https:\/\/www.meydan.tv\/az\/article\/dovletin-borc-yuku-de-artdiqca-sosial-xercleri-azaltmaq-mecburiyyeti-yaranacaq\/#primaryimage"},"thumbnailUrl":"https:\/\/www.meydan.tv\/wp-content\/uploads\/screenshot-2024-06-19-at-10.06.35.png","articleSection":["Video"],"inLanguage":"az"},{"@type":"WebPage","@id":"https:\/\/www.meydan.tv\/az\/article\/dovletin-borc-yuku-de-artdiqca-sosial-xercleri-azaltmaq-mecburiyyeti-yaranacaq\/","url":"https:\/\/www.meydan.tv\/az\/article\/dovletin-borc-yuku-de-artdiqca-sosial-xercleri-azaltmaq-mecburiyyeti-yaranacaq\/","name":"\"D\u00f6vl\u0259tin borc y\u00fck\u00fc artd\u0131qca, sosial x\u0259rcl\u0259ri azaltmaq m\u0259cburiyy\u0259ti yaranacaq\" - MEYDAN.TV","isPartOf":{"@id":"https:\/\/www.meydan.tv\/az\/#website"},"primaryImageOfPage":{"@id":"https:\/\/www.meydan.tv\/az\/article\/dovletin-borc-yuku-de-artdiqca-sosial-xercleri-azaltmaq-mecburiyyeti-yaranacaq\/#primaryimage"},"image":{"@id":"https:\/\/www.meydan.tv\/az\/article\/dovletin-borc-yuku-de-artdiqca-sosial-xercleri-azaltmaq-mecburiyyeti-yaranacaq\/#primaryimage"},"thumbnailUrl":"https:\/\/www.meydan.tv\/wp-content\/uploads\/screenshot-2024-06-19-at-10.06.35.png","datePublished":"2024-06-19T08:10:49+00:00","dateModified":"2024-06-19T08:17:11+00:00","breadcrumb":{"@id":"https:\/\/www.meydan.tv\/az\/article\/dovletin-borc-yuku-de-artdiqca-sosial-xercleri-azaltmaq-mecburiyyeti-yaranacaq\/#breadcrumb"},"inLanguage":"az","potentialAction":[{"@type":"ReadAction","target":["https:\/\/www.meydan.tv\/az\/article\/dovletin-borc-yuku-de-artdiqca-sosial-xercleri-azaltmaq-mecburiyyeti-yaranacaq\/"]}]},{"@type":"ImageObject","inLanguage":"az","@id":"https:\/\/www.meydan.tv\/az\/article\/dovletin-borc-yuku-de-artdiqca-sosial-xercleri-azaltmaq-mecburiyyeti-yaranacaq\/#primaryimage","url":"https:\/\/www.meydan.tv\/wp-content\/uploads\/screenshot-2024-06-19-at-10.06.35.png","contentUrl":"https:\/\/www.meydan.tv\/wp-content\/uploads\/screenshot-2024-06-19-at-10.06.35.png","width":1810,"height":978},{"@type":"BreadcrumbList","@id":"https:\/\/www.meydan.tv\/az\/article\/dovletin-borc-yuku-de-artdiqca-sosial-xercleri-azaltmaq-mecburiyyeti-yaranacaq\/#breadcrumb","itemListElement":[{"@type":"ListItem","position":1,"name":"Ana s\u0259hif\u0259","item":"https:\/\/www.meydan.tv\/az\/"},{"@type":"ListItem","position":2,"name":"Video","item":"https:\/\/www.meydan.tv\/az\/section\/video-2\/"},{"@type":"ListItem","position":3,"name":"&#8220;D\u00f6vl\u0259tin borc y\u00fck\u00fc artd\u0131qca, sosial x\u0259rcl\u0259ri azaltmaq m\u0259cburiyy\u0259ti yaranacaq&#8221;"}]},{"@type":"WebSite","@id":"https:\/\/www.meydan.tv\/az\/#website","url":"https:\/\/www.meydan.tv\/az\/","name":"MEYDAN.TV","description":"Meydan TV Az\u0259rbaycan\u0131n media m\u0259kan\u0131ndak\u0131 alternativ s\u0259sidir","publisher":{"@id":"https:\/\/www.meydan.tv\/az\/#organization"},"potentialAction":[{"@type":"SearchAction","target":{"@type":"EntryPoint","urlTemplate":"https:\/\/www.meydan.tv\/az\/?s={search_term_string}"},"query-input":{"@type":"PropertyValueSpecification","valueRequired":true,"valueName":"search_term_string"}}],"inLanguage":"az"},{"@type":"Organization","@id":"https:\/\/www.meydan.tv\/az\/#organization","name":"Meydan TV","url":"https:\/\/www.meydan.tv\/az\/","logo":{"@type":"ImageObject","inLanguage":"az","@id":"https:\/\/www.meydan.tv\/az\/#\/schema\/logo\/image\/","url":"https:\/\/www.meydan.tv\/wp-content\/uploads\/2021\/07\/meydan-logo.svg","contentUrl":"https:\/\/www.meydan.tv\/wp-content\/uploads\/2021\/07\/meydan-logo.svg","width":195,"height":46,"caption":"Meydan TV"},"image":{"@id":"https:\/\/www.meydan.tv\/az\/#\/schema\/logo\/image\/"}},{"@type":"Person","@id":"https:\/\/www.meydan.tv\/az\/#\/schema\/person\/476e9360e593fa131d5d71d51866f8da","name":"aleks"}]}},"_links":{"self":[{"href":"https:\/\/www.meydan.tv\/az\/wp-json\/wp\/v2\/posts\/308362","targetHints":{"allow":["GET"]}}],"collection":[{"href":"https:\/\/www.meydan.tv\/az\/wp-json\/wp\/v2\/posts"}],"about":[{"href":"https:\/\/www.meydan.tv\/az\/wp-json\/wp\/v2\/types\/post"}],"author":[{"embeddable":true,"href":"https:\/\/www.meydan.tv\/az\/wp-json\/wp\/v2\/users\/12"}],"replies":[{"embeddable":true,"href":"https:\/\/www.meydan.tv\/az\/wp-json\/wp\/v2\/comments?post=308362"}],"version-history":[{"count":4,"href":"https:\/\/www.meydan.tv\/az\/wp-json\/wp\/v2\/posts\/308362\/revisions"}],"predecessor-version":[{"id":308370,"href":"https:\/\/www.meydan.tv\/az\/wp-json\/wp\/v2\/posts\/308362\/revisions\/308370"}],"wp:featuredmedia":[{"embeddable":true,"href":"https:\/\/www.meydan.tv\/az\/wp-json\/wp\/v2\/media\/308363"}],"wp:attachment":[{"href":"https:\/\/www.meydan.tv\/az\/wp-json\/wp\/v2\/media?parent=308362"}],"wp:term":[{"taxonomy":"category","embeddable":true,"href":"https:\/\/www.meydan.tv\/az\/wp-json\/wp\/v2\/categories?post=308362"},{"taxonomy":"post_tag","embeddable":true,"href":"https:\/\/www.meydan.tv\/az\/wp-json\/wp\/v2\/tags?post=308362"}],"curies":[{"name":"wp","href":"https:\/\/api.w.org\/{rel}","templated":true}]}}