{"id":308357,"date":"2024-06-19T12:09:13","date_gmt":"2024-06-19T08:09:13","guid":{"rendered":"https:\/\/www.meydan.tv\/?p=308357"},"modified":"2024-06-19T12:15:01","modified_gmt":"2024-06-19T08:15:01","slug":"vetendas-polis-bolmesinde-olub-oglumu-olduren-polisler-cezalandirilsin","status":"publish","type":"post","link":"https:\/\/www.meydan.tv\/az\/article\/vetendas-polis-bolmesinde-olub-oglumu-olduren-polisler-cezalandirilsin\/","title":{"rendered":"V\u0259t\u0259nda\u015f polis b\u00f6lm\u0259sind\u0259 \u00f6l\u00fcb: \u201cO\u011flumu \u00f6ld\u00fcr\u0259n polisl\u0259r c\u0259zaland\u0131r\u0131ls\u0131n\u201d"},"content":{"rendered":"\n<figure class=\"wp-block-embed is-type-video is-provider-youtube wp-block-embed-youtube wp-embed-aspect-16-9 wp-has-aspect-ratio\"><div class=\"wp-block-embed__wrapper\">\n<iframe title=\"V\u0259t\u0259nda\u015f polis b\u00f6lm\u0259sind\u0259 \u00f6l\u00fcb: \u201cO\u011flumu \u00f6ld\u00fcr\u0259n polisl\u0259r c\u0259zaland\u0131r\u0131ls\u0131n\u201d\" width=\"1200\" height=\"675\" data-src=\"https:\/\/www.youtube.com\/embed\/aXOOvSaGuwc?feature=oembed\" frameborder=\"0\" allow=\"accelerometer; autoplay; clipboard-write; encrypted-media; gyroscope; picture-in-picture; web-share\" referrerpolicy=\"strict-origin-when-cross-origin\" allowfullscreen src=\"data:image\/svg+xml;base64,PHN2ZyB3aWR0aD0iMSIgaGVpZ2h0PSIxIiB4bWxucz0iaHR0cDovL3d3dy53My5vcmcvMjAwMC9zdmciPjwvc3ZnPg==\" class=\"lazyload\" data-load-mode=\"1\"><\/iframe>\n<\/div><\/figure>\n\n\n\n<!--more-->\n\n\n\n<p><\/p>\n\n\n\n<p>Sumqay\u0131t sakini Elvin \u0130sg\u0259nd\u0259rov \u015f\u0259h\u0259rd\u0259ki 1-ci polis b\u00f6lm\u0259sind\u0259 h\u0259yat\u0131n\u0131 itirib. Ail\u0259 \u00fczvl\u0259ri onun polisl\u0259rin i\u015fg\u0259nc\u0259si n\u0259tic\u0259sind\u0259 \u00f6ld\u00fcy\u00fcn\u00fc deyirl\u0259r.<\/p>\n\n\n\n<p>Hadis\u0259nin \u015fahidi Turxan \u0130sg\u0259nd\u0259rov dan\u0131\u015f\u0131r ki, iyunun 14-\u00fc gec\u0259 saatlar\u0131nda ya\u015fad\u0131qlar\u0131 evin yax\u0131nl\u0131\u011f\u0131nda ba\u015f ver\u0259n m\u00fcbahis\u0259d\u0259 polis \u0259qli geriliyi olan, iflic x\u0259st\u0259si qarda\u015f\u0131 C\u0259bray\u0131l \u0130sg\u0259nd\u0259rova zor t\u0259tbiq edib. Qarda\u015f\u0131n\u0131 polisl\u0259rin \u0259lind\u0259n alma\u011fa \u00e7al\u0131\u015fan Elvin \u0130sg\u0259nd\u0259rov da zorak\u0131l\u0131\u011fa m\u0259ruz qal\u0131b. <\/p>\n\n\n\n<p>Daha sonra polis b\u00f6lm\u0259sind\u0259 davam ed\u0259n i\u015fg\u0259nc\u0259 onun \u00f6l\u00fcm\u00fc il\u0259 n\u0259tic\u0259l\u0259nib. Hadis\u0259d\u0259n 40 d\u0259qiq\u0259 sonra \u0259raziy\u0259 g\u0259l\u0259n t\u0259cili yard\u0131m onun art\u0131q ke\u00e7indiyini deyib. <\/p>\n\n\n\n<p>Daxili \u0130\u015fl\u0259r Nazirliyi Elvin \u0130sg\u0259nd\u0259rovun i\u015fg\u0259nc\u0259 n\u0259tic\u0259sind\u0259 \u00f6lm\u0259si bar\u0259d\u0259 yax\u0131nlar\u0131n\u0131n dedikl\u0259rini t\u0259kzib edir. Nazirliyin m\u0259tbuat xidm\u0259tinin hadis\u0259 il\u0259 ba\u011fl\u0131 a\u00e7\u0131qlamas\u0131nda iddia olunur ki, Elvin \u0130sg\u0259nd\u0259rov qaraciy\u0259r serrozu v\u0259 \u00fcr\u0259k tutmas\u0131ndan v\u0259fat edib. <\/p>\n\n\n\n<p>Ail\u0259 \u00fczvl\u0259ri is\u0259 onun bel\u0259 bir x\u0259st\u0259liyi olmad\u0131\u011f\u0131n\u0131, meyitinin \u00fcz\u0259rind\u0259 zorak\u0131l\u0131q \u0259lam\u0259tl\u0259ri \u2013 x\u0259sar\u0259t izl\u0259ri g\u00f6rd\u00fckl\u0259rini deyirl\u0259r. Elvin \u0130sg\u0259nd\u0259rovlar ail\u0259sinin yegan\u0259 g\u0259lir yeri idi. O, usta kimi \u00e7al\u0131\u015faraq, qarda\u015f\u0131na v\u0259 anas\u0131na bax\u0131rd\u0131. \u0130ndi ail\u0259nin t\u0259k ist\u0259yi onun \u00f6l\u00fcm\u00fcn\u0259 s\u0259b\u0259b olan polisl\u0259rin c\u0259zas\u0131z qalmamas\u0131d\u0131r.<a href=\"https:\/\/www.youtube.com\/@MeydanTelevision\"><\/a><\/p>\n","protected":false},"excerpt":{"rendered":"","protected":false},"author":12,"featured_media":308358,"comment_status":"closed","ping_status":"closed","sticky":false,"template":"","format":"standard","meta":{"_acf_changed":false,"_sitemap_exclude":false,"_sitemap_priority":"","_sitemap_frequency":"","footnotes":""},"categories":[62,63],"tags":[],"class_list":["post-308357","post","type-post","status-publish","format-standard","has-post-thumbnail","hentry","category-sosial","category-video-2","infinite-scroll-item","generate-columns","tablet-grid-50","mobile-grid-100","grid-parent","grid-33","no-featured-image-padding"],"acf":[],"yoast_head":"<!-- This site is optimized with the Yoast SEO plugin v27.4 - https:\/\/yoast.com\/product\/yoast-seo-wordpress\/ -->\n<title>V\u0259t\u0259nda\u015f polis b\u00f6lm\u0259sind\u0259 \u00f6l\u00fcb: \u201cO\u011flumu \u00f6ld\u00fcr\u0259n polisl\u0259r c\u0259zaland\u0131r\u0131ls\u0131n\u201d - MEYDAN.TV<\/title>\n<meta name=\"robots\" content=\"index, follow, max-snippet:-1, max-image-preview:large, max-video-preview:-1\" \/>\n<link rel=\"canonical\" href=\"https:\/\/www.meydan.tv\/az\/article\/vetendas-polis-bolmesinde-olub-oglumu-olduren-polisler-cezalandirilsin\/\" \/>\n<meta property=\"og:locale\" content=\"az_AZ\" \/>\n<meta property=\"og:type\" content=\"article\" \/>\n<meta property=\"og:title\" content=\"V\u0259t\u0259nda\u015f polis b\u00f6lm\u0259sind\u0259 \u00f6l\u00fcb: \u201cO\u011flumu \u00f6ld\u00fcr\u0259n polisl\u0259r c\u0259zaland\u0131r\u0131ls\u0131n\u201d - MEYDAN.TV\" \/>\n<meta property=\"og:url\" content=\"https:\/\/www.meydan.tv\/az\/article\/vetendas-polis-bolmesinde-olub-oglumu-olduren-polisler-cezalandirilsin\/\" \/>\n<meta property=\"og:site_name\" content=\"MEYDAN.TV\" \/>\n<meta property=\"article:published_time\" content=\"2024-06-19T08:09:13+00:00\" \/>\n<meta property=\"article:modified_time\" content=\"2024-06-19T08:15:01+00:00\" \/>\n<meta property=\"og:image\" content=\"https:\/\/www.meydan.tv\/wp-content\/uploads\/screenshot-2024-06-19-at-10.05.11-1200x669.png\" \/>\n\t<meta property=\"og:image:width\" content=\"1200\" \/>\n\t<meta property=\"og:image:height\" content=\"669\" \/>\n\t<meta property=\"og:image:type\" content=\"image\/png\" \/>\n<meta name=\"author\" content=\"aleks\" \/>\n<meta name=\"twitter:card\" content=\"summary_large_image\" \/>\n<script type=\"application\/ld+json\" class=\"yoast-schema-graph\">{\"@context\":\"https:\\\/\\\/schema.org\",\"@graph\":[{\"@type\":\"Article\",\"@id\":\"https:\\\/\\\/www.meydan.tv\\\/az\\\/article\\\/vetendas-polis-bolmesinde-olub-oglumu-olduren-polisler-cezalandirilsin\\\/#article\",\"isPartOf\":{\"@id\":\"https:\\\/\\\/www.meydan.tv\\\/az\\\/article\\\/vetendas-polis-bolmesinde-olub-oglumu-olduren-polisler-cezalandirilsin\\\/\"},\"author\":{\"name\":\"aleks\",\"@id\":\"https:\\\/\\\/www.meydan.tv\\\/az\\\/#\\\/schema\\\/person\\\/476e9360e593fa131d5d71d51866f8da\"},\"headline\":\"V\u0259t\u0259nda\u015f polis b\u00f6lm\u0259sind\u0259 \u00f6l\u00fcb: \u201cO\u011flumu \u00f6ld\u00fcr\u0259n polisl\u0259r c\u0259zaland\u0131r\u0131ls\u0131n\u201d\",\"datePublished\":\"2024-06-19T08:09:13+00:00\",\"dateModified\":\"2024-06-19T08:15:01+00:00\",\"mainEntityOfPage\":{\"@id\":\"https:\\\/\\\/www.meydan.tv\\\/az\\\/article\\\/vetendas-polis-bolmesinde-olub-oglumu-olduren-polisler-cezalandirilsin\\\/\"},\"wordCount\":311,\"publisher\":{\"@id\":\"https:\\\/\\\/www.meydan.tv\\\/az\\\/#organization\"},\"image\":{\"@id\":\"https:\\\/\\\/www.meydan.tv\\\/az\\\/article\\\/vetendas-polis-bolmesinde-olub-oglumu-olduren-polisler-cezalandirilsin\\\/#primaryimage\"},\"thumbnailUrl\":\"https:\\\/\\\/www.meydan.tv\\\/wp-content\\\/uploads\\\/screenshot-2024-06-19-at-10.05.11.png\",\"articleSection\":[\"Sosial\",\"Video\"],\"inLanguage\":\"az\"},{\"@type\":\"WebPage\",\"@id\":\"https:\\\/\\\/www.meydan.tv\\\/az\\\/article\\\/vetendas-polis-bolmesinde-olub-oglumu-olduren-polisler-cezalandirilsin\\\/\",\"url\":\"https:\\\/\\\/www.meydan.tv\\\/az\\\/article\\\/vetendas-polis-bolmesinde-olub-oglumu-olduren-polisler-cezalandirilsin\\\/\",\"name\":\"V\u0259t\u0259nda\u015f polis b\u00f6lm\u0259sind\u0259 \u00f6l\u00fcb: \u201cO\u011flumu \u00f6ld\u00fcr\u0259n polisl\u0259r c\u0259zaland\u0131r\u0131ls\u0131n\u201d - MEYDAN.TV\",\"isPartOf\":{\"@id\":\"https:\\\/\\\/www.meydan.tv\\\/az\\\/#website\"},\"primaryImageOfPage\":{\"@id\":\"https:\\\/\\\/www.meydan.tv\\\/az\\\/article\\\/vetendas-polis-bolmesinde-olub-oglumu-olduren-polisler-cezalandirilsin\\\/#primaryimage\"},\"image\":{\"@id\":\"https:\\\/\\\/www.meydan.tv\\\/az\\\/article\\\/vetendas-polis-bolmesinde-olub-oglumu-olduren-polisler-cezalandirilsin\\\/#primaryimage\"},\"thumbnailUrl\":\"https:\\\/\\\/www.meydan.tv\\\/wp-content\\\/uploads\\\/screenshot-2024-06-19-at-10.05.11.png\",\"datePublished\":\"2024-06-19T08:09:13+00:00\",\"dateModified\":\"2024-06-19T08:15:01+00:00\",\"breadcrumb\":{\"@id\":\"https:\\\/\\\/www.meydan.tv\\\/az\\\/article\\\/vetendas-polis-bolmesinde-olub-oglumu-olduren-polisler-cezalandirilsin\\\/#breadcrumb\"},\"inLanguage\":\"az\",\"potentialAction\":[{\"@type\":\"ReadAction\",\"target\":[\"https:\\\/\\\/www.meydan.tv\\\/az\\\/article\\\/vetendas-polis-bolmesinde-olub-oglumu-olduren-polisler-cezalandirilsin\\\/\"]}]},{\"@type\":\"ImageObject\",\"inLanguage\":\"az\",\"@id\":\"https:\\\/\\\/www.meydan.tv\\\/az\\\/article\\\/vetendas-polis-bolmesinde-olub-oglumu-olduren-polisler-cezalandirilsin\\\/#primaryimage\",\"url\":\"https:\\\/\\\/www.meydan.tv\\\/wp-content\\\/uploads\\\/screenshot-2024-06-19-at-10.05.11.png\",\"contentUrl\":\"https:\\\/\\\/www.meydan.tv\\\/wp-content\\\/uploads\\\/screenshot-2024-06-19-at-10.05.11.png\",\"width\":1812,\"height\":1010},{\"@type\":\"BreadcrumbList\",\"@id\":\"https:\\\/\\\/www.meydan.tv\\\/az\\\/article\\\/vetendas-polis-bolmesinde-olub-oglumu-olduren-polisler-cezalandirilsin\\\/#breadcrumb\",\"itemListElement\":[{\"@type\":\"ListItem\",\"position\":1,\"name\":\"Ana s\u0259hif\u0259\",\"item\":\"https:\\\/\\\/www.meydan.tv\\\/az\\\/\"},{\"@type\":\"ListItem\",\"position\":2,\"name\":\"Video\",\"item\":\"https:\\\/\\\/www.meydan.tv\\\/az\\\/section\\\/video-2\\\/\"},{\"@type\":\"ListItem\",\"position\":3,\"name\":\"V\u0259t\u0259nda\u015f polis b\u00f6lm\u0259sind\u0259 \u00f6l\u00fcb: \u201cO\u011flumu \u00f6ld\u00fcr\u0259n polisl\u0259r c\u0259zaland\u0131r\u0131ls\u0131n\u201d\"}]},{\"@type\":\"WebSite\",\"@id\":\"https:\\\/\\\/www.meydan.tv\\\/az\\\/#website\",\"url\":\"https:\\\/\\\/www.meydan.tv\\\/az\\\/\",\"name\":\"MEYDAN.TV\",\"description\":\"Meydan TV Az\u0259rbaycan\u0131n media m\u0259kan\u0131ndak\u0131 alternativ s\u0259sidir\",\"publisher\":{\"@id\":\"https:\\\/\\\/www.meydan.tv\\\/az\\\/#organization\"},\"potentialAction\":[{\"@type\":\"SearchAction\",\"target\":{\"@type\":\"EntryPoint\",\"urlTemplate\":\"https:\\\/\\\/www.meydan.tv\\\/az\\\/?s={search_term_string}\"},\"query-input\":{\"@type\":\"PropertyValueSpecification\",\"valueRequired\":true,\"valueName\":\"search_term_string\"}}],\"inLanguage\":\"az\"},{\"@type\":\"Organization\",\"@id\":\"https:\\\/\\\/www.meydan.tv\\\/az\\\/#organization\",\"name\":\"Meydan TV\",\"url\":\"https:\\\/\\\/www.meydan.tv\\\/az\\\/\",\"logo\":{\"@type\":\"ImageObject\",\"inLanguage\":\"az\",\"@id\":\"https:\\\/\\\/www.meydan.tv\\\/az\\\/#\\\/schema\\\/logo\\\/image\\\/\",\"url\":\"https:\\\/\\\/www.meydan.tv\\\/wp-content\\\/uploads\\\/2021\\\/07\\\/meydan-logo.svg\",\"contentUrl\":\"https:\\\/\\\/www.meydan.tv\\\/wp-content\\\/uploads\\\/2021\\\/07\\\/meydan-logo.svg\",\"width\":195,\"height\":46,\"caption\":\"Meydan TV\"},\"image\":{\"@id\":\"https:\\\/\\\/www.meydan.tv\\\/az\\\/#\\\/schema\\\/logo\\\/image\\\/\"}},{\"@type\":\"Person\",\"@id\":\"https:\\\/\\\/www.meydan.tv\\\/az\\\/#\\\/schema\\\/person\\\/476e9360e593fa131d5d71d51866f8da\",\"name\":\"aleks\"}]}<\/script>\n<!-- \/ Yoast SEO plugin. -->","yoast_head_json":{"title":"V\u0259t\u0259nda\u015f polis b\u00f6lm\u0259sind\u0259 \u00f6l\u00fcb: \u201cO\u011flumu \u00f6ld\u00fcr\u0259n polisl\u0259r c\u0259zaland\u0131r\u0131ls\u0131n\u201d - MEYDAN.TV","robots":{"index":"index","follow":"follow","max-snippet":"max-snippet:-1","max-image-preview":"max-image-preview:large","max-video-preview":"max-video-preview:-1"},"canonical":"https:\/\/www.meydan.tv\/az\/article\/vetendas-polis-bolmesinde-olub-oglumu-olduren-polisler-cezalandirilsin\/","og_locale":"az_AZ","og_type":"article","og_title":"V\u0259t\u0259nda\u015f polis b\u00f6lm\u0259sind\u0259 \u00f6l\u00fcb: \u201cO\u011flumu \u00f6ld\u00fcr\u0259n polisl\u0259r c\u0259zaland\u0131r\u0131ls\u0131n\u201d - MEYDAN.TV","og_url":"https:\/\/www.meydan.tv\/az\/article\/vetendas-polis-bolmesinde-olub-oglumu-olduren-polisler-cezalandirilsin\/","og_site_name":"MEYDAN.TV","article_published_time":"2024-06-19T08:09:13+00:00","article_modified_time":"2024-06-19T08:15:01+00:00","og_image":[{"width":1200,"height":669,"url":"https:\/\/www.meydan.tv\/wp-content\/uploads\/screenshot-2024-06-19-at-10.05.11-1200x669.png","type":"image\/png"}],"author":"aleks","twitter_card":"summary_large_image","schema":{"@context":"https:\/\/schema.org","@graph":[{"@type":"Article","@id":"https:\/\/www.meydan.tv\/az\/article\/vetendas-polis-bolmesinde-olub-oglumu-olduren-polisler-cezalandirilsin\/#article","isPartOf":{"@id":"https:\/\/www.meydan.tv\/az\/article\/vetendas-polis-bolmesinde-olub-oglumu-olduren-polisler-cezalandirilsin\/"},"author":{"name":"aleks","@id":"https:\/\/www.meydan.tv\/az\/#\/schema\/person\/476e9360e593fa131d5d71d51866f8da"},"headline":"V\u0259t\u0259nda\u015f polis b\u00f6lm\u0259sind\u0259 \u00f6l\u00fcb: \u201cO\u011flumu \u00f6ld\u00fcr\u0259n polisl\u0259r c\u0259zaland\u0131r\u0131ls\u0131n\u201d","datePublished":"2024-06-19T08:09:13+00:00","dateModified":"2024-06-19T08:15:01+00:00","mainEntityOfPage":{"@id":"https:\/\/www.meydan.tv\/az\/article\/vetendas-polis-bolmesinde-olub-oglumu-olduren-polisler-cezalandirilsin\/"},"wordCount":311,"publisher":{"@id":"https:\/\/www.meydan.tv\/az\/#organization"},"image":{"@id":"https:\/\/www.meydan.tv\/az\/article\/vetendas-polis-bolmesinde-olub-oglumu-olduren-polisler-cezalandirilsin\/#primaryimage"},"thumbnailUrl":"https:\/\/www.meydan.tv\/wp-content\/uploads\/screenshot-2024-06-19-at-10.05.11.png","articleSection":["Sosial","Video"],"inLanguage":"az"},{"@type":"WebPage","@id":"https:\/\/www.meydan.tv\/az\/article\/vetendas-polis-bolmesinde-olub-oglumu-olduren-polisler-cezalandirilsin\/","url":"https:\/\/www.meydan.tv\/az\/article\/vetendas-polis-bolmesinde-olub-oglumu-olduren-polisler-cezalandirilsin\/","name":"V\u0259t\u0259nda\u015f polis b\u00f6lm\u0259sind\u0259 \u00f6l\u00fcb: \u201cO\u011flumu \u00f6ld\u00fcr\u0259n polisl\u0259r c\u0259zaland\u0131r\u0131ls\u0131n\u201d - MEYDAN.TV","isPartOf":{"@id":"https:\/\/www.meydan.tv\/az\/#website"},"primaryImageOfPage":{"@id":"https:\/\/www.meydan.tv\/az\/article\/vetendas-polis-bolmesinde-olub-oglumu-olduren-polisler-cezalandirilsin\/#primaryimage"},"image":{"@id":"https:\/\/www.meydan.tv\/az\/article\/vetendas-polis-bolmesinde-olub-oglumu-olduren-polisler-cezalandirilsin\/#primaryimage"},"thumbnailUrl":"https:\/\/www.meydan.tv\/wp-content\/uploads\/screenshot-2024-06-19-at-10.05.11.png","datePublished":"2024-06-19T08:09:13+00:00","dateModified":"2024-06-19T08:15:01+00:00","breadcrumb":{"@id":"https:\/\/www.meydan.tv\/az\/article\/vetendas-polis-bolmesinde-olub-oglumu-olduren-polisler-cezalandirilsin\/#breadcrumb"},"inLanguage":"az","potentialAction":[{"@type":"ReadAction","target":["https:\/\/www.meydan.tv\/az\/article\/vetendas-polis-bolmesinde-olub-oglumu-olduren-polisler-cezalandirilsin\/"]}]},{"@type":"ImageObject","inLanguage":"az","@id":"https:\/\/www.meydan.tv\/az\/article\/vetendas-polis-bolmesinde-olub-oglumu-olduren-polisler-cezalandirilsin\/#primaryimage","url":"https:\/\/www.meydan.tv\/wp-content\/uploads\/screenshot-2024-06-19-at-10.05.11.png","contentUrl":"https:\/\/www.meydan.tv\/wp-content\/uploads\/screenshot-2024-06-19-at-10.05.11.png","width":1812,"height":1010},{"@type":"BreadcrumbList","@id":"https:\/\/www.meydan.tv\/az\/article\/vetendas-polis-bolmesinde-olub-oglumu-olduren-polisler-cezalandirilsin\/#breadcrumb","itemListElement":[{"@type":"ListItem","position":1,"name":"Ana s\u0259hif\u0259","item":"https:\/\/www.meydan.tv\/az\/"},{"@type":"ListItem","position":2,"name":"Video","item":"https:\/\/www.meydan.tv\/az\/section\/video-2\/"},{"@type":"ListItem","position":3,"name":"V\u0259t\u0259nda\u015f polis b\u00f6lm\u0259sind\u0259 \u00f6l\u00fcb: \u201cO\u011flumu \u00f6ld\u00fcr\u0259n polisl\u0259r c\u0259zaland\u0131r\u0131ls\u0131n\u201d"}]},{"@type":"WebSite","@id":"https:\/\/www.meydan.tv\/az\/#website","url":"https:\/\/www.meydan.tv\/az\/","name":"MEYDAN.TV","description":"Meydan TV Az\u0259rbaycan\u0131n media m\u0259kan\u0131ndak\u0131 alternativ s\u0259sidir","publisher":{"@id":"https:\/\/www.meydan.tv\/az\/#organization"},"potentialAction":[{"@type":"SearchAction","target":{"@type":"EntryPoint","urlTemplate":"https:\/\/www.meydan.tv\/az\/?s={search_term_string}"},"query-input":{"@type":"PropertyValueSpecification","valueRequired":true,"valueName":"search_term_string"}}],"inLanguage":"az"},{"@type":"Organization","@id":"https:\/\/www.meydan.tv\/az\/#organization","name":"Meydan TV","url":"https:\/\/www.meydan.tv\/az\/","logo":{"@type":"ImageObject","inLanguage":"az","@id":"https:\/\/www.meydan.tv\/az\/#\/schema\/logo\/image\/","url":"https:\/\/www.meydan.tv\/wp-content\/uploads\/2021\/07\/meydan-logo.svg","contentUrl":"https:\/\/www.meydan.tv\/wp-content\/uploads\/2021\/07\/meydan-logo.svg","width":195,"height":46,"caption":"Meydan TV"},"image":{"@id":"https:\/\/www.meydan.tv\/az\/#\/schema\/logo\/image\/"}},{"@type":"Person","@id":"https:\/\/www.meydan.tv\/az\/#\/schema\/person\/476e9360e593fa131d5d71d51866f8da","name":"aleks"}]}},"_links":{"self":[{"href":"https:\/\/www.meydan.tv\/az\/wp-json\/wp\/v2\/posts\/308357","targetHints":{"allow":["GET"]}}],"collection":[{"href":"https:\/\/www.meydan.tv\/az\/wp-json\/wp\/v2\/posts"}],"about":[{"href":"https:\/\/www.meydan.tv\/az\/wp-json\/wp\/v2\/types\/post"}],"author":[{"embeddable":true,"href":"https:\/\/www.meydan.tv\/az\/wp-json\/wp\/v2\/users\/12"}],"replies":[{"embeddable":true,"href":"https:\/\/www.meydan.tv\/az\/wp-json\/wp\/v2\/comments?post=308357"}],"version-history":[{"count":2,"href":"https:\/\/www.meydan.tv\/az\/wp-json\/wp\/v2\/posts\/308357\/revisions"}],"predecessor-version":[{"id":308367,"href":"https:\/\/www.meydan.tv\/az\/wp-json\/wp\/v2\/posts\/308357\/revisions\/308367"}],"wp:featuredmedia":[{"embeddable":true,"href":"https:\/\/www.meydan.tv\/az\/wp-json\/wp\/v2\/media\/308358"}],"wp:attachment":[{"href":"https:\/\/www.meydan.tv\/az\/wp-json\/wp\/v2\/media?parent=308357"}],"wp:term":[{"taxonomy":"category","embeddable":true,"href":"https:\/\/www.meydan.tv\/az\/wp-json\/wp\/v2\/categories?post=308357"},{"taxonomy":"post_tag","embeddable":true,"href":"https:\/\/www.meydan.tv\/az\/wp-json\/wp\/v2\/tags?post=308357"}],"curies":[{"name":"wp","href":"https:\/\/api.w.org\/{rel}","templated":true}]}}