{"id":308350,"date":"2024-06-19T09:47:45","date_gmt":"2024-06-19T05:47:45","guid":{"rendered":"https:\/\/www.meydan.tv\/?p=308350"},"modified":"2024-06-19T11:24:33","modified_gmt":"2024-06-19T07:24:33","slug":"evi-qezali-veziyyete-dusen-vetendas-yeddi-il-cadirda-yasamaq-olar","status":"publish","type":"post","link":"https:\/\/www.meydan.tv\/az\/article\/evi-qezali-veziyyete-dusen-vetendas-yeddi-il-cadirda-yasamaq-olar\/","title":{"rendered":"Evi q\u0259zal\u0131 v\u0259ziyy\u0259t\u0259 d\u00fc\u015f\u0259n v\u0259t\u0259nda\u015f: &#8220;Yeddi il \u00e7ad\u0131rda ya\u015famaq olar?&#8221;"},"content":{"rendered":"\n<p><\/p>\n\n\n\n<p><strong><em>&#8220;\u00c7ad\u0131r a\u015fd\u0131, alt\u0131nda qald\u0131q, u\u015faqlar\u0131n ba\u015f\u0131 yar\u0131ld\u0131&#8230;&#8221;<\/em><\/strong><\/p>\n\n\n\n<p>5 n\u0259f\u0259rlik ail\u0259 ill\u0259rdir ki, q\u0131\u015f\u0131n soyu\u011funda, yay\u0131n istisind\u0259 \u00e7ad\u0131ra s\u0131\u011f\u0131n\u0131b. O \u00e7ad\u0131ra ki, n\u0259 \u015f\u0259raiti var, n\u0259 t\u0259hl\u00fck\u0259sizliyi. S\u00f6hb\u0259t L\u0259nk\u0259ran\u0131n Jidi k\u0259nd sakini Oruc Orucovun ail\u0259sind\u0259n gedir.<\/p>\n\n\n\n<p>\u015eikay\u0259t\u00e7i Meydan TV-y\u0259 ill\u0259rdir ki, \u00fczl\u0259\u015fdiyi ev problemind\u0259n dan\u0131\u015f\u0131b.<\/p>\n\n\n\n<p>Onun s\u00f6zl\u0259rin\u0259 g\u00f6r\u0259, 7 ildir ki, ikim\u0259rt\u0259b\u0259li 5 otaql\u0131 evi&nbsp; torpaq s\u00fcr\u00fc\u015fm\u0259si n\u0259tic\u0259sind\u0259 da\u011f\u0131l\u0131b. Haz\u0131rda evin n\u0259 tavan\u0131 var, n\u0259 d\u0259 divarlar\u0131. Ev h\u0259r an u\u00e7acaq durumdad\u0131r:<\/p>\n\n\n<div class=\"wp-block-image\">\n<figure class=\"aligncenter size-large\"><img decoding=\"async\" width=\"1095\" height=\"821\" data-src=\"https:\/\/www.meydan.tv\/wp-content\/uploads\/img-20240617-wa0069-1095x821.jpg\" alt=\"\" class=\"wp-image-308311 lazyload\" src=\"data:image\/svg+xml;base64,PHN2ZyB3aWR0aD0iMSIgaGVpZ2h0PSIxIiB4bWxucz0iaHR0cDovL3d3dy53My5vcmcvMjAwMC9zdmciPjwvc3ZnPg==\" style=\"--smush-placeholder-width: 1095px; --smush-placeholder-aspect-ratio: 1095\/821;\" \/><\/figure>\n<\/div>\n\n\n<p><em>&#8220;Torpaq yeralt\u0131 s\u00fcr\u00fc\u015f\u00fcr v\u0259 yeddi il \u00f6nc\u0259 g\u00fccl\u00fc ya\u011f\u0131nt\u0131lar s\u00fcr\u00fc\u015fm\u0259y\u0259 s\u0259b\u0259b oldu. N\u0259tic\u0259d\u0259 be\u015f otaql\u0131 evim q\u0259zal\u0131 v\u0259ziyy\u0259t\u0259 d\u00fc\u015fd\u00fc. O vaxta q\u0259d\u0259r evim q\u0259zal\u0131 deyildi. 33 ildir ki, tikilib. K\u00fcl\u0259k, ki\u00e7ik t\u0259kanl\u0131 z\u0259lz\u0259l\u0259l\u0259r evi u\u00e7urur. Sonuncu z\u0259lz\u0259l\u0259d\u0259, ya\u011f\u0131nt\u0131da divar\u0131n bir hiss\u0259si u\u00e7du. Divarlar i\u00e7d\u0259n v\u0259 \u00e7\u00f6ld\u0259n iri \u00e7at verib, ovulub t\u00f6k\u00fcl\u00fcr. \u00dcst \u00f6rt\u00fcy\u00fcnd\u0259 taxta dir\u0259kl\u0259r, tavan da\u011f\u0131l\u0131b dey\u0259 ya\u011f\u0131\u015f ke\u00e7irir. Sellofon \u00f6rtm\u00fc\u015f\u00fck, b\u00fct\u00fcn ya\u011f\u0131nt\u0131 evin i\u00e7ind\u0259dir. Armatur a\u015fa\u011f\u0131dan aralan\u0131b, d\u00f6\u015f\u0259m\u0259l\u0259r u\u00e7ur&#8221;.<\/em><\/p>\n\n\n\n<p><strong>&#8220;Bu ev h\u0259r an t\u0259hl\u00fck\u0259, q\u0259za dem\u0259kdir&#8221;<\/strong><\/p>\n\n\n\n<p>V\u0259t\u0259nda\u015f deyir ki, F\u00f6vq\u0259lad\u0259 Hallar Nazirliyinin (FHN) v\u0259 Ekologiya v\u0259 T\u0259bii S\u0259rv\u0259tl\u0259r Nazirliyinin (ETSN) \u0259m\u0259kda\u015flar\u0131 evin\u0259 bax\u0131\u015f ke\u00e7ir\u0259r\u0259k q\u0259zal\u0131 durumda oldu\u011funa dair r\u0259y veribl\u0259r. Ail\u0259 m\u00fcv\u0259qq\u0259ti ayr\u0131-ayr\u0131 vaxtlarda iki \u00e7ad\u0131rla t\u0259min edilib. Lakin \u00e7ad\u0131r n\u0259 q\u0131\u015f\u0131n soyu\u011funa, n\u0259 yaz\u0131n selin\u0259, n\u0259 d\u0259 yay\u0131n q\u0131zmar istisin\u0259 d\u00f6z\u00fcr.<\/p>\n\n\n<div class=\"wp-block-image\">\n<figure class=\"aligncenter size-large\"><img decoding=\"async\" width=\"1095\" height=\"821\" data-src=\"https:\/\/www.meydan.tv\/wp-content\/uploads\/img-20240617-wa0081-1095x821.jpg\" alt=\"\" class=\"wp-image-308332 lazyload\" src=\"data:image\/svg+xml;base64,PHN2ZyB3aWR0aD0iMSIgaGVpZ2h0PSIxIiB4bWxucz0iaHR0cDovL3d3dy53My5vcmcvMjAwMC9zdmciPjwvc3ZnPg==\" style=\"--smush-placeholder-width: 1095px; --smush-placeholder-aspect-ratio: 1095\/821;\" \/><\/figure>\n<\/div>\n\n\n<p>\u015eikay\u0259t\u00e7inin s\u00f6zl\u0259rin\u0259 g\u00f6r\u0259, \u00e7ad\u0131r pulsuz verils\u0259 d\u0259, k\u0259ndin icra n\u00fcmay\u0259nd\u0259si ondan 150 manat yol x\u0259rci v\u0259 m\u00fct\u0259x\u0259ssis pulu al\u0131b:<\/p>\n\n\n\n<p>&#8220;<em>F\u00f6vq\u0259lad\u0259 Hallar Nazirliyi iki \u00e7ad\u0131r verdi. Birini ya\u011f\u0131\u015f, g\u00fcn\u0259\u015f \u015f\u00fcas\u0131 da\u011f\u0131td\u0131, birini d\u0259 bir ildir ki, veribl\u0259r. \u0130cra n\u00fcmay\u0259nd\u0259si ikisin\u0259 120 manat yol pulu v\u0259 30 manat m\u00fct\u0259x\u0259ssis pulu t\u0259l\u0259b etdi. Bu ilin 13 yanvar\u0131nda g\u00fccl\u00fc qar ya\u011fanda \u00e7ad\u0131r yatd\u0131\u011f\u0131m\u0131z yerd\u0259 \u00fcst\u00fcm\u00fcz\u0259 a\u015fd\u0131, d\u00fcz, atam\u0131n q\u0131rx\u0131 g\u00fcn\u00fc. Alt\u0131ndan g\u00fccl\u0259 \u00e7\u0131xd\u0131q, u\u015faqlar\u0131n ba\u015f\u0131 yar\u0131ld\u0131. D\u0259mir dir\u0259kl\u0259ri da\u011f\u0131ld\u0131, taxta dir\u0259kl\u0259 \u0259v\u0259zl\u0259dim. He\u00e7 t\u0259bii f\u0259lak\u0259tl\u0259 g\u0259lib maraqlanan da olmad\u0131&#8221;.<\/em><\/p>\n\n\n<div class=\"wp-block-image\">\n<figure class=\"aligncenter size-large\"><img decoding=\"async\" width=\"1095\" height=\"821\" data-src=\"https:\/\/www.meydan.tv\/wp-content\/uploads\/img-20240617-wa0076-1095x821.jpg\" alt=\"\" class=\"wp-image-308317 lazyload\" src=\"data:image\/svg+xml;base64,PHN2ZyB3aWR0aD0iMSIgaGVpZ2h0PSIxIiB4bWxucz0iaHR0cDovL3d3dy53My5vcmcvMjAwMC9zdmciPjwvc3ZnPg==\" style=\"--smush-placeholder-width: 1095px; --smush-placeholder-aspect-ratio: 1095\/821;\" \/><\/figure>\n<\/div>\n\n\n<p>&#8220;<em>Bu ilin iyununda da sel \u00e7adra ziyan vurdu. \u0130\u00e7\u0259ri s\u00fcr\u00fcn\u0259nl\u0259r, h\u0259\u015faratlar girir, yayda istid\u0259n, q\u0131\u015fda soyuqdan durmaq olmur. Soban\u0131 s\u0259h\u0259r\u0259 q\u0259d\u0259r yand\u0131r\u0131r\u0131q, amma yen\u0259 soyuq olur. Haz\u0131rda \u00e7ad\u0131rda ya\u015famaq m\u00fcmk\u00fcn olmad\u0131\u011f\u0131ndan yenid\u0259n q\u0259zal\u0131 evim\u0259 s\u0131\u011f\u0131nm\u0131\u015fam. Bu ev d\u0259 h\u0259r an t\u0259hl\u00fck\u0259, q\u0259za dem\u0259kdir. G\u00fccl\u00fc ya\u011f\u0131nt\u0131, k\u00fcl\u0259k, z\u0259lz\u0259l\u0259 olarsa, tamamil\u0259 u\u00e7acaq&#8221;,<\/em> &#8211; dey\u0259 o qeyd edib.<\/p>\n\n\n\n<p><strong>&#8220;Maraqlanan yoxdur ki, v\u0259t\u0259nda\u015f \u00f6l\u00fcb-qal\u0131b&#8221;<\/strong><\/p>\n\n\n\n<p>V\u0259t\u0259nda\u015f deyir ki, k\u0259ndd\u0259 \u00e7ad\u0131rda ya\u015fayan t\u0259k ail\u0259dir. \u00dc\u00e7 il \u00f6nc\u0259 iki ail\u0259y\u0259 yeni ev tikilib verils\u0259 d\u0259, onun aidiyy\u0259ti qurumlara etdiyi \u00e7oxsayl\u0131 m\u00fcraci\u0259tl\u0259ri n\u0259tic\u0259siz qal\u0131b.<\/p>\n\n\n\n<p>D\u00f6rd d\u0259f\u0259 L\u0259nk\u0259ran \u015e\u0259h\u0259r \u0130cra Hakimiyy\u0259tinin ba\u015f\u00e7\u0131s\u0131n\u0131n q\u0259buluna d\u00fc\u015f\u00fcb d\u0259rdini s\u00f6yl\u0259s\u0259 d\u0259, dolan\u0131\u015f\u0131\u011f\u0131na yard\u0131m \u00fc\u00e7\u00fcn ona \u00f6t\u0259n ilin iyun v\u0259 dekabr aylar\u0131nda iki d\u0259f\u0259 \u00fcmumi min manat yard\u0131m edibl\u0259r.<\/p>\n\n\n<div class=\"wp-block-image\">\n<figure class=\"aligncenter size-large\"><img decoding=\"async\" width=\"1095\" height=\"821\" data-src=\"https:\/\/www.meydan.tv\/wp-content\/uploads\/img-20240617-wa0073-1095x821.jpg\" alt=\"\" class=\"wp-image-308320 lazyload\" src=\"data:image\/svg+xml;base64,PHN2ZyB3aWR0aD0iMSIgaGVpZ2h0PSIxIiB4bWxucz0iaHR0cDovL3d3dy53My5vcmcvMjAwMC9zdmciPjwvc3ZnPg==\" style=\"--smush-placeholder-width: 1095px; --smush-placeholder-aspect-ratio: 1095\/821;\" \/><\/figure>\n<\/div>\n\n\n<p>F\u00f6vq\u0259lad\u0259 Hallar Nazirliyin\u0259 \u00fcz tutsa da, onu regiona g\u00f6nd\u0259rib nazirin q\u0259bulunun regionlarda olaca\u011f\u0131n\u0131 deyibl\u0259r.<\/p>\n\n\n\n<p>Nazirlik bu ilin 15 fevral\u0131nda v\u0259t\u0259nda\u015f\u0131n yaz\u0131l\u0131 m\u00fcraci\u0259tin\u0259 bel\u0259 cavab verib:<em> &#8220;Atan\u0131z Nur\u0259ddin Qafur o\u011flu Orucovun ad\u0131na t\u0259rtib olunmu\u015f akta \u0259sas\u0259n, f\u0259rdi ya\u015fay\u0131\u015f eviniz b\u0259rpaya ehtiyac\u0131 olan evl\u0259r siyah\u0131s\u0131na daxil edilib. D\u00f6vl\u0259t b\u00fcdc\u0259sind\u0259n v\u0259sait ayr\u0131ld\u0131qdan sonra sizin evinizl\u0259 ba\u011fl\u0131 m\u00fcvafiq t\u0259dbirl\u0259r g\u00f6r\u00fcl\u0259c\u0259k&#8221;.<\/em><\/p>\n\n\n<div class=\"wp-block-image\">\n<figure class=\"aligncenter size-large\"><img decoding=\"async\" width=\"1095\" height=\"821\" data-src=\"https:\/\/www.meydan.tv\/wp-content\/uploads\/img-20240617-wa0098-1095x821.jpg\" alt=\"\" class=\"wp-image-308344 lazyload\" src=\"data:image\/svg+xml;base64,PHN2ZyB3aWR0aD0iMSIgaGVpZ2h0PSIxIiB4bWxucz0iaHR0cDovL3d3dy53My5vcmcvMjAwMC9zdmciPjwvc3ZnPg==\" style=\"--smush-placeholder-width: 1095px; --smush-placeholder-aspect-ratio: 1095\/821;\" \/><\/figure>\n<\/div>\n\n\n<p><strong>&#8220;\u0130mkan vermirl\u0259r d\u0259rdimi dem\u0259y\u0259, fikirl\u0259rimi t\u0259hrif edirl\u0259r&#8221;<\/strong><\/p>\n\n\n\n<p>Haz\u0131rda \u00e7\u0131x\u0131lmaz v\u0259ziyy\u0259td\u0259 qald\u0131\u011f\u0131n\u0131 dey\u0259n Orucov F\u00f6vq\u0259lad\u0259 Hallar Nazirliyind\u0259n evinin tikintisi \u00fc\u00e7\u00fcn t\u0259cili k\u00f6m\u0259k ist\u0259yir.<\/p>\n\n\n\n<p>\u015eikay\u0259t\u00e7i deyir ki, bu i\u015fd\u0259 ona L\u0259nk\u0259ran \u015e\u0259h\u0259r \u0130cra Hakimiyy\u0259ti v\u0259 yerli icra n\u00fcmay\u0259nd\u0259si d\u0259 mane olur:<\/p>\n\n\n<div class=\"wp-block-image\">\n<figure class=\"aligncenter size-large\"><img decoding=\"async\" width=\"1095\" height=\"821\" data-src=\"https:\/\/www.meydan.tv\/wp-content\/uploads\/img-20240617-wa0100-1095x821.jpg\" alt=\"\" class=\"wp-image-308341 lazyload\" src=\"data:image\/svg+xml;base64,PHN2ZyB3aWR0aD0iMSIgaGVpZ2h0PSIxIiB4bWxucz0iaHR0cDovL3d3dy53My5vcmcvMjAwMC9zdmciPjwvc3ZnPg==\" style=\"--smush-placeholder-width: 1095px; --smush-placeholder-aspect-ratio: 1095\/821;\" \/><\/figure>\n<\/div>\n\n\n<p>&#8220;<em>Maraqlanan yoxdur ki, v\u0259t\u0259nda\u015f \u00f6l\u00fcb-qal\u0131b. Q\u0131z\u0131m birinci sinif, o\u011flum bax\u00e7a u\u015fa\u011f\u0131d\u0131r. Onlar\u0131n ail\u0259si, \u00f6vlad\u0131 bu v\u0259ziyy\u0259td\u0259 qal\u0131r? L\u0259nk\u0259ran \u015e\u0259h\u0259r \u0130cra Hakimiyy\u0259tind\u0259 s\u00f6z\u00fcm\u00fc k\u0259sirl\u0259r, imkan vermirl\u0259r d\u0259rdimi dem\u0259y\u0259, fikirl\u0259rimi t\u0259hrif edirl\u0259r. Nazirliy\u0259 yaln\u0131\u015f m\u0259lumat verirl\u0259r ki, ev t\u0259bii f\u0259lak\u0259td\u0259n deyil, guya fiziki k\u00f6hn\u0259lm\u0259d\u0259n q\u0259zal\u0131 duruma d\u00fc\u015f\u00fcb. Hans\u0131 ki iki nazirlik q\u0259za il\u0259 ba\u011fl\u0131 r\u0259y verib&#8221;.<\/em><\/p>\n\n\n\n<p><em>&#8220;\u0130cra hakimiyy\u0259tinin verdiyi 1000 manat puldan 500-n\u00fc \u00e7ad\u0131r \u00fc\u00e7\u00fcn taxta d\u00f6\u015f\u0259m\u0259 alm\u0131\u015fam, qalan\u0131 \u0259rza\u011fa gedib. Bir t\u0259k anam pensiya al\u0131r, \u00f6z\u00fcm\u00fc d\u0259 ya\u015fa g\u00f6r\u0259 ofisiant kimi i\u015f\u0259 g\u00f6t\u00fcrm\u00fcrl\u0259r, ancaq i\u015f olanda g\u00fcn\u0259muzd i\u015fl\u0259yir\u0259m. Nec\u0259 ev tikim? M\u00fcraci\u0259tim\u0259 mane olan icra n\u00fcmay\u0259nd\u0259sidir, ancaq boynuna alm\u0131r. G\u0259lib t\u0259krar bax\u0131\u015f ke\u00e7irsinl\u0259r, g\u00f6rs\u00fcnl\u0259r n\u0259 s\u0259b\u0259bd\u0259n ev da\u011f\u0131l\u0131b. Bel\u0259 haqs\u0131zl\u0131q olmaz ax\u0131&#8221;, <\/em>&#8211; dey\u0259 L\u0259nk\u0259ran sakini vur\u011fulay\u0131b.<\/p>\n\n\n<div class=\"wp-block-image\">\n<figure class=\"aligncenter size-large\"><img decoding=\"async\" width=\"1095\" height=\"821\" data-src=\"https:\/\/www.meydan.tv\/wp-content\/uploads\/img-20240617-wa0095-1095x821.jpg\" alt=\"\" class=\"wp-image-308326 lazyload\" src=\"data:image\/svg+xml;base64,PHN2ZyB3aWR0aD0iMSIgaGVpZ2h0PSIxIiB4bWxucz0iaHR0cDovL3d3dy53My5vcmcvMjAwMC9zdmciPjwvc3ZnPg==\" style=\"--smush-placeholder-width: 1095px; --smush-placeholder-aspect-ratio: 1095\/821;\" \/><\/figure>\n<\/div>\n\n\n<p>L\u0259nk\u0259ran \u015e\u0259h\u0259r \u0130cra Hakimiyy\u0259ti is\u0259 v\u0259t\u0259nda\u015f\u0131n yaz\u0131l\u0131 m\u00fcraci\u0259tin\u0259 cavab\u0131nda m\u0259suliyy\u0259ti onun \u00fcz\u0259rin\u0259 at\u0131r:<\/p>\n\n\n\n<p>&#8220;<em>S\u00f6z\u00fcged\u0259n ya\u015fay\u0131\u015f evin\u0259 t\u0259bii f\u0259lak\u0259t n\u0259tic\u0259sind\u0259 deyil, fiziki k\u00f6hn\u0259lm\u0259 n\u0259tic\u0259sind\u0259 ziyan d\u0259yib. Az\u0259rbaycan Respublikas\u0131 M\u0259nzil M\u0259c\u0259ll\u0259sinin 28.1-ci madd\u0259sin\u0259 \u0259sas\u0259n uy\u011fun olaraq t\u0259bii f\u0259lak\u0259t v\u0259 m\u00fclkiyy\u0259t\u00e7id\u0259n as\u0131l\u0131 olmayan dig\u0259r s\u0259b\u0259bl\u0259rd\u0259n q\u0259zal\u0131 v\u0259ziyy\u0259t\u0259 d\u00fc\u015fm\u00fc\u015f m\u0259nzilin t\u0259mir v\u0259 b\u0259rpas\u0131 m\u00fclkiyy\u0259t\u00e7i t\u0259r\u0259find\u0259n h\u0259yata ke\u00e7irilm\u0259lidir&#8221;.<\/em><\/p>\n\n\n\n<p><strong>&#8220;L\u0259nk\u0259ran \u015e\u0259h\u0259r \u0130cra Hakimiyy\u0259ti ev tik\u0259n deyil&#8221;<\/strong><\/p>\n\n\n\n<p>Qeyri-i\u015f g\u00fcnl\u0259ri oldu\u011fundan L\u0259nk\u0259ran \u015e\u0259h\u0259r \u0130cra Hakimiyy\u0259tinin ba\u015f\u00e7\u0131s\u0131 Taleh Qara\u015fov Meydan TV-nin sor\u011fusuna cavab verm\u0259yib.<\/p>\n\n\n\n<p>Jidi k\u0259nd icra n\u00fcmay\u0259nd\u0259si \u015eamil Mirz\u0259yev is\u0259 Meydan TV-y\u0259 bildirib ki, v\u0259t\u0259nda\u015fa \u00e7ad\u0131r deyil, ev tikintisin\u0259 k\u00f6m\u0259k laz\u0131md\u0131r.<\/p>\n\n\n\n<p>&#8220;<em>L\u0259nk\u0259ran \u015e\u0259h\u0259r \u0130cra Hakimiyy\u0259ti v\u0259t\u0259nda\u015fa ev tik\u0259n deyil&#8221;,<\/em> &#8211; dey\u0259n icra n\u00fcmay\u0259nd\u0259si m\u0259suliyy\u0259ti FHN-nin \u00fcz\u0259rin\u0259 at\u0131r.<\/p>\n\n\n<div class=\"wp-block-image\">\n<figure class=\"aligncenter size-large\"><img decoding=\"async\" width=\"1095\" height=\"821\" data-src=\"https:\/\/www.meydan.tv\/wp-content\/uploads\/img-20240617-wa0070-1095x821.jpg\" alt=\"\" class=\"wp-image-308314 lazyload\" src=\"data:image\/svg+xml;base64,PHN2ZyB3aWR0aD0iMSIgaGVpZ2h0PSIxIiB4bWxucz0iaHR0cDovL3d3dy53My5vcmcvMjAwMC9zdmciPjwvc3ZnPg==\" style=\"--smush-placeholder-width: 1095px; --smush-placeholder-aspect-ratio: 1095\/821;\" \/><\/figure>\n<\/div>\n\n\n<p>O, v\u0259t\u0259nda\u015f\u0131n \u00e7ad\u0131ra g\u00f6r\u0259 ondan pul almas\u0131n\u0131 is\u0259 iftira adland\u0131r\u0131b:<\/p>\n\n\n\n<p>&#8220;<em>M\u0259n\u0259 FHN-d\u0259n z\u0259ng olunanda dedim ki, ona \u00e7ad\u0131r verm\u0259yin, in\u015faat materiallar\u0131 verin ki, ev tiksin. \u00c7ad\u0131r\u0131n ona n\u0259 xeyri var? Haz\u0131rda o, \u00e7ad\u0131rda ya\u015fam\u0131r, \u00e7\u00fcnki \u00e7ad\u0131r tez xarab olur, xeyri d\u0259 yoxdur. V\u0259t\u0259nda\u015f el\u0259 ba\u015fa d\u00fc\u015f\u00fcr ki, guya m\u0259n s\u0259hv m\u0259lumat verir\u0259m. \u00c7ad\u0131r \u00fc\u00e7\u00fcn yol puluya g\u00f6r\u0259 v\u0259t\u0259nda\u015fdan \u00f6d\u0259ni\u015f d\u0259 almam\u0131\u015fam. Bu iddia da yaland\u0131r, iftirad\u0131r&#8221;.<\/em><\/p>\n\n\n\n<p><em>&#8220;V\u0259t\u0259nda\u015f\u0131n evi s\u00fcr\u00fc\u015fm\u0259y\u0259 g\u00f6r\u0259 deyil, k\u00f6hn\u0259lm\u0259y\u0259 g\u00f6r\u0259 \u00e7\u00f6k\u00fcb. Mart ay\u0131n\u0131n 3-d\u0259 v\u0259 may ay\u0131n\u0131n 5-d\u0259 yenid\u0259n FHN v\u0259 Ekologiya v\u0259 T\u0259bii S\u0259rv\u0259tl\u0259r Nazirliyinin \u0259m\u0259kda\u015flar\u0131 ev\u0259 bax\u0131\u015f ke\u00e7iribl\u0259r. Onlar\u0131n r\u0259yl\u0259ri, q\u0259rarlar\u0131 n\u0259 olacaq, bilmir\u0259m. FHN v\u0259sait ay\u0131r\u0131b ev tiks\u0259, tik\u0259c\u0259k, L\u0259nk\u0259ran \u015e\u0259h\u0259r \u0130cra Hakimiyy\u0259ti ev tik\u0259n deyil. Onun el\u0259 v\u0259saiti yoxdur. Sad\u0259c\u0259, \u0259rzaq \u00fc\u00e7\u00fcn maddi yard\u0131m edib. \u00dcmumi q\u0259rar FHN-d\u0259n as\u0131l\u0131d\u0131r&#8221;, <\/em>&#8211; icra n\u00fcmay\u0259nd\u0259si bel\u0259 deyib.<\/p>\n\n\n<div class=\"wp-block-image\">\n<figure class=\"aligncenter size-large\"><img decoding=\"async\" width=\"1095\" height=\"821\" data-src=\"https:\/\/www.meydan.tv\/wp-content\/uploads\/img-20240617-wa0074-1095x821.jpg\" alt=\"\" class=\"wp-image-308323 lazyload\" src=\"data:image\/svg+xml;base64,PHN2ZyB3aWR0aD0iMSIgaGVpZ2h0PSIxIiB4bWxucz0iaHR0cDovL3d3dy53My5vcmcvMjAwMC9zdmciPjwvc3ZnPg==\" style=\"--smush-placeholder-width: 1095px; --smush-placeholder-aspect-ratio: 1095\/821;\" \/><\/figure>\n<\/div>\n\n\n<p><strong>&#8220;Qanunvericiliy\u0259 g\u00f6r\u0259 biz r\u0259y verib, m\u00fcv\u0259qq\u0259ti ya\u015fay\u0131\u015f yeri il\u0259 t\u0259min edirik&#8221;<\/strong><\/p>\n\n\n\n<p>FHN-d\u0259n Meydan TV-y\u0259 bildirilib ki, qeyri-i\u015f g\u00fcnl\u0259ri oldu\u011fundan v\u0259t\u0259nda\u015f\u0131n m\u00fcraci\u0259ti i\u015f g\u00fcnl\u0259rind\u0259 ara\u015fd\u0131r\u0131lacaq:<\/p>\n\n\n\n<p>&#8220;<em>Amma bu halla ba\u011fl\u0131 yen\u0259 d\u0259 yerli icra hakimiyy\u0259ti orqan\u0131na m\u00fcraci\u0259t etm\u0259li olacaqs\u0131n\u0131z. Qanunvericiliy\u0259 g\u00f6r\u0259, biz r\u0259y verib, m\u00fcv\u0259qq\u0259ti ya\u015fay\u0131\u015f yeri il\u0259 t\u0259min edirik. Q\u0259rar onlar\u0131nd\u0131r. Amma yen\u0259 ara\u015fd\u0131rar\u0131q&#8221;.<\/em><\/p>\n\n\n\n<p><strong>&#8220;Yen\u0259 eyni v\u0259d, eyni yolaverm\u0259&#8230;&#8221;<\/strong><\/p>\n\n\n\n<p>V\u0259t\u0259nda\u015f is\u0259 vur\u011fulay\u0131r ki, b\u00fct\u00fcn bunlar yalan v\u0259dl\u0259rdir, onu \u0259sass\u0131z yer\u0259 get-g\u0259l\u0259 sal\u0131rlar:<\/p>\n\n\n<div class=\"wp-block-image\">\n<figure class=\"aligncenter size-large\"><img decoding=\"async\" width=\"1095\" height=\"821\" data-src=\"https:\/\/www.meydan.tv\/wp-content\/uploads\/img-20240617-wa0095-1095x821.jpg\" alt=\"\" class=\"wp-image-308326 lazyload\" src=\"data:image\/svg+xml;base64,PHN2ZyB3aWR0aD0iMSIgaGVpZ2h0PSIxIiB4bWxucz0iaHR0cDovL3d3dy53My5vcmcvMjAwMC9zdmciPjwvc3ZnPg==\" style=\"--smush-placeholder-width: 1095px; --smush-placeholder-aspect-ratio: 1095\/821;\" \/><\/figure>\n<\/div>\n\n\n<p><em>&#8220;Birinci may deyil, apreld\u0259 m\u0259nim z\u0259ngimd\u0259n sonra FHN \u0259m\u0259kda\u015flar\u0131 g\u0259lib t\u0259krar bax\u0131\u015f ke\u00e7iribl\u0259r v\u0259 qeyd edibl\u0259r ki, s\u00fcr\u00fc\u015fm\u0259dir. \u0130kincisi is\u0259 dan\u0131r ki, bizd\u0259n \u00f6d\u0259ni\u015f almay\u0131b.\u00a0 Amma faktd\u0131r ki, \u00e7ad\u0131r g\u0259l\u0259nd\u0259 z\u0259ng etdi ki, yolpulu \u00f6d\u0259ni\u015fini edin v\u0259 \u00f6d\u0259dik. T\u0259krar bu bayramda FHN-\u0259 g\u0259lmi\u015f\u0259m. \u018flimd\u0259 d\u0259 nazirliyin son q\u0259rar\u0131d\u0131r. Dedil\u0259r ki, get, i\u015f g\u00fcn\u00fcnd\u0259 ara\u015fd\u0131rar\u0131q. Yen\u0259 eyni v\u0259d, eyni yolaverm\u0259. Qar\u015f\u0131dan q\u0131\u015f g\u0259lir,\u00a0 k\u00f6m\u0259k ets\u0259l\u0259r, n\u0259 olar ki?!&#8221;<\/em>.<\/p>\n\n\n<div class=\"wp-block-image\">\n<figure class=\"aligncenter size-large\"><img decoding=\"async\" width=\"1095\" height=\"821\" data-src=\"https:\/\/www.meydan.tv\/wp-content\/uploads\/img-20240617-wa0090-1095x821.jpg\" alt=\"\" class=\"wp-image-308347 lazyload\" src=\"data:image\/svg+xml;base64,PHN2ZyB3aWR0aD0iMSIgaGVpZ2h0PSIxIiB4bWxucz0iaHR0cDovL3d3dy53My5vcmcvMjAwMC9zdmciPjwvc3ZnPg==\" style=\"--smush-placeholder-width: 1095px; --smush-placeholder-aspect-ratio: 1095\/821;\" \/><\/figure>\n<\/div>","protected":false},"excerpt":{"rendered":"<p>&#8220;\u00c7ad\u0131r a\u015fd\u0131, alt\u0131nda qald\u0131q, u\u015faqlar\u0131n ba\u015f\u0131 yar\u0131ld\u0131&#8230;&#8221; 5 n\u0259f\u0259rlik ail\u0259 &#8230; <\/p>\n<p class=\"read-more-container\"><a title=\"Evi q\u0259zal\u0131 v\u0259ziyy\u0259t\u0259 d\u00fc\u015f\u0259n v\u0259t\u0259nda\u015f: &#8220;Yeddi il \u00e7ad\u0131rda ya\u015famaq olar?&#8221;\" class=\"read-more button\" href=\"https:\/\/www.meydan.tv\/az\/article\/evi-qezali-veziyyete-dusen-vetendas-yeddi-il-cadirda-yasamaq-olar\/#more-308350\" aria-label=\"Read more about Evi q\u0259zal\u0131 v\u0259ziyy\u0259t\u0259 d\u00fc\u015f\u0259n v\u0259t\u0259nda\u015f: &#8220;Yeddi il \u00e7ad\u0131rda ya\u015famaq olar?&#8221;\">Davam\u0131<\/a><\/p>\n","protected":false},"author":8,"featured_media":308329,"comment_status":"closed","ping_status":"closed","sticky":false,"template":"","format":"standard","meta":{"_acf_changed":false,"_sitemap_exclude":false,"_sitemap_priority":"","_sitemap_frequency":"","footnotes":""},"categories":[60,79,56],"tags":[],"class_list":["post-308350","post","type-post","status-publish","format-standard","has-post-thumbnail","hentry","category-bolge","category-featured","category-xeberler","infinite-scroll-item","generate-columns","tablet-grid-50","mobile-grid-100","grid-parent","grid-33","no-featured-image-padding"],"acf":[],"yoast_head":"<!-- This site is optimized with the Yoast SEO plugin v27.4 - https:\/\/yoast.com\/product\/yoast-seo-wordpress\/ -->\n<title>Evi q\u0259zal\u0131 v\u0259ziyy\u0259t\u0259 d\u00fc\u015f\u0259n v\u0259t\u0259nda\u015f: &quot;Yeddi il \u00e7ad\u0131rda ya\u015famaq olar?&quot; - MEYDAN.TV<\/title>\n<meta name=\"robots\" content=\"index, follow, max-snippet:-1, max-image-preview:large, max-video-preview:-1\" \/>\n<link rel=\"canonical\" href=\"https:\/\/www.meydan.tv\/az\/article\/evi-qezali-veziyyete-dusen-vetendas-yeddi-il-cadirda-yasamaq-olar\/\" \/>\n<meta property=\"og:locale\" content=\"az_AZ\" \/>\n<meta property=\"og:type\" content=\"article\" \/>\n<meta property=\"og:title\" content=\"Evi q\u0259zal\u0131 v\u0259ziyy\u0259t\u0259 d\u00fc\u015f\u0259n v\u0259t\u0259nda\u015f: &quot;Yeddi il \u00e7ad\u0131rda ya\u015famaq olar?&quot; - MEYDAN.TV\" \/>\n<meta property=\"og:description\" content=\"&#8220;\u00c7ad\u0131r a\u015fd\u0131, alt\u0131nda qald\u0131q, u\u015faqlar\u0131n ba\u015f\u0131 yar\u0131ld\u0131&#8230;&#8221; 5 n\u0259f\u0259rlik ail\u0259 ... Davam\u0131\" \/>\n<meta property=\"og:url\" content=\"https:\/\/www.meydan.tv\/az\/article\/evi-qezali-veziyyete-dusen-vetendas-yeddi-il-cadirda-yasamaq-olar\/\" \/>\n<meta property=\"og:site_name\" content=\"MEYDAN.TV\" \/>\n<meta property=\"article:published_time\" content=\"2024-06-19T05:47:45+00:00\" \/>\n<meta property=\"article:modified_time\" content=\"2024-06-19T07:24:33+00:00\" \/>\n<meta property=\"og:image\" content=\"https:\/\/www.meydan.tv\/wp-content\/uploads\/img-20240617-wa0082.jpg\" \/>\n\t<meta property=\"og:image:width\" content=\"1280\" \/>\n\t<meta property=\"og:image:height\" content=\"960\" \/>\n\t<meta property=\"og:image:type\" content=\"image\/jpeg\" \/>\n<meta name=\"author\" content=\"elli\" \/>\n<meta name=\"twitter:card\" content=\"summary_large_image\" \/>\n<meta name=\"twitter:creator\" content=\"@elli\" \/>\n<script type=\"application\/ld+json\" class=\"yoast-schema-graph\">{\"@context\":\"https:\\\/\\\/schema.org\",\"@graph\":[{\"@type\":\"Article\",\"@id\":\"https:\\\/\\\/www.meydan.tv\\\/az\\\/article\\\/evi-qezali-veziyyete-dusen-vetendas-yeddi-il-cadirda-yasamaq-olar\\\/#article\",\"isPartOf\":{\"@id\":\"https:\\\/\\\/www.meydan.tv\\\/az\\\/article\\\/evi-qezali-veziyyete-dusen-vetendas-yeddi-il-cadirda-yasamaq-olar\\\/\"},\"author\":{\"name\":\"elli\",\"@id\":\"https:\\\/\\\/www.meydan.tv\\\/az\\\/#\\\/schema\\\/person\\\/9cdbecf90d17180ce1dfbd95b08dcf47\"},\"headline\":\"Evi q\u0259zal\u0131 v\u0259ziyy\u0259t\u0259 d\u00fc\u015f\u0259n v\u0259t\u0259nda\u015f: &#8220;Yeddi il \u00e7ad\u0131rda ya\u015famaq olar?&#8221;\",\"datePublished\":\"2024-06-19T05:47:45+00:00\",\"dateModified\":\"2024-06-19T07:24:33+00:00\",\"mainEntityOfPage\":{\"@id\":\"https:\\\/\\\/www.meydan.tv\\\/az\\\/article\\\/evi-qezali-veziyyete-dusen-vetendas-yeddi-il-cadirda-yasamaq-olar\\\/\"},\"wordCount\":1733,\"publisher\":{\"@id\":\"https:\\\/\\\/www.meydan.tv\\\/az\\\/#organization\"},\"image\":{\"@id\":\"https:\\\/\\\/www.meydan.tv\\\/az\\\/article\\\/evi-qezali-veziyyete-dusen-vetendas-yeddi-il-cadirda-yasamaq-olar\\\/#primaryimage\"},\"thumbnailUrl\":\"https:\\\/\\\/www.meydan.tv\\\/wp-content\\\/uploads\\\/img-20240617-wa0082.jpg\",\"articleSection\":[\"B\u00f6lg\u0259\",\"T\u00f6vsiy\u0259\",\"X\u0259b\u0259rl\u0259r\"],\"inLanguage\":\"az\"},{\"@type\":\"WebPage\",\"@id\":\"https:\\\/\\\/www.meydan.tv\\\/az\\\/article\\\/evi-qezali-veziyyete-dusen-vetendas-yeddi-il-cadirda-yasamaq-olar\\\/\",\"url\":\"https:\\\/\\\/www.meydan.tv\\\/az\\\/article\\\/evi-qezali-veziyyete-dusen-vetendas-yeddi-il-cadirda-yasamaq-olar\\\/\",\"name\":\"Evi q\u0259zal\u0131 v\u0259ziyy\u0259t\u0259 d\u00fc\u015f\u0259n v\u0259t\u0259nda\u015f: \\\"Yeddi il \u00e7ad\u0131rda ya\u015famaq olar?\\\" - MEYDAN.TV\",\"isPartOf\":{\"@id\":\"https:\\\/\\\/www.meydan.tv\\\/az\\\/#website\"},\"primaryImageOfPage\":{\"@id\":\"https:\\\/\\\/www.meydan.tv\\\/az\\\/article\\\/evi-qezali-veziyyete-dusen-vetendas-yeddi-il-cadirda-yasamaq-olar\\\/#primaryimage\"},\"image\":{\"@id\":\"https:\\\/\\\/www.meydan.tv\\\/az\\\/article\\\/evi-qezali-veziyyete-dusen-vetendas-yeddi-il-cadirda-yasamaq-olar\\\/#primaryimage\"},\"thumbnailUrl\":\"https:\\\/\\\/www.meydan.tv\\\/wp-content\\\/uploads\\\/img-20240617-wa0082.jpg\",\"datePublished\":\"2024-06-19T05:47:45+00:00\",\"dateModified\":\"2024-06-19T07:24:33+00:00\",\"breadcrumb\":{\"@id\":\"https:\\\/\\\/www.meydan.tv\\\/az\\\/article\\\/evi-qezali-veziyyete-dusen-vetendas-yeddi-il-cadirda-yasamaq-olar\\\/#breadcrumb\"},\"inLanguage\":\"az\",\"potentialAction\":[{\"@type\":\"ReadAction\",\"target\":[\"https:\\\/\\\/www.meydan.tv\\\/az\\\/article\\\/evi-qezali-veziyyete-dusen-vetendas-yeddi-il-cadirda-yasamaq-olar\\\/\"]}]},{\"@type\":\"ImageObject\",\"inLanguage\":\"az\",\"@id\":\"https:\\\/\\\/www.meydan.tv\\\/az\\\/article\\\/evi-qezali-veziyyete-dusen-vetendas-yeddi-il-cadirda-yasamaq-olar\\\/#primaryimage\",\"url\":\"https:\\\/\\\/www.meydan.tv\\\/wp-content\\\/uploads\\\/img-20240617-wa0082.jpg\",\"contentUrl\":\"https:\\\/\\\/www.meydan.tv\\\/wp-content\\\/uploads\\\/img-20240617-wa0082.jpg\",\"width\":1280,\"height\":960,\"caption\":\"Fotolar: Meydan TV\"},{\"@type\":\"BreadcrumbList\",\"@id\":\"https:\\\/\\\/www.meydan.tv\\\/az\\\/article\\\/evi-qezali-veziyyete-dusen-vetendas-yeddi-il-cadirda-yasamaq-olar\\\/#breadcrumb\",\"itemListElement\":[{\"@type\":\"ListItem\",\"position\":1,\"name\":\"Ana s\u0259hif\u0259\",\"item\":\"https:\\\/\\\/www.meydan.tv\\\/az\\\/\"},{\"@type\":\"ListItem\",\"position\":2,\"name\":\"B\u00f6lg\u0259\",\"item\":\"https:\\\/\\\/www.meydan.tv\\\/az\\\/section\\\/bolge\\\/\"},{\"@type\":\"ListItem\",\"position\":3,\"name\":\"Evi q\u0259zal\u0131 v\u0259ziyy\u0259t\u0259 d\u00fc\u015f\u0259n v\u0259t\u0259nda\u015f: &#8220;Yeddi il \u00e7ad\u0131rda ya\u015famaq olar?&#8221;\"}]},{\"@type\":\"WebSite\",\"@id\":\"https:\\\/\\\/www.meydan.tv\\\/az\\\/#website\",\"url\":\"https:\\\/\\\/www.meydan.tv\\\/az\\\/\",\"name\":\"MEYDAN.TV\",\"description\":\"Meydan TV Az\u0259rbaycan\u0131n media m\u0259kan\u0131ndak\u0131 alternativ s\u0259sidir\",\"publisher\":{\"@id\":\"https:\\\/\\\/www.meydan.tv\\\/az\\\/#organization\"},\"potentialAction\":[{\"@type\":\"SearchAction\",\"target\":{\"@type\":\"EntryPoint\",\"urlTemplate\":\"https:\\\/\\\/www.meydan.tv\\\/az\\\/?s={search_term_string}\"},\"query-input\":{\"@type\":\"PropertyValueSpecification\",\"valueRequired\":true,\"valueName\":\"search_term_string\"}}],\"inLanguage\":\"az\"},{\"@type\":\"Organization\",\"@id\":\"https:\\\/\\\/www.meydan.tv\\\/az\\\/#organization\",\"name\":\"Meydan TV\",\"url\":\"https:\\\/\\\/www.meydan.tv\\\/az\\\/\",\"logo\":{\"@type\":\"ImageObject\",\"inLanguage\":\"az\",\"@id\":\"https:\\\/\\\/www.meydan.tv\\\/az\\\/#\\\/schema\\\/logo\\\/image\\\/\",\"url\":\"https:\\\/\\\/www.meydan.tv\\\/wp-content\\\/uploads\\\/2021\\\/07\\\/meydan-logo.svg\",\"contentUrl\":\"https:\\\/\\\/www.meydan.tv\\\/wp-content\\\/uploads\\\/2021\\\/07\\\/meydan-logo.svg\",\"width\":195,\"height\":46,\"caption\":\"Meydan TV\"},\"image\":{\"@id\":\"https:\\\/\\\/www.meydan.tv\\\/az\\\/#\\\/schema\\\/logo\\\/image\\\/\"}},{\"@type\":\"Person\",\"@id\":\"https:\\\/\\\/www.meydan.tv\\\/az\\\/#\\\/schema\\\/person\\\/9cdbecf90d17180ce1dfbd95b08dcf47\",\"name\":\"elli\",\"sameAs\":[\"https:\\\/\\\/x.com\\\/elli\"]}]}<\/script>\n<!-- \/ Yoast SEO plugin. -->","yoast_head_json":{"title":"Evi q\u0259zal\u0131 v\u0259ziyy\u0259t\u0259 d\u00fc\u015f\u0259n v\u0259t\u0259nda\u015f: \"Yeddi il \u00e7ad\u0131rda ya\u015famaq olar?\" - MEYDAN.TV","robots":{"index":"index","follow":"follow","max-snippet":"max-snippet:-1","max-image-preview":"max-image-preview:large","max-video-preview":"max-video-preview:-1"},"canonical":"https:\/\/www.meydan.tv\/az\/article\/evi-qezali-veziyyete-dusen-vetendas-yeddi-il-cadirda-yasamaq-olar\/","og_locale":"az_AZ","og_type":"article","og_title":"Evi q\u0259zal\u0131 v\u0259ziyy\u0259t\u0259 d\u00fc\u015f\u0259n v\u0259t\u0259nda\u015f: \"Yeddi il \u00e7ad\u0131rda ya\u015famaq olar?\" - MEYDAN.TV","og_description":"&#8220;\u00c7ad\u0131r a\u015fd\u0131, alt\u0131nda qald\u0131q, u\u015faqlar\u0131n ba\u015f\u0131 yar\u0131ld\u0131&#8230;&#8221; 5 n\u0259f\u0259rlik ail\u0259 ... Davam\u0131","og_url":"https:\/\/www.meydan.tv\/az\/article\/evi-qezali-veziyyete-dusen-vetendas-yeddi-il-cadirda-yasamaq-olar\/","og_site_name":"MEYDAN.TV","article_published_time":"2024-06-19T05:47:45+00:00","article_modified_time":"2024-06-19T07:24:33+00:00","og_image":[{"width":1280,"height":960,"url":"https:\/\/www.meydan.tv\/wp-content\/uploads\/img-20240617-wa0082.jpg","type":"image\/jpeg"}],"author":"elli","twitter_card":"summary_large_image","twitter_creator":"@elli","schema":{"@context":"https:\/\/schema.org","@graph":[{"@type":"Article","@id":"https:\/\/www.meydan.tv\/az\/article\/evi-qezali-veziyyete-dusen-vetendas-yeddi-il-cadirda-yasamaq-olar\/#article","isPartOf":{"@id":"https:\/\/www.meydan.tv\/az\/article\/evi-qezali-veziyyete-dusen-vetendas-yeddi-il-cadirda-yasamaq-olar\/"},"author":{"name":"elli","@id":"https:\/\/www.meydan.tv\/az\/#\/schema\/person\/9cdbecf90d17180ce1dfbd95b08dcf47"},"headline":"Evi q\u0259zal\u0131 v\u0259ziyy\u0259t\u0259 d\u00fc\u015f\u0259n v\u0259t\u0259nda\u015f: &#8220;Yeddi il \u00e7ad\u0131rda ya\u015famaq olar?&#8221;","datePublished":"2024-06-19T05:47:45+00:00","dateModified":"2024-06-19T07:24:33+00:00","mainEntityOfPage":{"@id":"https:\/\/www.meydan.tv\/az\/article\/evi-qezali-veziyyete-dusen-vetendas-yeddi-il-cadirda-yasamaq-olar\/"},"wordCount":1733,"publisher":{"@id":"https:\/\/www.meydan.tv\/az\/#organization"},"image":{"@id":"https:\/\/www.meydan.tv\/az\/article\/evi-qezali-veziyyete-dusen-vetendas-yeddi-il-cadirda-yasamaq-olar\/#primaryimage"},"thumbnailUrl":"https:\/\/www.meydan.tv\/wp-content\/uploads\/img-20240617-wa0082.jpg","articleSection":["B\u00f6lg\u0259","T\u00f6vsiy\u0259","X\u0259b\u0259rl\u0259r"],"inLanguage":"az"},{"@type":"WebPage","@id":"https:\/\/www.meydan.tv\/az\/article\/evi-qezali-veziyyete-dusen-vetendas-yeddi-il-cadirda-yasamaq-olar\/","url":"https:\/\/www.meydan.tv\/az\/article\/evi-qezali-veziyyete-dusen-vetendas-yeddi-il-cadirda-yasamaq-olar\/","name":"Evi q\u0259zal\u0131 v\u0259ziyy\u0259t\u0259 d\u00fc\u015f\u0259n v\u0259t\u0259nda\u015f: \"Yeddi il \u00e7ad\u0131rda ya\u015famaq olar?\" - MEYDAN.TV","isPartOf":{"@id":"https:\/\/www.meydan.tv\/az\/#website"},"primaryImageOfPage":{"@id":"https:\/\/www.meydan.tv\/az\/article\/evi-qezali-veziyyete-dusen-vetendas-yeddi-il-cadirda-yasamaq-olar\/#primaryimage"},"image":{"@id":"https:\/\/www.meydan.tv\/az\/article\/evi-qezali-veziyyete-dusen-vetendas-yeddi-il-cadirda-yasamaq-olar\/#primaryimage"},"thumbnailUrl":"https:\/\/www.meydan.tv\/wp-content\/uploads\/img-20240617-wa0082.jpg","datePublished":"2024-06-19T05:47:45+00:00","dateModified":"2024-06-19T07:24:33+00:00","breadcrumb":{"@id":"https:\/\/www.meydan.tv\/az\/article\/evi-qezali-veziyyete-dusen-vetendas-yeddi-il-cadirda-yasamaq-olar\/#breadcrumb"},"inLanguage":"az","potentialAction":[{"@type":"ReadAction","target":["https:\/\/www.meydan.tv\/az\/article\/evi-qezali-veziyyete-dusen-vetendas-yeddi-il-cadirda-yasamaq-olar\/"]}]},{"@type":"ImageObject","inLanguage":"az","@id":"https:\/\/www.meydan.tv\/az\/article\/evi-qezali-veziyyete-dusen-vetendas-yeddi-il-cadirda-yasamaq-olar\/#primaryimage","url":"https:\/\/www.meydan.tv\/wp-content\/uploads\/img-20240617-wa0082.jpg","contentUrl":"https:\/\/www.meydan.tv\/wp-content\/uploads\/img-20240617-wa0082.jpg","width":1280,"height":960,"caption":"Fotolar: Meydan TV"},{"@type":"BreadcrumbList","@id":"https:\/\/www.meydan.tv\/az\/article\/evi-qezali-veziyyete-dusen-vetendas-yeddi-il-cadirda-yasamaq-olar\/#breadcrumb","itemListElement":[{"@type":"ListItem","position":1,"name":"Ana s\u0259hif\u0259","item":"https:\/\/www.meydan.tv\/az\/"},{"@type":"ListItem","position":2,"name":"B\u00f6lg\u0259","item":"https:\/\/www.meydan.tv\/az\/section\/bolge\/"},{"@type":"ListItem","position":3,"name":"Evi q\u0259zal\u0131 v\u0259ziyy\u0259t\u0259 d\u00fc\u015f\u0259n v\u0259t\u0259nda\u015f: &#8220;Yeddi il \u00e7ad\u0131rda ya\u015famaq olar?&#8221;"}]},{"@type":"WebSite","@id":"https:\/\/www.meydan.tv\/az\/#website","url":"https:\/\/www.meydan.tv\/az\/","name":"MEYDAN.TV","description":"Meydan TV Az\u0259rbaycan\u0131n media m\u0259kan\u0131ndak\u0131 alternativ s\u0259sidir","publisher":{"@id":"https:\/\/www.meydan.tv\/az\/#organization"},"potentialAction":[{"@type":"SearchAction","target":{"@type":"EntryPoint","urlTemplate":"https:\/\/www.meydan.tv\/az\/?s={search_term_string}"},"query-input":{"@type":"PropertyValueSpecification","valueRequired":true,"valueName":"search_term_string"}}],"inLanguage":"az"},{"@type":"Organization","@id":"https:\/\/www.meydan.tv\/az\/#organization","name":"Meydan TV","url":"https:\/\/www.meydan.tv\/az\/","logo":{"@type":"ImageObject","inLanguage":"az","@id":"https:\/\/www.meydan.tv\/az\/#\/schema\/logo\/image\/","url":"https:\/\/www.meydan.tv\/wp-content\/uploads\/2021\/07\/meydan-logo.svg","contentUrl":"https:\/\/www.meydan.tv\/wp-content\/uploads\/2021\/07\/meydan-logo.svg","width":195,"height":46,"caption":"Meydan TV"},"image":{"@id":"https:\/\/www.meydan.tv\/az\/#\/schema\/logo\/image\/"}},{"@type":"Person","@id":"https:\/\/www.meydan.tv\/az\/#\/schema\/person\/9cdbecf90d17180ce1dfbd95b08dcf47","name":"elli","sameAs":["https:\/\/x.com\/elli"]}]}},"_links":{"self":[{"href":"https:\/\/www.meydan.tv\/az\/wp-json\/wp\/v2\/posts\/308350","targetHints":{"allow":["GET"]}}],"collection":[{"href":"https:\/\/www.meydan.tv\/az\/wp-json\/wp\/v2\/posts"}],"about":[{"href":"https:\/\/www.meydan.tv\/az\/wp-json\/wp\/v2\/types\/post"}],"author":[{"embeddable":true,"href":"https:\/\/www.meydan.tv\/az\/wp-json\/wp\/v2\/users\/8"}],"replies":[{"embeddable":true,"href":"https:\/\/www.meydan.tv\/az\/wp-json\/wp\/v2\/comments?post=308350"}],"version-history":[{"count":4,"href":"https:\/\/www.meydan.tv\/az\/wp-json\/wp\/v2\/posts\/308350\/revisions"}],"predecessor-version":[{"id":308356,"href":"https:\/\/www.meydan.tv\/az\/wp-json\/wp\/v2\/posts\/308350\/revisions\/308356"}],"wp:featuredmedia":[{"embeddable":true,"href":"https:\/\/www.meydan.tv\/az\/wp-json\/wp\/v2\/media\/308329"}],"wp:attachment":[{"href":"https:\/\/www.meydan.tv\/az\/wp-json\/wp\/v2\/media?parent=308350"}],"wp:term":[{"taxonomy":"category","embeddable":true,"href":"https:\/\/www.meydan.tv\/az\/wp-json\/wp\/v2\/categories?post=308350"},{"taxonomy":"post_tag","embeddable":true,"href":"https:\/\/www.meydan.tv\/az\/wp-json\/wp\/v2\/tags?post=308350"}],"curies":[{"name":"wp","href":"https:\/\/api.w.org\/{rel}","templated":true}]}}