{"id":308292,"date":"2024-06-18T16:06:10","date_gmt":"2024-06-18T12:06:10","guid":{"rendered":"https:\/\/www.meydan.tv\/?p=308292"},"modified":"2024-06-18T16:54:48","modified_gmt":"2024-06-18T12:54:48","slug":"samaxi-sakini-muqavilesi-bitmemis-isden-cixarildigini-deyir","status":"publish","type":"post","link":"https:\/\/www.meydan.tv\/az\/article\/samaxi-sakini-muqavilesi-bitmemis-isden-cixarildigini-deyir\/","title":{"rendered":"\u015eamax\u0131 sakini m\u00fcqavil\u0259si bitm\u0259mi\u015f i\u015fd\u0259n \u00e7\u0131xar\u0131ld\u0131\u011f\u0131n\u0131 deyir"},"content":{"rendered":"\n<p><\/p>\n\n\n\n<p><strong><em>\u201cYa\u015fl\u0131 vaxt\u0131mda m\u0259ni \u00e7\u00f6r\u0259kl\u0259 imtahana \u00e7\u0259kirl\u0259r\u201d<\/em><\/strong><\/p>\n\n\n\n<p>\u015eamax\u0131 rayon sakini, \u201cV\u0259t\u0259nda\u015f H\u00fcquqlar\u0131n\u0131n M\u00fcdafi\u0259sin\u0259 D\u0259st\u0259k\u201d M\u00fcst\u0259qil H\u0259mkarlar Birliyinin \u015eamax\u0131 rayon \u015f\u00f6b\u0259sinin s\u0259dri Tapd\u0131q Manafov m\u00fcqavil\u0259 m\u00fcdd\u0259ti bitm\u0259diyi halda i\u015fd\u0259n uzaqla\u015fd\u0131r\u0131ld\u0131\u011f\u0131n\u0131 deyir.<\/p>\n\n\n\n<p>Meydan TV-y\u0259 m\u00fcraci\u0259t ed\u0259n Manafov i\u015fd\u0259n uzaqla\u015fd\u0131r\u0131lmas\u0131n\u0131 ictimai f\u0259aliyy\u0259ti il\u0259 \u0259laq\u0259l\u0259ndirir.<\/p>\n\n\n\n<p><em>\u201c2019-cu ilin oktyabr\u0131n 5-d\u0259 be\u015f illik m\u00fcqavil\u0259 \u0259sas\u0131nda DOST Agentliyinin \u015eamax\u0131 rayon \u015f\u00f6b\u0259sinin vasit\u0259sil\u0259 rayonda kommunal t\u0259s\u0259rr\u00fcfat i\u015fl\u0259rind\u0259 i\u015fl\u0259 t\u0259min edildim. Bu ilin may\u0131n 14-d\u0259 x\u0259st\u0259 oldu\u011fum, x\u0259st\u0259lik v\u0259r\u0259q\u0259si t\u0259qdim etdiyim halda m\u00fcqavil\u0259m\u0259 xitam verilib. Halbuki m\u00fcqavil\u0259nin m\u00fcdd\u0259tinin bitm\u0259sin\u0259 aylar var\u201d<\/em>,-\u015fikay\u0259t\u00e7i deyib. <\/p>\n\n\n<div class=\"wp-block-image\">\n<figure class=\"alignright size-full is-resized\"><img decoding=\"async\" width=\"1200\" height=\"675\" data-src=\"https:\/\/www.meydan.tv\/wp-content\/uploads\/fehle-hh.jpg\" alt=\"\" class=\"wp-image-308286 lazyload\" style=\"--smush-placeholder-width: 1200px; --smush-placeholder-aspect-ratio: 1200\/675;width:411px;height:auto\" src=\"data:image\/svg+xml;base64,PHN2ZyB3aWR0aD0iMSIgaGVpZ2h0PSIxIiB4bWxucz0iaHR0cDovL3d3dy53My5vcmcvMjAwMC9zdmciPjwvc3ZnPg==\" \/><figcaption class=\"wp-element-caption\">Tapd\u0131q Manafov. Foto: Meydan TV<\/figcaption><\/figure>\n<\/div>\n\n\n<p>Bildirib ki, yaln\u0131z t\u0259qa\u00fcdl\u0259 dolana bilmir, indiy\u0259d\u0259k 325 manat maa\u015fla x\u0259rcl\u0259rini g\u00fccl\u0259 qar\u015f\u0131laya bilib: <\/p>\n\n\n\n<p><em>\u201c65 ya\u015f\u0131m var, bu ya\u015f\u0131mda i\u015fl\u0259m\u0259k m\u0259cburiyy\u0259tind\u0259y\u0259m, 6 n\u0259f\u0259r ail\u0259 \u00fczv\u00fc dolanmal\u0131d\u0131r. Amma ya\u015fl\u0131 vaxt\u0131mda m\u0259ni \u00e7\u00f6r\u0259kl\u0259 imtahana \u00e7\u0259kirl\u0259r. \u018fm\u0259k v\u0259 \u018fhalinin Sosial M\u00fcdafi\u0259 Nazirliyin\u0259 etdiyim \u015fikay\u0259tl\u0259r cavabs\u0131z qal\u0131b. T\u0259qa\u00fcdl\u0259 dolana bilmir\u0259m, f\u0259hl\u0259y\u0259m, onu da \u00e7ox g\u00f6r\u00fcrl\u0259r. Halbuki m\u0259niml\u0259 \u00e7al\u0131\u015fanlar\u0131n \u00e7oxu el\u0259 m\u0259n ya\u015fdad\u0131r\u201d.<\/em><\/p>\n\n\n\n<p>DOST Agentliyind\u0259n Meydan TV-y\u0259 m\u0259s\u0259l\u0259ni ara\u015fd\u0131racaqlar\u0131n\u0131 deyibl\u0259r.<\/p>\n\n\n\n<p><\/p>\n","protected":false},"excerpt":{"rendered":"<p>\u201cYa\u015fl\u0131 vaxt\u0131mda m\u0259ni \u00e7\u00f6r\u0259kl\u0259 imtahana \u00e7\u0259kirl\u0259r\u201d \u015eamax\u0131 rayon sakini, \u201cV\u0259t\u0259nda\u015f &#8230; <\/p>\n<p class=\"read-more-container\"><a title=\"\u015eamax\u0131 sakini m\u00fcqavil\u0259si bitm\u0259mi\u015f i\u015fd\u0259n \u00e7\u0131xar\u0131ld\u0131\u011f\u0131n\u0131 deyir\" class=\"read-more button\" href=\"https:\/\/www.meydan.tv\/az\/article\/samaxi-sakini-muqavilesi-bitmemis-isden-cixarildigini-deyir\/#more-308292\" aria-label=\"Read more about \u015eamax\u0131 sakini m\u00fcqavil\u0259si bitm\u0259mi\u015f i\u015fd\u0259n \u00e7\u0131xar\u0131ld\u0131\u011f\u0131n\u0131 deyir\">Davam\u0131<\/a><\/p>\n","protected":false},"author":8,"featured_media":226780,"comment_status":"closed","ping_status":"closed","sticky":false,"template":"","format":"standard","meta":{"_acf_changed":false,"_sitemap_exclude":false,"_sitemap_priority":"","_sitemap_frequency":"","footnotes":""},"categories":[60,56],"tags":[],"class_list":["post-308292","post","type-post","status-publish","format-standard","has-post-thumbnail","hentry","category-bolge","category-xeberler","infinite-scroll-item","generate-columns","tablet-grid-50","mobile-grid-100","grid-parent","grid-33","no-featured-image-padding"],"acf":[],"yoast_head":"<!-- This site is optimized with the Yoast SEO plugin v27.4 - https:\/\/yoast.com\/product\/yoast-seo-wordpress\/ -->\n<title>\u015eamax\u0131 sakini m\u00fcqavil\u0259si bitm\u0259mi\u015f i\u015fd\u0259n \u00e7\u0131xar\u0131ld\u0131\u011f\u0131n\u0131 deyir - MEYDAN.TV<\/title>\n<meta name=\"robots\" content=\"index, follow, max-snippet:-1, max-image-preview:large, max-video-preview:-1\" \/>\n<link rel=\"canonical\" href=\"https:\/\/www.meydan.tv\/az\/article\/samaxi-sakini-muqavilesi-bitmemis-isden-cixarildigini-deyir\/\" \/>\n<meta property=\"og:locale\" content=\"az_AZ\" \/>\n<meta property=\"og:type\" content=\"article\" \/>\n<meta property=\"og:title\" content=\"\u015eamax\u0131 sakini m\u00fcqavil\u0259si bitm\u0259mi\u015f i\u015fd\u0259n \u00e7\u0131xar\u0131ld\u0131\u011f\u0131n\u0131 deyir - MEYDAN.TV\" \/>\n<meta property=\"og:description\" content=\"\u201cYa\u015fl\u0131 vaxt\u0131mda m\u0259ni \u00e7\u00f6r\u0259kl\u0259 imtahana \u00e7\u0259kirl\u0259r\u201d \u015eamax\u0131 rayon sakini, \u201cV\u0259t\u0259nda\u015f ... Davam\u0131\" \/>\n<meta property=\"og:url\" content=\"https:\/\/www.meydan.tv\/az\/article\/samaxi-sakini-muqavilesi-bitmemis-isden-cixarildigini-deyir\/\" \/>\n<meta property=\"og:site_name\" content=\"MEYDAN.TV\" \/>\n<meta property=\"article:published_time\" content=\"2024-06-18T12:06:10+00:00\" \/>\n<meta property=\"article:modified_time\" content=\"2024-06-18T12:54:48+00:00\" \/>\n<meta property=\"og:image\" content=\"https:\/\/www.meydan.tv\/wp-content\/uploads\/unnamed-2.jpg\" \/>\n\t<meta property=\"og:image:width\" content=\"1422\" \/>\n\t<meta property=\"og:image:height\" content=\"800\" \/>\n\t<meta property=\"og:image:type\" content=\"image\/jpeg\" \/>\n<meta name=\"author\" content=\"elli\" \/>\n<meta name=\"twitter:card\" content=\"summary_large_image\" \/>\n<meta name=\"twitter:creator\" content=\"@elli\" \/>\n<script type=\"application\/ld+json\" class=\"yoast-schema-graph\">{\"@context\":\"https:\\\/\\\/schema.org\",\"@graph\":[{\"@type\":\"Article\",\"@id\":\"https:\\\/\\\/www.meydan.tv\\\/az\\\/article\\\/samaxi-sakini-muqavilesi-bitmemis-isden-cixarildigini-deyir\\\/#article\",\"isPartOf\":{\"@id\":\"https:\\\/\\\/www.meydan.tv\\\/az\\\/article\\\/samaxi-sakini-muqavilesi-bitmemis-isden-cixarildigini-deyir\\\/\"},\"author\":{\"name\":\"elli\",\"@id\":\"https:\\\/\\\/www.meydan.tv\\\/az\\\/#\\\/schema\\\/person\\\/9cdbecf90d17180ce1dfbd95b08dcf47\"},\"headline\":\"\u015eamax\u0131 sakini m\u00fcqavil\u0259si bitm\u0259mi\u015f i\u015fd\u0259n \u00e7\u0131xar\u0131ld\u0131\u011f\u0131n\u0131 deyir\",\"datePublished\":\"2024-06-18T12:06:10+00:00\",\"dateModified\":\"2024-06-18T12:54:48+00:00\",\"mainEntityOfPage\":{\"@id\":\"https:\\\/\\\/www.meydan.tv\\\/az\\\/article\\\/samaxi-sakini-muqavilesi-bitmemis-isden-cixarildigini-deyir\\\/\"},\"wordCount\":296,\"publisher\":{\"@id\":\"https:\\\/\\\/www.meydan.tv\\\/az\\\/#organization\"},\"image\":{\"@id\":\"https:\\\/\\\/www.meydan.tv\\\/az\\\/article\\\/samaxi-sakini-muqavilesi-bitmemis-isden-cixarildigini-deyir\\\/#primaryimage\"},\"thumbnailUrl\":\"https:\\\/\\\/www.meydan.tv\\\/wp-content\\\/uploads\\\/unnamed-2.jpg\",\"articleSection\":[\"B\u00f6lg\u0259\",\"X\u0259b\u0259rl\u0259r\"],\"inLanguage\":\"az\"},{\"@type\":\"WebPage\",\"@id\":\"https:\\\/\\\/www.meydan.tv\\\/az\\\/article\\\/samaxi-sakini-muqavilesi-bitmemis-isden-cixarildigini-deyir\\\/\",\"url\":\"https:\\\/\\\/www.meydan.tv\\\/az\\\/article\\\/samaxi-sakini-muqavilesi-bitmemis-isden-cixarildigini-deyir\\\/\",\"name\":\"\u015eamax\u0131 sakini m\u00fcqavil\u0259si bitm\u0259mi\u015f i\u015fd\u0259n \u00e7\u0131xar\u0131ld\u0131\u011f\u0131n\u0131 deyir - MEYDAN.TV\",\"isPartOf\":{\"@id\":\"https:\\\/\\\/www.meydan.tv\\\/az\\\/#website\"},\"primaryImageOfPage\":{\"@id\":\"https:\\\/\\\/www.meydan.tv\\\/az\\\/article\\\/samaxi-sakini-muqavilesi-bitmemis-isden-cixarildigini-deyir\\\/#primaryimage\"},\"image\":{\"@id\":\"https:\\\/\\\/www.meydan.tv\\\/az\\\/article\\\/samaxi-sakini-muqavilesi-bitmemis-isden-cixarildigini-deyir\\\/#primaryimage\"},\"thumbnailUrl\":\"https:\\\/\\\/www.meydan.tv\\\/wp-content\\\/uploads\\\/unnamed-2.jpg\",\"datePublished\":\"2024-06-18T12:06:10+00:00\",\"dateModified\":\"2024-06-18T12:54:48+00:00\",\"breadcrumb\":{\"@id\":\"https:\\\/\\\/www.meydan.tv\\\/az\\\/article\\\/samaxi-sakini-muqavilesi-bitmemis-isden-cixarildigini-deyir\\\/#breadcrumb\"},\"inLanguage\":\"az\",\"potentialAction\":[{\"@type\":\"ReadAction\",\"target\":[\"https:\\\/\\\/www.meydan.tv\\\/az\\\/article\\\/samaxi-sakini-muqavilesi-bitmemis-isden-cixarildigini-deyir\\\/\"]}]},{\"@type\":\"ImageObject\",\"inLanguage\":\"az\",\"@id\":\"https:\\\/\\\/www.meydan.tv\\\/az\\\/article\\\/samaxi-sakini-muqavilesi-bitmemis-isden-cixarildigini-deyir\\\/#primaryimage\",\"url\":\"https:\\\/\\\/www.meydan.tv\\\/wp-content\\\/uploads\\\/unnamed-2.jpg\",\"contentUrl\":\"https:\\\/\\\/www.meydan.tv\\\/wp-content\\\/uploads\\\/unnamed-2.jpg\",\"width\":1422,\"height\":800,\"caption\":\"DOST Agentliyi, Foto: dost.gov.az\"},{\"@type\":\"BreadcrumbList\",\"@id\":\"https:\\\/\\\/www.meydan.tv\\\/az\\\/article\\\/samaxi-sakini-muqavilesi-bitmemis-isden-cixarildigini-deyir\\\/#breadcrumb\",\"itemListElement\":[{\"@type\":\"ListItem\",\"position\":1,\"name\":\"Ana s\u0259hif\u0259\",\"item\":\"https:\\\/\\\/www.meydan.tv\\\/az\\\/\"},{\"@type\":\"ListItem\",\"position\":2,\"name\":\"B\u00f6lg\u0259\",\"item\":\"https:\\\/\\\/www.meydan.tv\\\/az\\\/section\\\/bolge\\\/\"},{\"@type\":\"ListItem\",\"position\":3,\"name\":\"\u015eamax\u0131 sakini m\u00fcqavil\u0259si bitm\u0259mi\u015f i\u015fd\u0259n \u00e7\u0131xar\u0131ld\u0131\u011f\u0131n\u0131 deyir\"}]},{\"@type\":\"WebSite\",\"@id\":\"https:\\\/\\\/www.meydan.tv\\\/az\\\/#website\",\"url\":\"https:\\\/\\\/www.meydan.tv\\\/az\\\/\",\"name\":\"MEYDAN.TV\",\"description\":\"Meydan TV Az\u0259rbaycan\u0131n media m\u0259kan\u0131ndak\u0131 alternativ s\u0259sidir\",\"publisher\":{\"@id\":\"https:\\\/\\\/www.meydan.tv\\\/az\\\/#organization\"},\"potentialAction\":[{\"@type\":\"SearchAction\",\"target\":{\"@type\":\"EntryPoint\",\"urlTemplate\":\"https:\\\/\\\/www.meydan.tv\\\/az\\\/?s={search_term_string}\"},\"query-input\":{\"@type\":\"PropertyValueSpecification\",\"valueRequired\":true,\"valueName\":\"search_term_string\"}}],\"inLanguage\":\"az\"},{\"@type\":\"Organization\",\"@id\":\"https:\\\/\\\/www.meydan.tv\\\/az\\\/#organization\",\"name\":\"Meydan TV\",\"url\":\"https:\\\/\\\/www.meydan.tv\\\/az\\\/\",\"logo\":{\"@type\":\"ImageObject\",\"inLanguage\":\"az\",\"@id\":\"https:\\\/\\\/www.meydan.tv\\\/az\\\/#\\\/schema\\\/logo\\\/image\\\/\",\"url\":\"https:\\\/\\\/www.meydan.tv\\\/wp-content\\\/uploads\\\/2021\\\/07\\\/meydan-logo.svg\",\"contentUrl\":\"https:\\\/\\\/www.meydan.tv\\\/wp-content\\\/uploads\\\/2021\\\/07\\\/meydan-logo.svg\",\"width\":195,\"height\":46,\"caption\":\"Meydan TV\"},\"image\":{\"@id\":\"https:\\\/\\\/www.meydan.tv\\\/az\\\/#\\\/schema\\\/logo\\\/image\\\/\"}},{\"@type\":\"Person\",\"@id\":\"https:\\\/\\\/www.meydan.tv\\\/az\\\/#\\\/schema\\\/person\\\/9cdbecf90d17180ce1dfbd95b08dcf47\",\"name\":\"elli\",\"sameAs\":[\"https:\\\/\\\/x.com\\\/elli\"]}]}<\/script>\n<!-- \/ Yoast SEO plugin. -->","yoast_head_json":{"title":"\u015eamax\u0131 sakini m\u00fcqavil\u0259si bitm\u0259mi\u015f i\u015fd\u0259n \u00e7\u0131xar\u0131ld\u0131\u011f\u0131n\u0131 deyir - MEYDAN.TV","robots":{"index":"index","follow":"follow","max-snippet":"max-snippet:-1","max-image-preview":"max-image-preview:large","max-video-preview":"max-video-preview:-1"},"canonical":"https:\/\/www.meydan.tv\/az\/article\/samaxi-sakini-muqavilesi-bitmemis-isden-cixarildigini-deyir\/","og_locale":"az_AZ","og_type":"article","og_title":"\u015eamax\u0131 sakini m\u00fcqavil\u0259si bitm\u0259mi\u015f i\u015fd\u0259n \u00e7\u0131xar\u0131ld\u0131\u011f\u0131n\u0131 deyir - MEYDAN.TV","og_description":"\u201cYa\u015fl\u0131 vaxt\u0131mda m\u0259ni \u00e7\u00f6r\u0259kl\u0259 imtahana \u00e7\u0259kirl\u0259r\u201d \u015eamax\u0131 rayon sakini, \u201cV\u0259t\u0259nda\u015f ... Davam\u0131","og_url":"https:\/\/www.meydan.tv\/az\/article\/samaxi-sakini-muqavilesi-bitmemis-isden-cixarildigini-deyir\/","og_site_name":"MEYDAN.TV","article_published_time":"2024-06-18T12:06:10+00:00","article_modified_time":"2024-06-18T12:54:48+00:00","og_image":[{"width":1422,"height":800,"url":"https:\/\/www.meydan.tv\/wp-content\/uploads\/unnamed-2.jpg","type":"image\/jpeg"}],"author":"elli","twitter_card":"summary_large_image","twitter_creator":"@elli","schema":{"@context":"https:\/\/schema.org","@graph":[{"@type":"Article","@id":"https:\/\/www.meydan.tv\/az\/article\/samaxi-sakini-muqavilesi-bitmemis-isden-cixarildigini-deyir\/#article","isPartOf":{"@id":"https:\/\/www.meydan.tv\/az\/article\/samaxi-sakini-muqavilesi-bitmemis-isden-cixarildigini-deyir\/"},"author":{"name":"elli","@id":"https:\/\/www.meydan.tv\/az\/#\/schema\/person\/9cdbecf90d17180ce1dfbd95b08dcf47"},"headline":"\u015eamax\u0131 sakini m\u00fcqavil\u0259si bitm\u0259mi\u015f i\u015fd\u0259n \u00e7\u0131xar\u0131ld\u0131\u011f\u0131n\u0131 deyir","datePublished":"2024-06-18T12:06:10+00:00","dateModified":"2024-06-18T12:54:48+00:00","mainEntityOfPage":{"@id":"https:\/\/www.meydan.tv\/az\/article\/samaxi-sakini-muqavilesi-bitmemis-isden-cixarildigini-deyir\/"},"wordCount":296,"publisher":{"@id":"https:\/\/www.meydan.tv\/az\/#organization"},"image":{"@id":"https:\/\/www.meydan.tv\/az\/article\/samaxi-sakini-muqavilesi-bitmemis-isden-cixarildigini-deyir\/#primaryimage"},"thumbnailUrl":"https:\/\/www.meydan.tv\/wp-content\/uploads\/unnamed-2.jpg","articleSection":["B\u00f6lg\u0259","X\u0259b\u0259rl\u0259r"],"inLanguage":"az"},{"@type":"WebPage","@id":"https:\/\/www.meydan.tv\/az\/article\/samaxi-sakini-muqavilesi-bitmemis-isden-cixarildigini-deyir\/","url":"https:\/\/www.meydan.tv\/az\/article\/samaxi-sakini-muqavilesi-bitmemis-isden-cixarildigini-deyir\/","name":"\u015eamax\u0131 sakini m\u00fcqavil\u0259si bitm\u0259mi\u015f i\u015fd\u0259n \u00e7\u0131xar\u0131ld\u0131\u011f\u0131n\u0131 deyir - MEYDAN.TV","isPartOf":{"@id":"https:\/\/www.meydan.tv\/az\/#website"},"primaryImageOfPage":{"@id":"https:\/\/www.meydan.tv\/az\/article\/samaxi-sakini-muqavilesi-bitmemis-isden-cixarildigini-deyir\/#primaryimage"},"image":{"@id":"https:\/\/www.meydan.tv\/az\/article\/samaxi-sakini-muqavilesi-bitmemis-isden-cixarildigini-deyir\/#primaryimage"},"thumbnailUrl":"https:\/\/www.meydan.tv\/wp-content\/uploads\/unnamed-2.jpg","datePublished":"2024-06-18T12:06:10+00:00","dateModified":"2024-06-18T12:54:48+00:00","breadcrumb":{"@id":"https:\/\/www.meydan.tv\/az\/article\/samaxi-sakini-muqavilesi-bitmemis-isden-cixarildigini-deyir\/#breadcrumb"},"inLanguage":"az","potentialAction":[{"@type":"ReadAction","target":["https:\/\/www.meydan.tv\/az\/article\/samaxi-sakini-muqavilesi-bitmemis-isden-cixarildigini-deyir\/"]}]},{"@type":"ImageObject","inLanguage":"az","@id":"https:\/\/www.meydan.tv\/az\/article\/samaxi-sakini-muqavilesi-bitmemis-isden-cixarildigini-deyir\/#primaryimage","url":"https:\/\/www.meydan.tv\/wp-content\/uploads\/unnamed-2.jpg","contentUrl":"https:\/\/www.meydan.tv\/wp-content\/uploads\/unnamed-2.jpg","width":1422,"height":800,"caption":"DOST Agentliyi, Foto: dost.gov.az"},{"@type":"BreadcrumbList","@id":"https:\/\/www.meydan.tv\/az\/article\/samaxi-sakini-muqavilesi-bitmemis-isden-cixarildigini-deyir\/#breadcrumb","itemListElement":[{"@type":"ListItem","position":1,"name":"Ana s\u0259hif\u0259","item":"https:\/\/www.meydan.tv\/az\/"},{"@type":"ListItem","position":2,"name":"B\u00f6lg\u0259","item":"https:\/\/www.meydan.tv\/az\/section\/bolge\/"},{"@type":"ListItem","position":3,"name":"\u015eamax\u0131 sakini m\u00fcqavil\u0259si bitm\u0259mi\u015f i\u015fd\u0259n \u00e7\u0131xar\u0131ld\u0131\u011f\u0131n\u0131 deyir"}]},{"@type":"WebSite","@id":"https:\/\/www.meydan.tv\/az\/#website","url":"https:\/\/www.meydan.tv\/az\/","name":"MEYDAN.TV","description":"Meydan TV Az\u0259rbaycan\u0131n media m\u0259kan\u0131ndak\u0131 alternativ s\u0259sidir","publisher":{"@id":"https:\/\/www.meydan.tv\/az\/#organization"},"potentialAction":[{"@type":"SearchAction","target":{"@type":"EntryPoint","urlTemplate":"https:\/\/www.meydan.tv\/az\/?s={search_term_string}"},"query-input":{"@type":"PropertyValueSpecification","valueRequired":true,"valueName":"search_term_string"}}],"inLanguage":"az"},{"@type":"Organization","@id":"https:\/\/www.meydan.tv\/az\/#organization","name":"Meydan TV","url":"https:\/\/www.meydan.tv\/az\/","logo":{"@type":"ImageObject","inLanguage":"az","@id":"https:\/\/www.meydan.tv\/az\/#\/schema\/logo\/image\/","url":"https:\/\/www.meydan.tv\/wp-content\/uploads\/2021\/07\/meydan-logo.svg","contentUrl":"https:\/\/www.meydan.tv\/wp-content\/uploads\/2021\/07\/meydan-logo.svg","width":195,"height":46,"caption":"Meydan TV"},"image":{"@id":"https:\/\/www.meydan.tv\/az\/#\/schema\/logo\/image\/"}},{"@type":"Person","@id":"https:\/\/www.meydan.tv\/az\/#\/schema\/person\/9cdbecf90d17180ce1dfbd95b08dcf47","name":"elli","sameAs":["https:\/\/x.com\/elli"]}]}},"_links":{"self":[{"href":"https:\/\/www.meydan.tv\/az\/wp-json\/wp\/v2\/posts\/308292","targetHints":{"allow":["GET"]}}],"collection":[{"href":"https:\/\/www.meydan.tv\/az\/wp-json\/wp\/v2\/posts"}],"about":[{"href":"https:\/\/www.meydan.tv\/az\/wp-json\/wp\/v2\/types\/post"}],"author":[{"embeddable":true,"href":"https:\/\/www.meydan.tv\/az\/wp-json\/wp\/v2\/users\/8"}],"replies":[{"embeddable":true,"href":"https:\/\/www.meydan.tv\/az\/wp-json\/wp\/v2\/comments?post=308292"}],"version-history":[{"count":3,"href":"https:\/\/www.meydan.tv\/az\/wp-json\/wp\/v2\/posts\/308292\/revisions"}],"predecessor-version":[{"id":308298,"href":"https:\/\/www.meydan.tv\/az\/wp-json\/wp\/v2\/posts\/308292\/revisions\/308298"}],"wp:featuredmedia":[{"embeddable":true,"href":"https:\/\/www.meydan.tv\/az\/wp-json\/wp\/v2\/media\/226780"}],"wp:attachment":[{"href":"https:\/\/www.meydan.tv\/az\/wp-json\/wp\/v2\/media?parent=308292"}],"wp:term":[{"taxonomy":"category","embeddable":true,"href":"https:\/\/www.meydan.tv\/az\/wp-json\/wp\/v2\/categories?post=308292"},{"taxonomy":"post_tag","embeddable":true,"href":"https:\/\/www.meydan.tv\/az\/wp-json\/wp\/v2\/tags?post=308292"}],"curies":[{"name":"wp","href":"https:\/\/api.w.org\/{rel}","templated":true}]}}