{"id":308209,"date":"2024-06-16T09:28:20","date_gmt":"2024-06-16T05:28:20","guid":{"rendered":"https:\/\/www.meydan.tv\/?p=308209"},"modified":"2024-06-16T15:27:40","modified_gmt":"2024-06-16T11:27:40","slug":"qubad-ibadoglunun-eleyhine-ifade-veren-alim-isgenceye-meruz-qaldigini-deyir","status":"publish","type":"post","link":"https:\/\/www.meydan.tv\/az\/article\/qubad-ibadoglunun-eleyhine-ifade-veren-alim-isgenceye-meruz-qaldigini-deyir\/","title":{"rendered":"Qubad \u0130bado\u011flunun \u0259leyhin\u0259 ifad\u0259 ver\u0259n alim i\u015fg\u0259nc\u0259y\u0259 m\u0259ruz qald\u0131\u011f\u0131n\u0131 deyir"},"content":{"rendered":"\n<p><\/p>\n\n\n\n<p><strong><em>\u201cSaatlarla d\u00f6y\u00fclm\u00fc\u015f\u0259m, elektro\u015foka verilmi\u015f\u0259m, ba\u015f\u0131m\u0131 unitaza sal\u0131blar\u2026\u201d<\/em><\/strong><\/p>\n\n\n\n<p>T\u00fcrkiy\u0259d\u0259 universitetd\u0259 \u00e7al\u0131\u015fan az\u0259rbaycanl\u0131 alim, 10 ay \u0259vv\u0259l \u0130stanbulda saxlan\u0131laraq, Az\u0259rbaycana g\u0259tiril\u0259n v\u0259 professor Qubad \u0130bado\u011flu il\u0259 birlikd\u0259 eyni cinay\u0259t i\u015fi \u00fczr\u0259 t\u0259qsirl\u0259ndiril\u0259n Fazil Qas\u0131mov i\u015fg\u0259nc\u0259l\u0259r\u0259, insanl\u0131\u011fa s\u0131\u011fmayan r\u0259ftara m\u0259ruz qald\u0131\u011f\u0131n\u0131 bildirib. O, m\u00fcxt\u0259lif d\u00f6vl\u0259t orqanlar\u0131na, o c\u00fcml\u0259d\u0259n Ba\u015f prokuror Kamran \u018fliyev\u0259, Ombudsman S\u0259bin\u0259 \u018fliyevaya, T\u00fcrkiy\u0259 B\u00f6y\u00fck Mill\u0259t M\u0259clisin\u0259 \u00fcnvanlad\u0131\u011f\u0131 m\u0259ktublarda ba\u015f\u0131na g\u0259l\u0259nl\u0259ri a\u00e7\u0131qlay\u0131b.<\/p>\n\n\n\n<p>Fazil Qas\u0131movun s\u00f6zl\u0259rin\u0259 g\u00f6r\u0259, Qubad \u0130bado\u011flunun \u0259leyhin\u0259 ifad\u0259 almaq \u00fc\u00e7\u00fcn Ba\u015f M\u00fct\u0259\u015f\u0259kkil Cinay\u0259tkarl\u0131qla M\u00fcbariz\u0259 \u0130dar\u0259sind\u0259 (\u201cbandotdel\u201d kimi tan\u0131n\u0131r-red) saatlarla d\u00f6y\u00fclm\u0259si, b\u0259d\u0259nin\u0259 elektro\u015fok verilm\u0259sind\u0259n tutmu\u015f, ba\u015f\u0131n\u0131n unitaza sal\u0131nmas\u0131na q\u0259d\u0259r m\u00fcxt\u0259lif formada&nbsp; i\u015fg\u0259nc\u0259l\u0259r\u0259 m\u0259ruz qal\u0131b. O, psixoloji v\u0259 fiziki t\u0259zyiql\u0259r alt\u0131nda ifad\u0259 verdiyini vur\u011fulayaraq, onlardan imtina etdiyini a\u00e7\u0131qlay\u0131b.<\/p>\n\n\n\n<p>T\u0259qsirl\u0259ndiril\u0259n alim ilkin istintaq d\u00f6vr\u00fcnd\u0259 onun v\u0259kili olmu\u015f Anar Qas\u0131ml\u0131n\u0131 da ittiham edir. O, m\u0259ktublar\u0131nda yaz\u0131r ki, \u00f6z\u00fcn\u00fcn v\u0259 Qubad \u0130bado\u011flunun \u0259leyhin\u0259 ifad\u0259 verm\u0259si \u00fc\u00e7\u00fcn ona m\u00fcst\u0259ntiql\u0259 yana\u015f\u0131, Anar Qas\u0131ml\u0131 da t\u0259zyiq edib.<\/p>\n\n\n\n<p>12 il T\u00fcrkiy\u0259d\u0259 ya\u015fad\u0131\u011f\u0131n\u0131 v\u0259 \u0130stanbul Universitetinin doktorant\u0131 oldu\u011funu xat\u0131rladan Fazil Qas\u0131mov he\u00e7 bir cinay\u0259t t\u00f6r\u0259tm\u0259diyi, \u0259leyhin\u0259 s\u00fcbut-d\u0259lil olmad\u0131\u011f\u0131 halda saxlan\u0131laraq Az\u0259rbaycana t\u0259hvil verilm\u0259sini d\u0259 \u0259dal\u0259tsizlik say\u0131r.<\/p>\n\n\n<div class=\"wp-block-image\">\n<figure class=\"aligncenter size-full\"><img decoding=\"async\" width=\"1000\" height=\"562\" data-src=\"https:\/\/www.meydan.tv\/wp-content\/uploads\/15837369221425115375_1000x669.jpg\" alt=\"Daxili \u0130\u015fl\u0259r Nazirliyi Ba\u015f M\u00fct\u0259\u015f\u0259kkil Cinay\u0259tkarl\u0131qla M\u00fcbariz\u0259 \u0130dar\u0259si\" class=\"wp-image-138726 lazyload\" src=\"data:image\/svg+xml;base64,PHN2ZyB3aWR0aD0iMSIgaGVpZ2h0PSIxIiB4bWxucz0iaHR0cDovL3d3dy53My5vcmcvMjAwMC9zdmciPjwvc3ZnPg==\" style=\"--smush-placeholder-width: 1000px; --smush-placeholder-aspect-ratio: 1000\/562;\" \/><figcaption class=\"wp-element-caption\"> Foto: Az\u0259rtac<\/figcaption><\/figure>\n<\/div>\n\n\n<p>\u201cM\u00fcdafi\u0259 X\u0259tti\u201d insan haqlar\u0131 t\u0259\u015fkilat\u0131n\u0131n icra\u00e7\u0131 direktoru R\u00fcf\u0259t S\u0259f\u0259rovun bildirdiyin\u0259 g\u00f6r\u0259, Fazil Qas\u0131mov qanunsuz h\u0259bsd\u0259 saxlanmas\u0131na v\u0259 ba\u015f\u0131na g\u0259l\u0259nl\u0259r\u0259 etiraz olaraq, acl\u0131q aksiyas\u0131 ke\u00e7irir:<\/p>\n\n\n\n<p>\u201c<em>Qarda\u015f\u0131 Nazim Qas\u0131mov bildirdi ki, t\u0259cridxanada onunla g\u00f6r\u00fc\u015f\u00fcb. Fazil Qas\u0131mov haz\u0131rda acl\u0131q aksiyas\u0131 ke\u00e7irir, h\u0259bsini \u0259sass\u0131z v\u0259 sifari\u015fli say\u0131r\u201d.<\/em><\/p>\n\n\n\n<p>London \u0130qtisad M\u0259kt\u0259binin v\u0259 Drezden Texniki Universitetinin \u0259m\u0259kda\u015f\u0131 olan professor Qubad \u0130bado\u011flu 2023-c\u00fc il iyulun 23-d\u0259 saxlan\u0131l\u0131b, ona qar\u015f\u0131 Cinay\u0259t M\u0259c\u0259ll\u0259sinin 204.3.1 ( saxta pul v\u0259 ya qiym\u0259tli ka\u011f\u0131zlar haz\u0131rlama, \u0259ld\u0259 etm\u0259 v\u0259 ya satma m\u00fct\u0259\u015f\u0259kkil d\u0259st\u0259 t\u0259r\u0259find\u0259n t\u00f6r\u0259dildikd\u0259) madd\u0259si il\u0259 ittiham ir\u0259li s\u00fcr\u00fcl\u00fcb. Ert\u0259si g\u00fcn N\u0259rimanov Rayon M\u0259hk\u0259m\u0259sind\u0259 onun bar\u0259sind\u0259 ilkin istintaq d\u00f6vr\u00fc \u00fc\u00e7\u00fcn 3 ay 26 g\u00fcnl\u00fck h\u0259bs q\u0259timkan t\u0259dbiri se\u00e7ilib.<\/p>\n\n\n\n<p>Qubad \u0130bado\u011flu saxland\u0131\u011f\u0131 g\u00fcn ofisd\u0259 ke\u00e7iril\u0259n axtar\u0131\u015fda 40 min dollar pul tap\u0131ld\u0131\u011f\u0131, onun bir hiss\u0259sinin saxta oldu\u011fu iddia olunur.<\/p>\n\n\n\n<p>T\u0259qsirl\u0259ndiril\u0259n iqtisad\u00e7\u0131 bildirib ki, h\u0259min pulun ona he\u00e7 bir aidiyy\u0259ti yoxdur v\u0259 ora \u00f6zl\u0259ri yerl\u0259\u015fdirib, sonra da g\u00f6t\u00fcr\u00fcbl\u0259r.<\/p>\n\n\n\n<p>Qubad \u0130bado\u011flunun h\u0259bsind\u0259n bir ne\u00e7\u0259 g\u00fcn sonra Fazil Qas\u0131mov T\u00fcrkiy\u0259d\u0259 saxlan\u0131laraq, Az\u0259rbaycana g\u0259tirilib. Ona da eyni madd\u0259 il\u0259 ittiham verilib.<\/p>\n\n\n\n<p>Avqustun 25-d\u0259 Qubad \u0130bado\u011fluna Cinay\u0259t M\u0259c\u0259ll\u0259sinin 167-3.1-ci (Dini ekstremist materiallar\u0131 haz\u0131rlama, saxlama, yayma) madd\u0259sil\u0259 yeni ittiham elan olunub. Qubad \u0130bado\u011flu bu ittiham\u0131n da absurd oldu\u011funu deyib v\u0259 etiraz \u0259lam\u0259ti olaraq, ifad\u0259 verm\u0259kd\u0259n imtina edib.<\/p>\n\n\n\n<p>Qubad \u0130bado\u011flu h\u0259bs olundu\u011fu g\u00fcn axtar\u0131\u015fdan sonra m\u0259kandan \u00e7\u0131xar\u0131l\u0131b apar\u0131lark\u0259n Prezident \u0130lham \u018fliyevin sifari\u015fil\u0259 h\u0259bs olundu\u011funu bildirib.<\/p>\n\n\n\n<p>Qubad \u0130bado\u011flu h\u0259m d\u0259 Az\u0259rbaycan Demokratiya v\u0259 Rifah Partiyas\u0131n\u0131n (ADR) s\u0259dri idi. O, aprelin 22-d\u0259 h\u0259bsd\u0259n burax\u0131l\u0131b. T\u0259xmin\u0259n 20 g\u00fcn sonra \u2013 may\u0131n 14-d\u0259 partiyan\u0131n f\u0259aliyy\u0259tinin dayand\u0131r\u0131lmas\u0131 bar\u0259d\u0259 q\u0259rar q\u0259bul edilib.<\/p>\n\n\n\n<p>ADR \u0130dar\u0259 Hey\u0259ti partiyan\u0131n f\u0259aliyy\u0259tini dayand\u0131rmas\u0131n\u0131 qeydiyyata al\u0131nmamas\u0131yla izah edib.<\/p>\n\n\n\n<p>Qubad \u0130bado\u011flu ev dustaql\u0131\u011f\u0131na burax\u0131lsa da, sonradan bu q\u0259timkan t\u0259dbiri \u201cpolis n\u0259zar\u0259tin\u0259 verm\u0259\u201d il\u0259 \u0259v\u0259zl\u0259nib. Eyni zamanda, onunla ba\u011fl\u0131 cinay\u0259t i\u015fi \u00fczr\u0259 istintaq\u0131n m\u00fcdd\u0259ti d\u0259 avqustun 20-n\u0259 q\u0259d\u0259r art\u0131r\u0131l\u0131b.<\/p>\n","protected":false},"excerpt":{"rendered":"<p>\u201cSaatlarla d\u00f6y\u00fclm\u00fc\u015f\u0259m, elektro\u015foka verilmi\u015f\u0259m, ba\u015f\u0131m\u0131 unitaza sal\u0131blar\u2026\u201d T\u00fcrkiy\u0259d\u0259 universitetd\u0259 \u00e7al\u0131\u015fan &#8230; <\/p>\n<p class=\"read-more-container\"><a title=\"Qubad \u0130bado\u011flunun \u0259leyhin\u0259 ifad\u0259 ver\u0259n alim i\u015fg\u0259nc\u0259y\u0259 m\u0259ruz qald\u0131\u011f\u0131n\u0131 deyir\" class=\"read-more button\" href=\"https:\/\/www.meydan.tv\/az\/article\/qubad-ibadoglunun-eleyhine-ifade-veren-alim-isgenceye-meruz-qaldigini-deyir\/#more-308209\" aria-label=\"Read more about Qubad \u0130bado\u011flunun \u0259leyhin\u0259 ifad\u0259 ver\u0259n alim i\u015fg\u0259nc\u0259y\u0259 m\u0259ruz qald\u0131\u011f\u0131n\u0131 deyir\">Davam\u0131<\/a><\/p>\n","protected":false},"author":8,"featured_media":281833,"comment_status":"closed","ping_status":"closed","sticky":false,"template":"","format":"standard","meta":{"_acf_changed":false,"_sitemap_exclude":false,"_sitemap_priority":"","_sitemap_frequency":"","footnotes":""},"categories":[59,79,56],"tags":[],"class_list":["post-308209","post","type-post","status-publish","format-standard","has-post-thumbnail","hentry","category-siyaset","category-featured","category-xeberler","infinite-scroll-item","generate-columns","tablet-grid-50","mobile-grid-100","grid-parent","grid-33","no-featured-image-padding"],"acf":[],"yoast_head":"<!-- This site is optimized with the Yoast SEO plugin v27.4 - https:\/\/yoast.com\/product\/yoast-seo-wordpress\/ -->\n<title>Qubad \u0130bado\u011flunun \u0259leyhin\u0259 ifad\u0259 ver\u0259n alim i\u015fg\u0259nc\u0259y\u0259 m\u0259ruz qald\u0131\u011f\u0131n\u0131 deyir - MEYDAN.TV<\/title>\n<meta name=\"robots\" content=\"index, follow, max-snippet:-1, max-image-preview:large, max-video-preview:-1\" \/>\n<link rel=\"canonical\" href=\"https:\/\/www.meydan.tv\/az\/article\/qubad-ibadoglunun-eleyhine-ifade-veren-alim-isgenceye-meruz-qaldigini-deyir\/\" \/>\n<meta property=\"og:locale\" content=\"az_AZ\" \/>\n<meta property=\"og:type\" content=\"article\" \/>\n<meta property=\"og:title\" content=\"Qubad \u0130bado\u011flunun \u0259leyhin\u0259 ifad\u0259 ver\u0259n alim i\u015fg\u0259nc\u0259y\u0259 m\u0259ruz qald\u0131\u011f\u0131n\u0131 deyir - MEYDAN.TV\" \/>\n<meta property=\"og:description\" content=\"\u201cSaatlarla d\u00f6y\u00fclm\u00fc\u015f\u0259m, elektro\u015foka verilmi\u015f\u0259m, ba\u015f\u0131m\u0131 unitaza sal\u0131blar\u2026\u201d T\u00fcrkiy\u0259d\u0259 universitetd\u0259 \u00e7al\u0131\u015fan ... Davam\u0131\" \/>\n<meta property=\"og:url\" content=\"https:\/\/www.meydan.tv\/az\/article\/qubad-ibadoglunun-eleyhine-ifade-veren-alim-isgenceye-meruz-qaldigini-deyir\/\" \/>\n<meta property=\"og:site_name\" content=\"MEYDAN.TV\" \/>\n<meta property=\"article:published_time\" content=\"2024-06-16T05:28:20+00:00\" \/>\n<meta property=\"article:modified_time\" content=\"2024-06-16T11:27:40+00:00\" \/>\n<meta property=\"og:image\" content=\"https:\/\/www.meydan.tv\/wp-content\/uploads\/319399423_10217992471082456_7303778281266423112_n.jpg\" \/>\n\t<meta property=\"og:image:width\" content=\"1200\" \/>\n\t<meta property=\"og:image:height\" content=\"900\" \/>\n\t<meta property=\"og:image:type\" content=\"image\/jpeg\" \/>\n<meta name=\"author\" content=\"elli\" \/>\n<meta name=\"twitter:card\" content=\"summary_large_image\" \/>\n<meta name=\"twitter:creator\" content=\"@elli\" \/>\n<script type=\"application\/ld+json\" class=\"yoast-schema-graph\">{\"@context\":\"https:\\\/\\\/schema.org\",\"@graph\":[{\"@type\":\"Article\",\"@id\":\"https:\\\/\\\/www.meydan.tv\\\/az\\\/article\\\/qubad-ibadoglunun-eleyhine-ifade-veren-alim-isgenceye-meruz-qaldigini-deyir\\\/#article\",\"isPartOf\":{\"@id\":\"https:\\\/\\\/www.meydan.tv\\\/az\\\/article\\\/qubad-ibadoglunun-eleyhine-ifade-veren-alim-isgenceye-meruz-qaldigini-deyir\\\/\"},\"author\":{\"name\":\"elli\",\"@id\":\"https:\\\/\\\/www.meydan.tv\\\/az\\\/#\\\/schema\\\/person\\\/9cdbecf90d17180ce1dfbd95b08dcf47\"},\"headline\":\"Qubad \u0130bado\u011flunun \u0259leyhin\u0259 ifad\u0259 ver\u0259n alim i\u015fg\u0259nc\u0259y\u0259 m\u0259ruz qald\u0131\u011f\u0131n\u0131 deyir\",\"datePublished\":\"2024-06-16T05:28:20+00:00\",\"dateModified\":\"2024-06-16T11:27:40+00:00\",\"mainEntityOfPage\":{\"@id\":\"https:\\\/\\\/www.meydan.tv\\\/az\\\/article\\\/qubad-ibadoglunun-eleyhine-ifade-veren-alim-isgenceye-meruz-qaldigini-deyir\\\/\"},\"wordCount\":772,\"publisher\":{\"@id\":\"https:\\\/\\\/www.meydan.tv\\\/az\\\/#organization\"},\"image\":{\"@id\":\"https:\\\/\\\/www.meydan.tv\\\/az\\\/article\\\/qubad-ibadoglunun-eleyhine-ifade-veren-alim-isgenceye-meruz-qaldigini-deyir\\\/#primaryimage\"},\"thumbnailUrl\":\"https:\\\/\\\/www.meydan.tv\\\/wp-content\\\/uploads\\\/319399423_10217992471082456_7303778281266423112_n.jpg\",\"articleSection\":[\"Siyas\u0259t\",\"T\u00f6vsiy\u0259\",\"X\u0259b\u0259rl\u0259r\"],\"inLanguage\":\"az\"},{\"@type\":\"WebPage\",\"@id\":\"https:\\\/\\\/www.meydan.tv\\\/az\\\/article\\\/qubad-ibadoglunun-eleyhine-ifade-veren-alim-isgenceye-meruz-qaldigini-deyir\\\/\",\"url\":\"https:\\\/\\\/www.meydan.tv\\\/az\\\/article\\\/qubad-ibadoglunun-eleyhine-ifade-veren-alim-isgenceye-meruz-qaldigini-deyir\\\/\",\"name\":\"Qubad \u0130bado\u011flunun \u0259leyhin\u0259 ifad\u0259 ver\u0259n alim i\u015fg\u0259nc\u0259y\u0259 m\u0259ruz qald\u0131\u011f\u0131n\u0131 deyir - MEYDAN.TV\",\"isPartOf\":{\"@id\":\"https:\\\/\\\/www.meydan.tv\\\/az\\\/#website\"},\"primaryImageOfPage\":{\"@id\":\"https:\\\/\\\/www.meydan.tv\\\/az\\\/article\\\/qubad-ibadoglunun-eleyhine-ifade-veren-alim-isgenceye-meruz-qaldigini-deyir\\\/#primaryimage\"},\"image\":{\"@id\":\"https:\\\/\\\/www.meydan.tv\\\/az\\\/article\\\/qubad-ibadoglunun-eleyhine-ifade-veren-alim-isgenceye-meruz-qaldigini-deyir\\\/#primaryimage\"},\"thumbnailUrl\":\"https:\\\/\\\/www.meydan.tv\\\/wp-content\\\/uploads\\\/319399423_10217992471082456_7303778281266423112_n.jpg\",\"datePublished\":\"2024-06-16T05:28:20+00:00\",\"dateModified\":\"2024-06-16T11:27:40+00:00\",\"breadcrumb\":{\"@id\":\"https:\\\/\\\/www.meydan.tv\\\/az\\\/article\\\/qubad-ibadoglunun-eleyhine-ifade-veren-alim-isgenceye-meruz-qaldigini-deyir\\\/#breadcrumb\"},\"inLanguage\":\"az\",\"potentialAction\":[{\"@type\":\"ReadAction\",\"target\":[\"https:\\\/\\\/www.meydan.tv\\\/az\\\/article\\\/qubad-ibadoglunun-eleyhine-ifade-veren-alim-isgenceye-meruz-qaldigini-deyir\\\/\"]}]},{\"@type\":\"ImageObject\",\"inLanguage\":\"az\",\"@id\":\"https:\\\/\\\/www.meydan.tv\\\/az\\\/article\\\/qubad-ibadoglunun-eleyhine-ifade-veren-alim-isgenceye-meruz-qaldigini-deyir\\\/#primaryimage\",\"url\":\"https:\\\/\\\/www.meydan.tv\\\/wp-content\\\/uploads\\\/319399423_10217992471082456_7303778281266423112_n.jpg\",\"contentUrl\":\"https:\\\/\\\/www.meydan.tv\\\/wp-content\\\/uploads\\\/319399423_10217992471082456_7303778281266423112_n.jpg\",\"width\":1200,\"height\":900,\"caption\":\"Fazil Qas\u0131mov. Foto: Fazil Qas\u0131movun \\\"Facebook\\\" s\u0259hif\u0259sind\u0259n g\u00f6t\u00fcr\u00fcl\u00fcb\"},{\"@type\":\"BreadcrumbList\",\"@id\":\"https:\\\/\\\/www.meydan.tv\\\/az\\\/article\\\/qubad-ibadoglunun-eleyhine-ifade-veren-alim-isgenceye-meruz-qaldigini-deyir\\\/#breadcrumb\",\"itemListElement\":[{\"@type\":\"ListItem\",\"position\":1,\"name\":\"Ana s\u0259hif\u0259\",\"item\":\"https:\\\/\\\/www.meydan.tv\\\/az\\\/\"},{\"@type\":\"ListItem\",\"position\":2,\"name\":\"Siyas\u0259t\",\"item\":\"https:\\\/\\\/www.meydan.tv\\\/az\\\/section\\\/siyaset\\\/\"},{\"@type\":\"ListItem\",\"position\":3,\"name\":\"Qubad \u0130bado\u011flunun \u0259leyhin\u0259 ifad\u0259 ver\u0259n alim i\u015fg\u0259nc\u0259y\u0259 m\u0259ruz qald\u0131\u011f\u0131n\u0131 deyir\"}]},{\"@type\":\"WebSite\",\"@id\":\"https:\\\/\\\/www.meydan.tv\\\/az\\\/#website\",\"url\":\"https:\\\/\\\/www.meydan.tv\\\/az\\\/\",\"name\":\"MEYDAN.TV\",\"description\":\"Meydan TV Az\u0259rbaycan\u0131n media m\u0259kan\u0131ndak\u0131 alternativ s\u0259sidir\",\"publisher\":{\"@id\":\"https:\\\/\\\/www.meydan.tv\\\/az\\\/#organization\"},\"potentialAction\":[{\"@type\":\"SearchAction\",\"target\":{\"@type\":\"EntryPoint\",\"urlTemplate\":\"https:\\\/\\\/www.meydan.tv\\\/az\\\/?s={search_term_string}\"},\"query-input\":{\"@type\":\"PropertyValueSpecification\",\"valueRequired\":true,\"valueName\":\"search_term_string\"}}],\"inLanguage\":\"az\"},{\"@type\":\"Organization\",\"@id\":\"https:\\\/\\\/www.meydan.tv\\\/az\\\/#organization\",\"name\":\"Meydan TV\",\"url\":\"https:\\\/\\\/www.meydan.tv\\\/az\\\/\",\"logo\":{\"@type\":\"ImageObject\",\"inLanguage\":\"az\",\"@id\":\"https:\\\/\\\/www.meydan.tv\\\/az\\\/#\\\/schema\\\/logo\\\/image\\\/\",\"url\":\"https:\\\/\\\/www.meydan.tv\\\/wp-content\\\/uploads\\\/2021\\\/07\\\/meydan-logo.svg\",\"contentUrl\":\"https:\\\/\\\/www.meydan.tv\\\/wp-content\\\/uploads\\\/2021\\\/07\\\/meydan-logo.svg\",\"width\":195,\"height\":46,\"caption\":\"Meydan TV\"},\"image\":{\"@id\":\"https:\\\/\\\/www.meydan.tv\\\/az\\\/#\\\/schema\\\/logo\\\/image\\\/\"}},{\"@type\":\"Person\",\"@id\":\"https:\\\/\\\/www.meydan.tv\\\/az\\\/#\\\/schema\\\/person\\\/9cdbecf90d17180ce1dfbd95b08dcf47\",\"name\":\"elli\",\"sameAs\":[\"https:\\\/\\\/x.com\\\/elli\"]}]}<\/script>\n<!-- \/ Yoast SEO plugin. -->","yoast_head_json":{"title":"Qubad \u0130bado\u011flunun \u0259leyhin\u0259 ifad\u0259 ver\u0259n alim i\u015fg\u0259nc\u0259y\u0259 m\u0259ruz qald\u0131\u011f\u0131n\u0131 deyir - MEYDAN.TV","robots":{"index":"index","follow":"follow","max-snippet":"max-snippet:-1","max-image-preview":"max-image-preview:large","max-video-preview":"max-video-preview:-1"},"canonical":"https:\/\/www.meydan.tv\/az\/article\/qubad-ibadoglunun-eleyhine-ifade-veren-alim-isgenceye-meruz-qaldigini-deyir\/","og_locale":"az_AZ","og_type":"article","og_title":"Qubad \u0130bado\u011flunun \u0259leyhin\u0259 ifad\u0259 ver\u0259n alim i\u015fg\u0259nc\u0259y\u0259 m\u0259ruz qald\u0131\u011f\u0131n\u0131 deyir - MEYDAN.TV","og_description":"\u201cSaatlarla d\u00f6y\u00fclm\u00fc\u015f\u0259m, elektro\u015foka verilmi\u015f\u0259m, ba\u015f\u0131m\u0131 unitaza sal\u0131blar\u2026\u201d T\u00fcrkiy\u0259d\u0259 universitetd\u0259 \u00e7al\u0131\u015fan ... Davam\u0131","og_url":"https:\/\/www.meydan.tv\/az\/article\/qubad-ibadoglunun-eleyhine-ifade-veren-alim-isgenceye-meruz-qaldigini-deyir\/","og_site_name":"MEYDAN.TV","article_published_time":"2024-06-16T05:28:20+00:00","article_modified_time":"2024-06-16T11:27:40+00:00","og_image":[{"width":1200,"height":900,"url":"https:\/\/www.meydan.tv\/wp-content\/uploads\/319399423_10217992471082456_7303778281266423112_n.jpg","type":"image\/jpeg"}],"author":"elli","twitter_card":"summary_large_image","twitter_creator":"@elli","schema":{"@context":"https:\/\/schema.org","@graph":[{"@type":"Article","@id":"https:\/\/www.meydan.tv\/az\/article\/qubad-ibadoglunun-eleyhine-ifade-veren-alim-isgenceye-meruz-qaldigini-deyir\/#article","isPartOf":{"@id":"https:\/\/www.meydan.tv\/az\/article\/qubad-ibadoglunun-eleyhine-ifade-veren-alim-isgenceye-meruz-qaldigini-deyir\/"},"author":{"name":"elli","@id":"https:\/\/www.meydan.tv\/az\/#\/schema\/person\/9cdbecf90d17180ce1dfbd95b08dcf47"},"headline":"Qubad \u0130bado\u011flunun \u0259leyhin\u0259 ifad\u0259 ver\u0259n alim i\u015fg\u0259nc\u0259y\u0259 m\u0259ruz qald\u0131\u011f\u0131n\u0131 deyir","datePublished":"2024-06-16T05:28:20+00:00","dateModified":"2024-06-16T11:27:40+00:00","mainEntityOfPage":{"@id":"https:\/\/www.meydan.tv\/az\/article\/qubad-ibadoglunun-eleyhine-ifade-veren-alim-isgenceye-meruz-qaldigini-deyir\/"},"wordCount":772,"publisher":{"@id":"https:\/\/www.meydan.tv\/az\/#organization"},"image":{"@id":"https:\/\/www.meydan.tv\/az\/article\/qubad-ibadoglunun-eleyhine-ifade-veren-alim-isgenceye-meruz-qaldigini-deyir\/#primaryimage"},"thumbnailUrl":"https:\/\/www.meydan.tv\/wp-content\/uploads\/319399423_10217992471082456_7303778281266423112_n.jpg","articleSection":["Siyas\u0259t","T\u00f6vsiy\u0259","X\u0259b\u0259rl\u0259r"],"inLanguage":"az"},{"@type":"WebPage","@id":"https:\/\/www.meydan.tv\/az\/article\/qubad-ibadoglunun-eleyhine-ifade-veren-alim-isgenceye-meruz-qaldigini-deyir\/","url":"https:\/\/www.meydan.tv\/az\/article\/qubad-ibadoglunun-eleyhine-ifade-veren-alim-isgenceye-meruz-qaldigini-deyir\/","name":"Qubad \u0130bado\u011flunun \u0259leyhin\u0259 ifad\u0259 ver\u0259n alim i\u015fg\u0259nc\u0259y\u0259 m\u0259ruz qald\u0131\u011f\u0131n\u0131 deyir - MEYDAN.TV","isPartOf":{"@id":"https:\/\/www.meydan.tv\/az\/#website"},"primaryImageOfPage":{"@id":"https:\/\/www.meydan.tv\/az\/article\/qubad-ibadoglunun-eleyhine-ifade-veren-alim-isgenceye-meruz-qaldigini-deyir\/#primaryimage"},"image":{"@id":"https:\/\/www.meydan.tv\/az\/article\/qubad-ibadoglunun-eleyhine-ifade-veren-alim-isgenceye-meruz-qaldigini-deyir\/#primaryimage"},"thumbnailUrl":"https:\/\/www.meydan.tv\/wp-content\/uploads\/319399423_10217992471082456_7303778281266423112_n.jpg","datePublished":"2024-06-16T05:28:20+00:00","dateModified":"2024-06-16T11:27:40+00:00","breadcrumb":{"@id":"https:\/\/www.meydan.tv\/az\/article\/qubad-ibadoglunun-eleyhine-ifade-veren-alim-isgenceye-meruz-qaldigini-deyir\/#breadcrumb"},"inLanguage":"az","potentialAction":[{"@type":"ReadAction","target":["https:\/\/www.meydan.tv\/az\/article\/qubad-ibadoglunun-eleyhine-ifade-veren-alim-isgenceye-meruz-qaldigini-deyir\/"]}]},{"@type":"ImageObject","inLanguage":"az","@id":"https:\/\/www.meydan.tv\/az\/article\/qubad-ibadoglunun-eleyhine-ifade-veren-alim-isgenceye-meruz-qaldigini-deyir\/#primaryimage","url":"https:\/\/www.meydan.tv\/wp-content\/uploads\/319399423_10217992471082456_7303778281266423112_n.jpg","contentUrl":"https:\/\/www.meydan.tv\/wp-content\/uploads\/319399423_10217992471082456_7303778281266423112_n.jpg","width":1200,"height":900,"caption":"Fazil Qas\u0131mov. Foto: Fazil Qas\u0131movun \"Facebook\" s\u0259hif\u0259sind\u0259n g\u00f6t\u00fcr\u00fcl\u00fcb"},{"@type":"BreadcrumbList","@id":"https:\/\/www.meydan.tv\/az\/article\/qubad-ibadoglunun-eleyhine-ifade-veren-alim-isgenceye-meruz-qaldigini-deyir\/#breadcrumb","itemListElement":[{"@type":"ListItem","position":1,"name":"Ana s\u0259hif\u0259","item":"https:\/\/www.meydan.tv\/az\/"},{"@type":"ListItem","position":2,"name":"Siyas\u0259t","item":"https:\/\/www.meydan.tv\/az\/section\/siyaset\/"},{"@type":"ListItem","position":3,"name":"Qubad \u0130bado\u011flunun \u0259leyhin\u0259 ifad\u0259 ver\u0259n alim i\u015fg\u0259nc\u0259y\u0259 m\u0259ruz qald\u0131\u011f\u0131n\u0131 deyir"}]},{"@type":"WebSite","@id":"https:\/\/www.meydan.tv\/az\/#website","url":"https:\/\/www.meydan.tv\/az\/","name":"MEYDAN.TV","description":"Meydan TV Az\u0259rbaycan\u0131n media m\u0259kan\u0131ndak\u0131 alternativ s\u0259sidir","publisher":{"@id":"https:\/\/www.meydan.tv\/az\/#organization"},"potentialAction":[{"@type":"SearchAction","target":{"@type":"EntryPoint","urlTemplate":"https:\/\/www.meydan.tv\/az\/?s={search_term_string}"},"query-input":{"@type":"PropertyValueSpecification","valueRequired":true,"valueName":"search_term_string"}}],"inLanguage":"az"},{"@type":"Organization","@id":"https:\/\/www.meydan.tv\/az\/#organization","name":"Meydan TV","url":"https:\/\/www.meydan.tv\/az\/","logo":{"@type":"ImageObject","inLanguage":"az","@id":"https:\/\/www.meydan.tv\/az\/#\/schema\/logo\/image\/","url":"https:\/\/www.meydan.tv\/wp-content\/uploads\/2021\/07\/meydan-logo.svg","contentUrl":"https:\/\/www.meydan.tv\/wp-content\/uploads\/2021\/07\/meydan-logo.svg","width":195,"height":46,"caption":"Meydan TV"},"image":{"@id":"https:\/\/www.meydan.tv\/az\/#\/schema\/logo\/image\/"}},{"@type":"Person","@id":"https:\/\/www.meydan.tv\/az\/#\/schema\/person\/9cdbecf90d17180ce1dfbd95b08dcf47","name":"elli","sameAs":["https:\/\/x.com\/elli"]}]}},"_links":{"self":[{"href":"https:\/\/www.meydan.tv\/az\/wp-json\/wp\/v2\/posts\/308209","targetHints":{"allow":["GET"]}}],"collection":[{"href":"https:\/\/www.meydan.tv\/az\/wp-json\/wp\/v2\/posts"}],"about":[{"href":"https:\/\/www.meydan.tv\/az\/wp-json\/wp\/v2\/types\/post"}],"author":[{"embeddable":true,"href":"https:\/\/www.meydan.tv\/az\/wp-json\/wp\/v2\/users\/8"}],"replies":[{"embeddable":true,"href":"https:\/\/www.meydan.tv\/az\/wp-json\/wp\/v2\/comments?post=308209"}],"version-history":[{"count":3,"href":"https:\/\/www.meydan.tv\/az\/wp-json\/wp\/v2\/posts\/308209\/revisions"}],"predecessor-version":[{"id":308226,"href":"https:\/\/www.meydan.tv\/az\/wp-json\/wp\/v2\/posts\/308209\/revisions\/308226"}],"wp:featuredmedia":[{"embeddable":true,"href":"https:\/\/www.meydan.tv\/az\/wp-json\/wp\/v2\/media\/281833"}],"wp:attachment":[{"href":"https:\/\/www.meydan.tv\/az\/wp-json\/wp\/v2\/media?parent=308209"}],"wp:term":[{"taxonomy":"category","embeddable":true,"href":"https:\/\/www.meydan.tv\/az\/wp-json\/wp\/v2\/categories?post=308209"},{"taxonomy":"post_tag","embeddable":true,"href":"https:\/\/www.meydan.tv\/az\/wp-json\/wp\/v2\/tags?post=308209"}],"curies":[{"name":"wp","href":"https:\/\/api.w.org\/{rel}","templated":true}]}}