{"id":308154,"date":"2024-06-14T15:19:08","date_gmt":"2024-06-14T11:19:08","guid":{"rendered":"https:\/\/www.meydan.tv\/?p=308154"},"modified":"2024-06-14T15:19:10","modified_gmt":"2024-06-14T11:19:10","slug":"azerbaycanda-303-siyasi-mehbusun-oldugu-deyilir","status":"publish","type":"post","link":"https:\/\/www.meydan.tv\/az\/article\/azerbaycanda-303-siyasi-mehbusun-oldugu-deyilir\/","title":{"rendered":"Az\u0259rbaycanda 303 siyasi m\u0259hbusun oldu\u011fu deyilir"},"content":{"rendered":"\n<p><\/p>\n\n\n\n<p><strong><em>H\u00fcquq m\u00fcdafi\u0259 t\u0259\u015fkilat\u0131 yenil\u0259nmi\u015f siyah\u0131 yay\u0131b<\/em><\/strong><\/p>\n\n\n\n<p>\u0130yunun 14-d\u0259 Az\u0259rbaycanda Siyasi M\u0259hbuslar\u0131n Azadl\u0131\u011f\u0131 U\u011frunda \u0130ttifaq siyasi m\u0259hbuslar\u0131n yeni siyah\u0131s\u0131n\u0131 a\u00e7\u0131qlay\u0131b.<\/p>\n\n\n\n<p>Bildirilir ki, siyah\u0131ya 303 n\u0259f\u0259r <a href=\"https:\/\/turan.az\/az\/siyaset\/huquq-mudafiecileri-siyasi-mehbuslarin-yeni-siyahisini-aciqlayiblar\">daxildir<\/a>.<\/p>\n\n\n\n<p>T\u0259\u015fkilat deyib ki, 18 mart tarixli \u0259vv\u0259lki siyah\u0131 il\u0259 m\u00fcqayis\u0259d\u0259 siyasi m\u0259hbuslar\u0131n say\u0131 16 n\u0259f\u0259r art\u0131b.<\/p>\n\n\n\n<p>H\u0259m\u00e7inin \u00f6t\u0259n \u00fc\u00e7 ayda siyah\u0131dan yaln\u0131z iqtisad\u00e7\u0131 alim Qubad \u0130bado\u011flunun ad\u0131 \u00e7\u0131xar\u0131l\u0131b. \u00c7\u00fcnki onun bar\u0259sind\u0259 h\u0259bs q\u0259timkan t\u0259dbiri d\u0259yi\u015fdirilib.<\/p>\n\n\n\n<p><em>&#8220;Siyah\u0131da 17 yeni ad var: h\u00fcquq m\u00fcdafi\u0259\u00e7isi Anar M\u0259mm\u0259dli, \u201cmeclis.info\u201d onlayn platformas\u0131n\u0131n r\u0259hb\u0259ri \u0130mran \u018fliyev, iqtisad\u00e7\u0131 F\u0259rid Mehral\u0131zad\u0259, Az\u0259rbaycan Xalq C\u0259bh\u0259si Partiyas\u0131n\u0131n \u00fczvl\u0259ri Sahib M\u0259mm\u0259dzad\u0259 v\u0259 Mehman \u018fliyev, ictimai f\u0259allar El\u015f\u0259n K\u0259rimov v\u0259 La\u00e7\u0131n V\u0259liyev, h\u0259m\u00e7inin iflic olmu\u015f f\u0259al Famil X\u0259lilov, o c\u00fcml\u0259d\u0259n, 9 n\u0259f\u0259r dindar&#8221;,<\/em> &#8211; dey\u0259 ittifaq \u0259lav\u0259 edib.<\/p>\n\n\n\n<p>Eyni zamanda, Az\u0259rbaycanda Siyasi M\u0259hbuslar\u0131n Azadl\u0131\u011f\u0131 U\u011frunda \u0130ttifaq 303 siyasi m\u0259hbusu 8 qrupa ay\u0131r\u0131b:<\/p>\n\n\n\n<p>&#8220;<em>Jurnalistl\u0259r v\u0259 blogerl\u0259r qrupunda 20 n\u0259f\u0259r, h\u00fcquq m\u00fcdafi\u0259\u00e7il\u0259rin\u0259 3, m\u00fcxalif\u0259t partiyalar\u0131n\u0131n v\u0259 h\u0259r\u0259katlar\u0131n \u00fczvl\u0259ri 28, Almaniyadan deportasiya edilmi\u015f siyasi m\u00fchacirl\u0259r 5, dindarlar 216 n\u0259f\u0259ri \u0259hat\u0259 edir. H\u0259m\u00e7inin G\u0259nc\u0259, T\u0259rt\u0259r i\u015fl\u0259ri \u00fczr\u0259 m\u00fchakim\u0259 olunanlar v\u0259 \u00f6m\u00fcrl\u00fck m\u0259hbuslar da var&#8221;.<\/em><\/p>\n\n\n\n<p>Siyah\u0131n\u0131 ke\u00e7mi\u015f &#8220;vicdan m\u0259hbuslar\u0131&#8221; &#8211; S\u00fclh v\u0259 Demokratiya \u0130nstitutunun direktoru Leyla Yunus v\u0259 Siyasi M\u0259hbuslar\u0131n Monitorinqi M\u0259rk\u0259zinin r\u0259hb\u0259ri El\u015f\u0259n H\u0259s\u0259nov haz\u0131rlay\u0131blar.<\/p>\n","protected":false},"excerpt":{"rendered":"<p>H\u00fcquq m\u00fcdafi\u0259 t\u0259\u015fkilat\u0131 yenil\u0259nmi\u015f siyah\u0131 yay\u0131b \u0130yunun 14-d\u0259 Az\u0259rbaycanda Siyasi &#8230; <\/p>\n<p class=\"read-more-container\"><a title=\"Az\u0259rbaycanda 303 siyasi m\u0259hbusun oldu\u011fu deyilir\" class=\"read-more button\" href=\"https:\/\/www.meydan.tv\/az\/article\/azerbaycanda-303-siyasi-mehbusun-oldugu-deyilir\/#more-308154\" aria-label=\"Read more about Az\u0259rbaycanda 303 siyasi m\u0259hbusun oldu\u011fu deyilir\">Davam\u0131<\/a><\/p>\n","protected":false},"author":8,"featured_media":144680,"comment_status":"closed","ping_status":"closed","sticky":false,"template":"","format":"standard","meta":{"_acf_changed":false,"_sitemap_exclude":false,"_sitemap_priority":"","_sitemap_frequency":"","footnotes":""},"categories":[59,56],"tags":[],"class_list":["post-308154","post","type-post","status-publish","format-standard","has-post-thumbnail","hentry","category-siyaset","category-xeberler","infinite-scroll-item","generate-columns","tablet-grid-50","mobile-grid-100","grid-parent","grid-33","no-featured-image-padding"],"acf":[],"yoast_head":"<!-- This site is optimized with the Yoast SEO plugin v27.4 - https:\/\/yoast.com\/product\/yoast-seo-wordpress\/ -->\n<title>Az\u0259rbaycanda 303 siyasi m\u0259hbusun oldu\u011fu deyilir - MEYDAN.TV<\/title>\n<meta name=\"robots\" content=\"index, follow, max-snippet:-1, max-image-preview:large, max-video-preview:-1\" \/>\n<link rel=\"canonical\" href=\"https:\/\/www.meydan.tv\/az\/article\/azerbaycanda-303-siyasi-mehbusun-oldugu-deyilir\/\" \/>\n<meta property=\"og:locale\" content=\"az_AZ\" \/>\n<meta property=\"og:type\" content=\"article\" \/>\n<meta property=\"og:title\" content=\"Az\u0259rbaycanda 303 siyasi m\u0259hbusun oldu\u011fu deyilir - MEYDAN.TV\" \/>\n<meta property=\"og:description\" content=\"H\u00fcquq m\u00fcdafi\u0259 t\u0259\u015fkilat\u0131 yenil\u0259nmi\u015f siyah\u0131 yay\u0131b \u0130yunun 14-d\u0259 Az\u0259rbaycanda Siyasi ... Davam\u0131\" \/>\n<meta property=\"og:url\" content=\"https:\/\/www.meydan.tv\/az\/article\/azerbaycanda-303-siyasi-mehbusun-oldugu-deyilir\/\" \/>\n<meta property=\"og:site_name\" content=\"MEYDAN.TV\" \/>\n<meta property=\"article:published_time\" content=\"2024-06-14T11:19:08+00:00\" \/>\n<meta property=\"article:modified_time\" content=\"2024-06-14T11:19:10+00:00\" \/>\n<meta property=\"og:image\" content=\"https:\/\/www.meydan.tv\/wp-content\/uploads\/siyasi-1022x575-1-e1696420598828.jpg\" \/>\n\t<meta property=\"og:image:width\" content=\"1022\" \/>\n\t<meta property=\"og:image:height\" content=\"499\" \/>\n\t<meta property=\"og:image:type\" content=\"image\/jpeg\" \/>\n<meta name=\"author\" content=\"elli\" \/>\n<meta name=\"twitter:card\" content=\"summary_large_image\" \/>\n<meta name=\"twitter:creator\" content=\"@elli\" \/>\n<script type=\"application\/ld+json\" class=\"yoast-schema-graph\">{\"@context\":\"https:\\\/\\\/schema.org\",\"@graph\":[{\"@type\":\"Article\",\"@id\":\"https:\\\/\\\/www.meydan.tv\\\/az\\\/article\\\/azerbaycanda-303-siyasi-mehbusun-oldugu-deyilir\\\/#article\",\"isPartOf\":{\"@id\":\"https:\\\/\\\/www.meydan.tv\\\/az\\\/article\\\/azerbaycanda-303-siyasi-mehbusun-oldugu-deyilir\\\/\"},\"author\":{\"name\":\"elli\",\"@id\":\"https:\\\/\\\/www.meydan.tv\\\/az\\\/#\\\/schema\\\/person\\\/9cdbecf90d17180ce1dfbd95b08dcf47\"},\"headline\":\"Az\u0259rbaycanda 303 siyasi m\u0259hbusun oldu\u011fu deyilir\",\"datePublished\":\"2024-06-14T11:19:08+00:00\",\"dateModified\":\"2024-06-14T11:19:10+00:00\",\"mainEntityOfPage\":{\"@id\":\"https:\\\/\\\/www.meydan.tv\\\/az\\\/article\\\/azerbaycanda-303-siyasi-mehbusun-oldugu-deyilir\\\/\"},\"wordCount\":308,\"publisher\":{\"@id\":\"https:\\\/\\\/www.meydan.tv\\\/az\\\/#organization\"},\"image\":{\"@id\":\"https:\\\/\\\/www.meydan.tv\\\/az\\\/article\\\/azerbaycanda-303-siyasi-mehbusun-oldugu-deyilir\\\/#primaryimage\"},\"thumbnailUrl\":\"https:\\\/\\\/www.meydan.tv\\\/wp-content\\\/uploads\\\/siyasi-1022x575-1-e1696420598828.jpg\",\"articleSection\":[\"Siyas\u0259t\",\"X\u0259b\u0259rl\u0259r\"],\"inLanguage\":\"az\"},{\"@type\":\"WebPage\",\"@id\":\"https:\\\/\\\/www.meydan.tv\\\/az\\\/article\\\/azerbaycanda-303-siyasi-mehbusun-oldugu-deyilir\\\/\",\"url\":\"https:\\\/\\\/www.meydan.tv\\\/az\\\/article\\\/azerbaycanda-303-siyasi-mehbusun-oldugu-deyilir\\\/\",\"name\":\"Az\u0259rbaycanda 303 siyasi m\u0259hbusun oldu\u011fu deyilir - MEYDAN.TV\",\"isPartOf\":{\"@id\":\"https:\\\/\\\/www.meydan.tv\\\/az\\\/#website\"},\"primaryImageOfPage\":{\"@id\":\"https:\\\/\\\/www.meydan.tv\\\/az\\\/article\\\/azerbaycanda-303-siyasi-mehbusun-oldugu-deyilir\\\/#primaryimage\"},\"image\":{\"@id\":\"https:\\\/\\\/www.meydan.tv\\\/az\\\/article\\\/azerbaycanda-303-siyasi-mehbusun-oldugu-deyilir\\\/#primaryimage\"},\"thumbnailUrl\":\"https:\\\/\\\/www.meydan.tv\\\/wp-content\\\/uploads\\\/siyasi-1022x575-1-e1696420598828.jpg\",\"datePublished\":\"2024-06-14T11:19:08+00:00\",\"dateModified\":\"2024-06-14T11:19:10+00:00\",\"breadcrumb\":{\"@id\":\"https:\\\/\\\/www.meydan.tv\\\/az\\\/article\\\/azerbaycanda-303-siyasi-mehbusun-oldugu-deyilir\\\/#breadcrumb\"},\"inLanguage\":\"az\",\"potentialAction\":[{\"@type\":\"ReadAction\",\"target\":[\"https:\\\/\\\/www.meydan.tv\\\/az\\\/article\\\/azerbaycanda-303-siyasi-mehbusun-oldugu-deyilir\\\/\"]}]},{\"@type\":\"ImageObject\",\"inLanguage\":\"az\",\"@id\":\"https:\\\/\\\/www.meydan.tv\\\/az\\\/article\\\/azerbaycanda-303-siyasi-mehbusun-oldugu-deyilir\\\/#primaryimage\",\"url\":\"https:\\\/\\\/www.meydan.tv\\\/wp-content\\\/uploads\\\/siyasi-1022x575-1-e1696420598828.jpg\",\"contentUrl\":\"https:\\\/\\\/www.meydan.tv\\\/wp-content\\\/uploads\\\/siyasi-1022x575-1-e1696420598828.jpg\",\"width\":1022,\"height\":499,\"caption\":\"Source: Az\u0259rbaycanda Siyasi M\u0259hbuslar\u0131n Vahid Siyah\u0131s\u0131 \u00fczr\u0259 \u0130\u015f\u00e7i Qrupu\"},{\"@type\":\"BreadcrumbList\",\"@id\":\"https:\\\/\\\/www.meydan.tv\\\/az\\\/article\\\/azerbaycanda-303-siyasi-mehbusun-oldugu-deyilir\\\/#breadcrumb\",\"itemListElement\":[{\"@type\":\"ListItem\",\"position\":1,\"name\":\"Ana s\u0259hif\u0259\",\"item\":\"https:\\\/\\\/www.meydan.tv\\\/az\\\/\"},{\"@type\":\"ListItem\",\"position\":2,\"name\":\"Siyas\u0259t\",\"item\":\"https:\\\/\\\/www.meydan.tv\\\/az\\\/section\\\/siyaset\\\/\"},{\"@type\":\"ListItem\",\"position\":3,\"name\":\"Az\u0259rbaycanda 303 siyasi m\u0259hbusun oldu\u011fu deyilir\"}]},{\"@type\":\"WebSite\",\"@id\":\"https:\\\/\\\/www.meydan.tv\\\/az\\\/#website\",\"url\":\"https:\\\/\\\/www.meydan.tv\\\/az\\\/\",\"name\":\"MEYDAN.TV\",\"description\":\"Meydan TV Az\u0259rbaycan\u0131n media m\u0259kan\u0131ndak\u0131 alternativ s\u0259sidir\",\"publisher\":{\"@id\":\"https:\\\/\\\/www.meydan.tv\\\/az\\\/#organization\"},\"potentialAction\":[{\"@type\":\"SearchAction\",\"target\":{\"@type\":\"EntryPoint\",\"urlTemplate\":\"https:\\\/\\\/www.meydan.tv\\\/az\\\/?s={search_term_string}\"},\"query-input\":{\"@type\":\"PropertyValueSpecification\",\"valueRequired\":true,\"valueName\":\"search_term_string\"}}],\"inLanguage\":\"az\"},{\"@type\":\"Organization\",\"@id\":\"https:\\\/\\\/www.meydan.tv\\\/az\\\/#organization\",\"name\":\"Meydan TV\",\"url\":\"https:\\\/\\\/www.meydan.tv\\\/az\\\/\",\"logo\":{\"@type\":\"ImageObject\",\"inLanguage\":\"az\",\"@id\":\"https:\\\/\\\/www.meydan.tv\\\/az\\\/#\\\/schema\\\/logo\\\/image\\\/\",\"url\":\"https:\\\/\\\/www.meydan.tv\\\/wp-content\\\/uploads\\\/2021\\\/07\\\/meydan-logo.svg\",\"contentUrl\":\"https:\\\/\\\/www.meydan.tv\\\/wp-content\\\/uploads\\\/2021\\\/07\\\/meydan-logo.svg\",\"width\":195,\"height\":46,\"caption\":\"Meydan TV\"},\"image\":{\"@id\":\"https:\\\/\\\/www.meydan.tv\\\/az\\\/#\\\/schema\\\/logo\\\/image\\\/\"}},{\"@type\":\"Person\",\"@id\":\"https:\\\/\\\/www.meydan.tv\\\/az\\\/#\\\/schema\\\/person\\\/9cdbecf90d17180ce1dfbd95b08dcf47\",\"name\":\"elli\",\"sameAs\":[\"https:\\\/\\\/x.com\\\/elli\"]}]}<\/script>\n<!-- \/ Yoast SEO plugin. -->","yoast_head_json":{"title":"Az\u0259rbaycanda 303 siyasi m\u0259hbusun oldu\u011fu deyilir - MEYDAN.TV","robots":{"index":"index","follow":"follow","max-snippet":"max-snippet:-1","max-image-preview":"max-image-preview:large","max-video-preview":"max-video-preview:-1"},"canonical":"https:\/\/www.meydan.tv\/az\/article\/azerbaycanda-303-siyasi-mehbusun-oldugu-deyilir\/","og_locale":"az_AZ","og_type":"article","og_title":"Az\u0259rbaycanda 303 siyasi m\u0259hbusun oldu\u011fu deyilir - MEYDAN.TV","og_description":"H\u00fcquq m\u00fcdafi\u0259 t\u0259\u015fkilat\u0131 yenil\u0259nmi\u015f siyah\u0131 yay\u0131b \u0130yunun 14-d\u0259 Az\u0259rbaycanda Siyasi ... Davam\u0131","og_url":"https:\/\/www.meydan.tv\/az\/article\/azerbaycanda-303-siyasi-mehbusun-oldugu-deyilir\/","og_site_name":"MEYDAN.TV","article_published_time":"2024-06-14T11:19:08+00:00","article_modified_time":"2024-06-14T11:19:10+00:00","og_image":[{"width":1022,"height":499,"url":"https:\/\/www.meydan.tv\/wp-content\/uploads\/siyasi-1022x575-1-e1696420598828.jpg","type":"image\/jpeg"}],"author":"elli","twitter_card":"summary_large_image","twitter_creator":"@elli","schema":{"@context":"https:\/\/schema.org","@graph":[{"@type":"Article","@id":"https:\/\/www.meydan.tv\/az\/article\/azerbaycanda-303-siyasi-mehbusun-oldugu-deyilir\/#article","isPartOf":{"@id":"https:\/\/www.meydan.tv\/az\/article\/azerbaycanda-303-siyasi-mehbusun-oldugu-deyilir\/"},"author":{"name":"elli","@id":"https:\/\/www.meydan.tv\/az\/#\/schema\/person\/9cdbecf90d17180ce1dfbd95b08dcf47"},"headline":"Az\u0259rbaycanda 303 siyasi m\u0259hbusun oldu\u011fu deyilir","datePublished":"2024-06-14T11:19:08+00:00","dateModified":"2024-06-14T11:19:10+00:00","mainEntityOfPage":{"@id":"https:\/\/www.meydan.tv\/az\/article\/azerbaycanda-303-siyasi-mehbusun-oldugu-deyilir\/"},"wordCount":308,"publisher":{"@id":"https:\/\/www.meydan.tv\/az\/#organization"},"image":{"@id":"https:\/\/www.meydan.tv\/az\/article\/azerbaycanda-303-siyasi-mehbusun-oldugu-deyilir\/#primaryimage"},"thumbnailUrl":"https:\/\/www.meydan.tv\/wp-content\/uploads\/siyasi-1022x575-1-e1696420598828.jpg","articleSection":["Siyas\u0259t","X\u0259b\u0259rl\u0259r"],"inLanguage":"az"},{"@type":"WebPage","@id":"https:\/\/www.meydan.tv\/az\/article\/azerbaycanda-303-siyasi-mehbusun-oldugu-deyilir\/","url":"https:\/\/www.meydan.tv\/az\/article\/azerbaycanda-303-siyasi-mehbusun-oldugu-deyilir\/","name":"Az\u0259rbaycanda 303 siyasi m\u0259hbusun oldu\u011fu deyilir - MEYDAN.TV","isPartOf":{"@id":"https:\/\/www.meydan.tv\/az\/#website"},"primaryImageOfPage":{"@id":"https:\/\/www.meydan.tv\/az\/article\/azerbaycanda-303-siyasi-mehbusun-oldugu-deyilir\/#primaryimage"},"image":{"@id":"https:\/\/www.meydan.tv\/az\/article\/azerbaycanda-303-siyasi-mehbusun-oldugu-deyilir\/#primaryimage"},"thumbnailUrl":"https:\/\/www.meydan.tv\/wp-content\/uploads\/siyasi-1022x575-1-e1696420598828.jpg","datePublished":"2024-06-14T11:19:08+00:00","dateModified":"2024-06-14T11:19:10+00:00","breadcrumb":{"@id":"https:\/\/www.meydan.tv\/az\/article\/azerbaycanda-303-siyasi-mehbusun-oldugu-deyilir\/#breadcrumb"},"inLanguage":"az","potentialAction":[{"@type":"ReadAction","target":["https:\/\/www.meydan.tv\/az\/article\/azerbaycanda-303-siyasi-mehbusun-oldugu-deyilir\/"]}]},{"@type":"ImageObject","inLanguage":"az","@id":"https:\/\/www.meydan.tv\/az\/article\/azerbaycanda-303-siyasi-mehbusun-oldugu-deyilir\/#primaryimage","url":"https:\/\/www.meydan.tv\/wp-content\/uploads\/siyasi-1022x575-1-e1696420598828.jpg","contentUrl":"https:\/\/www.meydan.tv\/wp-content\/uploads\/siyasi-1022x575-1-e1696420598828.jpg","width":1022,"height":499,"caption":"Source: Az\u0259rbaycanda Siyasi M\u0259hbuslar\u0131n Vahid Siyah\u0131s\u0131 \u00fczr\u0259 \u0130\u015f\u00e7i Qrupu"},{"@type":"BreadcrumbList","@id":"https:\/\/www.meydan.tv\/az\/article\/azerbaycanda-303-siyasi-mehbusun-oldugu-deyilir\/#breadcrumb","itemListElement":[{"@type":"ListItem","position":1,"name":"Ana s\u0259hif\u0259","item":"https:\/\/www.meydan.tv\/az\/"},{"@type":"ListItem","position":2,"name":"Siyas\u0259t","item":"https:\/\/www.meydan.tv\/az\/section\/siyaset\/"},{"@type":"ListItem","position":3,"name":"Az\u0259rbaycanda 303 siyasi m\u0259hbusun oldu\u011fu deyilir"}]},{"@type":"WebSite","@id":"https:\/\/www.meydan.tv\/az\/#website","url":"https:\/\/www.meydan.tv\/az\/","name":"MEYDAN.TV","description":"Meydan TV Az\u0259rbaycan\u0131n media m\u0259kan\u0131ndak\u0131 alternativ s\u0259sidir","publisher":{"@id":"https:\/\/www.meydan.tv\/az\/#organization"},"potentialAction":[{"@type":"SearchAction","target":{"@type":"EntryPoint","urlTemplate":"https:\/\/www.meydan.tv\/az\/?s={search_term_string}"},"query-input":{"@type":"PropertyValueSpecification","valueRequired":true,"valueName":"search_term_string"}}],"inLanguage":"az"},{"@type":"Organization","@id":"https:\/\/www.meydan.tv\/az\/#organization","name":"Meydan TV","url":"https:\/\/www.meydan.tv\/az\/","logo":{"@type":"ImageObject","inLanguage":"az","@id":"https:\/\/www.meydan.tv\/az\/#\/schema\/logo\/image\/","url":"https:\/\/www.meydan.tv\/wp-content\/uploads\/2021\/07\/meydan-logo.svg","contentUrl":"https:\/\/www.meydan.tv\/wp-content\/uploads\/2021\/07\/meydan-logo.svg","width":195,"height":46,"caption":"Meydan TV"},"image":{"@id":"https:\/\/www.meydan.tv\/az\/#\/schema\/logo\/image\/"}},{"@type":"Person","@id":"https:\/\/www.meydan.tv\/az\/#\/schema\/person\/9cdbecf90d17180ce1dfbd95b08dcf47","name":"elli","sameAs":["https:\/\/x.com\/elli"]}]}},"_links":{"self":[{"href":"https:\/\/www.meydan.tv\/az\/wp-json\/wp\/v2\/posts\/308154","targetHints":{"allow":["GET"]}}],"collection":[{"href":"https:\/\/www.meydan.tv\/az\/wp-json\/wp\/v2\/posts"}],"about":[{"href":"https:\/\/www.meydan.tv\/az\/wp-json\/wp\/v2\/types\/post"}],"author":[{"embeddable":true,"href":"https:\/\/www.meydan.tv\/az\/wp-json\/wp\/v2\/users\/8"}],"replies":[{"embeddable":true,"href":"https:\/\/www.meydan.tv\/az\/wp-json\/wp\/v2\/comments?post=308154"}],"version-history":[{"count":3,"href":"https:\/\/www.meydan.tv\/az\/wp-json\/wp\/v2\/posts\/308154\/revisions"}],"predecessor-version":[{"id":308159,"href":"https:\/\/www.meydan.tv\/az\/wp-json\/wp\/v2\/posts\/308154\/revisions\/308159"}],"wp:featuredmedia":[{"embeddable":true,"href":"https:\/\/www.meydan.tv\/az\/wp-json\/wp\/v2\/media\/144680"}],"wp:attachment":[{"href":"https:\/\/www.meydan.tv\/az\/wp-json\/wp\/v2\/media?parent=308154"}],"wp:term":[{"taxonomy":"category","embeddable":true,"href":"https:\/\/www.meydan.tv\/az\/wp-json\/wp\/v2\/categories?post=308154"},{"taxonomy":"post_tag","embeddable":true,"href":"https:\/\/www.meydan.tv\/az\/wp-json\/wp\/v2\/tags?post=308154"}],"curies":[{"name":"wp","href":"https:\/\/api.w.org\/{rel}","templated":true}]}}