{"id":308132,"date":"2024-06-14T14:54:54","date_gmt":"2024-06-14T10:54:54","guid":{"rendered":"https:\/\/www.meydan.tv\/?p=308132"},"modified":"2024-06-14T14:54:58","modified_gmt":"2024-06-14T10:54:58","slug":"nazir-qarabag-universitetine-geden-muellimlere-yuksek-maas-ved-edir","status":"publish","type":"post","link":"https:\/\/www.meydan.tv\/az\/article\/nazir-qarabag-universitetine-geden-muellimlere-yuksek-maas-ved-edir\/","title":{"rendered":"Nazir Qaraba\u011f Universitetin\u0259 ged\u0259n m\u00fc\u0259lliml\u0259r\u0259 y\u00fcks\u0259k maa\u015f v\u0259d edir"},"content":{"rendered":"\n<p><\/p>\n\n\n\n<p><strong><em>\u018fmrullayev sertifikasiya prosesinin n\u0259tic\u0259l\u0259rind\u0259n raz\u0131 qald\u0131\u011f\u0131n\u0131 deyib<\/em><\/strong><\/p>\n\n\n\n<p>Bu g\u00fcn Az\u0259rbaycanda \u201cSon z\u0259ng\u201d g\u00fcn\u00fcd\u00fcr.<\/p>\n\n\n\n<p>M\u0259kt\u0259b\u0259q\u0259d\u0259r v\u0259 \u00dcmumi T\u0259hsil \u00fczr\u0259 D\u00f6vl\u0259t Agentliyinin m\u0259lumat\u0131nda qeyd olunur ki, bu il m\u0259zun olan onbirincil\u0259rin say\u0131 \u00fcmumilikd\u0131 102 120 n\u0259f\u0259rdir.<\/p>\n\n\n\n<p>Elm v\u0259 t\u0259hsil naziri Emin \u018fmrullayev d\u0259 t\u0259dbirl\u0259r\u0259 qat\u0131l\u0131b.<\/p>\n\n\n\n<p>Nazir h\u0259m\u00e7inin jurnalistl\u0259r\u0259 a\u00e7\u0131qlama verib.<\/p>\n\n\n\n<p>M\u00fc\u0259lliml\u0259rin sertifikasiya prosesind\u0259n dan\u0131\u015fan nazir n\u0259tic\u0259l\u0259rd\u0259n raz\u0131 qald\u0131\u011f\u0131n\u0131 bildirib.<\/p>\n\n\n\n<p><strong>\u201cSertifikasiya imtahanlar\u0131 c\u0259miyy\u0259td\u0259 \u00e7a\u015fq\u0131nl\u0131q yarad\u0131b\u201d<\/strong><\/p>\n\n\n\n<p>\u201c<em>Sertifikasiyada i\u015ftirak ed\u0259n m\u00fc\u0259lliml\u0259rin 88 faizi u\u011fur qazan\u0131b. Y\u00fcks\u0259k n\u0259tic\u0259 g\u00f6st\u0259r\u0259n m\u00fc\u0259lliml\u0259rin say\u0131 sertifikasiyada q\u0259na\u0259tb\u0259x\u015f n\u0259tic\u0259 g\u00f6st\u0259rm\u0259y\u0259nl\u0259rd\u0259n iki d\u0259f\u0259 \u00e7oxdur. Sad\u0259c\u0259, sonuncu t\u0259krar sertifikasiya imtahan\u0131n\u0131n n\u0259tic\u0259l\u0259ri a\u00e7\u0131qland\u0131 v\u0259 bu r\u0259q\u0259ml\u0259r c\u0259miyy\u0259td\u0259 \u00e7a\u015fq\u0131nl\u0131q yaratd\u0131. B\u00fct\u00fcn m\u00fc\u0259lliml\u0259rin suala s\u0259hv cavab verm\u0259si il\u0259 ba\u011fl\u0131 yay\u0131lan fikirl\u0259r yanl\u0131\u015fd\u0131r, ham\u0131s\u0131 z\u0259if n\u0259tic\u0259 g\u00f6st\u0259rm\u0259yib. Y\u00fcks\u0259k n\u0259tic\u0259 g\u00f6st\u0259r\u0259n m\u00fc\u0259lliml\u0259rin \u0259m\u0259khaqq\u0131na 10-35 faiz \u0259lav\u0259 edilib. C\u0259miyy\u0259tin m\u00fczakir\u0259 etdiyi m\u00fc\u0259lliml\u0259rin az bir qismidir\u201d, &#8211;<\/em> nazir deyib.<\/p>\n\n\n\n<p>O xat\u0131rlad\u0131b ki, 2022, 2023, 2024-c\u00fc ill\u0259rd\u0259 bu g\u00fcn\u0259 q\u0259d\u0259r 40 min 600 m\u00fc\u0259llim sertifikasiyadan ke\u00e7ib.<\/p>\n\n\n<div class=\"wp-block-image\">\n<figure class=\"alignright size-full is-resized\"><img decoding=\"async\" width=\"1200\" height=\"584\" data-src=\"https:\/\/www.meydan.tv\/wp-content\/uploads\/1717228096475358786_1200x630-e1718301020842.jpg\" alt=\"\" class=\"wp-image-308092 lazyload\" style=\"--smush-placeholder-width: 1200px; --smush-placeholder-aspect-ratio: 1200\/584;width:458px;height:auto\" src=\"data:image\/svg+xml;base64,PHN2ZyB3aWR0aD0iMSIgaGVpZ2h0PSIxIiB4bWxucz0iaHR0cDovL3d3dy53My5vcmcvMjAwMC9zdmciPjwvc3ZnPg==\" \/><figcaption class=\"wp-element-caption\">Emin \u018fmrullayev. Foto: Az\u0259rtac<\/figcaption><\/figure>\n<\/div>\n\n\n<p>2023-c\u00fc ild\u0259 ke\u00e7iril\u0259n sertifikatla\u015fd\u0131rma prosesin\u0259 29 951 m\u00fc\u0259llim c\u0259lb olunub.<\/p>\n\n\n\n<p>Sertifikatla\u015fd\u0131rmadan ke\u00e7mi\u015f 5 246 t\u0259hsilver\u0259nin v\u0259zif\u0259 maa\u015f\u0131na 35 faiz, 17 914 t\u0259hsilver\u0259n\u0259 is\u0259 10 faiz art\u0131m t\u0259tbiq edilib.<\/p>\n\n\n\n<p>T\u0259hsilver\u0259nl\u0259rin Sertifikatla\u015fd\u0131r\u0131lmas\u0131 \u015euras\u0131n\u0131n m\u0259lumat\u0131na g\u00f6r\u0259, ilk d\u0259f\u0259 c\u0259lb olunacaq m\u00fc\u0259lliml\u0259r \u00fc\u00e7\u00fcn sertifikatla\u015fd\u0131rma prosesinin test imtahan\u0131 m\u0259rh\u0259l\u0259si 2024-c\u00fc il 21, 22, 24 iyunda, 2023-c\u00fc ild\u0259 u\u011fur qazana bilm\u0259y\u0259n m\u00fc\u0259lliml\u0259rin t\u0259krar sertifikatla\u015fd\u0131r\u0131lmas\u0131 is\u0259 8 iyulda ke\u00e7iril\u0259c\u0259k.<\/p>\n\n\n\n<p>Sertifikasiya imtahanlar\u0131nda riyaziyyat v\u0259 xarici dil (ingilis dili, rus dili, Az\u0259rbaycan dili (rus b\u00f6lm\u0259si), alman dili, frans\u0131z dili v\u0259 s.) f\u0259nl\u0259rini t\u0259dris ed\u0259n t\u0259hsilver\u0259nl\u0259r, eyni zamanda ibtidai sinif, Az\u0259rbaycan dili v\u0259 \u0259d\u0259biyyat m\u00fc\u0259lliml\u0259ri i\u015ftirak ed\u0259c\u0259kl\u0259r.<\/p>\n\n\n\n<p><strong>\u201c\u0130\u015f\u011faldan azad olunmu\u015f \u0259razil\u0259rd\u0259 20-d\u0259n \u00e7ox m\u0259kt\u0259b a\u00e7\u0131lacaq\u201d<\/strong><\/p>\n\n\n\n<p>Nazir yenid\u0259n Az\u0259rbaycan\u0131n n\u0259zar\u0259tin\u0259 ke\u00e7mi\u015f \u0259razil\u0259rd\u0259 iyirmid\u0259n art\u0131q m\u0259kt\u0259bin tikintisinin apar\u0131ld\u0131\u011f\u0131n\u0131 deyib.<\/p>\n\n\n\n<p>O bildirib ki, bu ilin sentyabr\u0131nda \u015eu\u015fada, Xank\u0259ndid\u0259, Xocal\u0131da, Mal\u0131b\u0259yli k\u0259ndind\u0259, K\u0259rkicahan q\u0259s\u0259b\u0259sind\u0259, C\u0259bray\u0131lda, K\u0259lb\u0259c\u0259rd\u0259 m\u0259kt\u0259bl\u0259rin a\u00e7\u0131lmas\u0131 planla\u015fd\u0131r\u0131l\u0131r:<\/p>\n\n\n\n<p>Emin \u018fmrullayev Xank\u0259ndid\u0259 f\u0259aliyy\u0259t g\u00f6st\u0259r\u0259c\u0259k Qaraba\u011f Universiteti haqq\u0131nda dan\u0131\u015f\u0131b.<\/p>\n\n\n<div class=\"wp-block-image\">\n<figure class=\"alignleft size-full is-resized\"><img decoding=\"async\" width=\"1200\" height=\"800\" data-src=\"https:\/\/www.meydan.tv\/wp-content\/uploads\/6626013de50d26626013de50d317137667176626013de50d06626013de50d1.jpg\" alt=\"\" class=\"wp-image-308133 lazyload\" style=\"--smush-placeholder-width: 1200px; --smush-placeholder-aspect-ratio: 1200\/800;width:370px;height:auto\" src=\"data:image\/svg+xml;base64,PHN2ZyB3aWR0aD0iMSIgaGVpZ2h0PSIxIiB4bWxucz0iaHR0cDovL3d3dy53My5vcmcvMjAwMC9zdmciPjwvc3ZnPg==\" \/><figcaption class=\"wp-element-caption\">Qaraba\u011f Universiteti. Foto: Wiki<\/figcaption><\/figure>\n<\/div>\n\n\n<p>\u201c<em>Bu il universitetin ilk t\u0259dris ilidir, y\u0259qin ki, hans\u0131sa \u00e7at\u0131\u015fmazl\u0131qlar olacaq. Amma biz Qaraba\u011f Universitetini bir yerd\u0259 quraca\u011f\u0131q. Qaraba\u011f Universitetind\u0259 \u0259sas\u0259n t\u0259l\u0259b\u0259l\u0259r\u0259 g\u00fcz\u0259\u015ftl\u0259r n\u0259z\u0259rd\u0259 tutulur. M\u00fc\u0259lliml\u0259r\u0259 is\u0259 universitet qaydalar\u0131na \u0259sas\u0259n \u0259m\u0259khaqq\u0131 veril\u0259c\u0259k v\u0259 ya\u015fay\u0131\u015f yeri il\u0259 t\u0259min edil\u0259c\u0259k. Orta ayl\u0131q \u0259m\u0259khaqq\u0131 il\u0259 m\u00fcqayis\u0259d\u0259 yuxar\u0131 olacaq. Universitet\u0259 haz\u0131rl\u0131ql\u0131 m\u00fc\u0259lliml\u0259r c\u0259lb edil\u0259c\u0259k\u201d, <\/em>&#8211; nazir bildirib.<\/p>\n\n\n\n<p>Prezident \u0130lham \u018fliyev 2023-c\u00fc il noyabr\u0131n 28-d\u0259 Qaraba\u011fda Universitet yarad\u0131lmas\u0131 il\u0259 ba\u011fl\u0131 s\u0259r\u0259ncam imzalay\u0131b.<\/p>\n\n\n\n<p>Qaraba\u011f Universitetind\u0259 6 fak\u00fclt\u0259 (Pedaqoji, \u0130nc\u0259s\u0259n\u0259t, Humanitar v\u0259 sosial elml\u0259r, \u0130qtisadiyyat, M\u00fch\u0259ndislik v\u0259 Turizm), 25 ixtisas \u00fczr\u0259 t\u0259dris apar\u0131lacaq.<\/p>\n\n\n\n<p>\u0130lkin m\u0259rh\u0259l\u0259d\u0259 1500 t\u0259l\u0259b\u0259nin q\u0259bulu n\u0259z\u0259rd\u0259 tutulur.<\/p>\n\n\n\n<p>2024\/2025-ci t\u0259dris ili \u00fc\u00e7\u00fcn \u00fcmumilikd\u0259 27 ixtisas \u00fczr\u0259 t\u0259l\u0259b\u0259 q\u0259bulu h\u0259yata ke\u00e7iril\u0259c\u0259k.<\/p>\n\n\n\n<p>H\u0259m\u00e7inin Bak\u0131 D\u00f6vl\u0259t Universitetind\u0259 (BDU) h\u00fcquq\u015f\u00fcnasl\u0131q fak\u00fclt\u0259si \u00fczr\u0259 SABAH qruplar\u0131 l\u0259\u011fv olunacaq.<\/p>\n\n\n\n<p>\u018fv\u0259zind\u0259 Qaraba\u011f Universitetin\u0259 <a href=\"https:\/\/d9mc3ts4czbpr.cloudfront.net\/az\/article\/bdu-da-sabah-qruplari-legv-edilir\/\">apar\u0131lacaq.<\/a><\/p>\n","protected":false},"excerpt":{"rendered":"<p>\u018fmrullayev sertifikasiya prosesinin n\u0259tic\u0259l\u0259rind\u0259n raz\u0131 qald\u0131\u011f\u0131n\u0131 deyib Bu g\u00fcn Az\u0259rbaycanda &#8230; <\/p>\n<p class=\"read-more-container\"><a title=\"Nazir Qaraba\u011f Universitetin\u0259 ged\u0259n m\u00fc\u0259lliml\u0259r\u0259 y\u00fcks\u0259k maa\u015f v\u0259d edir\" class=\"read-more button\" href=\"https:\/\/www.meydan.tv\/az\/article\/nazir-qarabag-universitetine-geden-muellimlere-yuksek-maas-ved-edir\/#more-308132\" aria-label=\"Read more about Nazir Qaraba\u011f Universitetin\u0259 ged\u0259n m\u00fc\u0259lliml\u0259r\u0259 y\u00fcks\u0259k maa\u015f v\u0259d edir\">Davam\u0131<\/a><\/p>\n","protected":false},"author":8,"featured_media":229633,"comment_status":"closed","ping_status":"closed","sticky":false,"template":"","format":"standard","meta":{"_acf_changed":false,"_sitemap_exclude":false,"_sitemap_priority":"","_sitemap_frequency":"","footnotes":""},"categories":[62,56],"tags":[],"class_list":["post-308132","post","type-post","status-publish","format-standard","has-post-thumbnail","hentry","category-sosial","category-xeberler","infinite-scroll-item","generate-columns","tablet-grid-50","mobile-grid-100","grid-parent","grid-33","no-featured-image-padding"],"acf":[],"yoast_head":"<!-- This site is optimized with the Yoast SEO plugin v27.5 - https:\/\/yoast.com\/product\/yoast-seo-wordpress\/ -->\n<title>Nazir Qaraba\u011f Universitetin\u0259 ged\u0259n m\u00fc\u0259lliml\u0259r\u0259 y\u00fcks\u0259k maa\u015f v\u0259d edir - MEYDAN.TV<\/title>\n<meta name=\"robots\" content=\"index, follow, max-snippet:-1, max-image-preview:large, max-video-preview:-1\" \/>\n<link rel=\"canonical\" href=\"https:\/\/www.meydan.tv\/az\/article\/nazir-qarabag-universitetine-geden-muellimlere-yuksek-maas-ved-edir\/\" \/>\n<meta property=\"og:locale\" content=\"az_AZ\" \/>\n<meta property=\"og:type\" content=\"article\" \/>\n<meta property=\"og:title\" content=\"Nazir Qaraba\u011f Universitetin\u0259 ged\u0259n m\u00fc\u0259lliml\u0259r\u0259 y\u00fcks\u0259k maa\u015f v\u0259d edir - MEYDAN.TV\" \/>\n<meta property=\"og:description\" content=\"\u018fmrullayev sertifikasiya prosesinin n\u0259tic\u0259l\u0259rind\u0259n raz\u0131 qald\u0131\u011f\u0131n\u0131 deyib Bu g\u00fcn Az\u0259rbaycanda ... Davam\u0131\" \/>\n<meta property=\"og:url\" content=\"https:\/\/www.meydan.tv\/az\/article\/nazir-qarabag-universitetine-geden-muellimlere-yuksek-maas-ved-edir\/\" \/>\n<meta property=\"og:site_name\" content=\"MEYDAN.TV\" \/>\n<meta property=\"article:published_time\" content=\"2024-06-14T10:54:54+00:00\" \/>\n<meta property=\"article:modified_time\" content=\"2024-06-14T10:54:58+00:00\" \/>\n<meta property=\"og:image\" content=\"https:\/\/www.meydan.tv\/wp-content\/uploads\/shutterstock_588769904-e1639749863751.jpg\" \/>\n\t<meta property=\"og:image:width\" content=\"1200\" \/>\n\t<meta property=\"og:image:height\" content=\"681\" \/>\n\t<meta property=\"og:image:type\" content=\"image\/jpeg\" \/>\n<meta name=\"author\" content=\"elli\" \/>\n<meta name=\"twitter:card\" content=\"summary_large_image\" \/>\n<meta name=\"twitter:creator\" content=\"@elli\" \/>\n<script type=\"application\/ld+json\" class=\"yoast-schema-graph\">{\"@context\":\"https:\\\/\\\/schema.org\",\"@graph\":[{\"@type\":\"Article\",\"@id\":\"https:\\\/\\\/www.meydan.tv\\\/az\\\/article\\\/nazir-qarabag-universitetine-geden-muellimlere-yuksek-maas-ved-edir\\\/#article\",\"isPartOf\":{\"@id\":\"https:\\\/\\\/www.meydan.tv\\\/az\\\/article\\\/nazir-qarabag-universitetine-geden-muellimlere-yuksek-maas-ved-edir\\\/\"},\"author\":{\"name\":\"elli\",\"@id\":\"https:\\\/\\\/www.meydan.tv\\\/az\\\/#\\\/schema\\\/person\\\/9cdbecf90d17180ce1dfbd95b08dcf47\"},\"headline\":\"Nazir Qaraba\u011f Universitetin\u0259 ged\u0259n m\u00fc\u0259lliml\u0259r\u0259 y\u00fcks\u0259k maa\u015f v\u0259d edir\",\"datePublished\":\"2024-06-14T10:54:54+00:00\",\"dateModified\":\"2024-06-14T10:54:58+00:00\",\"mainEntityOfPage\":{\"@id\":\"https:\\\/\\\/www.meydan.tv\\\/az\\\/article\\\/nazir-qarabag-universitetine-geden-muellimlere-yuksek-maas-ved-edir\\\/\"},\"wordCount\":744,\"publisher\":{\"@id\":\"https:\\\/\\\/www.meydan.tv\\\/az\\\/#organization\"},\"image\":{\"@id\":\"https:\\\/\\\/www.meydan.tv\\\/az\\\/article\\\/nazir-qarabag-universitetine-geden-muellimlere-yuksek-maas-ved-edir\\\/#primaryimage\"},\"thumbnailUrl\":\"https:\\\/\\\/www.meydan.tv\\\/wp-content\\\/uploads\\\/shutterstock_588769904-e1639749863751.jpg\",\"articleSection\":[\"Sosial\",\"X\u0259b\u0259rl\u0259r\"],\"inLanguage\":\"az\"},{\"@type\":\"WebPage\",\"@id\":\"https:\\\/\\\/www.meydan.tv\\\/az\\\/article\\\/nazir-qarabag-universitetine-geden-muellimlere-yuksek-maas-ved-edir\\\/\",\"url\":\"https:\\\/\\\/www.meydan.tv\\\/az\\\/article\\\/nazir-qarabag-universitetine-geden-muellimlere-yuksek-maas-ved-edir\\\/\",\"name\":\"Nazir Qaraba\u011f Universitetin\u0259 ged\u0259n m\u00fc\u0259lliml\u0259r\u0259 y\u00fcks\u0259k maa\u015f v\u0259d edir - MEYDAN.TV\",\"isPartOf\":{\"@id\":\"https:\\\/\\\/www.meydan.tv\\\/az\\\/#website\"},\"primaryImageOfPage\":{\"@id\":\"https:\\\/\\\/www.meydan.tv\\\/az\\\/article\\\/nazir-qarabag-universitetine-geden-muellimlere-yuksek-maas-ved-edir\\\/#primaryimage\"},\"image\":{\"@id\":\"https:\\\/\\\/www.meydan.tv\\\/az\\\/article\\\/nazir-qarabag-universitetine-geden-muellimlere-yuksek-maas-ved-edir\\\/#primaryimage\"},\"thumbnailUrl\":\"https:\\\/\\\/www.meydan.tv\\\/wp-content\\\/uploads\\\/shutterstock_588769904-e1639749863751.jpg\",\"datePublished\":\"2024-06-14T10:54:54+00:00\",\"dateModified\":\"2024-06-14T10:54:58+00:00\",\"breadcrumb\":{\"@id\":\"https:\\\/\\\/www.meydan.tv\\\/az\\\/article\\\/nazir-qarabag-universitetine-geden-muellimlere-yuksek-maas-ved-edir\\\/#breadcrumb\"},\"inLanguage\":\"az\",\"potentialAction\":[{\"@type\":\"ReadAction\",\"target\":[\"https:\\\/\\\/www.meydan.tv\\\/az\\\/article\\\/nazir-qarabag-universitetine-geden-muellimlere-yuksek-maas-ved-edir\\\/\"]}]},{\"@type\":\"ImageObject\",\"inLanguage\":\"az\",\"@id\":\"https:\\\/\\\/www.meydan.tv\\\/az\\\/article\\\/nazir-qarabag-universitetine-geden-muellimlere-yuksek-maas-ved-edir\\\/#primaryimage\",\"url\":\"https:\\\/\\\/www.meydan.tv\\\/wp-content\\\/uploads\\\/shutterstock_588769904-e1639749863751.jpg\",\"contentUrl\":\"https:\\\/\\\/www.meydan.tv\\\/wp-content\\\/uploads\\\/shutterstock_588769904-e1639749863751.jpg\",\"width\":1200,\"height\":681,\"caption\":\"Maa\u015f, Foto: Travel man\\\/Shutterstock\"},{\"@type\":\"BreadcrumbList\",\"@id\":\"https:\\\/\\\/www.meydan.tv\\\/az\\\/article\\\/nazir-qarabag-universitetine-geden-muellimlere-yuksek-maas-ved-edir\\\/#breadcrumb\",\"itemListElement\":[{\"@type\":\"ListItem\",\"position\":1,\"name\":\"Ana s\u0259hif\u0259\",\"item\":\"https:\\\/\\\/www.meydan.tv\\\/az\\\/\"},{\"@type\":\"ListItem\",\"position\":2,\"name\":\"Sosial\",\"item\":\"https:\\\/\\\/www.meydan.tv\\\/az\\\/section\\\/sosial\\\/\"},{\"@type\":\"ListItem\",\"position\":3,\"name\":\"Nazir Qaraba\u011f Universitetin\u0259 ged\u0259n m\u00fc\u0259lliml\u0259r\u0259 y\u00fcks\u0259k maa\u015f v\u0259d edir\"}]},{\"@type\":\"WebSite\",\"@id\":\"https:\\\/\\\/www.meydan.tv\\\/az\\\/#website\",\"url\":\"https:\\\/\\\/www.meydan.tv\\\/az\\\/\",\"name\":\"MEYDAN.TV\",\"description\":\"Meydan TV Az\u0259rbaycan\u0131n media m\u0259kan\u0131ndak\u0131 alternativ s\u0259sidir\",\"publisher\":{\"@id\":\"https:\\\/\\\/www.meydan.tv\\\/az\\\/#organization\"},\"potentialAction\":[{\"@type\":\"SearchAction\",\"target\":{\"@type\":\"EntryPoint\",\"urlTemplate\":\"https:\\\/\\\/www.meydan.tv\\\/az\\\/?s={search_term_string}\"},\"query-input\":{\"@type\":\"PropertyValueSpecification\",\"valueRequired\":true,\"valueName\":\"search_term_string\"}}],\"inLanguage\":\"az\"},{\"@type\":\"Organization\",\"@id\":\"https:\\\/\\\/www.meydan.tv\\\/az\\\/#organization\",\"name\":\"Meydan TV\",\"url\":\"https:\\\/\\\/www.meydan.tv\\\/az\\\/\",\"logo\":{\"@type\":\"ImageObject\",\"inLanguage\":\"az\",\"@id\":\"https:\\\/\\\/www.meydan.tv\\\/az\\\/#\\\/schema\\\/logo\\\/image\\\/\",\"url\":\"https:\\\/\\\/www.meydan.tv\\\/wp-content\\\/uploads\\\/2021\\\/07\\\/meydan-logo.svg\",\"contentUrl\":\"https:\\\/\\\/www.meydan.tv\\\/wp-content\\\/uploads\\\/2021\\\/07\\\/meydan-logo.svg\",\"width\":195,\"height\":46,\"caption\":\"Meydan TV\"},\"image\":{\"@id\":\"https:\\\/\\\/www.meydan.tv\\\/az\\\/#\\\/schema\\\/logo\\\/image\\\/\"}},{\"@type\":\"Person\",\"@id\":\"https:\\\/\\\/www.meydan.tv\\\/az\\\/#\\\/schema\\\/person\\\/9cdbecf90d17180ce1dfbd95b08dcf47\",\"name\":\"elli\",\"sameAs\":[\"https:\\\/\\\/x.com\\\/elli\"]}]}<\/script>\n<!-- \/ Yoast SEO plugin. -->","yoast_head_json":{"title":"Nazir Qaraba\u011f Universitetin\u0259 ged\u0259n m\u00fc\u0259lliml\u0259r\u0259 y\u00fcks\u0259k maa\u015f v\u0259d edir - MEYDAN.TV","robots":{"index":"index","follow":"follow","max-snippet":"max-snippet:-1","max-image-preview":"max-image-preview:large","max-video-preview":"max-video-preview:-1"},"canonical":"https:\/\/www.meydan.tv\/az\/article\/nazir-qarabag-universitetine-geden-muellimlere-yuksek-maas-ved-edir\/","og_locale":"az_AZ","og_type":"article","og_title":"Nazir Qaraba\u011f Universitetin\u0259 ged\u0259n m\u00fc\u0259lliml\u0259r\u0259 y\u00fcks\u0259k maa\u015f v\u0259d edir - MEYDAN.TV","og_description":"\u018fmrullayev sertifikasiya prosesinin n\u0259tic\u0259l\u0259rind\u0259n raz\u0131 qald\u0131\u011f\u0131n\u0131 deyib Bu g\u00fcn Az\u0259rbaycanda ... Davam\u0131","og_url":"https:\/\/www.meydan.tv\/az\/article\/nazir-qarabag-universitetine-geden-muellimlere-yuksek-maas-ved-edir\/","og_site_name":"MEYDAN.TV","article_published_time":"2024-06-14T10:54:54+00:00","article_modified_time":"2024-06-14T10:54:58+00:00","og_image":[{"width":1200,"height":681,"url":"https:\/\/www.meydan.tv\/wp-content\/uploads\/shutterstock_588769904-e1639749863751.jpg","type":"image\/jpeg"}],"author":"elli","twitter_card":"summary_large_image","twitter_creator":"@elli","schema":{"@context":"https:\/\/schema.org","@graph":[{"@type":"Article","@id":"https:\/\/www.meydan.tv\/az\/article\/nazir-qarabag-universitetine-geden-muellimlere-yuksek-maas-ved-edir\/#article","isPartOf":{"@id":"https:\/\/www.meydan.tv\/az\/article\/nazir-qarabag-universitetine-geden-muellimlere-yuksek-maas-ved-edir\/"},"author":{"name":"elli","@id":"https:\/\/www.meydan.tv\/az\/#\/schema\/person\/9cdbecf90d17180ce1dfbd95b08dcf47"},"headline":"Nazir Qaraba\u011f Universitetin\u0259 ged\u0259n m\u00fc\u0259lliml\u0259r\u0259 y\u00fcks\u0259k maa\u015f v\u0259d edir","datePublished":"2024-06-14T10:54:54+00:00","dateModified":"2024-06-14T10:54:58+00:00","mainEntityOfPage":{"@id":"https:\/\/www.meydan.tv\/az\/article\/nazir-qarabag-universitetine-geden-muellimlere-yuksek-maas-ved-edir\/"},"wordCount":744,"publisher":{"@id":"https:\/\/www.meydan.tv\/az\/#organization"},"image":{"@id":"https:\/\/www.meydan.tv\/az\/article\/nazir-qarabag-universitetine-geden-muellimlere-yuksek-maas-ved-edir\/#primaryimage"},"thumbnailUrl":"https:\/\/www.meydan.tv\/wp-content\/uploads\/shutterstock_588769904-e1639749863751.jpg","articleSection":["Sosial","X\u0259b\u0259rl\u0259r"],"inLanguage":"az"},{"@type":"WebPage","@id":"https:\/\/www.meydan.tv\/az\/article\/nazir-qarabag-universitetine-geden-muellimlere-yuksek-maas-ved-edir\/","url":"https:\/\/www.meydan.tv\/az\/article\/nazir-qarabag-universitetine-geden-muellimlere-yuksek-maas-ved-edir\/","name":"Nazir Qaraba\u011f Universitetin\u0259 ged\u0259n m\u00fc\u0259lliml\u0259r\u0259 y\u00fcks\u0259k maa\u015f v\u0259d edir - MEYDAN.TV","isPartOf":{"@id":"https:\/\/www.meydan.tv\/az\/#website"},"primaryImageOfPage":{"@id":"https:\/\/www.meydan.tv\/az\/article\/nazir-qarabag-universitetine-geden-muellimlere-yuksek-maas-ved-edir\/#primaryimage"},"image":{"@id":"https:\/\/www.meydan.tv\/az\/article\/nazir-qarabag-universitetine-geden-muellimlere-yuksek-maas-ved-edir\/#primaryimage"},"thumbnailUrl":"https:\/\/www.meydan.tv\/wp-content\/uploads\/shutterstock_588769904-e1639749863751.jpg","datePublished":"2024-06-14T10:54:54+00:00","dateModified":"2024-06-14T10:54:58+00:00","breadcrumb":{"@id":"https:\/\/www.meydan.tv\/az\/article\/nazir-qarabag-universitetine-geden-muellimlere-yuksek-maas-ved-edir\/#breadcrumb"},"inLanguage":"az","potentialAction":[{"@type":"ReadAction","target":["https:\/\/www.meydan.tv\/az\/article\/nazir-qarabag-universitetine-geden-muellimlere-yuksek-maas-ved-edir\/"]}]},{"@type":"ImageObject","inLanguage":"az","@id":"https:\/\/www.meydan.tv\/az\/article\/nazir-qarabag-universitetine-geden-muellimlere-yuksek-maas-ved-edir\/#primaryimage","url":"https:\/\/www.meydan.tv\/wp-content\/uploads\/shutterstock_588769904-e1639749863751.jpg","contentUrl":"https:\/\/www.meydan.tv\/wp-content\/uploads\/shutterstock_588769904-e1639749863751.jpg","width":1200,"height":681,"caption":"Maa\u015f, Foto: Travel man\/Shutterstock"},{"@type":"BreadcrumbList","@id":"https:\/\/www.meydan.tv\/az\/article\/nazir-qarabag-universitetine-geden-muellimlere-yuksek-maas-ved-edir\/#breadcrumb","itemListElement":[{"@type":"ListItem","position":1,"name":"Ana s\u0259hif\u0259","item":"https:\/\/www.meydan.tv\/az\/"},{"@type":"ListItem","position":2,"name":"Sosial","item":"https:\/\/www.meydan.tv\/az\/section\/sosial\/"},{"@type":"ListItem","position":3,"name":"Nazir Qaraba\u011f Universitetin\u0259 ged\u0259n m\u00fc\u0259lliml\u0259r\u0259 y\u00fcks\u0259k maa\u015f v\u0259d edir"}]},{"@type":"WebSite","@id":"https:\/\/www.meydan.tv\/az\/#website","url":"https:\/\/www.meydan.tv\/az\/","name":"MEYDAN.TV","description":"Meydan TV Az\u0259rbaycan\u0131n media m\u0259kan\u0131ndak\u0131 alternativ s\u0259sidir","publisher":{"@id":"https:\/\/www.meydan.tv\/az\/#organization"},"potentialAction":[{"@type":"SearchAction","target":{"@type":"EntryPoint","urlTemplate":"https:\/\/www.meydan.tv\/az\/?s={search_term_string}"},"query-input":{"@type":"PropertyValueSpecification","valueRequired":true,"valueName":"search_term_string"}}],"inLanguage":"az"},{"@type":"Organization","@id":"https:\/\/www.meydan.tv\/az\/#organization","name":"Meydan TV","url":"https:\/\/www.meydan.tv\/az\/","logo":{"@type":"ImageObject","inLanguage":"az","@id":"https:\/\/www.meydan.tv\/az\/#\/schema\/logo\/image\/","url":"https:\/\/www.meydan.tv\/wp-content\/uploads\/2021\/07\/meydan-logo.svg","contentUrl":"https:\/\/www.meydan.tv\/wp-content\/uploads\/2021\/07\/meydan-logo.svg","width":195,"height":46,"caption":"Meydan TV"},"image":{"@id":"https:\/\/www.meydan.tv\/az\/#\/schema\/logo\/image\/"}},{"@type":"Person","@id":"https:\/\/www.meydan.tv\/az\/#\/schema\/person\/9cdbecf90d17180ce1dfbd95b08dcf47","name":"elli","sameAs":["https:\/\/x.com\/elli"]}]}},"_links":{"self":[{"href":"https:\/\/www.meydan.tv\/az\/wp-json\/wp\/v2\/posts\/308132","targetHints":{"allow":["GET"]}}],"collection":[{"href":"https:\/\/www.meydan.tv\/az\/wp-json\/wp\/v2\/posts"}],"about":[{"href":"https:\/\/www.meydan.tv\/az\/wp-json\/wp\/v2\/types\/post"}],"author":[{"embeddable":true,"href":"https:\/\/www.meydan.tv\/az\/wp-json\/wp\/v2\/users\/8"}],"replies":[{"embeddable":true,"href":"https:\/\/www.meydan.tv\/az\/wp-json\/wp\/v2\/comments?post=308132"}],"version-history":[{"count":3,"href":"https:\/\/www.meydan.tv\/az\/wp-json\/wp\/v2\/posts\/308132\/revisions"}],"predecessor-version":[{"id":308140,"href":"https:\/\/www.meydan.tv\/az\/wp-json\/wp\/v2\/posts\/308132\/revisions\/308140"}],"wp:featuredmedia":[{"embeddable":true,"href":"https:\/\/www.meydan.tv\/az\/wp-json\/wp\/v2\/media\/229633"}],"wp:attachment":[{"href":"https:\/\/www.meydan.tv\/az\/wp-json\/wp\/v2\/media?parent=308132"}],"wp:term":[{"taxonomy":"category","embeddable":true,"href":"https:\/\/www.meydan.tv\/az\/wp-json\/wp\/v2\/categories?post=308132"},{"taxonomy":"post_tag","embeddable":true,"href":"https:\/\/www.meydan.tv\/az\/wp-json\/wp\/v2\/tags?post=308132"}],"curies":[{"name":"wp","href":"https:\/\/api.w.org\/{rel}","templated":true}]}}