{"id":308088,"date":"2024-06-13T19:46:26","date_gmt":"2024-06-13T15:46:26","guid":{"rendered":"https:\/\/www.meydan.tv\/?p=308088"},"modified":"2024-06-13T19:46:28","modified_gmt":"2024-06-13T15:46:28","slug":"imran-eliyevin-hebs-muddeti-uzadildi","status":"publish","type":"post","link":"https:\/\/www.meydan.tv\/az\/article\/imran-eliyevin-hebs-muddeti-uzadildi\/","title":{"rendered":"\u0130mran \u018fliyevin h\u0259bs m\u00fcdd\u0259ti uzad\u0131ld\u0131"},"content":{"rendered":"\n<p><\/p>\n\n\n\n<p><strong><em>M\u00fcst\u0259ntiqin iddias\u0131na g\u00f6r\u0259 sayt r\u0259hb\u0259ri azadl\u0131qda qalarsa, istintaqa mane olar<\/em><\/strong><\/p>\n\n\n\n<p>&#8220;meclis.info\u201d sayt\u0131n\u0131n h\u0259bsd\u0259 olan r\u0259hb\u0259ri \u0130mran \u018fliyevin haqq\u0131nda h\u0259bs q\u0259timkan t\u0259dbirinin m\u00fcdd\u0259ti art\u0131r\u0131l\u0131b.<\/p>\n\n\n\n<p>\u0130yunun 13-d\u0259 X\u0259tai Rayon M\u0259hk\u0259m\u0259sind\u0259 \u0130mran \u018fliyevin istintaq d\u00f6vr\u00fcnd\u0259 h\u0259bsd\u0259 saxlanma m\u00fcdd\u0259tinin uzad\u0131lmas\u0131 \u00fc\u00e7\u00fcn prokurorun t\u0259qdimat\u0131na bax\u0131l\u0131b.<\/p>\n\n\n\n<p>M\u0259hk\u0259m\u0259d\u0259 m\u00fcst\u0259ntiq t\u0259qdimat\u0131 m\u00fcdafi\u0259 edib. Deyib ki, \u0130mran \u018fliyevin t\u0259qsirl\u0259ndirildiyi cinay\u0259t i\u015fi \u00fczr\u0259 bir s\u0131ra istintaq h\u0259r\u0259k\u0259tl\u0259ri h\u0259yata ke\u00e7irilm\u0259lidir. \u0130stintaq davam etdiyi m\u00fcdd\u0259td\u0259 is\u0259 \u0130mran \u018fliyevin azadl\u0131qda qalmas\u0131 prosesin gedi\u015fin\u0259 mane ola bil\u0259r. M\u00fcst\u0259ntiqin iddias\u0131na g\u00f6r\u0259, azadl\u0131qda qalarsa, prosesin dig\u0259r i\u015ftirak\u00e7\u0131lar\u0131 il\u0259 \u0259laq\u0259 yaratmaq, \u015fahidl\u0259r\u0259 t\u0259sir g\u00f6st\u0259rm\u0259k ehtimal\u0131 var.<\/p>\n\n\n\n<p>\u0130mran \u018fliyev v\u0259 v\u0259kili Qanqa \u0130brahimov is\u0259 t\u0259qdimata etiraz edib, t\u0259min olunmamas\u0131n\u0131 ist\u0259yib. Onlar bildirib ki, \u0130mran \u018fliyev\u0259 qar\u015f\u0131 ir\u0259li s\u00fcr\u00fclm\u00fc\u015f qa\u00e7aqmal\u00e7\u0131l\u0131q ittiham\u0131 \u0259sass\u0131zd\u0131r. V\u0259kil m\u00fcv\u0259kkilinin t\u0259qsirsiz oldu\u011funu vur\u011fulayaraq, onun h\u0259bsd\u0259 saxlanmas\u0131 \u00fc\u00e7\u00fcn \u0259sas olmad\u0131\u011f\u0131n\u0131 bildirib. M\u00fcdafi\u0259\u00e7inin s\u00f6zl\u0259rin\u0259 g\u00f6r\u0259, \u0130mran \u018fliyevin ya\u015fay\u0131\u015f yeri m\u0259lumdur, istintaqdan yay\u0131nmaq niyy\u0259ti yoxdur, onu h\u0259bsd\u0259 saxlamadan da istintaq davam etdiril\u0259 bil\u0259r.<br>Lakin hakim prokurorun t\u0259qdimat\u0131n\u0131 t\u0259min edib v\u0259 \u0130mran \u018fliyev haqq\u0131nda istintaq d\u00f6vr\u00fc \u00fc\u00e7\u00fcn h\u0259bs q\u0259timkan t\u0259dbirinin m\u00fcdd\u0259ti 2 ay 7 g\u00fcn uzad\u0131l\u0131b.<\/p>\n\n\n\n<p>Az\u0259rbaycan parlamentin v\u0259 deputatlar\u0131n f\u0259aliyy\u0259tinin monitorinqi il\u0259 m\u0259\u015f\u011ful olan \u201cmeclis.info\u201d sayt\u0131n\u0131n r\u0259hb\u0259ri \u0130mran \u018fliyev aprelin 18-d\u0259 T\u00fcrkiy\u0259y\u0259 ged\u0259rk\u0259n Bak\u0131da hava liman\u0131nda saxlan\u0131laraq, Bak\u0131 \u015f\u0259h\u0259r Ba\u015f Polis \u0130dar\u0259sinin \u0259m\u0259kda\u015flar\u0131na t\u0259hvil verilib. H\u0259min g\u00fcn gec\u0259 saatlar\u0131nda onun ya\u015fad\u0131\u011f\u0131 evd\u0259 axtar\u0131\u015f apar\u0131l\u0131b. Aprelin 19-da m\u0259hk\u0259m\u0259d\u0259 onun haqq\u0131nda h\u0259bs q\u0259rar\u0131 \u00e7\u0131xar\u0131landa \u0130mran \u018fliyev bildirib ki, polisl\u0259r t\u0259r\u0259find\u0259n i\u015fg\u0259nc\u0259y\u0259 m\u0259ruz qal\u0131b, b\u0259d\u0259nin\u0259 elektrik c\u0259r\u0259yan\u0131 verilib. M\u0259hk\u0259m\u0259y\u0259 g\u0259tiril\u0259nd\u0259 onun \u00fcz\u0259rind\u0259 x\u0259sar\u0259t izl\u0259ri a\u015fkar g\u00f6r\u00fcn\u00fcb.<\/p>\n\n\n\n<p>\u00d6nc\u0259 o, &#8220;AbzasMedia&#8221; il\u0259 ba\u011fl\u0131 cinay\u0259t i\u015fi \u00fczr\u0259 t\u0259qsirl\u0259ndiril\u0259n \u015f\u0259xs qismind\u0259 c\u0259lb olunub. Ona qar\u015f\u0131 Cinay\u0259t M\u0259c\u0259ll\u0259sinin 206.3.2-ci (bir qrup \u015f\u0259xs t\u0259r\u0259find\u0259n qa\u00e7aqmal\u00e7\u0131l\u0131q) madd\u0259sil\u0259 ittiham ir\u0259li s\u00fcr\u00fcl\u00fcb.<\/p>\n\n\n\n<p>Daha sonra onun i\u015fi &#8220;AbzasMedia&#8221; il\u0259 ba\u011fl\u0131 cinay\u0259t i\u015find\u0259n ayr\u0131l\u0131b. \u0130ctimai f\u0259ala qar\u015f\u0131 Cinay\u0259t M\u0259c\u0259ll\u0259sinin 206.3.1 (qa\u00e7aqmal\u00e7\u0131l\u0131q &#8211; t\u0259krar t\u00f6r\u0259dildikd\u0259) madd\u0259sil\u0259 yeni ittiham ir\u0259li s\u00fcr\u00fcl\u00fcb.<br>\u0130mran \u018fliyev \u00f6z\u00fcn\u00fc t\u0259qsirli bilmir. \u0130mran \u018fliyevin h\u0259bsind\u0259n \u00f6nc\u0259 h\u00f6kum\u0259ty\u00f6nl\u00fc mediada onun \u0259leyhin\u0259 material yay\u0131mlanm\u0131\u015fd\u0131.<\/p>\n\n\n\n<p>Daxili \u0130\u015fl\u0259r Nazirliyinin m\u0259tbuat xidm\u0259ti \u0130mran \u018fliyevin i\u015fg\u0259nc\u0259y\u0259 m\u0259ruz qalmas\u0131 bar\u0259d\u0259 deyil\u0259nl\u0259ri t\u0259kzib edib. Bu qurumdan bildirilib ki, deyil\u0259nl\u0259r \u0259sass\u0131zd\u0131r.<\/p>\n\n\n\n<p>Korrupsiya ara\u015fd\u0131rmalar\u0131yla tan\u0131nan \u201cAbzasMedia\u201d i\u015fi \u00fczr\u0259 h\u0259bsl\u0259r noyabr\u0131n 20-d\u0259n ba\u015flay\u0131b. \u00d6nc\u0259 sayt\u0131n direktoru \u00dclvi H\u0259s\u0259nli, direktor m\u00fcavini M\u0259h\u0259mm\u0259d Kekalov, ba\u015f redaktoru Sevinc Vaqifq\u0131z\u0131 h\u0259bs edilib. Daha sonra h\u0259bsl\u0259r ara\u015fd\u0131rma\u00e7\u0131 jurnalist Hafiz Babal\u0131, N\u0259rgiz Absalamova v\u0259 Elnar\u0259 Qas\u0131mova il\u0259 davam edib. Onlar da Cinay\u0259t M\u0259c\u0259ll\u0259sinin 206.3.2-ci (bir qrup \u015f\u0259xs t\u0259r\u0259find\u0259n qa\u00e7aqmal\u00e7\u0131l\u0131q) madd\u0259sil\u0259 ittiham olunur.<\/p>\n\n\n\n<p>Bu madd\u0259nin sanksiyas\u0131nda 5 ild\u0259n 8 il\u0259 q\u0259d\u0259r azadl\u0131qdan m\u0259hrumetm\u0259 c\u0259zas\u0131 n\u0259z\u0259rd\u0259 tutulub.<\/p>\n\n\n\n<p>Noyabr\u0131n 20-d\u0259 \u00dclvi H\u0259s\u0259nli saxland\u0131qdan sonra \u201cAbzasMedia\u201dn\u0131n ofisind\u0259 axtar\u0131\u015f apar\u0131l\u0131b. Sayt\u0131n ofisind\u0259n 40 min avro pul tap\u0131ld\u0131\u011f\u0131 iddia olunub.<\/p>\n\n\n\n<p>\u00dclvi H\u0259s\u0259nli is\u0259 orada pul olmad\u0131\u011f\u0131n\u0131, 40 min avronun ofis\u0259 onu tapd\u0131\u011f\u0131n\u0131 iddia ed\u0259nl\u0259rin \u00f6zl\u0259ri t\u0259r\u0259find\u0259n qoyuldu\u011funu bildirib.<\/p>\n\n\n\n<p>Adlar\u0131 \u00e7\u0259kil\u0259n jurnalistl\u0259rin he\u00e7 biri \u00f6z\u00fcn\u00fc t\u0259qsirli bilmir, \u201cAbzasMedia\u201dda Prezidentin ail\u0259 \u00fczvl\u0259ri d\u0259 daxil olmaqla, bir s\u0131ra v\u0259zif\u0259li \u015f\u0259xsl\u0259rin biznesi, korrupsiya il\u0259 ba\u011fl\u0131 ara\u015fd\u0131rmalara g\u00f6r\u0259 c\u0259zaland\u0131r\u0131ld\u0131qlar\u0131n\u0131 bildiribl\u0259r.<\/p>\n\n\n\n<p>&#8220;AbzasMedia\u201ddan sonra \u201cKanal 13\u201d internet televiziyas\u0131n\u0131n r\u0259hb\u0259ri \u018fziz Orucov v\u0259 bu qurumun \u0259m\u0259kda\u015f\u0131 \u015eamo Eminov da qa\u00e7aqmal\u00e7\u0131l\u0131q ittiham\u0131yla h\u0259bs olundu. Haz\u0131rda onlar\u0131n i\u015fi \u00fczr\u0259 istintaq S\u0259bail rayon Polis \u0130dar\u0259sind\u0259 davam edir.<\/p>\n\n\n\n<p>Mart\u0131n 6-da is\u0259 \u201cToplum TV\u201d kanal\u0131n\u0131n bir qrup \u0259m\u0259kda\u015f\u0131 eyni ittihamla h\u0259bs edilib. <\/p>\n\n\n\n<p>\u201cToplum\u201dun redaksiyas\u0131ndan v\u0259 ayr\u0131-ayr\u0131 \u0259m\u0259kda\u015flar\u0131n evind\u0259n axtar\u0131\u015f zaman\u0131 m\u00fcxt\u0259lif m\u0259bl\u0259\u011fl\u0259rd\u0259 pul tap\u0131ld\u0131\u011f\u0131 iddia olunur.<\/p>\n\n\n\n<p>Onlar is\u0259 bu ittiham\u0131 r\u0259dd edir, tap\u0131ld\u0131\u011f\u0131 iddia edil\u0259n pullar\u0131n evl\u0259r\u0259 v\u0259 ofis\u0259 axtar\u0131\u015f\u0131 aparan polisl\u0259rin \u00f6zl\u0259ri t\u0259r\u0259find\u0259n qoyuldu\u011funu bildirirl\u0259r.<\/p>\n","protected":false},"excerpt":{"rendered":"<p>M\u00fcst\u0259ntiqin iddias\u0131na g\u00f6r\u0259 sayt r\u0259hb\u0259ri azadl\u0131qda qalarsa, istintaqa mane olar &#8230; <\/p>\n<p class=\"read-more-container\"><a title=\"\u0130mran \u018fliyevin h\u0259bs m\u00fcdd\u0259ti uzad\u0131ld\u0131\" class=\"read-more button\" href=\"https:\/\/www.meydan.tv\/az\/article\/imran-eliyevin-hebs-muddeti-uzadildi\/#more-308088\" aria-label=\"Read more about \u0130mran \u018fliyevin h\u0259bs m\u00fcdd\u0259ti uzad\u0131ld\u0131\">Davam\u0131<\/a><\/p>\n","protected":false},"author":21,"featured_media":308081,"comment_status":"closed","ping_status":"closed","sticky":false,"template":"","format":"standard","meta":{"_acf_changed":false,"_sitemap_exclude":false,"_sitemap_priority":"","_sitemap_frequency":"","footnotes":""},"categories":[59,79,56],"tags":[],"class_list":["post-308088","post","type-post","status-publish","format-standard","has-post-thumbnail","hentry","category-siyaset","category-featured","category-xeberler","infinite-scroll-item","generate-columns","tablet-grid-50","mobile-grid-100","grid-parent","grid-33","no-featured-image-padding"],"acf":[],"yoast_head":"<!-- This site is optimized with the Yoast SEO plugin v27.4 - https:\/\/yoast.com\/product\/yoast-seo-wordpress\/ -->\n<title>\u0130mran \u018fliyevin h\u0259bs m\u00fcdd\u0259ti uzad\u0131ld\u0131 - MEYDAN.TV<\/title>\n<meta name=\"robots\" content=\"index, follow, max-snippet:-1, max-image-preview:large, max-video-preview:-1\" \/>\n<link rel=\"canonical\" href=\"https:\/\/www.meydan.tv\/az\/article\/imran-eliyevin-hebs-muddeti-uzadildi\/\" \/>\n<meta property=\"og:locale\" content=\"az_AZ\" \/>\n<meta property=\"og:type\" content=\"article\" \/>\n<meta property=\"og:title\" content=\"\u0130mran \u018fliyevin h\u0259bs m\u00fcdd\u0259ti uzad\u0131ld\u0131 - MEYDAN.TV\" \/>\n<meta property=\"og:description\" content=\"M\u00fcst\u0259ntiqin iddias\u0131na g\u00f6r\u0259 sayt r\u0259hb\u0259ri azadl\u0131qda qalarsa, istintaqa mane olar ... Davam\u0131\" \/>\n<meta property=\"og:url\" content=\"https:\/\/www.meydan.tv\/az\/article\/imran-eliyevin-hebs-muddeti-uzadildi\/\" \/>\n<meta property=\"og:site_name\" content=\"MEYDAN.TV\" \/>\n<meta property=\"article:published_time\" content=\"2024-06-13T15:46:26+00:00\" \/>\n<meta property=\"article:modified_time\" content=\"2024-06-13T15:46:28+00:00\" \/>\n<meta property=\"og:image\" content=\"https:\/\/www.meydan.tv\/wp-content\/uploads\/imran-1.jpg\" \/>\n\t<meta property=\"og:image:width\" content=\"1200\" \/>\n\t<meta property=\"og:image:height\" content=\"675\" \/>\n\t<meta property=\"og:image:type\" content=\"image\/jpeg\" \/>\n<meta name=\"author\" content=\"mahmud\" \/>\n<meta name=\"twitter:card\" content=\"summary_large_image\" \/>\n<script type=\"application\/ld+json\" class=\"yoast-schema-graph\">{\"@context\":\"https:\\\/\\\/schema.org\",\"@graph\":[{\"@type\":\"Article\",\"@id\":\"https:\\\/\\\/www.meydan.tv\\\/az\\\/article\\\/imran-eliyevin-hebs-muddeti-uzadildi\\\/#article\",\"isPartOf\":{\"@id\":\"https:\\\/\\\/www.meydan.tv\\\/az\\\/article\\\/imran-eliyevin-hebs-muddeti-uzadildi\\\/\"},\"author\":{\"name\":\"mahmud\",\"@id\":\"https:\\\/\\\/www.meydan.tv\\\/az\\\/#\\\/schema\\\/person\\\/09863e516102a829e72bedcf3f84c6b0\"},\"headline\":\"\u0130mran \u018fliyevin h\u0259bs m\u00fcdd\u0259ti uzad\u0131ld\u0131\",\"datePublished\":\"2024-06-13T15:46:26+00:00\",\"dateModified\":\"2024-06-13T15:46:28+00:00\",\"mainEntityOfPage\":{\"@id\":\"https:\\\/\\\/www.meydan.tv\\\/az\\\/article\\\/imran-eliyevin-hebs-muddeti-uzadildi\\\/\"},\"wordCount\":915,\"publisher\":{\"@id\":\"https:\\\/\\\/www.meydan.tv\\\/az\\\/#organization\"},\"image\":{\"@id\":\"https:\\\/\\\/www.meydan.tv\\\/az\\\/article\\\/imran-eliyevin-hebs-muddeti-uzadildi\\\/#primaryimage\"},\"thumbnailUrl\":\"https:\\\/\\\/www.meydan.tv\\\/wp-content\\\/uploads\\\/imran-1.jpg\",\"articleSection\":[\"Siyas\u0259t\",\"T\u00f6vsiy\u0259\",\"X\u0259b\u0259rl\u0259r\"],\"inLanguage\":\"az\"},{\"@type\":\"WebPage\",\"@id\":\"https:\\\/\\\/www.meydan.tv\\\/az\\\/article\\\/imran-eliyevin-hebs-muddeti-uzadildi\\\/\",\"url\":\"https:\\\/\\\/www.meydan.tv\\\/az\\\/article\\\/imran-eliyevin-hebs-muddeti-uzadildi\\\/\",\"name\":\"\u0130mran \u018fliyevin h\u0259bs m\u00fcdd\u0259ti uzad\u0131ld\u0131 - MEYDAN.TV\",\"isPartOf\":{\"@id\":\"https:\\\/\\\/www.meydan.tv\\\/az\\\/#website\"},\"primaryImageOfPage\":{\"@id\":\"https:\\\/\\\/www.meydan.tv\\\/az\\\/article\\\/imran-eliyevin-hebs-muddeti-uzadildi\\\/#primaryimage\"},\"image\":{\"@id\":\"https:\\\/\\\/www.meydan.tv\\\/az\\\/article\\\/imran-eliyevin-hebs-muddeti-uzadildi\\\/#primaryimage\"},\"thumbnailUrl\":\"https:\\\/\\\/www.meydan.tv\\\/wp-content\\\/uploads\\\/imran-1.jpg\",\"datePublished\":\"2024-06-13T15:46:26+00:00\",\"dateModified\":\"2024-06-13T15:46:28+00:00\",\"breadcrumb\":{\"@id\":\"https:\\\/\\\/www.meydan.tv\\\/az\\\/article\\\/imran-eliyevin-hebs-muddeti-uzadildi\\\/#breadcrumb\"},\"inLanguage\":\"az\",\"potentialAction\":[{\"@type\":\"ReadAction\",\"target\":[\"https:\\\/\\\/www.meydan.tv\\\/az\\\/article\\\/imran-eliyevin-hebs-muddeti-uzadildi\\\/\"]}]},{\"@type\":\"ImageObject\",\"inLanguage\":\"az\",\"@id\":\"https:\\\/\\\/www.meydan.tv\\\/az\\\/article\\\/imran-eliyevin-hebs-muddeti-uzadildi\\\/#primaryimage\",\"url\":\"https:\\\/\\\/www.meydan.tv\\\/wp-content\\\/uploads\\\/imran-1.jpg\",\"contentUrl\":\"https:\\\/\\\/www.meydan.tv\\\/wp-content\\\/uploads\\\/imran-1.jpg\",\"width\":1200,\"height\":675,\"caption\":\"\u0130mran \u018fliyev: Foto: F\u0259rqan\u0259 Novruzova\"},{\"@type\":\"BreadcrumbList\",\"@id\":\"https:\\\/\\\/www.meydan.tv\\\/az\\\/article\\\/imran-eliyevin-hebs-muddeti-uzadildi\\\/#breadcrumb\",\"itemListElement\":[{\"@type\":\"ListItem\",\"position\":1,\"name\":\"Ana s\u0259hif\u0259\",\"item\":\"https:\\\/\\\/www.meydan.tv\\\/az\\\/\"},{\"@type\":\"ListItem\",\"position\":2,\"name\":\"Siyas\u0259t\",\"item\":\"https:\\\/\\\/www.meydan.tv\\\/az\\\/section\\\/siyaset\\\/\"},{\"@type\":\"ListItem\",\"position\":3,\"name\":\"\u0130mran \u018fliyevin h\u0259bs m\u00fcdd\u0259ti uzad\u0131ld\u0131\"}]},{\"@type\":\"WebSite\",\"@id\":\"https:\\\/\\\/www.meydan.tv\\\/az\\\/#website\",\"url\":\"https:\\\/\\\/www.meydan.tv\\\/az\\\/\",\"name\":\"MEYDAN.TV\",\"description\":\"Meydan TV Az\u0259rbaycan\u0131n media m\u0259kan\u0131ndak\u0131 alternativ s\u0259sidir\",\"publisher\":{\"@id\":\"https:\\\/\\\/www.meydan.tv\\\/az\\\/#organization\"},\"potentialAction\":[{\"@type\":\"SearchAction\",\"target\":{\"@type\":\"EntryPoint\",\"urlTemplate\":\"https:\\\/\\\/www.meydan.tv\\\/az\\\/?s={search_term_string}\"},\"query-input\":{\"@type\":\"PropertyValueSpecification\",\"valueRequired\":true,\"valueName\":\"search_term_string\"}}],\"inLanguage\":\"az\"},{\"@type\":\"Organization\",\"@id\":\"https:\\\/\\\/www.meydan.tv\\\/az\\\/#organization\",\"name\":\"Meydan TV\",\"url\":\"https:\\\/\\\/www.meydan.tv\\\/az\\\/\",\"logo\":{\"@type\":\"ImageObject\",\"inLanguage\":\"az\",\"@id\":\"https:\\\/\\\/www.meydan.tv\\\/az\\\/#\\\/schema\\\/logo\\\/image\\\/\",\"url\":\"https:\\\/\\\/www.meydan.tv\\\/wp-content\\\/uploads\\\/2021\\\/07\\\/meydan-logo.svg\",\"contentUrl\":\"https:\\\/\\\/www.meydan.tv\\\/wp-content\\\/uploads\\\/2021\\\/07\\\/meydan-logo.svg\",\"width\":195,\"height\":46,\"caption\":\"Meydan TV\"},\"image\":{\"@id\":\"https:\\\/\\\/www.meydan.tv\\\/az\\\/#\\\/schema\\\/logo\\\/image\\\/\"}},{\"@type\":\"Person\",\"@id\":\"https:\\\/\\\/www.meydan.tv\\\/az\\\/#\\\/schema\\\/person\\\/09863e516102a829e72bedcf3f84c6b0\",\"name\":\"mahmud\"}]}<\/script>\n<!-- \/ Yoast SEO plugin. -->","yoast_head_json":{"title":"\u0130mran \u018fliyevin h\u0259bs m\u00fcdd\u0259ti uzad\u0131ld\u0131 - MEYDAN.TV","robots":{"index":"index","follow":"follow","max-snippet":"max-snippet:-1","max-image-preview":"max-image-preview:large","max-video-preview":"max-video-preview:-1"},"canonical":"https:\/\/www.meydan.tv\/az\/article\/imran-eliyevin-hebs-muddeti-uzadildi\/","og_locale":"az_AZ","og_type":"article","og_title":"\u0130mran \u018fliyevin h\u0259bs m\u00fcdd\u0259ti uzad\u0131ld\u0131 - MEYDAN.TV","og_description":"M\u00fcst\u0259ntiqin iddias\u0131na g\u00f6r\u0259 sayt r\u0259hb\u0259ri azadl\u0131qda qalarsa, istintaqa mane olar ... Davam\u0131","og_url":"https:\/\/www.meydan.tv\/az\/article\/imran-eliyevin-hebs-muddeti-uzadildi\/","og_site_name":"MEYDAN.TV","article_published_time":"2024-06-13T15:46:26+00:00","article_modified_time":"2024-06-13T15:46:28+00:00","og_image":[{"width":1200,"height":675,"url":"https:\/\/www.meydan.tv\/wp-content\/uploads\/imran-1.jpg","type":"image\/jpeg"}],"author":"mahmud","twitter_card":"summary_large_image","schema":{"@context":"https:\/\/schema.org","@graph":[{"@type":"Article","@id":"https:\/\/www.meydan.tv\/az\/article\/imran-eliyevin-hebs-muddeti-uzadildi\/#article","isPartOf":{"@id":"https:\/\/www.meydan.tv\/az\/article\/imran-eliyevin-hebs-muddeti-uzadildi\/"},"author":{"name":"mahmud","@id":"https:\/\/www.meydan.tv\/az\/#\/schema\/person\/09863e516102a829e72bedcf3f84c6b0"},"headline":"\u0130mran \u018fliyevin h\u0259bs m\u00fcdd\u0259ti uzad\u0131ld\u0131","datePublished":"2024-06-13T15:46:26+00:00","dateModified":"2024-06-13T15:46:28+00:00","mainEntityOfPage":{"@id":"https:\/\/www.meydan.tv\/az\/article\/imran-eliyevin-hebs-muddeti-uzadildi\/"},"wordCount":915,"publisher":{"@id":"https:\/\/www.meydan.tv\/az\/#organization"},"image":{"@id":"https:\/\/www.meydan.tv\/az\/article\/imran-eliyevin-hebs-muddeti-uzadildi\/#primaryimage"},"thumbnailUrl":"https:\/\/www.meydan.tv\/wp-content\/uploads\/imran-1.jpg","articleSection":["Siyas\u0259t","T\u00f6vsiy\u0259","X\u0259b\u0259rl\u0259r"],"inLanguage":"az"},{"@type":"WebPage","@id":"https:\/\/www.meydan.tv\/az\/article\/imran-eliyevin-hebs-muddeti-uzadildi\/","url":"https:\/\/www.meydan.tv\/az\/article\/imran-eliyevin-hebs-muddeti-uzadildi\/","name":"\u0130mran \u018fliyevin h\u0259bs m\u00fcdd\u0259ti uzad\u0131ld\u0131 - MEYDAN.TV","isPartOf":{"@id":"https:\/\/www.meydan.tv\/az\/#website"},"primaryImageOfPage":{"@id":"https:\/\/www.meydan.tv\/az\/article\/imran-eliyevin-hebs-muddeti-uzadildi\/#primaryimage"},"image":{"@id":"https:\/\/www.meydan.tv\/az\/article\/imran-eliyevin-hebs-muddeti-uzadildi\/#primaryimage"},"thumbnailUrl":"https:\/\/www.meydan.tv\/wp-content\/uploads\/imran-1.jpg","datePublished":"2024-06-13T15:46:26+00:00","dateModified":"2024-06-13T15:46:28+00:00","breadcrumb":{"@id":"https:\/\/www.meydan.tv\/az\/article\/imran-eliyevin-hebs-muddeti-uzadildi\/#breadcrumb"},"inLanguage":"az","potentialAction":[{"@type":"ReadAction","target":["https:\/\/www.meydan.tv\/az\/article\/imran-eliyevin-hebs-muddeti-uzadildi\/"]}]},{"@type":"ImageObject","inLanguage":"az","@id":"https:\/\/www.meydan.tv\/az\/article\/imran-eliyevin-hebs-muddeti-uzadildi\/#primaryimage","url":"https:\/\/www.meydan.tv\/wp-content\/uploads\/imran-1.jpg","contentUrl":"https:\/\/www.meydan.tv\/wp-content\/uploads\/imran-1.jpg","width":1200,"height":675,"caption":"\u0130mran \u018fliyev: Foto: F\u0259rqan\u0259 Novruzova"},{"@type":"BreadcrumbList","@id":"https:\/\/www.meydan.tv\/az\/article\/imran-eliyevin-hebs-muddeti-uzadildi\/#breadcrumb","itemListElement":[{"@type":"ListItem","position":1,"name":"Ana s\u0259hif\u0259","item":"https:\/\/www.meydan.tv\/az\/"},{"@type":"ListItem","position":2,"name":"Siyas\u0259t","item":"https:\/\/www.meydan.tv\/az\/section\/siyaset\/"},{"@type":"ListItem","position":3,"name":"\u0130mran \u018fliyevin h\u0259bs m\u00fcdd\u0259ti uzad\u0131ld\u0131"}]},{"@type":"WebSite","@id":"https:\/\/www.meydan.tv\/az\/#website","url":"https:\/\/www.meydan.tv\/az\/","name":"MEYDAN.TV","description":"Meydan TV Az\u0259rbaycan\u0131n media m\u0259kan\u0131ndak\u0131 alternativ s\u0259sidir","publisher":{"@id":"https:\/\/www.meydan.tv\/az\/#organization"},"potentialAction":[{"@type":"SearchAction","target":{"@type":"EntryPoint","urlTemplate":"https:\/\/www.meydan.tv\/az\/?s={search_term_string}"},"query-input":{"@type":"PropertyValueSpecification","valueRequired":true,"valueName":"search_term_string"}}],"inLanguage":"az"},{"@type":"Organization","@id":"https:\/\/www.meydan.tv\/az\/#organization","name":"Meydan TV","url":"https:\/\/www.meydan.tv\/az\/","logo":{"@type":"ImageObject","inLanguage":"az","@id":"https:\/\/www.meydan.tv\/az\/#\/schema\/logo\/image\/","url":"https:\/\/www.meydan.tv\/wp-content\/uploads\/2021\/07\/meydan-logo.svg","contentUrl":"https:\/\/www.meydan.tv\/wp-content\/uploads\/2021\/07\/meydan-logo.svg","width":195,"height":46,"caption":"Meydan TV"},"image":{"@id":"https:\/\/www.meydan.tv\/az\/#\/schema\/logo\/image\/"}},{"@type":"Person","@id":"https:\/\/www.meydan.tv\/az\/#\/schema\/person\/09863e516102a829e72bedcf3f84c6b0","name":"mahmud"}]}},"_links":{"self":[{"href":"https:\/\/www.meydan.tv\/az\/wp-json\/wp\/v2\/posts\/308088","targetHints":{"allow":["GET"]}}],"collection":[{"href":"https:\/\/www.meydan.tv\/az\/wp-json\/wp\/v2\/posts"}],"about":[{"href":"https:\/\/www.meydan.tv\/az\/wp-json\/wp\/v2\/types\/post"}],"author":[{"embeddable":true,"href":"https:\/\/www.meydan.tv\/az\/wp-json\/wp\/v2\/users\/21"}],"replies":[{"embeddable":true,"href":"https:\/\/www.meydan.tv\/az\/wp-json\/wp\/v2\/comments?post=308088"}],"version-history":[{"count":1,"href":"https:\/\/www.meydan.tv\/az\/wp-json\/wp\/v2\/posts\/308088\/revisions"}],"predecessor-version":[{"id":308089,"href":"https:\/\/www.meydan.tv\/az\/wp-json\/wp\/v2\/posts\/308088\/revisions\/308089"}],"wp:featuredmedia":[{"embeddable":true,"href":"https:\/\/www.meydan.tv\/az\/wp-json\/wp\/v2\/media\/308081"}],"wp:attachment":[{"href":"https:\/\/www.meydan.tv\/az\/wp-json\/wp\/v2\/media?parent=308088"}],"wp:term":[{"taxonomy":"category","embeddable":true,"href":"https:\/\/www.meydan.tv\/az\/wp-json\/wp\/v2\/categories?post=308088"},{"taxonomy":"post_tag","embeddable":true,"href":"https:\/\/www.meydan.tv\/az\/wp-json\/wp\/v2\/tags?post=308088"}],"curies":[{"name":"wp","href":"https:\/\/api.w.org\/{rel}","templated":true}]}}