{"id":308071,"date":"2024-06-13T15:33:47","date_gmt":"2024-06-13T11:33:47","guid":{"rendered":"https:\/\/www.meydan.tv\/?p=308071"},"modified":"2024-06-13T15:33:50","modified_gmt":"2024-06-13T11:33:50","slug":"anama-nin-kecmis-emekdasi-minaaxtaranlar-cox-yuklenir-tohmet-alir-isden-cixarilir","status":"publish","type":"post","link":"https:\/\/www.meydan.tv\/az\/article\/anama-nin-kecmis-emekdasi-minaaxtaranlar-cox-yuklenir-tohmet-alir-isden-cixarilir\/","title":{"rendered":"ANAMA-n\u0131n ke\u00e7mi\u015f \u0259m\u0259kda\u015f\u0131: \u201cMinaaxtaranlar \u00e7ox y\u00fckl\u0259nir, t\u00f6hm\u0259t al\u0131r, i\u015fd\u0259n \u00e7\u0131xar\u0131l\u0131r\u201d"},"content":{"rendered":"\n<p><\/p>\n\n\n\n<p><strong><em>Rauf Mirz\u0259yev i\u015fd\u0259n \u00e7\u0131xar\u0131lmas\u0131n\u0131n s\u0259b\u0259bl\u0259rini izah edir<\/em><\/strong><\/p>\n\n\n\n<p>A\u011fc\u0259b\u0259di rayonunun Yuxar\u0131 Qiyam\u0259ddinli k\u0259nd sakini Rauf Mirz\u0259yev 11 il minaaxtaran kimi f\u0259aliyy\u0259t g\u00f6st\u0259rib. 2013-c\u00fc ild\u0259n 2024-c\u00fc il may\u0131n 16-d\u0259k Az\u0259rbaycan Respublikas\u0131 Minat\u0259mizl\u0259m\u0259 Agentliyind\u0259 (ANAMA) minaaxtaran v\u0259 b\u00f6lm\u0259, el\u0259c\u0259 d\u0259 qrup r\u0259hb\u0259rinin m\u00fcavini v\u0259zif\u0259l\u0259rind\u0259 i\u015fl\u0259yib. 44 g\u00fcnl\u00fck m\u00fcharib\u0259d\u0259 17 g\u00fcn i\u015ftirak edib. Ombudsman onu i\u015f\u011faldan azad edilmi\u015f \u0259razil\u0259r\u0259 t\u0259hl\u00fck\u0259siz qay\u0131d\u0131\u015f\u0131n t\u0259min edilm\u0259sind\u0259 g\u00f6st\u0259rdiyi xidm\u0259tl\u0259r\u0259 g\u00f6r\u0259 f\u0259xri f\u0259rmanla t\u0259ltif edib. \u0130ki il \u0259vv\u0259ls\u0259 \u015eahbulaqda \u0259m\u0259liyyat aparark\u0259n y\u0131x\u0131lmas\u0131 s\u0259b\u0259bind\u0259n dizind\u0259n z\u0259d\u0259 al\u0131b v\u0259 dizi qism\u0259n funksiyas\u0131n\u0131 itirib.<\/p>\n\n\n\n<p>B\u0259s Rauf Mirz\u0259yevin i\u015fd\u0259n \u00e7\u0131xar\u0131lmas\u0131na s\u0259b\u0259b n\u0259 olub? O, Meydan TV-y\u0259 bu s\u0259b\u0259bl\u0259rd\u0259n dan\u0131\u015f\u0131b:<\/p>\n\n\n\n<p><em>\u201cM\u0259nim qrupumun \u0259m\u0259liyyat apard\u0131\u011f\u0131 sah\u0259nin qon\u015fulu\u011fundak\u0131 minal\u0131 sah\u0259d\u0259 mina partlam\u0131\u015fd\u0131. H\u0259min sah\u0259 tikinti \u015firk\u0259tl\u0259rinin iritonnajl\u0131 avtomobill\u0259rinin istifad\u0259 etdiyi yolun k\u0259nar\u0131ndayd\u0131, s\u00fcr\u00fcc\u00fcl\u0259rin sah\u0259y\u0259 ke\u00e7id etm\u0259sinin qar\u015f\u0131s\u0131n\u0131 almaq \u00fc\u00e7\u00fcn \u00f6z\u00fcm\u00fc oraya \u00e7atd\u0131rd\u0131m. M\u0259nim o \u0259raziy\u0259 ke\u00e7m\u0259yim normativl\u0259r\u0259 zidd idi, ancaq m\u0259qs\u0259d insan h\u0259yat\u0131n\u0131 xilas etm\u0259k olunca, m\u0259cbur qald\u0131m. Buna g\u00f6r\u0259 m\u0259ni i\u015fd\u0259n \u00e7\u0131xarmamal\u0131 idil\u0259r, \u0259ksin\u0259, m\u00fckafatland\u0131rmal\u0131ydlar\u201d.<\/em><\/p>\n\n\n<div class=\"wp-block-image\">\n<figure class=\"aligncenter size-full\"><img decoding=\"async\" width=\"1200\" height=\"675\" data-src=\"https:\/\/www.meydan.tv\/wp-content\/uploads\/anama2-1.jpg\" alt=\"\" class=\"wp-image-308067 lazyload\" src=\"data:image\/svg+xml;base64,PHN2ZyB3aWR0aD0iMSIgaGVpZ2h0PSIxIiB4bWxucz0iaHR0cDovL3d3dy53My5vcmcvMjAwMC9zdmciPjwvc3ZnPg==\" style=\"--smush-placeholder-width: 1200px; --smush-placeholder-aspect-ratio: 1200\/675;\" \/><\/figure>\n<\/div>\n\n\n<p>Rauf Mirz\u0259yevin s\u00f6zl\u0259rin\u0259 g\u00f6r\u0259, i\u015fd\u0259n \u00e7\u0131xar\u0131lmam\u0131\u015fdan bir az \u0259vv\u0259l ona \u015fidd\u0259tli t\u00f6hm\u0259t d\u0259\u00a0 verilib:<\/p>\n\n\n\n<p><em>\u201cStandarta g\u00f6r\u0259, bir qrupda alt\u0131 i\u015f\u00e7i olmal\u0131d\u0131r, ancaq m\u0259nim qrupumda s\u0259kkiz i\u015f\u00e7i vard\u0131. Bel\u0259 olan halda ist\u0259r-ist\u0259m\u0259z n\u0259zar\u0259ti itirirdim. N\u0259tic\u0259d\u0259 normativl\u0259rd\u0259n k\u0259nara \u00e7\u0131x\u0131rd\u0131q, tap\u015f\u0131r\u0131qlar keyfiyy\u0259tsiz yerin\u0259 yetirilirdi. D\u0259f\u0259l\u0259rl\u0259 m\u00fcraci\u0259t etmi\u015fdim ki, tabeliyimd\u0259ki i\u015f\u00e7il\u0259rin say\u0131n\u0131 normativ\u0259 uy\u011funla\u015fd\u0131rs\u0131nlar, ancaq qulaqard\u0131na vururdular\u201d.<\/em><\/p>\n\n\n\n<p>Ke\u00e7mi\u015f minaaxtaran\u0131n s\u00f6zl\u0259rin\u0259 g\u00f6r\u0259, \u0259razil\u0259rin minalardan t\u0259mizl\u0259m\u0259 i\u015fl\u0259rind\u0259 keyfiyy\u0259ti a\u015fa\u011f\u0131 salan s\u0259b\u0259bl\u0259rd\u0259n biri d\u0259 minaaxtaranlar\u0131 normativl\u0259rd\u0259n art\u0131q y\u00fckl\u0259m\u0259kdir:<\/p>\n\n\n\n<p><em>\u201cR\u0259hb\u0259rliyin haz\u0131rlay\u0131b t\u0259sdiql\u0259diyi icra planlar\u0131 normativl\u0259r\u0259 ziddir. Tutaq ki, bir minaaxtaran g\u00fcn \u0259rzind\u0259 maksimum 200 kvadratmetrlik sah\u0259d\u0259 t\u0259mizlik i\u015fi apara bil\u0259r, ancaq ona on d\u0259f\u0259 b\u00f6y\u00fck \u0259razini t\u0259mizl\u0259m\u0259k tap\u015f\u0131r\u0131\u011f\u0131 verilir. G\u00fcn \u0259rzind\u0259 2000-2500 kvadratmetrlik sah\u0259d\u0259 bir minaaxtaran\u0131n keyfiyy\u0259tli i\u015fl\u0259m\u0259si is\u0259 m\u00fcmk\u00fcn deyil. M\u0259s\u0259l\u0259n, s\u0259rt sah\u0259l\u0259r hesab olunan da\u011f\u0131nt\u0131, s\u0259rt kolluq, s\u0131x a\u011facl\u0131q \u0259razil\u0259rd\u0259 i\u015f\u00e7il\u0259ri t\u0259l\u0259sdirirl\u0259r. Minaaxtaran t\u0259l\u0259sir ki, g\u00fcn \u0259rzind\u0259 ona qoyulmu\u015f norman\u0131 ba\u015fa \u00e7atd\u0131rs\u0131n, bu zaman ist\u0259r-ist\u0259m\u0259z keyfiyy\u0259t arxa plana, k\u0259miyy\u0259t \u00f6n\u0259 ke\u00e7ir. N\u0259tic\u0259d\u0259 sah\u0259l\u0259rd\u0259 a\u015fkar olunmam\u0131\u015f sursatlar qal\u0131r. Sonra da buna g\u00f6r\u0259 minaaxtaranlara t\u00f6hm\u0259t verirl\u0259r. Ya da i\u015fini t\u0259l\u0259sik g\u00f6r\u00fcb ba\u015fa \u00e7atd\u0131rma\u011fa \u00e7al\u0131\u015fan minaaxtaran minaya d\u00fc\u015f\u00fcr, faci\u0259 ba\u015f verir\u201d.<\/em><\/p>\n\n\n<div class=\"wp-block-image\">\n<figure class=\"aligncenter size-full\"><img decoding=\"async\" width=\"1200\" height=\"675\" data-src=\"https:\/\/www.meydan.tv\/wp-content\/uploads\/anama1.jpg\" alt=\"\" class=\"wp-image-308064 lazyload\" src=\"data:image\/svg+xml;base64,PHN2ZyB3aWR0aD0iMSIgaGVpZ2h0PSIxIiB4bWxucz0iaHR0cDovL3d3dy53My5vcmcvMjAwMC9zdmciPjwvc3ZnPg==\" style=\"--smush-placeholder-width: 1200px; --smush-placeholder-aspect-ratio: 1200\/675;\" \/><\/figure>\n<\/div>\n\n\n<p>Ke\u00e7mi\u015f minaaxtaran\u0131n dem\u0259sin\u0259 g\u00f6r\u0259, i\u015fl\u0259rin keyfiyy\u0259tsiz g\u00f6r\u00fclm\u0259sinin ba\u015fqa s\u0259b\u0259bl\u0259ri d\u0259 var. M\u0259s\u0259l\u0259n, onlara veril\u0259n b\u0259zi avadanl\u0131qlar k\u00f6hn\u0259 v\u0259 istifad\u0259y\u0259 yarars\u0131zd\u0131r:<\/p>\n\n\n\n<p><em>\u201cVazerl\u0259r (\u00fcz\u00fc \u00f6rtm\u0259k \u00fc\u00e7\u00fcn kaskan\u0131n \u00f6n\u00fcnd\u0259ki \u015f\u00fc\u015f\u0259) yarars\u0131z v\u0259ziyy\u0259td\u0259dir, he\u00e7 n\u0259 g\u00f6rm\u0259k olmur. Dey\u0259nd\u0259 ki, normal kaskalar verin, deyirl\u0259r, vazerl\u0259ri \u00fcz\u00fcn\u00fczd\u0259n qald\u0131r\u0131n, i\u015fl\u0259yin. Minaaxtaranlar\u0131 dumanl\u0131, \u0259lveri\u015fsiz hava \u015f\u0259raitind\u0259 d\u0259 sah\u0259l\u0259r\u0259 \u00e7\u0131xar\u0131rlar. M\u0259s\u0259l\u0259n,\u00a0Ohanyan x\u0259tti \u0259n s\u0131x mina x\u0259tti hesab olunur, dumanl\u0131 havada ora i\u015fl\u0259m\u0259y\u0259 \u00e7\u0131xar\u0131rlar. Hans\u0131n\u0131 dey\u0259s\u0259n, botinka verilmir, f\u0259sil\u0259 uy\u011fun geyim verilmir\u201d.<\/em><\/p>\n\n\n\n<p>Rauf Mirz\u0259yev iddia edir ki, ANAMA-da \u00f6zba\u015f\u0131nal\u0131q h\u00f6km s\u00fcr\u00fcr. G\u00fcc strukturlar\u0131ndan (M\u00fcdafi\u0259 Nazirliyi, Daxili \u0130\u015fl\u0259r Nazirliyi, S\u0259rh\u0259d Qo\u015funlar\u0131) m\u00fcxt\u0259lif \u0259m\u0259ll\u0259r\u0259 g\u00f6r\u0259 qovulmu\u015f v\u0259zif\u0259li \u015f\u0259xsl\u0259r g\u0259lib ANAMA-da v\u0259zif\u0259l\u0259r\u0259 t\u0259yin olunur. D\u00fczg\u00fcn idar\u0259\u00e7\u0259liyin olmamas\u0131 s\u0259b\u0259bind\u0259n t\u0259kc\u0259 bu ilin may ay\u0131nda iki qrup r\u0259hb\u0259ri minaya d\u00fc\u015f\u00fcb.<\/p>\n\n\n<div class=\"wp-block-image\">\n<figure class=\"aligncenter size-full\"><img decoding=\"async\" width=\"1200\" height=\"675\" data-src=\"https:\/\/www.meydan.tv\/wp-content\/uploads\/anama-2.jpg\" alt=\"\" class=\"wp-image-308061 lazyload\" src=\"data:image\/svg+xml;base64,PHN2ZyB3aWR0aD0iMSIgaGVpZ2h0PSIxIiB4bWxucz0iaHR0cDovL3d3dy53My5vcmcvMjAwMC9zdmciPjwvc3ZnPg==\" style=\"--smush-placeholder-width: 1200px; --smush-placeholder-aspect-ratio: 1200\/675;\" \/><figcaption class=\"wp-element-caption\">Fotolar: Rauf Mirz\u0259yevin \u015f\u0259xsi albomundand\u0131r\n<\/figcaption><\/figure>\n<\/div>\n\n\n<p>Rauf Mirz\u0259yev t\u0259\u0259ss\u00fcfl\u0259 qeyd edir ki, d\u00fcnyada minaaxtaranlar imtiyazl\u0131 t\u0259b\u0259q\u0259 hesab olunsa da, Az\u0259rbaycanda bu t\u0259hl\u00fck\u0259li, h\u0259r an\u0131 \u00f6l\u00fcm sa\u00e7an f\u0259aliyy\u0259t\u0259 d\u0259y\u0259r verilmir:<\/p>\n\n\n\n<p><em>\u201cANAMA-n\u0131n 44 g\u00fcnl\u00fck m\u00fcharib\u0259 d\u00f6vr\u00fcnd\u0259 f\u0259dakarl\u0131qla i\u015fl\u0259mi\u015f, sursatlar\u0131n m\u0259hv olmas\u0131nda i\u015ftirak etmi\u015f \u0259m\u0259kda\u015flar\u0131na h\u0259l\u0259 d\u0259 veteran statusu verilm\u0259yib\u201d.<\/em><\/p>\n\n\n\n<p>Meydan TV ke\u00e7mi\u015f minaaxtaran\u0131n iddialar\u0131na m\u00fcnasib\u0259t \u00f6yr\u0259nm\u0259k \u00fc\u00e7\u00fcn ANAMA-n\u0131n m\u0259tbuat xidm\u0259tiyl\u0259 \u0259laq\u0259 yaratma\u011fa c\u0259hd ets\u0259 d\u0259, m\u0259tbuat katibi S\u0259bin\u0259 S\u0259rk\u0259rova n\u0259 z\u0259ngl\u0259ri, n\u0259 d\u0259 \u201cWhatsapp\u201d \u00fcz\u0259rind\u0259n suallar\u0131 cavabland\u0131r\u0131b.<\/p>\n\n\n\n<p><\/p>\n\n\n\n<p><\/p>\n","protected":false},"excerpt":{"rendered":"<p>Rauf Mirz\u0259yev i\u015fd\u0259n \u00e7\u0131xar\u0131lmas\u0131n\u0131n s\u0259b\u0259bl\u0259rini izah edir A\u011fc\u0259b\u0259di rayonunun Yuxar\u0131 &#8230; <\/p>\n<p class=\"read-more-container\"><a title=\"ANAMA-n\u0131n ke\u00e7mi\u015f \u0259m\u0259kda\u015f\u0131: \u201cMinaaxtaranlar \u00e7ox y\u00fckl\u0259nir, t\u00f6hm\u0259t al\u0131r, i\u015fd\u0259n \u00e7\u0131xar\u0131l\u0131r\u201d\" class=\"read-more button\" href=\"https:\/\/www.meydan.tv\/az\/article\/anama-nin-kecmis-emekdasi-minaaxtaranlar-cox-yuklenir-tohmet-alir-isden-cixarilir\/#more-308071\" aria-label=\"Read more about ANAMA-n\u0131n ke\u00e7mi\u015f \u0259m\u0259kda\u015f\u0131: \u201cMinaaxtaranlar \u00e7ox y\u00fckl\u0259nir, t\u00f6hm\u0259t al\u0131r, i\u015fd\u0259n \u00e7\u0131xar\u0131l\u0131r\u201d\">Davam\u0131<\/a><\/p>\n","protected":false},"author":8,"featured_media":224877,"comment_status":"closed","ping_status":"closed","sticky":false,"template":"","format":"standard","meta":{"_acf_changed":false,"_sitemap_exclude":false,"_sitemap_priority":"","_sitemap_frequency":"","footnotes":""},"categories":[62,79,56],"tags":[],"class_list":["post-308071","post","type-post","status-publish","format-standard","has-post-thumbnail","hentry","category-sosial","category-featured","category-xeberler","infinite-scroll-item","generate-columns","tablet-grid-50","mobile-grid-100","grid-parent","grid-33","no-featured-image-padding"],"acf":[],"yoast_head":"<!-- This site is optimized with the Yoast SEO plugin v27.5 - https:\/\/yoast.com\/product\/yoast-seo-wordpress\/ -->\n<title>ANAMA-n\u0131n ke\u00e7mi\u015f \u0259m\u0259kda\u015f\u0131: \u201cMinaaxtaranlar \u00e7ox y\u00fckl\u0259nir, t\u00f6hm\u0259t al\u0131r, i\u015fd\u0259n \u00e7\u0131xar\u0131l\u0131r\u201d - MEYDAN.TV<\/title>\n<meta name=\"robots\" content=\"index, follow, max-snippet:-1, max-image-preview:large, max-video-preview:-1\" \/>\n<link rel=\"canonical\" href=\"https:\/\/www.meydan.tv\/az\/article\/anama-nin-kecmis-emekdasi-minaaxtaranlar-cox-yuklenir-tohmet-alir-isden-cixarilir\/\" \/>\n<meta property=\"og:locale\" content=\"az_AZ\" \/>\n<meta property=\"og:type\" content=\"article\" \/>\n<meta property=\"og:title\" content=\"ANAMA-n\u0131n ke\u00e7mi\u015f \u0259m\u0259kda\u015f\u0131: \u201cMinaaxtaranlar \u00e7ox y\u00fckl\u0259nir, t\u00f6hm\u0259t al\u0131r, i\u015fd\u0259n \u00e7\u0131xar\u0131l\u0131r\u201d - MEYDAN.TV\" \/>\n<meta property=\"og:description\" content=\"Rauf Mirz\u0259yev i\u015fd\u0259n \u00e7\u0131xar\u0131lmas\u0131n\u0131n s\u0259b\u0259bl\u0259rini izah edir A\u011fc\u0259b\u0259di rayonunun Yuxar\u0131 ... Davam\u0131\" \/>\n<meta property=\"og:url\" content=\"https:\/\/www.meydan.tv\/az\/article\/anama-nin-kecmis-emekdasi-minaaxtaranlar-cox-yuklenir-tohmet-alir-isden-cixarilir\/\" \/>\n<meta property=\"og:site_name\" content=\"MEYDAN.TV\" \/>\n<meta property=\"article:published_time\" content=\"2024-06-13T11:33:47+00:00\" \/>\n<meta property=\"article:modified_time\" content=\"2024-06-13T11:33:50+00:00\" \/>\n<meta property=\"og:image\" content=\"https:\/\/www.meydan.tv\/wp-content\/uploads\/mina-1.jpg\" \/>\n\t<meta property=\"og:image:width\" content=\"1628\" \/>\n\t<meta property=\"og:image:height\" content=\"900\" \/>\n\t<meta property=\"og:image:type\" content=\"image\/jpeg\" \/>\n<meta name=\"author\" content=\"elli\" \/>\n<meta name=\"twitter:card\" content=\"summary_large_image\" \/>\n<meta name=\"twitter:creator\" content=\"@elli\" \/>\n<script type=\"application\/ld+json\" class=\"yoast-schema-graph\">{\"@context\":\"https:\\\/\\\/schema.org\",\"@graph\":[{\"@type\":\"Article\",\"@id\":\"https:\\\/\\\/www.meydan.tv\\\/az\\\/article\\\/anama-nin-kecmis-emekdasi-minaaxtaranlar-cox-yuklenir-tohmet-alir-isden-cixarilir\\\/#article\",\"isPartOf\":{\"@id\":\"https:\\\/\\\/www.meydan.tv\\\/az\\\/article\\\/anama-nin-kecmis-emekdasi-minaaxtaranlar-cox-yuklenir-tohmet-alir-isden-cixarilir\\\/\"},\"author\":{\"name\":\"elli\",\"@id\":\"https:\\\/\\\/www.meydan.tv\\\/az\\\/#\\\/schema\\\/person\\\/9cdbecf90d17180ce1dfbd95b08dcf47\"},\"headline\":\"ANAMA-n\u0131n ke\u00e7mi\u015f \u0259m\u0259kda\u015f\u0131: \u201cMinaaxtaranlar \u00e7ox y\u00fckl\u0259nir, t\u00f6hm\u0259t al\u0131r, i\u015fd\u0259n \u00e7\u0131xar\u0131l\u0131r\u201d\",\"datePublished\":\"2024-06-13T11:33:47+00:00\",\"dateModified\":\"2024-06-13T11:33:50+00:00\",\"mainEntityOfPage\":{\"@id\":\"https:\\\/\\\/www.meydan.tv\\\/az\\\/article\\\/anama-nin-kecmis-emekdasi-minaaxtaranlar-cox-yuklenir-tohmet-alir-isden-cixarilir\\\/\"},\"wordCount\":966,\"publisher\":{\"@id\":\"https:\\\/\\\/www.meydan.tv\\\/az\\\/#organization\"},\"image\":{\"@id\":\"https:\\\/\\\/www.meydan.tv\\\/az\\\/article\\\/anama-nin-kecmis-emekdasi-minaaxtaranlar-cox-yuklenir-tohmet-alir-isden-cixarilir\\\/#primaryimage\"},\"thumbnailUrl\":\"https:\\\/\\\/www.meydan.tv\\\/wp-content\\\/uploads\\\/mina-1.jpg\",\"articleSection\":[\"Sosial\",\"T\u00f6vsiy\u0259\",\"X\u0259b\u0259rl\u0259r\"],\"inLanguage\":\"az\"},{\"@type\":\"WebPage\",\"@id\":\"https:\\\/\\\/www.meydan.tv\\\/az\\\/article\\\/anama-nin-kecmis-emekdasi-minaaxtaranlar-cox-yuklenir-tohmet-alir-isden-cixarilir\\\/\",\"url\":\"https:\\\/\\\/www.meydan.tv\\\/az\\\/article\\\/anama-nin-kecmis-emekdasi-minaaxtaranlar-cox-yuklenir-tohmet-alir-isden-cixarilir\\\/\",\"name\":\"ANAMA-n\u0131n ke\u00e7mi\u015f \u0259m\u0259kda\u015f\u0131: \u201cMinaaxtaranlar \u00e7ox y\u00fckl\u0259nir, t\u00f6hm\u0259t al\u0131r, i\u015fd\u0259n \u00e7\u0131xar\u0131l\u0131r\u201d - MEYDAN.TV\",\"isPartOf\":{\"@id\":\"https:\\\/\\\/www.meydan.tv\\\/az\\\/#website\"},\"primaryImageOfPage\":{\"@id\":\"https:\\\/\\\/www.meydan.tv\\\/az\\\/article\\\/anama-nin-kecmis-emekdasi-minaaxtaranlar-cox-yuklenir-tohmet-alir-isden-cixarilir\\\/#primaryimage\"},\"image\":{\"@id\":\"https:\\\/\\\/www.meydan.tv\\\/az\\\/article\\\/anama-nin-kecmis-emekdasi-minaaxtaranlar-cox-yuklenir-tohmet-alir-isden-cixarilir\\\/#primaryimage\"},\"thumbnailUrl\":\"https:\\\/\\\/www.meydan.tv\\\/wp-content\\\/uploads\\\/mina-1.jpg\",\"datePublished\":\"2024-06-13T11:33:47+00:00\",\"dateModified\":\"2024-06-13T11:33:50+00:00\",\"breadcrumb\":{\"@id\":\"https:\\\/\\\/www.meydan.tv\\\/az\\\/article\\\/anama-nin-kecmis-emekdasi-minaaxtaranlar-cox-yuklenir-tohmet-alir-isden-cixarilir\\\/#breadcrumb\"},\"inLanguage\":\"az\",\"potentialAction\":[{\"@type\":\"ReadAction\",\"target\":[\"https:\\\/\\\/www.meydan.tv\\\/az\\\/article\\\/anama-nin-kecmis-emekdasi-minaaxtaranlar-cox-yuklenir-tohmet-alir-isden-cixarilir\\\/\"]}]},{\"@type\":\"ImageObject\",\"inLanguage\":\"az\",\"@id\":\"https:\\\/\\\/www.meydan.tv\\\/az\\\/article\\\/anama-nin-kecmis-emekdasi-minaaxtaranlar-cox-yuklenir-tohmet-alir-isden-cixarilir\\\/#primaryimage\",\"url\":\"https:\\\/\\\/www.meydan.tv\\\/wp-content\\\/uploads\\\/mina-1.jpg\",\"contentUrl\":\"https:\\\/\\\/www.meydan.tv\\\/wp-content\\\/uploads\\\/mina-1.jpg\",\"width\":1628,\"height\":900,\"caption\":\"Foto: ANAMA\"},{\"@type\":\"BreadcrumbList\",\"@id\":\"https:\\\/\\\/www.meydan.tv\\\/az\\\/article\\\/anama-nin-kecmis-emekdasi-minaaxtaranlar-cox-yuklenir-tohmet-alir-isden-cixarilir\\\/#breadcrumb\",\"itemListElement\":[{\"@type\":\"ListItem\",\"position\":1,\"name\":\"Ana s\u0259hif\u0259\",\"item\":\"https:\\\/\\\/www.meydan.tv\\\/az\\\/\"},{\"@type\":\"ListItem\",\"position\":2,\"name\":\"Sosial\",\"item\":\"https:\\\/\\\/www.meydan.tv\\\/az\\\/section\\\/sosial\\\/\"},{\"@type\":\"ListItem\",\"position\":3,\"name\":\"ANAMA-n\u0131n ke\u00e7mi\u015f \u0259m\u0259kda\u015f\u0131: \u201cMinaaxtaranlar \u00e7ox y\u00fckl\u0259nir, t\u00f6hm\u0259t al\u0131r, i\u015fd\u0259n \u00e7\u0131xar\u0131l\u0131r\u201d\"}]},{\"@type\":\"WebSite\",\"@id\":\"https:\\\/\\\/www.meydan.tv\\\/az\\\/#website\",\"url\":\"https:\\\/\\\/www.meydan.tv\\\/az\\\/\",\"name\":\"MEYDAN.TV\",\"description\":\"Meydan TV Az\u0259rbaycan\u0131n media m\u0259kan\u0131ndak\u0131 alternativ s\u0259sidir\",\"publisher\":{\"@id\":\"https:\\\/\\\/www.meydan.tv\\\/az\\\/#organization\"},\"potentialAction\":[{\"@type\":\"SearchAction\",\"target\":{\"@type\":\"EntryPoint\",\"urlTemplate\":\"https:\\\/\\\/www.meydan.tv\\\/az\\\/?s={search_term_string}\"},\"query-input\":{\"@type\":\"PropertyValueSpecification\",\"valueRequired\":true,\"valueName\":\"search_term_string\"}}],\"inLanguage\":\"az\"},{\"@type\":\"Organization\",\"@id\":\"https:\\\/\\\/www.meydan.tv\\\/az\\\/#organization\",\"name\":\"Meydan TV\",\"url\":\"https:\\\/\\\/www.meydan.tv\\\/az\\\/\",\"logo\":{\"@type\":\"ImageObject\",\"inLanguage\":\"az\",\"@id\":\"https:\\\/\\\/www.meydan.tv\\\/az\\\/#\\\/schema\\\/logo\\\/image\\\/\",\"url\":\"https:\\\/\\\/www.meydan.tv\\\/wp-content\\\/uploads\\\/2021\\\/07\\\/meydan-logo.svg\",\"contentUrl\":\"https:\\\/\\\/www.meydan.tv\\\/wp-content\\\/uploads\\\/2021\\\/07\\\/meydan-logo.svg\",\"width\":195,\"height\":46,\"caption\":\"Meydan TV\"},\"image\":{\"@id\":\"https:\\\/\\\/www.meydan.tv\\\/az\\\/#\\\/schema\\\/logo\\\/image\\\/\"}},{\"@type\":\"Person\",\"@id\":\"https:\\\/\\\/www.meydan.tv\\\/az\\\/#\\\/schema\\\/person\\\/9cdbecf90d17180ce1dfbd95b08dcf47\",\"name\":\"elli\",\"sameAs\":[\"https:\\\/\\\/x.com\\\/elli\"]}]}<\/script>\n<!-- \/ Yoast SEO plugin. -->","yoast_head_json":{"title":"ANAMA-n\u0131n ke\u00e7mi\u015f \u0259m\u0259kda\u015f\u0131: \u201cMinaaxtaranlar \u00e7ox y\u00fckl\u0259nir, t\u00f6hm\u0259t al\u0131r, i\u015fd\u0259n \u00e7\u0131xar\u0131l\u0131r\u201d - MEYDAN.TV","robots":{"index":"index","follow":"follow","max-snippet":"max-snippet:-1","max-image-preview":"max-image-preview:large","max-video-preview":"max-video-preview:-1"},"canonical":"https:\/\/www.meydan.tv\/az\/article\/anama-nin-kecmis-emekdasi-minaaxtaranlar-cox-yuklenir-tohmet-alir-isden-cixarilir\/","og_locale":"az_AZ","og_type":"article","og_title":"ANAMA-n\u0131n ke\u00e7mi\u015f \u0259m\u0259kda\u015f\u0131: \u201cMinaaxtaranlar \u00e7ox y\u00fckl\u0259nir, t\u00f6hm\u0259t al\u0131r, i\u015fd\u0259n \u00e7\u0131xar\u0131l\u0131r\u201d - MEYDAN.TV","og_description":"Rauf Mirz\u0259yev i\u015fd\u0259n \u00e7\u0131xar\u0131lmas\u0131n\u0131n s\u0259b\u0259bl\u0259rini izah edir A\u011fc\u0259b\u0259di rayonunun Yuxar\u0131 ... Davam\u0131","og_url":"https:\/\/www.meydan.tv\/az\/article\/anama-nin-kecmis-emekdasi-minaaxtaranlar-cox-yuklenir-tohmet-alir-isden-cixarilir\/","og_site_name":"MEYDAN.TV","article_published_time":"2024-06-13T11:33:47+00:00","article_modified_time":"2024-06-13T11:33:50+00:00","og_image":[{"width":1628,"height":900,"url":"https:\/\/www.meydan.tv\/wp-content\/uploads\/mina-1.jpg","type":"image\/jpeg"}],"author":"elli","twitter_card":"summary_large_image","twitter_creator":"@elli","schema":{"@context":"https:\/\/schema.org","@graph":[{"@type":"Article","@id":"https:\/\/www.meydan.tv\/az\/article\/anama-nin-kecmis-emekdasi-minaaxtaranlar-cox-yuklenir-tohmet-alir-isden-cixarilir\/#article","isPartOf":{"@id":"https:\/\/www.meydan.tv\/az\/article\/anama-nin-kecmis-emekdasi-minaaxtaranlar-cox-yuklenir-tohmet-alir-isden-cixarilir\/"},"author":{"name":"elli","@id":"https:\/\/www.meydan.tv\/az\/#\/schema\/person\/9cdbecf90d17180ce1dfbd95b08dcf47"},"headline":"ANAMA-n\u0131n ke\u00e7mi\u015f \u0259m\u0259kda\u015f\u0131: \u201cMinaaxtaranlar \u00e7ox y\u00fckl\u0259nir, t\u00f6hm\u0259t al\u0131r, i\u015fd\u0259n \u00e7\u0131xar\u0131l\u0131r\u201d","datePublished":"2024-06-13T11:33:47+00:00","dateModified":"2024-06-13T11:33:50+00:00","mainEntityOfPage":{"@id":"https:\/\/www.meydan.tv\/az\/article\/anama-nin-kecmis-emekdasi-minaaxtaranlar-cox-yuklenir-tohmet-alir-isden-cixarilir\/"},"wordCount":966,"publisher":{"@id":"https:\/\/www.meydan.tv\/az\/#organization"},"image":{"@id":"https:\/\/www.meydan.tv\/az\/article\/anama-nin-kecmis-emekdasi-minaaxtaranlar-cox-yuklenir-tohmet-alir-isden-cixarilir\/#primaryimage"},"thumbnailUrl":"https:\/\/www.meydan.tv\/wp-content\/uploads\/mina-1.jpg","articleSection":["Sosial","T\u00f6vsiy\u0259","X\u0259b\u0259rl\u0259r"],"inLanguage":"az"},{"@type":"WebPage","@id":"https:\/\/www.meydan.tv\/az\/article\/anama-nin-kecmis-emekdasi-minaaxtaranlar-cox-yuklenir-tohmet-alir-isden-cixarilir\/","url":"https:\/\/www.meydan.tv\/az\/article\/anama-nin-kecmis-emekdasi-minaaxtaranlar-cox-yuklenir-tohmet-alir-isden-cixarilir\/","name":"ANAMA-n\u0131n ke\u00e7mi\u015f \u0259m\u0259kda\u015f\u0131: \u201cMinaaxtaranlar \u00e7ox y\u00fckl\u0259nir, t\u00f6hm\u0259t al\u0131r, i\u015fd\u0259n \u00e7\u0131xar\u0131l\u0131r\u201d - MEYDAN.TV","isPartOf":{"@id":"https:\/\/www.meydan.tv\/az\/#website"},"primaryImageOfPage":{"@id":"https:\/\/www.meydan.tv\/az\/article\/anama-nin-kecmis-emekdasi-minaaxtaranlar-cox-yuklenir-tohmet-alir-isden-cixarilir\/#primaryimage"},"image":{"@id":"https:\/\/www.meydan.tv\/az\/article\/anama-nin-kecmis-emekdasi-minaaxtaranlar-cox-yuklenir-tohmet-alir-isden-cixarilir\/#primaryimage"},"thumbnailUrl":"https:\/\/www.meydan.tv\/wp-content\/uploads\/mina-1.jpg","datePublished":"2024-06-13T11:33:47+00:00","dateModified":"2024-06-13T11:33:50+00:00","breadcrumb":{"@id":"https:\/\/www.meydan.tv\/az\/article\/anama-nin-kecmis-emekdasi-minaaxtaranlar-cox-yuklenir-tohmet-alir-isden-cixarilir\/#breadcrumb"},"inLanguage":"az","potentialAction":[{"@type":"ReadAction","target":["https:\/\/www.meydan.tv\/az\/article\/anama-nin-kecmis-emekdasi-minaaxtaranlar-cox-yuklenir-tohmet-alir-isden-cixarilir\/"]}]},{"@type":"ImageObject","inLanguage":"az","@id":"https:\/\/www.meydan.tv\/az\/article\/anama-nin-kecmis-emekdasi-minaaxtaranlar-cox-yuklenir-tohmet-alir-isden-cixarilir\/#primaryimage","url":"https:\/\/www.meydan.tv\/wp-content\/uploads\/mina-1.jpg","contentUrl":"https:\/\/www.meydan.tv\/wp-content\/uploads\/mina-1.jpg","width":1628,"height":900,"caption":"Foto: ANAMA"},{"@type":"BreadcrumbList","@id":"https:\/\/www.meydan.tv\/az\/article\/anama-nin-kecmis-emekdasi-minaaxtaranlar-cox-yuklenir-tohmet-alir-isden-cixarilir\/#breadcrumb","itemListElement":[{"@type":"ListItem","position":1,"name":"Ana s\u0259hif\u0259","item":"https:\/\/www.meydan.tv\/az\/"},{"@type":"ListItem","position":2,"name":"Sosial","item":"https:\/\/www.meydan.tv\/az\/section\/sosial\/"},{"@type":"ListItem","position":3,"name":"ANAMA-n\u0131n ke\u00e7mi\u015f \u0259m\u0259kda\u015f\u0131: \u201cMinaaxtaranlar \u00e7ox y\u00fckl\u0259nir, t\u00f6hm\u0259t al\u0131r, i\u015fd\u0259n \u00e7\u0131xar\u0131l\u0131r\u201d"}]},{"@type":"WebSite","@id":"https:\/\/www.meydan.tv\/az\/#website","url":"https:\/\/www.meydan.tv\/az\/","name":"MEYDAN.TV","description":"Meydan TV Az\u0259rbaycan\u0131n media m\u0259kan\u0131ndak\u0131 alternativ s\u0259sidir","publisher":{"@id":"https:\/\/www.meydan.tv\/az\/#organization"},"potentialAction":[{"@type":"SearchAction","target":{"@type":"EntryPoint","urlTemplate":"https:\/\/www.meydan.tv\/az\/?s={search_term_string}"},"query-input":{"@type":"PropertyValueSpecification","valueRequired":true,"valueName":"search_term_string"}}],"inLanguage":"az"},{"@type":"Organization","@id":"https:\/\/www.meydan.tv\/az\/#organization","name":"Meydan TV","url":"https:\/\/www.meydan.tv\/az\/","logo":{"@type":"ImageObject","inLanguage":"az","@id":"https:\/\/www.meydan.tv\/az\/#\/schema\/logo\/image\/","url":"https:\/\/www.meydan.tv\/wp-content\/uploads\/2021\/07\/meydan-logo.svg","contentUrl":"https:\/\/www.meydan.tv\/wp-content\/uploads\/2021\/07\/meydan-logo.svg","width":195,"height":46,"caption":"Meydan TV"},"image":{"@id":"https:\/\/www.meydan.tv\/az\/#\/schema\/logo\/image\/"}},{"@type":"Person","@id":"https:\/\/www.meydan.tv\/az\/#\/schema\/person\/9cdbecf90d17180ce1dfbd95b08dcf47","name":"elli","sameAs":["https:\/\/x.com\/elli"]}]}},"_links":{"self":[{"href":"https:\/\/www.meydan.tv\/az\/wp-json\/wp\/v2\/posts\/308071","targetHints":{"allow":["GET"]}}],"collection":[{"href":"https:\/\/www.meydan.tv\/az\/wp-json\/wp\/v2\/posts"}],"about":[{"href":"https:\/\/www.meydan.tv\/az\/wp-json\/wp\/v2\/types\/post"}],"author":[{"embeddable":true,"href":"https:\/\/www.meydan.tv\/az\/wp-json\/wp\/v2\/users\/8"}],"replies":[{"embeddable":true,"href":"https:\/\/www.meydan.tv\/az\/wp-json\/wp\/v2\/comments?post=308071"}],"version-history":[{"count":3,"href":"https:\/\/www.meydan.tv\/az\/wp-json\/wp\/v2\/posts\/308071\/revisions"}],"predecessor-version":[{"id":308077,"href":"https:\/\/www.meydan.tv\/az\/wp-json\/wp\/v2\/posts\/308071\/revisions\/308077"}],"wp:featuredmedia":[{"embeddable":true,"href":"https:\/\/www.meydan.tv\/az\/wp-json\/wp\/v2\/media\/224877"}],"wp:attachment":[{"href":"https:\/\/www.meydan.tv\/az\/wp-json\/wp\/v2\/media?parent=308071"}],"wp:term":[{"taxonomy":"category","embeddable":true,"href":"https:\/\/www.meydan.tv\/az\/wp-json\/wp\/v2\/categories?post=308071"},{"taxonomy":"post_tag","embeddable":true,"href":"https:\/\/www.meydan.tv\/az\/wp-json\/wp\/v2\/tags?post=308071"}],"curies":[{"name":"wp","href":"https:\/\/api.w.org\/{rel}","templated":true}]}}