{"id":308051,"date":"2024-06-13T14:51:11","date_gmt":"2024-06-13T10:51:11","guid":{"rendered":"https:\/\/www.meydan.tv\/?p=308051"},"modified":"2024-06-13T15:36:33","modified_gmt":"2024-06-13T11:36:33","slug":"avropa-mehkemesi-bloklanmis-4-mediaya-gore-azerbaycani-cerimeledi","status":"publish","type":"post","link":"https:\/\/www.meydan.tv\/az\/article\/avropa-mehkemesi-bloklanmis-4-mediaya-gore-azerbaycani-cerimeledi\/","title":{"rendered":"Avropa M\u0259hk\u0259m\u0259si bloklanm\u0131\u015f 4 mediaya g\u00f6r\u0259 Az\u0259rbaycan\u0131 c\u0259rim\u0259l\u0259di"},"content":{"rendered":"\n<p><\/p>\n\n\n\n<p><strong><em>Q\u0259rarda h\u0259min saytlara qoyulmu\u015f blokun g\u00f6t\u00fcr\u00fclm\u0259si d\u0259 \u0259skini tap\u0131b<\/em><\/strong><\/p>\n\n\n\n<p>Avropa \u0130nsan H\u00fcquqlar\u0131 M\u0259hk\u0259m\u0259si (A\u0130HM) iyunun 13-d\u0259 Az\u0259rbaycandan g\u00f6nd\u0259rilmi\u015f \u015fikay\u0259tl\u0259r \u00fczr\u0259 daha 2 q\u0259rar v\u0259 q\u0259rardad\u0131n\u0131 elan <a href=\"https:\/\/aihmaz.org\/avropa-m%c9%99hk%c9%99m%c9%99si-4-medianin-blok-edilm%c9%99si-onlarin-ifad%c9%99-azadligi-huququnu-pozub\/\">edib.<\/a><\/p>\n\n\n\n<p>M\u0259hk\u0259m\u0259 blok edilmi\u015f 4 median\u0131n iddia etdikl\u0259ri pozuntular\u0131 tan\u0131y\u0131b.<\/p>\n\n\n\n<p>Bunlar Azad Avropa\/Azadl\u0131q Radiosu (azadliq.org),   &#8220;anaxeber.az&#8221; onlayn x\u0259b\u0259r portal\u0131n\u0131n t\u0259sis\u00e7isi v\u0259 redaktoru Az\u0259r Tal\u0131bov, \u201caz24saat.org\u201d onlayn x\u0259b\u0259r portal\u0131n\u0131n t\u0259sis\u00e7isi V\u00fcqar \u018fl\u0259kb\u0259rov v\u0259 <a href=\"http:\/\/xural.com\/\" target=\"_blank\" rel=\"noreferrer noopener\"> <\/a>&#8220;xural.com&#8221; sayt\u0131n\u0131n ba\u015f redaktoru \u018fv\u0259z Zeynall\u0131d\u0131r.<\/p>\n\n\n\n<p>2017-2018-ci ill\u0259rd\u0259 Az\u0259rbaycanda \u201c\u0130nformasiya, informasiyala\u015fd\u0131rma v\u0259 informasiyan\u0131n m\u00fchafiz\u0259si haqq\u0131nda\u201d Qanuna v\u0259 \u0130nzibati X\u0259talar M\u0259c\u0259ll\u0259sin\u0259 informasiyalar\u0131n yay\u0131lmas\u0131 il\u0259 ba\u011fl\u0131 t\u0259nziml\u0259m\u0259l\u0259ri d\u0259yi\u015fdir\u0259n d\u0259yi\u015fiklikl\u0259r edilmi\u015fdi.<\/p>\n\n\n\n<p>H\u0259min d\u0259yi\u015fiklikl\u0259rd\u0259n sonra \u0259riz\u0259\u00e7i olan d\u00f6rd onlayn mediaya Az\u0259rbaycan daxilind\u0259n giri\u015f tamamil\u0259 blok edilmi\u015fdi.<\/p>\n\n\n\n<p>Yerli m\u0259hk\u0259m\u0259l\u0259r q\u0259rarlar\u0131n\u0131 qanunvericiliy\u0259 edilmi\u015f d\u0259yi\u015fiklikl\u0259rl\u0259 \u0259sasland\u0131rm\u0131\u015fd\u0131lar.<\/p>\n\n\n\n<p>\u018friz\u0259\u00e7il\u0259r A\u0130HM qar\u015f\u0131s\u0131nda iddia edirdil\u0259r ki, konkret m\u0259zmunlara yox, b\u00fct\u00fcn internet resursuna blokun qoyulmas\u0131 ifrat d\u0259r\u0259c\u0259d\u0259 a\u011f\u0131r olub.<\/p>\n\n\n\n<p>Onlara g\u00f6r\u0259, bloklama hans\u0131sa qanunsuz m\u0259zmunun yay\u0131lmas\u0131n\u0131n \u00f6nl\u0259nm\u0259si m\u0259qs\u0259di yox, h\u00f6kum\u0259ti t\u0259nqid ed\u0259n m\u0259zmunlar\u0131n qar\u015f\u0131s\u0131n\u0131n al\u0131nmas\u0131 m\u0259qs\u0259di da\u015f\u0131y\u0131b.<\/p>\n\n\n\n<p>\u018friz\u0259\u00e7il\u0259r onlara m\u00fcnasib\u0259td\u0259 Konvensiyan\u0131n 6-c\u0131, 10-cu, 13-c\u00fc v\u0259 18-ci madd\u0259l\u0259rinin pozuldu\u011funu iddia edirdil\u0259r.<\/p>\n\n\n\n<p>Avropa M\u0259hk\u0259m\u0259si bu i\u015fd\u0259 medialar\u0131n blok edilm\u0259sinin onlar\u0131n ifad\u0259 azadl\u0131\u011f\u0131 h\u00fcququnu pozdu\u011fu q\u0259na\u0259tin\u0259 g\u0259lib.<\/p>\n\n\n\n<p>M\u0259hk\u0259m\u0259nin q\u0259rar\u0131na \u0259sas\u0259n, h\u00f6kum\u0259t 4 \u0259riz\u0259\u00e7inin h\u0259r birin\u0259 5 min avro m\u0259n\u0259vi z\u0259r\u0259r \u0259v\u0259zi \u00f6d\u0259m\u0259lidir.<\/p>\n\n\n<div class=\"wp-block-image\">\n<figure class=\"alignright size-full is-resized\"><img decoding=\"async\" width=\"1200\" height=\"798\" data-src=\"https:\/\/www.meydan.tv\/wp-content\/uploads\/shutterstock_261407981.jpg\" alt=\"\" class=\"wp-image-227177 lazyload\" style=\"--smush-placeholder-width: 1200px; --smush-placeholder-aspect-ratio: 1200\/798;width:421px;height:auto\" src=\"data:image\/svg+xml;base64,PHN2ZyB3aWR0aD0iMSIgaGVpZ2h0PSIxIiB4bWxucz0iaHR0cDovL3d3dy53My5vcmcvMjAwMC9zdmciPjwvc3ZnPg==\" \/><figcaption class=\"wp-element-caption\">Avropa M\u0259hk\u0259m\u0259si, Foto: By symbiot\/Shutterstock<\/figcaption><\/figure>\n<\/div>\n\n\n<p>Bununla yana\u015f\u0131, \u0259riz\u0259\u00e7il\u0259rd\u0259n \u201canaxeber.az\u201d,  &#8220;az24saat.org&#8221; v\u0259 \u201cxural.com\u201d saytlar\u0131n\u0131n r\u0259hb\u0259rl\u0259rin\u0259 h\u00fcquqi x\u0259rcl\u0259r \u0259v\u0259zi 1000 avro \u00f6d\u0259nilm\u0259lidir.<\/p>\n\n\n\n<p>Bu q\u0259rar internet resurslara t\u0259tbiq edilmi\u015f bloklaman\u0131n qald\u0131r\u0131lmas\u0131n\u0131 ehtiva edir.<\/p>\n\n\n\n<p>\u018friz\u0259\u00e7il\u0259ri A\u0130HM-d\u0259 v\u0259kill\u0259r El\u00e7in v\u0259 Zibeyd\u0259 Sad\u0131qovlar t\u0259msil edibl\u0259r.<\/p>\n\n\n\n<p>&#8220;Zakir Mustafayev v\u0259 ba\u015fqalar\u0131 Az\u0259rbaycana qar\u015f\u0131&#8221; m\u0259hk\u0259m\u0259 i\u015fi is\u0259 cinay\u0259t ittiham\u0131 ir\u0259li s\u00fcr\u00fclm\u00fc\u015f \u0259riz\u0259\u00e7il\u0259rin saxlan\u0131lan v\u0259 h\u0259bs edil\u0259n zaman i\u015fg\u0259nc\u0259 v\u0259 qeyri-insani r\u0259ftara m\u0259ruz qalmalar\u0131 iddialar\u0131 il\u0259 ba\u011fl\u0131 idi.<\/p>\n\n\n\n<p>\u018friz\u0259\u00e7il\u0259r iddia edirdil\u0259r ki, onlardan etirafedici ifad\u0259l\u0259r al\u0131nmas\u0131 m\u0259qs\u0259dil\u0259 i\u015fg\u0259nc\u0259y\u0259 m\u0259ruz qal\u0131blar.<\/p>\n\n\n\n<p>M\u00fcxt\u0259lif b\u0259d\u0259n x\u0259sar\u0259tl\u0259ri ald\u0131qlar\u0131n\u0131, \u00f6z se\u00e7dikl\u0259ri v\u0259kill\u0259r\u0259 \u00e7at\u0131ma imkan verilm\u0259diyini, ail\u0259l\u0259rinin h\u0259bsl\u0259ri haqda bilgil\u0259ndirilm\u0259diyini iddia ed\u0259n \u0259riz\u0259\u00e7il\u0259r A\u0130HM qar\u015f\u0131s\u0131nda Konvensiyan\u0131n 3-c\u00fc v\u0259 10-cu madd\u0259l\u0259rinin pozuntusunu m\u00fcbahis\u0259l\u0259ndirmi\u015fdil\u0259r.<\/p>\n\n\n\n<p>A\u0130HM hesab edib ki, \u0259riz\u0259\u00e7il\u0259rin h\u0259r birin\u0259 m\u00fcnasib\u0259td\u0259 Konvensiyan\u0131n 3-c\u00fc madd\u0259sinin pozuntusu ba\u015f verib.<\/p>\n\n\n\n<p>M\u0259hk\u0259m\u0259 h\u0259m\u00e7inin \u0259riz\u0259\u00e7il\u0259rd\u0259n Abbas H\u00fcseynov, \u018flibala V\u0259liyev, Abbas Quliyev, Rasim C\u0259bray\u0131lov, \u018fli Nuriyev\u0259 m\u00fcnasib\u0259td\u0259 Konvensiyan\u0131n 3 madd\u0259sinin maddi aspektd\u0259n d\u0259 pozulmas\u0131na q\u0259rar verib.<\/p>\n\n\n\n<p>M\u0259hk\u0259m\u0259nin q\u0259rar\u0131na g\u00f6r\u0259, h\u00f6kum\u0259t m\u0259n\u0259vi z\u0259r\u0259r \u0259v\u0259zi olaraq, \u0259riz\u0259\u00e7il\u0259rd\u0259n Abbas H\u00fcseynov, \u018flibala V\u0259liyev, Abbas Quliyev, Rasim C\u0259bray\u0131lov, \u018fli Nuriyevin h\u0259r birin\u0259 7500, Zakir Mustafayev, Ramin Yar\u0131yevin h\u0259r birin\u0259 is\u0259 5000 avro \u00f6d\u0259m\u0259lidir.<\/p>\n\n\n\n<p>Bunlardan ba\u015fqa \u0259riz\u0259\u00e7il\u0259rin h\u0259r birin\u0259 1000 avro h\u00fcquqi x\u0259rcl\u0259r \u0259v\u0259zi \u00f6d\u0259nilm\u0259lidir.<\/p>\n\n\n\n<p>\u018friz\u0259\u00e7il\u0259ri A\u0130HM-d\u0259 v\u0259kill\u0259r El\u00e7in v\u0259 Zibeyd\u0259 Sad\u0131qovlar, Nem\u0259t K\u0259rimli, Fariz Namazl\u0131 v\u0259 Yal\u00e7\u0131n \u0130manov t\u0259msil edibl\u0259r.<\/p>\n","protected":false},"excerpt":{"rendered":"<p>Q\u0259rarda h\u0259min saytlara qoyulmu\u015f blokun g\u00f6t\u00fcr\u00fclm\u0259si d\u0259 \u0259skini tap\u0131b Avropa &#8230; <\/p>\n<p class=\"read-more-container\"><a title=\"Avropa M\u0259hk\u0259m\u0259si bloklanm\u0131\u015f 4 mediaya g\u00f6r\u0259 Az\u0259rbaycan\u0131 c\u0259rim\u0259l\u0259di\" class=\"read-more button\" href=\"https:\/\/www.meydan.tv\/az\/article\/avropa-mehkemesi-bloklanmis-4-mediaya-gore-azerbaycani-cerimeledi\/#more-308051\" aria-label=\"Read more about Avropa M\u0259hk\u0259m\u0259si bloklanm\u0131\u015f 4 mediaya g\u00f6r\u0259 Az\u0259rbaycan\u0131 c\u0259rim\u0259l\u0259di\">Davam\u0131<\/a><\/p>\n","protected":false},"author":8,"featured_media":238602,"comment_status":"closed","ping_status":"closed","sticky":false,"template":"","format":"standard","meta":{"_acf_changed":false,"_sitemap_exclude":false,"_sitemap_priority":"","_sitemap_frequency":"","footnotes":""},"categories":[59,79,56],"tags":[],"class_list":["post-308051","post","type-post","status-publish","format-standard","has-post-thumbnail","hentry","category-siyaset","category-featured","category-xeberler","infinite-scroll-item","generate-columns","tablet-grid-50","mobile-grid-100","grid-parent","grid-33","no-featured-image-padding"],"acf":[],"yoast_head":"<!-- This site is optimized with the Yoast SEO plugin v27.4 - https:\/\/yoast.com\/product\/yoast-seo-wordpress\/ -->\n<title>Avropa M\u0259hk\u0259m\u0259si bloklanm\u0131\u015f 4 mediaya g\u00f6r\u0259 Az\u0259rbaycan\u0131 c\u0259rim\u0259l\u0259di - MEYDAN.TV<\/title>\n<meta name=\"robots\" content=\"index, follow, max-snippet:-1, max-image-preview:large, max-video-preview:-1\" \/>\n<link rel=\"canonical\" href=\"https:\/\/www.meydan.tv\/az\/article\/avropa-mehkemesi-bloklanmis-4-mediaya-gore-azerbaycani-cerimeledi\/\" \/>\n<meta property=\"og:locale\" content=\"az_AZ\" \/>\n<meta property=\"og:type\" content=\"article\" \/>\n<meta property=\"og:title\" content=\"Avropa M\u0259hk\u0259m\u0259si bloklanm\u0131\u015f 4 mediaya g\u00f6r\u0259 Az\u0259rbaycan\u0131 c\u0259rim\u0259l\u0259di - MEYDAN.TV\" \/>\n<meta property=\"og:description\" content=\"Q\u0259rarda h\u0259min saytlara qoyulmu\u015f blokun g\u00f6t\u00fcr\u00fclm\u0259si d\u0259 \u0259skini tap\u0131b Avropa ... Davam\u0131\" \/>\n<meta property=\"og:url\" content=\"https:\/\/www.meydan.tv\/az\/article\/avropa-mehkemesi-bloklanmis-4-mediaya-gore-azerbaycani-cerimeledi\/\" \/>\n<meta property=\"og:site_name\" content=\"MEYDAN.TV\" \/>\n<meta property=\"article:published_time\" content=\"2024-06-13T10:51:11+00:00\" \/>\n<meta property=\"article:modified_time\" content=\"2024-06-13T11:36:33+00:00\" \/>\n<meta property=\"og:image\" content=\"https:\/\/www.meydan.tv\/wp-content\/uploads\/blok-1.png\" \/>\n\t<meta property=\"og:image:width\" content=\"1614\" \/>\n\t<meta property=\"og:image:height\" content=\"900\" \/>\n\t<meta property=\"og:image:type\" content=\"image\/png\" \/>\n<meta name=\"author\" content=\"elli\" \/>\n<meta name=\"twitter:card\" content=\"summary_large_image\" \/>\n<meta name=\"twitter:creator\" content=\"@elli\" \/>\n<script type=\"application\/ld+json\" class=\"yoast-schema-graph\">{\"@context\":\"https:\\\/\\\/schema.org\",\"@graph\":[{\"@type\":\"Article\",\"@id\":\"https:\\\/\\\/www.meydan.tv\\\/az\\\/article\\\/avropa-mehkemesi-bloklanmis-4-mediaya-gore-azerbaycani-cerimeledi\\\/#article\",\"isPartOf\":{\"@id\":\"https:\\\/\\\/www.meydan.tv\\\/az\\\/article\\\/avropa-mehkemesi-bloklanmis-4-mediaya-gore-azerbaycani-cerimeledi\\\/\"},\"author\":{\"name\":\"elli\",\"@id\":\"https:\\\/\\\/www.meydan.tv\\\/az\\\/#\\\/schema\\\/person\\\/9cdbecf90d17180ce1dfbd95b08dcf47\"},\"headline\":\"Avropa M\u0259hk\u0259m\u0259si bloklanm\u0131\u015f 4 mediaya g\u00f6r\u0259 Az\u0259rbaycan\u0131 c\u0259rim\u0259l\u0259di\",\"datePublished\":\"2024-06-13T10:51:11+00:00\",\"dateModified\":\"2024-06-13T11:36:33+00:00\",\"mainEntityOfPage\":{\"@id\":\"https:\\\/\\\/www.meydan.tv\\\/az\\\/article\\\/avropa-mehkemesi-bloklanmis-4-mediaya-gore-azerbaycani-cerimeledi\\\/\"},\"wordCount\":749,\"publisher\":{\"@id\":\"https:\\\/\\\/www.meydan.tv\\\/az\\\/#organization\"},\"image\":{\"@id\":\"https:\\\/\\\/www.meydan.tv\\\/az\\\/article\\\/avropa-mehkemesi-bloklanmis-4-mediaya-gore-azerbaycani-cerimeledi\\\/#primaryimage\"},\"thumbnailUrl\":\"https:\\\/\\\/www.meydan.tv\\\/wp-content\\\/uploads\\\/blok-1.png\",\"articleSection\":[\"Siyas\u0259t\",\"T\u00f6vsiy\u0259\",\"X\u0259b\u0259rl\u0259r\"],\"inLanguage\":\"az\"},{\"@type\":\"WebPage\",\"@id\":\"https:\\\/\\\/www.meydan.tv\\\/az\\\/article\\\/avropa-mehkemesi-bloklanmis-4-mediaya-gore-azerbaycani-cerimeledi\\\/\",\"url\":\"https:\\\/\\\/www.meydan.tv\\\/az\\\/article\\\/avropa-mehkemesi-bloklanmis-4-mediaya-gore-azerbaycani-cerimeledi\\\/\",\"name\":\"Avropa M\u0259hk\u0259m\u0259si bloklanm\u0131\u015f 4 mediaya g\u00f6r\u0259 Az\u0259rbaycan\u0131 c\u0259rim\u0259l\u0259di - MEYDAN.TV\",\"isPartOf\":{\"@id\":\"https:\\\/\\\/www.meydan.tv\\\/az\\\/#website\"},\"primaryImageOfPage\":{\"@id\":\"https:\\\/\\\/www.meydan.tv\\\/az\\\/article\\\/avropa-mehkemesi-bloklanmis-4-mediaya-gore-azerbaycani-cerimeledi\\\/#primaryimage\"},\"image\":{\"@id\":\"https:\\\/\\\/www.meydan.tv\\\/az\\\/article\\\/avropa-mehkemesi-bloklanmis-4-mediaya-gore-azerbaycani-cerimeledi\\\/#primaryimage\"},\"thumbnailUrl\":\"https:\\\/\\\/www.meydan.tv\\\/wp-content\\\/uploads\\\/blok-1.png\",\"datePublished\":\"2024-06-13T10:51:11+00:00\",\"dateModified\":\"2024-06-13T11:36:33+00:00\",\"breadcrumb\":{\"@id\":\"https:\\\/\\\/www.meydan.tv\\\/az\\\/article\\\/avropa-mehkemesi-bloklanmis-4-mediaya-gore-azerbaycani-cerimeledi\\\/#breadcrumb\"},\"inLanguage\":\"az\",\"potentialAction\":[{\"@type\":\"ReadAction\",\"target\":[\"https:\\\/\\\/www.meydan.tv\\\/az\\\/article\\\/avropa-mehkemesi-bloklanmis-4-mediaya-gore-azerbaycani-cerimeledi\\\/\"]}]},{\"@type\":\"ImageObject\",\"inLanguage\":\"az\",\"@id\":\"https:\\\/\\\/www.meydan.tv\\\/az\\\/article\\\/avropa-mehkemesi-bloklanmis-4-mediaya-gore-azerbaycani-cerimeledi\\\/#primaryimage\",\"url\":\"https:\\\/\\\/www.meydan.tv\\\/wp-content\\\/uploads\\\/blok-1.png\",\"contentUrl\":\"https:\\\/\\\/www.meydan.tv\\\/wp-content\\\/uploads\\\/blok-1.png\",\"width\":1614,\"height\":900,\"caption\":\"Foto: arxiv\"},{\"@type\":\"BreadcrumbList\",\"@id\":\"https:\\\/\\\/www.meydan.tv\\\/az\\\/article\\\/avropa-mehkemesi-bloklanmis-4-mediaya-gore-azerbaycani-cerimeledi\\\/#breadcrumb\",\"itemListElement\":[{\"@type\":\"ListItem\",\"position\":1,\"name\":\"Ana s\u0259hif\u0259\",\"item\":\"https:\\\/\\\/www.meydan.tv\\\/az\\\/\"},{\"@type\":\"ListItem\",\"position\":2,\"name\":\"Siyas\u0259t\",\"item\":\"https:\\\/\\\/www.meydan.tv\\\/az\\\/section\\\/siyaset\\\/\"},{\"@type\":\"ListItem\",\"position\":3,\"name\":\"Avropa M\u0259hk\u0259m\u0259si bloklanm\u0131\u015f 4 mediaya g\u00f6r\u0259 Az\u0259rbaycan\u0131 c\u0259rim\u0259l\u0259di\"}]},{\"@type\":\"WebSite\",\"@id\":\"https:\\\/\\\/www.meydan.tv\\\/az\\\/#website\",\"url\":\"https:\\\/\\\/www.meydan.tv\\\/az\\\/\",\"name\":\"MEYDAN.TV\",\"description\":\"Meydan TV Az\u0259rbaycan\u0131n media m\u0259kan\u0131ndak\u0131 alternativ s\u0259sidir\",\"publisher\":{\"@id\":\"https:\\\/\\\/www.meydan.tv\\\/az\\\/#organization\"},\"potentialAction\":[{\"@type\":\"SearchAction\",\"target\":{\"@type\":\"EntryPoint\",\"urlTemplate\":\"https:\\\/\\\/www.meydan.tv\\\/az\\\/?s={search_term_string}\"},\"query-input\":{\"@type\":\"PropertyValueSpecification\",\"valueRequired\":true,\"valueName\":\"search_term_string\"}}],\"inLanguage\":\"az\"},{\"@type\":\"Organization\",\"@id\":\"https:\\\/\\\/www.meydan.tv\\\/az\\\/#organization\",\"name\":\"Meydan TV\",\"url\":\"https:\\\/\\\/www.meydan.tv\\\/az\\\/\",\"logo\":{\"@type\":\"ImageObject\",\"inLanguage\":\"az\",\"@id\":\"https:\\\/\\\/www.meydan.tv\\\/az\\\/#\\\/schema\\\/logo\\\/image\\\/\",\"url\":\"https:\\\/\\\/www.meydan.tv\\\/wp-content\\\/uploads\\\/2021\\\/07\\\/meydan-logo.svg\",\"contentUrl\":\"https:\\\/\\\/www.meydan.tv\\\/wp-content\\\/uploads\\\/2021\\\/07\\\/meydan-logo.svg\",\"width\":195,\"height\":46,\"caption\":\"Meydan TV\"},\"image\":{\"@id\":\"https:\\\/\\\/www.meydan.tv\\\/az\\\/#\\\/schema\\\/logo\\\/image\\\/\"}},{\"@type\":\"Person\",\"@id\":\"https:\\\/\\\/www.meydan.tv\\\/az\\\/#\\\/schema\\\/person\\\/9cdbecf90d17180ce1dfbd95b08dcf47\",\"name\":\"elli\",\"sameAs\":[\"https:\\\/\\\/x.com\\\/elli\"]}]}<\/script>\n<!-- \/ Yoast SEO plugin. -->","yoast_head_json":{"title":"Avropa M\u0259hk\u0259m\u0259si bloklanm\u0131\u015f 4 mediaya g\u00f6r\u0259 Az\u0259rbaycan\u0131 c\u0259rim\u0259l\u0259di - MEYDAN.TV","robots":{"index":"index","follow":"follow","max-snippet":"max-snippet:-1","max-image-preview":"max-image-preview:large","max-video-preview":"max-video-preview:-1"},"canonical":"https:\/\/www.meydan.tv\/az\/article\/avropa-mehkemesi-bloklanmis-4-mediaya-gore-azerbaycani-cerimeledi\/","og_locale":"az_AZ","og_type":"article","og_title":"Avropa M\u0259hk\u0259m\u0259si bloklanm\u0131\u015f 4 mediaya g\u00f6r\u0259 Az\u0259rbaycan\u0131 c\u0259rim\u0259l\u0259di - MEYDAN.TV","og_description":"Q\u0259rarda h\u0259min saytlara qoyulmu\u015f blokun g\u00f6t\u00fcr\u00fclm\u0259si d\u0259 \u0259skini tap\u0131b Avropa ... Davam\u0131","og_url":"https:\/\/www.meydan.tv\/az\/article\/avropa-mehkemesi-bloklanmis-4-mediaya-gore-azerbaycani-cerimeledi\/","og_site_name":"MEYDAN.TV","article_published_time":"2024-06-13T10:51:11+00:00","article_modified_time":"2024-06-13T11:36:33+00:00","og_image":[{"width":1614,"height":900,"url":"https:\/\/www.meydan.tv\/wp-content\/uploads\/blok-1.png","type":"image\/png"}],"author":"elli","twitter_card":"summary_large_image","twitter_creator":"@elli","schema":{"@context":"https:\/\/schema.org","@graph":[{"@type":"Article","@id":"https:\/\/www.meydan.tv\/az\/article\/avropa-mehkemesi-bloklanmis-4-mediaya-gore-azerbaycani-cerimeledi\/#article","isPartOf":{"@id":"https:\/\/www.meydan.tv\/az\/article\/avropa-mehkemesi-bloklanmis-4-mediaya-gore-azerbaycani-cerimeledi\/"},"author":{"name":"elli","@id":"https:\/\/www.meydan.tv\/az\/#\/schema\/person\/9cdbecf90d17180ce1dfbd95b08dcf47"},"headline":"Avropa M\u0259hk\u0259m\u0259si bloklanm\u0131\u015f 4 mediaya g\u00f6r\u0259 Az\u0259rbaycan\u0131 c\u0259rim\u0259l\u0259di","datePublished":"2024-06-13T10:51:11+00:00","dateModified":"2024-06-13T11:36:33+00:00","mainEntityOfPage":{"@id":"https:\/\/www.meydan.tv\/az\/article\/avropa-mehkemesi-bloklanmis-4-mediaya-gore-azerbaycani-cerimeledi\/"},"wordCount":749,"publisher":{"@id":"https:\/\/www.meydan.tv\/az\/#organization"},"image":{"@id":"https:\/\/www.meydan.tv\/az\/article\/avropa-mehkemesi-bloklanmis-4-mediaya-gore-azerbaycani-cerimeledi\/#primaryimage"},"thumbnailUrl":"https:\/\/www.meydan.tv\/wp-content\/uploads\/blok-1.png","articleSection":["Siyas\u0259t","T\u00f6vsiy\u0259","X\u0259b\u0259rl\u0259r"],"inLanguage":"az"},{"@type":"WebPage","@id":"https:\/\/www.meydan.tv\/az\/article\/avropa-mehkemesi-bloklanmis-4-mediaya-gore-azerbaycani-cerimeledi\/","url":"https:\/\/www.meydan.tv\/az\/article\/avropa-mehkemesi-bloklanmis-4-mediaya-gore-azerbaycani-cerimeledi\/","name":"Avropa M\u0259hk\u0259m\u0259si bloklanm\u0131\u015f 4 mediaya g\u00f6r\u0259 Az\u0259rbaycan\u0131 c\u0259rim\u0259l\u0259di - MEYDAN.TV","isPartOf":{"@id":"https:\/\/www.meydan.tv\/az\/#website"},"primaryImageOfPage":{"@id":"https:\/\/www.meydan.tv\/az\/article\/avropa-mehkemesi-bloklanmis-4-mediaya-gore-azerbaycani-cerimeledi\/#primaryimage"},"image":{"@id":"https:\/\/www.meydan.tv\/az\/article\/avropa-mehkemesi-bloklanmis-4-mediaya-gore-azerbaycani-cerimeledi\/#primaryimage"},"thumbnailUrl":"https:\/\/www.meydan.tv\/wp-content\/uploads\/blok-1.png","datePublished":"2024-06-13T10:51:11+00:00","dateModified":"2024-06-13T11:36:33+00:00","breadcrumb":{"@id":"https:\/\/www.meydan.tv\/az\/article\/avropa-mehkemesi-bloklanmis-4-mediaya-gore-azerbaycani-cerimeledi\/#breadcrumb"},"inLanguage":"az","potentialAction":[{"@type":"ReadAction","target":["https:\/\/www.meydan.tv\/az\/article\/avropa-mehkemesi-bloklanmis-4-mediaya-gore-azerbaycani-cerimeledi\/"]}]},{"@type":"ImageObject","inLanguage":"az","@id":"https:\/\/www.meydan.tv\/az\/article\/avropa-mehkemesi-bloklanmis-4-mediaya-gore-azerbaycani-cerimeledi\/#primaryimage","url":"https:\/\/www.meydan.tv\/wp-content\/uploads\/blok-1.png","contentUrl":"https:\/\/www.meydan.tv\/wp-content\/uploads\/blok-1.png","width":1614,"height":900,"caption":"Foto: arxiv"},{"@type":"BreadcrumbList","@id":"https:\/\/www.meydan.tv\/az\/article\/avropa-mehkemesi-bloklanmis-4-mediaya-gore-azerbaycani-cerimeledi\/#breadcrumb","itemListElement":[{"@type":"ListItem","position":1,"name":"Ana s\u0259hif\u0259","item":"https:\/\/www.meydan.tv\/az\/"},{"@type":"ListItem","position":2,"name":"Siyas\u0259t","item":"https:\/\/www.meydan.tv\/az\/section\/siyaset\/"},{"@type":"ListItem","position":3,"name":"Avropa M\u0259hk\u0259m\u0259si bloklanm\u0131\u015f 4 mediaya g\u00f6r\u0259 Az\u0259rbaycan\u0131 c\u0259rim\u0259l\u0259di"}]},{"@type":"WebSite","@id":"https:\/\/www.meydan.tv\/az\/#website","url":"https:\/\/www.meydan.tv\/az\/","name":"MEYDAN.TV","description":"Meydan TV Az\u0259rbaycan\u0131n media m\u0259kan\u0131ndak\u0131 alternativ s\u0259sidir","publisher":{"@id":"https:\/\/www.meydan.tv\/az\/#organization"},"potentialAction":[{"@type":"SearchAction","target":{"@type":"EntryPoint","urlTemplate":"https:\/\/www.meydan.tv\/az\/?s={search_term_string}"},"query-input":{"@type":"PropertyValueSpecification","valueRequired":true,"valueName":"search_term_string"}}],"inLanguage":"az"},{"@type":"Organization","@id":"https:\/\/www.meydan.tv\/az\/#organization","name":"Meydan TV","url":"https:\/\/www.meydan.tv\/az\/","logo":{"@type":"ImageObject","inLanguage":"az","@id":"https:\/\/www.meydan.tv\/az\/#\/schema\/logo\/image\/","url":"https:\/\/www.meydan.tv\/wp-content\/uploads\/2021\/07\/meydan-logo.svg","contentUrl":"https:\/\/www.meydan.tv\/wp-content\/uploads\/2021\/07\/meydan-logo.svg","width":195,"height":46,"caption":"Meydan TV"},"image":{"@id":"https:\/\/www.meydan.tv\/az\/#\/schema\/logo\/image\/"}},{"@type":"Person","@id":"https:\/\/www.meydan.tv\/az\/#\/schema\/person\/9cdbecf90d17180ce1dfbd95b08dcf47","name":"elli","sameAs":["https:\/\/x.com\/elli"]}]}},"_links":{"self":[{"href":"https:\/\/www.meydan.tv\/az\/wp-json\/wp\/v2\/posts\/308051","targetHints":{"allow":["GET"]}}],"collection":[{"href":"https:\/\/www.meydan.tv\/az\/wp-json\/wp\/v2\/posts"}],"about":[{"href":"https:\/\/www.meydan.tv\/az\/wp-json\/wp\/v2\/types\/post"}],"author":[{"embeddable":true,"href":"https:\/\/www.meydan.tv\/az\/wp-json\/wp\/v2\/users\/8"}],"replies":[{"embeddable":true,"href":"https:\/\/www.meydan.tv\/az\/wp-json\/wp\/v2\/comments?post=308051"}],"version-history":[{"count":4,"href":"https:\/\/www.meydan.tv\/az\/wp-json\/wp\/v2\/posts\/308051\/revisions"}],"predecessor-version":[{"id":308078,"href":"https:\/\/www.meydan.tv\/az\/wp-json\/wp\/v2\/posts\/308051\/revisions\/308078"}],"wp:featuredmedia":[{"embeddable":true,"href":"https:\/\/www.meydan.tv\/az\/wp-json\/wp\/v2\/media\/238602"}],"wp:attachment":[{"href":"https:\/\/www.meydan.tv\/az\/wp-json\/wp\/v2\/media?parent=308051"}],"wp:term":[{"taxonomy":"category","embeddable":true,"href":"https:\/\/www.meydan.tv\/az\/wp-json\/wp\/v2\/categories?post=308051"},{"taxonomy":"post_tag","embeddable":true,"href":"https:\/\/www.meydan.tv\/az\/wp-json\/wp\/v2\/tags?post=308051"}],"curies":[{"name":"wp","href":"https:\/\/api.w.org\/{rel}","templated":true}]}}