{"id":308036,"date":"2024-06-13T13:38:24","date_gmt":"2024-06-13T09:38:24","guid":{"rendered":"https:\/\/www.meydan.tv\/?p=308036"},"modified":"2024-06-13T13:38:26","modified_gmt":"2024-06-13T09:38:26","slug":"qurban-bayrami-oncesi-heyvan-bazarlarinda-durgunluq","status":"publish","type":"post","link":"https:\/\/www.meydan.tv\/az\/article\/qurban-bayrami-oncesi-heyvan-bazarlarinda-durgunluq\/","title":{"rendered":"Qurban bayram\u0131 \u00f6nc\u0259si heyvan bazarlar\u0131nda dur\u011funluq"},"content":{"rendered":"\n<p><\/p>\n\n\n\n<p><strong><em>Ekspert: &#8220;\u00d6lk\u0259d\u0259 heyvandarl\u0131\u011f\u0131n inki\u015faf\u0131na d\u0259st\u0259k olmad\u0131\u011f\u0131 \u00fc\u00e7\u00fcn idxaldan as\u0131l\u0131l\u0131q artacaq&#8221;<\/em><\/strong><\/p>\n\n\n\n<p>Qurban bayram\u0131na say\u0131l\u0131 g\u00fcnl\u0259r qalsa da, \u00f6lk\u0259nin heyvan bazarlar\u0131nda dur\u011funluq ya\u015fan\u0131r.<\/p>\n\n\n\n<p>Bahal\u0131q, \u0259sas\u0259n d\u0259, x\u0131rdabuynuzlu heyvanlarda, x\u00fcsusil\u0259 quzu \u0259tinin qiym\u0259tind\u0259 m\u00fc\u015fahid\u0259 olunur.<\/p>\n\n\n\n<p><strong>&#8220;\u018fsl bayram\u0131 q\u0259ssablar edir&#8221;<\/strong><\/p>\n\n\n\n<p>Daimi heyvan al\u0131c\u0131 v\u0259 sat\u0131c\u0131lar\u0131 bunu isti hava \u015f\u0259raiti, baha ot v\u0259 yem ehtiyat\u0131 il\u0259 \u0259laq\u0259l\u0259ndirs\u0259 d\u0259, t\u0259k qazanan q\u0259ssablar v\u0259 heyvan al\u0131\u015f\u0131 il\u0259 m\u0259\u015f\u011ful olan d\u0259llallard\u0131r.<\/p>\n\n\n\n<p>B\u0259rd\u0259 heyvan bazar\u0131n\u0131n daimi d\u0259llal\u0131 olan Elm\u0259ddin \u0130bayev son \u00fc\u00e7 h\u0259ft\u0259d\u0259 \u00f6lk\u0259nin q\u0259rb v\u0259 aran b\u00f6lg\u0259l\u0259rind\u0259ki bazarlarda eyni v\u0259ziyy\u0259tin ya\u015fand\u0131\u011f\u0131n\u0131 deyir.<\/p>\n\n\n\n<p>Onun s\u00f6zl\u0259rin\u0259 g\u00f6r\u0259, dana v\u0259 qoyun \u0259tinin qiym\u0259ti sat\u0131\u015fda 13-14, quzu \u0259ti is\u0259 18 manata sat\u0131lsa da, diri \u00e7\u0259kid\u0259 heyvan satanlar 3-4 manat uduzur:<\/p>\n\n\n<div class=\"wp-block-image\">\n<figure class=\"aligncenter size-full\"><img decoding=\"async\" width=\"1200\" height=\"534\" data-src=\"https:\/\/www.meydan.tv\/wp-content\/uploads\/img-20240607-wa0090.jpg\" alt=\"\" class=\"wp-image-307883 lazyload\" src=\"data:image\/svg+xml;base64,PHN2ZyB3aWR0aD0iMSIgaGVpZ2h0PSIxIiB4bWxucz0iaHR0cDovL3d3dy53My5vcmcvMjAwMC9zdmciPjwvc3ZnPg==\" style=\"--smush-placeholder-width: 1200px; --smush-placeholder-aspect-ratio: 1200\/534;\" \/><\/figure>\n<\/div>\n\n\n<p><em>&#8220;\u018fsl bayram\u0131 q\u0259ssablar edir. Qurbanl\u0131\u011fa g\u00f6r\u0259 20 min\u0259 yax\u0131n heyvan g\u0259tirirl\u0259r. Ham\u0131 baha sataca\u011f\u0131n\u0131 d\u00fc\u015f\u00fcn\u00fcb g\u0259tirir. Heyvan say\u0131n\u0131n \u00e7oxlu\u011fu v\u0259 isti hava \u015f\u0259raiti, x\u0259st\u0259likl\u0259r d\u0259 15-20 faiz bazara t\u0259sir edir, ancaq dur\u011funlu\u011fun tam s\u0259b\u0259bi b\u0259lli deyil. Bak\u0131da 15, regionda 13-14 manata \u0259t satan q\u0259ssaba bir ay \u00f6nc\u0259 \u0259tin kiloqram\u0131 12 manat 70 q\u0259piy\u0259 d\u00fc\u015f\u00fcrd\u00fcs\u0259, indi 10 manata, 10 manat 60 q\u0259piy\u0259 d\u00fc\u015f\u00fcr. 300 manatl\u0131q quzu \u0259tind\u0259n q\u0259ssab 360 manat qazan\u0131r&#8221;.<\/em><\/p>\n\n\n\n<p>&#8220;<em>3000-3500 manatl\u0131q iribuynuzlu s\u00fcdl\u00fck heyvanlar 1800-2000 manata d\u00fc\u015f\u00fcb. Yerli sortlar\u0131 is\u0259 1100-1800 manatad\u0131r. X\u0131rdabuynuzlu heyvanlarda is\u0259 \u00e7ox art\u0131m oldu. 300 manatl\u0131q balal\u0131 qoyun 500 manata olub. 12-18 kiloqraml\u0131q heyvanlar 200-300 manat aras\u0131ndad\u0131r. Balal\u0131, xarici sort 600-700 manat civar\u0131ndad\u0131r. Quzunun \u0259ti diri \u00e7\u0259kid\u0259 \u00f6t\u0259n il 13-14 manat, indi olub sat\u0131\u015fda 18 manat. Quzunu ucuz al\u0131b \u0259tini baha sat\u0131r\u0131q. Heyvanda al\u0131c\u0131l\u0131q ucuzla\u015f\u0131b, sat\u0131c\u0131l\u0131q bahad\u0131r&#8221;, &#8211;<\/em> dey\u0259 heyvan al\u0131c\u0131s\u0131 v\u0259ziyy\u0259tin avqusta q\u0259d\u0259r bel\u0259 davam ed\u0259c\u0259yini vur\u011fulay\u0131r.<\/p>\n\n\n<div class=\"wp-block-image\">\n<figure class=\"aligncenter size-full\"><img decoding=\"async\" width=\"1200\" height=\"532\" data-src=\"https:\/\/www.meydan.tv\/wp-content\/uploads\/img-20240607-wa0075.jpg\" alt=\"\" class=\"wp-image-307874 lazyload\" src=\"data:image\/svg+xml;base64,PHN2ZyB3aWR0aD0iMSIgaGVpZ2h0PSIxIiB4bWxucz0iaHR0cDovL3d3dy53My5vcmcvMjAwMC9zdmciPjwvc3ZnPg==\" style=\"--smush-placeholder-width: 1200px; --smush-placeholder-aspect-ratio: 1200\/532;\" \/><\/figure>\n<\/div>\n\n\n<p>Heyvan al\u0131c\u0131lar\u0131 bildirir ki, dur\u011funluqdan dolay\u0131 \u0259tlik \u00e7\u0259kisi 20 kiloqramdan \u00e7ox x\u0131rdabuynuzlu heyvanlarda 30-50 manat, y\u00fcz kiloqramdan \u00e7ox iribuynuzlu heyvanlarda is\u0259 200-220 manat ucuzla\u015fma var.<\/p>\n\n\n\n<p><strong>&#8220;X\u0131rda heyvanlarda 70-100 manat bahala\u015fma f\u0259rqi var&#8221;<\/strong><\/p>\n\n\n\n<p>\u00d6lk\u0259nin regionlar\u0131na g\u00f6r\u0259 is\u0259 nisb\u0259t\u0259n heyvanlar\u0131n \u0259tind\u0259 qiym\u0259t f\u0259rqi var.<\/p>\n\n\n\n<p>Xa\u00e7mazda olan heyvan sat\u0131c\u0131s\u0131 Cabir Mustafayev deyir ki, orada \u0259tin qiym\u0259ti 10 manatdan 19 manata q\u0259d\u0259r d\u0259yi\u015fir.<\/p>\n\n\n\n<p>Al\u0131c\u0131l\u0131q qabiliyy\u0259ti az, heyvan \u00e7ox oldu\u011fundan t\u0259l\u0259bat x\u0131rdabuynuzlu heyvanlara v\u0259 erk\u0259k danalarad\u0131r:<\/p>\n\n\n<div class=\"wp-block-image\">\n<figure class=\"aligncenter size-full\"><img decoding=\"async\" width=\"1200\" height=\"538\" data-src=\"https:\/\/www.meydan.tv\/wp-content\/uploads\/img-20240607-wa0089.jpg\" alt=\"\" class=\"wp-image-307880 lazyload\" src=\"data:image\/svg+xml;base64,PHN2ZyB3aWR0aD0iMSIgaGVpZ2h0PSIxIiB4bWxucz0iaHR0cDovL3d3dy53My5vcmcvMjAwMC9zdmciPjwvc3ZnPg==\" style=\"--smush-placeholder-width: 1200px; --smush-placeholder-aspect-ratio: 1200\/538;\" \/><\/figure>\n<\/div>\n\n\n<p>&#8220;<em>100 kiloqramdan a\u015fa\u011f\u0131 di\u015fi danad\u0131rsa, \u0259tin kiloqram\u0131 10-11, erk\u0259k danada is\u0259 16-17 manata d\u00fc\u015f\u00fcr. 100 kiloqramdan yuxar\u0131 olanda is\u0259 \u0259tin qiym\u0259ti t\u0259min\u0259n 12-13 manata d\u00fc\u015f\u00fcr. Bazar\u0131n 90 faizi alver\u00e7idir, orada k\u0259ndli ancaq 5 faiz t\u0259\u015fkil edir. Onlar\u0131n da heyvan\u0131 g\u0259l\u0259n kimi ucuz al\u0131n\u0131r. X\u0131rda heyvanlarda 70-100 manat bahala\u015fma f\u0259rqi var. Dana \u0259ti bizd\u0259 14 manatd\u0131r. \u0130ribuynuzlu heyvanlar\u0131n 100 kiloqraml\u0131\u011f\u0131nda iki manat f\u0259rq var. Xa\u00e7mazda s\u00fcdl\u00fck heyvanlar\u0131n sat\u0131\u015f qiym\u0259ti 3000-6000 min aras\u0131, yerli sortlarda is\u0259 900-2500 aras\u0131 d\u0259yi\u015fir. Al\u0131c\u0131l\u0131q qabiliyy\u0259ti z\u0259ifdir, insanlar\u0131n maddi durumu yax\u015f\u0131 deyil. Yem, ot baha, saxlanma \u015f\u0259rtl\u0259ri a\u011f\u0131rd\u0131r, qazanc vermir. Ona g\u00f6r\u0259 al\u0131b satanlara s\u0259rf edir, heyvan saxlayanlara yox&#8221;<\/em>.<\/p>\n\n\n\n<p><strong>&#8220;Yayd\u0131r dey\u0259 \u0259tlik heyvan s\u0259rf etmir&#8221;<\/strong><\/p>\n\n\n\n<p>Quzu \u0259tinin \u0259n baha oldu\u011fu bazarlar Beyl\u0259qan, G\u00f6y\u00e7ay v\u0259 \u0130smay\u0131ll\u0131 bazarlar\u0131d\u0131r.<\/p>\n\n\n\n<p>Beyl\u0259qan sakini Qulu \u018fliyev deyir ki, 15 kiloqraml\u0131q x\u0131rdabuynuzlu haz\u0131rda 250 manata, 17-18 kiloqraml\u0131\u011f\u0131 is\u0259 270-280 manatad\u0131r.<\/p>\n\n\n<div class=\"wp-block-image\">\n<figure class=\"aligncenter size-full\"><img decoding=\"async\" width=\"1200\" height=\"539\" data-src=\"https:\/\/www.meydan.tv\/wp-content\/uploads\/img-20240607-wa0083.jpg\" alt=\"\" class=\"wp-image-308038 lazyload\" src=\"data:image\/svg+xml;base64,PHN2ZyB3aWR0aD0iMSIgaGVpZ2h0PSIxIiB4bWxucz0iaHR0cDovL3d3dy53My5vcmcvMjAwMC9zdmciPjwvc3ZnPg==\" style=\"--smush-placeholder-width: 1200px; --smush-placeholder-aspect-ratio: 1200\/539;\" \/><\/figure>\n<\/div>\n\n\n<p>Onun s\u00f6zl\u0259rin\u0259 g\u00f6r\u0259, son iki h\u0259ft\u0259dir ki, heyvanlarda ucuzla\u015fma var: <\/p>\n\n\n\n<p>&#8220;<em>Q\u0131\u015fda \u0259tin qiym\u0259tini diri \u00e7\u0259kid\u0259 12 &#8211; 12.50 manatla al\u0131rd\u0131larsa, indi 11-11.50 manata al\u0131rlar. \u0130ndi yayd\u0131r dey\u0259 \u0259tlik heyvan s\u0259rf etmir. Haz\u0131rda Beyl\u0259qanda dana \u0259ti 12.50-13 manata, quzu \u0259ti 19-20 manatad\u0131r. Qiym\u0259tl\u0259rd\u0259 2-3 manat art\u0131m var&#8221;.<\/em><\/p>\n\n\n\n<p><strong>&#8220;\u018fvv\u0259l 5-6 ba\u015f iribuynuzlu saxlay\u0131rd\u0131m, indi s\u0259rf etmir&#8221;<\/strong><\/p>\n\n\n\n<p>\u0130smay\u0131ll\u0131 bazar\u0131ndan m\u00fct\u0259mad\u0131 heyvan al\u0131b-satan Sadiq S\u0259m\u0259dov da qiym\u0259tl\u0259rd\u0259n naraz\u0131d\u0131r:<\/p>\n\n\n\n<p><em>&#8220;B\u00f6y\u00fck heyvan s\u0259rf etmir, ondansa 2-3 x\u0131rdabuynuzlu al\u0131b saxlamaq s\u0259rf\u0259lidir. Saxlan\u0131las\u0131 quzular\u0131n qiym\u0259ti kiloqram\u0131na g\u00f6r\u0259 19-20, h\u0259tta 22 manatd\u0131r. \u018fvv\u0259l 16-17 manat idi. \u018fslind\u0259 \u00e7\u0259ki deyil, g\u00f6rk\u0259mi diqq\u0259t \u00e7\u0259kir v\u0259 qiym\u0259t d\u0259 ona g\u00f6r\u0259 verilir. 70 kiloqraml\u0131q dana var ki, 800 manat etmir, 60 kiloqraml\u0131q cins dava var ki,\u00a01200 manata sat\u0131r\u0131q. C\u0131r heyvanlar 1000-1400 manata, cinsl\u0259r is\u0259 2500-4000 min\u0259 q\u0259d\u0259r sat\u0131l\u0131r&#8221;.<\/em><\/p>\n\n\n<div class=\"wp-block-image\">\n<figure class=\"aligncenter size-full\"><img decoding=\"async\" width=\"1200\" height=\"527\" data-src=\"https:\/\/www.meydan.tv\/wp-content\/uploads\/mal.jpg\" alt=\"\" class=\"wp-image-308041 lazyload\" src=\"data:image\/svg+xml;base64,PHN2ZyB3aWR0aD0iMSIgaGVpZ2h0PSIxIiB4bWxucz0iaHR0cDovL3d3dy53My5vcmcvMjAwMC9zdmciPjwvc3ZnPg==\" style=\"--smush-placeholder-width: 1200px; --smush-placeholder-aspect-ratio: 1200\/527;\" \/><\/figure>\n<\/div>\n\n\n<p><em>&#8220;\u0130ki ay \u00f6nc\u0259 150 manatl\u0131q erk\u0259k quzu indi 230-250 manata olub. Heyvan yemi d\u0259 bahad\u0131r. Ot indi sah\u0259l\u0259rd\u0259 3-4 manatd\u0131r, m\u00f6vs\u00fcm bitsin 6-7 manat olacaq, h\u0259tta 8 manata q\u0259d\u0259r arta da bil\u0259r. \u018fvv\u0259l 5-6 ba\u015f heyvan saxlam\u0131\u015fam, indi s\u0259rf etmir, s\u00fcdd\u0259n k\u0259sil\u0259n kimi sat\u0131ram&#8221;,<\/em> &#8211; dey\u0259 o qeyd edib.<\/p>\n\n\n\n<p><strong>&#8220;\u0130nflyasiya gedir, qiym\u0259tl\u0259r a\u015fa\u011f\u0131 d\u00fc\u015f\u00fcr, \u00e7\u00fcnki g\u0259lir artm\u0131r&#8221;<\/strong><\/p>\n\n\n\n<p>\u0130qtisad\u00e7\u0131 ekspert Akif N\u0259sirli deyir ki, heyvan bazarlar\u0131nda dur\u011funluq al\u0131c\u0131l\u0131q qabiliyy\u0259tinin a\u015fa\u011f\u0131 olmas\u0131, bazar inhisar\u00e7\u0131l\u0131\u011f\u0131 v\u0259 artan inflyasiya s\u0259viyy\u0259si il\u0259 ba\u011fl\u0131d\u0131r.<\/p>\n\n\n\n<p>Onun fikrinc\u0259, \u0259halinin d\u0259 al\u0131c\u0131l\u0131q qabiliyy\u0259ti a\u015fa\u011f\u0131 d\u00fc\u015f\u0259nd\u0259 iribuynuzlu heyvanlara t\u0259l\u0259bat art\u0131r:<\/p>\n\n\n\n<p>&#8220;<em>X\u0131rdabuynuzlu heyvanlara t\u0259l\u0259bat art\u0131r, \u00e7\u00fcnki \u0259halinin g\u00fcc\u00fc ona \u00e7at\u0131r. T\u0259l\u0259bat yarananda t\u0259klif d\u0259 az olanda qiym\u0259t \u0259tin sat\u0131\u015f\u0131nda art\u0131r, diri \u00e7\u0259kid\u0259 yox. \u0130nflyasiya gedir, qiym\u0259tl\u0259r a\u015fa\u011f\u0131 d\u00fc\u015f\u00fcr, \u00e7\u00fcnki g\u0259lir artm\u0131r. Bazar inhisar\u00e7\u0131l\u0131\u011f\u0131 da qiym\u0259tl\u0259r\u0259 t\u0259sir edir. K\u0259ndlil\u0259r heyvan\u0131n\u0131 birba\u015fa Bak\u0131 bazarlar\u0131na \u00e7\u0131xara bilmir v\u0259 vasit\u0259\u00e7i olanda qiym\u0259t f\u0259rqi olur. \u00c7\u00fcnki bunun yol, k\u0259sim, yerin icar\u0259 haqq\u0131 x\u0259rcl\u0259ri var&#8221;.<\/em><\/p>\n\n\n\n<p><strong>&#8220;\u00d6lk\u0259d\u0259 \u0259t istehsal\u0131 k\u0259skin a\u015fa\u011f\u0131 d\u00fc\u015f\u00fcb v\u0259 idxal edil\u0259n \u0259t art\u0131b&#8221;<\/strong><\/p>\n\n\n\n<p>Ekspert \u00f6lk\u0259d\u0259 heyvan say\u0131n\u0131n azalmas\u0131n\u0131n \u0259sas s\u0259b\u0259bi kimi 2015-ci ild\u0259n ba\u015flayan pamb\u0131q\u00e7\u0131l\u0131\u011f\u0131 g\u00f6r\u00fcr\u00fcr. \u00c7\u00fcnki ot v\u0259 \u00f6r\u00fc\u015f yerl\u0259ri pamb\u0131q \u0259kinin\u0259 ayr\u0131l\u0131b.<\/p>\n\n\n\n<p>O qeyd edir ki, son on ild\u0259 heyvandarl\u0131q ciddi \u015f\u0259kild\u0259 s\u0131x\u0131\u015fd\u0131r\u0131l\u0131b, n\u0259tic\u0259d\u0259 bazarda ciddi idxal as\u0131l\u0131l\u0131\u011f\u0131 yaran\u0131b:<\/p>\n\n\n<div class=\"wp-block-image\">\n<figure class=\"alignleft size-full is-resized\"><img decoding=\"async\" width=\"1200\" height=\"673\" data-src=\"https:\/\/www.meydan.tv\/wp-content\/uploads\/akif_nesirli.jpg\" alt=\"\" class=\"wp-image-275224 lazyload\" style=\"--smush-placeholder-width: 1200px; --smush-placeholder-aspect-ratio: 1200\/673;width:428px;height:auto\" src=\"data:image\/svg+xml;base64,PHN2ZyB3aWR0aD0iMSIgaGVpZ2h0PSIxIiB4bWxucz0iaHR0cDovL3d3dy53My5vcmcvMjAwMC9zdmciPjwvc3ZnPg==\" \/><figcaption class=\"wp-element-caption\">Akif N\u0259sirli. Foto: &#8220;Telegraf.az&#8221;<\/figcaption><\/figure>\n<\/div>\n\n\n<p>&#8220;<em>Heyvandarl\u0131qla m\u0259\u015f\u011ful olan fermerl\u0259rin, k\u0259ndlil\u0259rin \u00f6r\u00fc\u015f sah\u0259l\u0259ri, torpaq ehtiyatlar\u0131 \u0259lind\u0259n al\u0131n\u0131b pamb\u0131q \u0259k\u0259nd\u0259 heyvandarl\u0131q ciddi s\u0131x\u0131\u015fd\u0131r\u0131ld\u0131. \u0130lb\u0259il ot v\u0259 yem bazas\u0131 \u00fcz\u00fcnd\u0259n heyvandarl\u0131qla m\u0259\u015f\u011ful olmaq \u00e7\u0259tinl\u0259\u015fir, s\u0259m\u0259r\u0259siz bir f\u0259aliyy\u0259t olub. Q\u00fcvv\u0259li yem komponentl\u0259ri v\u0259 keyfiyy\u0259tli otun qiym\u0259ti 2-3 d\u0259f\u0259 art\u0131b. Subsidiya d\u0259st\u0259yi d\u0259 \u00e7ox z\u0259if v\u0259 dem\u0259k olar ki, yoxdur&#8221;.<\/em><\/p>\n\n\n\n<p><\/p>\n\n\n\n<p>&#8220;<em>Perspektivsiz pamb\u0131q \u0259kinin\u0259 subsidiya verilir, heyvandarl\u0131\u011fa yox. N\u0259tic\u0259d\u0259 \u00f6lk\u0259d\u0259 \u0259t istehsal\u0131 k\u0259skin a\u015fa\u011f\u0131 d\u00fc\u015f\u00fcb v\u0259 idxal edil\u0259n \u0259t art\u0131b. Bu ilin ilk be\u015f ay\u0131nda \u00fcmumi 2500 ton \u0259t idxal olunub. Bu da 6 min ton \u0259t edir. Halbuki 7-8 il \u00f6nc\u0259 bu r\u0259q\u0259m \u00fc\u00e7 d\u0259f\u0259 az idi, y\u0259ni iki min ton idi. N\u0259 q\u0259d\u0259r ki, \u00f6lk\u0259d\u0259 heyvandarl\u0131\u011f\u0131n inki\u015faf\u0131 \u00fc\u00e7\u00fcn d\u0259st\u0259k olmayacaq, yem bazas\u0131 yarad\u0131lmayacaq idxaldan as\u0131l\u0131l\u0131q artacaq&#8221;,<\/em> &#8211; dey\u0259 ekspert vur\u011fulay\u0131b.<\/p>\n","protected":false},"excerpt":{"rendered":"<p>Ekspert: &#8220;\u00d6lk\u0259d\u0259 heyvandarl\u0131\u011f\u0131n inki\u015faf\u0131na d\u0259st\u0259k olmad\u0131\u011f\u0131 \u00fc\u00e7\u00fcn idxaldan as\u0131l\u0131l\u0131q artacaq&#8221; &#8230; <\/p>\n<p class=\"read-more-container\"><a title=\"Qurban bayram\u0131 \u00f6nc\u0259si heyvan bazarlar\u0131nda dur\u011funluq\" class=\"read-more button\" href=\"https:\/\/www.meydan.tv\/az\/article\/qurban-bayrami-oncesi-heyvan-bazarlarinda-durgunluq\/#more-308036\" aria-label=\"Read more about Qurban bayram\u0131 \u00f6nc\u0259si heyvan bazarlar\u0131nda dur\u011funluq\">Davam\u0131<\/a><\/p>\n","protected":false},"author":8,"featured_media":307877,"comment_status":"closed","ping_status":"closed","sticky":false,"template":"","format":"standard","meta":{"_acf_changed":false,"_sitemap_exclude":false,"_sitemap_priority":"","_sitemap_frequency":"","footnotes":""},"categories":[62,79,56],"tags":[],"class_list":["post-308036","post","type-post","status-publish","format-standard","has-post-thumbnail","hentry","category-sosial","category-featured","category-xeberler","infinite-scroll-item","generate-columns","tablet-grid-50","mobile-grid-100","grid-parent","grid-33","no-featured-image-padding"],"acf":[],"yoast_head":"<!-- This site is optimized with the Yoast SEO plugin v27.5 - https:\/\/yoast.com\/product\/yoast-seo-wordpress\/ -->\n<title>Qurban bayram\u0131 \u00f6nc\u0259si heyvan bazarlar\u0131nda dur\u011funluq - MEYDAN.TV<\/title>\n<meta name=\"robots\" content=\"index, follow, max-snippet:-1, max-image-preview:large, max-video-preview:-1\" \/>\n<link rel=\"canonical\" href=\"https:\/\/www.meydan.tv\/az\/article\/qurban-bayrami-oncesi-heyvan-bazarlarinda-durgunluq\/\" \/>\n<meta property=\"og:locale\" content=\"az_AZ\" \/>\n<meta property=\"og:type\" content=\"article\" \/>\n<meta property=\"og:title\" content=\"Qurban bayram\u0131 \u00f6nc\u0259si heyvan bazarlar\u0131nda dur\u011funluq - MEYDAN.TV\" \/>\n<meta property=\"og:description\" content=\"Ekspert: &#8220;\u00d6lk\u0259d\u0259 heyvandarl\u0131\u011f\u0131n inki\u015faf\u0131na d\u0259st\u0259k olmad\u0131\u011f\u0131 \u00fc\u00e7\u00fcn idxaldan as\u0131l\u0131l\u0131q artacaq&#8221; ... Davam\u0131\" \/>\n<meta property=\"og:url\" content=\"https:\/\/www.meydan.tv\/az\/article\/qurban-bayrami-oncesi-heyvan-bazarlarinda-durgunluq\/\" \/>\n<meta property=\"og:site_name\" content=\"MEYDAN.TV\" \/>\n<meta property=\"article:published_time\" content=\"2024-06-13T09:38:24+00:00\" \/>\n<meta property=\"article:modified_time\" content=\"2024-06-13T09:38:26+00:00\" \/>\n<meta property=\"og:image\" content=\"https:\/\/www.meydan.tv\/wp-content\/uploads\/img-20240607-wa0088.jpg\" \/>\n\t<meta property=\"og:image:width\" content=\"1200\" \/>\n\t<meta property=\"og:image:height\" content=\"550\" \/>\n\t<meta property=\"og:image:type\" content=\"image\/jpeg\" \/>\n<meta name=\"author\" content=\"elli\" \/>\n<meta name=\"twitter:card\" content=\"summary_large_image\" \/>\n<meta name=\"twitter:creator\" content=\"@elli\" \/>\n<script type=\"application\/ld+json\" class=\"yoast-schema-graph\">{\"@context\":\"https:\\\/\\\/schema.org\",\"@graph\":[{\"@type\":\"Article\",\"@id\":\"https:\\\/\\\/www.meydan.tv\\\/az\\\/article\\\/qurban-bayrami-oncesi-heyvan-bazarlarinda-durgunluq\\\/#article\",\"isPartOf\":{\"@id\":\"https:\\\/\\\/www.meydan.tv\\\/az\\\/article\\\/qurban-bayrami-oncesi-heyvan-bazarlarinda-durgunluq\\\/\"},\"author\":{\"name\":\"elli\",\"@id\":\"https:\\\/\\\/www.meydan.tv\\\/az\\\/#\\\/schema\\\/person\\\/9cdbecf90d17180ce1dfbd95b08dcf47\"},\"headline\":\"Qurban bayram\u0131 \u00f6nc\u0259si heyvan bazarlar\u0131nda dur\u011funluq\",\"datePublished\":\"2024-06-13T09:38:24+00:00\",\"dateModified\":\"2024-06-13T09:38:26+00:00\",\"mainEntityOfPage\":{\"@id\":\"https:\\\/\\\/www.meydan.tv\\\/az\\\/article\\\/qurban-bayrami-oncesi-heyvan-bazarlarinda-durgunluq\\\/\"},\"wordCount\":1349,\"publisher\":{\"@id\":\"https:\\\/\\\/www.meydan.tv\\\/az\\\/#organization\"},\"image\":{\"@id\":\"https:\\\/\\\/www.meydan.tv\\\/az\\\/article\\\/qurban-bayrami-oncesi-heyvan-bazarlarinda-durgunluq\\\/#primaryimage\"},\"thumbnailUrl\":\"https:\\\/\\\/www.meydan.tv\\\/wp-content\\\/uploads\\\/img-20240607-wa0088.jpg\",\"articleSection\":[\"Sosial\",\"T\u00f6vsiy\u0259\",\"X\u0259b\u0259rl\u0259r\"],\"inLanguage\":\"az\"},{\"@type\":\"WebPage\",\"@id\":\"https:\\\/\\\/www.meydan.tv\\\/az\\\/article\\\/qurban-bayrami-oncesi-heyvan-bazarlarinda-durgunluq\\\/\",\"url\":\"https:\\\/\\\/www.meydan.tv\\\/az\\\/article\\\/qurban-bayrami-oncesi-heyvan-bazarlarinda-durgunluq\\\/\",\"name\":\"Qurban bayram\u0131 \u00f6nc\u0259si heyvan bazarlar\u0131nda dur\u011funluq - MEYDAN.TV\",\"isPartOf\":{\"@id\":\"https:\\\/\\\/www.meydan.tv\\\/az\\\/#website\"},\"primaryImageOfPage\":{\"@id\":\"https:\\\/\\\/www.meydan.tv\\\/az\\\/article\\\/qurban-bayrami-oncesi-heyvan-bazarlarinda-durgunluq\\\/#primaryimage\"},\"image\":{\"@id\":\"https:\\\/\\\/www.meydan.tv\\\/az\\\/article\\\/qurban-bayrami-oncesi-heyvan-bazarlarinda-durgunluq\\\/#primaryimage\"},\"thumbnailUrl\":\"https:\\\/\\\/www.meydan.tv\\\/wp-content\\\/uploads\\\/img-20240607-wa0088.jpg\",\"datePublished\":\"2024-06-13T09:38:24+00:00\",\"dateModified\":\"2024-06-13T09:38:26+00:00\",\"breadcrumb\":{\"@id\":\"https:\\\/\\\/www.meydan.tv\\\/az\\\/article\\\/qurban-bayrami-oncesi-heyvan-bazarlarinda-durgunluq\\\/#breadcrumb\"},\"inLanguage\":\"az\",\"potentialAction\":[{\"@type\":\"ReadAction\",\"target\":[\"https:\\\/\\\/www.meydan.tv\\\/az\\\/article\\\/qurban-bayrami-oncesi-heyvan-bazarlarinda-durgunluq\\\/\"]}]},{\"@type\":\"ImageObject\",\"inLanguage\":\"az\",\"@id\":\"https:\\\/\\\/www.meydan.tv\\\/az\\\/article\\\/qurban-bayrami-oncesi-heyvan-bazarlarinda-durgunluq\\\/#primaryimage\",\"url\":\"https:\\\/\\\/www.meydan.tv\\\/wp-content\\\/uploads\\\/img-20240607-wa0088.jpg\",\"contentUrl\":\"https:\\\/\\\/www.meydan.tv\\\/wp-content\\\/uploads\\\/img-20240607-wa0088.jpg\",\"width\":1200,\"height\":550,\"caption\":\"Fotolar: Meydan TV\"},{\"@type\":\"BreadcrumbList\",\"@id\":\"https:\\\/\\\/www.meydan.tv\\\/az\\\/article\\\/qurban-bayrami-oncesi-heyvan-bazarlarinda-durgunluq\\\/#breadcrumb\",\"itemListElement\":[{\"@type\":\"ListItem\",\"position\":1,\"name\":\"Ana s\u0259hif\u0259\",\"item\":\"https:\\\/\\\/www.meydan.tv\\\/az\\\/\"},{\"@type\":\"ListItem\",\"position\":2,\"name\":\"Sosial\",\"item\":\"https:\\\/\\\/www.meydan.tv\\\/az\\\/section\\\/sosial\\\/\"},{\"@type\":\"ListItem\",\"position\":3,\"name\":\"Qurban bayram\u0131 \u00f6nc\u0259si heyvan bazarlar\u0131nda dur\u011funluq\"}]},{\"@type\":\"WebSite\",\"@id\":\"https:\\\/\\\/www.meydan.tv\\\/az\\\/#website\",\"url\":\"https:\\\/\\\/www.meydan.tv\\\/az\\\/\",\"name\":\"MEYDAN.TV\",\"description\":\"Meydan TV Az\u0259rbaycan\u0131n media m\u0259kan\u0131ndak\u0131 alternativ s\u0259sidir\",\"publisher\":{\"@id\":\"https:\\\/\\\/www.meydan.tv\\\/az\\\/#organization\"},\"potentialAction\":[{\"@type\":\"SearchAction\",\"target\":{\"@type\":\"EntryPoint\",\"urlTemplate\":\"https:\\\/\\\/www.meydan.tv\\\/az\\\/?s={search_term_string}\"},\"query-input\":{\"@type\":\"PropertyValueSpecification\",\"valueRequired\":true,\"valueName\":\"search_term_string\"}}],\"inLanguage\":\"az\"},{\"@type\":\"Organization\",\"@id\":\"https:\\\/\\\/www.meydan.tv\\\/az\\\/#organization\",\"name\":\"Meydan TV\",\"url\":\"https:\\\/\\\/www.meydan.tv\\\/az\\\/\",\"logo\":{\"@type\":\"ImageObject\",\"inLanguage\":\"az\",\"@id\":\"https:\\\/\\\/www.meydan.tv\\\/az\\\/#\\\/schema\\\/logo\\\/image\\\/\",\"url\":\"https:\\\/\\\/www.meydan.tv\\\/wp-content\\\/uploads\\\/2021\\\/07\\\/meydan-logo.svg\",\"contentUrl\":\"https:\\\/\\\/www.meydan.tv\\\/wp-content\\\/uploads\\\/2021\\\/07\\\/meydan-logo.svg\",\"width\":195,\"height\":46,\"caption\":\"Meydan TV\"},\"image\":{\"@id\":\"https:\\\/\\\/www.meydan.tv\\\/az\\\/#\\\/schema\\\/logo\\\/image\\\/\"}},{\"@type\":\"Person\",\"@id\":\"https:\\\/\\\/www.meydan.tv\\\/az\\\/#\\\/schema\\\/person\\\/9cdbecf90d17180ce1dfbd95b08dcf47\",\"name\":\"elli\",\"sameAs\":[\"https:\\\/\\\/x.com\\\/elli\"]}]}<\/script>\n<!-- \/ Yoast SEO plugin. -->","yoast_head_json":{"title":"Qurban bayram\u0131 \u00f6nc\u0259si heyvan bazarlar\u0131nda dur\u011funluq - MEYDAN.TV","robots":{"index":"index","follow":"follow","max-snippet":"max-snippet:-1","max-image-preview":"max-image-preview:large","max-video-preview":"max-video-preview:-1"},"canonical":"https:\/\/www.meydan.tv\/az\/article\/qurban-bayrami-oncesi-heyvan-bazarlarinda-durgunluq\/","og_locale":"az_AZ","og_type":"article","og_title":"Qurban bayram\u0131 \u00f6nc\u0259si heyvan bazarlar\u0131nda dur\u011funluq - MEYDAN.TV","og_description":"Ekspert: &#8220;\u00d6lk\u0259d\u0259 heyvandarl\u0131\u011f\u0131n inki\u015faf\u0131na d\u0259st\u0259k olmad\u0131\u011f\u0131 \u00fc\u00e7\u00fcn idxaldan as\u0131l\u0131l\u0131q artacaq&#8221; ... Davam\u0131","og_url":"https:\/\/www.meydan.tv\/az\/article\/qurban-bayrami-oncesi-heyvan-bazarlarinda-durgunluq\/","og_site_name":"MEYDAN.TV","article_published_time":"2024-06-13T09:38:24+00:00","article_modified_time":"2024-06-13T09:38:26+00:00","og_image":[{"width":1200,"height":550,"url":"https:\/\/www.meydan.tv\/wp-content\/uploads\/img-20240607-wa0088.jpg","type":"image\/jpeg"}],"author":"elli","twitter_card":"summary_large_image","twitter_creator":"@elli","schema":{"@context":"https:\/\/schema.org","@graph":[{"@type":"Article","@id":"https:\/\/www.meydan.tv\/az\/article\/qurban-bayrami-oncesi-heyvan-bazarlarinda-durgunluq\/#article","isPartOf":{"@id":"https:\/\/www.meydan.tv\/az\/article\/qurban-bayrami-oncesi-heyvan-bazarlarinda-durgunluq\/"},"author":{"name":"elli","@id":"https:\/\/www.meydan.tv\/az\/#\/schema\/person\/9cdbecf90d17180ce1dfbd95b08dcf47"},"headline":"Qurban bayram\u0131 \u00f6nc\u0259si heyvan bazarlar\u0131nda dur\u011funluq","datePublished":"2024-06-13T09:38:24+00:00","dateModified":"2024-06-13T09:38:26+00:00","mainEntityOfPage":{"@id":"https:\/\/www.meydan.tv\/az\/article\/qurban-bayrami-oncesi-heyvan-bazarlarinda-durgunluq\/"},"wordCount":1349,"publisher":{"@id":"https:\/\/www.meydan.tv\/az\/#organization"},"image":{"@id":"https:\/\/www.meydan.tv\/az\/article\/qurban-bayrami-oncesi-heyvan-bazarlarinda-durgunluq\/#primaryimage"},"thumbnailUrl":"https:\/\/www.meydan.tv\/wp-content\/uploads\/img-20240607-wa0088.jpg","articleSection":["Sosial","T\u00f6vsiy\u0259","X\u0259b\u0259rl\u0259r"],"inLanguage":"az"},{"@type":"WebPage","@id":"https:\/\/www.meydan.tv\/az\/article\/qurban-bayrami-oncesi-heyvan-bazarlarinda-durgunluq\/","url":"https:\/\/www.meydan.tv\/az\/article\/qurban-bayrami-oncesi-heyvan-bazarlarinda-durgunluq\/","name":"Qurban bayram\u0131 \u00f6nc\u0259si heyvan bazarlar\u0131nda dur\u011funluq - MEYDAN.TV","isPartOf":{"@id":"https:\/\/www.meydan.tv\/az\/#website"},"primaryImageOfPage":{"@id":"https:\/\/www.meydan.tv\/az\/article\/qurban-bayrami-oncesi-heyvan-bazarlarinda-durgunluq\/#primaryimage"},"image":{"@id":"https:\/\/www.meydan.tv\/az\/article\/qurban-bayrami-oncesi-heyvan-bazarlarinda-durgunluq\/#primaryimage"},"thumbnailUrl":"https:\/\/www.meydan.tv\/wp-content\/uploads\/img-20240607-wa0088.jpg","datePublished":"2024-06-13T09:38:24+00:00","dateModified":"2024-06-13T09:38:26+00:00","breadcrumb":{"@id":"https:\/\/www.meydan.tv\/az\/article\/qurban-bayrami-oncesi-heyvan-bazarlarinda-durgunluq\/#breadcrumb"},"inLanguage":"az","potentialAction":[{"@type":"ReadAction","target":["https:\/\/www.meydan.tv\/az\/article\/qurban-bayrami-oncesi-heyvan-bazarlarinda-durgunluq\/"]}]},{"@type":"ImageObject","inLanguage":"az","@id":"https:\/\/www.meydan.tv\/az\/article\/qurban-bayrami-oncesi-heyvan-bazarlarinda-durgunluq\/#primaryimage","url":"https:\/\/www.meydan.tv\/wp-content\/uploads\/img-20240607-wa0088.jpg","contentUrl":"https:\/\/www.meydan.tv\/wp-content\/uploads\/img-20240607-wa0088.jpg","width":1200,"height":550,"caption":"Fotolar: Meydan TV"},{"@type":"BreadcrumbList","@id":"https:\/\/www.meydan.tv\/az\/article\/qurban-bayrami-oncesi-heyvan-bazarlarinda-durgunluq\/#breadcrumb","itemListElement":[{"@type":"ListItem","position":1,"name":"Ana s\u0259hif\u0259","item":"https:\/\/www.meydan.tv\/az\/"},{"@type":"ListItem","position":2,"name":"Sosial","item":"https:\/\/www.meydan.tv\/az\/section\/sosial\/"},{"@type":"ListItem","position":3,"name":"Qurban bayram\u0131 \u00f6nc\u0259si heyvan bazarlar\u0131nda dur\u011funluq"}]},{"@type":"WebSite","@id":"https:\/\/www.meydan.tv\/az\/#website","url":"https:\/\/www.meydan.tv\/az\/","name":"MEYDAN.TV","description":"Meydan TV Az\u0259rbaycan\u0131n media m\u0259kan\u0131ndak\u0131 alternativ s\u0259sidir","publisher":{"@id":"https:\/\/www.meydan.tv\/az\/#organization"},"potentialAction":[{"@type":"SearchAction","target":{"@type":"EntryPoint","urlTemplate":"https:\/\/www.meydan.tv\/az\/?s={search_term_string}"},"query-input":{"@type":"PropertyValueSpecification","valueRequired":true,"valueName":"search_term_string"}}],"inLanguage":"az"},{"@type":"Organization","@id":"https:\/\/www.meydan.tv\/az\/#organization","name":"Meydan TV","url":"https:\/\/www.meydan.tv\/az\/","logo":{"@type":"ImageObject","inLanguage":"az","@id":"https:\/\/www.meydan.tv\/az\/#\/schema\/logo\/image\/","url":"https:\/\/www.meydan.tv\/wp-content\/uploads\/2021\/07\/meydan-logo.svg","contentUrl":"https:\/\/www.meydan.tv\/wp-content\/uploads\/2021\/07\/meydan-logo.svg","width":195,"height":46,"caption":"Meydan TV"},"image":{"@id":"https:\/\/www.meydan.tv\/az\/#\/schema\/logo\/image\/"}},{"@type":"Person","@id":"https:\/\/www.meydan.tv\/az\/#\/schema\/person\/9cdbecf90d17180ce1dfbd95b08dcf47","name":"elli","sameAs":["https:\/\/x.com\/elli"]}]}},"_links":{"self":[{"href":"https:\/\/www.meydan.tv\/az\/wp-json\/wp\/v2\/posts\/308036","targetHints":{"allow":["GET"]}}],"collection":[{"href":"https:\/\/www.meydan.tv\/az\/wp-json\/wp\/v2\/posts"}],"about":[{"href":"https:\/\/www.meydan.tv\/az\/wp-json\/wp\/v2\/types\/post"}],"author":[{"embeddable":true,"href":"https:\/\/www.meydan.tv\/az\/wp-json\/wp\/v2\/users\/8"}],"replies":[{"embeddable":true,"href":"https:\/\/www.meydan.tv\/az\/wp-json\/wp\/v2\/comments?post=308036"}],"version-history":[{"count":3,"href":"https:\/\/www.meydan.tv\/az\/wp-json\/wp\/v2\/posts\/308036\/revisions"}],"predecessor-version":[{"id":308048,"href":"https:\/\/www.meydan.tv\/az\/wp-json\/wp\/v2\/posts\/308036\/revisions\/308048"}],"wp:featuredmedia":[{"embeddable":true,"href":"https:\/\/www.meydan.tv\/az\/wp-json\/wp\/v2\/media\/307877"}],"wp:attachment":[{"href":"https:\/\/www.meydan.tv\/az\/wp-json\/wp\/v2\/media?parent=308036"}],"wp:term":[{"taxonomy":"category","embeddable":true,"href":"https:\/\/www.meydan.tv\/az\/wp-json\/wp\/v2\/categories?post=308036"},{"taxonomy":"post_tag","embeddable":true,"href":"https:\/\/www.meydan.tv\/az\/wp-json\/wp\/v2\/tags?post=308036"}],"curies":[{"name":"wp","href":"https:\/\/api.w.org\/{rel}","templated":true}]}}