{"id":307993,"date":"2024-06-12T19:52:07","date_gmt":"2024-06-12T15:52:07","guid":{"rendered":"https:\/\/www.meydan.tv\/?p=307993"},"modified":"2024-06-12T19:52:08","modified_gmt":"2024-06-12T15:52:08","slug":"ermenistanda-konstitusiya-deyisse-bele-eliyev-basqa-behaneler-axtaracaq","status":"publish","type":"post","link":"https:\/\/www.meydan.tv\/az\/article\/ermenistanda-konstitusiya-deyisse-bele-eliyev-basqa-behaneler-axtaracaq\/","title":{"rendered":"&#8220;Erm\u0259nistanda Konstitusiya d\u0259yi\u015fs\u0259 bel\u0259, \u018fliyev ba\u015fqa b\u0259han\u0259l\u0259r axtaracaq&#8221;"},"content":{"rendered":"\n<figure class=\"wp-block-embed is-type-video is-provider-youtube wp-block-embed-youtube wp-embed-aspect-16-9 wp-has-aspect-ratio\"><div class=\"wp-block-embed__wrapper\">\n<iframe title=\"&quot;Erm\u0259nistanda konstitusiya d\u0259yi\u015fs\u0259 bel\u0259, \u0130lham \u018fliyev yen\u0259 ba\u015fqa b\u0259han\u0259l\u0259r axtaracaq&quot;\" width=\"1200\" height=\"675\" data-src=\"https:\/\/www.youtube.com\/embed\/EQk6ktMwYQM?feature=oembed\" frameborder=\"0\" allow=\"accelerometer; autoplay; clipboard-write; encrypted-media; gyroscope; picture-in-picture; web-share\" referrerpolicy=\"strict-origin-when-cross-origin\" allowfullscreen src=\"data:image\/svg+xml;base64,PHN2ZyB3aWR0aD0iMSIgaGVpZ2h0PSIxIiB4bWxucz0iaHR0cDovL3d3dy53My5vcmcvMjAwMC9zdmciPjwvc3ZnPg==\" class=\"lazyload\" data-load-mode=\"1\"><\/iframe>\n<\/div><\/figure>\n\n\n\n<!--more-->\n\n\n\n<p><\/p>\n\n\n\n<p>Pa\u015finyan qeyd etmi\u015fdi ki, h\u0259r ke\u00e7\u0259n g\u00fcn s\u00fclh \u00fc\u00e7\u00fcn f\u00fcrs\u0259tdir v\u0259 bunu realla\u015fd\u0131rma\u011fa haz\u0131rd\u0131rlar. Erm\u0259nistan X\u0130N d\u0259 yax\u0131n bir ay \u0259rzind\u0259 s\u00fclh m\u00fcqavil\u0259sini imzalaya bil\u0259c\u0259kl\u0259rini bildirdi. \u0130lham \u018fliyev is\u0259 Erm\u0259nistan\u0131n haz\u0131rk\u0131 Konstitusiyas\u0131 d\u0259yi\u015fm\u0259z qald\u0131\u011f\u0131 halda s\u00fclh sazi\u015finin ba\u011flanmas\u0131n\u0131 imkans\u0131z adland\u0131rd\u0131.<\/p>\n\n\n\n<p>Siyasi \u015f\u0259rh\u00e7il\u0259r qeyd edirl\u0259r ki, \u00f6lk\u0259nin konstitusiyas\u0131 b\u00fct\u00fcn s\u0259n\u0259dl\u0259rd\u0259n \u00fcst\u00fcnd\u00fcr. H\u0259tta s\u00fclh sazi\u015fini bel\u0259 l\u0259\u011fv ed\u0259 bil\u0259c\u0259k \u00fcst\u00fcnl\u00fcy\u0259 malikdir: <\/p>\n\n\n\n<p><em>&#8220;Bu s\u0259n\u0259dd\u0259 qeyd edilib ki, Da\u011fl\u0131q Qaraba\u011f Erm\u0259nistan\u0131n ayr\u0131lmaz hiss\u0259sidir. \u0130ndi onlar \u00fc\u00e7\u00fcn bu b\u00f6lg\u0259 Az\u0259rbaycan t\u0259r\u0259find\u0259n i\u015f\u011fal edilmi\u015f torpaq say\u0131l\u0131r&#8221;<\/em>. <\/p>\n\n\n\n<p>\u0130lham \u018fliyevin konstitusiyan\u0131 b\u0259han\u0259 g\u0259tirib s\u00fclhd\u0259n yay\u0131nd\u0131\u011f\u0131n\u0131 d\u00fc\u015f\u00fcn\u0259nl\u0259r d\u0259 var:<\/p>\n\n\n\n<p><em> &#8220;H\u0259tta Erm\u0259nistanda Konstitusiya d\u0259yi\u015fs\u0259 bel\u0259, \u0130lham \u018fliyev yen\u0259 ba\u015fqa b\u0259han\u0259l\u0259r axtaracaq&#8221;<\/em>.<\/p>\n","protected":false},"excerpt":{"rendered":"","protected":false},"author":12,"featured_media":307995,"comment_status":"closed","ping_status":"closed","sticky":false,"template":"","format":"standard","meta":{"_acf_changed":false,"_sitemap_exclude":false,"_sitemap_priority":"","_sitemap_frequency":"","footnotes":""},"categories":[59,63],"tags":[],"class_list":["post-307993","post","type-post","status-publish","format-standard","has-post-thumbnail","hentry","category-siyaset","category-video-2","infinite-scroll-item","generate-columns","tablet-grid-50","mobile-grid-100","grid-parent","grid-33","no-featured-image-padding"],"acf":[],"yoast_head":"<!-- This site is optimized with the Yoast SEO plugin v27.4 - https:\/\/yoast.com\/product\/yoast-seo-wordpress\/ -->\n<title>&quot;Erm\u0259nistanda Konstitusiya d\u0259yi\u015fs\u0259 bel\u0259, \u018fliyev ba\u015fqa b\u0259han\u0259l\u0259r axtaracaq&quot; - MEYDAN.TV<\/title>\n<meta name=\"robots\" content=\"index, follow, max-snippet:-1, max-image-preview:large, max-video-preview:-1\" \/>\n<link rel=\"canonical\" href=\"https:\/\/www.meydan.tv\/az\/article\/ermenistanda-konstitusiya-deyisse-bele-eliyev-basqa-behaneler-axtaracaq\/\" \/>\n<meta property=\"og:locale\" content=\"az_AZ\" \/>\n<meta property=\"og:type\" content=\"article\" \/>\n<meta property=\"og:title\" content=\"&quot;Erm\u0259nistanda Konstitusiya d\u0259yi\u015fs\u0259 bel\u0259, \u018fliyev ba\u015fqa b\u0259han\u0259l\u0259r axtaracaq&quot; - MEYDAN.TV\" \/>\n<meta property=\"og:url\" content=\"https:\/\/www.meydan.tv\/az\/article\/ermenistanda-konstitusiya-deyisse-bele-eliyev-basqa-behaneler-axtaracaq\/\" \/>\n<meta property=\"og:site_name\" content=\"MEYDAN.TV\" \/>\n<meta property=\"article:published_time\" content=\"2024-06-12T15:52:07+00:00\" \/>\n<meta property=\"article:modified_time\" content=\"2024-06-12T15:52:08+00:00\" \/>\n<meta property=\"og:image\" content=\"https:\/\/www.meydan.tv\/wp-content\/uploads\/screenshot-2024-06-12-at-17.44.34.png\" \/>\n\t<meta property=\"og:image:width\" content=\"1700\" \/>\n\t<meta property=\"og:image:height\" content=\"922\" \/>\n\t<meta property=\"og:image:type\" content=\"image\/png\" \/>\n<meta name=\"author\" content=\"aleks\" \/>\n<meta name=\"twitter:card\" content=\"summary_large_image\" \/>\n<script type=\"application\/ld+json\" class=\"yoast-schema-graph\">{\"@context\":\"https:\\\/\\\/schema.org\",\"@graph\":[{\"@type\":\"Article\",\"@id\":\"https:\\\/\\\/www.meydan.tv\\\/az\\\/article\\\/ermenistanda-konstitusiya-deyisse-bele-eliyev-basqa-behaneler-axtaracaq\\\/#article\",\"isPartOf\":{\"@id\":\"https:\\\/\\\/www.meydan.tv\\\/az\\\/article\\\/ermenistanda-konstitusiya-deyisse-bele-eliyev-basqa-behaneler-axtaracaq\\\/\"},\"author\":{\"name\":\"aleks\",\"@id\":\"https:\\\/\\\/www.meydan.tv\\\/az\\\/#\\\/schema\\\/person\\\/476e9360e593fa131d5d71d51866f8da\"},\"headline\":\"&#8220;Erm\u0259nistanda Konstitusiya d\u0259yi\u015fs\u0259 bel\u0259, \u018fliyev ba\u015fqa b\u0259han\u0259l\u0259r axtaracaq&#8221;\",\"datePublished\":\"2024-06-12T15:52:07+00:00\",\"dateModified\":\"2024-06-12T15:52:08+00:00\",\"mainEntityOfPage\":{\"@id\":\"https:\\\/\\\/www.meydan.tv\\\/az\\\/article\\\/ermenistanda-konstitusiya-deyisse-bele-eliyev-basqa-behaneler-axtaracaq\\\/\"},\"wordCount\":208,\"publisher\":{\"@id\":\"https:\\\/\\\/www.meydan.tv\\\/az\\\/#organization\"},\"image\":{\"@id\":\"https:\\\/\\\/www.meydan.tv\\\/az\\\/article\\\/ermenistanda-konstitusiya-deyisse-bele-eliyev-basqa-behaneler-axtaracaq\\\/#primaryimage\"},\"thumbnailUrl\":\"https:\\\/\\\/www.meydan.tv\\\/wp-content\\\/uploads\\\/screenshot-2024-06-12-at-17.44.34.png\",\"articleSection\":[\"Siyas\u0259t\",\"Video\"],\"inLanguage\":\"az\"},{\"@type\":\"WebPage\",\"@id\":\"https:\\\/\\\/www.meydan.tv\\\/az\\\/article\\\/ermenistanda-konstitusiya-deyisse-bele-eliyev-basqa-behaneler-axtaracaq\\\/\",\"url\":\"https:\\\/\\\/www.meydan.tv\\\/az\\\/article\\\/ermenistanda-konstitusiya-deyisse-bele-eliyev-basqa-behaneler-axtaracaq\\\/\",\"name\":\"\\\"Erm\u0259nistanda Konstitusiya d\u0259yi\u015fs\u0259 bel\u0259, \u018fliyev ba\u015fqa b\u0259han\u0259l\u0259r axtaracaq\\\" - MEYDAN.TV\",\"isPartOf\":{\"@id\":\"https:\\\/\\\/www.meydan.tv\\\/az\\\/#website\"},\"primaryImageOfPage\":{\"@id\":\"https:\\\/\\\/www.meydan.tv\\\/az\\\/article\\\/ermenistanda-konstitusiya-deyisse-bele-eliyev-basqa-behaneler-axtaracaq\\\/#primaryimage\"},\"image\":{\"@id\":\"https:\\\/\\\/www.meydan.tv\\\/az\\\/article\\\/ermenistanda-konstitusiya-deyisse-bele-eliyev-basqa-behaneler-axtaracaq\\\/#primaryimage\"},\"thumbnailUrl\":\"https:\\\/\\\/www.meydan.tv\\\/wp-content\\\/uploads\\\/screenshot-2024-06-12-at-17.44.34.png\",\"datePublished\":\"2024-06-12T15:52:07+00:00\",\"dateModified\":\"2024-06-12T15:52:08+00:00\",\"breadcrumb\":{\"@id\":\"https:\\\/\\\/www.meydan.tv\\\/az\\\/article\\\/ermenistanda-konstitusiya-deyisse-bele-eliyev-basqa-behaneler-axtaracaq\\\/#breadcrumb\"},\"inLanguage\":\"az\",\"potentialAction\":[{\"@type\":\"ReadAction\",\"target\":[\"https:\\\/\\\/www.meydan.tv\\\/az\\\/article\\\/ermenistanda-konstitusiya-deyisse-bele-eliyev-basqa-behaneler-axtaracaq\\\/\"]}]},{\"@type\":\"ImageObject\",\"inLanguage\":\"az\",\"@id\":\"https:\\\/\\\/www.meydan.tv\\\/az\\\/article\\\/ermenistanda-konstitusiya-deyisse-bele-eliyev-basqa-behaneler-axtaracaq\\\/#primaryimage\",\"url\":\"https:\\\/\\\/www.meydan.tv\\\/wp-content\\\/uploads\\\/screenshot-2024-06-12-at-17.44.34.png\",\"contentUrl\":\"https:\\\/\\\/www.meydan.tv\\\/wp-content\\\/uploads\\\/screenshot-2024-06-12-at-17.44.34.png\",\"width\":1700,\"height\":922},{\"@type\":\"BreadcrumbList\",\"@id\":\"https:\\\/\\\/www.meydan.tv\\\/az\\\/article\\\/ermenistanda-konstitusiya-deyisse-bele-eliyev-basqa-behaneler-axtaracaq\\\/#breadcrumb\",\"itemListElement\":[{\"@type\":\"ListItem\",\"position\":1,\"name\":\"Ana s\u0259hif\u0259\",\"item\":\"https:\\\/\\\/www.meydan.tv\\\/az\\\/\"},{\"@type\":\"ListItem\",\"position\":2,\"name\":\"Video\",\"item\":\"https:\\\/\\\/www.meydan.tv\\\/az\\\/section\\\/video-2\\\/\"},{\"@type\":\"ListItem\",\"position\":3,\"name\":\"&#8220;Erm\u0259nistanda Konstitusiya d\u0259yi\u015fs\u0259 bel\u0259, \u018fliyev ba\u015fqa b\u0259han\u0259l\u0259r axtaracaq&#8221;\"}]},{\"@type\":\"WebSite\",\"@id\":\"https:\\\/\\\/www.meydan.tv\\\/az\\\/#website\",\"url\":\"https:\\\/\\\/www.meydan.tv\\\/az\\\/\",\"name\":\"MEYDAN.TV\",\"description\":\"Meydan TV Az\u0259rbaycan\u0131n media m\u0259kan\u0131ndak\u0131 alternativ s\u0259sidir\",\"publisher\":{\"@id\":\"https:\\\/\\\/www.meydan.tv\\\/az\\\/#organization\"},\"potentialAction\":[{\"@type\":\"SearchAction\",\"target\":{\"@type\":\"EntryPoint\",\"urlTemplate\":\"https:\\\/\\\/www.meydan.tv\\\/az\\\/?s={search_term_string}\"},\"query-input\":{\"@type\":\"PropertyValueSpecification\",\"valueRequired\":true,\"valueName\":\"search_term_string\"}}],\"inLanguage\":\"az\"},{\"@type\":\"Organization\",\"@id\":\"https:\\\/\\\/www.meydan.tv\\\/az\\\/#organization\",\"name\":\"Meydan TV\",\"url\":\"https:\\\/\\\/www.meydan.tv\\\/az\\\/\",\"logo\":{\"@type\":\"ImageObject\",\"inLanguage\":\"az\",\"@id\":\"https:\\\/\\\/www.meydan.tv\\\/az\\\/#\\\/schema\\\/logo\\\/image\\\/\",\"url\":\"https:\\\/\\\/www.meydan.tv\\\/wp-content\\\/uploads\\\/2021\\\/07\\\/meydan-logo.svg\",\"contentUrl\":\"https:\\\/\\\/www.meydan.tv\\\/wp-content\\\/uploads\\\/2021\\\/07\\\/meydan-logo.svg\",\"width\":195,\"height\":46,\"caption\":\"Meydan TV\"},\"image\":{\"@id\":\"https:\\\/\\\/www.meydan.tv\\\/az\\\/#\\\/schema\\\/logo\\\/image\\\/\"}},{\"@type\":\"Person\",\"@id\":\"https:\\\/\\\/www.meydan.tv\\\/az\\\/#\\\/schema\\\/person\\\/476e9360e593fa131d5d71d51866f8da\",\"name\":\"aleks\"}]}<\/script>\n<!-- \/ Yoast SEO plugin. -->","yoast_head_json":{"title":"\"Erm\u0259nistanda Konstitusiya d\u0259yi\u015fs\u0259 bel\u0259, \u018fliyev ba\u015fqa b\u0259han\u0259l\u0259r axtaracaq\" - MEYDAN.TV","robots":{"index":"index","follow":"follow","max-snippet":"max-snippet:-1","max-image-preview":"max-image-preview:large","max-video-preview":"max-video-preview:-1"},"canonical":"https:\/\/www.meydan.tv\/az\/article\/ermenistanda-konstitusiya-deyisse-bele-eliyev-basqa-behaneler-axtaracaq\/","og_locale":"az_AZ","og_type":"article","og_title":"\"Erm\u0259nistanda Konstitusiya d\u0259yi\u015fs\u0259 bel\u0259, \u018fliyev ba\u015fqa b\u0259han\u0259l\u0259r axtaracaq\" - MEYDAN.TV","og_url":"https:\/\/www.meydan.tv\/az\/article\/ermenistanda-konstitusiya-deyisse-bele-eliyev-basqa-behaneler-axtaracaq\/","og_site_name":"MEYDAN.TV","article_published_time":"2024-06-12T15:52:07+00:00","article_modified_time":"2024-06-12T15:52:08+00:00","og_image":[{"width":1700,"height":922,"url":"https:\/\/www.meydan.tv\/wp-content\/uploads\/screenshot-2024-06-12-at-17.44.34.png","type":"image\/png"}],"author":"aleks","twitter_card":"summary_large_image","schema":{"@context":"https:\/\/schema.org","@graph":[{"@type":"Article","@id":"https:\/\/www.meydan.tv\/az\/article\/ermenistanda-konstitusiya-deyisse-bele-eliyev-basqa-behaneler-axtaracaq\/#article","isPartOf":{"@id":"https:\/\/www.meydan.tv\/az\/article\/ermenistanda-konstitusiya-deyisse-bele-eliyev-basqa-behaneler-axtaracaq\/"},"author":{"name":"aleks","@id":"https:\/\/www.meydan.tv\/az\/#\/schema\/person\/476e9360e593fa131d5d71d51866f8da"},"headline":"&#8220;Erm\u0259nistanda Konstitusiya d\u0259yi\u015fs\u0259 bel\u0259, \u018fliyev ba\u015fqa b\u0259han\u0259l\u0259r axtaracaq&#8221;","datePublished":"2024-06-12T15:52:07+00:00","dateModified":"2024-06-12T15:52:08+00:00","mainEntityOfPage":{"@id":"https:\/\/www.meydan.tv\/az\/article\/ermenistanda-konstitusiya-deyisse-bele-eliyev-basqa-behaneler-axtaracaq\/"},"wordCount":208,"publisher":{"@id":"https:\/\/www.meydan.tv\/az\/#organization"},"image":{"@id":"https:\/\/www.meydan.tv\/az\/article\/ermenistanda-konstitusiya-deyisse-bele-eliyev-basqa-behaneler-axtaracaq\/#primaryimage"},"thumbnailUrl":"https:\/\/www.meydan.tv\/wp-content\/uploads\/screenshot-2024-06-12-at-17.44.34.png","articleSection":["Siyas\u0259t","Video"],"inLanguage":"az"},{"@type":"WebPage","@id":"https:\/\/www.meydan.tv\/az\/article\/ermenistanda-konstitusiya-deyisse-bele-eliyev-basqa-behaneler-axtaracaq\/","url":"https:\/\/www.meydan.tv\/az\/article\/ermenistanda-konstitusiya-deyisse-bele-eliyev-basqa-behaneler-axtaracaq\/","name":"\"Erm\u0259nistanda Konstitusiya d\u0259yi\u015fs\u0259 bel\u0259, \u018fliyev ba\u015fqa b\u0259han\u0259l\u0259r axtaracaq\" - MEYDAN.TV","isPartOf":{"@id":"https:\/\/www.meydan.tv\/az\/#website"},"primaryImageOfPage":{"@id":"https:\/\/www.meydan.tv\/az\/article\/ermenistanda-konstitusiya-deyisse-bele-eliyev-basqa-behaneler-axtaracaq\/#primaryimage"},"image":{"@id":"https:\/\/www.meydan.tv\/az\/article\/ermenistanda-konstitusiya-deyisse-bele-eliyev-basqa-behaneler-axtaracaq\/#primaryimage"},"thumbnailUrl":"https:\/\/www.meydan.tv\/wp-content\/uploads\/screenshot-2024-06-12-at-17.44.34.png","datePublished":"2024-06-12T15:52:07+00:00","dateModified":"2024-06-12T15:52:08+00:00","breadcrumb":{"@id":"https:\/\/www.meydan.tv\/az\/article\/ermenistanda-konstitusiya-deyisse-bele-eliyev-basqa-behaneler-axtaracaq\/#breadcrumb"},"inLanguage":"az","potentialAction":[{"@type":"ReadAction","target":["https:\/\/www.meydan.tv\/az\/article\/ermenistanda-konstitusiya-deyisse-bele-eliyev-basqa-behaneler-axtaracaq\/"]}]},{"@type":"ImageObject","inLanguage":"az","@id":"https:\/\/www.meydan.tv\/az\/article\/ermenistanda-konstitusiya-deyisse-bele-eliyev-basqa-behaneler-axtaracaq\/#primaryimage","url":"https:\/\/www.meydan.tv\/wp-content\/uploads\/screenshot-2024-06-12-at-17.44.34.png","contentUrl":"https:\/\/www.meydan.tv\/wp-content\/uploads\/screenshot-2024-06-12-at-17.44.34.png","width":1700,"height":922},{"@type":"BreadcrumbList","@id":"https:\/\/www.meydan.tv\/az\/article\/ermenistanda-konstitusiya-deyisse-bele-eliyev-basqa-behaneler-axtaracaq\/#breadcrumb","itemListElement":[{"@type":"ListItem","position":1,"name":"Ana s\u0259hif\u0259","item":"https:\/\/www.meydan.tv\/az\/"},{"@type":"ListItem","position":2,"name":"Video","item":"https:\/\/www.meydan.tv\/az\/section\/video-2\/"},{"@type":"ListItem","position":3,"name":"&#8220;Erm\u0259nistanda Konstitusiya d\u0259yi\u015fs\u0259 bel\u0259, \u018fliyev ba\u015fqa b\u0259han\u0259l\u0259r axtaracaq&#8221;"}]},{"@type":"WebSite","@id":"https:\/\/www.meydan.tv\/az\/#website","url":"https:\/\/www.meydan.tv\/az\/","name":"MEYDAN.TV","description":"Meydan TV Az\u0259rbaycan\u0131n media m\u0259kan\u0131ndak\u0131 alternativ s\u0259sidir","publisher":{"@id":"https:\/\/www.meydan.tv\/az\/#organization"},"potentialAction":[{"@type":"SearchAction","target":{"@type":"EntryPoint","urlTemplate":"https:\/\/www.meydan.tv\/az\/?s={search_term_string}"},"query-input":{"@type":"PropertyValueSpecification","valueRequired":true,"valueName":"search_term_string"}}],"inLanguage":"az"},{"@type":"Organization","@id":"https:\/\/www.meydan.tv\/az\/#organization","name":"Meydan TV","url":"https:\/\/www.meydan.tv\/az\/","logo":{"@type":"ImageObject","inLanguage":"az","@id":"https:\/\/www.meydan.tv\/az\/#\/schema\/logo\/image\/","url":"https:\/\/www.meydan.tv\/wp-content\/uploads\/2021\/07\/meydan-logo.svg","contentUrl":"https:\/\/www.meydan.tv\/wp-content\/uploads\/2021\/07\/meydan-logo.svg","width":195,"height":46,"caption":"Meydan TV"},"image":{"@id":"https:\/\/www.meydan.tv\/az\/#\/schema\/logo\/image\/"}},{"@type":"Person","@id":"https:\/\/www.meydan.tv\/az\/#\/schema\/person\/476e9360e593fa131d5d71d51866f8da","name":"aleks"}]}},"_links":{"self":[{"href":"https:\/\/www.meydan.tv\/az\/wp-json\/wp\/v2\/posts\/307993","targetHints":{"allow":["GET"]}}],"collection":[{"href":"https:\/\/www.meydan.tv\/az\/wp-json\/wp\/v2\/posts"}],"about":[{"href":"https:\/\/www.meydan.tv\/az\/wp-json\/wp\/v2\/types\/post"}],"author":[{"embeddable":true,"href":"https:\/\/www.meydan.tv\/az\/wp-json\/wp\/v2\/users\/12"}],"replies":[{"embeddable":true,"href":"https:\/\/www.meydan.tv\/az\/wp-json\/wp\/v2\/comments?post=307993"}],"version-history":[{"count":3,"href":"https:\/\/www.meydan.tv\/az\/wp-json\/wp\/v2\/posts\/307993\/revisions"}],"predecessor-version":[{"id":308002,"href":"https:\/\/www.meydan.tv\/az\/wp-json\/wp\/v2\/posts\/307993\/revisions\/308002"}],"wp:featuredmedia":[{"embeddable":true,"href":"https:\/\/www.meydan.tv\/az\/wp-json\/wp\/v2\/media\/307995"}],"wp:attachment":[{"href":"https:\/\/www.meydan.tv\/az\/wp-json\/wp\/v2\/media?parent=307993"}],"wp:term":[{"taxonomy":"category","embeddable":true,"href":"https:\/\/www.meydan.tv\/az\/wp-json\/wp\/v2\/categories?post=307993"},{"taxonomy":"post_tag","embeddable":true,"href":"https:\/\/www.meydan.tv\/az\/wp-json\/wp\/v2\/tags?post=307993"}],"curies":[{"name":"wp","href":"https:\/\/api.w.org\/{rel}","templated":true}]}}