{"id":307947,"date":"2024-06-12T13:49:31","date_gmt":"2024-06-12T09:49:31","guid":{"rendered":"https:\/\/www.meydan.tv\/?p=307947"},"modified":"2024-06-12T23:07:38","modified_gmt":"2024-06-12T19:07:38","slug":"sevinc-vaqifqizi-tecridxanada-qadinlara-deyirler-ki-lut-soyundurub-sacinizdan-tutub-suruyerik","status":"publish","type":"post","link":"https:\/\/www.meydan.tv\/az\/article\/sevinc-vaqifqizi-tecridxanada-qadinlara-deyirler-ki-lut-soyundurub-sacinizdan-tutub-suruyerik\/","title":{"rendered":"Sevinc Vaqifq\u0131z\u0131: &#8220;T\u0259cridxanada qad\u0131nlara deyirl\u0259r ki, l\u00fct soyundurub, sa\u00e7\u0131n\u0131zdan tutub s\u00fcr\u00fcy\u0259rik&#8221;"},"content":{"rendered":"\n<figure class=\"wp-block-embed is-type-video is-provider-youtube wp-block-embed-youtube wp-embed-aspect-16-9 wp-has-aspect-ratio\"><div class=\"wp-block-embed__wrapper\">\n<iframe title=\"Sevinc Vaqifq\u0131z\u0131 Bak\u0131 \u0130stintaq T\u0259cridxanas\u0131nda ombudsman ara\u015fd\u0131rmas\u0131 t\u0259l\u0259b edir\" width=\"1200\" height=\"675\" data-src=\"https:\/\/www.youtube.com\/embed\/GjKNPq_Sx7M?feature=oembed\" frameborder=\"0\" allow=\"accelerometer; autoplay; clipboard-write; encrypted-media; gyroscope; picture-in-picture; web-share\" referrerpolicy=\"strict-origin-when-cross-origin\" allowfullscreen src=\"data:image\/svg+xml;base64,PHN2ZyB3aWR0aD0iMSIgaGVpZ2h0PSIxIiB4bWxucz0iaHR0cDovL3d3dy53My5vcmcvMjAwMC9zdmciPjwvc3ZnPg==\" class=\"lazyload\" data-load-mode=\"1\"><\/iframe>\n<\/div><\/figure>\n\n\n\n<!--more-->\n\n\n\n<p><strong><em>Ba\u015f redaktor Ombudsman\u0131 t\u0259cili t\u0259cridxanaya \u00e7a\u011f\u0131r\u0131b<\/em><\/strong><\/p>\n\n\n\n<p>&#8220;AbzasMedia\u201d il\u0259 ba\u011fl\u0131 cinay\u0259t i\u015fi \u00fczr\u0259 h\u0259bsd\u0259 olan jurnalistl\u0259rd\u0259n daha birinin &#8211; n\u0259\u015frin ba\u015f redaktoru Sevinc Vaqifq\u0131z\u0131 (Abbasova) haqq\u0131nda h\u0259bs q\u0259timkan t\u0259dbirinin m\u00fcdd\u0259ti art\u0131r\u0131l\u0131b.<\/p>\n\n\n\n<p>\u0130yunun 12-d\u0259 X\u0259tai Rayon M\u0259hk\u0259m\u0259sind\u0259 Sevinc Vaqifq\u0131z\u0131n\u0131n istintaq d\u00f6vr\u00fcnd\u0259 h\u0259bsd\u0259 saxlanma m\u00fcdd\u0259tinin daha 3 ay uzad\u0131lmas\u0131 \u00fc\u00e7\u00fcn prokurorun verdiyi t\u0259qdimata bax\u0131l\u0131b.<\/p>\n\n\n\n<p>Hakim Fuad Axundovun s\u0259drliyil\u0259 ke\u00e7iril\u0259n m\u0259hk\u0259m\u0259 prosesind\u0259 Sevinc Vaqifq\u0131z\u0131 \u00f6z\u00fc d\u0259 i\u015ftirak edib. Jurnalist bildirib ki, ona qar\u015f\u0131 ir\u0259li s\u00fcr\u00fclm\u00fc\u015f qa\u00e7aqmal\u00e7\u0131l\u0131q ittiham\u0131 saxtad\u0131r, &#8220;AbzasMedia&#8221;da \u018fliyevl\u0259r ail\u0259si d\u0259 daxil olmaqla, m\u0259murlar\u0131n korrupsiya \u0259m\u0259ll\u0259ri, s\u0259rv\u0259tl\u0259ri bar\u0259d\u0259 yay\u0131mlanan ara\u015fd\u0131rmalara g\u00f6r\u0259 h\u0259bs olunub:<\/p>\n\n\n\n<p><em>&#8220;\u018fsl qa\u00e7aqmal\u00e7\u0131lar, \u00f6lk\u0259nin s\u0259rv\u0259tl\u0259rini xaric\u0259 da\u015f\u0131yanlar qal\u0131b, bunlar\u0131 ara\u015fd\u0131rd\u0131\u011f\u0131m\u0131za g\u00f6r\u0259 bizi qa\u00e7aqmal\u00e7\u0131l\u0131qda ittiham edirl\u0259r&#8221;.<\/em><\/p>\n\n\n\n<p>Sevinc Vaqifq\u0131z\u0131 saxland\u0131\u011f\u0131 Bak\u0131 \u0130stintaq T\u0259cridxanas\u0131nda qad\u0131nlara qar\u015f\u0131 i\u015fg\u0259nc\u0259, pis r\u0259ftar hallar\u0131ndan da dan\u0131\u015f\u0131b. Jurnalist bildirib ki, t\u0259cridxanan\u0131n r\u0259is m\u00fcavini, rejim r\u0259isi v\u0259 dig\u0259r s\u0259lahiyy\u0259tlil\u0259rin qad\u0131n dustaqlara qar\u015f\u0131 qanunsuzluqlar\u0131n\u0131 ictimail\u0259\u015fdirdiyin\u0259 g\u00f6r\u0259 onun ail\u0259 \u00fczvl\u0259ril\u0259 telefon dan\u0131\u015f\u0131qlar\u0131na qada\u011fa qoyulub.<\/p>\n\n\n\n<p>Telefon dan\u0131\u015f\u0131\u011f\u0131 h\u00fcququnun qanunsuz m\u0259hdudla\u015fd\u0131r\u0131ld\u0131\u011f\u0131n\u0131 vur\u011fulayan Sevinc Vaqifq\u0131z\u0131 deyir ki, Bak\u0131 \u0130stintaq T\u0259cridxanas\u0131nda qad\u0131nlar\u0131 l\u00fct soyundurub, sa\u00e7\u0131ndan tutub s\u00fcr\u00fcm\u0259kl\u0259 h\u0259d\u0259l\u0259yirl\u0259r.<\/p>\n\n\n\n<p>Jurnalist Ombudsman S\u0259bin\u0259 \u018fliyevan\u0131n t\u0259cili K\u00fcrd\u0259xan\u0131dak\u0131 istintaq t\u0259cridxanas\u0131na g\u0259lm\u0259sini v\u0259 v\u0259ziyy\u0259tl\u0259 maraqlanmas\u0131n\u0131 ist\u0259yib.<\/p>\n\n\n\n<p>M\u0259hk\u0259m\u0259d\u0259 m\u00fcst\u0259ntiq Sevinc Vaqifq\u0131z\u0131 haqq\u0131nda h\u0259bs q\u0259timkan t\u0259dbirinin m\u00fcdd\u0259tinin uzad\u0131lmas\u0131 \u00fc\u00e7\u00fcn verdiyi v\u0259sat\u0259ti v\u0259 prokurorun t\u0259qdimat\u0131n\u0131 m\u00fcdafi\u0259 edib. O, v\u0259sat\u0259tini \u0259sasland\u0131rark\u0259n deyib ki, \u201cAbzasMedia\u201d i\u015fi \u00fczr\u0259 bir s\u0131ra istintaq h\u0259r\u0259k\u0259tl\u0259ri h\u0259yata ke\u00e7irilm\u0259lidir. \u0130stintaq davam etdiyi m\u00fcdd\u0259td\u0259 is\u0259 Sevinc Vaqifq\u0131z\u0131n\u0131n azadl\u0131qda qalmas\u0131 prosesin gedi\u015fin\u0259 mane ola bil\u0259r. M\u00fcst\u0259ntiqin iddias\u0131na g\u00f6r\u0259, azadl\u0131qda qalarsa, prosesin dig\u0259r i\u015ftirak\u00e7\u0131lar\u0131 il\u0259 \u0259laq\u0259 yaratmaq, \u015fahidl\u0259r\u0259 t\u0259sir g\u00f6st\u0259rm\u0259k ehtimal\u0131 var.<\/p>\n\n\n\n<p>Jurnalistin v\u0259kili bu arqumentin \u0259sass\u0131z oldu\u011funu bildirib.&nbsp; V\u0259kil deyib ki, m\u00fcv\u0259kkili he\u00e7 bir cinay\u0259t t\u00f6r\u0259tm\u0259yib, indiy\u0259d\u0259k d\u0259 qanuni \u0259sas olmadan h\u0259bsd\u0259 saxlan\u0131l\u0131r. H\u0259tta onunla ba\u011fl\u0131 istintaq davam edirs\u0259 bel\u0259, onun h\u0259bsd\u0259 saxlanmas\u0131 m\u00fctl\u0259q deyil. Sevinc Vaqifq\u0131z\u0131 istintaqdan yay\u0131nmaq ist\u0259s\u0259ydi, \u00f6lk\u0259y\u0259 qay\u0131tmazd\u0131. &#8220;AbzasMedia&#8221; il\u0259 ba\u011fl\u0131 h\u0259bsl\u0259r ba\u015flayanda o, xarici \u00f6lk\u0259d\u0259 s\u0259f\u0259rd\u0259 idi.<\/p>\n\n\n\n<p>Hakim Fuad Axundov q\u0131sa m\u00fc\u015favir\u0259d\u0259n sonra prokurorun t\u0259qdimat\u0131n\u0131 t\u0259min edib v\u0259 Sevinc Vaqifq\u0131z\u0131 haqq\u0131nda istintaq d\u00f6vr\u00fc \u00fc\u00e7\u00fcn h\u0259bs q\u0259timkan t\u0259dbirinin m\u00fcdd\u0259ti daha 3 ay uzad\u0131l\u0131b.<\/p>\n\n\n\n<p>\u0130yunun 11-d\u0259 X\u0259tai Rayon M\u0259hk\u0259m\u0259sind\u0259 eyni q\u0259rar jurnalist N\u0259rgiz Absalamova haqq\u0131nda da verilmi\u015f, onun bar\u0259sind\u0259 h\u0259bs q\u0259timkan t\u0259dbirinin m\u00fcdd\u0259ti daha 3 ay art\u0131r\u0131lm\u0131\u015fd\u0131.<\/p>\n\n\n\n<p>&#8220;AbzasMedia\u201d i\u015fi \u00fczr\u0259 h\u0259bsd\u0259 olan dig\u0259r jurnalistl\u0259rd\u0259n Hafiz Babal\u0131 v\u0259 Elnar\u0259 Qas\u0131mova haqq\u0131nda h\u0259bs q\u0259timkan t\u0259dbirinin m\u00fcdd\u0259ti iyunun 10-da uzad\u0131l\u0131b.<\/p>\n\n\n\n<p>Korrupsiya ara\u015fd\u0131rmalar\u0131yla tan\u0131nan \u201cAbzasMedia\u201d i\u015fi \u00fczr\u0259 h\u0259bsl\u0259r noyabr\u0131n 20-d\u0259n ba\u015flay\u0131b. \u00d6nc\u0259 sayt\u0131n direktoru \u00dclvi H\u0259s\u0259nli, direktor m\u00fcavini M\u0259h\u0259mm\u0259d Kekalov, ba\u015f redaktoru Sevinc Vaqifq\u0131z\u0131 h\u0259bs edilib. Daha sonra h\u0259bsl\u0259r ara\u015fd\u0131rma\u00e7\u0131 jurnalist Hafiz Babal\u0131, N\u0259rgiz Absalamova v\u0259 Elnar\u0259 Qas\u0131mova il\u0259 davam edib. Onlar da Cinay\u0259t M\u0259c\u0259ll\u0259sinin 206.3.2-ci (bir qrup \u015f\u0259xs t\u0259r\u0259find\u0259n qa\u00e7aqmal\u00e7\u0131l\u0131q) madd\u0259sil\u0259 ittiham olunur.<\/p>\n\n\n\n<p>Bu madd\u0259nin sanksiyas\u0131nda 5 ild\u0259n 8 il\u0259 q\u0259d\u0259r azadl\u0131qdan m\u0259hrumetm\u0259 c\u0259zas\u0131 n\u0259z\u0259rd\u0259 tutulub.<\/p>\n\n\n\n<p>Noyabr\u0131n 20-d\u0259 \u00dclvi H\u0259s\u0259nli saxland\u0131qdan sonra \u201cAbzasMedia\u201dn\u0131n ofisind\u0259 axtar\u0131\u015f apar\u0131l\u0131b. Sayt\u0131n ofisind\u0259n 40 min avro pul tap\u0131ld\u0131\u011f\u0131 iddia olunub.<\/p>\n\n\n\n<p>\u00dclvi H\u0259s\u0259nli is\u0259 orada pul olmad\u0131\u011f\u0131n\u0131, 40 min avronun ofis\u0259 onu tapd\u0131\u011f\u0131n\u0131 iddia ed\u0259nl\u0259rin \u00f6zl\u0259ri t\u0259r\u0259find\u0259n qoyuldu\u011funu bildirib.<\/p>\n\n\n\n<p>Adlar\u0131 \u00e7\u0259kil\u0259n jurnalistl\u0259rin he\u00e7 biri \u00f6z\u00fcn\u00fc t\u0259qsirli bilmir, \u201cAbzasMedia\u201dda Prezidentin ail\u0259 \u00fczvl\u0259ri d\u0259 daxil olmaqla, bir s\u0131ra v\u0259zif\u0259li \u015f\u0259xsl\u0259rin biznesi, korrupsiya il\u0259 ba\u011fl\u0131 ara\u015fd\u0131rmalara g\u00f6r\u0259 c\u0259zaland\u0131r\u0131ld\u0131qlar\u0131n\u0131 bildiribl\u0259r.<\/p>\n\n\n\n<p>&#8220;AbzasMedia\u201ddan sonra \u201cKanal 13\u201d internet kanal\u0131, \u201cToplum TV\u201d x\u0259b\u0259r potral\u0131 v\u0259 eyni adl\u0131 internet televiziyas\u0131, Milli M\u0259clisin v\u0259 deputatlar\u0131n f\u0259aliyy\u0259tini ara\u015fd\u0131ran \u201cmeclis.info\u201d sayt\u0131n\u0131n r\u0259hb\u0259rl\u0259ri v\u0259 \u0259m\u0259kda\u015flar\u0131 da qa\u00e7aqmal\u00e7\u0131l\u0131q ittiham\u0131yla h\u0259bs olunub. \u0130ddia olunur ki, bu media orqanlar\u0131 xarici t\u0259\u015fkilatlardan qrantlar al\u0131b, h\u0259min v\u0259saitl\u0259ri qa\u00e7aqmal\u00e7\u0131l\u0131q yoluyla \u00f6lk\u0259y\u0259 g\u0259tirib.<\/p>\n\n\n\n<p>Lakin jurnalistl\u0259r bu ittiham\u0131 r\u0259dd edir, qa\u00e7aqmal\u00e7\u0131l\u0131qla ba\u011fl\u0131 he\u00e7 bir s\u00fcbut-d\u0259lil olmadan h\u0259bs olunduqlar\u0131n\u0131 bildirirl\u0259r. Onlar b\u0259yan edib ki, bu h\u0259bsl\u0259rin m\u0259qs\u0259di \u00f6lk\u0259d\u0259ki korrupsiyan\u0131, m\u0259mur \u00f6zba\u015f\u0131nal\u0131\u011f\u0131n\u0131 ara\u015fd\u0131ran, ictimaiyy\u0259t\u0259 \u00e7atd\u0131ran media orqanlar\u0131n\u0131 susdurmaqd\u0131r.<\/p>\n","protected":false},"excerpt":{"rendered":"","protected":false},"author":8,"featured_media":301693,"comment_status":"closed","ping_status":"closed","sticky":false,"template":"","format":"standard","meta":{"_acf_changed":false,"_sitemap_exclude":false,"_sitemap_priority":"","_sitemap_frequency":"","footnotes":""},"categories":[59,79,63,56],"tags":[],"class_list":["post-307947","post","type-post","status-publish","format-standard","has-post-thumbnail","hentry","category-siyaset","category-featured","category-video-2","category-xeberler","infinite-scroll-item","generate-columns","tablet-grid-50","mobile-grid-100","grid-parent","grid-33","no-featured-image-padding"],"acf":[],"yoast_head":"<!-- This site is optimized with the Yoast SEO plugin v27.4 - https:\/\/yoast.com\/product\/yoast-seo-wordpress\/ -->\n<title>Sevinc Vaqifq\u0131z\u0131: &quot;T\u0259cridxanada qad\u0131nlara deyirl\u0259r ki, l\u00fct soyundurub, sa\u00e7\u0131n\u0131zdan tutub s\u00fcr\u00fcy\u0259rik&quot; - MEYDAN.TV<\/title>\n<meta name=\"robots\" content=\"index, follow, max-snippet:-1, max-image-preview:large, max-video-preview:-1\" \/>\n<link rel=\"canonical\" href=\"https:\/\/www.meydan.tv\/az\/article\/sevinc-vaqifqizi-tecridxanada-qadinlara-deyirler-ki-lut-soyundurub-sacinizdan-tutub-suruyerik\/\" \/>\n<meta property=\"og:locale\" content=\"az_AZ\" \/>\n<meta property=\"og:type\" content=\"article\" \/>\n<meta property=\"og:title\" content=\"Sevinc Vaqifq\u0131z\u0131: &quot;T\u0259cridxanada qad\u0131nlara deyirl\u0259r ki, l\u00fct soyundurub, sa\u00e7\u0131n\u0131zdan tutub s\u00fcr\u00fcy\u0259rik&quot; - MEYDAN.TV\" \/>\n<meta property=\"og:url\" content=\"https:\/\/www.meydan.tv\/az\/article\/sevinc-vaqifqizi-tecridxanada-qadinlara-deyirler-ki-lut-soyundurub-sacinizdan-tutub-suruyerik\/\" \/>\n<meta property=\"og:site_name\" content=\"MEYDAN.TV\" \/>\n<meta property=\"article:published_time\" content=\"2024-06-12T09:49:31+00:00\" \/>\n<meta property=\"article:modified_time\" content=\"2024-06-12T19:07:38+00:00\" \/>\n<meta property=\"og:image\" content=\"https:\/\/www.meydan.tv\/wp-content\/uploads\/img_1093-e1718185224443.jpg\" \/>\n\t<meta property=\"og:image:width\" content=\"1200\" \/>\n\t<meta property=\"og:image:height\" content=\"618\" \/>\n\t<meta property=\"og:image:type\" content=\"image\/jpeg\" \/>\n<meta name=\"author\" content=\"elli\" \/>\n<meta name=\"twitter:card\" content=\"summary_large_image\" \/>\n<meta name=\"twitter:creator\" content=\"@elli\" \/>\n<script type=\"application\/ld+json\" class=\"yoast-schema-graph\">{\"@context\":\"https:\\\/\\\/schema.org\",\"@graph\":[{\"@type\":\"Article\",\"@id\":\"https:\\\/\\\/www.meydan.tv\\\/az\\\/article\\\/sevinc-vaqifqizi-tecridxanada-qadinlara-deyirler-ki-lut-soyundurub-sacinizdan-tutub-suruyerik\\\/#article\",\"isPartOf\":{\"@id\":\"https:\\\/\\\/www.meydan.tv\\\/az\\\/article\\\/sevinc-vaqifqizi-tecridxanada-qadinlara-deyirler-ki-lut-soyundurub-sacinizdan-tutub-suruyerik\\\/\"},\"author\":{\"name\":\"elli\",\"@id\":\"https:\\\/\\\/www.meydan.tv\\\/az\\\/#\\\/schema\\\/person\\\/9cdbecf90d17180ce1dfbd95b08dcf47\"},\"headline\":\"Sevinc Vaqifq\u0131z\u0131: &#8220;T\u0259cridxanada qad\u0131nlara deyirl\u0259r ki, l\u00fct soyundurub, sa\u00e7\u0131n\u0131zdan tutub s\u00fcr\u00fcy\u0259rik&#8221;\",\"datePublished\":\"2024-06-12T09:49:31+00:00\",\"dateModified\":\"2024-06-12T19:07:38+00:00\",\"mainEntityOfPage\":{\"@id\":\"https:\\\/\\\/www.meydan.tv\\\/az\\\/article\\\/sevinc-vaqifqizi-tecridxanada-qadinlara-deyirler-ki-lut-soyundurub-sacinizdan-tutub-suruyerik\\\/\"},\"wordCount\":1009,\"publisher\":{\"@id\":\"https:\\\/\\\/www.meydan.tv\\\/az\\\/#organization\"},\"image\":{\"@id\":\"https:\\\/\\\/www.meydan.tv\\\/az\\\/article\\\/sevinc-vaqifqizi-tecridxanada-qadinlara-deyirler-ki-lut-soyundurub-sacinizdan-tutub-suruyerik\\\/#primaryimage\"},\"thumbnailUrl\":\"https:\\\/\\\/www.meydan.tv\\\/wp-content\\\/uploads\\\/img_1093-e1718185224443.jpg\",\"articleSection\":[\"Siyas\u0259t\",\"T\u00f6vsiy\u0259\",\"Video\",\"X\u0259b\u0259rl\u0259r\"],\"inLanguage\":\"az\"},{\"@type\":\"WebPage\",\"@id\":\"https:\\\/\\\/www.meydan.tv\\\/az\\\/article\\\/sevinc-vaqifqizi-tecridxanada-qadinlara-deyirler-ki-lut-soyundurub-sacinizdan-tutub-suruyerik\\\/\",\"url\":\"https:\\\/\\\/www.meydan.tv\\\/az\\\/article\\\/sevinc-vaqifqizi-tecridxanada-qadinlara-deyirler-ki-lut-soyundurub-sacinizdan-tutub-suruyerik\\\/\",\"name\":\"Sevinc Vaqifq\u0131z\u0131: \\\"T\u0259cridxanada qad\u0131nlara deyirl\u0259r ki, l\u00fct soyundurub, sa\u00e7\u0131n\u0131zdan tutub s\u00fcr\u00fcy\u0259rik\\\" - MEYDAN.TV\",\"isPartOf\":{\"@id\":\"https:\\\/\\\/www.meydan.tv\\\/az\\\/#website\"},\"primaryImageOfPage\":{\"@id\":\"https:\\\/\\\/www.meydan.tv\\\/az\\\/article\\\/sevinc-vaqifqizi-tecridxanada-qadinlara-deyirler-ki-lut-soyundurub-sacinizdan-tutub-suruyerik\\\/#primaryimage\"},\"image\":{\"@id\":\"https:\\\/\\\/www.meydan.tv\\\/az\\\/article\\\/sevinc-vaqifqizi-tecridxanada-qadinlara-deyirler-ki-lut-soyundurub-sacinizdan-tutub-suruyerik\\\/#primaryimage\"},\"thumbnailUrl\":\"https:\\\/\\\/www.meydan.tv\\\/wp-content\\\/uploads\\\/img_1093-e1718185224443.jpg\",\"datePublished\":\"2024-06-12T09:49:31+00:00\",\"dateModified\":\"2024-06-12T19:07:38+00:00\",\"breadcrumb\":{\"@id\":\"https:\\\/\\\/www.meydan.tv\\\/az\\\/article\\\/sevinc-vaqifqizi-tecridxanada-qadinlara-deyirler-ki-lut-soyundurub-sacinizdan-tutub-suruyerik\\\/#breadcrumb\"},\"inLanguage\":\"az\",\"potentialAction\":[{\"@type\":\"ReadAction\",\"target\":[\"https:\\\/\\\/www.meydan.tv\\\/az\\\/article\\\/sevinc-vaqifqizi-tecridxanada-qadinlara-deyirler-ki-lut-soyundurub-sacinizdan-tutub-suruyerik\\\/\"]}]},{\"@type\":\"ImageObject\",\"inLanguage\":\"az\",\"@id\":\"https:\\\/\\\/www.meydan.tv\\\/az\\\/article\\\/sevinc-vaqifqizi-tecridxanada-qadinlara-deyirler-ki-lut-soyundurub-sacinizdan-tutub-suruyerik\\\/#primaryimage\",\"url\":\"https:\\\/\\\/www.meydan.tv\\\/wp-content\\\/uploads\\\/img_1093-e1718185224443.jpg\",\"contentUrl\":\"https:\\\/\\\/www.meydan.tv\\\/wp-content\\\/uploads\\\/img_1093-e1718185224443.jpg\",\"width\":1200,\"height\":618,\"caption\":\"Sevinc Vaqifq\u0131z\u0131. Foto: Meydan TV\"},{\"@type\":\"BreadcrumbList\",\"@id\":\"https:\\\/\\\/www.meydan.tv\\\/az\\\/article\\\/sevinc-vaqifqizi-tecridxanada-qadinlara-deyirler-ki-lut-soyundurub-sacinizdan-tutub-suruyerik\\\/#breadcrumb\",\"itemListElement\":[{\"@type\":\"ListItem\",\"position\":1,\"name\":\"Ana s\u0259hif\u0259\",\"item\":\"https:\\\/\\\/www.meydan.tv\\\/az\\\/\"},{\"@type\":\"ListItem\",\"position\":2,\"name\":\"Siyas\u0259t\",\"item\":\"https:\\\/\\\/www.meydan.tv\\\/az\\\/section\\\/siyaset\\\/\"},{\"@type\":\"ListItem\",\"position\":3,\"name\":\"Sevinc Vaqifq\u0131z\u0131: &#8220;T\u0259cridxanada qad\u0131nlara deyirl\u0259r ki, l\u00fct soyundurub, sa\u00e7\u0131n\u0131zdan tutub s\u00fcr\u00fcy\u0259rik&#8221;\"}]},{\"@type\":\"WebSite\",\"@id\":\"https:\\\/\\\/www.meydan.tv\\\/az\\\/#website\",\"url\":\"https:\\\/\\\/www.meydan.tv\\\/az\\\/\",\"name\":\"MEYDAN.TV\",\"description\":\"Meydan TV Az\u0259rbaycan\u0131n media m\u0259kan\u0131ndak\u0131 alternativ s\u0259sidir\",\"publisher\":{\"@id\":\"https:\\\/\\\/www.meydan.tv\\\/az\\\/#organization\"},\"potentialAction\":[{\"@type\":\"SearchAction\",\"target\":{\"@type\":\"EntryPoint\",\"urlTemplate\":\"https:\\\/\\\/www.meydan.tv\\\/az\\\/?s={search_term_string}\"},\"query-input\":{\"@type\":\"PropertyValueSpecification\",\"valueRequired\":true,\"valueName\":\"search_term_string\"}}],\"inLanguage\":\"az\"},{\"@type\":\"Organization\",\"@id\":\"https:\\\/\\\/www.meydan.tv\\\/az\\\/#organization\",\"name\":\"Meydan TV\",\"url\":\"https:\\\/\\\/www.meydan.tv\\\/az\\\/\",\"logo\":{\"@type\":\"ImageObject\",\"inLanguage\":\"az\",\"@id\":\"https:\\\/\\\/www.meydan.tv\\\/az\\\/#\\\/schema\\\/logo\\\/image\\\/\",\"url\":\"https:\\\/\\\/www.meydan.tv\\\/wp-content\\\/uploads\\\/2021\\\/07\\\/meydan-logo.svg\",\"contentUrl\":\"https:\\\/\\\/www.meydan.tv\\\/wp-content\\\/uploads\\\/2021\\\/07\\\/meydan-logo.svg\",\"width\":195,\"height\":46,\"caption\":\"Meydan TV\"},\"image\":{\"@id\":\"https:\\\/\\\/www.meydan.tv\\\/az\\\/#\\\/schema\\\/logo\\\/image\\\/\"}},{\"@type\":\"Person\",\"@id\":\"https:\\\/\\\/www.meydan.tv\\\/az\\\/#\\\/schema\\\/person\\\/9cdbecf90d17180ce1dfbd95b08dcf47\",\"name\":\"elli\",\"sameAs\":[\"https:\\\/\\\/x.com\\\/elli\"]}]}<\/script>\n<!-- \/ Yoast SEO plugin. -->","yoast_head_json":{"title":"Sevinc Vaqifq\u0131z\u0131: \"T\u0259cridxanada qad\u0131nlara deyirl\u0259r ki, l\u00fct soyundurub, sa\u00e7\u0131n\u0131zdan tutub s\u00fcr\u00fcy\u0259rik\" - MEYDAN.TV","robots":{"index":"index","follow":"follow","max-snippet":"max-snippet:-1","max-image-preview":"max-image-preview:large","max-video-preview":"max-video-preview:-1"},"canonical":"https:\/\/www.meydan.tv\/az\/article\/sevinc-vaqifqizi-tecridxanada-qadinlara-deyirler-ki-lut-soyundurub-sacinizdan-tutub-suruyerik\/","og_locale":"az_AZ","og_type":"article","og_title":"Sevinc Vaqifq\u0131z\u0131: \"T\u0259cridxanada qad\u0131nlara deyirl\u0259r ki, l\u00fct soyundurub, sa\u00e7\u0131n\u0131zdan tutub s\u00fcr\u00fcy\u0259rik\" - MEYDAN.TV","og_url":"https:\/\/www.meydan.tv\/az\/article\/sevinc-vaqifqizi-tecridxanada-qadinlara-deyirler-ki-lut-soyundurub-sacinizdan-tutub-suruyerik\/","og_site_name":"MEYDAN.TV","article_published_time":"2024-06-12T09:49:31+00:00","article_modified_time":"2024-06-12T19:07:38+00:00","og_image":[{"width":1200,"height":618,"url":"https:\/\/www.meydan.tv\/wp-content\/uploads\/img_1093-e1718185224443.jpg","type":"image\/jpeg"}],"author":"elli","twitter_card":"summary_large_image","twitter_creator":"@elli","schema":{"@context":"https:\/\/schema.org","@graph":[{"@type":"Article","@id":"https:\/\/www.meydan.tv\/az\/article\/sevinc-vaqifqizi-tecridxanada-qadinlara-deyirler-ki-lut-soyundurub-sacinizdan-tutub-suruyerik\/#article","isPartOf":{"@id":"https:\/\/www.meydan.tv\/az\/article\/sevinc-vaqifqizi-tecridxanada-qadinlara-deyirler-ki-lut-soyundurub-sacinizdan-tutub-suruyerik\/"},"author":{"name":"elli","@id":"https:\/\/www.meydan.tv\/az\/#\/schema\/person\/9cdbecf90d17180ce1dfbd95b08dcf47"},"headline":"Sevinc Vaqifq\u0131z\u0131: &#8220;T\u0259cridxanada qad\u0131nlara deyirl\u0259r ki, l\u00fct soyundurub, sa\u00e7\u0131n\u0131zdan tutub s\u00fcr\u00fcy\u0259rik&#8221;","datePublished":"2024-06-12T09:49:31+00:00","dateModified":"2024-06-12T19:07:38+00:00","mainEntityOfPage":{"@id":"https:\/\/www.meydan.tv\/az\/article\/sevinc-vaqifqizi-tecridxanada-qadinlara-deyirler-ki-lut-soyundurub-sacinizdan-tutub-suruyerik\/"},"wordCount":1009,"publisher":{"@id":"https:\/\/www.meydan.tv\/az\/#organization"},"image":{"@id":"https:\/\/www.meydan.tv\/az\/article\/sevinc-vaqifqizi-tecridxanada-qadinlara-deyirler-ki-lut-soyundurub-sacinizdan-tutub-suruyerik\/#primaryimage"},"thumbnailUrl":"https:\/\/www.meydan.tv\/wp-content\/uploads\/img_1093-e1718185224443.jpg","articleSection":["Siyas\u0259t","T\u00f6vsiy\u0259","Video","X\u0259b\u0259rl\u0259r"],"inLanguage":"az"},{"@type":"WebPage","@id":"https:\/\/www.meydan.tv\/az\/article\/sevinc-vaqifqizi-tecridxanada-qadinlara-deyirler-ki-lut-soyundurub-sacinizdan-tutub-suruyerik\/","url":"https:\/\/www.meydan.tv\/az\/article\/sevinc-vaqifqizi-tecridxanada-qadinlara-deyirler-ki-lut-soyundurub-sacinizdan-tutub-suruyerik\/","name":"Sevinc Vaqifq\u0131z\u0131: \"T\u0259cridxanada qad\u0131nlara deyirl\u0259r ki, l\u00fct soyundurub, sa\u00e7\u0131n\u0131zdan tutub s\u00fcr\u00fcy\u0259rik\" - MEYDAN.TV","isPartOf":{"@id":"https:\/\/www.meydan.tv\/az\/#website"},"primaryImageOfPage":{"@id":"https:\/\/www.meydan.tv\/az\/article\/sevinc-vaqifqizi-tecridxanada-qadinlara-deyirler-ki-lut-soyundurub-sacinizdan-tutub-suruyerik\/#primaryimage"},"image":{"@id":"https:\/\/www.meydan.tv\/az\/article\/sevinc-vaqifqizi-tecridxanada-qadinlara-deyirler-ki-lut-soyundurub-sacinizdan-tutub-suruyerik\/#primaryimage"},"thumbnailUrl":"https:\/\/www.meydan.tv\/wp-content\/uploads\/img_1093-e1718185224443.jpg","datePublished":"2024-06-12T09:49:31+00:00","dateModified":"2024-06-12T19:07:38+00:00","breadcrumb":{"@id":"https:\/\/www.meydan.tv\/az\/article\/sevinc-vaqifqizi-tecridxanada-qadinlara-deyirler-ki-lut-soyundurub-sacinizdan-tutub-suruyerik\/#breadcrumb"},"inLanguage":"az","potentialAction":[{"@type":"ReadAction","target":["https:\/\/www.meydan.tv\/az\/article\/sevinc-vaqifqizi-tecridxanada-qadinlara-deyirler-ki-lut-soyundurub-sacinizdan-tutub-suruyerik\/"]}]},{"@type":"ImageObject","inLanguage":"az","@id":"https:\/\/www.meydan.tv\/az\/article\/sevinc-vaqifqizi-tecridxanada-qadinlara-deyirler-ki-lut-soyundurub-sacinizdan-tutub-suruyerik\/#primaryimage","url":"https:\/\/www.meydan.tv\/wp-content\/uploads\/img_1093-e1718185224443.jpg","contentUrl":"https:\/\/www.meydan.tv\/wp-content\/uploads\/img_1093-e1718185224443.jpg","width":1200,"height":618,"caption":"Sevinc Vaqifq\u0131z\u0131. Foto: Meydan TV"},{"@type":"BreadcrumbList","@id":"https:\/\/www.meydan.tv\/az\/article\/sevinc-vaqifqizi-tecridxanada-qadinlara-deyirler-ki-lut-soyundurub-sacinizdan-tutub-suruyerik\/#breadcrumb","itemListElement":[{"@type":"ListItem","position":1,"name":"Ana s\u0259hif\u0259","item":"https:\/\/www.meydan.tv\/az\/"},{"@type":"ListItem","position":2,"name":"Siyas\u0259t","item":"https:\/\/www.meydan.tv\/az\/section\/siyaset\/"},{"@type":"ListItem","position":3,"name":"Sevinc Vaqifq\u0131z\u0131: &#8220;T\u0259cridxanada qad\u0131nlara deyirl\u0259r ki, l\u00fct soyundurub, sa\u00e7\u0131n\u0131zdan tutub s\u00fcr\u00fcy\u0259rik&#8221;"}]},{"@type":"WebSite","@id":"https:\/\/www.meydan.tv\/az\/#website","url":"https:\/\/www.meydan.tv\/az\/","name":"MEYDAN.TV","description":"Meydan TV Az\u0259rbaycan\u0131n media m\u0259kan\u0131ndak\u0131 alternativ s\u0259sidir","publisher":{"@id":"https:\/\/www.meydan.tv\/az\/#organization"},"potentialAction":[{"@type":"SearchAction","target":{"@type":"EntryPoint","urlTemplate":"https:\/\/www.meydan.tv\/az\/?s={search_term_string}"},"query-input":{"@type":"PropertyValueSpecification","valueRequired":true,"valueName":"search_term_string"}}],"inLanguage":"az"},{"@type":"Organization","@id":"https:\/\/www.meydan.tv\/az\/#organization","name":"Meydan TV","url":"https:\/\/www.meydan.tv\/az\/","logo":{"@type":"ImageObject","inLanguage":"az","@id":"https:\/\/www.meydan.tv\/az\/#\/schema\/logo\/image\/","url":"https:\/\/www.meydan.tv\/wp-content\/uploads\/2021\/07\/meydan-logo.svg","contentUrl":"https:\/\/www.meydan.tv\/wp-content\/uploads\/2021\/07\/meydan-logo.svg","width":195,"height":46,"caption":"Meydan TV"},"image":{"@id":"https:\/\/www.meydan.tv\/az\/#\/schema\/logo\/image\/"}},{"@type":"Person","@id":"https:\/\/www.meydan.tv\/az\/#\/schema\/person\/9cdbecf90d17180ce1dfbd95b08dcf47","name":"elli","sameAs":["https:\/\/x.com\/elli"]}]}},"_links":{"self":[{"href":"https:\/\/www.meydan.tv\/az\/wp-json\/wp\/v2\/posts\/307947","targetHints":{"allow":["GET"]}}],"collection":[{"href":"https:\/\/www.meydan.tv\/az\/wp-json\/wp\/v2\/posts"}],"about":[{"href":"https:\/\/www.meydan.tv\/az\/wp-json\/wp\/v2\/types\/post"}],"author":[{"embeddable":true,"href":"https:\/\/www.meydan.tv\/az\/wp-json\/wp\/v2\/users\/8"}],"replies":[{"embeddable":true,"href":"https:\/\/www.meydan.tv\/az\/wp-json\/wp\/v2\/comments?post=307947"}],"version-history":[{"count":6,"href":"https:\/\/www.meydan.tv\/az\/wp-json\/wp\/v2\/posts\/307947\/revisions"}],"predecessor-version":[{"id":308011,"href":"https:\/\/www.meydan.tv\/az\/wp-json\/wp\/v2\/posts\/307947\/revisions\/308011"}],"wp:featuredmedia":[{"embeddable":true,"href":"https:\/\/www.meydan.tv\/az\/wp-json\/wp\/v2\/media\/301693"}],"wp:attachment":[{"href":"https:\/\/www.meydan.tv\/az\/wp-json\/wp\/v2\/media?parent=307947"}],"wp:term":[{"taxonomy":"category","embeddable":true,"href":"https:\/\/www.meydan.tv\/az\/wp-json\/wp\/v2\/categories?post=307947"},{"taxonomy":"post_tag","embeddable":true,"href":"https:\/\/www.meydan.tv\/az\/wp-json\/wp\/v2\/tags?post=307947"}],"curies":[{"name":"wp","href":"https:\/\/api.w.org\/{rel}","templated":true}]}}