{"id":307927,"date":"2024-06-11T18:27:18","date_gmt":"2024-06-11T14:27:18","guid":{"rendered":"https:\/\/www.meydan.tv\/?p=307927"},"modified":"2024-06-11T18:27:21","modified_gmt":"2024-06-11T14:27:21","slug":"bakida-hebs-edilen-fransa-vetendasi-ilham-eliyevden-azadliga-buraxilmasini-isteyib","status":"publish","type":"post","link":"https:\/\/www.meydan.tv\/az\/article\/bakida-hebs-edilen-fransa-vetendasi-ilham-eliyevden-azadliga-buraxilmasini-isteyib\/","title":{"rendered":"Bak\u0131da h\u0259bs edil\u0259n Fransa v\u0259t\u0259nda\u015f\u0131 \u0130lham \u018fliyevd\u0259n azadl\u0131\u011fa burax\u0131lmas\u0131n\u0131 ist\u0259yib"},"content":{"rendered":"\n<p><\/p>\n\n\n\n<p><strong><em>O, metroda qraffiti \u00e7\u0259kdiyi \u00fc\u00e7\u00fcn \u0259vv\u0259lc\u0259 c\u0259rim\u0259, sonra h\u0259bs edilib<\/em><\/strong><\/p>\n\n\n\n<p>Bak\u0131 \u0130stintaq T\u0259cridxanas\u0131nda saxlan\u0131lan fransal\u0131 qraffiti r\u0259ssam\u0131 Klerk Teo H\u00fcqo Az\u0259rbaycan Prezidenti \u0130lham \u018fliyev\u0259 v\u0259 I Vitse-prezidenti Mehriban \u018fliyevaya\u00a0 m\u00fcraci\u0259t edib.<\/p>\n\n\n\n<p>M\u00fcraci\u0259ti r\u0259ssam\u0131n \u00f6z\u00fcn\u00fcn xahi\u015fi il\u0259 v\u0259kili El\u00e7in Sad\u0131qov iyunun 11-d\u0259 &#8220;Facebook&#8221; s\u0259hif\u0259sind\u0259 <a href=\"https:\/\/www.facebook.com\/permalink.php?story_fbid=pfbid05Urb5XzEgXhTmA7WV7vCzFQkggSJsS7RY3SFvdJ1wFmMMVDVT1bsUXxsp7u11HU7l&amp;id=100000868041420\">yay\u0131b<\/a>.<\/p>\n\n\n\n<p>Klerk Teo H\u00fcqo mart\u0131n 28-d\u0259 &#8220;Bakmil&#8221; metrostansiyas\u0131nda qraffiti \u00e7\u0259kdiyi \u00fc\u00e7\u00fcn Yasamal Rayon M\u0259hk\u0259m\u0259si t\u0259r\u0259find\u0259n 4 min 600 manat c\u0259rim\u0259 edilmi\u015fdi.<\/p>\n\n\n\n<p>Ancaq Bak\u0131 Apelyasiya M\u0259hk\u0259m\u0259si q\u0259rar\u0131 l\u0259\u011fv ed\u0259r\u0259k z\u0259r\u0259rin m\u0259bl\u0259\u011fini 11 min 600 manata qald\u0131r\u0131b.<\/p>\n\n\n\n<p>Aprelin 2-d\u0259 Yasamal M\u0259hk\u0259m\u0259si Klerk Teo H\u00fcqo haqq\u0131nda 3 ay h\u0259bs q\u0259timkan q\u0259rar\u0131 \u00e7\u0131xar\u0131b. Lakin olunla birg\u0259 saxlan\u0131lan Avstraliya v\u0259t\u0259nda\u015f\u0131 P.Han Paul v\u0259 Yeni Zelandiya v\u0259t\u0259nda\u015f\u0131 \u0130smael De Saint Quent d\u0259 eyni ittihamla cinay\u0259t m\u0259suliyy\u0259tin\u0259 c\u0259lb olunub. Lakin istintaq d\u00f6vr\u00fc \u00fc\u00e7\u00fcn onlar\u0131n bar\u0259sind\u0259 h\u0259bsl\u0259 ba\u011fl\u0131 olmayan q\u0259timkan t\u0259dbiri se\u00e7ilib. Onlar s\u0259rb\u0259st burax\u0131l\u0131blar v\u0259 haz\u0131rda polisin n\u0259zar\u0259tind\u0259 oldu\u011fu <a href=\"https:\/\/storage.googleapis.com\/qurium\/www.meydan.tv\/az-article-bakida-qatarlarin-ustune-sekil-ceken-ecnebi-hebs-olunub.html\">deyilir<\/a>.<\/p>\n\n\n\n<p>38 ya\u015fl\u0131 Klerk Teo H\u00fcqo s\u0259hv etdiyini v\u0259 k\u00f6m\u0259k \u00fc\u00e7\u00fcn m\u00fcraci\u0259t yazd\u0131\u011f\u0131n\u0131 bildirib:<\/p>\n\n\n\n<p>&#8220;<em>M\u0259n \u201cLucy, Taken 3, Mission impossible 4\u201d v\u0259 bu yax\u0131nlarda \u201cJohn Wick 4\u201d kimi bir \u00e7ox filml\u0259r \u00fcz\u0259rind\u0259 i\u015fl\u0259mi\u015f\u0259m. H\u0259r il Louis Vuitton, Balenciaga, Loewe v\u0259 s. markalar\u0131n modas\u0131 \u00fc\u00e7\u00fcn ssenari \u00fczr\u0259 i\u015fl\u0259yir\u0259m. Mart ay\u0131nda Bak\u0131ya s\u0259f\u0259r etm\u0259k q\u0259rar\u0131na g\u0259ldim, \u00e7\u00fcnki Az\u0259rbaycan Qafqazda olmad\u0131\u011f\u0131m sonuncu \u00f6lk\u0259 oldu\u011fundan \u00e7ox maraql\u0131 idi. \u0130ki dostumla birg\u0259 Bak\u0131ya g\u0259ldim v\u0259 bir gec\u0259 metronu r\u0259ngl\u0259m\u0259k kimi axmaq bir fikir a\u011fl\u0131m\u0131za g\u0259ldi. Bizi h\u0259bs etdil\u0259r, dostlar\u0131m\u0131 buraxd\u0131lar, amma m\u0259n m\u0259hk\u0259m\u0259ni g\u00f6zl\u0259m\u0259k \u00fc\u00e7\u00fcn t\u0259k t\u0259cridxanaya g\u00f6nd\u0259rildim&#8221;.<\/em><\/p>\n\n\n\n<p>&#8220;<em>M\u0259n bunun s\u0259hv oldu\u011funu etiraf edir\u0259m v\u0259 bunun qanunsuz oldu\u011funu art\u0131q bilir\u0259m. Lakin bu i\u015fin b\u00fct\u00fcn ham\u0131 t\u0259r\u0259fd\u0259n tan\u0131naca\u011f\u0131n\u0131 v\u0259 bu q\u0259d\u0259r ciddi q\u0259bul edil\u0259c\u0259yini he\u00e7 d\u00fc\u015f\u00fcnm\u0259mi\u015fdik. M\u0259qs\u0259dimiz he\u00e7 kimi incitm\u0259k deyildi. Biz he\u00e7 n\u0259yi m\u0259hv etm\u0259dik v\u0259 ya z\u0259d\u0259l\u0259m\u0259dik v\u0259 ert\u0259si g\u00fcn r\u0259sml\u0259r t\u0259mizl\u0259ndi. Fransada metroda qraffiti istifad\u0259\u00e7il\u0259r \u00fc\u00e7\u00fcn g\u00fcnd\u0259lik bir \u015feydir v\u0259 insanlar\u0131n \u00e7oxu buna \u0259h\u0259miyy\u0259t vermir. Bu bar\u0259d\u0259 kamera yolda\u015flar\u0131mla dan\u0131\u015fana q\u0259d\u0259r v\u0259 \u00f6lk\u0259l\u0259rimiz aras\u0131ndak\u0131 m\u0259d\u0259niyy\u0259t f\u0259rqini ba\u015fa d\u00fc\u015f\u0259n\u0259 q\u0259d\u0259r bunun m\u0259nfi t\u0259sirini d\u0259rk etm\u0259mi\u015fdim&#8221;,<\/em> &#8211; dey\u0259 r\u0259ssam \u0259lav\u0259 edib.<\/p>\n\n\n\n<p>R\u0259ssam ba\u015f ver\u0259n hadis\u0259d\u0259n utand\u0131\u011f\u0131n\u0131 v\u0259 t\u0259\u0259ss\u00fcfl\u0259ndiyini qeyd edib:<\/p>\n\n\n\n<p>&#8220;<em>M\u0259n siyasi \u015f\u0259xs deyil\u0259m, humanist v\u0259 s\u00fclhsev\u0259r insanam. M\u0259n he\u00e7 vaxt zorak\u0131l\u0131q etm\u0259mi\u015f\u0259m v\u0259 he\u00e7 kim\u0259 z\u0259r\u0259r verm\u0259mi\u015f\u0259m. M\u0259n narkotik istifad\u0259 etmir\u0259m v\u0259 alkoqol istifad\u0259\u00e7isi d\u0259 deyil\u0259m. M\u0259n cinay\u0259tkar deyil\u0259m, sad\u0259c\u0259, s\u0259n\u0259tkaram. Art\u0131q iki ayd\u0131r ki, h\u0259bsd\u0259y\u0259m, ail\u0259m bu v\u0259ziyy\u0259td\u0259n \u00e7ox \u0259ziyy\u0259t \u00e7\u0259kir v\u0259 bu da m\u0259ni m\u0259hv edir&#8221;.<\/em><\/p>\n\n\n\n<p>Klerk Teo H\u00fcqo azad edilm\u0259sini ist\u0259yib:<\/p>\n\n\n\n<p>&#8220;<em>H\u0259yat\u0131m\u0131n bu s\u0259hif\u0259sini \u00e7evirm\u0259y\u0259 ehtiyac\u0131m var. \u00d6z\u00fcm\u00fc ba\u011f\u0131\u015flatmaq \u00fc\u00e7\u00fcn t\u0259\u015fkil ed\u0259 bil\u0259c\u0259yim \u00e7oxlu b\u0259dii layih\u0259l\u0259r haqq\u0131nda fikirl\u0259rim var, lakin h\u0259bsxanada tamamil\u0259 faydas\u0131z oluram. M\u0259n istedad\u0131m\u0131 ham\u0131n\u0131n xeyrin\u0259 m\u00fcsb\u0259t v\u0259 m\u0259hsuldar \u015f\u0259kild\u0259 istifad\u0259 etm\u0259k ist\u0259yir\u0259m&#8221;.<\/em><\/p>\n","protected":false},"excerpt":{"rendered":"<p>O, metroda qraffiti \u00e7\u0259kdiyi \u00fc\u00e7\u00fcn \u0259vv\u0259lc\u0259 c\u0259rim\u0259, sonra h\u0259bs edilib &#8230; <\/p>\n<p class=\"read-more-container\"><a title=\"Bak\u0131da h\u0259bs edil\u0259n Fransa v\u0259t\u0259nda\u015f\u0131 \u0130lham \u018fliyevd\u0259n azadl\u0131\u011fa burax\u0131lmas\u0131n\u0131 ist\u0259yib\" class=\"read-more button\" href=\"https:\/\/www.meydan.tv\/az\/article\/bakida-hebs-edilen-fransa-vetendasi-ilham-eliyevden-azadliga-buraxilmasini-isteyib\/#more-307927\" aria-label=\"Read more about Bak\u0131da h\u0259bs edil\u0259n Fransa v\u0259t\u0259nda\u015f\u0131 \u0130lham \u018fliyevd\u0259n azadl\u0131\u011fa burax\u0131lmas\u0131n\u0131 ist\u0259yib\">Davam\u0131<\/a><\/p>\n","protected":false},"author":8,"featured_media":302662,"comment_status":"closed","ping_status":"closed","sticky":false,"template":"","format":"standard","meta":{"_acf_changed":false,"_sitemap_exclude":false,"_sitemap_priority":"","_sitemap_frequency":"","footnotes":""},"categories":[62,56],"tags":[],"class_list":["post-307927","post","type-post","status-publish","format-standard","has-post-thumbnail","hentry","category-sosial","category-xeberler","infinite-scroll-item","generate-columns","tablet-grid-50","mobile-grid-100","grid-parent","grid-33","no-featured-image-padding"],"acf":[],"yoast_head":"<!-- This site is optimized with the Yoast SEO plugin v27.5 - https:\/\/yoast.com\/product\/yoast-seo-wordpress\/ -->\n<title>Bak\u0131da h\u0259bs edil\u0259n Fransa v\u0259t\u0259nda\u015f\u0131 \u0130lham \u018fliyevd\u0259n azadl\u0131\u011fa burax\u0131lmas\u0131n\u0131 ist\u0259yib - MEYDAN.TV<\/title>\n<meta name=\"robots\" content=\"index, follow, max-snippet:-1, max-image-preview:large, max-video-preview:-1\" \/>\n<link rel=\"canonical\" href=\"https:\/\/www.meydan.tv\/az\/article\/bakida-hebs-edilen-fransa-vetendasi-ilham-eliyevden-azadliga-buraxilmasini-isteyib\/\" \/>\n<meta property=\"og:locale\" content=\"az_AZ\" \/>\n<meta property=\"og:type\" content=\"article\" \/>\n<meta property=\"og:title\" content=\"Bak\u0131da h\u0259bs edil\u0259n Fransa v\u0259t\u0259nda\u015f\u0131 \u0130lham \u018fliyevd\u0259n azadl\u0131\u011fa burax\u0131lmas\u0131n\u0131 ist\u0259yib - MEYDAN.TV\" \/>\n<meta property=\"og:description\" content=\"O, metroda qraffiti \u00e7\u0259kdiyi \u00fc\u00e7\u00fcn \u0259vv\u0259lc\u0259 c\u0259rim\u0259, sonra h\u0259bs edilib ... Davam\u0131\" \/>\n<meta property=\"og:url\" content=\"https:\/\/www.meydan.tv\/az\/article\/bakida-hebs-edilen-fransa-vetendasi-ilham-eliyevden-azadliga-buraxilmasini-isteyib\/\" \/>\n<meta property=\"og:site_name\" content=\"MEYDAN.TV\" \/>\n<meta property=\"article:published_time\" content=\"2024-06-11T14:27:18+00:00\" \/>\n<meta property=\"article:modified_time\" content=\"2024-06-11T14:27:21+00:00\" \/>\n<meta property=\"og:image\" content=\"https:\/\/www.meydan.tv\/wp-content\/uploads\/whatsapp-image-2024-04-02-at-20.46.24_eb4b22ab.jpg\" \/>\n\t<meta property=\"og:image:width\" content=\"1200\" \/>\n\t<meta property=\"og:image:height\" content=\"675\" \/>\n\t<meta property=\"og:image:type\" content=\"image\/jpeg\" \/>\n<meta name=\"author\" content=\"elli\" \/>\n<meta name=\"twitter:card\" content=\"summary_large_image\" \/>\n<meta name=\"twitter:creator\" content=\"@elli\" \/>\n<script type=\"application\/ld+json\" class=\"yoast-schema-graph\">{\"@context\":\"https:\\\/\\\/schema.org\",\"@graph\":[{\"@type\":\"Article\",\"@id\":\"https:\\\/\\\/www.meydan.tv\\\/az\\\/article\\\/bakida-hebs-edilen-fransa-vetendasi-ilham-eliyevden-azadliga-buraxilmasini-isteyib\\\/#article\",\"isPartOf\":{\"@id\":\"https:\\\/\\\/www.meydan.tv\\\/az\\\/article\\\/bakida-hebs-edilen-fransa-vetendasi-ilham-eliyevden-azadliga-buraxilmasini-isteyib\\\/\"},\"author\":{\"name\":\"elli\",\"@id\":\"https:\\\/\\\/www.meydan.tv\\\/az\\\/#\\\/schema\\\/person\\\/9cdbecf90d17180ce1dfbd95b08dcf47\"},\"headline\":\"Bak\u0131da h\u0259bs edil\u0259n Fransa v\u0259t\u0259nda\u015f\u0131 \u0130lham \u018fliyevd\u0259n azadl\u0131\u011fa burax\u0131lmas\u0131n\u0131 ist\u0259yib\",\"datePublished\":\"2024-06-11T14:27:18+00:00\",\"dateModified\":\"2024-06-11T14:27:21+00:00\",\"mainEntityOfPage\":{\"@id\":\"https:\\\/\\\/www.meydan.tv\\\/az\\\/article\\\/bakida-hebs-edilen-fransa-vetendasi-ilham-eliyevden-azadliga-buraxilmasini-isteyib\\\/\"},\"wordCount\":702,\"publisher\":{\"@id\":\"https:\\\/\\\/www.meydan.tv\\\/az\\\/#organization\"},\"image\":{\"@id\":\"https:\\\/\\\/www.meydan.tv\\\/az\\\/article\\\/bakida-hebs-edilen-fransa-vetendasi-ilham-eliyevden-azadliga-buraxilmasini-isteyib\\\/#primaryimage\"},\"thumbnailUrl\":\"https:\\\/\\\/www.meydan.tv\\\/wp-content\\\/uploads\\\/whatsapp-image-2024-04-02-at-20.46.24_eb4b22ab.jpg\",\"articleSection\":[\"Sosial\",\"X\u0259b\u0259rl\u0259r\"],\"inLanguage\":\"az\"},{\"@type\":\"WebPage\",\"@id\":\"https:\\\/\\\/www.meydan.tv\\\/az\\\/article\\\/bakida-hebs-edilen-fransa-vetendasi-ilham-eliyevden-azadliga-buraxilmasini-isteyib\\\/\",\"url\":\"https:\\\/\\\/www.meydan.tv\\\/az\\\/article\\\/bakida-hebs-edilen-fransa-vetendasi-ilham-eliyevden-azadliga-buraxilmasini-isteyib\\\/\",\"name\":\"Bak\u0131da h\u0259bs edil\u0259n Fransa v\u0259t\u0259nda\u015f\u0131 \u0130lham \u018fliyevd\u0259n azadl\u0131\u011fa burax\u0131lmas\u0131n\u0131 ist\u0259yib - MEYDAN.TV\",\"isPartOf\":{\"@id\":\"https:\\\/\\\/www.meydan.tv\\\/az\\\/#website\"},\"primaryImageOfPage\":{\"@id\":\"https:\\\/\\\/www.meydan.tv\\\/az\\\/article\\\/bakida-hebs-edilen-fransa-vetendasi-ilham-eliyevden-azadliga-buraxilmasini-isteyib\\\/#primaryimage\"},\"image\":{\"@id\":\"https:\\\/\\\/www.meydan.tv\\\/az\\\/article\\\/bakida-hebs-edilen-fransa-vetendasi-ilham-eliyevden-azadliga-buraxilmasini-isteyib\\\/#primaryimage\"},\"thumbnailUrl\":\"https:\\\/\\\/www.meydan.tv\\\/wp-content\\\/uploads\\\/whatsapp-image-2024-04-02-at-20.46.24_eb4b22ab.jpg\",\"datePublished\":\"2024-06-11T14:27:18+00:00\",\"dateModified\":\"2024-06-11T14:27:21+00:00\",\"breadcrumb\":{\"@id\":\"https:\\\/\\\/www.meydan.tv\\\/az\\\/article\\\/bakida-hebs-edilen-fransa-vetendasi-ilham-eliyevden-azadliga-buraxilmasini-isteyib\\\/#breadcrumb\"},\"inLanguage\":\"az\",\"potentialAction\":[{\"@type\":\"ReadAction\",\"target\":[\"https:\\\/\\\/www.meydan.tv\\\/az\\\/article\\\/bakida-hebs-edilen-fransa-vetendasi-ilham-eliyevden-azadliga-buraxilmasini-isteyib\\\/\"]}]},{\"@type\":\"ImageObject\",\"inLanguage\":\"az\",\"@id\":\"https:\\\/\\\/www.meydan.tv\\\/az\\\/article\\\/bakida-hebs-edilen-fransa-vetendasi-ilham-eliyevden-azadliga-buraxilmasini-isteyib\\\/#primaryimage\",\"url\":\"https:\\\/\\\/www.meydan.tv\\\/wp-content\\\/uploads\\\/whatsapp-image-2024-04-02-at-20.46.24_eb4b22ab.jpg\",\"contentUrl\":\"https:\\\/\\\/www.meydan.tv\\\/wp-content\\\/uploads\\\/whatsapp-image-2024-04-02-at-20.46.24_eb4b22ab.jpg\",\"width\":1200,\"height\":675,\"caption\":\"Foto: D\u0130N\"},{\"@type\":\"BreadcrumbList\",\"@id\":\"https:\\\/\\\/www.meydan.tv\\\/az\\\/article\\\/bakida-hebs-edilen-fransa-vetendasi-ilham-eliyevden-azadliga-buraxilmasini-isteyib\\\/#breadcrumb\",\"itemListElement\":[{\"@type\":\"ListItem\",\"position\":1,\"name\":\"Ana s\u0259hif\u0259\",\"item\":\"https:\\\/\\\/www.meydan.tv\\\/az\\\/\"},{\"@type\":\"ListItem\",\"position\":2,\"name\":\"Sosial\",\"item\":\"https:\\\/\\\/www.meydan.tv\\\/az\\\/section\\\/sosial\\\/\"},{\"@type\":\"ListItem\",\"position\":3,\"name\":\"Bak\u0131da h\u0259bs edil\u0259n Fransa v\u0259t\u0259nda\u015f\u0131 \u0130lham \u018fliyevd\u0259n azadl\u0131\u011fa burax\u0131lmas\u0131n\u0131 ist\u0259yib\"}]},{\"@type\":\"WebSite\",\"@id\":\"https:\\\/\\\/www.meydan.tv\\\/az\\\/#website\",\"url\":\"https:\\\/\\\/www.meydan.tv\\\/az\\\/\",\"name\":\"MEYDAN.TV\",\"description\":\"Meydan TV Az\u0259rbaycan\u0131n media m\u0259kan\u0131ndak\u0131 alternativ s\u0259sidir\",\"publisher\":{\"@id\":\"https:\\\/\\\/www.meydan.tv\\\/az\\\/#organization\"},\"potentialAction\":[{\"@type\":\"SearchAction\",\"target\":{\"@type\":\"EntryPoint\",\"urlTemplate\":\"https:\\\/\\\/www.meydan.tv\\\/az\\\/?s={search_term_string}\"},\"query-input\":{\"@type\":\"PropertyValueSpecification\",\"valueRequired\":true,\"valueName\":\"search_term_string\"}}],\"inLanguage\":\"az\"},{\"@type\":\"Organization\",\"@id\":\"https:\\\/\\\/www.meydan.tv\\\/az\\\/#organization\",\"name\":\"Meydan TV\",\"url\":\"https:\\\/\\\/www.meydan.tv\\\/az\\\/\",\"logo\":{\"@type\":\"ImageObject\",\"inLanguage\":\"az\",\"@id\":\"https:\\\/\\\/www.meydan.tv\\\/az\\\/#\\\/schema\\\/logo\\\/image\\\/\",\"url\":\"https:\\\/\\\/www.meydan.tv\\\/wp-content\\\/uploads\\\/2021\\\/07\\\/meydan-logo.svg\",\"contentUrl\":\"https:\\\/\\\/www.meydan.tv\\\/wp-content\\\/uploads\\\/2021\\\/07\\\/meydan-logo.svg\",\"width\":195,\"height\":46,\"caption\":\"Meydan TV\"},\"image\":{\"@id\":\"https:\\\/\\\/www.meydan.tv\\\/az\\\/#\\\/schema\\\/logo\\\/image\\\/\"}},{\"@type\":\"Person\",\"@id\":\"https:\\\/\\\/www.meydan.tv\\\/az\\\/#\\\/schema\\\/person\\\/9cdbecf90d17180ce1dfbd95b08dcf47\",\"name\":\"elli\",\"sameAs\":[\"https:\\\/\\\/x.com\\\/elli\"]}]}<\/script>\n<!-- \/ Yoast SEO plugin. -->","yoast_head_json":{"title":"Bak\u0131da h\u0259bs edil\u0259n Fransa v\u0259t\u0259nda\u015f\u0131 \u0130lham \u018fliyevd\u0259n azadl\u0131\u011fa burax\u0131lmas\u0131n\u0131 ist\u0259yib - MEYDAN.TV","robots":{"index":"index","follow":"follow","max-snippet":"max-snippet:-1","max-image-preview":"max-image-preview:large","max-video-preview":"max-video-preview:-1"},"canonical":"https:\/\/www.meydan.tv\/az\/article\/bakida-hebs-edilen-fransa-vetendasi-ilham-eliyevden-azadliga-buraxilmasini-isteyib\/","og_locale":"az_AZ","og_type":"article","og_title":"Bak\u0131da h\u0259bs edil\u0259n Fransa v\u0259t\u0259nda\u015f\u0131 \u0130lham \u018fliyevd\u0259n azadl\u0131\u011fa burax\u0131lmas\u0131n\u0131 ist\u0259yib - MEYDAN.TV","og_description":"O, metroda qraffiti \u00e7\u0259kdiyi \u00fc\u00e7\u00fcn \u0259vv\u0259lc\u0259 c\u0259rim\u0259, sonra h\u0259bs edilib ... Davam\u0131","og_url":"https:\/\/www.meydan.tv\/az\/article\/bakida-hebs-edilen-fransa-vetendasi-ilham-eliyevden-azadliga-buraxilmasini-isteyib\/","og_site_name":"MEYDAN.TV","article_published_time":"2024-06-11T14:27:18+00:00","article_modified_time":"2024-06-11T14:27:21+00:00","og_image":[{"width":1200,"height":675,"url":"https:\/\/www.meydan.tv\/wp-content\/uploads\/whatsapp-image-2024-04-02-at-20.46.24_eb4b22ab.jpg","type":"image\/jpeg"}],"author":"elli","twitter_card":"summary_large_image","twitter_creator":"@elli","schema":{"@context":"https:\/\/schema.org","@graph":[{"@type":"Article","@id":"https:\/\/www.meydan.tv\/az\/article\/bakida-hebs-edilen-fransa-vetendasi-ilham-eliyevden-azadliga-buraxilmasini-isteyib\/#article","isPartOf":{"@id":"https:\/\/www.meydan.tv\/az\/article\/bakida-hebs-edilen-fransa-vetendasi-ilham-eliyevden-azadliga-buraxilmasini-isteyib\/"},"author":{"name":"elli","@id":"https:\/\/www.meydan.tv\/az\/#\/schema\/person\/9cdbecf90d17180ce1dfbd95b08dcf47"},"headline":"Bak\u0131da h\u0259bs edil\u0259n Fransa v\u0259t\u0259nda\u015f\u0131 \u0130lham \u018fliyevd\u0259n azadl\u0131\u011fa burax\u0131lmas\u0131n\u0131 ist\u0259yib","datePublished":"2024-06-11T14:27:18+00:00","dateModified":"2024-06-11T14:27:21+00:00","mainEntityOfPage":{"@id":"https:\/\/www.meydan.tv\/az\/article\/bakida-hebs-edilen-fransa-vetendasi-ilham-eliyevden-azadliga-buraxilmasini-isteyib\/"},"wordCount":702,"publisher":{"@id":"https:\/\/www.meydan.tv\/az\/#organization"},"image":{"@id":"https:\/\/www.meydan.tv\/az\/article\/bakida-hebs-edilen-fransa-vetendasi-ilham-eliyevden-azadliga-buraxilmasini-isteyib\/#primaryimage"},"thumbnailUrl":"https:\/\/www.meydan.tv\/wp-content\/uploads\/whatsapp-image-2024-04-02-at-20.46.24_eb4b22ab.jpg","articleSection":["Sosial","X\u0259b\u0259rl\u0259r"],"inLanguage":"az"},{"@type":"WebPage","@id":"https:\/\/www.meydan.tv\/az\/article\/bakida-hebs-edilen-fransa-vetendasi-ilham-eliyevden-azadliga-buraxilmasini-isteyib\/","url":"https:\/\/www.meydan.tv\/az\/article\/bakida-hebs-edilen-fransa-vetendasi-ilham-eliyevden-azadliga-buraxilmasini-isteyib\/","name":"Bak\u0131da h\u0259bs edil\u0259n Fransa v\u0259t\u0259nda\u015f\u0131 \u0130lham \u018fliyevd\u0259n azadl\u0131\u011fa burax\u0131lmas\u0131n\u0131 ist\u0259yib - MEYDAN.TV","isPartOf":{"@id":"https:\/\/www.meydan.tv\/az\/#website"},"primaryImageOfPage":{"@id":"https:\/\/www.meydan.tv\/az\/article\/bakida-hebs-edilen-fransa-vetendasi-ilham-eliyevden-azadliga-buraxilmasini-isteyib\/#primaryimage"},"image":{"@id":"https:\/\/www.meydan.tv\/az\/article\/bakida-hebs-edilen-fransa-vetendasi-ilham-eliyevden-azadliga-buraxilmasini-isteyib\/#primaryimage"},"thumbnailUrl":"https:\/\/www.meydan.tv\/wp-content\/uploads\/whatsapp-image-2024-04-02-at-20.46.24_eb4b22ab.jpg","datePublished":"2024-06-11T14:27:18+00:00","dateModified":"2024-06-11T14:27:21+00:00","breadcrumb":{"@id":"https:\/\/www.meydan.tv\/az\/article\/bakida-hebs-edilen-fransa-vetendasi-ilham-eliyevden-azadliga-buraxilmasini-isteyib\/#breadcrumb"},"inLanguage":"az","potentialAction":[{"@type":"ReadAction","target":["https:\/\/www.meydan.tv\/az\/article\/bakida-hebs-edilen-fransa-vetendasi-ilham-eliyevden-azadliga-buraxilmasini-isteyib\/"]}]},{"@type":"ImageObject","inLanguage":"az","@id":"https:\/\/www.meydan.tv\/az\/article\/bakida-hebs-edilen-fransa-vetendasi-ilham-eliyevden-azadliga-buraxilmasini-isteyib\/#primaryimage","url":"https:\/\/www.meydan.tv\/wp-content\/uploads\/whatsapp-image-2024-04-02-at-20.46.24_eb4b22ab.jpg","contentUrl":"https:\/\/www.meydan.tv\/wp-content\/uploads\/whatsapp-image-2024-04-02-at-20.46.24_eb4b22ab.jpg","width":1200,"height":675,"caption":"Foto: D\u0130N"},{"@type":"BreadcrumbList","@id":"https:\/\/www.meydan.tv\/az\/article\/bakida-hebs-edilen-fransa-vetendasi-ilham-eliyevden-azadliga-buraxilmasini-isteyib\/#breadcrumb","itemListElement":[{"@type":"ListItem","position":1,"name":"Ana s\u0259hif\u0259","item":"https:\/\/www.meydan.tv\/az\/"},{"@type":"ListItem","position":2,"name":"Sosial","item":"https:\/\/www.meydan.tv\/az\/section\/sosial\/"},{"@type":"ListItem","position":3,"name":"Bak\u0131da h\u0259bs edil\u0259n Fransa v\u0259t\u0259nda\u015f\u0131 \u0130lham \u018fliyevd\u0259n azadl\u0131\u011fa burax\u0131lmas\u0131n\u0131 ist\u0259yib"}]},{"@type":"WebSite","@id":"https:\/\/www.meydan.tv\/az\/#website","url":"https:\/\/www.meydan.tv\/az\/","name":"MEYDAN.TV","description":"Meydan TV Az\u0259rbaycan\u0131n media m\u0259kan\u0131ndak\u0131 alternativ s\u0259sidir","publisher":{"@id":"https:\/\/www.meydan.tv\/az\/#organization"},"potentialAction":[{"@type":"SearchAction","target":{"@type":"EntryPoint","urlTemplate":"https:\/\/www.meydan.tv\/az\/?s={search_term_string}"},"query-input":{"@type":"PropertyValueSpecification","valueRequired":true,"valueName":"search_term_string"}}],"inLanguage":"az"},{"@type":"Organization","@id":"https:\/\/www.meydan.tv\/az\/#organization","name":"Meydan TV","url":"https:\/\/www.meydan.tv\/az\/","logo":{"@type":"ImageObject","inLanguage":"az","@id":"https:\/\/www.meydan.tv\/az\/#\/schema\/logo\/image\/","url":"https:\/\/www.meydan.tv\/wp-content\/uploads\/2021\/07\/meydan-logo.svg","contentUrl":"https:\/\/www.meydan.tv\/wp-content\/uploads\/2021\/07\/meydan-logo.svg","width":195,"height":46,"caption":"Meydan TV"},"image":{"@id":"https:\/\/www.meydan.tv\/az\/#\/schema\/logo\/image\/"}},{"@type":"Person","@id":"https:\/\/www.meydan.tv\/az\/#\/schema\/person\/9cdbecf90d17180ce1dfbd95b08dcf47","name":"elli","sameAs":["https:\/\/x.com\/elli"]}]}},"_links":{"self":[{"href":"https:\/\/www.meydan.tv\/az\/wp-json\/wp\/v2\/posts\/307927","targetHints":{"allow":["GET"]}}],"collection":[{"href":"https:\/\/www.meydan.tv\/az\/wp-json\/wp\/v2\/posts"}],"about":[{"href":"https:\/\/www.meydan.tv\/az\/wp-json\/wp\/v2\/types\/post"}],"author":[{"embeddable":true,"href":"https:\/\/www.meydan.tv\/az\/wp-json\/wp\/v2\/users\/8"}],"replies":[{"embeddable":true,"href":"https:\/\/www.meydan.tv\/az\/wp-json\/wp\/v2\/comments?post=307927"}],"version-history":[{"count":3,"href":"https:\/\/www.meydan.tv\/az\/wp-json\/wp\/v2\/posts\/307927\/revisions"}],"predecessor-version":[{"id":307930,"href":"https:\/\/www.meydan.tv\/az\/wp-json\/wp\/v2\/posts\/307927\/revisions\/307930"}],"wp:featuredmedia":[{"embeddable":true,"href":"https:\/\/www.meydan.tv\/az\/wp-json\/wp\/v2\/media\/302662"}],"wp:attachment":[{"href":"https:\/\/www.meydan.tv\/az\/wp-json\/wp\/v2\/media?parent=307927"}],"wp:term":[{"taxonomy":"category","embeddable":true,"href":"https:\/\/www.meydan.tv\/az\/wp-json\/wp\/v2\/categories?post=307927"},{"taxonomy":"post_tag","embeddable":true,"href":"https:\/\/www.meydan.tv\/az\/wp-json\/wp\/v2\/tags?post=307927"}],"curies":[{"name":"wp","href":"https:\/\/api.w.org\/{rel}","templated":true}]}}