{"id":307903,"date":"2024-06-11T16:28:30","date_gmt":"2024-06-11T12:28:30","guid":{"rendered":"https:\/\/www.meydan.tv\/?p=307903"},"modified":"2024-06-11T16:28:32","modified_gmt":"2024-06-11T12:28:32","slug":"global-witness-teskilati-muxtar-babayeve-qarsi-resmi-sikayete-baslayib","status":"publish","type":"post","link":"https:\/\/www.meydan.tv\/az\/article\/global-witness-teskilati-muxtar-babayeve-qarsi-resmi-sikayete-baslayib\/","title":{"rendered":"&#8220;Global Witness&#8221; t\u0259\u015fkilat\u0131 Muxtar Babayev\u0259 qar\u015f\u0131 r\u0259smi \u015fikay\u0259t\u0259 ba\u015flay\u0131b"},"content":{"rendered":"\n<p><\/p>\n\n\n\n<p><strong><em>Qubad \u0130bado\u011flunun ail\u0259si Bonn \u0130qlim konfrans\u0131nda BMT-y\u0259 \u00e7a\u011f\u0131r\u0131\u015f edib<\/em><\/strong><\/p>\n\n\n\n<p>Az\u0259rbaycanl\u0131 siyasi m\u0259hbus Qubad \u0130bado\u011flunun ail\u0259si Bonn \u0130qlim D\u0259yi\u015fikliyi konfrans\u0131nda BMT-ni h\u0259r\u0259k\u0259t\u0259 ke\u00e7m\u0259y\u0259 v\u0259 dan\u0131\u015f\u0131qlar\u0131 yekunla\u015fd\u0131rma\u011fa \u00e7a\u011f\u0131r\u0131b.<\/p>\n\n\n\n<p>Akademikin Bonnda t\u0259svir olunan \u015f\u0259kill\u0259ri v\u0259 BMT-y\u0259 m\u00fcraci\u0259t Qubad \u0130bado\u011flunun azadl\u0131\u011fa burax\u0131lmas\u0131 \u00fc\u00e7\u00fcn COP29-a t\u0259zyiql\u0259ri art\u0131r\u0131b.<\/p>\n\n\n\n<p>\u0130yunun 10-da Bonn \u015f\u0259h\u0259rind\u0259 ke\u00e7iril\u0259n beyn\u0259lxalq iqlim dan\u0131\u015f\u0131qlar\u0131 zaman\u0131 kampaniya\u00e7\u0131lar diqq\u0259ti COP29-a ev sahibliyi ed\u0259n Az\u0259rbaycanda ba\u015f ver\u0259n insan h\u00fcquqlar\u0131na, Qubad \u0130bado\u011fluna t\u0259zyiql\u0259r\u0259 v\u0259 \u018fliyev hakimiyy\u0259tinin t\u0259nqid\u00e7il\u0259rin\u0259 qar\u015f\u0131 qeyri-insani r\u0259ftara y\u00f6n\u0259ldibl\u0259r.<\/p>\n\n\n\n<p>London \u0130qtisadiyyat M\u0259kt\u0259binin ba\u015f elmi i\u015f\u00e7isi olan doktor \u0130bado\u011flu \u00f6t\u0259n ilin yay\u0131nda Az\u0259rbaycanda olark\u0259n polis t\u0259r\u0259find\u0259n zorak\u0131l\u0131qlara m\u0259ruz qal\u0131b v\u0259 saxta ittihamlarla h\u0259bs edilib.<\/p>\n\n\n\n<p>O, h\u0259l\u0259 d\u0259 Bak\u0131da ev dustaql\u0131\u011f\u0131nda saxlan\u0131l\u0131r.<\/p>\n\n\n\n<p>\u0130bado\u011flunun Bonn konfrans\u0131nda i\u015ftirak ed\u0259n q\u0131z\u0131 Jal\u0259 Bayramova deyib ki, atas\u0131n\u0131n v\u0259 bir \u00e7ox dig\u0259r siyasi m\u0259hbuslar\u0131n \u018fliyev rejimi t\u0259r\u0259find\u0259n h\u0259bsd\u0259 saxlan\u0131ld\u0131\u011f\u0131 d\u00f6vrd\u0259 Az\u0259rbaycan\u0131n Bonn dan\u0131\u015f\u0131qlar\u0131nda iqlim liderl\u0259ri kimi t\u0259rifl\u0259ndiyini g\u00f6rm\u0259k iyr\u0259ncdir.<\/p>\n\n\n\n<p>&#8220;<em>Atam \u00f6z f\u0259aliyy\u0259tind\u0259 neft v\u0259 qaz g\u0259lirl\u0259ri, bu s\u0259nayenin \u0259traf m\u00fchit\u0259 t\u0259sirl\u0259ri v\u0259 korrupsiya il\u0259 ba\u011fl\u0131 ara\u015fd\u0131rmalar\u0131na g\u00f6r\u0259 c\u0259zaland\u0131r\u0131l\u0131r. Onun \u00fcr\u0259yi t\u0259cili \u0259m\u0259liyyat olunmal\u0131d\u0131r v\u0259 h\u0259tta ev dustaql\u0131\u011f\u0131nda da tam olaraq tibbi yard\u0131mdan m\u0259hrumdur. BMT atam\u0131n azad edilm\u0259si v\u0259 beyn\u0259lxalq iqlim prosesinin legitimliyinin qorunmas\u0131 \u00fc\u00e7\u00fcn Az\u0259rbaycan rejimin\u0259 t\u0259zyiq g\u00f6st\u0259rm\u0259li v\u0259 h\u0259r\u0259k\u0259t\u0259 ke\u00e7m\u0259lidir\u201d.<\/em><\/p>\n\n\n\n<p>Dan\u0131\u015f\u0131qlar zaman\u0131 &#8220;Global Witness&#8221; t\u0259\u015fkilat\u0131 doktor \u0130bado\u011flunun \u015f\u0259klini n\u00fcmay\u0259nd\u0259l\u0259r qar\u015f\u0131s\u0131nda v\u0259 Bonn konfrans\u0131nda g\u00f6rk\u0259mli binalar\u0131n \u00fcz\u0259rin\u0259 proyeksiya ed\u0259r\u0259k Az\u0259rbaycan hakimiyy\u0259tini onu azad etm\u0259y\u0259 <a href=\"https:\/\/www.globalwitness.org\/en\/press-releases\/family-azerbaijani-political-prisoner-dr-gubad-ibadoghlu-call-un-act-bonn-climate-meetings\/?utm_source=hootsuite&amp;utm_medium=twitter_&amp;utm_source=hootsuite&amp;utm_medium=twitter_\">\u00e7a\u011f\u0131r\u0131b.<\/a><\/p>\n\n\n\n<p>&#8220;Global Witness&#8221; t\u0259\u015fkilat\u0131 h\u0259m\u00e7inin Az\u0259rbaycan\u0131n ekologiya v\u0259 t\u0259bii s\u0259rv\u0259tl\u0259r naziri, COP29-un prezidenti Muxtar Babayev\u0259 qar\u015f\u0131 r\u0259smi \u015fikay\u0259t\u0259 ba\u015flay\u0131b.<\/p>\n\n\n\n<p>\u015eikay\u0259td\u0259 bildirilir ki, c\u0259nab Babayev \u0130bado\u011flunu h\u0259bsd\u0259 saxlamaqda davam ed\u0259n rejimin r\u0259smisi kimi BMT-nin iqlim sazi\u015fini pozur.<\/p>\n\n\n\n<p>Doktor \u0130bado\u011flunun h\u0259bsi \u00f6lk\u0259nin neft v\u0259 qaz siyas\u0259tini t\u0259nqid ed\u0259n m\u0259qal\u0259l\u0259r d\u0259rc etm\u0259sind\u0259n v\u0259 az\u0259rbaycanl\u0131 oliqarxlar t\u0259r\u0259find\u0259n o\u011furlanm\u0131\u015f d\u00f6vl\u0259t s\u0259rv\u0259tl\u0259rini Az\u0259rbaycan xalq\u0131na qaytarmaq \u00fc\u00e7\u00fcn xeyriyy\u0259 fondu yaratmas\u0131ndan sonra ba\u015f verib.<\/p>\n\n\n\n<p>Bildirilir ki, haz\u0131rda ev dustaql\u0131\u011f\u0131nda saxlan\u0131lan alimin ittiham olundu\u011fu madd\u0259l\u0259r onun 17 il\u0259 q\u0259d\u0259r azadl\u0131qdan m\u0259hrum edilm\u0259sini n\u0259z\u0259rd\u0259 tutur.<\/p>\n\n\n\n<p>H\u0259m\u00e7inin qeyd olunur ki, onun s\u0259hh\u0259tind\u0259 probleml\u0259r var v\u0259 h\u0259bsd\u0259 oldu\u011fu m\u00fcdd\u0259td\u0259 h\u0259kiml\u0259r t\u0259r\u0259find\u0259n \u0130bado\u011fluna h\u0259yati \u0259h\u0259miyy\u0259tli tibbi yard\u0131m g\u00f6st\u0259rilm\u0259yib.<\/p>\n\n\n\n<p>Onun \u015f\u0259k\u0259rli diabet, y\u00fcks\u0259k qan t\u0259zyiqi s\u0259b\u0259bind\u0259n onsuz da k\u00f6vr\u0259k olan s\u0259hh\u0259tinin pisl\u0259\u015fdiyi bildirilir.<\/p>\n\n\n\n<p>Ail\u0259 \u00fczvl\u0259rinin dediyin\u0259 g\u00f6r\u0259, o, aprel ay\u0131nda ev dustaql\u0131\u011f\u0131na burax\u0131l\u0131b v\u0259 burada Az\u0259rbaycan hakimiyy\u0259ti onun tibbi xidm\u0259t\u0259 \u00e7\u0131x\u0131\u015f\u0131n\u0131 m\u0259hdudla\u015fd\u0131rma\u011fa davam edib.<\/p>\n\n\n\n<p>Doktor \u0130bado\u011flunun ail\u0259si geni\u015f v\u0259t\u0259nda\u015f c\u0259miyy\u0259ti qruplar\u0131 koalisiyas\u0131 il\u0259 birlikd\u0259 onun d\u0259rhal v\u0259 qeyd-\u015f\u0259rtsiz azad edilm\u0259sin\u0259, el\u0259c\u0259 d\u0259 Az\u0259rbaycanda dig\u0259r siyasi m\u0259hbuslar\u0131n azad edilm\u0259sin\u0259 \u00e7a\u011f\u0131r\u0131r.<\/p>\n\n\n\n<p>J.Bayramova qeyd edib ki, qarda\u015f\u0131 \u0130bad Bayramov Az\u0259rbaycan\u0131n yanacaq s\u0259nayesinin \u0259sas oyun\u00e7ular\u0131ndan olan, \u00f6lk\u0259nin \u0259n b\u00f6y\u00fck xarici investoru BP v\u0259 &#8220;TotalEnergies&#8221;\u0259 m\u0259ktub \u00fcnvanlay\u0131b.<\/p>\n\n\n\n<p>O, h\u0259r iki \u015firk\u0259td\u0259n atas\u0131n\u0131n azad edilm\u0259si \u00fc\u00e7\u00fcn \u00e7a\u011f\u0131r\u0131\u015f etm\u0259l\u0259rini xahi\u015f edib. Lakin \u015firk\u0259tl\u0259rin he\u00e7 biri h\u0259l\u0259 d\u0259 onlara \u00fcnvanlana&nbsp; m\u0259ktublara&nbsp; cavab verm\u0259yib.<\/p>\n","protected":false},"excerpt":{"rendered":"<p>Qubad \u0130bado\u011flunun ail\u0259si Bonn \u0130qlim konfrans\u0131nda BMT-y\u0259 \u00e7a\u011f\u0131r\u0131\u015f edib Az\u0259rbaycanl\u0131 &#8230; <\/p>\n<p class=\"read-more-container\"><a title=\"&#8220;Global Witness&#8221; t\u0259\u015fkilat\u0131 Muxtar Babayev\u0259 qar\u015f\u0131 r\u0259smi \u015fikay\u0259t\u0259 ba\u015flay\u0131b\" class=\"read-more button\" href=\"https:\/\/www.meydan.tv\/az\/article\/global-witness-teskilati-muxtar-babayeve-qarsi-resmi-sikayete-baslayib\/#more-307903\" aria-label=\"Read more about &#8220;Global Witness&#8221; t\u0259\u015fkilat\u0131 Muxtar Babayev\u0259 qar\u015f\u0131 r\u0259smi \u015fikay\u0259t\u0259 ba\u015flay\u0131b\">Davam\u0131<\/a><\/p>\n","protected":false},"author":8,"featured_media":307619,"comment_status":"closed","ping_status":"closed","sticky":false,"template":"","format":"standard","meta":{"_acf_changed":false,"_sitemap_exclude":false,"_sitemap_priority":"","_sitemap_frequency":"","footnotes":""},"categories":[59,56],"tags":[],"class_list":["post-307903","post","type-post","status-publish","format-standard","has-post-thumbnail","hentry","category-siyaset","category-xeberler","infinite-scroll-item","generate-columns","tablet-grid-50","mobile-grid-100","grid-parent","grid-33","no-featured-image-padding"],"acf":[],"yoast_head":"<!-- This site is optimized with the Yoast SEO plugin v27.4 - https:\/\/yoast.com\/product\/yoast-seo-wordpress\/ -->\n<title>&quot;Global Witness&quot; t\u0259\u015fkilat\u0131 Muxtar Babayev\u0259 qar\u015f\u0131 r\u0259smi \u015fikay\u0259t\u0259 ba\u015flay\u0131b - MEYDAN.TV<\/title>\n<meta name=\"robots\" content=\"index, follow, max-snippet:-1, max-image-preview:large, max-video-preview:-1\" \/>\n<link rel=\"canonical\" href=\"https:\/\/www.meydan.tv\/az\/article\/global-witness-teskilati-muxtar-babayeve-qarsi-resmi-sikayete-baslayib\/\" \/>\n<meta property=\"og:locale\" content=\"az_AZ\" \/>\n<meta property=\"og:type\" content=\"article\" \/>\n<meta property=\"og:title\" content=\"&quot;Global Witness&quot; t\u0259\u015fkilat\u0131 Muxtar Babayev\u0259 qar\u015f\u0131 r\u0259smi \u015fikay\u0259t\u0259 ba\u015flay\u0131b - MEYDAN.TV\" \/>\n<meta property=\"og:description\" content=\"Qubad \u0130bado\u011flunun ail\u0259si Bonn \u0130qlim konfrans\u0131nda BMT-y\u0259 \u00e7a\u011f\u0131r\u0131\u015f edib Az\u0259rbaycanl\u0131 ... Davam\u0131\" \/>\n<meta property=\"og:url\" content=\"https:\/\/www.meydan.tv\/az\/article\/global-witness-teskilati-muxtar-babayeve-qarsi-resmi-sikayete-baslayib\/\" \/>\n<meta property=\"og:site_name\" content=\"MEYDAN.TV\" \/>\n<meta property=\"article:published_time\" content=\"2024-06-11T12:28:30+00:00\" \/>\n<meta property=\"article:modified_time\" content=\"2024-06-11T12:28:32+00:00\" \/>\n<meta property=\"og:image\" content=\"https:\/\/www.meydan.tv\/wp-content\/uploads\/yeni.03_45_48_10.still065.jpg\" \/>\n\t<meta property=\"og:image:width\" content=\"1200\" \/>\n\t<meta property=\"og:image:height\" content=\"675\" \/>\n\t<meta property=\"og:image:type\" content=\"image\/jpeg\" \/>\n<meta name=\"author\" content=\"elli\" \/>\n<meta name=\"twitter:card\" content=\"summary_large_image\" \/>\n<meta name=\"twitter:creator\" content=\"@elli\" \/>\n<script type=\"application\/ld+json\" class=\"yoast-schema-graph\">{\"@context\":\"https:\\\/\\\/schema.org\",\"@graph\":[{\"@type\":\"Article\",\"@id\":\"https:\\\/\\\/www.meydan.tv\\\/az\\\/article\\\/global-witness-teskilati-muxtar-babayeve-qarsi-resmi-sikayete-baslayib\\\/#article\",\"isPartOf\":{\"@id\":\"https:\\\/\\\/www.meydan.tv\\\/az\\\/article\\\/global-witness-teskilati-muxtar-babayeve-qarsi-resmi-sikayete-baslayib\\\/\"},\"author\":{\"name\":\"elli\",\"@id\":\"https:\\\/\\\/www.meydan.tv\\\/az\\\/#\\\/schema\\\/person\\\/9cdbecf90d17180ce1dfbd95b08dcf47\"},\"headline\":\"&#8220;Global Witness&#8221; t\u0259\u015fkilat\u0131 Muxtar Babayev\u0259 qar\u015f\u0131 r\u0259smi \u015fikay\u0259t\u0259 ba\u015flay\u0131b\",\"datePublished\":\"2024-06-11T12:28:30+00:00\",\"dateModified\":\"2024-06-11T12:28:32+00:00\",\"mainEntityOfPage\":{\"@id\":\"https:\\\/\\\/www.meydan.tv\\\/az\\\/article\\\/global-witness-teskilati-muxtar-babayeve-qarsi-resmi-sikayete-baslayib\\\/\"},\"wordCount\":751,\"publisher\":{\"@id\":\"https:\\\/\\\/www.meydan.tv\\\/az\\\/#organization\"},\"image\":{\"@id\":\"https:\\\/\\\/www.meydan.tv\\\/az\\\/article\\\/global-witness-teskilati-muxtar-babayeve-qarsi-resmi-sikayete-baslayib\\\/#primaryimage\"},\"thumbnailUrl\":\"https:\\\/\\\/www.meydan.tv\\\/wp-content\\\/uploads\\\/yeni.03_45_48_10.still065.jpg\",\"articleSection\":[\"Siyas\u0259t\",\"X\u0259b\u0259rl\u0259r\"],\"inLanguage\":\"az\"},{\"@type\":\"WebPage\",\"@id\":\"https:\\\/\\\/www.meydan.tv\\\/az\\\/article\\\/global-witness-teskilati-muxtar-babayeve-qarsi-resmi-sikayete-baslayib\\\/\",\"url\":\"https:\\\/\\\/www.meydan.tv\\\/az\\\/article\\\/global-witness-teskilati-muxtar-babayeve-qarsi-resmi-sikayete-baslayib\\\/\",\"name\":\"\\\"Global Witness\\\" t\u0259\u015fkilat\u0131 Muxtar Babayev\u0259 qar\u015f\u0131 r\u0259smi \u015fikay\u0259t\u0259 ba\u015flay\u0131b - MEYDAN.TV\",\"isPartOf\":{\"@id\":\"https:\\\/\\\/www.meydan.tv\\\/az\\\/#website\"},\"primaryImageOfPage\":{\"@id\":\"https:\\\/\\\/www.meydan.tv\\\/az\\\/article\\\/global-witness-teskilati-muxtar-babayeve-qarsi-resmi-sikayete-baslayib\\\/#primaryimage\"},\"image\":{\"@id\":\"https:\\\/\\\/www.meydan.tv\\\/az\\\/article\\\/global-witness-teskilati-muxtar-babayeve-qarsi-resmi-sikayete-baslayib\\\/#primaryimage\"},\"thumbnailUrl\":\"https:\\\/\\\/www.meydan.tv\\\/wp-content\\\/uploads\\\/yeni.03_45_48_10.still065.jpg\",\"datePublished\":\"2024-06-11T12:28:30+00:00\",\"dateModified\":\"2024-06-11T12:28:32+00:00\",\"breadcrumb\":{\"@id\":\"https:\\\/\\\/www.meydan.tv\\\/az\\\/article\\\/global-witness-teskilati-muxtar-babayeve-qarsi-resmi-sikayete-baslayib\\\/#breadcrumb\"},\"inLanguage\":\"az\",\"potentialAction\":[{\"@type\":\"ReadAction\",\"target\":[\"https:\\\/\\\/www.meydan.tv\\\/az\\\/article\\\/global-witness-teskilati-muxtar-babayeve-qarsi-resmi-sikayete-baslayib\\\/\"]}]},{\"@type\":\"ImageObject\",\"inLanguage\":\"az\",\"@id\":\"https:\\\/\\\/www.meydan.tv\\\/az\\\/article\\\/global-witness-teskilati-muxtar-babayeve-qarsi-resmi-sikayete-baslayib\\\/#primaryimage\",\"url\":\"https:\\\/\\\/www.meydan.tv\\\/wp-content\\\/uploads\\\/yeni.03_45_48_10.still065.jpg\",\"contentUrl\":\"https:\\\/\\\/www.meydan.tv\\\/wp-content\\\/uploads\\\/yeni.03_45_48_10.still065.jpg\",\"width\":1200,\"height\":675,\"caption\":\"Foto: Jal\u0259 Bayramovan\u0131n arxivind\u0259n\"},{\"@type\":\"BreadcrumbList\",\"@id\":\"https:\\\/\\\/www.meydan.tv\\\/az\\\/article\\\/global-witness-teskilati-muxtar-babayeve-qarsi-resmi-sikayete-baslayib\\\/#breadcrumb\",\"itemListElement\":[{\"@type\":\"ListItem\",\"position\":1,\"name\":\"Ana s\u0259hif\u0259\",\"item\":\"https:\\\/\\\/www.meydan.tv\\\/az\\\/\"},{\"@type\":\"ListItem\",\"position\":2,\"name\":\"Siyas\u0259t\",\"item\":\"https:\\\/\\\/www.meydan.tv\\\/az\\\/section\\\/siyaset\\\/\"},{\"@type\":\"ListItem\",\"position\":3,\"name\":\"&#8220;Global Witness&#8221; t\u0259\u015fkilat\u0131 Muxtar Babayev\u0259 qar\u015f\u0131 r\u0259smi \u015fikay\u0259t\u0259 ba\u015flay\u0131b\"}]},{\"@type\":\"WebSite\",\"@id\":\"https:\\\/\\\/www.meydan.tv\\\/az\\\/#website\",\"url\":\"https:\\\/\\\/www.meydan.tv\\\/az\\\/\",\"name\":\"MEYDAN.TV\",\"description\":\"Meydan TV Az\u0259rbaycan\u0131n media m\u0259kan\u0131ndak\u0131 alternativ s\u0259sidir\",\"publisher\":{\"@id\":\"https:\\\/\\\/www.meydan.tv\\\/az\\\/#organization\"},\"potentialAction\":[{\"@type\":\"SearchAction\",\"target\":{\"@type\":\"EntryPoint\",\"urlTemplate\":\"https:\\\/\\\/www.meydan.tv\\\/az\\\/?s={search_term_string}\"},\"query-input\":{\"@type\":\"PropertyValueSpecification\",\"valueRequired\":true,\"valueName\":\"search_term_string\"}}],\"inLanguage\":\"az\"},{\"@type\":\"Organization\",\"@id\":\"https:\\\/\\\/www.meydan.tv\\\/az\\\/#organization\",\"name\":\"Meydan TV\",\"url\":\"https:\\\/\\\/www.meydan.tv\\\/az\\\/\",\"logo\":{\"@type\":\"ImageObject\",\"inLanguage\":\"az\",\"@id\":\"https:\\\/\\\/www.meydan.tv\\\/az\\\/#\\\/schema\\\/logo\\\/image\\\/\",\"url\":\"https:\\\/\\\/www.meydan.tv\\\/wp-content\\\/uploads\\\/2021\\\/07\\\/meydan-logo.svg\",\"contentUrl\":\"https:\\\/\\\/www.meydan.tv\\\/wp-content\\\/uploads\\\/2021\\\/07\\\/meydan-logo.svg\",\"width\":195,\"height\":46,\"caption\":\"Meydan TV\"},\"image\":{\"@id\":\"https:\\\/\\\/www.meydan.tv\\\/az\\\/#\\\/schema\\\/logo\\\/image\\\/\"}},{\"@type\":\"Person\",\"@id\":\"https:\\\/\\\/www.meydan.tv\\\/az\\\/#\\\/schema\\\/person\\\/9cdbecf90d17180ce1dfbd95b08dcf47\",\"name\":\"elli\",\"sameAs\":[\"https:\\\/\\\/x.com\\\/elli\"]}]}<\/script>\n<!-- \/ Yoast SEO plugin. -->","yoast_head_json":{"title":"\"Global Witness\" t\u0259\u015fkilat\u0131 Muxtar Babayev\u0259 qar\u015f\u0131 r\u0259smi \u015fikay\u0259t\u0259 ba\u015flay\u0131b - MEYDAN.TV","robots":{"index":"index","follow":"follow","max-snippet":"max-snippet:-1","max-image-preview":"max-image-preview:large","max-video-preview":"max-video-preview:-1"},"canonical":"https:\/\/www.meydan.tv\/az\/article\/global-witness-teskilati-muxtar-babayeve-qarsi-resmi-sikayete-baslayib\/","og_locale":"az_AZ","og_type":"article","og_title":"\"Global Witness\" t\u0259\u015fkilat\u0131 Muxtar Babayev\u0259 qar\u015f\u0131 r\u0259smi \u015fikay\u0259t\u0259 ba\u015flay\u0131b - MEYDAN.TV","og_description":"Qubad \u0130bado\u011flunun ail\u0259si Bonn \u0130qlim konfrans\u0131nda BMT-y\u0259 \u00e7a\u011f\u0131r\u0131\u015f edib Az\u0259rbaycanl\u0131 ... Davam\u0131","og_url":"https:\/\/www.meydan.tv\/az\/article\/global-witness-teskilati-muxtar-babayeve-qarsi-resmi-sikayete-baslayib\/","og_site_name":"MEYDAN.TV","article_published_time":"2024-06-11T12:28:30+00:00","article_modified_time":"2024-06-11T12:28:32+00:00","og_image":[{"width":1200,"height":675,"url":"https:\/\/www.meydan.tv\/wp-content\/uploads\/yeni.03_45_48_10.still065.jpg","type":"image\/jpeg"}],"author":"elli","twitter_card":"summary_large_image","twitter_creator":"@elli","schema":{"@context":"https:\/\/schema.org","@graph":[{"@type":"Article","@id":"https:\/\/www.meydan.tv\/az\/article\/global-witness-teskilati-muxtar-babayeve-qarsi-resmi-sikayete-baslayib\/#article","isPartOf":{"@id":"https:\/\/www.meydan.tv\/az\/article\/global-witness-teskilati-muxtar-babayeve-qarsi-resmi-sikayete-baslayib\/"},"author":{"name":"elli","@id":"https:\/\/www.meydan.tv\/az\/#\/schema\/person\/9cdbecf90d17180ce1dfbd95b08dcf47"},"headline":"&#8220;Global Witness&#8221; t\u0259\u015fkilat\u0131 Muxtar Babayev\u0259 qar\u015f\u0131 r\u0259smi \u015fikay\u0259t\u0259 ba\u015flay\u0131b","datePublished":"2024-06-11T12:28:30+00:00","dateModified":"2024-06-11T12:28:32+00:00","mainEntityOfPage":{"@id":"https:\/\/www.meydan.tv\/az\/article\/global-witness-teskilati-muxtar-babayeve-qarsi-resmi-sikayete-baslayib\/"},"wordCount":751,"publisher":{"@id":"https:\/\/www.meydan.tv\/az\/#organization"},"image":{"@id":"https:\/\/www.meydan.tv\/az\/article\/global-witness-teskilati-muxtar-babayeve-qarsi-resmi-sikayete-baslayib\/#primaryimage"},"thumbnailUrl":"https:\/\/www.meydan.tv\/wp-content\/uploads\/yeni.03_45_48_10.still065.jpg","articleSection":["Siyas\u0259t","X\u0259b\u0259rl\u0259r"],"inLanguage":"az"},{"@type":"WebPage","@id":"https:\/\/www.meydan.tv\/az\/article\/global-witness-teskilati-muxtar-babayeve-qarsi-resmi-sikayete-baslayib\/","url":"https:\/\/www.meydan.tv\/az\/article\/global-witness-teskilati-muxtar-babayeve-qarsi-resmi-sikayete-baslayib\/","name":"\"Global Witness\" t\u0259\u015fkilat\u0131 Muxtar Babayev\u0259 qar\u015f\u0131 r\u0259smi \u015fikay\u0259t\u0259 ba\u015flay\u0131b - MEYDAN.TV","isPartOf":{"@id":"https:\/\/www.meydan.tv\/az\/#website"},"primaryImageOfPage":{"@id":"https:\/\/www.meydan.tv\/az\/article\/global-witness-teskilati-muxtar-babayeve-qarsi-resmi-sikayete-baslayib\/#primaryimage"},"image":{"@id":"https:\/\/www.meydan.tv\/az\/article\/global-witness-teskilati-muxtar-babayeve-qarsi-resmi-sikayete-baslayib\/#primaryimage"},"thumbnailUrl":"https:\/\/www.meydan.tv\/wp-content\/uploads\/yeni.03_45_48_10.still065.jpg","datePublished":"2024-06-11T12:28:30+00:00","dateModified":"2024-06-11T12:28:32+00:00","breadcrumb":{"@id":"https:\/\/www.meydan.tv\/az\/article\/global-witness-teskilati-muxtar-babayeve-qarsi-resmi-sikayete-baslayib\/#breadcrumb"},"inLanguage":"az","potentialAction":[{"@type":"ReadAction","target":["https:\/\/www.meydan.tv\/az\/article\/global-witness-teskilati-muxtar-babayeve-qarsi-resmi-sikayete-baslayib\/"]}]},{"@type":"ImageObject","inLanguage":"az","@id":"https:\/\/www.meydan.tv\/az\/article\/global-witness-teskilati-muxtar-babayeve-qarsi-resmi-sikayete-baslayib\/#primaryimage","url":"https:\/\/www.meydan.tv\/wp-content\/uploads\/yeni.03_45_48_10.still065.jpg","contentUrl":"https:\/\/www.meydan.tv\/wp-content\/uploads\/yeni.03_45_48_10.still065.jpg","width":1200,"height":675,"caption":"Foto: Jal\u0259 Bayramovan\u0131n arxivind\u0259n"},{"@type":"BreadcrumbList","@id":"https:\/\/www.meydan.tv\/az\/article\/global-witness-teskilati-muxtar-babayeve-qarsi-resmi-sikayete-baslayib\/#breadcrumb","itemListElement":[{"@type":"ListItem","position":1,"name":"Ana s\u0259hif\u0259","item":"https:\/\/www.meydan.tv\/az\/"},{"@type":"ListItem","position":2,"name":"Siyas\u0259t","item":"https:\/\/www.meydan.tv\/az\/section\/siyaset\/"},{"@type":"ListItem","position":3,"name":"&#8220;Global Witness&#8221; t\u0259\u015fkilat\u0131 Muxtar Babayev\u0259 qar\u015f\u0131 r\u0259smi \u015fikay\u0259t\u0259 ba\u015flay\u0131b"}]},{"@type":"WebSite","@id":"https:\/\/www.meydan.tv\/az\/#website","url":"https:\/\/www.meydan.tv\/az\/","name":"MEYDAN.TV","description":"Meydan TV Az\u0259rbaycan\u0131n media m\u0259kan\u0131ndak\u0131 alternativ s\u0259sidir","publisher":{"@id":"https:\/\/www.meydan.tv\/az\/#organization"},"potentialAction":[{"@type":"SearchAction","target":{"@type":"EntryPoint","urlTemplate":"https:\/\/www.meydan.tv\/az\/?s={search_term_string}"},"query-input":{"@type":"PropertyValueSpecification","valueRequired":true,"valueName":"search_term_string"}}],"inLanguage":"az"},{"@type":"Organization","@id":"https:\/\/www.meydan.tv\/az\/#organization","name":"Meydan TV","url":"https:\/\/www.meydan.tv\/az\/","logo":{"@type":"ImageObject","inLanguage":"az","@id":"https:\/\/www.meydan.tv\/az\/#\/schema\/logo\/image\/","url":"https:\/\/www.meydan.tv\/wp-content\/uploads\/2021\/07\/meydan-logo.svg","contentUrl":"https:\/\/www.meydan.tv\/wp-content\/uploads\/2021\/07\/meydan-logo.svg","width":195,"height":46,"caption":"Meydan TV"},"image":{"@id":"https:\/\/www.meydan.tv\/az\/#\/schema\/logo\/image\/"}},{"@type":"Person","@id":"https:\/\/www.meydan.tv\/az\/#\/schema\/person\/9cdbecf90d17180ce1dfbd95b08dcf47","name":"elli","sameAs":["https:\/\/x.com\/elli"]}]}},"_links":{"self":[{"href":"https:\/\/www.meydan.tv\/az\/wp-json\/wp\/v2\/posts\/307903","targetHints":{"allow":["GET"]}}],"collection":[{"href":"https:\/\/www.meydan.tv\/az\/wp-json\/wp\/v2\/posts"}],"about":[{"href":"https:\/\/www.meydan.tv\/az\/wp-json\/wp\/v2\/types\/post"}],"author":[{"embeddable":true,"href":"https:\/\/www.meydan.tv\/az\/wp-json\/wp\/v2\/users\/8"}],"replies":[{"embeddable":true,"href":"https:\/\/www.meydan.tv\/az\/wp-json\/wp\/v2\/comments?post=307903"}],"version-history":[{"count":3,"href":"https:\/\/www.meydan.tv\/az\/wp-json\/wp\/v2\/posts\/307903\/revisions"}],"predecessor-version":[{"id":307917,"href":"https:\/\/www.meydan.tv\/az\/wp-json\/wp\/v2\/posts\/307903\/revisions\/307917"}],"wp:featuredmedia":[{"embeddable":true,"href":"https:\/\/www.meydan.tv\/az\/wp-json\/wp\/v2\/media\/307619"}],"wp:attachment":[{"href":"https:\/\/www.meydan.tv\/az\/wp-json\/wp\/v2\/media?parent=307903"}],"wp:term":[{"taxonomy":"category","embeddable":true,"href":"https:\/\/www.meydan.tv\/az\/wp-json\/wp\/v2\/categories?post=307903"},{"taxonomy":"post_tag","embeddable":true,"href":"https:\/\/www.meydan.tv\/az\/wp-json\/wp\/v2\/tags?post=307903"}],"curies":[{"name":"wp","href":"https:\/\/api.w.org\/{rel}","templated":true}]}}