{"id":307890,"date":"2024-06-11T14:26:11","date_gmt":"2024-06-11T10:26:11","guid":{"rendered":"https:\/\/www.meydan.tv\/?p=307890"},"modified":"2024-06-11T14:26:14","modified_gmt":"2024-06-11T10:26:14","slug":"obrayn-yerevanda-ermenistan-sulh-ucun-real-imkanlarin-yarandigini-deyir","status":"publish","type":"post","link":"https:\/\/www.meydan.tv\/az\/article\/obrayn-yerevanda-ermenistan-sulh-ucun-real-imkanlarin-yarandigini-deyir\/","title":{"rendered":"O\u2019Brayn Yerevanda: Erm\u0259nistan s\u00fclh \u00fc\u00e7\u00fcn real imkanlar\u0131n yarand\u0131\u011f\u0131n\u0131 deyir"},"content":{"rendered":"\n<p><\/p>\n\n\n\n<p><strong><em>AB\u015e Erm\u0259nistana yard\u0131m etm\u0259kd\u0259 maraql\u0131 oldu\u011funu ifad\u0259 edib<\/em><\/strong><\/p>\n\n\n\n<p>Erm\u0259nistan\u0131n xarici i\u015fl\u0259r naziri Ararat Mirzoyan regionda uzunm\u00fcdd\u0259tli s\u00fclh\u00fcn b\u0259rq\u0259rar olmas\u0131 \u00fc\u00e7\u00fcn real imkan\u0131n oldu\u011funu <a href=\"https:\/\/news.am\/rus\/news\/828387.html\">deyib<\/a>.<\/p>\n\n\n\n<p>Bu bar\u0259d\u0259 iyunun 11-d\u0259 Ararat Mirzoyan Yerevanda Erm\u0259nistan v\u0259 AB\u015e aras\u0131nda &#8220;Strateji dialoq&#8221;un yekun iclas\u0131nda dan\u0131\u015f\u0131b.<\/p>\n\n\n\n<p>Toplant\u0131da AB\u015e D\u00f6vl\u0259t katibinin Avropa v\u0259 Avrasiya m\u0259s\u0259l\u0259l\u0259ri \u00fczr\u0259 m\u00fcavini Ceyms O\u2019Brayn da i\u015ftirak edib.<\/p>\n\n\n\n<p>Ararat Mirzoyan bug\u00fcnk\u00fc g\u00f6r\u00fc\u015f\u00fc y\u00fcks\u0259k s\u0259viyy\u0259li siyasi dialoqun n\u00fcmun\u0259si adland\u0131r\u0131b.<\/p>\n\n\n\n<p>O \u0259lav\u0259 edib ki, bu, demokratik prinsipl\u0259r\u0259 m\u00f6hk\u0259m sadiqliy\u0259 \u0259saslanan m\u00fcnasib\u0259tl\u0259rin g\u0259l\u0259c\u0259k inki\u015faf\u0131na t\u0259kan ver\u0259c\u0259k:<\/p>\n\n\n\n<p>&#8220;<em>M\u00f6vcud \u00e7a\u011f\u0131r\u0131\u015flara baxmayaraq, Erm\u0259nistan h\u00f6kum\u0259ti demokratik prinsipl\u0259ri g\u00fccl\u0259ndirm\u0259k kursunu davam etdirir. \u018fmin\u0259m ki, t\u0259r\u0259fda\u015flar\u0131m\u0131z, x\u00fcsus\u0259n d\u0259 AB\u015e demokratiyan\u0131n n\u0259z\u0259r\u0259\u00e7arpacaq n\u0259tic\u0259l\u0259r ver\u0259 bil\u0259c\u0259yini s\u00fcbut etm\u0259k \u00fc\u00e7\u00fcn yan\u0131m\u0131zdad\u0131r. AB\u015e-la \u0259m\u0259kda\u015fl\u0131q m\u00fcxt\u0259lif sah\u0259l\u0259ri &#8211; m\u00fcdafi\u0259, y\u00fcks\u0259k texnologiyalar, \u0259dliyy\u0259, iqtisadiyyat v\u0259 sair\u0259ni \u0259hat\u0259 edir&#8221;.<\/em><\/p>\n\n\n\n<p>Erm\u0259ni nazirin fikrinc\u0259, C\u0259nubi Qafqazda s\u00fclh v\u0259 sabitliyin t\u0259\u015fviqi \u00fc\u00e7\u00fcn b\u00f6y\u00fck potensial \u0259ld\u0259 olunub:<\/p>\n\n\n\n<p>&#8220;<em>Erm\u0259nistan\u0131n \u0259razi b\u00fct\u00f6vl\u00fcy\u00fc v\u0259 suverenliyin\u0259 ard\u0131c\u0131l d\u0259st\u0259k verm\u0259kl\u0259 yana\u015f\u0131, AB\u015e-nin layiqli s\u00fclh\u00fcn b\u0259rq\u0259rar olunmas\u0131nda i\u015ftirak\u0131 kontekstind\u0259 Az\u0259rbaycanla m\u00fcnasib\u0259tl\u0259rin normalla\u015fd\u0131r\u0131lmas\u0131na v\u0259 Alma- Ata b\u0259yannam\u0259si \u0259sas\u0131nda \u0259razi b\u00fct\u00f6vl\u00fcy\u00fcn\u00fcn qar\u015f\u0131l\u0131ql\u0131 tan\u0131nmas\u0131 \u0259sas\u0131nda s\u0259rh\u0259dl\u0259rin delimitasiyas\u0131 prosesin\u0259 sadiqik&#8221;.<\/em><\/p>\n\n\n\n<p>AB\u015e D\u00f6vl\u0259t katibinin Avropa v\u0259 Avrasiya m\u0259s\u0259l\u0259l\u0259ri \u00fczr\u0259 m\u00fcavini Ceyms O&#8217;Brayn da Erm\u0259nistanla ikit\u0259r\u0259fli \u0259laq\u0259l\u0259r \u00e7\u0259r\u00e7iv\u0259sind\u0259 m\u00fcxt\u0259lif sah\u0259l\u0259rd\u0259 yard\u0131m\u0131n oldu\u011funu t\u0259sdiql\u0259yib.<\/p>\n\n\n\n<p>Onun s\u00f6zl\u0259rin\u0259 g\u00f6r\u0259, Erm\u0259nistanda iqtisadiyyat son ill\u0259r aktiv \u015f\u0259kild\u0259 inki\u015faf edir:<\/p>\n\n\n\n<p><em>&#8220;Aprelin 5-d\u0259 Br\u00fcsseld\u0259 ke\u00e7iril\u0259n g\u00f6r\u00fc\u015fd\u0259 Erm\u0259nistan\u0131n qlobal iqtisadiyyatda pay\u0131n\u0131n art\u0131r\u0131lmas\u0131 \u00fc\u00e7\u00fcn geni\u015f perspektivl\u0259rin oldu\u011fu g\u00f6st\u0259rilib. \u00d6lk\u0259l\u0259rimiz bu g\u00fcn g\u00f6mr\u00fck sektorunda m\u0259lumat m\u00fcbadil\u0259sin\u0259 dair sazi\u015f imzalayacaq, bu, g\u0259l\u0259c\u0259k ill\u0259rd\u0259 ticar\u0259ti v\u0259 biznesi asanla\u015fd\u0131racaq. Bu, Br\u00fcsseld\u0259 m\u00fczakir\u0259 edil\u0259n v\u0259dl\u0259rin bir hiss\u0259sidir\u201d.<\/em><\/p>\n\n\n\n<p>&#8220;<em>Erm\u0259nistandak\u0131 siyasi prosesl\u0259r xalq\u0131n demokratik ist\u0259kl\u0259rini \u0259ks etdirir. H\u00f6kum\u0259tin qism\u0259n bizim k\u00f6m\u0259yimizl\u0259 atd\u0131\u011f\u0131 add\u0131mlardan m\u0259mnunuq, bura qanunun \u00f6n planda olmas\u0131, korrupsiyaya qar\u015f\u0131 m\u00fcbariz\u0259nin g\u00fccl\u0259ndirilm\u0259si v\u0259 insanlara \u00f6z fikirl\u0259rini bildirm\u0259k imkan\u0131 verilm\u0259si daxildir. H\u0259m\u00e7inin M\u0259rk\u0259zi Asiyadan Aral\u0131q d\u0259nizin\u0259 q\u0259d\u0259r regionda davaml\u0131 s\u00fclh\u00fcn b\u0259rq\u0259rar olmas\u0131, iqtisadi imkanlar\u0131n geni\u015fl\u0259ndirilm\u0259si s\u0259yl\u0259rini t\u0259\u015fviq edirik. Erm\u0259nistanla Az\u0259rbaycan aras\u0131nda davaml\u0131 s\u00fclh yaranarsa, bu imkanlar daha da geni\u015fl\u0259n\u0259c\u0259k. Bu bax\u0131mdan biz s\u0259yl\u0259r\u0259 t\u00f6hf\u0259 verm\u0259kd\u0259n m\u0259mnunuq\u201d<\/em>, &#8211; dey\u0259 AB\u015e D\u00f6vl\u0259t katibinin m\u00fcavini <a href=\"https:\/\/news.am\/rus\/news\/828404.html\">bildirib.<\/a><\/p>\n","protected":false},"excerpt":{"rendered":"<p>AB\u015e Erm\u0259nistana yard\u0131m etm\u0259kd\u0259 maraql\u0131 oldu\u011funu ifad\u0259 edib Erm\u0259nistan\u0131n xarici &#8230; <\/p>\n<p class=\"read-more-container\"><a title=\"O\u2019Brayn Yerevanda: Erm\u0259nistan s\u00fclh \u00fc\u00e7\u00fcn real imkanlar\u0131n yarand\u0131\u011f\u0131n\u0131 deyir\" class=\"read-more button\" href=\"https:\/\/www.meydan.tv\/az\/article\/obrayn-yerevanda-ermenistan-sulh-ucun-real-imkanlarin-yarandigini-deyir\/#more-307890\" aria-label=\"Read more about O\u2019Brayn Yerevanda: Erm\u0259nistan s\u00fclh \u00fc\u00e7\u00fcn real imkanlar\u0131n yarand\u0131\u011f\u0131n\u0131 deyir\">Davam\u0131<\/a><\/p>\n","protected":false},"author":8,"featured_media":307886,"comment_status":"closed","ping_status":"closed","sticky":false,"template":"","format":"standard","meta":{"_acf_changed":false,"_sitemap_exclude":false,"_sitemap_priority":"","_sitemap_frequency":"","footnotes":""},"categories":[64,59,79,56],"tags":[],"class_list":["post-307890","post","type-post","status-publish","format-standard","has-post-thumbnail","hentry","category-dunya","category-siyaset","category-featured","category-xeberler","infinite-scroll-item","generate-columns","tablet-grid-50","mobile-grid-100","grid-parent","grid-33","no-featured-image-padding"],"acf":[],"yoast_head":"<!-- This site is optimized with the Yoast SEO plugin v27.5 - https:\/\/yoast.com\/product\/yoast-seo-wordpress\/ -->\n<title>O\u2019Brayn Yerevanda: Erm\u0259nistan s\u00fclh \u00fc\u00e7\u00fcn real imkanlar\u0131n yarand\u0131\u011f\u0131n\u0131 deyir - MEYDAN.TV<\/title>\n<meta name=\"robots\" content=\"index, follow, max-snippet:-1, max-image-preview:large, max-video-preview:-1\" \/>\n<link rel=\"canonical\" href=\"https:\/\/www.meydan.tv\/az\/article\/obrayn-yerevanda-ermenistan-sulh-ucun-real-imkanlarin-yarandigini-deyir\/\" \/>\n<meta property=\"og:locale\" content=\"az_AZ\" \/>\n<meta property=\"og:type\" content=\"article\" \/>\n<meta property=\"og:title\" content=\"O\u2019Brayn Yerevanda: Erm\u0259nistan s\u00fclh \u00fc\u00e7\u00fcn real imkanlar\u0131n yarand\u0131\u011f\u0131n\u0131 deyir - MEYDAN.TV\" \/>\n<meta property=\"og:description\" content=\"AB\u015e Erm\u0259nistana yard\u0131m etm\u0259kd\u0259 maraql\u0131 oldu\u011funu ifad\u0259 edib Erm\u0259nistan\u0131n xarici ... Davam\u0131\" \/>\n<meta property=\"og:url\" content=\"https:\/\/www.meydan.tv\/az\/article\/obrayn-yerevanda-ermenistan-sulh-ucun-real-imkanlarin-yarandigini-deyir\/\" \/>\n<meta property=\"og:site_name\" content=\"MEYDAN.TV\" \/>\n<meta property=\"article:published_time\" content=\"2024-06-11T10:26:11+00:00\" \/>\n<meta property=\"article:modified_time\" content=\"2024-06-11T10:26:14+00:00\" \/>\n<meta property=\"og:image\" content=\"https:\/\/www.meydan.tv\/wp-content\/uploads\/1139259.jpg\" \/>\n\t<meta property=\"og:image:width\" content=\"1200\" \/>\n\t<meta property=\"og:image:height\" content=\"584\" \/>\n\t<meta property=\"og:image:type\" content=\"image\/jpeg\" \/>\n<meta name=\"author\" content=\"elli\" \/>\n<meta name=\"twitter:card\" content=\"summary_large_image\" \/>\n<meta name=\"twitter:creator\" content=\"@elli\" \/>\n<script type=\"application\/ld+json\" class=\"yoast-schema-graph\">{\"@context\":\"https:\\\/\\\/schema.org\",\"@graph\":[{\"@type\":\"Article\",\"@id\":\"https:\\\/\\\/www.meydan.tv\\\/az\\\/article\\\/obrayn-yerevanda-ermenistan-sulh-ucun-real-imkanlarin-yarandigini-deyir\\\/#article\",\"isPartOf\":{\"@id\":\"https:\\\/\\\/www.meydan.tv\\\/az\\\/article\\\/obrayn-yerevanda-ermenistan-sulh-ucun-real-imkanlarin-yarandigini-deyir\\\/\"},\"author\":{\"name\":\"elli\",\"@id\":\"https:\\\/\\\/www.meydan.tv\\\/az\\\/#\\\/schema\\\/person\\\/9cdbecf90d17180ce1dfbd95b08dcf47\"},\"headline\":\"O\u2019Brayn Yerevanda: Erm\u0259nistan s\u00fclh \u00fc\u00e7\u00fcn real imkanlar\u0131n yarand\u0131\u011f\u0131n\u0131 deyir\",\"datePublished\":\"2024-06-11T10:26:11+00:00\",\"dateModified\":\"2024-06-11T10:26:14+00:00\",\"mainEntityOfPage\":{\"@id\":\"https:\\\/\\\/www.meydan.tv\\\/az\\\/article\\\/obrayn-yerevanda-ermenistan-sulh-ucun-real-imkanlarin-yarandigini-deyir\\\/\"},\"wordCount\":595,\"publisher\":{\"@id\":\"https:\\\/\\\/www.meydan.tv\\\/az\\\/#organization\"},\"image\":{\"@id\":\"https:\\\/\\\/www.meydan.tv\\\/az\\\/article\\\/obrayn-yerevanda-ermenistan-sulh-ucun-real-imkanlarin-yarandigini-deyir\\\/#primaryimage\"},\"thumbnailUrl\":\"https:\\\/\\\/www.meydan.tv\\\/wp-content\\\/uploads\\\/1139259.jpg\",\"articleSection\":[\"D\u00fcnya\",\"Siyas\u0259t\",\"T\u00f6vsiy\u0259\",\"X\u0259b\u0259rl\u0259r\"],\"inLanguage\":\"az\"},{\"@type\":\"WebPage\",\"@id\":\"https:\\\/\\\/www.meydan.tv\\\/az\\\/article\\\/obrayn-yerevanda-ermenistan-sulh-ucun-real-imkanlarin-yarandigini-deyir\\\/\",\"url\":\"https:\\\/\\\/www.meydan.tv\\\/az\\\/article\\\/obrayn-yerevanda-ermenistan-sulh-ucun-real-imkanlarin-yarandigini-deyir\\\/\",\"name\":\"O\u2019Brayn Yerevanda: Erm\u0259nistan s\u00fclh \u00fc\u00e7\u00fcn real imkanlar\u0131n yarand\u0131\u011f\u0131n\u0131 deyir - MEYDAN.TV\",\"isPartOf\":{\"@id\":\"https:\\\/\\\/www.meydan.tv\\\/az\\\/#website\"},\"primaryImageOfPage\":{\"@id\":\"https:\\\/\\\/www.meydan.tv\\\/az\\\/article\\\/obrayn-yerevanda-ermenistan-sulh-ucun-real-imkanlarin-yarandigini-deyir\\\/#primaryimage\"},\"image\":{\"@id\":\"https:\\\/\\\/www.meydan.tv\\\/az\\\/article\\\/obrayn-yerevanda-ermenistan-sulh-ucun-real-imkanlarin-yarandigini-deyir\\\/#primaryimage\"},\"thumbnailUrl\":\"https:\\\/\\\/www.meydan.tv\\\/wp-content\\\/uploads\\\/1139259.jpg\",\"datePublished\":\"2024-06-11T10:26:11+00:00\",\"dateModified\":\"2024-06-11T10:26:14+00:00\",\"breadcrumb\":{\"@id\":\"https:\\\/\\\/www.meydan.tv\\\/az\\\/article\\\/obrayn-yerevanda-ermenistan-sulh-ucun-real-imkanlarin-yarandigini-deyir\\\/#breadcrumb\"},\"inLanguage\":\"az\",\"potentialAction\":[{\"@type\":\"ReadAction\",\"target\":[\"https:\\\/\\\/www.meydan.tv\\\/az\\\/article\\\/obrayn-yerevanda-ermenistan-sulh-ucun-real-imkanlarin-yarandigini-deyir\\\/\"]}]},{\"@type\":\"ImageObject\",\"inLanguage\":\"az\",\"@id\":\"https:\\\/\\\/www.meydan.tv\\\/az\\\/article\\\/obrayn-yerevanda-ermenistan-sulh-ucun-real-imkanlarin-yarandigini-deyir\\\/#primaryimage\",\"url\":\"https:\\\/\\\/www.meydan.tv\\\/wp-content\\\/uploads\\\/1139259.jpg\",\"contentUrl\":\"https:\\\/\\\/www.meydan.tv\\\/wp-content\\\/uploads\\\/1139259.jpg\",\"width\":1200,\"height\":584,\"caption\":\"Foto: Armenpress\"},{\"@type\":\"BreadcrumbList\",\"@id\":\"https:\\\/\\\/www.meydan.tv\\\/az\\\/article\\\/obrayn-yerevanda-ermenistan-sulh-ucun-real-imkanlarin-yarandigini-deyir\\\/#breadcrumb\",\"itemListElement\":[{\"@type\":\"ListItem\",\"position\":1,\"name\":\"Ana s\u0259hif\u0259\",\"item\":\"https:\\\/\\\/www.meydan.tv\\\/az\\\/\"},{\"@type\":\"ListItem\",\"position\":2,\"name\":\"D\u00fcnya\",\"item\":\"https:\\\/\\\/www.meydan.tv\\\/az\\\/section\\\/dunya\\\/\"},{\"@type\":\"ListItem\",\"position\":3,\"name\":\"O\u2019Brayn Yerevanda: Erm\u0259nistan s\u00fclh \u00fc\u00e7\u00fcn real imkanlar\u0131n yarand\u0131\u011f\u0131n\u0131 deyir\"}]},{\"@type\":\"WebSite\",\"@id\":\"https:\\\/\\\/www.meydan.tv\\\/az\\\/#website\",\"url\":\"https:\\\/\\\/www.meydan.tv\\\/az\\\/\",\"name\":\"MEYDAN.TV\",\"description\":\"Meydan TV Az\u0259rbaycan\u0131n media m\u0259kan\u0131ndak\u0131 alternativ s\u0259sidir\",\"publisher\":{\"@id\":\"https:\\\/\\\/www.meydan.tv\\\/az\\\/#organization\"},\"potentialAction\":[{\"@type\":\"SearchAction\",\"target\":{\"@type\":\"EntryPoint\",\"urlTemplate\":\"https:\\\/\\\/www.meydan.tv\\\/az\\\/?s={search_term_string}\"},\"query-input\":{\"@type\":\"PropertyValueSpecification\",\"valueRequired\":true,\"valueName\":\"search_term_string\"}}],\"inLanguage\":\"az\"},{\"@type\":\"Organization\",\"@id\":\"https:\\\/\\\/www.meydan.tv\\\/az\\\/#organization\",\"name\":\"Meydan TV\",\"url\":\"https:\\\/\\\/www.meydan.tv\\\/az\\\/\",\"logo\":{\"@type\":\"ImageObject\",\"inLanguage\":\"az\",\"@id\":\"https:\\\/\\\/www.meydan.tv\\\/az\\\/#\\\/schema\\\/logo\\\/image\\\/\",\"url\":\"https:\\\/\\\/www.meydan.tv\\\/wp-content\\\/uploads\\\/2021\\\/07\\\/meydan-logo.svg\",\"contentUrl\":\"https:\\\/\\\/www.meydan.tv\\\/wp-content\\\/uploads\\\/2021\\\/07\\\/meydan-logo.svg\",\"width\":195,\"height\":46,\"caption\":\"Meydan TV\"},\"image\":{\"@id\":\"https:\\\/\\\/www.meydan.tv\\\/az\\\/#\\\/schema\\\/logo\\\/image\\\/\"}},{\"@type\":\"Person\",\"@id\":\"https:\\\/\\\/www.meydan.tv\\\/az\\\/#\\\/schema\\\/person\\\/9cdbecf90d17180ce1dfbd95b08dcf47\",\"name\":\"elli\",\"sameAs\":[\"https:\\\/\\\/x.com\\\/elli\"]}]}<\/script>\n<!-- \/ Yoast SEO plugin. -->","yoast_head_json":{"title":"O\u2019Brayn Yerevanda: Erm\u0259nistan s\u00fclh \u00fc\u00e7\u00fcn real imkanlar\u0131n yarand\u0131\u011f\u0131n\u0131 deyir - MEYDAN.TV","robots":{"index":"index","follow":"follow","max-snippet":"max-snippet:-1","max-image-preview":"max-image-preview:large","max-video-preview":"max-video-preview:-1"},"canonical":"https:\/\/www.meydan.tv\/az\/article\/obrayn-yerevanda-ermenistan-sulh-ucun-real-imkanlarin-yarandigini-deyir\/","og_locale":"az_AZ","og_type":"article","og_title":"O\u2019Brayn Yerevanda: Erm\u0259nistan s\u00fclh \u00fc\u00e7\u00fcn real imkanlar\u0131n yarand\u0131\u011f\u0131n\u0131 deyir - MEYDAN.TV","og_description":"AB\u015e Erm\u0259nistana yard\u0131m etm\u0259kd\u0259 maraql\u0131 oldu\u011funu ifad\u0259 edib Erm\u0259nistan\u0131n xarici ... Davam\u0131","og_url":"https:\/\/www.meydan.tv\/az\/article\/obrayn-yerevanda-ermenistan-sulh-ucun-real-imkanlarin-yarandigini-deyir\/","og_site_name":"MEYDAN.TV","article_published_time":"2024-06-11T10:26:11+00:00","article_modified_time":"2024-06-11T10:26:14+00:00","og_image":[{"width":1200,"height":584,"url":"https:\/\/www.meydan.tv\/wp-content\/uploads\/1139259.jpg","type":"image\/jpeg"}],"author":"elli","twitter_card":"summary_large_image","twitter_creator":"@elli","schema":{"@context":"https:\/\/schema.org","@graph":[{"@type":"Article","@id":"https:\/\/www.meydan.tv\/az\/article\/obrayn-yerevanda-ermenistan-sulh-ucun-real-imkanlarin-yarandigini-deyir\/#article","isPartOf":{"@id":"https:\/\/www.meydan.tv\/az\/article\/obrayn-yerevanda-ermenistan-sulh-ucun-real-imkanlarin-yarandigini-deyir\/"},"author":{"name":"elli","@id":"https:\/\/www.meydan.tv\/az\/#\/schema\/person\/9cdbecf90d17180ce1dfbd95b08dcf47"},"headline":"O\u2019Brayn Yerevanda: Erm\u0259nistan s\u00fclh \u00fc\u00e7\u00fcn real imkanlar\u0131n yarand\u0131\u011f\u0131n\u0131 deyir","datePublished":"2024-06-11T10:26:11+00:00","dateModified":"2024-06-11T10:26:14+00:00","mainEntityOfPage":{"@id":"https:\/\/www.meydan.tv\/az\/article\/obrayn-yerevanda-ermenistan-sulh-ucun-real-imkanlarin-yarandigini-deyir\/"},"wordCount":595,"publisher":{"@id":"https:\/\/www.meydan.tv\/az\/#organization"},"image":{"@id":"https:\/\/www.meydan.tv\/az\/article\/obrayn-yerevanda-ermenistan-sulh-ucun-real-imkanlarin-yarandigini-deyir\/#primaryimage"},"thumbnailUrl":"https:\/\/www.meydan.tv\/wp-content\/uploads\/1139259.jpg","articleSection":["D\u00fcnya","Siyas\u0259t","T\u00f6vsiy\u0259","X\u0259b\u0259rl\u0259r"],"inLanguage":"az"},{"@type":"WebPage","@id":"https:\/\/www.meydan.tv\/az\/article\/obrayn-yerevanda-ermenistan-sulh-ucun-real-imkanlarin-yarandigini-deyir\/","url":"https:\/\/www.meydan.tv\/az\/article\/obrayn-yerevanda-ermenistan-sulh-ucun-real-imkanlarin-yarandigini-deyir\/","name":"O\u2019Brayn Yerevanda: Erm\u0259nistan s\u00fclh \u00fc\u00e7\u00fcn real imkanlar\u0131n yarand\u0131\u011f\u0131n\u0131 deyir - MEYDAN.TV","isPartOf":{"@id":"https:\/\/www.meydan.tv\/az\/#website"},"primaryImageOfPage":{"@id":"https:\/\/www.meydan.tv\/az\/article\/obrayn-yerevanda-ermenistan-sulh-ucun-real-imkanlarin-yarandigini-deyir\/#primaryimage"},"image":{"@id":"https:\/\/www.meydan.tv\/az\/article\/obrayn-yerevanda-ermenistan-sulh-ucun-real-imkanlarin-yarandigini-deyir\/#primaryimage"},"thumbnailUrl":"https:\/\/www.meydan.tv\/wp-content\/uploads\/1139259.jpg","datePublished":"2024-06-11T10:26:11+00:00","dateModified":"2024-06-11T10:26:14+00:00","breadcrumb":{"@id":"https:\/\/www.meydan.tv\/az\/article\/obrayn-yerevanda-ermenistan-sulh-ucun-real-imkanlarin-yarandigini-deyir\/#breadcrumb"},"inLanguage":"az","potentialAction":[{"@type":"ReadAction","target":["https:\/\/www.meydan.tv\/az\/article\/obrayn-yerevanda-ermenistan-sulh-ucun-real-imkanlarin-yarandigini-deyir\/"]}]},{"@type":"ImageObject","inLanguage":"az","@id":"https:\/\/www.meydan.tv\/az\/article\/obrayn-yerevanda-ermenistan-sulh-ucun-real-imkanlarin-yarandigini-deyir\/#primaryimage","url":"https:\/\/www.meydan.tv\/wp-content\/uploads\/1139259.jpg","contentUrl":"https:\/\/www.meydan.tv\/wp-content\/uploads\/1139259.jpg","width":1200,"height":584,"caption":"Foto: Armenpress"},{"@type":"BreadcrumbList","@id":"https:\/\/www.meydan.tv\/az\/article\/obrayn-yerevanda-ermenistan-sulh-ucun-real-imkanlarin-yarandigini-deyir\/#breadcrumb","itemListElement":[{"@type":"ListItem","position":1,"name":"Ana s\u0259hif\u0259","item":"https:\/\/www.meydan.tv\/az\/"},{"@type":"ListItem","position":2,"name":"D\u00fcnya","item":"https:\/\/www.meydan.tv\/az\/section\/dunya\/"},{"@type":"ListItem","position":3,"name":"O\u2019Brayn Yerevanda: Erm\u0259nistan s\u00fclh \u00fc\u00e7\u00fcn real imkanlar\u0131n yarand\u0131\u011f\u0131n\u0131 deyir"}]},{"@type":"WebSite","@id":"https:\/\/www.meydan.tv\/az\/#website","url":"https:\/\/www.meydan.tv\/az\/","name":"MEYDAN.TV","description":"Meydan TV Az\u0259rbaycan\u0131n media m\u0259kan\u0131ndak\u0131 alternativ s\u0259sidir","publisher":{"@id":"https:\/\/www.meydan.tv\/az\/#organization"},"potentialAction":[{"@type":"SearchAction","target":{"@type":"EntryPoint","urlTemplate":"https:\/\/www.meydan.tv\/az\/?s={search_term_string}"},"query-input":{"@type":"PropertyValueSpecification","valueRequired":true,"valueName":"search_term_string"}}],"inLanguage":"az"},{"@type":"Organization","@id":"https:\/\/www.meydan.tv\/az\/#organization","name":"Meydan TV","url":"https:\/\/www.meydan.tv\/az\/","logo":{"@type":"ImageObject","inLanguage":"az","@id":"https:\/\/www.meydan.tv\/az\/#\/schema\/logo\/image\/","url":"https:\/\/www.meydan.tv\/wp-content\/uploads\/2021\/07\/meydan-logo.svg","contentUrl":"https:\/\/www.meydan.tv\/wp-content\/uploads\/2021\/07\/meydan-logo.svg","width":195,"height":46,"caption":"Meydan TV"},"image":{"@id":"https:\/\/www.meydan.tv\/az\/#\/schema\/logo\/image\/"}},{"@type":"Person","@id":"https:\/\/www.meydan.tv\/az\/#\/schema\/person\/9cdbecf90d17180ce1dfbd95b08dcf47","name":"elli","sameAs":["https:\/\/x.com\/elli"]}]}},"_links":{"self":[{"href":"https:\/\/www.meydan.tv\/az\/wp-json\/wp\/v2\/posts\/307890","targetHints":{"allow":["GET"]}}],"collection":[{"href":"https:\/\/www.meydan.tv\/az\/wp-json\/wp\/v2\/posts"}],"about":[{"href":"https:\/\/www.meydan.tv\/az\/wp-json\/wp\/v2\/types\/post"}],"author":[{"embeddable":true,"href":"https:\/\/www.meydan.tv\/az\/wp-json\/wp\/v2\/users\/8"}],"replies":[{"embeddable":true,"href":"https:\/\/www.meydan.tv\/az\/wp-json\/wp\/v2\/comments?post=307890"}],"version-history":[{"count":4,"href":"https:\/\/www.meydan.tv\/az\/wp-json\/wp\/v2\/posts\/307890\/revisions"}],"predecessor-version":[{"id":307894,"href":"https:\/\/www.meydan.tv\/az\/wp-json\/wp\/v2\/posts\/307890\/revisions\/307894"}],"wp:featuredmedia":[{"embeddable":true,"href":"https:\/\/www.meydan.tv\/az\/wp-json\/wp\/v2\/media\/307886"}],"wp:attachment":[{"href":"https:\/\/www.meydan.tv\/az\/wp-json\/wp\/v2\/media?parent=307890"}],"wp:term":[{"taxonomy":"category","embeddable":true,"href":"https:\/\/www.meydan.tv\/az\/wp-json\/wp\/v2\/categories?post=307890"},{"taxonomy":"post_tag","embeddable":true,"href":"https:\/\/www.meydan.tv\/az\/wp-json\/wp\/v2\/tags?post=307890"}],"curies":[{"name":"wp","href":"https:\/\/api.w.org\/{rel}","templated":true}]}}