{"id":307841,"date":"2024-06-10T19:19:42","date_gmt":"2024-06-10T15:19:42","guid":{"rendered":"https:\/\/www.meydan.tv\/?p=307841"},"modified":"2024-06-10T19:19:45","modified_gmt":"2024-06-10T15:19:45","slug":"abzas-isi-iki-jurnalistin-hebs-muddeti-uzadildi","status":"publish","type":"post","link":"https:\/\/www.meydan.tv\/az\/article\/abzas-isi-iki-jurnalistin-hebs-muddeti-uzadildi\/","title":{"rendered":"\u201cAbzas i\u015fi\u201d: \u0130ki jurnalistin h\u0259bs m\u00fcdd\u0259ti uzad\u0131ld\u0131"},"content":{"rendered":"\n<p><\/p>\n\n\n\n<p><strong><em>Hakim prokurorun t\u0259qdimat\u0131n\u0131 q\u0259bul edib<\/em><\/strong><\/p>\n\n\n\n<p>&#8220;AbzasMedia&#8221; n\u0259\u015fri il\u0259 ba\u011fl\u0131 cinay\u0259t i\u015fi \u00fczr\u0259 h\u0259bsd\u0259 olan jurnalistl\u0259rd\u0259n ikisi &#8211; ara\u015fd\u0131rma\u00e7\u0131 jurnalist Hafiz Babal\u0131 v\u0259 Elnar\u0259 Qas\u0131mova haqq\u0131nda ilkin istintaq d\u00f6vr\u00fc \u00fc\u00e7\u00fcn h\u0259bs q\u0259timkan t\u0259dbirinin m\u00fcdd\u0259ti uzad\u0131l\u0131b. Bu bar\u0259d\u0259 iyunun 10-da X\u0259tai Rayon M\u0259hk\u0259m\u0259sind\u0259 q\u0259rar q\u0259bul edilib.<\/p>\n\n\n\n<p>Hakim prokurorun t\u0259qdimatlar\u0131 \u0259sas\u0131nda Hafiz Babal\u0131n\u0131n istintaq d\u00f6vr\u00fcnd\u0259 h\u0259bsd\u0259 saxlanma m\u00fcdd\u0259tinin 1 ay, Elnar\u0259 Qas\u0131movan\u0131n h\u0259bs m\u00fcdd\u0259tinin is\u0259 2 ay uzad\u0131lmas\u0131 bar\u0259d\u0259 q\u0259rar \u00e7\u0131xar\u0131b.<\/p>\n\n\n<div class=\"wp-block-image\">\n<figure class=\"alignleft size-full is-resized\"><img decoding=\"async\" width=\"1200\" height=\"800\" data-src=\"https:\/\/www.meydan.tv\/wp-content\/uploads\/img_0855_720.jpg\" alt=\"\" class=\"wp-image-295258 lazyload\" style=\"--smush-placeholder-width: 1200px; --smush-placeholder-aspect-ratio: 1200\/800;width:403px;height:auto\" src=\"data:image\/svg+xml;base64,PHN2ZyB3aWR0aD0iMSIgaGVpZ2h0PSIxIiB4bWxucz0iaHR0cDovL3d3dy53My5vcmcvMjAwMC9zdmciPjwvc3ZnPg==\" \/><figcaption class=\"wp-element-caption\">Elnar\u0259 Qas\u0131mova. Foto: Meydan TV<\/figcaption><\/figure>\n<\/div>\n\n\n<p>H\u0259r iki m\u0259hk\u0259m\u0259 prosesind\u0259 m\u00fcst\u0259ntiq t\u0259qdimat\u0131 m\u00fcdafi\u0259 edib. Deyib ki, h\u0259m Hafiz Babal\u0131n\u0131n, h\u0259m d\u0259 Elnar\u0259 Qas\u0131movan\u0131n t\u0259qsirl\u0259ndirildiyi \u201cAbzas i\u015fi\u201d \u00fczr\u0259 istintaq h\u0259l\u0259 yekunla\u015fmay\u0131b, g\u00f6r\u00fcl\u0259si i\u015fl\u0259r var. \u0130stintaq ba\u015fa \u00e7atmad\u0131\u011f\u0131na g\u00f6r\u0259 d\u0259 adlar\u0131 \u00e7\u0259kil\u0259n jurnalistl\u0259rin h\u0259bsd\u0259n burax\u0131lmas\u0131 m\u0259qs\u0259d\u0259uy\u011fun deyil. \u00c7\u00fcnki istintaqdan yay\u0131nmaq, prosesin gedi\u015fin\u0259 t\u0259sir g\u00f6st\u0259rm\u0259k ehtimal\u0131 var. Bu \u00fczd\u0259n m\u00fcst\u0259ntiq d\u0259 h\u0259bs q\u0259timkan t\u0259dbirinin m\u00fcdd\u0259tinin uzad\u0131lmas\u0131n\u0131 ist\u0259yib.<\/p>\n\n\n<div class=\"wp-block-image\">\n<figure class=\"alignright size-full is-resized\"><img decoding=\"async\" width=\"1200\" height=\"598\" data-src=\"https:\/\/www.meydan.tv\/wp-content\/uploads\/img_0714-e1702546447622.jpg\" alt=\"\" class=\"wp-image-292834 lazyload\" style=\"--smush-placeholder-width: 1200px; --smush-placeholder-aspect-ratio: 1200\/598;width:409px;height:auto\" src=\"data:image\/svg+xml;base64,PHN2ZyB3aWR0aD0iMSIgaGVpZ2h0PSIxIiB4bWxucz0iaHR0cDovL3d3dy53My5vcmcvMjAwMC9zdmciPjwvc3ZnPg==\" \/><figcaption class=\"wp-element-caption\">Hafiz Babal\u0131. Foto: Meydan TV<\/figcaption><\/figure>\n<\/div>\n\n\n<p>Jurnalistl\u0259r v\u0259 v\u0259kill\u0259ri is\u0259 t\u0259qdimata etiraz edib. Jurnalistl\u0259r he\u00e7 bir cinay\u0259t t\u00f6r\u0259tm\u0259diyini, pe\u015f\u0259 f\u0259aliyy\u0259tl\u0259rin\u0259 g\u00f6r\u0259 h\u0259bs olunduqlar\u0131n\u0131 vur\u011fulay\u0131blar.<\/p>\n\n\n\n<p>V\u0259kill\u0259r bildirib ki, Hafiz Babal\u0131 v\u0259 Elnar\u0259 Qas\u0131movan\u0131n h\u0259bsd\u0259 saxlanmas\u0131 \u00fc\u00e7\u00fcn he\u00e7 bir \u0259sas yoxdur. M\u00fcdafi\u0259\u00e7il\u0259r vur\u011fulay\u0131b ki, adlar\u0131 \u00e7\u0259kil\u0259n jurnalistl\u0259rin hans\u0131sa cinay\u0259ti t\u00f6r\u0259tm\u0259yini t\u0259sdiql\u0259y\u0259n he\u00e7 bir s\u00fcbut-d\u0259lil olmadan onlar yar\u0131m ildir h\u0259bsd\u0259 saxlan\u0131l\u0131r. H\u0259tta istintaq davam edirs\u0259 bel\u0259, onlar\u0131 h\u0259bsd\u0259 saxlamadan da prosesi aparmaq olar.<\/p>\n\n\n\n<p>Lakin h\u0259r iki m\u0259hk\u0259m\u0259 prosesind\u0259 hakim prokurorun t\u0259qdimat\u0131n\u0131 t\u0259min edib v\u0259 jurnalistl\u0259r haqq\u0131nda h\u0259bs q\u0259timkan t\u0259dbirinin m\u00fcdd\u0259tinin uzad\u0131lmas\u0131na q\u0259rar verib.<\/p>\n\n\n\n<p>Jurnalistl\u0259rin v\u0259kill\u0259ri bu q\u0259rardan apelyasiya \u015fikay\u0259ti ver\u0259c\u0259k.<\/p>\n\n\n\n<p>Korrupsiya ara\u015fd\u0131rmalar\u0131yla tan\u0131nan \u201cAbzasMedia\u201d i\u015fi \u00fczr\u0259 h\u0259bsl\u0259r noyabr\u0131n 20-d\u0259n ba\u015flay\u0131b. \u00d6nc\u0259 sayt\u0131n direktoru \u00dclvi H\u0259s\u0259nli, direktor m\u00fcavini M\u0259h\u0259mm\u0259d Kekalov, ba\u015f redaktoru Sevinc Vaqifq\u0131z\u0131 h\u0259bs edilib. Daha sonra h\u0259bsl\u0259r ara\u015fd\u0131rma\u00e7\u0131 jurnalist Hafiz Babal\u0131, N\u0259rgiz Absalamova v\u0259 Elnar\u0259 Qas\u0131mova il\u0259 davam edib. Onlar da Cinay\u0259t M\u0259c\u0259ll\u0259sinin 206.3.2-ci (bir qrup \u015f\u0259xs t\u0259r\u0259find\u0259n qa\u00e7aqmal\u00e7\u0131l\u0131q) madd\u0259sil\u0259 ittiham olunur.<\/p>\n\n\n\n<p>Bu madd\u0259nin sanksiyas\u0131nda 5 ild\u0259n 8 il\u0259 q\u0259d\u0259r azadl\u0131qdan m\u0259hrumetm\u0259 c\u0259zas\u0131 n\u0259z\u0259rd\u0259 tutulub.<\/p>\n\n\n\n<p>Noyabr\u0131n 20-d\u0259 \u00dclvi H\u0259s\u0259nli saxland\u0131qdan sonra \u201cAbzasMedia\u201dn\u0131n ofisind\u0259 axtar\u0131\u015f apar\u0131l\u0131b. Sayt\u0131n ofisind\u0259n 40 min avro pul tap\u0131ld\u0131\u011f\u0131 iddia olunub.<\/p>\n\n\n\n<p>\u00dclvi H\u0259s\u0259nli is\u0259 orada pul olmad\u0131\u011f\u0131n\u0131, 40 min avronun ofis\u0259 onu tapd\u0131\u011f\u0131n\u0131 iddia ed\u0259nl\u0259rin \u00f6zl\u0259ri t\u0259r\u0259find\u0259n qoyuldu\u011funu bildirib.<\/p>\n\n\n\n<p>Adlar\u0131 \u00e7\u0259kil\u0259n jurnalistl\u0259rin he\u00e7 biri \u00f6z\u00fcn\u00fc t\u0259qsirli bilmir, \u201cAbzasMedia\u201dda Prezidentin ail\u0259 \u00fczvl\u0259ri d\u0259 daxil olmaqla, bir s\u0131ra v\u0259zif\u0259li \u015f\u0259xsl\u0259rin biznesi, korrupsiya il\u0259 ba\u011fl\u0131 ara\u015fd\u0131rmalara g\u00f6r\u0259 c\u0259zaland\u0131r\u0131ld\u0131qlar\u0131n\u0131 bildiribl\u0259r.<\/p>\n\n\n\n<p>\u201cAbzasMedia\u201ddan sonra \u201cKanal 13\u201d internet kanal\u0131, \u201cToplum TV\u201d x\u0259b\u0259r potral\u0131 v\u0259 eyni adl\u0131 internet televiziyas\u0131, Milli M\u0259clisin v\u0259 deputatlar\u0131n f\u0259aliyy\u0259tini ara\u015fd\u0131ran \u201cmeclis.info\u201d sayt\u0131n\u0131n r\u0259hb\u0259rl\u0259ri v\u0259 \u0259m\u0259kda\u015flar\u0131 da qa\u00e7aqmal\u00e7\u0131l\u0131q ittiham\u0131yla h\u0259bs olunub. \u0130ddia olunur ki, bu media orqanlar\u0131 xarici t\u0259\u015fkilatlardan qrantlar al\u0131b, h\u0259min v\u0259saitl\u0259ri qa\u00e7aqmal\u00e7\u0131l\u0131q yoluyla \u00f6lk\u0259y\u0259 g\u0259tirib.<\/p>\n\n\n\n<p>Lakin jurnalistl\u0259r bu ittiham\u0131 r\u0259dd edir, qa\u00e7aqmal\u00e7\u0131l\u0131qla ba\u011fl\u0131 he\u00e7 bir s\u00fcbut-d\u0259lil olmadan h\u0259bs olunduqlar\u0131n\u0131 bildirirl\u0259r. Onlar b\u0259yan edib ki, bu h\u0259bsl\u0259rin m\u0259qs\u0259di \u00f6lk\u0259d\u0259ki korrupsiyan\u0131, m\u0259mur \u00f6zba\u015f\u0131nal\u0131\u011f\u0131n\u0131 ara\u015fd\u0131ran, ictimaiyy\u0259t\u0259 \u00e7atd\u0131ran media orqanlar\u0131n\u0131 susdurmaqd\u0131r.<\/p>\n\n\n\n<p><\/p>\n\n\n\n<p><\/p>\n","protected":false},"excerpt":{"rendered":"<p>Hakim prokurorun t\u0259qdimat\u0131n\u0131 q\u0259bul edib &#8220;AbzasMedia&#8221; n\u0259\u015fri il\u0259 ba\u011fl\u0131 cinay\u0259t &#8230; <\/p>\n<p class=\"read-more-container\"><a title=\"\u201cAbzas i\u015fi\u201d: \u0130ki jurnalistin h\u0259bs m\u00fcdd\u0259ti uzad\u0131ld\u0131\" class=\"read-more button\" href=\"https:\/\/www.meydan.tv\/az\/article\/abzas-isi-iki-jurnalistin-hebs-muddeti-uzadildi\/#more-307841\" aria-label=\"Read more about \u201cAbzas i\u015fi\u201d: \u0130ki jurnalistin h\u0259bs m\u00fcdd\u0259ti uzad\u0131ld\u0131\">Davam\u0131<\/a><\/p>\n","protected":false},"author":21,"featured_media":290976,"comment_status":"closed","ping_status":"closed","sticky":false,"template":"","format":"standard","meta":{"_acf_changed":false,"_sitemap_exclude":false,"_sitemap_priority":"","_sitemap_frequency":"","footnotes":""},"categories":[59,79,56],"tags":[],"class_list":["post-307841","post","type-post","status-publish","format-standard","has-post-thumbnail","hentry","category-siyaset","category-featured","category-xeberler","infinite-scroll-item","generate-columns","tablet-grid-50","mobile-grid-100","grid-parent","grid-33","no-featured-image-padding"],"acf":[],"yoast_head":"<!-- This site is optimized with the Yoast SEO plugin v27.4 - https:\/\/yoast.com\/product\/yoast-seo-wordpress\/ -->\n<title>\u201cAbzas i\u015fi\u201d: \u0130ki jurnalistin h\u0259bs m\u00fcdd\u0259ti uzad\u0131ld\u0131 - MEYDAN.TV<\/title>\n<meta name=\"robots\" content=\"index, follow, max-snippet:-1, max-image-preview:large, max-video-preview:-1\" \/>\n<link rel=\"canonical\" href=\"https:\/\/www.meydan.tv\/az\/article\/abzas-isi-iki-jurnalistin-hebs-muddeti-uzadildi\/\" \/>\n<meta property=\"og:locale\" content=\"az_AZ\" \/>\n<meta property=\"og:type\" content=\"article\" \/>\n<meta property=\"og:title\" content=\"\u201cAbzas i\u015fi\u201d: \u0130ki jurnalistin h\u0259bs m\u00fcdd\u0259ti uzad\u0131ld\u0131 - MEYDAN.TV\" \/>\n<meta property=\"og:description\" content=\"Hakim prokurorun t\u0259qdimat\u0131n\u0131 q\u0259bul edib &#8220;AbzasMedia&#8221; n\u0259\u015fri il\u0259 ba\u011fl\u0131 cinay\u0259t ... Davam\u0131\" \/>\n<meta property=\"og:url\" content=\"https:\/\/www.meydan.tv\/az\/article\/abzas-isi-iki-jurnalistin-hebs-muddeti-uzadildi\/\" \/>\n<meta property=\"og:site_name\" content=\"MEYDAN.TV\" \/>\n<meta property=\"article:published_time\" content=\"2024-06-10T15:19:42+00:00\" \/>\n<meta property=\"article:modified_time\" content=\"2024-06-10T15:19:45+00:00\" \/>\n<meta property=\"og:image\" content=\"https:\/\/www.meydan.tv\/wp-content\/uploads\/abzas_loqo.png\" \/>\n\t<meta property=\"og:image:width\" content=\"1700\" \/>\n\t<meta property=\"og:image:height\" content=\"651\" \/>\n\t<meta property=\"og:image:type\" content=\"image\/png\" \/>\n<meta name=\"author\" content=\"mahmud\" \/>\n<meta name=\"twitter:card\" content=\"summary_large_image\" \/>\n<script type=\"application\/ld+json\" class=\"yoast-schema-graph\">{\"@context\":\"https:\\\/\\\/schema.org\",\"@graph\":[{\"@type\":\"Article\",\"@id\":\"https:\\\/\\\/www.meydan.tv\\\/az\\\/article\\\/abzas-isi-iki-jurnalistin-hebs-muddeti-uzadildi\\\/#article\",\"isPartOf\":{\"@id\":\"https:\\\/\\\/www.meydan.tv\\\/az\\\/article\\\/abzas-isi-iki-jurnalistin-hebs-muddeti-uzadildi\\\/\"},\"author\":{\"name\":\"mahmud\",\"@id\":\"https:\\\/\\\/www.meydan.tv\\\/az\\\/#\\\/schema\\\/person\\\/09863e516102a829e72bedcf3f84c6b0\"},\"headline\":\"\u201cAbzas i\u015fi\u201d: \u0130ki jurnalistin h\u0259bs m\u00fcdd\u0259ti uzad\u0131ld\u0131\",\"datePublished\":\"2024-06-10T15:19:42+00:00\",\"dateModified\":\"2024-06-10T15:19:45+00:00\",\"mainEntityOfPage\":{\"@id\":\"https:\\\/\\\/www.meydan.tv\\\/az\\\/article\\\/abzas-isi-iki-jurnalistin-hebs-muddeti-uzadildi\\\/\"},\"wordCount\":758,\"publisher\":{\"@id\":\"https:\\\/\\\/www.meydan.tv\\\/az\\\/#organization\"},\"image\":{\"@id\":\"https:\\\/\\\/www.meydan.tv\\\/az\\\/article\\\/abzas-isi-iki-jurnalistin-hebs-muddeti-uzadildi\\\/#primaryimage\"},\"thumbnailUrl\":\"https:\\\/\\\/www.meydan.tv\\\/wp-content\\\/uploads\\\/abzas_loqo.png\",\"articleSection\":[\"Siyas\u0259t\",\"T\u00f6vsiy\u0259\",\"X\u0259b\u0259rl\u0259r\"],\"inLanguage\":\"az\"},{\"@type\":\"WebPage\",\"@id\":\"https:\\\/\\\/www.meydan.tv\\\/az\\\/article\\\/abzas-isi-iki-jurnalistin-hebs-muddeti-uzadildi\\\/\",\"url\":\"https:\\\/\\\/www.meydan.tv\\\/az\\\/article\\\/abzas-isi-iki-jurnalistin-hebs-muddeti-uzadildi\\\/\",\"name\":\"\u201cAbzas i\u015fi\u201d: \u0130ki jurnalistin h\u0259bs m\u00fcdd\u0259ti uzad\u0131ld\u0131 - MEYDAN.TV\",\"isPartOf\":{\"@id\":\"https:\\\/\\\/www.meydan.tv\\\/az\\\/#website\"},\"primaryImageOfPage\":{\"@id\":\"https:\\\/\\\/www.meydan.tv\\\/az\\\/article\\\/abzas-isi-iki-jurnalistin-hebs-muddeti-uzadildi\\\/#primaryimage\"},\"image\":{\"@id\":\"https:\\\/\\\/www.meydan.tv\\\/az\\\/article\\\/abzas-isi-iki-jurnalistin-hebs-muddeti-uzadildi\\\/#primaryimage\"},\"thumbnailUrl\":\"https:\\\/\\\/www.meydan.tv\\\/wp-content\\\/uploads\\\/abzas_loqo.png\",\"datePublished\":\"2024-06-10T15:19:42+00:00\",\"dateModified\":\"2024-06-10T15:19:45+00:00\",\"breadcrumb\":{\"@id\":\"https:\\\/\\\/www.meydan.tv\\\/az\\\/article\\\/abzas-isi-iki-jurnalistin-hebs-muddeti-uzadildi\\\/#breadcrumb\"},\"inLanguage\":\"az\",\"potentialAction\":[{\"@type\":\"ReadAction\",\"target\":[\"https:\\\/\\\/www.meydan.tv\\\/az\\\/article\\\/abzas-isi-iki-jurnalistin-hebs-muddeti-uzadildi\\\/\"]}]},{\"@type\":\"ImageObject\",\"inLanguage\":\"az\",\"@id\":\"https:\\\/\\\/www.meydan.tv\\\/az\\\/article\\\/abzas-isi-iki-jurnalistin-hebs-muddeti-uzadildi\\\/#primaryimage\",\"url\":\"https:\\\/\\\/www.meydan.tv\\\/wp-content\\\/uploads\\\/abzas_loqo.png\",\"contentUrl\":\"https:\\\/\\\/www.meydan.tv\\\/wp-content\\\/uploads\\\/abzas_loqo.png\",\"width\":1700,\"height\":651,\"caption\":\"Foto: abzasnet\"},{\"@type\":\"BreadcrumbList\",\"@id\":\"https:\\\/\\\/www.meydan.tv\\\/az\\\/article\\\/abzas-isi-iki-jurnalistin-hebs-muddeti-uzadildi\\\/#breadcrumb\",\"itemListElement\":[{\"@type\":\"ListItem\",\"position\":1,\"name\":\"Ana s\u0259hif\u0259\",\"item\":\"https:\\\/\\\/www.meydan.tv\\\/az\\\/\"},{\"@type\":\"ListItem\",\"position\":2,\"name\":\"Siyas\u0259t\",\"item\":\"https:\\\/\\\/www.meydan.tv\\\/az\\\/section\\\/siyaset\\\/\"},{\"@type\":\"ListItem\",\"position\":3,\"name\":\"\u201cAbzas i\u015fi\u201d: \u0130ki jurnalistin h\u0259bs m\u00fcdd\u0259ti uzad\u0131ld\u0131\"}]},{\"@type\":\"WebSite\",\"@id\":\"https:\\\/\\\/www.meydan.tv\\\/az\\\/#website\",\"url\":\"https:\\\/\\\/www.meydan.tv\\\/az\\\/\",\"name\":\"MEYDAN.TV\",\"description\":\"Meydan TV Az\u0259rbaycan\u0131n media m\u0259kan\u0131ndak\u0131 alternativ s\u0259sidir\",\"publisher\":{\"@id\":\"https:\\\/\\\/www.meydan.tv\\\/az\\\/#organization\"},\"potentialAction\":[{\"@type\":\"SearchAction\",\"target\":{\"@type\":\"EntryPoint\",\"urlTemplate\":\"https:\\\/\\\/www.meydan.tv\\\/az\\\/?s={search_term_string}\"},\"query-input\":{\"@type\":\"PropertyValueSpecification\",\"valueRequired\":true,\"valueName\":\"search_term_string\"}}],\"inLanguage\":\"az\"},{\"@type\":\"Organization\",\"@id\":\"https:\\\/\\\/www.meydan.tv\\\/az\\\/#organization\",\"name\":\"Meydan TV\",\"url\":\"https:\\\/\\\/www.meydan.tv\\\/az\\\/\",\"logo\":{\"@type\":\"ImageObject\",\"inLanguage\":\"az\",\"@id\":\"https:\\\/\\\/www.meydan.tv\\\/az\\\/#\\\/schema\\\/logo\\\/image\\\/\",\"url\":\"https:\\\/\\\/www.meydan.tv\\\/wp-content\\\/uploads\\\/2021\\\/07\\\/meydan-logo.svg\",\"contentUrl\":\"https:\\\/\\\/www.meydan.tv\\\/wp-content\\\/uploads\\\/2021\\\/07\\\/meydan-logo.svg\",\"width\":195,\"height\":46,\"caption\":\"Meydan TV\"},\"image\":{\"@id\":\"https:\\\/\\\/www.meydan.tv\\\/az\\\/#\\\/schema\\\/logo\\\/image\\\/\"}},{\"@type\":\"Person\",\"@id\":\"https:\\\/\\\/www.meydan.tv\\\/az\\\/#\\\/schema\\\/person\\\/09863e516102a829e72bedcf3f84c6b0\",\"name\":\"mahmud\"}]}<\/script>\n<!-- \/ Yoast SEO plugin. -->","yoast_head_json":{"title":"\u201cAbzas i\u015fi\u201d: \u0130ki jurnalistin h\u0259bs m\u00fcdd\u0259ti uzad\u0131ld\u0131 - MEYDAN.TV","robots":{"index":"index","follow":"follow","max-snippet":"max-snippet:-1","max-image-preview":"max-image-preview:large","max-video-preview":"max-video-preview:-1"},"canonical":"https:\/\/www.meydan.tv\/az\/article\/abzas-isi-iki-jurnalistin-hebs-muddeti-uzadildi\/","og_locale":"az_AZ","og_type":"article","og_title":"\u201cAbzas i\u015fi\u201d: \u0130ki jurnalistin h\u0259bs m\u00fcdd\u0259ti uzad\u0131ld\u0131 - MEYDAN.TV","og_description":"Hakim prokurorun t\u0259qdimat\u0131n\u0131 q\u0259bul edib &#8220;AbzasMedia&#8221; n\u0259\u015fri il\u0259 ba\u011fl\u0131 cinay\u0259t ... Davam\u0131","og_url":"https:\/\/www.meydan.tv\/az\/article\/abzas-isi-iki-jurnalistin-hebs-muddeti-uzadildi\/","og_site_name":"MEYDAN.TV","article_published_time":"2024-06-10T15:19:42+00:00","article_modified_time":"2024-06-10T15:19:45+00:00","og_image":[{"width":1700,"height":651,"url":"https:\/\/www.meydan.tv\/wp-content\/uploads\/abzas_loqo.png","type":"image\/png"}],"author":"mahmud","twitter_card":"summary_large_image","schema":{"@context":"https:\/\/schema.org","@graph":[{"@type":"Article","@id":"https:\/\/www.meydan.tv\/az\/article\/abzas-isi-iki-jurnalistin-hebs-muddeti-uzadildi\/#article","isPartOf":{"@id":"https:\/\/www.meydan.tv\/az\/article\/abzas-isi-iki-jurnalistin-hebs-muddeti-uzadildi\/"},"author":{"name":"mahmud","@id":"https:\/\/www.meydan.tv\/az\/#\/schema\/person\/09863e516102a829e72bedcf3f84c6b0"},"headline":"\u201cAbzas i\u015fi\u201d: \u0130ki jurnalistin h\u0259bs m\u00fcdd\u0259ti uzad\u0131ld\u0131","datePublished":"2024-06-10T15:19:42+00:00","dateModified":"2024-06-10T15:19:45+00:00","mainEntityOfPage":{"@id":"https:\/\/www.meydan.tv\/az\/article\/abzas-isi-iki-jurnalistin-hebs-muddeti-uzadildi\/"},"wordCount":758,"publisher":{"@id":"https:\/\/www.meydan.tv\/az\/#organization"},"image":{"@id":"https:\/\/www.meydan.tv\/az\/article\/abzas-isi-iki-jurnalistin-hebs-muddeti-uzadildi\/#primaryimage"},"thumbnailUrl":"https:\/\/www.meydan.tv\/wp-content\/uploads\/abzas_loqo.png","articleSection":["Siyas\u0259t","T\u00f6vsiy\u0259","X\u0259b\u0259rl\u0259r"],"inLanguage":"az"},{"@type":"WebPage","@id":"https:\/\/www.meydan.tv\/az\/article\/abzas-isi-iki-jurnalistin-hebs-muddeti-uzadildi\/","url":"https:\/\/www.meydan.tv\/az\/article\/abzas-isi-iki-jurnalistin-hebs-muddeti-uzadildi\/","name":"\u201cAbzas i\u015fi\u201d: \u0130ki jurnalistin h\u0259bs m\u00fcdd\u0259ti uzad\u0131ld\u0131 - MEYDAN.TV","isPartOf":{"@id":"https:\/\/www.meydan.tv\/az\/#website"},"primaryImageOfPage":{"@id":"https:\/\/www.meydan.tv\/az\/article\/abzas-isi-iki-jurnalistin-hebs-muddeti-uzadildi\/#primaryimage"},"image":{"@id":"https:\/\/www.meydan.tv\/az\/article\/abzas-isi-iki-jurnalistin-hebs-muddeti-uzadildi\/#primaryimage"},"thumbnailUrl":"https:\/\/www.meydan.tv\/wp-content\/uploads\/abzas_loqo.png","datePublished":"2024-06-10T15:19:42+00:00","dateModified":"2024-06-10T15:19:45+00:00","breadcrumb":{"@id":"https:\/\/www.meydan.tv\/az\/article\/abzas-isi-iki-jurnalistin-hebs-muddeti-uzadildi\/#breadcrumb"},"inLanguage":"az","potentialAction":[{"@type":"ReadAction","target":["https:\/\/www.meydan.tv\/az\/article\/abzas-isi-iki-jurnalistin-hebs-muddeti-uzadildi\/"]}]},{"@type":"ImageObject","inLanguage":"az","@id":"https:\/\/www.meydan.tv\/az\/article\/abzas-isi-iki-jurnalistin-hebs-muddeti-uzadildi\/#primaryimage","url":"https:\/\/www.meydan.tv\/wp-content\/uploads\/abzas_loqo.png","contentUrl":"https:\/\/www.meydan.tv\/wp-content\/uploads\/abzas_loqo.png","width":1700,"height":651,"caption":"Foto: abzasnet"},{"@type":"BreadcrumbList","@id":"https:\/\/www.meydan.tv\/az\/article\/abzas-isi-iki-jurnalistin-hebs-muddeti-uzadildi\/#breadcrumb","itemListElement":[{"@type":"ListItem","position":1,"name":"Ana s\u0259hif\u0259","item":"https:\/\/www.meydan.tv\/az\/"},{"@type":"ListItem","position":2,"name":"Siyas\u0259t","item":"https:\/\/www.meydan.tv\/az\/section\/siyaset\/"},{"@type":"ListItem","position":3,"name":"\u201cAbzas i\u015fi\u201d: \u0130ki jurnalistin h\u0259bs m\u00fcdd\u0259ti uzad\u0131ld\u0131"}]},{"@type":"WebSite","@id":"https:\/\/www.meydan.tv\/az\/#website","url":"https:\/\/www.meydan.tv\/az\/","name":"MEYDAN.TV","description":"Meydan TV Az\u0259rbaycan\u0131n media m\u0259kan\u0131ndak\u0131 alternativ s\u0259sidir","publisher":{"@id":"https:\/\/www.meydan.tv\/az\/#organization"},"potentialAction":[{"@type":"SearchAction","target":{"@type":"EntryPoint","urlTemplate":"https:\/\/www.meydan.tv\/az\/?s={search_term_string}"},"query-input":{"@type":"PropertyValueSpecification","valueRequired":true,"valueName":"search_term_string"}}],"inLanguage":"az"},{"@type":"Organization","@id":"https:\/\/www.meydan.tv\/az\/#organization","name":"Meydan TV","url":"https:\/\/www.meydan.tv\/az\/","logo":{"@type":"ImageObject","inLanguage":"az","@id":"https:\/\/www.meydan.tv\/az\/#\/schema\/logo\/image\/","url":"https:\/\/www.meydan.tv\/wp-content\/uploads\/2021\/07\/meydan-logo.svg","contentUrl":"https:\/\/www.meydan.tv\/wp-content\/uploads\/2021\/07\/meydan-logo.svg","width":195,"height":46,"caption":"Meydan TV"},"image":{"@id":"https:\/\/www.meydan.tv\/az\/#\/schema\/logo\/image\/"}},{"@type":"Person","@id":"https:\/\/www.meydan.tv\/az\/#\/schema\/person\/09863e516102a829e72bedcf3f84c6b0","name":"mahmud"}]}},"_links":{"self":[{"href":"https:\/\/www.meydan.tv\/az\/wp-json\/wp\/v2\/posts\/307841","targetHints":{"allow":["GET"]}}],"collection":[{"href":"https:\/\/www.meydan.tv\/az\/wp-json\/wp\/v2\/posts"}],"about":[{"href":"https:\/\/www.meydan.tv\/az\/wp-json\/wp\/v2\/types\/post"}],"author":[{"embeddable":true,"href":"https:\/\/www.meydan.tv\/az\/wp-json\/wp\/v2\/users\/21"}],"replies":[{"embeddable":true,"href":"https:\/\/www.meydan.tv\/az\/wp-json\/wp\/v2\/comments?post=307841"}],"version-history":[{"count":1,"href":"https:\/\/www.meydan.tv\/az\/wp-json\/wp\/v2\/posts\/307841\/revisions"}],"predecessor-version":[{"id":307842,"href":"https:\/\/www.meydan.tv\/az\/wp-json\/wp\/v2\/posts\/307841\/revisions\/307842"}],"wp:featuredmedia":[{"embeddable":true,"href":"https:\/\/www.meydan.tv\/az\/wp-json\/wp\/v2\/media\/290976"}],"wp:attachment":[{"href":"https:\/\/www.meydan.tv\/az\/wp-json\/wp\/v2\/media?parent=307841"}],"wp:term":[{"taxonomy":"category","embeddable":true,"href":"https:\/\/www.meydan.tv\/az\/wp-json\/wp\/v2\/categories?post=307841"},{"taxonomy":"post_tag","embeddable":true,"href":"https:\/\/www.meydan.tv\/az\/wp-json\/wp\/v2\/tags?post=307841"}],"curies":[{"name":"wp","href":"https:\/\/api.w.org\/{rel}","templated":true}]}}