{"id":307819,"date":"2024-06-10T14:15:04","date_gmt":"2024-06-10T10:15:04","guid":{"rendered":"https:\/\/www.meydan.tv\/?p=307819"},"modified":"2024-06-10T14:15:09","modified_gmt":"2024-06-10T10:15:09","slug":"qetle-yetirilen-musavatcinin-bacisi-mekteb-direktorunun-da-menevi-mesuliyyeti-var","status":"publish","type":"post","link":"https:\/\/www.meydan.tv\/az\/article\/qetle-yetirilen-musavatcinin-bacisi-mekteb-direktorunun-da-menevi-mesuliyyeti-var\/","title":{"rendered":"Q\u0259tl\u0259 yetiril\u0259n m\u00fcsavat\u00e7\u0131n\u0131n bac\u0131s\u0131: \u201cM\u0259kt\u0259b direktorunun da m\u0259n\u0259vi m\u0259suliyy\u0259ti var\u201d"},"content":{"rendered":"\n<p><\/p>\n\n\n\n<p><strong><em>Yegan\u0259 Mehdi: \u201cNatiq Anadolu Universitetini bitirmi\u015fdi, m\u00fcxalif\u0259t\u00e7i oldu\u011funa g\u00f6r\u0259 ona i\u015f vermirdil\u0259r, bu \u00fczd\u0259n g\u00f6z\u0259t\u00e7i i\u015fl\u0259yirdi\u201d<\/em><\/strong><\/p>\n\n\n\n<p>M\u00fcsavat Partiyas\u0131n\u0131n \u00fczv\u00fc, ba\u015fqanl\u0131\u011fa namiz\u0259d olmu\u015f Natiq Mehdinin q\u0259tl\u0259 yetirilm\u0259sind\u0259n 1 ay ke\u00e7ir. Onun q\u0259tlind\u0259 ittiham olunan Elsev\u0259r \u0130slamovla ba\u011fl\u0131 istintaq X\u0259tai Rayon Prokurorlu\u011funda davam edir.<\/p>\n\n\n\n<p>1966-c\u0131 il t\u0259v\u0259ll\u00fcdl\u00fc Elsev\u0259r \u0130slamov X\u0259tai rayonundak\u0131 55 sayl\u0131 orta m\u0259kt\u0259bin direktor m\u00fcavini olub. Natiq Mehdi is\u0259 m\u0259kt\u0259bd\u0259 g\u00f6z\u0259t\u00e7i i\u015fl\u0259yirdi.<\/p>\n\n\n\n<p>Natiq Mehdinin bac\u0131s\u0131, istintaqda onun h\u00fcquqi varisi qismind\u0259 tan\u0131nan Yegan\u0259 Mehdi hesab edir ki, qarda\u015f\u0131n\u0131n ba\u015f\u0131na g\u0259l\u0259nl\u0259r\u0259 g\u00f6r\u0259 m\u0259kt\u0259b r\u0259hb\u0259rliyi d\u0259 m\u0259suliyy\u0259t da\u015f\u0131y\u0131r. Hesab edir ki, m\u0259kt\u0259b r\u0259hb\u0259rliyi vaxt\u0131nda t\u0259dbir g\u00f6rs\u0259ydi, bel\u0259 bir hadis\u0259 ya\u015fanmazd\u0131.<\/p>\n\n\n\n<p>Yegan\u0259 Mehdi Meydan TV-y\u0259 dan\u0131\u015f\u0131r ki, m\u0259kt\u0259bin direktoru il\u0259 g\u00f6r\u00fc\u015f\u00fcb:<\/p>\n\n\n\n<p>\u201c<em>Direktor Yaqut K\u0259rimli il\u0259 dan\u0131\u015fd\u0131m. O, m\u00fcavininin problemli oldu\u011funu bilirmi\u015f. Ona 5-6 d\u0259f\u0259 t\u00f6hm\u0259t verilib. Uzun m\u00fcdd\u0259t m\u0259kt\u0259bin zirz\u0259misind\u0259 ail\u0259si, azya\u015fl\u0131 u\u015faqlar\u0131 il\u0259 ya\u015fay\u0131rm\u0131\u015f. Onu oradan zorla \u00e7\u0131xar\u0131blar. Y\u0259ni direktor bu adam\u0131n mahiyy\u0259tini bilirdi. \u00dcst\u0259lik, onun Natiq\u0259 qar\u015f\u0131 aqressiyas\u0131ndan da x\u0259b\u0259rdar olub. Bunlar\u0131 bil\u0259-bil\u0259 yen\u0259 d\u0259 ona deyirmi\u015f ki, \u201ci\u015f\u00e7il\u0259rin\u0259 qar\u015f\u0131 s\u0259rt davran, t\u0259l\u0259bkar ol\u201d. M\u0259n bununla ba\u011fl\u0131 irad\u0131m\u0131 onun \u00f6z\u00fcn\u0259 d\u0259 bildirdim. Natiqi \u00e7a\u011f\u0131r\u0131b dey\u0259 bil\u0259rdi ki, \u201cv\u0259ziyy\u0259t yax\u015f\u0131 deyil, s\u0259n i\u015fd\u0259n \u00e7\u0131x\u201d. Natiq \u00e7\u0131x\u0131b ged\u0259c\u0259kdi. Onsuz da oradan \u00e7\u0131xma\u011f\u0131 d\u00fc\u015f\u00fcn\u00fcrd\u00fc. Yaqut K\u0259rimlinin ba\u015f ver\u0259nl\u0259rd\u0259 cinay\u0259t m\u0259suliyy\u0259ti olmasa da, m\u0259n\u0259vi m\u0259suliyy\u0259ti var&#8230;\u201d.<\/em><\/p>\n\n\n\n<p>Yegan\u0259 Mehdi deyir ki, onu t\u0259\u0259cc\u00fcbl\u0259ndir\u0259n h\u0259m d\u0259 m\u0259kt\u0259b kollektivinin, Elm v\u0259 T\u0259hsil Nazirliyinin davran\u0131\u015f\u0131 oldu. Onun s\u00f6zl\u0259rin\u0259 g\u00f6r\u0259, paytaxt\u0131n m\u0259rk\u0259zind\u0259ki t\u0259hsil oca\u011f\u0131nda direktor m\u00fcavini bir adam\u0131 \u00f6ld\u00fcr\u00fcr, apar\u0131b basd\u0131r\u0131r, \u00fc\u00e7 g\u00fcn i\u015f\u0259 g\u0259lib-gedir, bunu bil\u0259nd\u0259n sonra nazirlikd\u0259kil\u0259r d\u0259, m\u0259kt\u0259bd\u0259kil\u0259r d\u0259 he\u00e7 n\u0259 olmay\u0131bm\u0131\u015f kimi davran\u0131r:<\/p>\n\n\n\n<p>\u201c<em>M\u0259kt\u0259bd\u0259n kims\u0259 n\u0259 g\u0259ldi, n\u0259 ba\u015fsa\u011fl\u0131\u011f\u0131 verdi, n\u0259 d\u0259 z\u0259ng el\u0259di. Hans\u0131sa ticar\u0259t obyekti, in\u015faat m\u0259kan\u0131 deyil, t\u0259hsil oca\u011f\u0131nda bel\u0259 bir a\u011f\u0131r cinay\u0259t t\u00f6r\u0259dilib. M\u0259n nazir Emin \u018fmrullayev\u0259 m\u00fcraci\u0259t edir\u0259m, bel\u0259 davran\u0131\u015f n\u0259 d\u0259r\u0259c\u0259d\u0259 do\u011frudur, etikdir?\u201d.<\/em><\/p>\n\n\n\n<p>Yegan\u0259 Mehdinin s\u00f6zl\u0259rin\u0259 g\u00f6r\u0259, t\u0259qsirl\u0259ndiril\u0259n \u015f\u0259xs istintaqa ifad\u0259sind\u0259 hadis\u0259nin m\u00fcbahis\u0259 z\u0259minind\u0259 ba\u015f verdiyini bildirib. Deyib ki, Natiq Mehdi i\u015f ba\u015f\u0131nda yatm\u0131\u015f v\u0259ziyy\u0259td\u0259 olub, bu \u00fczd\u0259n aralar\u0131nda m\u00fcbahis\u0259 yaran\u0131b. M\u00fcbahis\u0259 zaman\u0131 s\u00f6y\u00fc\u015f s\u00f6yd\u00fcy\u00fcn\u0259 g\u00f6r\u0259 onu \u00f6ld\u00fcr\u00fcb. Daha sonra cinay\u0259ti gizl\u0259tm\u0259k \u00fc\u00e7\u00fcn meyiti apar\u0131b basd\u0131r\u0131b. \u00dcst\u00fcnd\u0259 olan s\u0259n\u0259dl\u0259ri, avtomobilinin a\u00e7ar\u0131n\u0131, telefonunu&nbsp; is\u0259 zibil qutusuna at\u0131b:<\/p>\n\n\n\n<p>\u201c<em>Deyib ki, \u201cNatiq anam\u0131 s\u00f6yd\u00fc, ona g\u00f6r\u0259 \u00f6ld\u00fcrd\u00fcm\u201d. M\u00fcmk\u00fcn deyil, Natiq s\u00f6y\u00fc\u015f s\u00f6y\u0259n deyildi. \u0130kincisi, m\u00fcbahis\u0259 ed\u0259nd\u0259 adam\u0131 \u00f6ld\u00fcr\u00fcrl\u0259r? Direktora deyir\u0259m ki, bu q\u0259d\u0259r t\u00f6hm\u0259t verdiyiniz, problemli adam\u0131 niy\u0259 i\u015fd\u0259 saxlam\u0131\u015fd\u0131n\u0131z? Cavab verir ki, \u201cu\u015faqlarla m\u00fcnasib\u0259tl\u0259ri yax\u015f\u0131 idi\u201d. 2005-ci ild\u0259n o m\u0259kt\u0259bd\u0259 i\u015fl\u0259yirmi\u015f. Natiqin orada i\u015fl\u0259m\u0259yi is\u0259 t\u0259xmin\u0259n iki il olard\u0131. Natiq Anadolu Universitetini bitirmi\u015fdi. Sad\u0259c\u0259, m\u00fcxalif\u0259t\u00e7i oldu\u011funa g\u00f6r\u0259 ona i\u015f vermirdil\u0259r. Bu \u00fczd\u0259n g\u00f6z\u0259t\u00e7i i\u015fl\u0259yirdi. Ma\u015f\u0131n\u0131 \u201cA\u011f \u015f\u0259h\u0259r\u201dd\u0259n tap\u0131ld\u0131, s\u0259n\u0259dl\u0259r, \u0259\u015fylar is\u0259 yox. Telefonu tapmaq ist\u0259yirdik ki, b\u0259lk\u0259 n\u0259s\u0259 mesaj ola bil\u0259rdi&#8230;\u201d.<\/em><\/p>\n\n\n<div class=\"wp-block-image\">\n<figure class=\"aligncenter size-large\"><img decoding=\"async\" width=\"1095\" height=\"821\" data-src=\"https:\/\/www.meydan.tv\/wp-content\/uploads\/photo-2024-06-10-13-39-49-1095x821.jpg\" alt=\"\" class=\"wp-image-307820 lazyload\" src=\"data:image\/svg+xml;base64,PHN2ZyB3aWR0aD0iMSIgaGVpZ2h0PSIxIiB4bWxucz0iaHR0cDovL3d3dy53My5vcmcvMjAwMC9zdmciPjwvc3ZnPg==\" style=\"--smush-placeholder-width: 1095px; --smush-placeholder-aspect-ratio: 1095\/821;\" \/><figcaption class=\"wp-element-caption\">Foto: Meydan TV<\/figcaption><\/figure>\n<\/div>\n\n\n<p>Bac\u0131s\u0131 deyir ki, i\u015fi Natiq Mehdinin \u00fcr\u0259yinc\u0259 deyildi, h\u0259tta son vaxtlar onunla dan\u0131\u015fanda i\u015fd\u0259n \u00e7\u0131xaca\u011f\u0131n\u0131 deyirdi. Bu t\u0259dris ili ba\u015fa \u00e7atanda \u0259riz\u0259sini yazma\u011f\u0131 planla\u015fd\u0131r\u0131rm\u0131\u015f: <\/p>\n\n\n\n<p><em>\u201cDeyirdi ki, \u00e7ox s\u0259rtl\u0259\u015fib, t\u0259tild\u0259 \u00e7\u0131xacaq\u201d.<\/em><\/p>\n\n\n\n<p>Qarda\u015f\u0131n\u0131n q\u0259tlinin \u00fcst\u00fcn\u00fcn nec\u0259 a\u00e7\u0131lmas\u0131na g\u0259linc\u0259, Yegan\u0259 Mehdi dan\u0131\u015f\u0131r ki, \u00f6z\u00fc T\u00fcrkiy\u0259d\u0259 ya\u015fasa da, h\u0259r g\u00fcn bir ne\u00e7\u0259 d\u0259f\u0259 onunla dan\u0131\u015f\u0131b, hal-\u0259hval tuturdular. Sonuncu d\u0259f\u0259 may\u0131n 10-da qarda\u015f\u0131na mesaj g\u00f6nd\u0259rib, lakin cavab g\u0259lm\u0259yib. \u00d6nc\u0259 d\u00fc\u015f\u00fcn\u00fcb ki, ba\u015f\u0131 qar\u0131\u015f\u0131qd\u0131r, dostlar\u0131 il\u0259 harasa gedib, lakin bir g\u00fcn cavab g\u0259lm\u0259y\u0259nd\u0259 narahat olma\u011fa ba\u015flay\u0131b:<\/p>\n\n\n\n<p>\u201c<em>Bak\u0131da olan bac\u0131m o\u011fluna z\u0259ng el\u0259yib soru\u015fdum ki, Natiq hardad\u0131r, niy\u0259 cavab vermir? Dedi ki, \u201cbiz d\u0259 onu axtar\u0131r\u0131q\u201d. Soru\u015fdum ki, polis\u0259 m\u00fcraci\u0259t el\u0259mis\u0259n? Dedi ki, \u201cel\u0259mi\u015f\u0259m, amma polis axtar\u0131\u015fa b\u00f6y\u00fckl\u0259r \u00fc\u00e7\u00fcn 72 saat, u\u015faqlar \u00fc\u00e7\u00fcn 24 saat sonra ba\u015flay\u0131r\u201d. \u00c7\u00fcnki ola bil\u0259r, harasa gedib, bu m\u00fcdd\u0259td\u0259 qay\u0131da bil\u0259r. 72 saat sonra da ortaya \u00e7\u0131xd\u0131 ki, q\u0259tl\u0259 yetirilib.<\/em><\/p>\n\n\n\n<p><em>Natiqi t\u0259k biz axtarm\u0131rd\u0131q, dostlar\u0131, partiyadan yolda\u015flar\u0131 da axtar\u0131rd\u0131. Sosial \u015f\u0259b\u0259k\u0259l\u0259rd\u0259n d\u0259 oxuyurdum, ehtimal vard\u0131 ki, b\u0259lk\u0259 polis tutub, yeri bar\u0259d\u0259 m\u0259lumat vermir. \u00c7\u00fcnki M\u00fcsavat ba\u015fqanl\u0131\u011f\u0131na namiz\u0259d olmu\u015fdu. Sonra sosial \u015f\u0259b\u0259k\u0259l\u0259rd\u0259 q\u0259tl\u0259 yetirilm\u0259si bar\u0259d\u0259 m\u0259lumat g\u00f6rd\u00fcm. D\u0259rhal bac\u0131m o\u011fluna z\u0259ng el\u0259dim, dedi ki, \u201ch\u0259l\u0259 m\u0259nim x\u0259b\u0259rim yoxdur, polisd\u0259yik, g\u00f6r\u0259k n\u0259 deyirl\u0259r\u201d. Kameralar vasit\u0259sil\u0259 a\u015fkarlan\u0131b ki, m\u0259kt\u0259bd\u0259 \u00f6ld\u00fcr\u00fcb, apar\u0131b k\u0259narda basd\u0131r\u0131b. T\u0259l\u0259sik \u00e7\u0131x\u0131b g\u0259ldik T\u00fcrkiy\u0259d\u0259n. Natiq he\u00e7 kim\u0259 pislik ed\u0259c\u0259k, qar\u0131\u015fqaya bel\u0259 toxunacaq adam deyildi&#8230;\u201d.<\/em><\/p>\n\n\n\n<p>Natiq Mehdi may\u0131n 10-da i\u015f\u0259 getm\u0259k ad\u0131yla \u015f\u0259xsi avtomobili il\u0259 evd\u0259n \u00e7\u0131x\u0131b v\u0259 yax\u0131nlar\u0131 may\u0131n 14-n\u0259 q\u0259d\u0259r ondan x\u0259b\u0259r ala bilm\u0259yib. M\u00fcsavat\u00e7\u0131 f\u0259al\u0131n yax\u0131nlar\u0131 onun yerinin m\u00fc\u0259yy\u0259nl\u0259\u015fdirilm\u0259si \u00fc\u00e7\u00fcn X\u0259tai rayonu, 37-ci polis b\u00f6lm\u0259sin\u0259 m\u00fcraci\u0259t etmi\u015fdi. May\u0131n 14-d\u0259 h\u00fcquq-m\u00fchafiz\u0259 orqanlar\u0131 onun q\u0259tl\u0259 yetirildiyini m\u00fc\u0259yy\u0259nl\u0259\u015fdirib.<\/p>\n\n\n\n<p>Natiq Mehdi bu il ke\u00e7iril\u0259n son se\u00e7kid\u0259 M\u00fcsavat ba\u015fqanl\u0131\u011f\u0131na namiz\u0259d olub. Lakin sonradan namiz\u0259dliyini geri g\u00f6t\u00fcr\u00fcb.<\/p>\n\n\n\n<p>M\u00fcsavat Partiyas\u0131n\u0131n qurultay\u0131 may\u0131n 4-d\u0259 ke\u00e7irilib v\u0259 \u0130sa Q\u0259mb\u0259r yenid\u0259n partiyan\u0131n ba\u015fqan\u0131 se\u00e7ilib.<\/p>\n","protected":false},"excerpt":{"rendered":"<p>Yegan\u0259 Mehdi: \u201cNatiq Anadolu Universitetini bitirmi\u015fdi, m\u00fcxalif\u0259t\u00e7i oldu\u011funa g\u00f6r\u0259 ona &#8230; <\/p>\n<p class=\"read-more-container\"><a title=\"Q\u0259tl\u0259 yetiril\u0259n m\u00fcsavat\u00e7\u0131n\u0131n bac\u0131s\u0131: \u201cM\u0259kt\u0259b direktorunun da m\u0259n\u0259vi m\u0259suliyy\u0259ti var\u201d\" class=\"read-more button\" href=\"https:\/\/www.meydan.tv\/az\/article\/qetle-yetirilen-musavatcinin-bacisi-mekteb-direktorunun-da-menevi-mesuliyyeti-var\/#more-307819\" aria-label=\"Read more about Q\u0259tl\u0259 yetiril\u0259n m\u00fcsavat\u00e7\u0131n\u0131n bac\u0131s\u0131: \u201cM\u0259kt\u0259b direktorunun da m\u0259n\u0259vi m\u0259suliyy\u0259ti var\u201d\">Davam\u0131<\/a><\/p>\n","protected":false},"author":8,"featured_media":305778,"comment_status":"closed","ping_status":"closed","sticky":false,"template":"","format":"standard","meta":{"_acf_changed":false,"_sitemap_exclude":false,"_sitemap_priority":"","_sitemap_frequency":"","footnotes":""},"categories":[62,79,56],"tags":[],"class_list":["post-307819","post","type-post","status-publish","format-standard","has-post-thumbnail","hentry","category-sosial","category-featured","category-xeberler","infinite-scroll-item","generate-columns","tablet-grid-50","mobile-grid-100","grid-parent","grid-33","no-featured-image-padding"],"acf":[],"yoast_head":"<!-- This site is optimized with the Yoast SEO plugin v27.5 - https:\/\/yoast.com\/product\/yoast-seo-wordpress\/ -->\n<title>Q\u0259tl\u0259 yetiril\u0259n m\u00fcsavat\u00e7\u0131n\u0131n bac\u0131s\u0131: \u201cM\u0259kt\u0259b direktorunun da m\u0259n\u0259vi m\u0259suliyy\u0259ti var\u201d - MEYDAN.TV<\/title>\n<meta name=\"robots\" content=\"index, follow, max-snippet:-1, max-image-preview:large, max-video-preview:-1\" \/>\n<link rel=\"canonical\" href=\"https:\/\/www.meydan.tv\/az\/article\/qetle-yetirilen-musavatcinin-bacisi-mekteb-direktorunun-da-menevi-mesuliyyeti-var\/\" \/>\n<meta property=\"og:locale\" content=\"az_AZ\" \/>\n<meta property=\"og:type\" content=\"article\" \/>\n<meta property=\"og:title\" content=\"Q\u0259tl\u0259 yetiril\u0259n m\u00fcsavat\u00e7\u0131n\u0131n bac\u0131s\u0131: \u201cM\u0259kt\u0259b direktorunun da m\u0259n\u0259vi m\u0259suliyy\u0259ti var\u201d - MEYDAN.TV\" \/>\n<meta property=\"og:description\" content=\"Yegan\u0259 Mehdi: \u201cNatiq Anadolu Universitetini bitirmi\u015fdi, m\u00fcxalif\u0259t\u00e7i oldu\u011funa g\u00f6r\u0259 ona ... Davam\u0131\" \/>\n<meta property=\"og:url\" content=\"https:\/\/www.meydan.tv\/az\/article\/qetle-yetirilen-musavatcinin-bacisi-mekteb-direktorunun-da-menevi-mesuliyyeti-var\/\" \/>\n<meta property=\"og:site_name\" content=\"MEYDAN.TV\" \/>\n<meta property=\"article:published_time\" content=\"2024-06-10T10:15:04+00:00\" \/>\n<meta property=\"article:modified_time\" content=\"2024-06-10T10:15:09+00:00\" \/>\n<meta property=\"og:image\" content=\"https:\/\/www.meydan.tv\/wp-content\/uploads\/natiq-uluqbey.jpg\" \/>\n\t<meta property=\"og:image:width\" content=\"1200\" \/>\n\t<meta property=\"og:image:height\" content=\"675\" \/>\n\t<meta property=\"og:image:type\" content=\"image\/jpeg\" \/>\n<meta name=\"author\" content=\"elli\" \/>\n<meta name=\"twitter:card\" content=\"summary_large_image\" \/>\n<meta name=\"twitter:creator\" content=\"@elli\" \/>\n<script type=\"application\/ld+json\" class=\"yoast-schema-graph\">{\"@context\":\"https:\\\/\\\/schema.org\",\"@graph\":[{\"@type\":\"Article\",\"@id\":\"https:\\\/\\\/www.meydan.tv\\\/az\\\/article\\\/qetle-yetirilen-musavatcinin-bacisi-mekteb-direktorunun-da-menevi-mesuliyyeti-var\\\/#article\",\"isPartOf\":{\"@id\":\"https:\\\/\\\/www.meydan.tv\\\/az\\\/article\\\/qetle-yetirilen-musavatcinin-bacisi-mekteb-direktorunun-da-menevi-mesuliyyeti-var\\\/\"},\"author\":{\"name\":\"elli\",\"@id\":\"https:\\\/\\\/www.meydan.tv\\\/az\\\/#\\\/schema\\\/person\\\/9cdbecf90d17180ce1dfbd95b08dcf47\"},\"headline\":\"Q\u0259tl\u0259 yetiril\u0259n m\u00fcsavat\u00e7\u0131n\u0131n bac\u0131s\u0131: \u201cM\u0259kt\u0259b direktorunun da m\u0259n\u0259vi m\u0259suliyy\u0259ti var\u201d\",\"datePublished\":\"2024-06-10T10:15:04+00:00\",\"dateModified\":\"2024-06-10T10:15:09+00:00\",\"mainEntityOfPage\":{\"@id\":\"https:\\\/\\\/www.meydan.tv\\\/az\\\/article\\\/qetle-yetirilen-musavatcinin-bacisi-mekteb-direktorunun-da-menevi-mesuliyyeti-var\\\/\"},\"wordCount\":1214,\"publisher\":{\"@id\":\"https:\\\/\\\/www.meydan.tv\\\/az\\\/#organization\"},\"image\":{\"@id\":\"https:\\\/\\\/www.meydan.tv\\\/az\\\/article\\\/qetle-yetirilen-musavatcinin-bacisi-mekteb-direktorunun-da-menevi-mesuliyyeti-var\\\/#primaryimage\"},\"thumbnailUrl\":\"https:\\\/\\\/www.meydan.tv\\\/wp-content\\\/uploads\\\/natiq-uluqbey.jpg\",\"articleSection\":[\"Sosial\",\"T\u00f6vsiy\u0259\",\"X\u0259b\u0259rl\u0259r\"],\"inLanguage\":\"az\"},{\"@type\":\"WebPage\",\"@id\":\"https:\\\/\\\/www.meydan.tv\\\/az\\\/article\\\/qetle-yetirilen-musavatcinin-bacisi-mekteb-direktorunun-da-menevi-mesuliyyeti-var\\\/\",\"url\":\"https:\\\/\\\/www.meydan.tv\\\/az\\\/article\\\/qetle-yetirilen-musavatcinin-bacisi-mekteb-direktorunun-da-menevi-mesuliyyeti-var\\\/\",\"name\":\"Q\u0259tl\u0259 yetiril\u0259n m\u00fcsavat\u00e7\u0131n\u0131n bac\u0131s\u0131: \u201cM\u0259kt\u0259b direktorunun da m\u0259n\u0259vi m\u0259suliyy\u0259ti var\u201d - MEYDAN.TV\",\"isPartOf\":{\"@id\":\"https:\\\/\\\/www.meydan.tv\\\/az\\\/#website\"},\"primaryImageOfPage\":{\"@id\":\"https:\\\/\\\/www.meydan.tv\\\/az\\\/article\\\/qetle-yetirilen-musavatcinin-bacisi-mekteb-direktorunun-da-menevi-mesuliyyeti-var\\\/#primaryimage\"},\"image\":{\"@id\":\"https:\\\/\\\/www.meydan.tv\\\/az\\\/article\\\/qetle-yetirilen-musavatcinin-bacisi-mekteb-direktorunun-da-menevi-mesuliyyeti-var\\\/#primaryimage\"},\"thumbnailUrl\":\"https:\\\/\\\/www.meydan.tv\\\/wp-content\\\/uploads\\\/natiq-uluqbey.jpg\",\"datePublished\":\"2024-06-10T10:15:04+00:00\",\"dateModified\":\"2024-06-10T10:15:09+00:00\",\"breadcrumb\":{\"@id\":\"https:\\\/\\\/www.meydan.tv\\\/az\\\/article\\\/qetle-yetirilen-musavatcinin-bacisi-mekteb-direktorunun-da-menevi-mesuliyyeti-var\\\/#breadcrumb\"},\"inLanguage\":\"az\",\"potentialAction\":[{\"@type\":\"ReadAction\",\"target\":[\"https:\\\/\\\/www.meydan.tv\\\/az\\\/article\\\/qetle-yetirilen-musavatcinin-bacisi-mekteb-direktorunun-da-menevi-mesuliyyeti-var\\\/\"]}]},{\"@type\":\"ImageObject\",\"inLanguage\":\"az\",\"@id\":\"https:\\\/\\\/www.meydan.tv\\\/az\\\/article\\\/qetle-yetirilen-musavatcinin-bacisi-mekteb-direktorunun-da-menevi-mesuliyyeti-var\\\/#primaryimage\",\"url\":\"https:\\\/\\\/www.meydan.tv\\\/wp-content\\\/uploads\\\/natiq-uluqbey.jpg\",\"contentUrl\":\"https:\\\/\\\/www.meydan.tv\\\/wp-content\\\/uploads\\\/natiq-uluqbey.jpg\",\"width\":1200,\"height\":675,\"caption\":\"Natiq Mehdi. Foto: M\u00fcsavat Partiyas\u0131\"},{\"@type\":\"BreadcrumbList\",\"@id\":\"https:\\\/\\\/www.meydan.tv\\\/az\\\/article\\\/qetle-yetirilen-musavatcinin-bacisi-mekteb-direktorunun-da-menevi-mesuliyyeti-var\\\/#breadcrumb\",\"itemListElement\":[{\"@type\":\"ListItem\",\"position\":1,\"name\":\"Ana s\u0259hif\u0259\",\"item\":\"https:\\\/\\\/www.meydan.tv\\\/az\\\/\"},{\"@type\":\"ListItem\",\"position\":2,\"name\":\"Sosial\",\"item\":\"https:\\\/\\\/www.meydan.tv\\\/az\\\/section\\\/sosial\\\/\"},{\"@type\":\"ListItem\",\"position\":3,\"name\":\"Q\u0259tl\u0259 yetiril\u0259n m\u00fcsavat\u00e7\u0131n\u0131n bac\u0131s\u0131: \u201cM\u0259kt\u0259b direktorunun da m\u0259n\u0259vi m\u0259suliyy\u0259ti var\u201d\"}]},{\"@type\":\"WebSite\",\"@id\":\"https:\\\/\\\/www.meydan.tv\\\/az\\\/#website\",\"url\":\"https:\\\/\\\/www.meydan.tv\\\/az\\\/\",\"name\":\"MEYDAN.TV\",\"description\":\"Meydan TV Az\u0259rbaycan\u0131n media m\u0259kan\u0131ndak\u0131 alternativ s\u0259sidir\",\"publisher\":{\"@id\":\"https:\\\/\\\/www.meydan.tv\\\/az\\\/#organization\"},\"potentialAction\":[{\"@type\":\"SearchAction\",\"target\":{\"@type\":\"EntryPoint\",\"urlTemplate\":\"https:\\\/\\\/www.meydan.tv\\\/az\\\/?s={search_term_string}\"},\"query-input\":{\"@type\":\"PropertyValueSpecification\",\"valueRequired\":true,\"valueName\":\"search_term_string\"}}],\"inLanguage\":\"az\"},{\"@type\":\"Organization\",\"@id\":\"https:\\\/\\\/www.meydan.tv\\\/az\\\/#organization\",\"name\":\"Meydan TV\",\"url\":\"https:\\\/\\\/www.meydan.tv\\\/az\\\/\",\"logo\":{\"@type\":\"ImageObject\",\"inLanguage\":\"az\",\"@id\":\"https:\\\/\\\/www.meydan.tv\\\/az\\\/#\\\/schema\\\/logo\\\/image\\\/\",\"url\":\"https:\\\/\\\/www.meydan.tv\\\/wp-content\\\/uploads\\\/2021\\\/07\\\/meydan-logo.svg\",\"contentUrl\":\"https:\\\/\\\/www.meydan.tv\\\/wp-content\\\/uploads\\\/2021\\\/07\\\/meydan-logo.svg\",\"width\":195,\"height\":46,\"caption\":\"Meydan TV\"},\"image\":{\"@id\":\"https:\\\/\\\/www.meydan.tv\\\/az\\\/#\\\/schema\\\/logo\\\/image\\\/\"}},{\"@type\":\"Person\",\"@id\":\"https:\\\/\\\/www.meydan.tv\\\/az\\\/#\\\/schema\\\/person\\\/9cdbecf90d17180ce1dfbd95b08dcf47\",\"name\":\"elli\",\"sameAs\":[\"https:\\\/\\\/x.com\\\/elli\"]}]}<\/script>\n<!-- \/ Yoast SEO plugin. -->","yoast_head_json":{"title":"Q\u0259tl\u0259 yetiril\u0259n m\u00fcsavat\u00e7\u0131n\u0131n bac\u0131s\u0131: \u201cM\u0259kt\u0259b direktorunun da m\u0259n\u0259vi m\u0259suliyy\u0259ti var\u201d - MEYDAN.TV","robots":{"index":"index","follow":"follow","max-snippet":"max-snippet:-1","max-image-preview":"max-image-preview:large","max-video-preview":"max-video-preview:-1"},"canonical":"https:\/\/www.meydan.tv\/az\/article\/qetle-yetirilen-musavatcinin-bacisi-mekteb-direktorunun-da-menevi-mesuliyyeti-var\/","og_locale":"az_AZ","og_type":"article","og_title":"Q\u0259tl\u0259 yetiril\u0259n m\u00fcsavat\u00e7\u0131n\u0131n bac\u0131s\u0131: \u201cM\u0259kt\u0259b direktorunun da m\u0259n\u0259vi m\u0259suliyy\u0259ti var\u201d - MEYDAN.TV","og_description":"Yegan\u0259 Mehdi: \u201cNatiq Anadolu Universitetini bitirmi\u015fdi, m\u00fcxalif\u0259t\u00e7i oldu\u011funa g\u00f6r\u0259 ona ... Davam\u0131","og_url":"https:\/\/www.meydan.tv\/az\/article\/qetle-yetirilen-musavatcinin-bacisi-mekteb-direktorunun-da-menevi-mesuliyyeti-var\/","og_site_name":"MEYDAN.TV","article_published_time":"2024-06-10T10:15:04+00:00","article_modified_time":"2024-06-10T10:15:09+00:00","og_image":[{"width":1200,"height":675,"url":"https:\/\/www.meydan.tv\/wp-content\/uploads\/natiq-uluqbey.jpg","type":"image\/jpeg"}],"author":"elli","twitter_card":"summary_large_image","twitter_creator":"@elli","schema":{"@context":"https:\/\/schema.org","@graph":[{"@type":"Article","@id":"https:\/\/www.meydan.tv\/az\/article\/qetle-yetirilen-musavatcinin-bacisi-mekteb-direktorunun-da-menevi-mesuliyyeti-var\/#article","isPartOf":{"@id":"https:\/\/www.meydan.tv\/az\/article\/qetle-yetirilen-musavatcinin-bacisi-mekteb-direktorunun-da-menevi-mesuliyyeti-var\/"},"author":{"name":"elli","@id":"https:\/\/www.meydan.tv\/az\/#\/schema\/person\/9cdbecf90d17180ce1dfbd95b08dcf47"},"headline":"Q\u0259tl\u0259 yetiril\u0259n m\u00fcsavat\u00e7\u0131n\u0131n bac\u0131s\u0131: \u201cM\u0259kt\u0259b direktorunun da m\u0259n\u0259vi m\u0259suliyy\u0259ti var\u201d","datePublished":"2024-06-10T10:15:04+00:00","dateModified":"2024-06-10T10:15:09+00:00","mainEntityOfPage":{"@id":"https:\/\/www.meydan.tv\/az\/article\/qetle-yetirilen-musavatcinin-bacisi-mekteb-direktorunun-da-menevi-mesuliyyeti-var\/"},"wordCount":1214,"publisher":{"@id":"https:\/\/www.meydan.tv\/az\/#organization"},"image":{"@id":"https:\/\/www.meydan.tv\/az\/article\/qetle-yetirilen-musavatcinin-bacisi-mekteb-direktorunun-da-menevi-mesuliyyeti-var\/#primaryimage"},"thumbnailUrl":"https:\/\/www.meydan.tv\/wp-content\/uploads\/natiq-uluqbey.jpg","articleSection":["Sosial","T\u00f6vsiy\u0259","X\u0259b\u0259rl\u0259r"],"inLanguage":"az"},{"@type":"WebPage","@id":"https:\/\/www.meydan.tv\/az\/article\/qetle-yetirilen-musavatcinin-bacisi-mekteb-direktorunun-da-menevi-mesuliyyeti-var\/","url":"https:\/\/www.meydan.tv\/az\/article\/qetle-yetirilen-musavatcinin-bacisi-mekteb-direktorunun-da-menevi-mesuliyyeti-var\/","name":"Q\u0259tl\u0259 yetiril\u0259n m\u00fcsavat\u00e7\u0131n\u0131n bac\u0131s\u0131: \u201cM\u0259kt\u0259b direktorunun da m\u0259n\u0259vi m\u0259suliyy\u0259ti var\u201d - MEYDAN.TV","isPartOf":{"@id":"https:\/\/www.meydan.tv\/az\/#website"},"primaryImageOfPage":{"@id":"https:\/\/www.meydan.tv\/az\/article\/qetle-yetirilen-musavatcinin-bacisi-mekteb-direktorunun-da-menevi-mesuliyyeti-var\/#primaryimage"},"image":{"@id":"https:\/\/www.meydan.tv\/az\/article\/qetle-yetirilen-musavatcinin-bacisi-mekteb-direktorunun-da-menevi-mesuliyyeti-var\/#primaryimage"},"thumbnailUrl":"https:\/\/www.meydan.tv\/wp-content\/uploads\/natiq-uluqbey.jpg","datePublished":"2024-06-10T10:15:04+00:00","dateModified":"2024-06-10T10:15:09+00:00","breadcrumb":{"@id":"https:\/\/www.meydan.tv\/az\/article\/qetle-yetirilen-musavatcinin-bacisi-mekteb-direktorunun-da-menevi-mesuliyyeti-var\/#breadcrumb"},"inLanguage":"az","potentialAction":[{"@type":"ReadAction","target":["https:\/\/www.meydan.tv\/az\/article\/qetle-yetirilen-musavatcinin-bacisi-mekteb-direktorunun-da-menevi-mesuliyyeti-var\/"]}]},{"@type":"ImageObject","inLanguage":"az","@id":"https:\/\/www.meydan.tv\/az\/article\/qetle-yetirilen-musavatcinin-bacisi-mekteb-direktorunun-da-menevi-mesuliyyeti-var\/#primaryimage","url":"https:\/\/www.meydan.tv\/wp-content\/uploads\/natiq-uluqbey.jpg","contentUrl":"https:\/\/www.meydan.tv\/wp-content\/uploads\/natiq-uluqbey.jpg","width":1200,"height":675,"caption":"Natiq Mehdi. Foto: M\u00fcsavat Partiyas\u0131"},{"@type":"BreadcrumbList","@id":"https:\/\/www.meydan.tv\/az\/article\/qetle-yetirilen-musavatcinin-bacisi-mekteb-direktorunun-da-menevi-mesuliyyeti-var\/#breadcrumb","itemListElement":[{"@type":"ListItem","position":1,"name":"Ana s\u0259hif\u0259","item":"https:\/\/www.meydan.tv\/az\/"},{"@type":"ListItem","position":2,"name":"Sosial","item":"https:\/\/www.meydan.tv\/az\/section\/sosial\/"},{"@type":"ListItem","position":3,"name":"Q\u0259tl\u0259 yetiril\u0259n m\u00fcsavat\u00e7\u0131n\u0131n bac\u0131s\u0131: \u201cM\u0259kt\u0259b direktorunun da m\u0259n\u0259vi m\u0259suliyy\u0259ti var\u201d"}]},{"@type":"WebSite","@id":"https:\/\/www.meydan.tv\/az\/#website","url":"https:\/\/www.meydan.tv\/az\/","name":"MEYDAN.TV","description":"Meydan TV Az\u0259rbaycan\u0131n media m\u0259kan\u0131ndak\u0131 alternativ s\u0259sidir","publisher":{"@id":"https:\/\/www.meydan.tv\/az\/#organization"},"potentialAction":[{"@type":"SearchAction","target":{"@type":"EntryPoint","urlTemplate":"https:\/\/www.meydan.tv\/az\/?s={search_term_string}"},"query-input":{"@type":"PropertyValueSpecification","valueRequired":true,"valueName":"search_term_string"}}],"inLanguage":"az"},{"@type":"Organization","@id":"https:\/\/www.meydan.tv\/az\/#organization","name":"Meydan TV","url":"https:\/\/www.meydan.tv\/az\/","logo":{"@type":"ImageObject","inLanguage":"az","@id":"https:\/\/www.meydan.tv\/az\/#\/schema\/logo\/image\/","url":"https:\/\/www.meydan.tv\/wp-content\/uploads\/2021\/07\/meydan-logo.svg","contentUrl":"https:\/\/www.meydan.tv\/wp-content\/uploads\/2021\/07\/meydan-logo.svg","width":195,"height":46,"caption":"Meydan TV"},"image":{"@id":"https:\/\/www.meydan.tv\/az\/#\/schema\/logo\/image\/"}},{"@type":"Person","@id":"https:\/\/www.meydan.tv\/az\/#\/schema\/person\/9cdbecf90d17180ce1dfbd95b08dcf47","name":"elli","sameAs":["https:\/\/x.com\/elli"]}]}},"_links":{"self":[{"href":"https:\/\/www.meydan.tv\/az\/wp-json\/wp\/v2\/posts\/307819","targetHints":{"allow":["GET"]}}],"collection":[{"href":"https:\/\/www.meydan.tv\/az\/wp-json\/wp\/v2\/posts"}],"about":[{"href":"https:\/\/www.meydan.tv\/az\/wp-json\/wp\/v2\/types\/post"}],"author":[{"embeddable":true,"href":"https:\/\/www.meydan.tv\/az\/wp-json\/wp\/v2\/users\/8"}],"replies":[{"embeddable":true,"href":"https:\/\/www.meydan.tv\/az\/wp-json\/wp\/v2\/comments?post=307819"}],"version-history":[{"count":3,"href":"https:\/\/www.meydan.tv\/az\/wp-json\/wp\/v2\/posts\/307819\/revisions"}],"predecessor-version":[{"id":307825,"href":"https:\/\/www.meydan.tv\/az\/wp-json\/wp\/v2\/posts\/307819\/revisions\/307825"}],"wp:featuredmedia":[{"embeddable":true,"href":"https:\/\/www.meydan.tv\/az\/wp-json\/wp\/v2\/media\/305778"}],"wp:attachment":[{"href":"https:\/\/www.meydan.tv\/az\/wp-json\/wp\/v2\/media?parent=307819"}],"wp:term":[{"taxonomy":"category","embeddable":true,"href":"https:\/\/www.meydan.tv\/az\/wp-json\/wp\/v2\/categories?post=307819"},{"taxonomy":"post_tag","embeddable":true,"href":"https:\/\/www.meydan.tv\/az\/wp-json\/wp\/v2\/tags?post=307819"}],"curies":[{"name":"wp","href":"https:\/\/api.w.org\/{rel}","templated":true}]}}