{"id":307783,"date":"2024-06-10T11:44:00","date_gmt":"2024-06-10T07:44:00","guid":{"rendered":"https:\/\/www.meydan.tv\/?p=307783"},"modified":"2024-06-10T11:44:01","modified_gmt":"2024-06-10T07:44:01","slug":"leysan-yagislar-bolgelere-ziyan-vurub","status":"publish","type":"post","link":"https:\/\/www.meydan.tv\/az\/article\/leysan-yagislar-bolgelere-ziyan-vurub\/","title":{"rendered":"Leysan ya\u011f\u0131\u015flar b\u00f6lg\u0259l\u0259r\u0259 ziyan vurub"},"content":{"rendered":"\n<p><\/p>\n\n\n\n<p><strong><em>M\u0259rk\u0259zi k\u00fc\u00e7\u0259l\u0259ri su bas\u0131b, yollar ba\u011flan\u0131b, \u0259kin sah\u0259l\u0259ri m\u0259hv olub<\/em><\/strong><\/p>\n\n\n\n<p>Son bir ne\u00e7\u0259 g\u00fcnd\u00fcr qeyri-sabit hava \u015f\u0259raiti, g\u00fccl\u00fc k\u00fcl\u0259kl\u0259 m\u00fc\u015fayi\u0259t olunan leysan ya\u011f\u0131\u015flar, sel, dolu b\u00f6lg\u0259l\u0259r\u0259 ziyan vurub.<\/p>\n\n\n\n<p>Arams\u0131z ya\u011f\u0131\u015flar n\u0259tic\u0259sind\u0259 G\u0259nc\u0259nin m\u0259rk\u0259zi k\u00fc\u00e7\u0259l\u0259ri d\u0259 daxil olmaqla \u0259traf q\u0259s\u0259b\u0259l\u0259rini su bas\u0131b. \u015e\u0259h\u0259rin \u015eah \u0130smay\u0131l X\u0259tai prospektind\u0259 piyada ke\u00e7idin\u0259 su dolub. G\u0259nc\u0259 sakinl\u0259ri Meydan TV-y\u0259 bildiribl\u0259r ki, \u015f\u0259h\u0259rin kanalizasiya sistemi yax\u015f\u0131 i\u015fl\u0259m\u0259diyind\u0259n ya\u011f\u0131\u015f ya\u011fandan sonra k\u00fc\u00e7\u0259l\u0259r su il\u0259 dolur, n\u0259inki piyadalar\u0131n, h\u0259tta avtomobill\u0259rin d\u0259 h\u0259r\u0259k\u0259ti \u00e7\u0259tinl\u0259\u015fir.<\/p>\n\n\n\n<p><em>\u201c\u015e\u0259h\u0259rin m\u0259rk\u0259zi k\u00fc\u00e7\u0259l\u0259rini su bas\u0131b, \u00e7\u00f6l\u0259 \u00e7\u0131xmaq olmur. Sanki da\u011f k\u0259ndind\u0259, \u00e7ay k\u0259nar\u0131nda ya\u015fay\u0131r\u0131q\u201d<\/em>, &#8211; G\u0259nc\u0259 sakini Ziv\u0259r Abbasova deyib. Bildirib ki, Sabir k\u00fc\u00e7\u0259sind\u0259ki b\u00fct\u00fcn obyektl\u0259r su alt\u0131ndad\u0131r, nasoslarla su \u00e7\u0259kilir:<\/p>\n\n\n\n<p><em>\u201c\u0130cra hakimiyy\u0259ti he\u00e7 bir t\u0259dbir g\u00f6rm\u00fcr, kanalizasiya sistemi yenil\u0259nm\u0259lidir. Bunu d\u00f6vl\u0259t s\u0259viyy\u0259sind\u0259 etm\u0259lidirl\u0259r\u201d.<\/em><\/p>\n\n\n\n<p>F\u00f6vq\u0259lad\u0259 Hallar Nazirliyind\u0259n bildiribl\u0259r ki, G\u0259nc\u0259 Regional M\u0259rk\u0259zinin m\u00fcvafiq q\u00fcvv\u0259l\u0259ri \u0259raziy\u0259 c\u0259lb olunub. Xilasedicil\u0259r t\u0259r\u0259find\u0259n subasmaya m\u0259ruz qalm\u0131\u015f ke\u00e7idd\u0259n suyun \u00e7\u0259kil\u0259r\u0259k k\u0259narla\u015fd\u0131r\u0131lmas\u0131 t\u0259min edilib.<\/p>\n\n\n\n<p>G\u00fccl\u00fc k\u00fcl\u0259kl\u0259 m\u00fc\u015fayi\u0259t olunan leysan, ard\u0131nca dolu Zaqatalan\u0131n m\u0259rk\u0259zi d\u0259 daxil olmaqla k\u0259ndl\u0259r\u0259 ziyan d\u0259yib, y\u00fczl\u0259rl\u0259 evi su bas\u0131b, t\u0259s\u0259rr\u00fcfatlar su alt\u0131nda qal\u0131b. K\u00fcl\u0259k a\u011faclar\u0131 a\u015f\u0131r\u0131b, x\u00fcsusil\u0259 meyv\u0259 a\u011faclar\u0131 m\u0259hv olub.<\/p>\n\n\n\n<p>Zaqatala sakini Ruqiyy\u0259 M\u0259mm\u0259dova deyib ki, bir ne\u00e7\u0259 g\u00fcn \u0259vv\u0259l xeyli sayda toyuq-c\u00fcc\u0259sini sel apar\u0131b, f\u0131nd\u0131q ba\u011flar\u0131 su alt\u0131nda qal\u0131b:<\/p>\n\n\n\n<p><em>\u201cSanki g\u00f6yd\u0259n yumurta boyda da\u015f ya\u011f\u0131r. \u0130ld\u0131r\u0131m \u00e7axan kimi i\u015f\u0131qlar\u0131m\u0131z da s\u00f6n\u00fcr\u201d.<\/em><\/p>\n\n\n\n<p>Rayonun Yuxar\u0131 Tala k\u0259ndi \u0259razisin\u0259 ya\u011fan ya\u011f\u0131\u015fdan sonra \u00e7ay m\u0259cras\u0131ndan \u00e7\u0131xaraq h\u0259y\u0259tl\u0259r\u0259 dolub, t\u0259s\u0259rr\u00fcfatlara v\u0259 h\u0259y\u0259tyan\u0131 sah\u0259l\u0259r\u0259 ziyan vurub. K\u0259nd sakinl\u0259rin\u0259 m\u0259xsus ar\u0131 ail\u0259l\u0259ri su alt\u0131nda qalaraq m\u0259hv olub.<\/p>\n\n\n\n<p>Sakinl\u0259rd\u0259n Zaur M\u0259mm\u0259dov deyib ki, ar\u0131 saxlayan el\u0259 ail\u0259 var ki, 20-25 min manat c\u0259rim\u0259y\u0259 d\u00fc\u015f\u00fcb. \u00dcmumilikd\u0259, Yuxar\u0131 v\u0259 A\u015fa\u011f\u0131 Tala k\u0259ndl\u0259rind\u0259 y\u00fczd\u0259n \u00e7ox t\u0259s\u0259rr\u00fcfata, 50-d\u0259n \u00e7ox ev\u0259 ziyan d\u0259yib. K\u0259nddaxili yollar\u0131 sel yuyub. T\u0259r\u0259v\u0259z sah\u0259l\u0259ri m\u0259hv olub, toyuq-c\u00fcc\u0259ni sel apar\u0131b.<\/p>\n\n\n\n<p>\u0130yunun 8-d\u0259n ba\u015f ver\u0259n g\u00fccl\u00fc k\u00fcl\u0259k n\u0259ti\u0259sind\u0259 rayon v\u0259 bir \u00e7ox k\u0259ndi elektrik enerjisi il\u0259 t\u0259min ed\u0259n dir\u0259kl\u0259r u\u00e7ub, n\u0259tic\u0259d\u0259 i\u015f\u0131\u011f\u0131n verilm\u0259sind\u0259 fasil\u0259l\u0259r yaran\u0131b. Rayon m\u0259hk\u0259m\u0259sinin, o c\u00fcml\u0259d\u0259n m\u0259rk\u0259zi x\u0259st\u0259xanan\u0131n h\u0259y\u0259tin\u0259 su dolub.<\/p>\n\n\n\n<p>Zaqatala Rayon \u0130cra Hakimiyy\u0259tind\u0259n Meydan TV-y\u0259 bildiribl\u0259r ki, \u0259razil\u0259r\u0259 a\u011f\u0131r texnikalar \u00e7\u0131xar\u0131l\u0131b, i\u015f gedir. H\u0259m\u00e7inin d\u0259ymi\u015f z\u0259r\u0259rl\u0259 ba\u011fl\u0131 m\u00fcraci\u0259tl\u0259r ara\u015fd\u0131r\u0131l\u0131r.<\/p>\n\n\n\n<p>\u015eamax\u0131-\u0130smay\u0131ll\u0131 yolunda da sel s\u0259b\u0259bind\u0259n h\u0259r\u0259k\u0259t \u00e7\u0259tinl\u0259\u015fib. Bir ne\u00e7\u0259 saat \u0259rzind\u0259 yolda gedi\u015f-g\u0259li\u015f dayan\u0131b.<\/p>\n\n\n\n<p>Da\u015fk\u0259s\u0259n, G\u00f6yg\u00f6l, G\u0259d\u0259b\u0259y\u0259 d\u0259 dolu d\u00fc\u015f\u00fcb, \u0259kin sah\u0259l\u0259rin\u0259 ziyan d\u0259yib.<\/p>\n\n\n\n<p>Hava \u015f\u0259raiti il\u0259 ba\u011fl\u0131 Aqrar S\u0131\u011forta Fonduna m\u00fcraci\u0259tl\u0259r art\u0131b. Qurumun m\u0259lumat\u0131na g\u00f6r\u0259, bu ilin yanvar-may aylar\u0131nda aqrar sah\u0259y\u0259 d\u0259y\u0259n z\u0259r\u0259rl\u0259r \u00fczr\u0259 m\u00fcraci\u0259tl\u0259rin say\u0131 800-\u00fc ke\u00e7ib. M\u00fcraci\u0259tl\u0259rin yar\u0131dan \u00e7oxu havalar\u0131n k\u0259skin d\u0259yi\u015fdiyi mayda qeyd\u0259 al\u0131n\u0131b.<\/p>\n\n\n\n<p>M\u00fcraci\u0259tl\u0259r \u0259sas\u0259n dolu, intensiv ya\u011f\u0131\u015flar, sel-subasma, qas\u0131r\u011fa kimi hadis\u0259l\u0259r\u0259 aiddir. \u00dcmumilikd\u0259, m\u00fcraci\u0259tl\u0259r 40-a yax\u0131n rayondan q\u0259bul edilib. Bunlara Qazax, \u015e\u0259ki, Qobustan, Sabirabad, K\u00fcrd\u0259mir, Saatl\u0131, \u0130mi\u015fli, A\u011fcab\u0259di, A\u011fdam, A\u011fsu, Balak\u0259n, Zaqatala, Qax, Beyl\u0259qan, B\u0259rd\u0259, Goranboy, \u0130smay\u0131ll\u0131 v\u0259 s. rayonlar aiddir. \u00d6t\u0259n ilin eyni d\u00f6vr\u00fcnd\u0259 hadis\u0259l\u0259rl\u0259 ba\u011fl\u0131 m\u00fcraci\u0259tl\u0259r t\u0259qrib\u0259n 26 rayondan daxil olub.<\/p>\n\n\n\n<p>\u018fkin sah\u0259sin\u0259 z\u0259r\u0259rl\u0259 ba\u011fl\u0131 m\u00fcraci\u0259tl\u0259r Fondun s\u0131\u011forta t\u0259minat\u0131 verdiyi bitki m\u0259hsullar\u0131n\u0131n \u0259ks\u0259riyy\u0259tini \u0259hat\u0259 edir. Bel\u0259 ki, m\u00fcraci\u0259tl\u0259r arpa, bu\u011fda, albal\u0131, gilas, xurma, pamb\u0131q, f\u0131nd\u0131q, al\u00e7a, badam, \u015faftal\u0131, nektarin, gaval\u0131, armud, t\u00fct\u00fcn, qoz, \u0259rik, g\u00fcn\u0259baxan, \u00fcz\u00fcm t\u0259s\u0259rr\u00fcfatlar\u0131na d\u0259y\u0259n z\u0259r\u0259rl\u0259 ba\u011fl\u0131d\u0131r. \u00d6t\u0259n il \u00fcmumi m\u00fcraci\u0259tl\u0259rin 80 %-i tax\u0131l bitkil\u0259ri il\u0259 ba\u011fl\u0131 oldu\u011fu halda, bu il m\u00fcraci\u0259tl\u0259rin yar\u0131s\u0131 ba\u011f\u00e7\u0131l\u0131q v\u0259 dig\u0259r bitki\u00e7ilik \u0259kinl\u0259ri \u00fczr\u0259dir.<\/p>\n\n\n\n<p>Ekologiya v\u0259 T\u0259bii S\u0259rv\u0259tl\u0259r Nazirliyinin m\u0259lumat\u0131na g\u00f6r\u0259, qeyri-sabit hava \u015f\u0259raiti davam edir. \u015eim\u015f\u0259k \u00e7ax\u0131b, b\u0259zi yerl\u0259rd\u0259 arabir leysan xarakterli ya\u011f\u0131\u015f ya\u011f\u0131b, ayr\u0131-ayr\u0131 yerl\u0259rd\u0259 intensiv v\u0259 g\u00fccl\u00fc olub. \u015eimal-q\u0259rb k\u00fcl\u0259yi b\u0259zi b\u00f6lg\u0259l\u0259rd\u0259 arabir g\u00fccl\u0259nib.<\/p>\n\n\n\n<p>D\u00fc\u015f\u0259n ya\u011f\u0131nt\u0131n\u0131n miqdar\u0131 \u015e\u0259kid\u0259 (Ki\u015f\u00e7ay) 36 millimetr, Goranboyda 30 millimetr, B\u0259rd\u0259d\u0259 24 millimetr, Yevlaxda 22 millimetr, G\u0259d\u0259b\u0259yd\u0259 20 millimetr, Da\u015fk\u0259s\u0259nd\u0259 18 millimetr, Naftalanda 16 millimetr, Qaxda 13 millimetr, Q\u0259b\u0259l\u0259, G\u0259nc\u0259, G\u00f6yg\u00f6ld\u0259 12 millimetr, Lerikd\u0259 10 millimetr, Zaqatalada 8 millimetr, Qusar, \u015eahda\u011f, Balak\u0259n, A\u011fstafa, Tovuzda 7 millimetr, \u015e\u0259mkir, Ordubadda 6 millimetr, G\u00f6y\u00e7ay, Qr\u0131z, A\u011fdam, O\u011fuz, T\u0259rt\u0259r, Quba, Nax\u00e7\u0131van, L\u0259nk\u0259ran, Astara, Z\u0259rdab, Ming\u0259\u00e7evir, Alt\u0131a\u011fac, \u015eahbuz, Culfa, \u015eamax\u0131, Bil\u0259suvar, Neft\u00e7ala, Yard\u0131ml\u0131, Xaltan, \u0130smay\u0131ll\u0131, Qax, Ceyran\u00e7\u00f6ld\u0259 5 millimetr\u0259d\u0259k, Bak\u0131da v\u0259 Ab\u015feron yar\u0131madas\u0131nda is\u0259 1 millimetr\u0259d\u0259k olub.<\/p>\n\n\n\n<p>\u015eahda\u011f, Qr\u0131z, Lerik, \u015e\u0259mkird\u0259 duman m\u00fc\u015fahid\u0259 olunub.<\/p>\n","protected":false},"excerpt":{"rendered":"<p>M\u0259rk\u0259zi k\u00fc\u00e7\u0259l\u0259ri su bas\u0131b, yollar ba\u011flan\u0131b, \u0259kin sah\u0259l\u0259ri m\u0259hv olub &#8230; <\/p>\n<p class=\"read-more-container\"><a title=\"Leysan ya\u011f\u0131\u015flar b\u00f6lg\u0259l\u0259r\u0259 ziyan vurub\" class=\"read-more button\" href=\"https:\/\/www.meydan.tv\/az\/article\/leysan-yagislar-bolgelere-ziyan-vurub\/#more-307783\" aria-label=\"Read more about Leysan ya\u011f\u0131\u015flar b\u00f6lg\u0259l\u0259r\u0259 ziyan vurub\">Davam\u0131<\/a><\/p>\n","protected":false},"author":8,"featured_media":307780,"comment_status":"closed","ping_status":"closed","sticky":false,"template":"","format":"standard","meta":{"_acf_changed":false,"_sitemap_exclude":false,"_sitemap_priority":"","_sitemap_frequency":"","footnotes":""},"categories":[60,79,56],"tags":[],"class_list":["post-307783","post","type-post","status-publish","format-standard","has-post-thumbnail","hentry","category-bolge","category-featured","category-xeberler","infinite-scroll-item","generate-columns","tablet-grid-50","mobile-grid-100","grid-parent","grid-33","no-featured-image-padding"],"acf":[],"yoast_head":"<!-- This site is optimized with the Yoast SEO plugin v27.4 - https:\/\/yoast.com\/product\/yoast-seo-wordpress\/ -->\n<title>Leysan ya\u011f\u0131\u015flar b\u00f6lg\u0259l\u0259r\u0259 ziyan vurub - MEYDAN.TV<\/title>\n<meta name=\"robots\" content=\"index, follow, max-snippet:-1, max-image-preview:large, max-video-preview:-1\" \/>\n<link rel=\"canonical\" href=\"https:\/\/www.meydan.tv\/az\/article\/leysan-yagislar-bolgelere-ziyan-vurub\/\" \/>\n<meta property=\"og:locale\" content=\"az_AZ\" \/>\n<meta property=\"og:type\" content=\"article\" \/>\n<meta property=\"og:title\" content=\"Leysan ya\u011f\u0131\u015flar b\u00f6lg\u0259l\u0259r\u0259 ziyan vurub - MEYDAN.TV\" \/>\n<meta property=\"og:description\" content=\"M\u0259rk\u0259zi k\u00fc\u00e7\u0259l\u0259ri su bas\u0131b, yollar ba\u011flan\u0131b, \u0259kin sah\u0259l\u0259ri m\u0259hv olub ... Davam\u0131\" \/>\n<meta property=\"og:url\" content=\"https:\/\/www.meydan.tv\/az\/article\/leysan-yagislar-bolgelere-ziyan-vurub\/\" \/>\n<meta property=\"og:site_name\" content=\"MEYDAN.TV\" \/>\n<meta property=\"article:published_time\" content=\"2024-06-10T07:44:00+00:00\" \/>\n<meta property=\"article:modified_time\" content=\"2024-06-10T07:44:01+00:00\" \/>\n<meta property=\"og:image\" content=\"https:\/\/www.meydan.tv\/wp-content\/uploads\/1-79.jpg\" \/>\n\t<meta property=\"og:image:width\" content=\"1200\" \/>\n\t<meta property=\"og:image:height\" content=\"667\" \/>\n\t<meta property=\"og:image:type\" content=\"image\/jpeg\" \/>\n<meta name=\"author\" content=\"elli\" \/>\n<meta name=\"twitter:card\" content=\"summary_large_image\" \/>\n<meta name=\"twitter:creator\" content=\"@elli\" \/>\n<script type=\"application\/ld+json\" class=\"yoast-schema-graph\">{\"@context\":\"https:\\\/\\\/schema.org\",\"@graph\":[{\"@type\":\"Article\",\"@id\":\"https:\\\/\\\/www.meydan.tv\\\/az\\\/article\\\/leysan-yagislar-bolgelere-ziyan-vurub\\\/#article\",\"isPartOf\":{\"@id\":\"https:\\\/\\\/www.meydan.tv\\\/az\\\/article\\\/leysan-yagislar-bolgelere-ziyan-vurub\\\/\"},\"author\":{\"name\":\"elli\",\"@id\":\"https:\\\/\\\/www.meydan.tv\\\/az\\\/#\\\/schema\\\/person\\\/9cdbecf90d17180ce1dfbd95b08dcf47\"},\"headline\":\"Leysan ya\u011f\u0131\u015flar b\u00f6lg\u0259l\u0259r\u0259 ziyan vurub\",\"datePublished\":\"2024-06-10T07:44:00+00:00\",\"dateModified\":\"2024-06-10T07:44:01+00:00\",\"mainEntityOfPage\":{\"@id\":\"https:\\\/\\\/www.meydan.tv\\\/az\\\/article\\\/leysan-yagislar-bolgelere-ziyan-vurub\\\/\"},\"wordCount\":1103,\"publisher\":{\"@id\":\"https:\\\/\\\/www.meydan.tv\\\/az\\\/#organization\"},\"image\":{\"@id\":\"https:\\\/\\\/www.meydan.tv\\\/az\\\/article\\\/leysan-yagislar-bolgelere-ziyan-vurub\\\/#primaryimage\"},\"thumbnailUrl\":\"https:\\\/\\\/www.meydan.tv\\\/wp-content\\\/uploads\\\/1-79.jpg\",\"articleSection\":[\"B\u00f6lg\u0259\",\"T\u00f6vsiy\u0259\",\"X\u0259b\u0259rl\u0259r\"],\"inLanguage\":\"az\"},{\"@type\":\"WebPage\",\"@id\":\"https:\\\/\\\/www.meydan.tv\\\/az\\\/article\\\/leysan-yagislar-bolgelere-ziyan-vurub\\\/\",\"url\":\"https:\\\/\\\/www.meydan.tv\\\/az\\\/article\\\/leysan-yagislar-bolgelere-ziyan-vurub\\\/\",\"name\":\"Leysan ya\u011f\u0131\u015flar b\u00f6lg\u0259l\u0259r\u0259 ziyan vurub - MEYDAN.TV\",\"isPartOf\":{\"@id\":\"https:\\\/\\\/www.meydan.tv\\\/az\\\/#website\"},\"primaryImageOfPage\":{\"@id\":\"https:\\\/\\\/www.meydan.tv\\\/az\\\/article\\\/leysan-yagislar-bolgelere-ziyan-vurub\\\/#primaryimage\"},\"image\":{\"@id\":\"https:\\\/\\\/www.meydan.tv\\\/az\\\/article\\\/leysan-yagislar-bolgelere-ziyan-vurub\\\/#primaryimage\"},\"thumbnailUrl\":\"https:\\\/\\\/www.meydan.tv\\\/wp-content\\\/uploads\\\/1-79.jpg\",\"datePublished\":\"2024-06-10T07:44:00+00:00\",\"dateModified\":\"2024-06-10T07:44:01+00:00\",\"breadcrumb\":{\"@id\":\"https:\\\/\\\/www.meydan.tv\\\/az\\\/article\\\/leysan-yagislar-bolgelere-ziyan-vurub\\\/#breadcrumb\"},\"inLanguage\":\"az\",\"potentialAction\":[{\"@type\":\"ReadAction\",\"target\":[\"https:\\\/\\\/www.meydan.tv\\\/az\\\/article\\\/leysan-yagislar-bolgelere-ziyan-vurub\\\/\"]}]},{\"@type\":\"ImageObject\",\"inLanguage\":\"az\",\"@id\":\"https:\\\/\\\/www.meydan.tv\\\/az\\\/article\\\/leysan-yagislar-bolgelere-ziyan-vurub\\\/#primaryimage\",\"url\":\"https:\\\/\\\/www.meydan.tv\\\/wp-content\\\/uploads\\\/1-79.jpg\",\"contentUrl\":\"https:\\\/\\\/www.meydan.tv\\\/wp-content\\\/uploads\\\/1-79.jpg\",\"width\":1200,\"height\":667,\"caption\":\"Fotolar: Meydan TV\"},{\"@type\":\"BreadcrumbList\",\"@id\":\"https:\\\/\\\/www.meydan.tv\\\/az\\\/article\\\/leysan-yagislar-bolgelere-ziyan-vurub\\\/#breadcrumb\",\"itemListElement\":[{\"@type\":\"ListItem\",\"position\":1,\"name\":\"Ana s\u0259hif\u0259\",\"item\":\"https:\\\/\\\/www.meydan.tv\\\/az\\\/\"},{\"@type\":\"ListItem\",\"position\":2,\"name\":\"B\u00f6lg\u0259\",\"item\":\"https:\\\/\\\/www.meydan.tv\\\/az\\\/section\\\/bolge\\\/\"},{\"@type\":\"ListItem\",\"position\":3,\"name\":\"Leysan ya\u011f\u0131\u015flar b\u00f6lg\u0259l\u0259r\u0259 ziyan vurub\"}]},{\"@type\":\"WebSite\",\"@id\":\"https:\\\/\\\/www.meydan.tv\\\/az\\\/#website\",\"url\":\"https:\\\/\\\/www.meydan.tv\\\/az\\\/\",\"name\":\"MEYDAN.TV\",\"description\":\"Meydan TV Az\u0259rbaycan\u0131n media m\u0259kan\u0131ndak\u0131 alternativ s\u0259sidir\",\"publisher\":{\"@id\":\"https:\\\/\\\/www.meydan.tv\\\/az\\\/#organization\"},\"potentialAction\":[{\"@type\":\"SearchAction\",\"target\":{\"@type\":\"EntryPoint\",\"urlTemplate\":\"https:\\\/\\\/www.meydan.tv\\\/az\\\/?s={search_term_string}\"},\"query-input\":{\"@type\":\"PropertyValueSpecification\",\"valueRequired\":true,\"valueName\":\"search_term_string\"}}],\"inLanguage\":\"az\"},{\"@type\":\"Organization\",\"@id\":\"https:\\\/\\\/www.meydan.tv\\\/az\\\/#organization\",\"name\":\"Meydan TV\",\"url\":\"https:\\\/\\\/www.meydan.tv\\\/az\\\/\",\"logo\":{\"@type\":\"ImageObject\",\"inLanguage\":\"az\",\"@id\":\"https:\\\/\\\/www.meydan.tv\\\/az\\\/#\\\/schema\\\/logo\\\/image\\\/\",\"url\":\"https:\\\/\\\/www.meydan.tv\\\/wp-content\\\/uploads\\\/2021\\\/07\\\/meydan-logo.svg\",\"contentUrl\":\"https:\\\/\\\/www.meydan.tv\\\/wp-content\\\/uploads\\\/2021\\\/07\\\/meydan-logo.svg\",\"width\":195,\"height\":46,\"caption\":\"Meydan TV\"},\"image\":{\"@id\":\"https:\\\/\\\/www.meydan.tv\\\/az\\\/#\\\/schema\\\/logo\\\/image\\\/\"}},{\"@type\":\"Person\",\"@id\":\"https:\\\/\\\/www.meydan.tv\\\/az\\\/#\\\/schema\\\/person\\\/9cdbecf90d17180ce1dfbd95b08dcf47\",\"name\":\"elli\",\"sameAs\":[\"https:\\\/\\\/x.com\\\/elli\"]}]}<\/script>\n<!-- \/ Yoast SEO plugin. -->","yoast_head_json":{"title":"Leysan ya\u011f\u0131\u015flar b\u00f6lg\u0259l\u0259r\u0259 ziyan vurub - MEYDAN.TV","robots":{"index":"index","follow":"follow","max-snippet":"max-snippet:-1","max-image-preview":"max-image-preview:large","max-video-preview":"max-video-preview:-1"},"canonical":"https:\/\/www.meydan.tv\/az\/article\/leysan-yagislar-bolgelere-ziyan-vurub\/","og_locale":"az_AZ","og_type":"article","og_title":"Leysan ya\u011f\u0131\u015flar b\u00f6lg\u0259l\u0259r\u0259 ziyan vurub - MEYDAN.TV","og_description":"M\u0259rk\u0259zi k\u00fc\u00e7\u0259l\u0259ri su bas\u0131b, yollar ba\u011flan\u0131b, \u0259kin sah\u0259l\u0259ri m\u0259hv olub ... Davam\u0131","og_url":"https:\/\/www.meydan.tv\/az\/article\/leysan-yagislar-bolgelere-ziyan-vurub\/","og_site_name":"MEYDAN.TV","article_published_time":"2024-06-10T07:44:00+00:00","article_modified_time":"2024-06-10T07:44:01+00:00","og_image":[{"width":1200,"height":667,"url":"https:\/\/www.meydan.tv\/wp-content\/uploads\/1-79.jpg","type":"image\/jpeg"}],"author":"elli","twitter_card":"summary_large_image","twitter_creator":"@elli","schema":{"@context":"https:\/\/schema.org","@graph":[{"@type":"Article","@id":"https:\/\/www.meydan.tv\/az\/article\/leysan-yagislar-bolgelere-ziyan-vurub\/#article","isPartOf":{"@id":"https:\/\/www.meydan.tv\/az\/article\/leysan-yagislar-bolgelere-ziyan-vurub\/"},"author":{"name":"elli","@id":"https:\/\/www.meydan.tv\/az\/#\/schema\/person\/9cdbecf90d17180ce1dfbd95b08dcf47"},"headline":"Leysan ya\u011f\u0131\u015flar b\u00f6lg\u0259l\u0259r\u0259 ziyan vurub","datePublished":"2024-06-10T07:44:00+00:00","dateModified":"2024-06-10T07:44:01+00:00","mainEntityOfPage":{"@id":"https:\/\/www.meydan.tv\/az\/article\/leysan-yagislar-bolgelere-ziyan-vurub\/"},"wordCount":1103,"publisher":{"@id":"https:\/\/www.meydan.tv\/az\/#organization"},"image":{"@id":"https:\/\/www.meydan.tv\/az\/article\/leysan-yagislar-bolgelere-ziyan-vurub\/#primaryimage"},"thumbnailUrl":"https:\/\/www.meydan.tv\/wp-content\/uploads\/1-79.jpg","articleSection":["B\u00f6lg\u0259","T\u00f6vsiy\u0259","X\u0259b\u0259rl\u0259r"],"inLanguage":"az"},{"@type":"WebPage","@id":"https:\/\/www.meydan.tv\/az\/article\/leysan-yagislar-bolgelere-ziyan-vurub\/","url":"https:\/\/www.meydan.tv\/az\/article\/leysan-yagislar-bolgelere-ziyan-vurub\/","name":"Leysan ya\u011f\u0131\u015flar b\u00f6lg\u0259l\u0259r\u0259 ziyan vurub - MEYDAN.TV","isPartOf":{"@id":"https:\/\/www.meydan.tv\/az\/#website"},"primaryImageOfPage":{"@id":"https:\/\/www.meydan.tv\/az\/article\/leysan-yagislar-bolgelere-ziyan-vurub\/#primaryimage"},"image":{"@id":"https:\/\/www.meydan.tv\/az\/article\/leysan-yagislar-bolgelere-ziyan-vurub\/#primaryimage"},"thumbnailUrl":"https:\/\/www.meydan.tv\/wp-content\/uploads\/1-79.jpg","datePublished":"2024-06-10T07:44:00+00:00","dateModified":"2024-06-10T07:44:01+00:00","breadcrumb":{"@id":"https:\/\/www.meydan.tv\/az\/article\/leysan-yagislar-bolgelere-ziyan-vurub\/#breadcrumb"},"inLanguage":"az","potentialAction":[{"@type":"ReadAction","target":["https:\/\/www.meydan.tv\/az\/article\/leysan-yagislar-bolgelere-ziyan-vurub\/"]}]},{"@type":"ImageObject","inLanguage":"az","@id":"https:\/\/www.meydan.tv\/az\/article\/leysan-yagislar-bolgelere-ziyan-vurub\/#primaryimage","url":"https:\/\/www.meydan.tv\/wp-content\/uploads\/1-79.jpg","contentUrl":"https:\/\/www.meydan.tv\/wp-content\/uploads\/1-79.jpg","width":1200,"height":667,"caption":"Fotolar: Meydan TV"},{"@type":"BreadcrumbList","@id":"https:\/\/www.meydan.tv\/az\/article\/leysan-yagislar-bolgelere-ziyan-vurub\/#breadcrumb","itemListElement":[{"@type":"ListItem","position":1,"name":"Ana s\u0259hif\u0259","item":"https:\/\/www.meydan.tv\/az\/"},{"@type":"ListItem","position":2,"name":"B\u00f6lg\u0259","item":"https:\/\/www.meydan.tv\/az\/section\/bolge\/"},{"@type":"ListItem","position":3,"name":"Leysan ya\u011f\u0131\u015flar b\u00f6lg\u0259l\u0259r\u0259 ziyan vurub"}]},{"@type":"WebSite","@id":"https:\/\/www.meydan.tv\/az\/#website","url":"https:\/\/www.meydan.tv\/az\/","name":"MEYDAN.TV","description":"Meydan TV Az\u0259rbaycan\u0131n media m\u0259kan\u0131ndak\u0131 alternativ s\u0259sidir","publisher":{"@id":"https:\/\/www.meydan.tv\/az\/#organization"},"potentialAction":[{"@type":"SearchAction","target":{"@type":"EntryPoint","urlTemplate":"https:\/\/www.meydan.tv\/az\/?s={search_term_string}"},"query-input":{"@type":"PropertyValueSpecification","valueRequired":true,"valueName":"search_term_string"}}],"inLanguage":"az"},{"@type":"Organization","@id":"https:\/\/www.meydan.tv\/az\/#organization","name":"Meydan TV","url":"https:\/\/www.meydan.tv\/az\/","logo":{"@type":"ImageObject","inLanguage":"az","@id":"https:\/\/www.meydan.tv\/az\/#\/schema\/logo\/image\/","url":"https:\/\/www.meydan.tv\/wp-content\/uploads\/2021\/07\/meydan-logo.svg","contentUrl":"https:\/\/www.meydan.tv\/wp-content\/uploads\/2021\/07\/meydan-logo.svg","width":195,"height":46,"caption":"Meydan TV"},"image":{"@id":"https:\/\/www.meydan.tv\/az\/#\/schema\/logo\/image\/"}},{"@type":"Person","@id":"https:\/\/www.meydan.tv\/az\/#\/schema\/person\/9cdbecf90d17180ce1dfbd95b08dcf47","name":"elli","sameAs":["https:\/\/x.com\/elli"]}]}},"_links":{"self":[{"href":"https:\/\/www.meydan.tv\/az\/wp-json\/wp\/v2\/posts\/307783","targetHints":{"allow":["GET"]}}],"collection":[{"href":"https:\/\/www.meydan.tv\/az\/wp-json\/wp\/v2\/posts"}],"about":[{"href":"https:\/\/www.meydan.tv\/az\/wp-json\/wp\/v2\/types\/post"}],"author":[{"embeddable":true,"href":"https:\/\/www.meydan.tv\/az\/wp-json\/wp\/v2\/users\/8"}],"replies":[{"embeddable":true,"href":"https:\/\/www.meydan.tv\/az\/wp-json\/wp\/v2\/comments?post=307783"}],"version-history":[{"count":3,"href":"https:\/\/www.meydan.tv\/az\/wp-json\/wp\/v2\/posts\/307783\/revisions"}],"predecessor-version":[{"id":307786,"href":"https:\/\/www.meydan.tv\/az\/wp-json\/wp\/v2\/posts\/307783\/revisions\/307786"}],"wp:featuredmedia":[{"embeddable":true,"href":"https:\/\/www.meydan.tv\/az\/wp-json\/wp\/v2\/media\/307780"}],"wp:attachment":[{"href":"https:\/\/www.meydan.tv\/az\/wp-json\/wp\/v2\/media?parent=307783"}],"wp:term":[{"taxonomy":"category","embeddable":true,"href":"https:\/\/www.meydan.tv\/az\/wp-json\/wp\/v2\/categories?post=307783"},{"taxonomy":"post_tag","embeddable":true,"href":"https:\/\/www.meydan.tv\/az\/wp-json\/wp\/v2\/tags?post=307783"}],"curies":[{"name":"wp","href":"https:\/\/api.w.org\/{rel}","templated":true}]}}