{"id":307727,"date":"2024-06-08T12:14:29","date_gmt":"2024-06-08T08:14:29","guid":{"rendered":"https:\/\/www.meydan.tv\/?p=307727"},"modified":"2024-06-08T14:56:53","modified_gmt":"2024-06-08T10:56:53","slug":"oten-il-azerbaycanda-elme-yonelenlerin-coxu-qadin-olub","status":"publish","type":"post","link":"https:\/\/www.meydan.tv\/az\/article\/oten-il-azerbaycanda-elme-yonelenlerin-coxu-qadin-olub\/","title":{"rendered":"\u00d6t\u0259n il Az\u0259rbaycanda elm\u0259 y\u00f6n\u0259l\u0259nl\u0259rin \u00e7oxu qad\u0131n olub"},"content":{"rendered":"\n<p><\/p>\n\n\n\n<p><strong><em>\u018fn \u00e7ox se\u00e7il\u0259n sah\u0259 f\u0259ls\u0259f\u0259dir<\/em><\/strong><\/p>\n\n\n\n<p>Az\u0259rbaycanda elm\u0259 y\u00f6n\u0259l\u0259nl\u0259r aras\u0131nda qad\u0131nlar\u0131n say\u0131 art\u0131b.<\/p>\n\n\n\n<p>\u00d6t\u0259n il Az\u0259rbaycanda 3170 n\u0259f\u0259r doktorant t\u0259hsil al\u0131b. Bu say\u0131n 52,1 faizini qad\u0131nlar t\u0259\u015fkil edib. \u00dcmumi 116 ali t\u0259hsil m\u00fc\u0259ssis\u0259sind\u0259 oxuyan doktorantlar\u0131n 80,8 faizi f\u0259ls\u0259f\u0259, 19,2 faizi is\u0259 elml\u0259r doktoru proqramlar\u0131 \u00fczr\u0259 t\u0259hsil al\u0131b.<\/p>\n\n\n\n<p>D\u00f6vl\u0259t Statistika Komit\u0259sinin bu y\u00f6nd\u0259ki a\u00e7\u0131qlamas\u0131nda bel\u0259 <a href=\"https:\/\/www.stat.gov.az\/news\/index.php?lang=az&amp;id=5889\">deyilir<\/a>.<\/p>\n\n\n\n<p>Bildirilir ki, f\u0259ls\u0259f\u0259 doktoru proqram\u0131 \u00fczr\u0259 t\u0259hsil alanlar\u0131n 58,3 faizi 30 ya\u015fad\u0259k g\u0259ncl\u0259r, elml\u0259r doktoru proqram\u0131 \u00fczr\u0259 t\u0259hsil alanlar\u0131n is\u0259 27,6 faizi 40 ya\u015fad\u0259k olan \u015f\u0259xsl\u0259r olub.<\/p>\n\n\n\n<p>F\u0259ls\u0259f\u0259 doktoru proqram\u0131 \u00fczr\u0259 t\u0259hsil alan 2552 n\u0259f\u0259rin 540-\u0131 iqtisad, 413-\u00fc texnika, 250-si filologiya, 172-si tibb, 148-i pedaqogika, 127-si biologiya, 112-si siyasi, 105-i yer elml\u0259ri, 95-i tarix, 92-si h\u00fcquq, 86-si aqrar, 73-\u00fc riyaziyyat, qalanlar\u0131 is\u0259 elmin dig\u0259r sah\u0259l\u0259rini se\u00e7ib.<\/p>\n\n\n<div class=\"wp-block-image\">\n<figure class=\"aligncenter size-full\"><img decoding=\"async\" width=\"1108\" height=\"480\" data-src=\"https:\/\/www.meydan.tv\/wp-content\/uploads\/684432_521812.jpg\" alt=\"D\u00f6vl\u0259t Statistika Komit\u0259si\" class=\"wp-image-123079 lazyload\" src=\"data:image\/svg+xml;base64,PHN2ZyB3aWR0aD0iMSIgaGVpZ2h0PSIxIiB4bWxucz0iaHR0cDovL3d3dy53My5vcmcvMjAwMC9zdmciPjwvc3ZnPg==\" style=\"--smush-placeholder-width: 1108px; --smush-placeholder-aspect-ratio: 1108\/480;\" \/><figcaption class=\"wp-element-caption\">Foto: Meydan TV<\/figcaption><\/figure>\n<\/div>\n\n\n<p>Doktorantlar\u0131n 111 n\u0259f\u0259ri filologiya, 72 n\u0259f\u0259ri iqtisad, 55 n\u0259f\u0259ri texnika, h\u0259r birind\u0259 48 n\u0259f\u0259r olmaqla 96 n\u0259f\u0259ri tibb v\u0259 biologiya, 42 n\u0259f\u0259ri aqrar, 37 n\u0259f\u0259ri tarix, 33 n\u0259f\u0259ri kimya, 30 n\u0259f\u0259ri yer elml\u0259ri, 28 n\u0259f\u0259ri h\u00fcquq, h\u0259r birind\u0259 19 n\u0259f\u0259r olmaqla 38 n\u0259f\u0259ri s\u0259n\u0259t\u015f\u00fcnasl\u0131q v\u0259 pedaqogika, 16 n\u0259f\u0259ri siyasi elml\u0259r, 15 n\u0259f\u0259ri riyaziyyat, 35 n\u0259f\u0259ri is\u0259 dig\u0259r sah\u0259l\u0259rd\u0259 elml\u0259r doktoru proqram\u0131 \u00fczr\u0259 t\u0259hsil al\u0131b.2022-ci ill\u0259 m\u00fcqayis\u0259d\u0259 2023-c\u00fc ild\u0259 f\u0259ls\u0259f\u0259 doktoru proqram\u0131 \u00fczr\u0259 burax\u0131l\u0131\u015f 0,4 faiz artaraq 613 n\u0259f\u0259r, elml\u0259r doktoru proqram\u0131 \u00fczr\u0259 is\u0259 21,2 faiz artaraq 120 n\u0259f\u0259r olub. Bu d\u00f6vrd\u0259 f\u0259ls\u0259f\u0259 doktoru proqram\u0131 \u00fczr\u0259 687 n\u0259f\u0259r, elml\u0259r doktoru proqram\u0131 \u00fczr\u0259 is\u0259 111 n\u0259f\u0259r doktoranturaya q\u0259bul olunub.<\/p>\n\n\n\n<p>Qad\u0131nlar\u0131n elm\u0259 ki\u015fil\u0259r\u0259 baxanda az y\u00f6n\u0259lm\u0259si h\u0259mi\u015f\u0259 problem olub. Buna s\u0259b\u0259b c\u0259miyy\u0259td\u0259ki gender rollar\u0131, qad\u0131nlar\u0131n \u00f6hd\u0259likl\u0259rind\u0259n \u00e7ox y\u00fck g\u00f6t\u00fcrm\u0259si, ba\u015flar\u0131n\u0131n ail\u0259, m\u0259i\u015f\u0259t m\u0259s\u0259l\u0259l\u0259rin\u0259 qar\u0131\u015fmas\u0131, bir s\u00f6zl\u0259, sosial amill\u0259rdir. Bu il is\u0259 m\u0259nz\u0259r\u0259 biraz f\u0259rqli g\u00f6r\u00fcn\u00fcr.<\/p>\n","protected":false},"excerpt":{"rendered":"<p>\u018fn \u00e7ox se\u00e7il\u0259n sah\u0259 f\u0259ls\u0259f\u0259dir Az\u0259rbaycanda elm\u0259 y\u00f6n\u0259l\u0259nl\u0259r aras\u0131nda qad\u0131nlar\u0131n &#8230; <\/p>\n<p class=\"read-more-container\"><a title=\"\u00d6t\u0259n il Az\u0259rbaycanda elm\u0259 y\u00f6n\u0259l\u0259nl\u0259rin \u00e7oxu qad\u0131n olub\" class=\"read-more button\" href=\"https:\/\/www.meydan.tv\/az\/article\/oten-il-azerbaycanda-elme-yonelenlerin-coxu-qadin-olub\/#more-307727\" aria-label=\"Read more about \u00d6t\u0259n il Az\u0259rbaycanda elm\u0259 y\u00f6n\u0259l\u0259nl\u0259rin \u00e7oxu qad\u0131n olub\">Davam\u0131<\/a><\/p>\n","protected":false},"author":8,"featured_media":208880,"comment_status":"closed","ping_status":"closed","sticky":false,"template":"","format":"standard","meta":{"_acf_changed":false,"_sitemap_exclude":false,"_sitemap_priority":"","_sitemap_frequency":"","footnotes":""},"categories":[62,56],"tags":[],"class_list":["post-307727","post","type-post","status-publish","format-standard","has-post-thumbnail","hentry","category-sosial","category-xeberler","infinite-scroll-item","generate-columns","tablet-grid-50","mobile-grid-100","grid-parent","grid-33","no-featured-image-padding"],"acf":[],"yoast_head":"<!-- This site is optimized with the Yoast SEO plugin v27.5 - https:\/\/yoast.com\/product\/yoast-seo-wordpress\/ -->\n<title>\u00d6t\u0259n il Az\u0259rbaycanda elm\u0259 y\u00f6n\u0259l\u0259nl\u0259rin \u00e7oxu qad\u0131n olub - MEYDAN.TV<\/title>\n<meta name=\"robots\" content=\"index, follow, max-snippet:-1, max-image-preview:large, max-video-preview:-1\" \/>\n<link rel=\"canonical\" href=\"https:\/\/www.meydan.tv\/az\/article\/oten-il-azerbaycanda-elme-yonelenlerin-coxu-qadin-olub\/\" \/>\n<meta property=\"og:locale\" content=\"az_AZ\" \/>\n<meta property=\"og:type\" content=\"article\" \/>\n<meta property=\"og:title\" content=\"\u00d6t\u0259n il Az\u0259rbaycanda elm\u0259 y\u00f6n\u0259l\u0259nl\u0259rin \u00e7oxu qad\u0131n olub - MEYDAN.TV\" \/>\n<meta property=\"og:description\" content=\"\u018fn \u00e7ox se\u00e7il\u0259n sah\u0259 f\u0259ls\u0259f\u0259dir Az\u0259rbaycanda elm\u0259 y\u00f6n\u0259l\u0259nl\u0259r aras\u0131nda qad\u0131nlar\u0131n ... Davam\u0131\" \/>\n<meta property=\"og:url\" content=\"https:\/\/www.meydan.tv\/az\/article\/oten-il-azerbaycanda-elme-yonelenlerin-coxu-qadin-olub\/\" \/>\n<meta property=\"og:site_name\" content=\"MEYDAN.TV\" \/>\n<meta property=\"article:published_time\" content=\"2024-06-08T08:14:29+00:00\" \/>\n<meta property=\"article:modified_time\" content=\"2024-06-08T10:56:53+00:00\" \/>\n<meta property=\"og:image\" content=\"https:\/\/www.meydan.tv\/wp-content\/uploads\/amea-e1538565921390.jpg\" \/>\n\t<meta property=\"og:image:width\" content=\"2000\" \/>\n\t<meta property=\"og:image:height\" content=\"1190\" \/>\n\t<meta property=\"og:image:type\" content=\"image\/jpeg\" \/>\n<meta name=\"author\" content=\"elli\" \/>\n<meta name=\"twitter:card\" content=\"summary_large_image\" \/>\n<meta name=\"twitter:creator\" content=\"@elli\" \/>\n<script type=\"application\/ld+json\" class=\"yoast-schema-graph\">{\"@context\":\"https:\\\/\\\/schema.org\",\"@graph\":[{\"@type\":\"Article\",\"@id\":\"https:\\\/\\\/www.meydan.tv\\\/az\\\/article\\\/oten-il-azerbaycanda-elme-yonelenlerin-coxu-qadin-olub\\\/#article\",\"isPartOf\":{\"@id\":\"https:\\\/\\\/www.meydan.tv\\\/az\\\/article\\\/oten-il-azerbaycanda-elme-yonelenlerin-coxu-qadin-olub\\\/\"},\"author\":{\"name\":\"elli\",\"@id\":\"https:\\\/\\\/www.meydan.tv\\\/az\\\/#\\\/schema\\\/person\\\/9cdbecf90d17180ce1dfbd95b08dcf47\"},\"headline\":\"\u00d6t\u0259n il Az\u0259rbaycanda elm\u0259 y\u00f6n\u0259l\u0259nl\u0259rin \u00e7oxu qad\u0131n olub\",\"datePublished\":\"2024-06-08T08:14:29+00:00\",\"dateModified\":\"2024-06-08T10:56:53+00:00\",\"mainEntityOfPage\":{\"@id\":\"https:\\\/\\\/www.meydan.tv\\\/az\\\/article\\\/oten-il-azerbaycanda-elme-yonelenlerin-coxu-qadin-olub\\\/\"},\"wordCount\":419,\"publisher\":{\"@id\":\"https:\\\/\\\/www.meydan.tv\\\/az\\\/#organization\"},\"image\":{\"@id\":\"https:\\\/\\\/www.meydan.tv\\\/az\\\/article\\\/oten-il-azerbaycanda-elme-yonelenlerin-coxu-qadin-olub\\\/#primaryimage\"},\"thumbnailUrl\":\"https:\\\/\\\/www.meydan.tv\\\/wp-content\\\/uploads\\\/amea-e1538565921390.jpg\",\"articleSection\":[\"Sosial\",\"X\u0259b\u0259rl\u0259r\"],\"inLanguage\":\"az\"},{\"@type\":\"WebPage\",\"@id\":\"https:\\\/\\\/www.meydan.tv\\\/az\\\/article\\\/oten-il-azerbaycanda-elme-yonelenlerin-coxu-qadin-olub\\\/\",\"url\":\"https:\\\/\\\/www.meydan.tv\\\/az\\\/article\\\/oten-il-azerbaycanda-elme-yonelenlerin-coxu-qadin-olub\\\/\",\"name\":\"\u00d6t\u0259n il Az\u0259rbaycanda elm\u0259 y\u00f6n\u0259l\u0259nl\u0259rin \u00e7oxu qad\u0131n olub - MEYDAN.TV\",\"isPartOf\":{\"@id\":\"https:\\\/\\\/www.meydan.tv\\\/az\\\/#website\"},\"primaryImageOfPage\":{\"@id\":\"https:\\\/\\\/www.meydan.tv\\\/az\\\/article\\\/oten-il-azerbaycanda-elme-yonelenlerin-coxu-qadin-olub\\\/#primaryimage\"},\"image\":{\"@id\":\"https:\\\/\\\/www.meydan.tv\\\/az\\\/article\\\/oten-il-azerbaycanda-elme-yonelenlerin-coxu-qadin-olub\\\/#primaryimage\"},\"thumbnailUrl\":\"https:\\\/\\\/www.meydan.tv\\\/wp-content\\\/uploads\\\/amea-e1538565921390.jpg\",\"datePublished\":\"2024-06-08T08:14:29+00:00\",\"dateModified\":\"2024-06-08T10:56:53+00:00\",\"breadcrumb\":{\"@id\":\"https:\\\/\\\/www.meydan.tv\\\/az\\\/article\\\/oten-il-azerbaycanda-elme-yonelenlerin-coxu-qadin-olub\\\/#breadcrumb\"},\"inLanguage\":\"az\",\"potentialAction\":[{\"@type\":\"ReadAction\",\"target\":[\"https:\\\/\\\/www.meydan.tv\\\/az\\\/article\\\/oten-il-azerbaycanda-elme-yonelenlerin-coxu-qadin-olub\\\/\"]}]},{\"@type\":\"ImageObject\",\"inLanguage\":\"az\",\"@id\":\"https:\\\/\\\/www.meydan.tv\\\/az\\\/article\\\/oten-il-azerbaycanda-elme-yonelenlerin-coxu-qadin-olub\\\/#primaryimage\",\"url\":\"https:\\\/\\\/www.meydan.tv\\\/wp-content\\\/uploads\\\/amea-e1538565921390.jpg\",\"contentUrl\":\"https:\\\/\\\/www.meydan.tv\\\/wp-content\\\/uploads\\\/amea-e1538565921390.jpg\",\"width\":2000,\"height\":1190,\"caption\":\"M\u0259nb\u0259: AMEA\"},{\"@type\":\"BreadcrumbList\",\"@id\":\"https:\\\/\\\/www.meydan.tv\\\/az\\\/article\\\/oten-il-azerbaycanda-elme-yonelenlerin-coxu-qadin-olub\\\/#breadcrumb\",\"itemListElement\":[{\"@type\":\"ListItem\",\"position\":1,\"name\":\"Ana s\u0259hif\u0259\",\"item\":\"https:\\\/\\\/www.meydan.tv\\\/az\\\/\"},{\"@type\":\"ListItem\",\"position\":2,\"name\":\"Sosial\",\"item\":\"https:\\\/\\\/www.meydan.tv\\\/az\\\/section\\\/sosial\\\/\"},{\"@type\":\"ListItem\",\"position\":3,\"name\":\"\u00d6t\u0259n il Az\u0259rbaycanda elm\u0259 y\u00f6n\u0259l\u0259nl\u0259rin \u00e7oxu qad\u0131n olub\"}]},{\"@type\":\"WebSite\",\"@id\":\"https:\\\/\\\/www.meydan.tv\\\/az\\\/#website\",\"url\":\"https:\\\/\\\/www.meydan.tv\\\/az\\\/\",\"name\":\"MEYDAN.TV\",\"description\":\"Meydan TV Az\u0259rbaycan\u0131n media m\u0259kan\u0131ndak\u0131 alternativ s\u0259sidir\",\"publisher\":{\"@id\":\"https:\\\/\\\/www.meydan.tv\\\/az\\\/#organization\"},\"potentialAction\":[{\"@type\":\"SearchAction\",\"target\":{\"@type\":\"EntryPoint\",\"urlTemplate\":\"https:\\\/\\\/www.meydan.tv\\\/az\\\/?s={search_term_string}\"},\"query-input\":{\"@type\":\"PropertyValueSpecification\",\"valueRequired\":true,\"valueName\":\"search_term_string\"}}],\"inLanguage\":\"az\"},{\"@type\":\"Organization\",\"@id\":\"https:\\\/\\\/www.meydan.tv\\\/az\\\/#organization\",\"name\":\"Meydan TV\",\"url\":\"https:\\\/\\\/www.meydan.tv\\\/az\\\/\",\"logo\":{\"@type\":\"ImageObject\",\"inLanguage\":\"az\",\"@id\":\"https:\\\/\\\/www.meydan.tv\\\/az\\\/#\\\/schema\\\/logo\\\/image\\\/\",\"url\":\"https:\\\/\\\/www.meydan.tv\\\/wp-content\\\/uploads\\\/2021\\\/07\\\/meydan-logo.svg\",\"contentUrl\":\"https:\\\/\\\/www.meydan.tv\\\/wp-content\\\/uploads\\\/2021\\\/07\\\/meydan-logo.svg\",\"width\":195,\"height\":46,\"caption\":\"Meydan TV\"},\"image\":{\"@id\":\"https:\\\/\\\/www.meydan.tv\\\/az\\\/#\\\/schema\\\/logo\\\/image\\\/\"}},{\"@type\":\"Person\",\"@id\":\"https:\\\/\\\/www.meydan.tv\\\/az\\\/#\\\/schema\\\/person\\\/9cdbecf90d17180ce1dfbd95b08dcf47\",\"name\":\"elli\",\"sameAs\":[\"https:\\\/\\\/x.com\\\/elli\"]}]}<\/script>\n<!-- \/ Yoast SEO plugin. -->","yoast_head_json":{"title":"\u00d6t\u0259n il Az\u0259rbaycanda elm\u0259 y\u00f6n\u0259l\u0259nl\u0259rin \u00e7oxu qad\u0131n olub - MEYDAN.TV","robots":{"index":"index","follow":"follow","max-snippet":"max-snippet:-1","max-image-preview":"max-image-preview:large","max-video-preview":"max-video-preview:-1"},"canonical":"https:\/\/www.meydan.tv\/az\/article\/oten-il-azerbaycanda-elme-yonelenlerin-coxu-qadin-olub\/","og_locale":"az_AZ","og_type":"article","og_title":"\u00d6t\u0259n il Az\u0259rbaycanda elm\u0259 y\u00f6n\u0259l\u0259nl\u0259rin \u00e7oxu qad\u0131n olub - MEYDAN.TV","og_description":"\u018fn \u00e7ox se\u00e7il\u0259n sah\u0259 f\u0259ls\u0259f\u0259dir Az\u0259rbaycanda elm\u0259 y\u00f6n\u0259l\u0259nl\u0259r aras\u0131nda qad\u0131nlar\u0131n ... Davam\u0131","og_url":"https:\/\/www.meydan.tv\/az\/article\/oten-il-azerbaycanda-elme-yonelenlerin-coxu-qadin-olub\/","og_site_name":"MEYDAN.TV","article_published_time":"2024-06-08T08:14:29+00:00","article_modified_time":"2024-06-08T10:56:53+00:00","og_image":[{"width":2000,"height":1190,"url":"https:\/\/www.meydan.tv\/wp-content\/uploads\/amea-e1538565921390.jpg","type":"image\/jpeg"}],"author":"elli","twitter_card":"summary_large_image","twitter_creator":"@elli","schema":{"@context":"https:\/\/schema.org","@graph":[{"@type":"Article","@id":"https:\/\/www.meydan.tv\/az\/article\/oten-il-azerbaycanda-elme-yonelenlerin-coxu-qadin-olub\/#article","isPartOf":{"@id":"https:\/\/www.meydan.tv\/az\/article\/oten-il-azerbaycanda-elme-yonelenlerin-coxu-qadin-olub\/"},"author":{"name":"elli","@id":"https:\/\/www.meydan.tv\/az\/#\/schema\/person\/9cdbecf90d17180ce1dfbd95b08dcf47"},"headline":"\u00d6t\u0259n il Az\u0259rbaycanda elm\u0259 y\u00f6n\u0259l\u0259nl\u0259rin \u00e7oxu qad\u0131n olub","datePublished":"2024-06-08T08:14:29+00:00","dateModified":"2024-06-08T10:56:53+00:00","mainEntityOfPage":{"@id":"https:\/\/www.meydan.tv\/az\/article\/oten-il-azerbaycanda-elme-yonelenlerin-coxu-qadin-olub\/"},"wordCount":419,"publisher":{"@id":"https:\/\/www.meydan.tv\/az\/#organization"},"image":{"@id":"https:\/\/www.meydan.tv\/az\/article\/oten-il-azerbaycanda-elme-yonelenlerin-coxu-qadin-olub\/#primaryimage"},"thumbnailUrl":"https:\/\/www.meydan.tv\/wp-content\/uploads\/amea-e1538565921390.jpg","articleSection":["Sosial","X\u0259b\u0259rl\u0259r"],"inLanguage":"az"},{"@type":"WebPage","@id":"https:\/\/www.meydan.tv\/az\/article\/oten-il-azerbaycanda-elme-yonelenlerin-coxu-qadin-olub\/","url":"https:\/\/www.meydan.tv\/az\/article\/oten-il-azerbaycanda-elme-yonelenlerin-coxu-qadin-olub\/","name":"\u00d6t\u0259n il Az\u0259rbaycanda elm\u0259 y\u00f6n\u0259l\u0259nl\u0259rin \u00e7oxu qad\u0131n olub - MEYDAN.TV","isPartOf":{"@id":"https:\/\/www.meydan.tv\/az\/#website"},"primaryImageOfPage":{"@id":"https:\/\/www.meydan.tv\/az\/article\/oten-il-azerbaycanda-elme-yonelenlerin-coxu-qadin-olub\/#primaryimage"},"image":{"@id":"https:\/\/www.meydan.tv\/az\/article\/oten-il-azerbaycanda-elme-yonelenlerin-coxu-qadin-olub\/#primaryimage"},"thumbnailUrl":"https:\/\/www.meydan.tv\/wp-content\/uploads\/amea-e1538565921390.jpg","datePublished":"2024-06-08T08:14:29+00:00","dateModified":"2024-06-08T10:56:53+00:00","breadcrumb":{"@id":"https:\/\/www.meydan.tv\/az\/article\/oten-il-azerbaycanda-elme-yonelenlerin-coxu-qadin-olub\/#breadcrumb"},"inLanguage":"az","potentialAction":[{"@type":"ReadAction","target":["https:\/\/www.meydan.tv\/az\/article\/oten-il-azerbaycanda-elme-yonelenlerin-coxu-qadin-olub\/"]}]},{"@type":"ImageObject","inLanguage":"az","@id":"https:\/\/www.meydan.tv\/az\/article\/oten-il-azerbaycanda-elme-yonelenlerin-coxu-qadin-olub\/#primaryimage","url":"https:\/\/www.meydan.tv\/wp-content\/uploads\/amea-e1538565921390.jpg","contentUrl":"https:\/\/www.meydan.tv\/wp-content\/uploads\/amea-e1538565921390.jpg","width":2000,"height":1190,"caption":"M\u0259nb\u0259: AMEA"},{"@type":"BreadcrumbList","@id":"https:\/\/www.meydan.tv\/az\/article\/oten-il-azerbaycanda-elme-yonelenlerin-coxu-qadin-olub\/#breadcrumb","itemListElement":[{"@type":"ListItem","position":1,"name":"Ana s\u0259hif\u0259","item":"https:\/\/www.meydan.tv\/az\/"},{"@type":"ListItem","position":2,"name":"Sosial","item":"https:\/\/www.meydan.tv\/az\/section\/sosial\/"},{"@type":"ListItem","position":3,"name":"\u00d6t\u0259n il Az\u0259rbaycanda elm\u0259 y\u00f6n\u0259l\u0259nl\u0259rin \u00e7oxu qad\u0131n olub"}]},{"@type":"WebSite","@id":"https:\/\/www.meydan.tv\/az\/#website","url":"https:\/\/www.meydan.tv\/az\/","name":"MEYDAN.TV","description":"Meydan TV Az\u0259rbaycan\u0131n media m\u0259kan\u0131ndak\u0131 alternativ s\u0259sidir","publisher":{"@id":"https:\/\/www.meydan.tv\/az\/#organization"},"potentialAction":[{"@type":"SearchAction","target":{"@type":"EntryPoint","urlTemplate":"https:\/\/www.meydan.tv\/az\/?s={search_term_string}"},"query-input":{"@type":"PropertyValueSpecification","valueRequired":true,"valueName":"search_term_string"}}],"inLanguage":"az"},{"@type":"Organization","@id":"https:\/\/www.meydan.tv\/az\/#organization","name":"Meydan TV","url":"https:\/\/www.meydan.tv\/az\/","logo":{"@type":"ImageObject","inLanguage":"az","@id":"https:\/\/www.meydan.tv\/az\/#\/schema\/logo\/image\/","url":"https:\/\/www.meydan.tv\/wp-content\/uploads\/2021\/07\/meydan-logo.svg","contentUrl":"https:\/\/www.meydan.tv\/wp-content\/uploads\/2021\/07\/meydan-logo.svg","width":195,"height":46,"caption":"Meydan TV"},"image":{"@id":"https:\/\/www.meydan.tv\/az\/#\/schema\/logo\/image\/"}},{"@type":"Person","@id":"https:\/\/www.meydan.tv\/az\/#\/schema\/person\/9cdbecf90d17180ce1dfbd95b08dcf47","name":"elli","sameAs":["https:\/\/x.com\/elli"]}]}},"_links":{"self":[{"href":"https:\/\/www.meydan.tv\/az\/wp-json\/wp\/v2\/posts\/307727","targetHints":{"allow":["GET"]}}],"collection":[{"href":"https:\/\/www.meydan.tv\/az\/wp-json\/wp\/v2\/posts"}],"about":[{"href":"https:\/\/www.meydan.tv\/az\/wp-json\/wp\/v2\/types\/post"}],"author":[{"embeddable":true,"href":"https:\/\/www.meydan.tv\/az\/wp-json\/wp\/v2\/users\/8"}],"replies":[{"embeddable":true,"href":"https:\/\/www.meydan.tv\/az\/wp-json\/wp\/v2\/comments?post=307727"}],"version-history":[{"count":3,"href":"https:\/\/www.meydan.tv\/az\/wp-json\/wp\/v2\/posts\/307727\/revisions"}],"predecessor-version":[{"id":307736,"href":"https:\/\/www.meydan.tv\/az\/wp-json\/wp\/v2\/posts\/307727\/revisions\/307736"}],"wp:featuredmedia":[{"embeddable":true,"href":"https:\/\/www.meydan.tv\/az\/wp-json\/wp\/v2\/media\/208880"}],"wp:attachment":[{"href":"https:\/\/www.meydan.tv\/az\/wp-json\/wp\/v2\/media?parent=307727"}],"wp:term":[{"taxonomy":"category","embeddable":true,"href":"https:\/\/www.meydan.tv\/az\/wp-json\/wp\/v2\/categories?post=307727"},{"taxonomy":"post_tag","embeddable":true,"href":"https:\/\/www.meydan.tv\/az\/wp-json\/wp\/v2\/tags?post=307727"}],"curies":[{"name":"wp","href":"https:\/\/api.w.org\/{rel}","templated":true}]}}