{"id":307712,"date":"2024-06-07T22:57:23","date_gmt":"2024-06-07T18:57:23","guid":{"rendered":"https:\/\/www.meydan.tv\/?p=307712"},"modified":"2024-06-08T01:10:44","modified_gmt":"2024-06-07T21:10:44","slug":"gurcustan-feallarinin-hedelendiyi-anonim-zengler-kampaniyasi","status":"publish","type":"post","link":"https:\/\/www.meydan.tv\/az\/article\/gurcustan-feallarinin-hedelendiyi-anonim-zengler-kampaniyasi\/","title":{"rendered":"G\u00fcrc\u00fcstan f\u0259allar\u0131n\u0131n h\u0259d\u0259l\u0259ndiyi anonim z\u0259ngl\u0259r kampaniyas\u0131\u00a0"},"content":{"rendered":"\n<p><em>Jurnalistl\u0259ri v\u0259 siyasi f\u0259allar\u0131 h\u0259d\u0259f alan gizli z\u0259ngl\u0259rin arxas\u0131nda kiml\u0259rin oldu\u011fu b\u0259lli deyil<\/em><\/p>\n\n\n\n<p>H\u0259ft\u0259l\u0259rl\u0259 davam ed\u0259n m\u00fcbahis\u0259 v\u0259 etirazlardan sonra G\u00fcrc\u00fcstan parlamenti Prezidentin vetosunu l\u0259\u011fv etdi v\u0259 may\u0131n 29-u \u00f6lk\u0259ni Avropa \u0130ttifaq\u0131ndan uzaqla\u015fd\u0131ran \u201cXarici t\u0259sirin \u015f\u0259ffafl\u0131\u011f\u0131 haqq\u0131nda\u201d m\u00fcbahis\u0259li qanun q\u0259bul edildi.<\/p>\n\n\n\n<p>Hakim \u201cG\u00fcrc\u00fc Arzusu\u201d Partiyas\u0131 parlamentd\u0259 v\u0259 k\u00fc\u00e7\u0259d\u0259 \u00fczl\u0259\u015fdiyi g\u00fccl\u00fc m\u00fcqavim\u0259t\u0259 baxmayaraq, buna nail oldu. Proses parlamentaril\u0259r aras\u0131nda yumruq davas\u0131, t\u0259hl\u00fck\u0259sizlik \u0259m\u0259kda\u015flar\u0131n\u0131n m\u00fcxalif mill\u0259t v\u0259kill\u0259rinin ota\u011fa daxil olmas\u0131na mane\u0259 yaratmaq, s\u00fcr\u0259tli \u015f\u0259kild\u0259 s\u0259sverm\u0259nin ke\u00e7irilm\u0259si v\u0259 r\u0259qibl\u0259ri susdurma kampaniyalar\u0131 il\u0259 m\u00fc\u015fayi\u0259t edildi.<\/p>\n\n\n\n<p>Ba\u015f ver\u0259nl\u0259r qanunun q\u0259bulu zaman\u0131 jurnalistl\u0259r\u0259 v\u0259 v\u0259t\u0259nda\u015f c\u0259miyy\u0259ti n\u00fcmay\u0259nd\u0259l\u0259rin\u0259 qar\u015f\u0131 t\u0259zyiq kampaniyas\u0131 il\u0259 d\u0259 yadda qald\u0131. Onlar ya\u015fad\u0131qlar\u0131 m\u0259h\u0259ll\u0259l\u0259rin divarlar\u0131nda alt\u0131nda &#8220;xarici agent&#8221; v\u0259 ya &#8220;xain&#8221; yaz\u0131lar\u0131 olan plakatlarla rastla\u015fd\u0131lar v\u0259 says\u0131z h\u0259d\u0259l\u0259yici telefon z\u0259ngl\u0259ri ald\u0131lar.<\/p>\n\n\n\n<p>T\u0259xmin\u0259n 2 h\u0259ft\u0259 \u0259vv\u0259l s\u0131ravi v\u0259t\u0259nda\u015f Edo Cavaxidze nam\u0259lum n\u00f6mr\u0259d\u0259n g\u0259l\u0259n z\u0259ng\u0259 cavab ver\u0259nd\u0259 G\u00fcrc\u00fcstan\u0131n yeni \u201cxarici agent\u201d qanununa g\u00f6st\u0259rdiyi m\u00fcqavim\u0259t\u0259 g\u00f6r\u0259 h\u0259dsiz t\u0259hqir v\u0259 t\u0259hdidl\u0259r\u0259 m\u0259ruz qal\u0131b. O v\u0259 onunla h\u0259mfikir g\u00fcrc\u00fcl\u0259r qanunun \u00f6lk\u0259ni Rusiyaya b\u0259nz\u0259r avtokratiyaya \u00e7evir\u0259c\u0259yin\u0259 inan\u0131rlar.<\/p>\n\n\n\n<p>Arams\u0131z vulqar ifad\u0259l\u0259r istifad\u0259 ed\u0259n q\u0259z\u0259bli bir \u015f\u0259xs Cavaxidzenin v\u0259fat etmi\u015f atas\u0131n\u0131n ad\u0131n\u0131 \u00e7\u0259k\u0259r\u0259k, onu bel\u0259 bir o\u011ful b\u00f6y\u00fctd\u00fcy\u00fcn\u0259 g\u00f6r\u0259 s\u00f6y\u0259nd\u0259n v\u0259 bir ne\u00e7\u0259 qohumunun ad\u0131n\u0131 halland\u0131randan sonra Cavaxidze \u0259min olub ki, z\u0259ng ed\u0259nin sad\u0259c\u0259 d\u00f6vl\u0259t qurumunun malik ola bil\u0259c\u0259yi \u015f\u0259xsi m\u0259lumatlara \u00e7\u0131x\u0131\u015f\u0131 var.<\/p>\n\n\n\n<p>Ba\u015fqa bir detal is\u0259 z\u0259ng ed\u0259n \u015f\u0259xsin Edonun s\u0259n\u0259dd\u0259 yaz\u0131lan ad\u0131ndan, Eldardan istifad\u0259 etm\u0259sidir. Edo deyir ki, ill\u0259rdir he\u00e7 kim onu \u200b\u200bbel\u0259 adland\u0131rm\u0131r, onu tan\u0131yan h\u0259r k\u0259s ona Edo deyir.<\/p>\n\n\n\n<p>M\u00fcxalif \u201cVahid Milli H\u0259r\u0259kat\u0131n V\u0259t\u0259nda\u015f \u0130nteqrasiyas\u0131\u201d Partiyas\u0131n\u0131n katibi bu z\u0259ngl\u0259rin arxas\u0131nda h\u00f6kum\u0259tin dayand\u0131\u011f\u0131 q\u0259na\u0259tind\u0259dir.<\/p>\n\n\n\n<p>G\u00fcrc\u00fcstan\u0131n Daxili \u0130\u015fl\u0259r Nazirliyi ara\u015fd\u0131rma\u00e7\u0131 jurnalistl\u0259rin \u015f\u0259rh sor\u011fusuna \u0259n\u0259n\u0259vi olaraq cavab verm\u0259yib.<\/p>\n\n\n\n<p>Cavaxidze qanuna qar\u015f\u0131 \u00e7\u0131xanlar\u0131 v\u0259 qanunun q\u0259bulundan sonra ba\u015f ver\u0259n etirazlar\u0131 susdurmaq m\u0259qs\u0259di da\u015f\u0131yan bel\u0259 t\u00fck\u00fcrp\u0259rdici z\u0259ngl\u0259r alan onlarla etiraz\u00e7\u0131, f\u0259al v\u0259 jurnalistd\u0259n yaln\u0131z biridir.<\/p>\n\n\n\n<p>M\u00fct\u0259\u015f\u0259kkil Cinay\u0259tkarl\u0131q v\u0259 Korrupsiya Hesabat\u0131 Layih\u0259sinin (OCCRP) \u0259m\u0259kda\u015flar\u0131 qurbanlar\u0131n telefonlar\u0131ndak\u0131 z\u0259ng siyah\u0131lar\u0131ndan n\u00f6mr\u0259l\u0259ri toplay\u0131blar v\u0259 h\u0259d\u0259-qorxu kampaniyas\u0131n\u0131n arxas\u0131nda kimin oldu\u011funu yoxlamaq \u00fc\u00e7\u00fcn geri z\u0259ngl\u0259r edibl\u0259r. Onlar G\u00fcrc\u00fcstana, Ukraynaya, Az\u0259rbaycana, T\u00fcrkiy\u0259y\u0259, h\u0259tta Sinqapura z\u0259ngl\u0259r etm\u0259y\u0259 nail olublar.<\/p>\n\n\n\n<p>M\u00fcxbirl\u0259r \u0259ks\u0259r\u0259n \u201ct\u0259yin olunmam\u0131\u015f n\u00f6mr\u0259\u201d cavab\u0131 al\u0131blar. Cavab ver\u0259n \u00e7a\u015fq\u0131n v\u0259t\u0259nda\u015flar is\u0259 jurnalistl\u0259rin n\u0259 dan\u0131\u015fd\u0131qlar\u0131n\u0131 bilm\u0259dikl\u0259rini dey\u0259r\u0259k d\u0259st\u0259yi as\u0131blar.<\/p>\n\n\n\n<p><em>\u201cM\u0259n bu n\u00f6mr\u0259ni iki g\u00fcn \u0259vv\u0259l alm\u0131\u015fam&#8230; Yox, m\u0259nim bel\u0259 \u015feyl\u0259rl\u0259 i\u015fim yoxdur. M\u0259n he\u00e7 vaxt evd\u0259n \u00e7\u00f6l\u0259 \u00e7\u0131xmayan adamam\u201d<\/em>, &#8211; dey\u0259 bir az\u0259rbaycanl\u0131 qad\u0131n titr\u0259k s\u0259sl\u0259 \u201cOCCRP\u201dy\u0259 bildirib.<\/p>\n\n\n\n<p><strong>Z\u0259ng ed\u0259nin \u015f\u0259xsiyy\u0259tinin saxtala\u015fd\u0131r\u0131lmas\u0131<\/strong><\/p>\n\n\n\n<p>D\u00f6vl\u0259t qurumu olan F\u0259rdi M\u0259lumatlar\u0131n M\u00fchafiz\u0259si Xidm\u0259ti bir ne\u00e7\u0259 g\u00fcn \u0259vv\u0259l \u00fc\u00e7 g\u00fcrc\u00fc operatoru il\u0259 yerind\u0259 yoxlama apard\u0131qdan sonra h\u0259d\u0259-qorxu ehtiva ed\u0259n telefon z\u0259ngl\u0259ri il\u0259 ba\u011fl\u0131 i\u015fi prokurorlu\u011fa t\u0259hvil verdiyini a\u00e7\u0131qlay\u0131b.<\/p>\n\n\n\n<p>Agentlik telekommunikasiya \u015firk\u0259tl\u0259rinin bu z\u0259ngl\u0259r\u0259 he\u00e7 bir n\u0259zar\u0259ti olmad\u0131\u011f\u0131n\u0131 bildir\u0259r\u0259k, &#8220;Z\u0259ng ed\u0259nl\u0259rin kimliyinin saxta oldu\u011funun a\u015fkar edildiyini&#8221; deyib. Agentlik z\u0259ngl\u0259rin &#8220;t\u0259hdidedici v\u0259 t\u0259hqiredici, v\u0259t\u0259nda\u015flar\u0131 qorxutma\u011fa y\u00f6n\u0259lik olmas\u0131\u201d \u0259sas\u0131 il\u0259&nbsp; ara\u015fd\u0131rman\u0131n prokurorlu\u011fa t\u0259hvil verildiyini s\u00f6yl\u0259yib.<\/p>\n\n\n\n<p>Z\u0259ng ed\u0259nin \u00f6z \u015f\u0259xsiyy\u0259tini \u00f6rt-basd\u0131r etm\u0259 prosesi qar\u015f\u0131 t\u0259r\u0259fin ekran\u0131nda g\u00f6st\u0259ril\u0259n m\u0259lumatlar\u0131n\u0131 q\u0259sd\u0259n saxtala\u015fd\u0131rmas\u0131d\u0131r. Telefon z\u0259ng \u00e7alanda ekranda z\u0259ng ed\u0259nin h\u0259qiq\u0259t\u0259n istifad\u0259 etdiyi n\u00f6mr\u0259d\u0259n tamamil\u0259 f\u0259rqli n\u00f6mr\u0259 g\u00f6st\u0259rilir. Bu, \u201cGoogle Play\u201d ma\u011fazas\u0131nda pulsuz olaraq m\u00f6vcud olan saxtala\u015fd\u0131rma proqramlar\u0131 say\u0259sind\u0259 edil\u0259 bil\u0259r.<\/p>\n\n\n\n<p>Sonra Az\u0259rbaycandan edildiyi g\u00f6r\u00fcn\u0259n z\u0259ngl\u0259r peyda olma\u011fa ba\u015flay\u0131b. \u00c7oxunda \u00f6lk\u0259 kodundan sonra \u201c005\u201d, \u201c004\u201d v\u0259 ya \u201c006\u201d r\u0259q\u0259ml\u0259ri olan bu \u201cBakcell\u201d mobil operatoruna aid oldu\u011fu g\u00f6r\u00fcn\u0259n n\u00f6mr\u0259l\u0259r\u0259 jurnalistl\u0259r geri z\u0259ng etdikd\u0259 is\u0259 avtomat cavablay\u0131c\u0131 z\u0259ngin q\u0259bul olunmad\u0131\u011f\u0131n\u0131 bildirib.<\/p>\n\n\n\n<p>Dig\u0259r n\u00f6mr\u0259l\u0259rin is\u0259 m\u0259s\u0259l\u0259 bar\u0259d\u0259 he\u00e7 bir m\u0259lumat\u0131 olmayan v\u0259 t\u0259\u0259cc\u00fcbl\u0259n\u0259n orta statistik az\u0259rbaycanl\u0131lara aid oldu\u011fu ortaya \u00e7\u0131x\u0131b. Onlar\u0131n ham\u0131s\u0131 Az\u0259rbaycan\u0131n korporativ telekommunikasiya xidm\u0259ti olan \u201cBakcell\u201d operatorundan istifad\u0259 edib.<\/p>\n\n\n\n<p>\u201cBakcell\u201d \u201cOCCRP\u201d \u0259m\u0259kda\u015flar\u0131na bildirib ki, o, g\u00fcrc\u00fc operatorlar\u0131 il\u0259 birlikd\u0259 ara\u015fd\u0131rma apar\u0131b v\u0259 h\u0259m\u00e7inin z\u0259ngl\u0259rin onlar\u0131n n\u0259zar\u0259ti olmayan \u201cCLI Spoofing\u201d adl\u0131 \u201cf\u0131r\u0131ldaq\u00e7\u0131l\u0131q metodu\u201d vasit\u0259sil\u0259 il\u0259 edildiyini a\u015fkar edib.<\/p>\n\n\n\n<p>Az\u0259rbaycandan olan 84 ya\u015fl\u0131 Kapitolina Sergeyevnan\u0131n n\u00f6mr\u0259sind\u0259n may\u0131n 11-d\u0259 g\u00fcrc\u00fc f\u0259al Nina Tuqu\u015fiy\u0259 \u201cz\u0259ng daxil olub\u201d.<\/p>\n\n\n\n<p><em>\u201cAnd i\u00e7ir\u0259m ki, bu, m\u0259n deyildim\u201d<\/em>, -Sergeyeva bel\u0259 deyib v\u0259 g\u00fcrc\u00fc dilind\u0259 dan\u0131\u015fan bir qad\u0131ndan q\u0259rib\u0259 z\u0259ngl\u0259r ald\u0131\u011f\u0131n\u0131 bildirib. <em>\u201cBa\u015fa d\u00fc\u015fm\u0259diyimi dedim, sonra telefonu qapatd\u0131. F\u0259rqli n\u00f6mr\u0259l\u0259rd\u0259n z\u0259ng etdil\u0259r&#8230; Bir n\u0259f\u0259r m\u0259n\u0259 dedi ki, m\u0259nd\u0259n z\u0259ng g\u0259lib, amma dedim ki, bu m\u00fcmk\u00fcn deyil\u201d<\/em>, \u2013 o, \u201cOCCRP\u201d-y\u0259 bel\u0259 deyib.<\/p>\n\n\n\n<p><strong>\u201cXarici agentl\u0259r\u201d<\/strong><\/p>\n\n\n\n<p>Z\u0259ngl\u0259r aprel ay\u0131nda G\u00fcrc\u00fcstan parlamentind\u0259 ilk dinl\u0259m\u0259d\u0259n ke\u00e7\u0259rk\u0259n \u00f6lk\u0259ni sars\u0131dan m\u00fcbahis\u0259li \u201cXarici agentl\u0259r haqq\u0131nda\u201d qanuna qar\u015f\u0131 k\u00fctl\u0259vi etirazlardan sonra ba\u015flay\u0131b.<\/p>\n\n\n\n<p>Parlament onu q\u0259bul etdikd\u0259n sonra layih\u0259y\u0259 Prezident veto qoyub, lakin may\u0131n 29-da h\u0259min veto parlament t\u0259r\u0259find\u0259n l\u0259\u011fv edilib.<\/p>\n\n\n\n<p>Qanun q\u00fcvv\u0259y\u0259 min\u0259nd\u0259 xaricd\u0259n maliyy\u0259 alan qeyri-h\u00f6kum\u0259t t\u0259\u015fkilatlar\u0131 v\u0259 m\u00fcst\u0259qil K\u0130V-l\u0259rin \u201cxarici g\u00fccl\u0259rin maraqlar\u0131n\u0131 t\u0259msil ed\u0259n\u201d \u015f\u0259xsl\u0259r v\u0259 t\u0259\u015fkilatlar kimi qeydiyyatdan ke\u00e7m\u0259si t\u0259l\u0259b edil\u0259c\u0259k v\u0259 bu, onlar\u0131 h\u00f6kum\u0259tin n\u0259zar\u0259tin\u0259 g\u00f6t\u00fcr\u0259c\u0259k. Analoji qanun Rusiyada v\u0259t\u0259nda\u015f c\u0259miyy\u0259tini aradan qald\u0131rmaq \u00fc\u00e7\u00fcn istifad\u0259 olundu.<\/p>\n\n\n\n<p>Parlamentd\u0259ki prosesl\u0259r v\u0259 k\u00fc\u00e7\u0259l\u0259rd\u0259 k\u00fctl\u0259vi etirazlar fonunda insanlar\u0131n telefonlar\u0131na dayanmadan anonim z\u0259ngl\u0259r g\u0259lm\u0259y\u0259 davam edirdi.<\/p>\n\n\n\n<p><em>\u201c\u0130lk z\u0259ngl\u0259r Ukraynadan, sonra Sinqapurdan g\u0259ldi. S\u0259hv etmir\u0259ms\u0259, Az\u0259rbaycan n\u00f6mr\u0259l\u0259ri d\u0259 var idi; qalanlar\u0131 g\u00fcrc\u00fc n\u00f6mr\u0259l\u0259ri idi\u201d<\/em>, \u2013 \u00f6z\u0259l universitetl\u0259rd\u0259n birinin m\u00fc\u0259llimi Davit Braqvadze \u201cOCCRP\u201d-y\u0259 bel\u0259 bildirib.<\/p>\n\n\n\n<p>El\u0259 h\u0259min g\u00fcn ax\u015fam Davitin h\u0259yat yolda\u015f\u0131 da eyni tipli z\u0259ngl\u0259r alma\u011fa, t\u0259hqir edilm\u0259y\u0259 ba\u015flay\u0131b. Daha sonra is\u0259 onun anas\u0131na z\u0259ng edilib.<\/p>\n\n\n\n<p>Dig\u0259r etiraz i\u015ftirak\u00e7\u0131s\u0131 Salome \u00c7xaidze d\u0259 \u201cOCCRP\u201dy\u0259 bildirib ki, ona Az\u0259rbaycandan z\u0259ng edilm\u0259si q\u0259rib\u0259dir, \u00e7\u00fcnki z\u0259ng ed\u0259n \u015f\u0259xs g\u00fcrc\u00fc dilind\u0259 dan\u0131\u015f\u0131b, lakin Salome, geri z\u0259ng ed\u0259n kimi operator rus dilind\u0259 dan\u0131\u015f\u0131b, sonra is\u0259 z\u0259ng k\u0259silib.<\/p>\n\n\n\n<p>Edo Cavaxidze bu t\u0259hdid kampaniyas\u0131n\u0131 terror adland\u0131r\u0131b:&nbsp;<\/p>\n\n\n\n<p><em>\u201cBu z\u0259ng ed\u0259nl\u0259rd\u0259 m\u0259nim ail\u0259 \u00fczvl\u0259rimin telefon n\u00f6mr\u0259l\u0259rinin olmas\u0131 o dem\u0259kdir ki, onlarda m\u0259nim haqq\u0131mda b\u00fct\u00fcn m\u0259lumatlar var v\u0259 h\u00f6kum\u0259t bu m\u0259lumatlar\u0131 b\u00f6l\u00fc\u015f\u0259r\u0259k t\u0259hdid z\u0259ngl\u0259rini d\u0259st\u0259kl\u0259yib\u201d<\/em>.<\/p>\n\n\n\n<p><strong>Z\u0259ngl\u0259rd\u0259 r\u0259smi qurumlar\u0131n izi varm\u0131?<\/strong><\/p>\n\n\n\n<p>B\u0259zi g\u00fcrc\u00fc f\u0259allar Az\u0259rbaycan h\u00f6kum\u0259t strukturlar\u0131 il\u0259 G\u00fcrc\u00fcstan h\u00f6kum\u0259tinin \u0259lbir olaraq bu z\u0259ngl\u0259ri h\u0259yata ke\u00e7irdiyi q\u0259na\u0259tind\u0259dirl\u0259r. Onlar iddia edirl\u0259r ki, bu q\u0259d\u0259r z\u0259ngl\u0259rin eyni tarixl\u0259rd\u0259 edilm\u0259si ancaq bir m\u0259rk\u0259zd\u0259n idar\u0259 oluna bil\u0259r v\u0259 o \u015f\u0259xsl\u0259r\u0259 f\u0259allar, jurnalistl\u0259r bar\u0259d\u0259, onlar\u0131n yax\u0131nlar\u0131 haqq\u0131nda a\u00e7\u0131q olmayan m\u0259lumatlar\u0131n verilm\u0259si ancaq g\u00fcc strukturlar\u0131n\u0131n i\u015fi ola bil\u0259r.<\/p>\n\n\n\n<p>B\u0259s Az\u0259rbaycan h\u00fcquq-m\u00fchafiz\u0259 orqanlar\u0131 bu haqda ara\u015fd\u0131rma apar\u0131bm\u0131, kiml\u0259rs\u0259 c\u0259zalan\u0131bm\u0131? M\u0259s\u0259l\u0259 il\u0259 \u0259laq\u0259dar Az\u0259rbaycan\u0131n Daxili \u0130\u015fl\u0259r Nazirliyi il\u0259 \u0259laq\u0259 saxlad\u0131q. Nazirliyin m\u0259tbuat xidm\u0259tinin r\u0259hb\u0259ri El\u015fad Hac\u0131yev bildirib ki, D\u0130N-in M\u0259tbuat Xidm\u0259tind\u0259 bu bar\u0259d\u0259 m\u0259lumat yoxdur.<\/p>\n\n\n\n<p>Tbilisid\u0259ki Az\u0259rbaycan s\u0259firliyind\u0259n is\u0259 sor\u011fumuza s\u0259firliyin n\u00fcmay\u0259nd\u0259si Cavid M\u0259h\u0259rr\u0259mov bildirib ki, Az\u0259rbaycan h\u00f6kum\u0259ti he\u00e7 bir halda bu tip t\u0259xribatlarla m\u0259\u015f\u011ful olmay\u0131b v\u0259 olmayacaq: <\/p>\n\n\n\n<p><em>\u201cAz\u0259rbaycan G\u00fcrc\u00fcstandak\u0131 h\u00f6kum\u0259ti d\u0259st\u0259kl\u0259yir, bu, \u00f6z yerind\u0259. Amma Az\u0259rbaycan G\u00fcrc\u00fcstan\u0131 normal metodlarla d\u0259st\u0259kl\u0259yir, bu tip metodlarla yox. Bir z\u0259ngl\u0259 kimi qorxutmaq olar?\u201d<\/em><\/p>\n","protected":false},"excerpt":{"rendered":"<p>Jurnalistl\u0259ri v\u0259 siyasi f\u0259allar\u0131 h\u0259d\u0259f alan gizli z\u0259ngl\u0259rin arxas\u0131nda kiml\u0259rin &#8230; <\/p>\n<p class=\"read-more-container\"><a title=\"G\u00fcrc\u00fcstan f\u0259allar\u0131n\u0131n h\u0259d\u0259l\u0259ndiyi anonim z\u0259ngl\u0259r kampaniyas\u0131\u00a0\" class=\"read-more button\" href=\"https:\/\/www.meydan.tv\/az\/article\/gurcustan-feallarinin-hedelendiyi-anonim-zengler-kampaniyasi\/#more-307712\" aria-label=\"Read more about G\u00fcrc\u00fcstan f\u0259allar\u0131n\u0131n h\u0259d\u0259l\u0259ndiyi anonim z\u0259ngl\u0259r kampaniyas\u0131\u00a0\">Davam\u0131<\/a><\/p>\n","protected":false},"author":12,"featured_media":307714,"comment_status":"closed","ping_status":"closed","sticky":false,"template":"","format":"standard","meta":{"_acf_changed":false,"_sitemap_exclude":false,"_sitemap_priority":"","_sitemap_frequency":"","footnotes":""},"categories":[64,59,79],"tags":[],"class_list":["post-307712","post","type-post","status-publish","format-standard","has-post-thumbnail","hentry","category-dunya","category-siyaset","category-featured","infinite-scroll-item","generate-columns","tablet-grid-50","mobile-grid-100","grid-parent","grid-33","no-featured-image-padding"],"acf":[],"yoast_head":"<!-- This site is optimized with the Yoast SEO plugin v27.5 - https:\/\/yoast.com\/product\/yoast-seo-wordpress\/ -->\n<title>G\u00fcrc\u00fcstan f\u0259allar\u0131n\u0131n h\u0259d\u0259l\u0259ndiyi anonim z\u0259ngl\u0259r kampaniyas\u0131\u00a0 - MEYDAN.TV<\/title>\n<meta name=\"robots\" content=\"index, follow, max-snippet:-1, max-image-preview:large, max-video-preview:-1\" \/>\n<link rel=\"canonical\" href=\"https:\/\/www.meydan.tv\/az\/article\/gurcustan-feallarinin-hedelendiyi-anonim-zengler-kampaniyasi\/\" \/>\n<meta property=\"og:locale\" content=\"az_AZ\" \/>\n<meta property=\"og:type\" content=\"article\" \/>\n<meta property=\"og:title\" content=\"G\u00fcrc\u00fcstan f\u0259allar\u0131n\u0131n h\u0259d\u0259l\u0259ndiyi anonim z\u0259ngl\u0259r kampaniyas\u0131\u00a0 - MEYDAN.TV\" \/>\n<meta property=\"og:description\" content=\"Jurnalistl\u0259ri v\u0259 siyasi f\u0259allar\u0131 h\u0259d\u0259f alan gizli z\u0259ngl\u0259rin arxas\u0131nda kiml\u0259rin ... Davam\u0131\" \/>\n<meta property=\"og:url\" content=\"https:\/\/www.meydan.tv\/az\/article\/gurcustan-feallarinin-hedelendiyi-anonim-zengler-kampaniyasi\/\" \/>\n<meta property=\"og:site_name\" content=\"MEYDAN.TV\" \/>\n<meta property=\"article:published_time\" content=\"2024-06-07T18:57:23+00:00\" \/>\n<meta property=\"article:modified_time\" content=\"2024-06-07T21:10:44+00:00\" \/>\n<meta property=\"og:image\" content=\"https:\/\/www.meydan.tv\/wp-content\/uploads\/2024-05-14t192057z_1139636292_rc2iq7ag0h5e_rtrmadp_3_georgia-politics-protests-scaled.jpg\" \/>\n\t<meta property=\"og:image:width\" content=\"2560\" \/>\n\t<meta property=\"og:image:height\" content=\"1707\" \/>\n\t<meta property=\"og:image:type\" content=\"image\/jpeg\" \/>\n<meta name=\"author\" content=\"aleks\" \/>\n<meta name=\"twitter:card\" content=\"summary_large_image\" \/>\n<script type=\"application\/ld+json\" class=\"yoast-schema-graph\">{\"@context\":\"https:\\\/\\\/schema.org\",\"@graph\":[{\"@type\":\"Article\",\"@id\":\"https:\\\/\\\/www.meydan.tv\\\/az\\\/article\\\/gurcustan-feallarinin-hedelendiyi-anonim-zengler-kampaniyasi\\\/#article\",\"isPartOf\":{\"@id\":\"https:\\\/\\\/www.meydan.tv\\\/az\\\/article\\\/gurcustan-feallarinin-hedelendiyi-anonim-zengler-kampaniyasi\\\/\"},\"author\":{\"name\":\"aleks\",\"@id\":\"https:\\\/\\\/www.meydan.tv\\\/az\\\/#\\\/schema\\\/person\\\/476e9360e593fa131d5d71d51866f8da\"},\"headline\":\"G\u00fcrc\u00fcstan f\u0259allar\u0131n\u0131n h\u0259d\u0259l\u0259ndiyi anonim z\u0259ngl\u0259r kampaniyas\u0131\u00a0\",\"datePublished\":\"2024-06-07T18:57:23+00:00\",\"dateModified\":\"2024-06-07T21:10:44+00:00\",\"mainEntityOfPage\":{\"@id\":\"https:\\\/\\\/www.meydan.tv\\\/az\\\/article\\\/gurcustan-feallarinin-hedelendiyi-anonim-zengler-kampaniyasi\\\/\"},\"wordCount\":1755,\"publisher\":{\"@id\":\"https:\\\/\\\/www.meydan.tv\\\/az\\\/#organization\"},\"image\":{\"@id\":\"https:\\\/\\\/www.meydan.tv\\\/az\\\/article\\\/gurcustan-feallarinin-hedelendiyi-anonim-zengler-kampaniyasi\\\/#primaryimage\"},\"thumbnailUrl\":\"https:\\\/\\\/www.meydan.tv\\\/wp-content\\\/uploads\\\/2024-05-14t192057z_1139636292_rc2iq7ag0h5e_rtrmadp_3_georgia-politics-protests-scaled.jpg\",\"articleSection\":[\"D\u00fcnya\",\"Siyas\u0259t\",\"T\u00f6vsiy\u0259\"],\"inLanguage\":\"az\"},{\"@type\":\"WebPage\",\"@id\":\"https:\\\/\\\/www.meydan.tv\\\/az\\\/article\\\/gurcustan-feallarinin-hedelendiyi-anonim-zengler-kampaniyasi\\\/\",\"url\":\"https:\\\/\\\/www.meydan.tv\\\/az\\\/article\\\/gurcustan-feallarinin-hedelendiyi-anonim-zengler-kampaniyasi\\\/\",\"name\":\"G\u00fcrc\u00fcstan f\u0259allar\u0131n\u0131n h\u0259d\u0259l\u0259ndiyi anonim z\u0259ngl\u0259r kampaniyas\u0131\u00a0 - MEYDAN.TV\",\"isPartOf\":{\"@id\":\"https:\\\/\\\/www.meydan.tv\\\/az\\\/#website\"},\"primaryImageOfPage\":{\"@id\":\"https:\\\/\\\/www.meydan.tv\\\/az\\\/article\\\/gurcustan-feallarinin-hedelendiyi-anonim-zengler-kampaniyasi\\\/#primaryimage\"},\"image\":{\"@id\":\"https:\\\/\\\/www.meydan.tv\\\/az\\\/article\\\/gurcustan-feallarinin-hedelendiyi-anonim-zengler-kampaniyasi\\\/#primaryimage\"},\"thumbnailUrl\":\"https:\\\/\\\/www.meydan.tv\\\/wp-content\\\/uploads\\\/2024-05-14t192057z_1139636292_rc2iq7ag0h5e_rtrmadp_3_georgia-politics-protests-scaled.jpg\",\"datePublished\":\"2024-06-07T18:57:23+00:00\",\"dateModified\":\"2024-06-07T21:10:44+00:00\",\"breadcrumb\":{\"@id\":\"https:\\\/\\\/www.meydan.tv\\\/az\\\/article\\\/gurcustan-feallarinin-hedelendiyi-anonim-zengler-kampaniyasi\\\/#breadcrumb\"},\"inLanguage\":\"az\",\"potentialAction\":[{\"@type\":\"ReadAction\",\"target\":[\"https:\\\/\\\/www.meydan.tv\\\/az\\\/article\\\/gurcustan-feallarinin-hedelendiyi-anonim-zengler-kampaniyasi\\\/\"]}]},{\"@type\":\"ImageObject\",\"inLanguage\":\"az\",\"@id\":\"https:\\\/\\\/www.meydan.tv\\\/az\\\/article\\\/gurcustan-feallarinin-hedelendiyi-anonim-zengler-kampaniyasi\\\/#primaryimage\",\"url\":\"https:\\\/\\\/www.meydan.tv\\\/wp-content\\\/uploads\\\/2024-05-14t192057z_1139636292_rc2iq7ag0h5e_rtrmadp_3_georgia-politics-protests-scaled.jpg\",\"contentUrl\":\"https:\\\/\\\/www.meydan.tv\\\/wp-content\\\/uploads\\\/2024-05-14t192057z_1139636292_rc2iq7ag0h5e_rtrmadp_3_georgia-politics-protests-scaled.jpg\",\"width\":2560,\"height\":1707,\"caption\":\"G\u00fcrc\u00fcstan. Foto: REUTERS\\\/Irakli Gedenidze\"},{\"@type\":\"BreadcrumbList\",\"@id\":\"https:\\\/\\\/www.meydan.tv\\\/az\\\/article\\\/gurcustan-feallarinin-hedelendiyi-anonim-zengler-kampaniyasi\\\/#breadcrumb\",\"itemListElement\":[{\"@type\":\"ListItem\",\"position\":1,\"name\":\"Ana s\u0259hif\u0259\",\"item\":\"https:\\\/\\\/www.meydan.tv\\\/az\\\/\"},{\"@type\":\"ListItem\",\"position\":2,\"name\":\"T\u00f6vsiy\u0259\",\"item\":\"https:\\\/\\\/www.meydan.tv\\\/az\\\/section\\\/featured\\\/\"},{\"@type\":\"ListItem\",\"position\":3,\"name\":\"G\u00fcrc\u00fcstan f\u0259allar\u0131n\u0131n h\u0259d\u0259l\u0259ndiyi anonim z\u0259ngl\u0259r kampaniyas\u0131\u00a0\"}]},{\"@type\":\"WebSite\",\"@id\":\"https:\\\/\\\/www.meydan.tv\\\/az\\\/#website\",\"url\":\"https:\\\/\\\/www.meydan.tv\\\/az\\\/\",\"name\":\"MEYDAN.TV\",\"description\":\"Meydan TV Az\u0259rbaycan\u0131n media m\u0259kan\u0131ndak\u0131 alternativ s\u0259sidir\",\"publisher\":{\"@id\":\"https:\\\/\\\/www.meydan.tv\\\/az\\\/#organization\"},\"potentialAction\":[{\"@type\":\"SearchAction\",\"target\":{\"@type\":\"EntryPoint\",\"urlTemplate\":\"https:\\\/\\\/www.meydan.tv\\\/az\\\/?s={search_term_string}\"},\"query-input\":{\"@type\":\"PropertyValueSpecification\",\"valueRequired\":true,\"valueName\":\"search_term_string\"}}],\"inLanguage\":\"az\"},{\"@type\":\"Organization\",\"@id\":\"https:\\\/\\\/www.meydan.tv\\\/az\\\/#organization\",\"name\":\"Meydan TV\",\"url\":\"https:\\\/\\\/www.meydan.tv\\\/az\\\/\",\"logo\":{\"@type\":\"ImageObject\",\"inLanguage\":\"az\",\"@id\":\"https:\\\/\\\/www.meydan.tv\\\/az\\\/#\\\/schema\\\/logo\\\/image\\\/\",\"url\":\"https:\\\/\\\/www.meydan.tv\\\/wp-content\\\/uploads\\\/2021\\\/07\\\/meydan-logo.svg\",\"contentUrl\":\"https:\\\/\\\/www.meydan.tv\\\/wp-content\\\/uploads\\\/2021\\\/07\\\/meydan-logo.svg\",\"width\":195,\"height\":46,\"caption\":\"Meydan TV\"},\"image\":{\"@id\":\"https:\\\/\\\/www.meydan.tv\\\/az\\\/#\\\/schema\\\/logo\\\/image\\\/\"}},{\"@type\":\"Person\",\"@id\":\"https:\\\/\\\/www.meydan.tv\\\/az\\\/#\\\/schema\\\/person\\\/476e9360e593fa131d5d71d51866f8da\",\"name\":\"aleks\"}]}<\/script>\n<!-- \/ Yoast SEO plugin. -->","yoast_head_json":{"title":"G\u00fcrc\u00fcstan f\u0259allar\u0131n\u0131n h\u0259d\u0259l\u0259ndiyi anonim z\u0259ngl\u0259r kampaniyas\u0131\u00a0 - MEYDAN.TV","robots":{"index":"index","follow":"follow","max-snippet":"max-snippet:-1","max-image-preview":"max-image-preview:large","max-video-preview":"max-video-preview:-1"},"canonical":"https:\/\/www.meydan.tv\/az\/article\/gurcustan-feallarinin-hedelendiyi-anonim-zengler-kampaniyasi\/","og_locale":"az_AZ","og_type":"article","og_title":"G\u00fcrc\u00fcstan f\u0259allar\u0131n\u0131n h\u0259d\u0259l\u0259ndiyi anonim z\u0259ngl\u0259r kampaniyas\u0131\u00a0 - MEYDAN.TV","og_description":"Jurnalistl\u0259ri v\u0259 siyasi f\u0259allar\u0131 h\u0259d\u0259f alan gizli z\u0259ngl\u0259rin arxas\u0131nda kiml\u0259rin ... Davam\u0131","og_url":"https:\/\/www.meydan.tv\/az\/article\/gurcustan-feallarinin-hedelendiyi-anonim-zengler-kampaniyasi\/","og_site_name":"MEYDAN.TV","article_published_time":"2024-06-07T18:57:23+00:00","article_modified_time":"2024-06-07T21:10:44+00:00","og_image":[{"width":2560,"height":1707,"url":"https:\/\/www.meydan.tv\/wp-content\/uploads\/2024-05-14t192057z_1139636292_rc2iq7ag0h5e_rtrmadp_3_georgia-politics-protests-scaled.jpg","type":"image\/jpeg"}],"author":"aleks","twitter_card":"summary_large_image","schema":{"@context":"https:\/\/schema.org","@graph":[{"@type":"Article","@id":"https:\/\/www.meydan.tv\/az\/article\/gurcustan-feallarinin-hedelendiyi-anonim-zengler-kampaniyasi\/#article","isPartOf":{"@id":"https:\/\/www.meydan.tv\/az\/article\/gurcustan-feallarinin-hedelendiyi-anonim-zengler-kampaniyasi\/"},"author":{"name":"aleks","@id":"https:\/\/www.meydan.tv\/az\/#\/schema\/person\/476e9360e593fa131d5d71d51866f8da"},"headline":"G\u00fcrc\u00fcstan f\u0259allar\u0131n\u0131n h\u0259d\u0259l\u0259ndiyi anonim z\u0259ngl\u0259r kampaniyas\u0131\u00a0","datePublished":"2024-06-07T18:57:23+00:00","dateModified":"2024-06-07T21:10:44+00:00","mainEntityOfPage":{"@id":"https:\/\/www.meydan.tv\/az\/article\/gurcustan-feallarinin-hedelendiyi-anonim-zengler-kampaniyasi\/"},"wordCount":1755,"publisher":{"@id":"https:\/\/www.meydan.tv\/az\/#organization"},"image":{"@id":"https:\/\/www.meydan.tv\/az\/article\/gurcustan-feallarinin-hedelendiyi-anonim-zengler-kampaniyasi\/#primaryimage"},"thumbnailUrl":"https:\/\/www.meydan.tv\/wp-content\/uploads\/2024-05-14t192057z_1139636292_rc2iq7ag0h5e_rtrmadp_3_georgia-politics-protests-scaled.jpg","articleSection":["D\u00fcnya","Siyas\u0259t","T\u00f6vsiy\u0259"],"inLanguage":"az"},{"@type":"WebPage","@id":"https:\/\/www.meydan.tv\/az\/article\/gurcustan-feallarinin-hedelendiyi-anonim-zengler-kampaniyasi\/","url":"https:\/\/www.meydan.tv\/az\/article\/gurcustan-feallarinin-hedelendiyi-anonim-zengler-kampaniyasi\/","name":"G\u00fcrc\u00fcstan f\u0259allar\u0131n\u0131n h\u0259d\u0259l\u0259ndiyi anonim z\u0259ngl\u0259r kampaniyas\u0131\u00a0 - MEYDAN.TV","isPartOf":{"@id":"https:\/\/www.meydan.tv\/az\/#website"},"primaryImageOfPage":{"@id":"https:\/\/www.meydan.tv\/az\/article\/gurcustan-feallarinin-hedelendiyi-anonim-zengler-kampaniyasi\/#primaryimage"},"image":{"@id":"https:\/\/www.meydan.tv\/az\/article\/gurcustan-feallarinin-hedelendiyi-anonim-zengler-kampaniyasi\/#primaryimage"},"thumbnailUrl":"https:\/\/www.meydan.tv\/wp-content\/uploads\/2024-05-14t192057z_1139636292_rc2iq7ag0h5e_rtrmadp_3_georgia-politics-protests-scaled.jpg","datePublished":"2024-06-07T18:57:23+00:00","dateModified":"2024-06-07T21:10:44+00:00","breadcrumb":{"@id":"https:\/\/www.meydan.tv\/az\/article\/gurcustan-feallarinin-hedelendiyi-anonim-zengler-kampaniyasi\/#breadcrumb"},"inLanguage":"az","potentialAction":[{"@type":"ReadAction","target":["https:\/\/www.meydan.tv\/az\/article\/gurcustan-feallarinin-hedelendiyi-anonim-zengler-kampaniyasi\/"]}]},{"@type":"ImageObject","inLanguage":"az","@id":"https:\/\/www.meydan.tv\/az\/article\/gurcustan-feallarinin-hedelendiyi-anonim-zengler-kampaniyasi\/#primaryimage","url":"https:\/\/www.meydan.tv\/wp-content\/uploads\/2024-05-14t192057z_1139636292_rc2iq7ag0h5e_rtrmadp_3_georgia-politics-protests-scaled.jpg","contentUrl":"https:\/\/www.meydan.tv\/wp-content\/uploads\/2024-05-14t192057z_1139636292_rc2iq7ag0h5e_rtrmadp_3_georgia-politics-protests-scaled.jpg","width":2560,"height":1707,"caption":"G\u00fcrc\u00fcstan. Foto: REUTERS\/Irakli Gedenidze"},{"@type":"BreadcrumbList","@id":"https:\/\/www.meydan.tv\/az\/article\/gurcustan-feallarinin-hedelendiyi-anonim-zengler-kampaniyasi\/#breadcrumb","itemListElement":[{"@type":"ListItem","position":1,"name":"Ana s\u0259hif\u0259","item":"https:\/\/www.meydan.tv\/az\/"},{"@type":"ListItem","position":2,"name":"T\u00f6vsiy\u0259","item":"https:\/\/www.meydan.tv\/az\/section\/featured\/"},{"@type":"ListItem","position":3,"name":"G\u00fcrc\u00fcstan f\u0259allar\u0131n\u0131n h\u0259d\u0259l\u0259ndiyi anonim z\u0259ngl\u0259r kampaniyas\u0131\u00a0"}]},{"@type":"WebSite","@id":"https:\/\/www.meydan.tv\/az\/#website","url":"https:\/\/www.meydan.tv\/az\/","name":"MEYDAN.TV","description":"Meydan TV Az\u0259rbaycan\u0131n media m\u0259kan\u0131ndak\u0131 alternativ s\u0259sidir","publisher":{"@id":"https:\/\/www.meydan.tv\/az\/#organization"},"potentialAction":[{"@type":"SearchAction","target":{"@type":"EntryPoint","urlTemplate":"https:\/\/www.meydan.tv\/az\/?s={search_term_string}"},"query-input":{"@type":"PropertyValueSpecification","valueRequired":true,"valueName":"search_term_string"}}],"inLanguage":"az"},{"@type":"Organization","@id":"https:\/\/www.meydan.tv\/az\/#organization","name":"Meydan TV","url":"https:\/\/www.meydan.tv\/az\/","logo":{"@type":"ImageObject","inLanguage":"az","@id":"https:\/\/www.meydan.tv\/az\/#\/schema\/logo\/image\/","url":"https:\/\/www.meydan.tv\/wp-content\/uploads\/2021\/07\/meydan-logo.svg","contentUrl":"https:\/\/www.meydan.tv\/wp-content\/uploads\/2021\/07\/meydan-logo.svg","width":195,"height":46,"caption":"Meydan TV"},"image":{"@id":"https:\/\/www.meydan.tv\/az\/#\/schema\/logo\/image\/"}},{"@type":"Person","@id":"https:\/\/www.meydan.tv\/az\/#\/schema\/person\/476e9360e593fa131d5d71d51866f8da","name":"aleks"}]}},"_links":{"self":[{"href":"https:\/\/www.meydan.tv\/az\/wp-json\/wp\/v2\/posts\/307712","targetHints":{"allow":["GET"]}}],"collection":[{"href":"https:\/\/www.meydan.tv\/az\/wp-json\/wp\/v2\/posts"}],"about":[{"href":"https:\/\/www.meydan.tv\/az\/wp-json\/wp\/v2\/types\/post"}],"author":[{"embeddable":true,"href":"https:\/\/www.meydan.tv\/az\/wp-json\/wp\/v2\/users\/12"}],"replies":[{"embeddable":true,"href":"https:\/\/www.meydan.tv\/az\/wp-json\/wp\/v2\/comments?post=307712"}],"version-history":[{"count":3,"href":"https:\/\/www.meydan.tv\/az\/wp-json\/wp\/v2\/posts\/307712\/revisions"}],"predecessor-version":[{"id":307717,"href":"https:\/\/www.meydan.tv\/az\/wp-json\/wp\/v2\/posts\/307712\/revisions\/307717"}],"wp:featuredmedia":[{"embeddable":true,"href":"https:\/\/www.meydan.tv\/az\/wp-json\/wp\/v2\/media\/307714"}],"wp:attachment":[{"href":"https:\/\/www.meydan.tv\/az\/wp-json\/wp\/v2\/media?parent=307712"}],"wp:term":[{"taxonomy":"category","embeddable":true,"href":"https:\/\/www.meydan.tv\/az\/wp-json\/wp\/v2\/categories?post=307712"},{"taxonomy":"post_tag","embeddable":true,"href":"https:\/\/www.meydan.tv\/az\/wp-json\/wp\/v2\/tags?post=307712"}],"curies":[{"name":"wp","href":"https:\/\/api.w.org\/{rel}","templated":true}]}}