{"id":307658,"date":"2024-06-07T15:18:50","date_gmt":"2024-06-07T11:18:50","guid":{"rendered":"https:\/\/www.meydan.tv\/?p=307658"},"modified":"2024-06-07T16:40:42","modified_gmt":"2024-06-07T12:40:42","slug":"hakim-intihardan-evvel-memurlarin-adi-kecen-mehkeme-isine-baxib","status":"publish","type":"post","link":"https:\/\/www.meydan.tv\/az\/article\/hakim-intihardan-evvel-memurlarin-adi-kecen-mehkeme-isine-baxib\/","title":{"rendered":"Hakim intihardan \u0259vv\u0259l m\u0259murlar\u0131n ad\u0131 ke\u00e7\u0259n m\u0259hk\u0259m\u0259 i\u015fin\u0259 bax\u0131b"},"content":{"rendered":"\n<p><\/p>\n\n\n\n<p><strong><em>M\u0259hk\u0259m\u0259 i\u015find\u0259 Eldar Mahmudov, K\u0259mal\u0259ddin Heyd\u0259rov, Cahangir Hac\u0131yev v\u0259 \u015eahmar V\u0259liyevin ad\u0131 hallan\u0131r<\/em><\/strong><\/p>\n\n\n\n<p>Nizami rayonu \u0259razisind\u0259, 8-ci kilometr adlanan \u0259razid\u0259ki 5 m\u0259rt\u0259b\u0259li \u201cDiqlas\u201d ticar\u0259t m\u0259rk\u0259zi v\u0259 ona biti\u015fik \u201c\u00c7in bazar\u0131\u201dn\u0131n yanmas\u0131ndan 5 ild\u0259n \u00e7ox vaxt ke\u00e7ir. Y\u00fcks\u0259k v\u0259zif\u0259li bir ne\u00e7\u0259 m\u0259mur v\u0259 onlar\u0131n ail\u0259 \u00fczvl\u0259rinin \u015f\u0259rikli sahib olduqlar\u0131 bu ticar\u0259t m\u0259rk\u0259zi yan\u011f\u0131ndan 4 ay sonra \u2013 2019-cu ilin iyulunda tamamil\u0259 s\u00f6k\u00fcls\u0259 d\u0259, obyektl\u0259 ba\u011fl\u0131 qalmaqal h\u0259l\u0259 d\u0259 davam edir.<\/p>\n\n\n\n<p>M\u0259lum olub ki, Ali M\u0259hk\u0259m\u0259nin hakimi, aprelin 27-d\u0259 ya\u015fad\u0131\u011f\u0131 evd\u0259 \u00f6z\u00fcn\u00fc asaraq intihar etdiyi bildiril\u0259n \u0130lqar Dada\u015fov \u00f6l\u00fcm\u00fcnd\u0259n bir m\u00fcdd\u0259t \u0259vv\u0259l \u201cDiqlas\u201d Ticar\u0259t M\u0259rk\u0259zi il\u0259 ba\u011fl\u0131 m\u0259hk\u0259m\u0259 i\u015fin\u0259 baxaraq, onunla ba\u011fl\u0131 q\u0259rar verib. Bu m\u0259hk\u0259m\u0259 m\u00fcbahis\u0259sind\u0259 \u201cDiqlas\u201dla \u201cAzs\u0131\u011forta\u201d aras\u0131nda 400 min manatdan \u00e7ox pul t\u0259l\u0259bil\u0259 ba\u011fl\u0131 qalmaqaldan b\u0259hs olunur.<\/p>\n\n\n\n<p>\u201cDiqlas\u201dla ba\u011fl\u0131 qalmaqalda \u00fczd\u0259 g\u00f6r\u00fcnm\u0259s\u0259l\u0259r d\u0259, bir \u00e7ox y\u00fcks\u0259k v\u0259zif\u0259li m\u0259murlar\u0131n ad\u0131 ke\u00e7ir.<\/p>\n\n\n\n<p>\u00d6nc\u0259 ondan ba\u015flayaq ki, ticar\u0259t m\u0259rk\u0259zinin tikintisi 2008-ci ild\u0259 ba\u015flay\u0131b v\u0259 2010-cu il mart\u0131n 3-d\u0259 \u201cDiqlas-1\u201d MMC kimi, ke\u00e7mi\u015f Milli T\u0259hl\u00fck\u0259sizlik naziri Eldar Mahmudovun o\u011flu Anar Mahmudovun ad\u0131na d\u00f6vl\u0259t qeydiyyat\u0131ndan ke\u00e7ib. R\u0259smi s\u0259n\u0259dd\u0259 \u015firk\u0259tin t\u0259sis\u00e7isi v\u0259 qanuni t\u0259msil\u00e7isi olaraq Anar Mahmudovun ad\u0131 g\u00f6st\u0259rilib.<\/p>\n\n\n\n<p>Anar Mahmudov 2012-ci ild\u0259 ticar\u0259t m\u0259rk\u0259zinin paylar\u0131n\u0131n yar\u0131s\u0131n\u0131 Beyn\u0259lxalq Bank\u0131n ke\u00e7mi\u015f r\u0259hb\u0259ri, haz\u0131rda h\u0259bsd\u0259 olan Cahangir Hac\u0131yev\u0259 verib. Yada salaq ki, Cahangir Hac\u0131yev Anar Mahmudovun qay\u0131natas\u0131d\u0131r. Sabiq nazir o\u011flu onun q\u0131z\u0131 il\u0259 ail\u0259 qurub.<\/p>\n\n\n\n<p>Bir m\u00fcdd\u0259t sonra Cahangir Hac\u0131yev \u201cDiqlas\u201ddak\u0131 pay\u0131n\u0131 \u201cTexnikabank\u201da girov qoyaraq, kredit g\u00f6t\u00fcr\u00fcb. 2015-ci ild\u0259 Cahangir Hac\u0131yevin v\u0259zif\u0259d\u0259n azad edilm\u0259si, ard\u0131nca h\u0259bs olunmas\u0131yla maliyy\u0259 durumu pisl\u0259\u015fib. Bel\u0259likl\u0259, kreditin \u00f6d\u0259ni\u015find\u0259 d\u0259 probleml\u0259r yarand\u0131\u011f\u0131na g\u00f6r\u0259 Cahangir Hac\u0131yev\u0259 aid hiss\u0259 \u201cTexnikabank\u201d\u0131n M\u00fc\u015fahid\u0259 \u015euras\u0131n\u0131n s\u0259dri Etibar \u018fliyevin s\u0259r\u0259ncam\u0131na ke\u00e7ib. 2016-c\u0131 ild\u0259 \u201cTexnikabank\u201d m\u00fcflis olandan sonra is\u0259 h\u0259min s\u0259hml\u0259r bankda batan \u0259man\u0259tinin \u0259v\u0259zin\u0259 \u015eahmar V\u0259liyev\u0259 verilib. S\u00f6hb\u0259t H\u0259rbi prokuror Xanlar V\u0259liyev v\u0259 G\u0259nc\u0259nin ke\u00e7mi\u015f icra ba\u015f\u00e7\u0131s\u0131 Elmar V\u0259liyevin qarda\u015f\u0131 \u015eahmar V\u0259liyevd\u0259n gedir.<br>\u015eahmar V\u0259liyev \u201cDiqlas\u201d MMC-y\u0259 Rasim M\u0259mm\u0259dov adl\u0131 \u015f\u0259xsi direktor t\u0259yin edib. Ona aid hiss\u0259nin idar\u0259\u00e7iliyi Rasim M\u0259mm\u0259dova tap\u015f\u0131r\u0131l\u0131b.<\/p>\n\n\n\n<p>Anar Mahmudova aid hiss\u0259nin idar\u0259\u00e7iliyi is\u0259 Araz R\u0259himov adl\u0131 \u015f\u0259xs\u0259 h\u0259val\u0259 olunub, onun ad\u0131na \u201cDiqlas-2\u201d MMC t\u0259sis olunub.<\/p>\n\n\n\n<p>\u201c<em>Eldar Mahmudovun ad\u0131ndan etibarnam\u0259 \u0259sas\u0131nda qayn\u0131 F\u0259rhad M\u0259likov \u00e7\u0131x\u0131\u015f edirdi. \u201cDiqlas-1\u201d MMC-nin r\u0259smi \u015f\u0259kild\u0259 t\u0259sis\u00e7isi Anar Mahmudov idi. M\u0259n \u201cDiqlas-2\u201d MMC yaratm\u0131\u015fd\u0131m. M\u0259nim \u201cDiqlas-1\u201d \u015firk\u0259tini idar\u0259 etm\u0259yim bar\u0259d\u0259 m\u00fcqavil\u0259 imzalam\u0131\u015fd\u0131q. Halbuki, faktiki m\u0259n Anar Mahmudovun i\u015f\u00e7isi idim, onlardan maa\u015f al\u0131rd\u0131m. M\u0259n birba\u015fa Fuad Hac\u0131yev v\u0259 Vahid V\u0259liyevl\u0259 i\u015fl\u0259yirdim. Onlar\u0131 m\u0259n\u0259 Eldar Mahmudovun yax\u0131n adamlar\u0131 kimi t\u0259qdim etmi\u015fdil\u0259r\u201d<\/em>, &#8211; bu, yan\u011f\u0131ndan sonra 3 ild\u0259n \u00e7ox davam ed\u0259n istintaq v\u0259 m\u0259hk\u0259m\u0259 prosesl\u0259rind\u0259 dindirilmi\u015f Araz R\u0259himovun ifad\u0259sind\u0259 dedikl\u0259ridir.<\/p>\n\n\n\n<p>Onun s\u00f6zl\u0259rin\u0259 g\u00f6r\u0259, \u201cDiqlas\u201d ticar\u0259t m\u0259rk\u0259zin\u0259 biti\u015fik \u201c\u00c7in bazar\u201d adlanan ticar\u0259t sah\u0259si f\u0259aliyy\u0259t g\u00f6st\u0259rirdi. Amma onun \u201cDiqlas\u201da aidiyy\u0259ti yox idi. Araz R\u0259himov bildirib ki, \u201c\u00c7in bazar\u0131\u201d \u201cPremium Qrup\u201d MMC-nin t\u0259sis\u00e7isi Zaur \u018fmirova m\u0259xsus idi:<\/p>\n\n\n\n<p>\u201c<em>2012-ci ild\u0259 sahibkarlardan \u201c\u015fapka\u201d y\u0131\u011f\u0131ld\u0131, \u201c\u00c7in bazar\u0131\u201dna biti\u015fik \u201cnaves\u201d tikildi, alver \u00fc\u00e7\u00fcn istifad\u0259y\u0259 verildi. \u201cCin bazar\u0131\u201dn\u0131n \u201cDiqlas\u201da biti\u015fik divar\u0131 da s\u00f6k\u00fcld\u00fc v\u0259 birg\u0259 f\u0259aliyy\u0259t g\u00f6st\u0259rm\u0259y\u0259 ba\u015flad\u0131lar. Bundan bir q\u0259d\u0259r sonra Cahangir Hac\u0131yev \u201cDiqlas\u201ddak\u0131 pay\u0131n\u0131 \u201cTexnikabank\u201da girov qoyub, kredit g\u00f6t\u00fcrd\u00fc\u201d.<\/em><\/p>\n\n\n\n<p>26 mart 2019-cu ild\u0259 ba\u015f vermi\u015f yan\u011f\u0131n\u0131n s\u0259b\u0259bl\u0259rini ara\u015fd\u0131ran istintaq bel\u0259 n\u0259tic\u0259y\u0259 g\u0259lib ki, yan\u011f\u0131n \u201c\u00c7in bazar\u0131\u201dndak\u0131 d\u00f6n\u0259rxanadan ba\u015flay\u0131b. Yan\u011f\u0131na g\u00f6r\u0259, elektrik montyoru Nizami F\u0259tullayev cinay\u0259t m\u0259suliyy\u0259tin\u0259 c\u0259lb edildi. O, \u015eahmar V\u0259liyevin \u201cDiqlas\u201d MMC-y\u0259 direktor t\u0259yin etdiyi Rasim M\u0259mm\u0259dovun i\u015f\u00e7isi idi.<\/p>\n\n\n\n<p>Nizami F\u0259tullayev\u0259 Cinay\u0259t M\u0259c\u0259ll\u0259sinin 225.2 (yan\u011f\u0131n t\u0259hl\u00fck\u0259sizliyi qaydalar\u0131n\u0131 pozma &#8211; ehtiyats\u0131zl\u0131qdan z\u0259r\u0259r\u00e7\u0259kmi\u015f \u015f\u0259xsin \u00f6l\u00fcm\u00fcn\u0259 v\u0259 ya dig\u0259r a\u011f\u0131r n\u0259tic\u0259l\u0259r\u0259 s\u0259b\u0259b olduqda) madd\u0259sil\u0259 ittiham verilib. Cinay\u0259t i\u015finin materiallar\u0131nda iddia olunur ki, yan\u011f\u0131n n\u0259tic\u0259sind\u0259 384 n\u0259f\u0259r icar\u0259\u00e7iy\u0259 26,5 milyon manatdan \u00e7ox ziyan d\u0259yib. Onlar\u0131n icar\u0259 \u0259sas\u0131nda i\u015fl\u0259tdikl\u0259ri ma\u011fazalarda 26 milyon 511 min 289 manat d\u0259y\u0259rind\u0259 tikinti, elektrik, y\u00fcng\u00fcl s\u0259naye, t\u0259s\u0259rr\u00fcfat v\u0259 s. mallar\u0131 yanaraq, yarars\u0131z hala d\u00fc\u015f\u00fcb.<\/p>\n\n\n\n<p>Nizami F\u0259tullayev is\u0259 \u00f6z\u00fcn\u00fc t\u0259qsirli bilmir. M\u0259hk\u0259m\u0259d\u0259 d\u0259 deyib ki, yan\u011f\u0131n elektrik\u0259 g\u00f6r\u0259 olmay\u0131b. Onun s\u00f6zl\u0259rin\u0259 g\u00f6r\u0259, \u201cDiqlas\u201d ticar\u0259t m\u0259rk\u0259zi s\u0259h\u0259r saat 9:00-da a\u00e7\u0131l\u0131r. Yan\u011f\u0131n is\u0259 i\u015f saat\u0131 ba\u015flamam\u0131\u015f, elektrik x\u0259tl\u0259ri qo\u015fulmam\u0131\u015f &#8211; saat 08:05-d\u0259 ba\u015f verib:<\/p>\n\n\n\n<p>\u201c<em>\u0130\u015f\u0131q olmayan yerd\u0259 yan\u011f\u0131n ba\u015f ver\u0259 bilm\u0259zdi. D\u00f6n\u0259rxanada yan\u011f\u0131n qazdan ba\u015f verib. Anatolinin verdiyi ifad\u0259 d\u0259 t\u0259sdiq edir ki, yan\u011f\u0131n ba\u015f ver\u0259n zaman b\u00fct\u00fcn i\u015f\u0131qlar s\u00f6n\u00fcl\u00fc v\u0259ziyy\u0259td\u0259 olub\u201d.<\/em><\/p>\n\n\n\n<p>Nizami F\u0259tullayev b\u0259ra\u0259t ist\u0259s\u0259 d\u0259, Nizami Rayon M\u0259hk\u0259m\u0259sinin h\u00f6km\u00fc il\u0259 ona m\u0259nt\u0259q\u0259 tipli c\u0259za\u00e7\u0259km\u0259 m\u00fc\u0259ssis\u0259sind\u0259 \u00e7\u0259km\u0259kl\u0259 4 il 6 ay c\u0259za verilib.<\/p>\n\n\n\n<p>Yan\u011f\u0131ndan sonra istintaq\u0131n gedi\u015find\u0259 Nizami F\u0259tullayevl\u0259 yana\u015f\u0131, ticar\u0259t m\u0259rk\u0259zinin idar\u0259\u00e7il\u0259ri \u2013 Rasim M\u0259mm\u0259dov, Araz R\u0259himov, Zaur \u018fmirov haqq\u0131nda da cinay\u0259t i\u015fi ba\u015flan\u0131b. Lakin sonradan bu \u015f\u0259xsl\u0259r haqq\u0131nda cinay\u0259t i\u015fin\u0259 xitam verilib.<\/p>\n\n\n\n<p>Beyn\u0259lxalq Bank\u0131n \u0130dar\u0259 Hey\u0259tinin s\u0259dr m\u00fcavini olmu\u015f R\u00f6v\u015f\u0259n \u0130smay\u0131lov da \u201cDiqlas\u201ddak\u0131 yan\u011f\u0131nla ba\u011fl\u0131 istintaqda dindirilib. O, vaxtil\u0259 bankda Cahangir Hac\u0131yevin m\u00fcavini olsa da, sonradan \u201cTexnikabank\u201d\u0131n M\u00fc\u015fahid\u0259 \u015euras\u0131n\u0131n s\u0259dri t\u0259yin edilib. 2018-ci ild\u0259n is\u0259 Enerji M\u0259s\u0259l\u0259l\u0259rini T\u0259nziml\u0259m\u0259 Agentliyinin \u0130dar\u0259 Hey\u0259tinin s\u0259dr m\u00fcavinidir.<\/p>\n\n\n\n<p>R\u00f6v\u015f\u0259n \u0130smay\u0131lov ifad\u0259sind\u0259 bildirib ki, 2014-c\u00fc ilin may\u0131nda Cahangir Hac\u0131yev ondan etibarl\u0131 bir adam tapmas\u0131n\u0131 ist\u0259yib. Deyib ki, \u201cDiqlas\u201ddak\u0131 pay\u0131n\u0131 girov qoymaqla, h\u0259min adam\u0131n ad\u0131na kredit g\u00f6t\u00fcrm\u0259k ist\u0259yir. G\u00f6t\u00fcr\u00fcl\u0259n krediti is\u0259 q\u0131sa m\u00fcdd\u0259td\u0259 ba\u011flayacaq:<\/p>\n\n\n\n<p><em>\u201cQon\u015fum C\u0259sar\u0259t C\u0259lilova dedim, o da raz\u0131la\u015fd\u0131. Bundan sonra \u201cDiqlas\u201d MMC C\u0259sar\u0259t C\u0259lilovun ad\u0131na r\u0259smil\u0259\u015fdi. Onun ad\u0131na \u201cTexnikabank\u201ddan t\u0259xmin\u0259n 10 milyon manat kredit verildi. Bundan sonra C\u0259sar\u0259t C\u0259lilov ticar\u0259t m\u0259rk\u0259zind\u0259 Cahangir Hac\u0131yevin n\u00fcmay\u0259nd\u0259si, n\u0259zar\u0259t\u00e7i kimi i\u015fl\u0259yib, maa\u015f al\u0131rd\u0131. Bir ild\u0259n sonra C\u0259sar\u0259t kreditin onun ad\u0131ndan \u00e7\u0131xar\u0131lmas\u0131n\u0131 ist\u0259di. M\u0259n d\u0259 Cahangir Hac\u0131yev\u0259 bunu dedim. Bundan sonra ticar\u0259t m\u0259rk\u0259zind\u0259ki pay\u0131 \u2013 \u201cDiqlas\u201d \u015firk\u0259ti Cahangir Hac\u0131yevin s\u00fcr\u00fcc\u00fcs\u00fc Cavid H\u00fcseynovun ad\u0131na ke\u00e7irildi\u201d.<\/em><\/p>\n\n\n\n<p>C\u0259sar\u0259t C\u0259lilov da qon\u015fusunun dediyini t\u0259sdiql\u0259yib. Deyib ki, Beyn\u0259lxalq Bankda anbardar i\u015fl\u0259yirdi. 2012-ci ild\u0259n 2015-ci il\u0259 q\u0259d\u0259r Cahangir Hac\u0131yevin n\u0259zar\u0259tind\u0259 olan \u201cO\u011fuz\u201d M\u0259nzil-Tikinti Kooperativinin s\u0259dri olub. Bununla paralel &#8211; 2014-c\u00fc ild\u0259 faktiki Cahangir Hac\u0131yevin sahib oldu\u011fu \u201cDiqlas\u201d MMC-d\u0259 d\u0259 t\u0259sis\u00e7i olub.<\/p>\n\n\n\n<p>\u0130ndi is\u0259 ticar\u0259t m\u0259rk\u0259zi il\u0259 s\u0131\u011forta \u015firk\u0259ti aras\u0131ndak\u0131 qalmaqal bar\u0259d\u0259. 2022-ci ild\u0259 yan\u011f\u0131nla ba\u011fl\u0131 m\u0259hk\u0259m\u0259d\u0259 h\u00f6km \u00e7\u0131xar\u0131landan sonra \u201cDiqlas-2\u201d \u015firk\u0259tinin r\u0259hb\u0259ri, \u0259slind\u0259 is\u0259 Mahmudovlar\u0131n i\u015f\u00e7isi oldu\u011funu dey\u0259n Araz R\u0259himov \u201cAzs\u0131\u011forta\u201d ASC-y\u0259 qar\u015f\u0131 Bak\u0131 Kommersiya M\u0259hk\u0259m\u0259sind\u0259 iddia qald\u0131r\u0131b. 2022-ci il noyabr\u0131n 3-d\u0259 m\u0259hk\u0259m\u0259y\u0259 t\u0259qdim olunan iddia \u0259riz\u0259sind\u0259 g\u00f6st\u0259rilib ki, s\u0131\u011forta \u015firk\u0259ti onlara \u00f6d\u0259ni\u015f etm\u0259kd\u0259n imtina edir. Yan\u011f\u0131ndan sonra s\u0131\u011forta \u00f6d\u0259ni\u015fi \u00fc\u00e7\u00fcn \u015firk\u0259t\u0259 m\u00fcraci\u0259t ets\u0259l\u0259r d\u0259, he\u00e7 bir cavab ala bilm\u0259yibl\u0259r \u2013 n\u0259 \u00f6d\u0259ni\u015f olunub, n\u0259 d\u0259 imtina.<\/p>\n\n\n\n<p>M\u0259hk\u0259m\u0259 iddias\u0131nda m\u0259hk\u0259m\u0259d\u0259n xahi\u015f olunub ki, \u201cAzs\u0131\u011forta\u201dn\u0131n \u00fcz\u0259rin\u0259 180 min 773 manat s\u0131\u011forta \u00f6d\u0259ni\u015fi, 3 il 6 ay gecikm\u0259y\u0259 g\u00f6r\u0259 230 min manat d\u0259bb\u0259 pulu v\u0259 701 manat da d\u00f6vl\u0259t r\u00fcsumunu \u00f6d\u0259m\u0259k \u00f6hd\u0259liyi qoyulsun.<\/p>\n\n\n\n<p>Araz R\u0259himovun s\u00f6zl\u0259rin\u0259 g\u00f6r\u0259, ticar\u0259t m\u0259rk\u0259zind\u0259 f\u0259aliyy\u0259t g\u00f6st\u0259rmi\u015f 144 icar\u0259\u00e7iy\u0259 7,9 milyon manat pul \u00f6d\u0259yibl\u0259r. Bu \u00fczd\u0259n \u00f6zl\u0259ri d\u0259 yan\u011f\u0131ndan sonra s\u0131\u011forta \u00f6d\u0259ni\u015fini almaq \u00fc\u00e7\u00fcn \u201cAzs\u0131\u011forta\u201dya m\u00fcraci\u0259t edibl\u0259r. Baxmayaraq ki, qanuna g\u00f6r\u0259, 7 g\u00fcn \u0259rzind\u0259 onlara cavab verilm\u0259liydi, onlar\u0131n m\u00fcraci\u0259ti n\u0259tic\u0259siz qal\u0131b.<\/p>\n\n\n\n<p>\u201cAzs\u0131\u011forta\u201d ASC is\u0259 iddiaya etiraz verib. \u015eirk\u0259tin n\u00fcmay\u0259nd\u0259si bildirib ki, m\u0259hk\u0259m\u0259y\u0259 m\u00fcraci\u0259t \u00fc\u00e7\u00fcn m\u00fcdd\u0259t ke\u00e7ib. \u018fg\u0259r naraz\u0131 idil\u0259rs\u0259, 2019-cu ild\u0259 7 i\u015f g\u00fcn\u00fc \u0259rzind\u0259 cavab ala bilm\u0259y\u0259nd\u0259n d\u0259rhal sonra m\u0259hk\u0259m\u0259y\u0259 m\u00fcraci\u0259t ed\u0259 bil\u0259rdil\u0259r.<\/p>\n\n\n\n<p>\u201cDiqlas-1\u201din n\u00fcmay\u0259nd\u0259si is\u0259 bildirir ki, yan\u011f\u0131nla ba\u011fl\u0131 istintaq v\u0259 m\u0259hk\u0259m\u0259 prosesinin yekunla\u015fmas\u0131n\u0131 g\u00f6zl\u0259dikl\u0259rin\u0259 g\u00f6r\u0259 2022-ci ild\u0259 m\u0259hk\u0259m\u0259y\u0259 \u00fcz tutublar.<\/p>\n\n\n\n<p>Bak\u0131 Kommersiya M\u0259hk\u0259m\u0259sinin hakimi \u00dclk\u0259r H\u0259s\u0259nova iddian\u0131 r\u0259dd edib. \u018fsas kimi is\u0259 s\u0131\u011forta \u015firk\u0259tinin etiraz\u0131ndak\u0131 iddia m\u00fcdd\u0259tinin \u00f6t\u00fcr\u00fclm\u0259sini g\u00f6st\u0259rib. \u201cDiqlas-2\u201d r\u0259hb\u0259ri bu q\u0259rardan apelyasiya \u015fikay\u0259ti verib. Bu d\u0259f\u0259 i\u015f\u0259 Bak\u0131 Apelyasiya M\u0259hk\u0259m\u0259sinin hakimi Aida H\u00fcseyn t\u0259r\u0259find\u0259n bax\u0131l\u0131b. Yuxar\u0131 instansiya da Bak\u0131 Kommersiya M\u0259hk\u0259m\u0259sinin q\u0259rar\u0131n\u0131 q\u00fcvv\u0259d\u0259 saxlay\u0131b.<\/p>\n\n\n\n<p>N\u00f6vb\u0259ti m\u0259rh\u0259l\u0259d\u0259 \u201cDiqlas-2\u201d MMC Ali M\u0259hk\u0259m\u0259y\u0259 kassasiya \u015fikay\u0259ti verib. Ali M\u0259hk\u0259m\u0259d\u0259 onlar\u0131n \u015fikay\u0259tin\u0259 m\u0259rhum hakim \u0130lqar Dada\u015fov bax\u0131b. Bu d\u0259f\u0259 is\u0259 q\u0259rar \u201cDiqlas-2\u201d MMC-nin xeyrin\u0259 olub \u2013 a\u015fa\u011f\u0131 instansiya m\u0259hk\u0259m\u0259sinin q\u0259rar\u0131 l\u0259\u011fv olunub v\u0259 i\u015f yenid\u0259n ara\u015fd\u0131r\u0131lmas\u0131 \u00fc\u00e7\u00fcn Bak\u0131 Apelyasiya M\u0259hk\u0259m\u0259sin\u0259 qaytar\u0131l\u0131b. Haz\u0131rda \u201cDiqlas-2\u201d il\u0259 \u201cAzs\u0131\u011forta\u201d aras\u0131ndak\u0131 \u00e7\u0259ki\u015fm\u0259 Bak\u0131 Apelyasiya M\u0259hk\u0259m\u0259sinin icraat\u0131ndad\u0131r.<\/p>\n\n\n\n<p>\u201cAzs\u0131\u011forta\u201d \u015firk\u0259ti 2019-cu il\u0259 q\u0259d\u0259r \u201cGilan Holding\u201d\u0259 daxil idi. Haz\u0131rda is\u0259 \u015firk\u0259tin 100 faiz s\u0259hmdar\u0131 Hikm\u0259t Abuz\u0259r o\u011flu \u0130smay\u0131lovdur. Hikm\u0259t \u0130smay\u0131lov is\u0259 f\u00f6vq\u0259lad\u0259 hallar naziri K\u0259mal\u0259ddin Heyd\u0259rovun bacana\u011f\u0131d\u0131r.<\/p>\n","protected":false},"excerpt":{"rendered":"<p>M\u0259hk\u0259m\u0259 i\u015find\u0259 Eldar Mahmudov, K\u0259mal\u0259ddin Heyd\u0259rov, Cahangir Hac\u0131yev v\u0259 \u015eahmar &#8230; <\/p>\n<p class=\"read-more-container\"><a title=\"Hakim intihardan \u0259vv\u0259l m\u0259murlar\u0131n ad\u0131 ke\u00e7\u0259n m\u0259hk\u0259m\u0259 i\u015fin\u0259 bax\u0131b\" class=\"read-more button\" href=\"https:\/\/www.meydan.tv\/az\/article\/hakim-intihardan-evvel-memurlarin-adi-kecen-mehkeme-isine-baxib\/#more-307658\" aria-label=\"Read more about Hakim intihardan \u0259vv\u0259l m\u0259murlar\u0131n ad\u0131 ke\u00e7\u0259n m\u0259hk\u0259m\u0259 i\u015fin\u0259 bax\u0131b\">Davam\u0131<\/a><\/p>\n","protected":false},"author":8,"featured_media":304432,"comment_status":"closed","ping_status":"closed","sticky":false,"template":"","format":"standard","meta":{"_acf_changed":false,"_sitemap_exclude":false,"_sitemap_priority":"","_sitemap_frequency":"","footnotes":""},"categories":[62,79,56],"tags":[],"class_list":["post-307658","post","type-post","status-publish","format-standard","has-post-thumbnail","hentry","category-sosial","category-featured","category-xeberler","infinite-scroll-item","generate-columns","tablet-grid-50","mobile-grid-100","grid-parent","grid-33","no-featured-image-padding"],"acf":[],"yoast_head":"<!-- This site is optimized with the Yoast SEO plugin v27.5 - https:\/\/yoast.com\/product\/yoast-seo-wordpress\/ -->\n<title>Hakim intihardan \u0259vv\u0259l m\u0259murlar\u0131n ad\u0131 ke\u00e7\u0259n m\u0259hk\u0259m\u0259 i\u015fin\u0259 bax\u0131b - MEYDAN.TV<\/title>\n<meta name=\"robots\" content=\"index, follow, max-snippet:-1, max-image-preview:large, max-video-preview:-1\" \/>\n<link rel=\"canonical\" href=\"https:\/\/www.meydan.tv\/az\/article\/hakim-intihardan-evvel-memurlarin-adi-kecen-mehkeme-isine-baxib\/\" \/>\n<meta property=\"og:locale\" content=\"az_AZ\" \/>\n<meta property=\"og:type\" content=\"article\" \/>\n<meta property=\"og:title\" content=\"Hakim intihardan \u0259vv\u0259l m\u0259murlar\u0131n ad\u0131 ke\u00e7\u0259n m\u0259hk\u0259m\u0259 i\u015fin\u0259 bax\u0131b - MEYDAN.TV\" \/>\n<meta property=\"og:description\" content=\"M\u0259hk\u0259m\u0259 i\u015find\u0259 Eldar Mahmudov, K\u0259mal\u0259ddin Heyd\u0259rov, Cahangir Hac\u0131yev v\u0259 \u015eahmar ... Davam\u0131\" \/>\n<meta property=\"og:url\" content=\"https:\/\/www.meydan.tv\/az\/article\/hakim-intihardan-evvel-memurlarin-adi-kecen-mehkeme-isine-baxib\/\" \/>\n<meta property=\"og:site_name\" content=\"MEYDAN.TV\" \/>\n<meta property=\"article:published_time\" content=\"2024-06-07T11:18:50+00:00\" \/>\n<meta property=\"article:modified_time\" content=\"2024-06-07T12:40:42+00:00\" \/>\n<meta property=\"og:image\" content=\"https:\/\/www.meydan.tv\/wp-content\/uploads\/iqar-dadasov-1.jpg\" \/>\n\t<meta property=\"og:image:width\" content=\"1200\" \/>\n\t<meta property=\"og:image:height\" content=\"675\" \/>\n\t<meta property=\"og:image:type\" content=\"image\/jpeg\" \/>\n<meta name=\"author\" content=\"elli\" \/>\n<meta name=\"twitter:card\" content=\"summary_large_image\" \/>\n<meta name=\"twitter:creator\" content=\"@elli\" \/>\n<script type=\"application\/ld+json\" class=\"yoast-schema-graph\">{\"@context\":\"https:\\\/\\\/schema.org\",\"@graph\":[{\"@type\":\"Article\",\"@id\":\"https:\\\/\\\/www.meydan.tv\\\/az\\\/article\\\/hakim-intihardan-evvel-memurlarin-adi-kecen-mehkeme-isine-baxib\\\/#article\",\"isPartOf\":{\"@id\":\"https:\\\/\\\/www.meydan.tv\\\/az\\\/article\\\/hakim-intihardan-evvel-memurlarin-adi-kecen-mehkeme-isine-baxib\\\/\"},\"author\":{\"name\":\"elli\",\"@id\":\"https:\\\/\\\/www.meydan.tv\\\/az\\\/#\\\/schema\\\/person\\\/9cdbecf90d17180ce1dfbd95b08dcf47\"},\"headline\":\"Hakim intihardan \u0259vv\u0259l m\u0259murlar\u0131n ad\u0131 ke\u00e7\u0259n m\u0259hk\u0259m\u0259 i\u015fin\u0259 bax\u0131b\",\"datePublished\":\"2024-06-07T11:18:50+00:00\",\"dateModified\":\"2024-06-07T12:40:42+00:00\",\"mainEntityOfPage\":{\"@id\":\"https:\\\/\\\/www.meydan.tv\\\/az\\\/article\\\/hakim-intihardan-evvel-memurlarin-adi-kecen-mehkeme-isine-baxib\\\/\"},\"wordCount\":2019,\"publisher\":{\"@id\":\"https:\\\/\\\/www.meydan.tv\\\/az\\\/#organization\"},\"image\":{\"@id\":\"https:\\\/\\\/www.meydan.tv\\\/az\\\/article\\\/hakim-intihardan-evvel-memurlarin-adi-kecen-mehkeme-isine-baxib\\\/#primaryimage\"},\"thumbnailUrl\":\"https:\\\/\\\/www.meydan.tv\\\/wp-content\\\/uploads\\\/iqar-dadasov-1.jpg\",\"articleSection\":[\"Sosial\",\"T\u00f6vsiy\u0259\",\"X\u0259b\u0259rl\u0259r\"],\"inLanguage\":\"az\"},{\"@type\":\"WebPage\",\"@id\":\"https:\\\/\\\/www.meydan.tv\\\/az\\\/article\\\/hakim-intihardan-evvel-memurlarin-adi-kecen-mehkeme-isine-baxib\\\/\",\"url\":\"https:\\\/\\\/www.meydan.tv\\\/az\\\/article\\\/hakim-intihardan-evvel-memurlarin-adi-kecen-mehkeme-isine-baxib\\\/\",\"name\":\"Hakim intihardan \u0259vv\u0259l m\u0259murlar\u0131n ad\u0131 ke\u00e7\u0259n m\u0259hk\u0259m\u0259 i\u015fin\u0259 bax\u0131b - MEYDAN.TV\",\"isPartOf\":{\"@id\":\"https:\\\/\\\/www.meydan.tv\\\/az\\\/#website\"},\"primaryImageOfPage\":{\"@id\":\"https:\\\/\\\/www.meydan.tv\\\/az\\\/article\\\/hakim-intihardan-evvel-memurlarin-adi-kecen-mehkeme-isine-baxib\\\/#primaryimage\"},\"image\":{\"@id\":\"https:\\\/\\\/www.meydan.tv\\\/az\\\/article\\\/hakim-intihardan-evvel-memurlarin-adi-kecen-mehkeme-isine-baxib\\\/#primaryimage\"},\"thumbnailUrl\":\"https:\\\/\\\/www.meydan.tv\\\/wp-content\\\/uploads\\\/iqar-dadasov-1.jpg\",\"datePublished\":\"2024-06-07T11:18:50+00:00\",\"dateModified\":\"2024-06-07T12:40:42+00:00\",\"breadcrumb\":{\"@id\":\"https:\\\/\\\/www.meydan.tv\\\/az\\\/article\\\/hakim-intihardan-evvel-memurlarin-adi-kecen-mehkeme-isine-baxib\\\/#breadcrumb\"},\"inLanguage\":\"az\",\"potentialAction\":[{\"@type\":\"ReadAction\",\"target\":[\"https:\\\/\\\/www.meydan.tv\\\/az\\\/article\\\/hakim-intihardan-evvel-memurlarin-adi-kecen-mehkeme-isine-baxib\\\/\"]}]},{\"@type\":\"ImageObject\",\"inLanguage\":\"az\",\"@id\":\"https:\\\/\\\/www.meydan.tv\\\/az\\\/article\\\/hakim-intihardan-evvel-memurlarin-adi-kecen-mehkeme-isine-baxib\\\/#primaryimage\",\"url\":\"https:\\\/\\\/www.meydan.tv\\\/wp-content\\\/uploads\\\/iqar-dadasov-1.jpg\",\"contentUrl\":\"https:\\\/\\\/www.meydan.tv\\\/wp-content\\\/uploads\\\/iqar-dadasov-1.jpg\",\"width\":1200,\"height\":675,\"caption\":\"\u0130lqar Dada\u015fov. Foto: \u201csupremecourt.gov.\u201d\"},{\"@type\":\"BreadcrumbList\",\"@id\":\"https:\\\/\\\/www.meydan.tv\\\/az\\\/article\\\/hakim-intihardan-evvel-memurlarin-adi-kecen-mehkeme-isine-baxib\\\/#breadcrumb\",\"itemListElement\":[{\"@type\":\"ListItem\",\"position\":1,\"name\":\"Ana s\u0259hif\u0259\",\"item\":\"https:\\\/\\\/www.meydan.tv\\\/az\\\/\"},{\"@type\":\"ListItem\",\"position\":2,\"name\":\"Sosial\",\"item\":\"https:\\\/\\\/www.meydan.tv\\\/az\\\/section\\\/sosial\\\/\"},{\"@type\":\"ListItem\",\"position\":3,\"name\":\"Hakim intihardan \u0259vv\u0259l m\u0259murlar\u0131n ad\u0131 ke\u00e7\u0259n m\u0259hk\u0259m\u0259 i\u015fin\u0259 bax\u0131b\"}]},{\"@type\":\"WebSite\",\"@id\":\"https:\\\/\\\/www.meydan.tv\\\/az\\\/#website\",\"url\":\"https:\\\/\\\/www.meydan.tv\\\/az\\\/\",\"name\":\"MEYDAN.TV\",\"description\":\"Meydan TV Az\u0259rbaycan\u0131n media m\u0259kan\u0131ndak\u0131 alternativ s\u0259sidir\",\"publisher\":{\"@id\":\"https:\\\/\\\/www.meydan.tv\\\/az\\\/#organization\"},\"potentialAction\":[{\"@type\":\"SearchAction\",\"target\":{\"@type\":\"EntryPoint\",\"urlTemplate\":\"https:\\\/\\\/www.meydan.tv\\\/az\\\/?s={search_term_string}\"},\"query-input\":{\"@type\":\"PropertyValueSpecification\",\"valueRequired\":true,\"valueName\":\"search_term_string\"}}],\"inLanguage\":\"az\"},{\"@type\":\"Organization\",\"@id\":\"https:\\\/\\\/www.meydan.tv\\\/az\\\/#organization\",\"name\":\"Meydan TV\",\"url\":\"https:\\\/\\\/www.meydan.tv\\\/az\\\/\",\"logo\":{\"@type\":\"ImageObject\",\"inLanguage\":\"az\",\"@id\":\"https:\\\/\\\/www.meydan.tv\\\/az\\\/#\\\/schema\\\/logo\\\/image\\\/\",\"url\":\"https:\\\/\\\/www.meydan.tv\\\/wp-content\\\/uploads\\\/2021\\\/07\\\/meydan-logo.svg\",\"contentUrl\":\"https:\\\/\\\/www.meydan.tv\\\/wp-content\\\/uploads\\\/2021\\\/07\\\/meydan-logo.svg\",\"width\":195,\"height\":46,\"caption\":\"Meydan TV\"},\"image\":{\"@id\":\"https:\\\/\\\/www.meydan.tv\\\/az\\\/#\\\/schema\\\/logo\\\/image\\\/\"}},{\"@type\":\"Person\",\"@id\":\"https:\\\/\\\/www.meydan.tv\\\/az\\\/#\\\/schema\\\/person\\\/9cdbecf90d17180ce1dfbd95b08dcf47\",\"name\":\"elli\",\"sameAs\":[\"https:\\\/\\\/x.com\\\/elli\"]}]}<\/script>\n<!-- \/ Yoast SEO plugin. -->","yoast_head_json":{"title":"Hakim intihardan \u0259vv\u0259l m\u0259murlar\u0131n ad\u0131 ke\u00e7\u0259n m\u0259hk\u0259m\u0259 i\u015fin\u0259 bax\u0131b - MEYDAN.TV","robots":{"index":"index","follow":"follow","max-snippet":"max-snippet:-1","max-image-preview":"max-image-preview:large","max-video-preview":"max-video-preview:-1"},"canonical":"https:\/\/www.meydan.tv\/az\/article\/hakim-intihardan-evvel-memurlarin-adi-kecen-mehkeme-isine-baxib\/","og_locale":"az_AZ","og_type":"article","og_title":"Hakim intihardan \u0259vv\u0259l m\u0259murlar\u0131n ad\u0131 ke\u00e7\u0259n m\u0259hk\u0259m\u0259 i\u015fin\u0259 bax\u0131b - MEYDAN.TV","og_description":"M\u0259hk\u0259m\u0259 i\u015find\u0259 Eldar Mahmudov, K\u0259mal\u0259ddin Heyd\u0259rov, Cahangir Hac\u0131yev v\u0259 \u015eahmar ... Davam\u0131","og_url":"https:\/\/www.meydan.tv\/az\/article\/hakim-intihardan-evvel-memurlarin-adi-kecen-mehkeme-isine-baxib\/","og_site_name":"MEYDAN.TV","article_published_time":"2024-06-07T11:18:50+00:00","article_modified_time":"2024-06-07T12:40:42+00:00","og_image":[{"width":1200,"height":675,"url":"https:\/\/www.meydan.tv\/wp-content\/uploads\/iqar-dadasov-1.jpg","type":"image\/jpeg"}],"author":"elli","twitter_card":"summary_large_image","twitter_creator":"@elli","schema":{"@context":"https:\/\/schema.org","@graph":[{"@type":"Article","@id":"https:\/\/www.meydan.tv\/az\/article\/hakim-intihardan-evvel-memurlarin-adi-kecen-mehkeme-isine-baxib\/#article","isPartOf":{"@id":"https:\/\/www.meydan.tv\/az\/article\/hakim-intihardan-evvel-memurlarin-adi-kecen-mehkeme-isine-baxib\/"},"author":{"name":"elli","@id":"https:\/\/www.meydan.tv\/az\/#\/schema\/person\/9cdbecf90d17180ce1dfbd95b08dcf47"},"headline":"Hakim intihardan \u0259vv\u0259l m\u0259murlar\u0131n ad\u0131 ke\u00e7\u0259n m\u0259hk\u0259m\u0259 i\u015fin\u0259 bax\u0131b","datePublished":"2024-06-07T11:18:50+00:00","dateModified":"2024-06-07T12:40:42+00:00","mainEntityOfPage":{"@id":"https:\/\/www.meydan.tv\/az\/article\/hakim-intihardan-evvel-memurlarin-adi-kecen-mehkeme-isine-baxib\/"},"wordCount":2019,"publisher":{"@id":"https:\/\/www.meydan.tv\/az\/#organization"},"image":{"@id":"https:\/\/www.meydan.tv\/az\/article\/hakim-intihardan-evvel-memurlarin-adi-kecen-mehkeme-isine-baxib\/#primaryimage"},"thumbnailUrl":"https:\/\/www.meydan.tv\/wp-content\/uploads\/iqar-dadasov-1.jpg","articleSection":["Sosial","T\u00f6vsiy\u0259","X\u0259b\u0259rl\u0259r"],"inLanguage":"az"},{"@type":"WebPage","@id":"https:\/\/www.meydan.tv\/az\/article\/hakim-intihardan-evvel-memurlarin-adi-kecen-mehkeme-isine-baxib\/","url":"https:\/\/www.meydan.tv\/az\/article\/hakim-intihardan-evvel-memurlarin-adi-kecen-mehkeme-isine-baxib\/","name":"Hakim intihardan \u0259vv\u0259l m\u0259murlar\u0131n ad\u0131 ke\u00e7\u0259n m\u0259hk\u0259m\u0259 i\u015fin\u0259 bax\u0131b - MEYDAN.TV","isPartOf":{"@id":"https:\/\/www.meydan.tv\/az\/#website"},"primaryImageOfPage":{"@id":"https:\/\/www.meydan.tv\/az\/article\/hakim-intihardan-evvel-memurlarin-adi-kecen-mehkeme-isine-baxib\/#primaryimage"},"image":{"@id":"https:\/\/www.meydan.tv\/az\/article\/hakim-intihardan-evvel-memurlarin-adi-kecen-mehkeme-isine-baxib\/#primaryimage"},"thumbnailUrl":"https:\/\/www.meydan.tv\/wp-content\/uploads\/iqar-dadasov-1.jpg","datePublished":"2024-06-07T11:18:50+00:00","dateModified":"2024-06-07T12:40:42+00:00","breadcrumb":{"@id":"https:\/\/www.meydan.tv\/az\/article\/hakim-intihardan-evvel-memurlarin-adi-kecen-mehkeme-isine-baxib\/#breadcrumb"},"inLanguage":"az","potentialAction":[{"@type":"ReadAction","target":["https:\/\/www.meydan.tv\/az\/article\/hakim-intihardan-evvel-memurlarin-adi-kecen-mehkeme-isine-baxib\/"]}]},{"@type":"ImageObject","inLanguage":"az","@id":"https:\/\/www.meydan.tv\/az\/article\/hakim-intihardan-evvel-memurlarin-adi-kecen-mehkeme-isine-baxib\/#primaryimage","url":"https:\/\/www.meydan.tv\/wp-content\/uploads\/iqar-dadasov-1.jpg","contentUrl":"https:\/\/www.meydan.tv\/wp-content\/uploads\/iqar-dadasov-1.jpg","width":1200,"height":675,"caption":"\u0130lqar Dada\u015fov. Foto: \u201csupremecourt.gov.\u201d"},{"@type":"BreadcrumbList","@id":"https:\/\/www.meydan.tv\/az\/article\/hakim-intihardan-evvel-memurlarin-adi-kecen-mehkeme-isine-baxib\/#breadcrumb","itemListElement":[{"@type":"ListItem","position":1,"name":"Ana s\u0259hif\u0259","item":"https:\/\/www.meydan.tv\/az\/"},{"@type":"ListItem","position":2,"name":"Sosial","item":"https:\/\/www.meydan.tv\/az\/section\/sosial\/"},{"@type":"ListItem","position":3,"name":"Hakim intihardan \u0259vv\u0259l m\u0259murlar\u0131n ad\u0131 ke\u00e7\u0259n m\u0259hk\u0259m\u0259 i\u015fin\u0259 bax\u0131b"}]},{"@type":"WebSite","@id":"https:\/\/www.meydan.tv\/az\/#website","url":"https:\/\/www.meydan.tv\/az\/","name":"MEYDAN.TV","description":"Meydan TV Az\u0259rbaycan\u0131n media m\u0259kan\u0131ndak\u0131 alternativ s\u0259sidir","publisher":{"@id":"https:\/\/www.meydan.tv\/az\/#organization"},"potentialAction":[{"@type":"SearchAction","target":{"@type":"EntryPoint","urlTemplate":"https:\/\/www.meydan.tv\/az\/?s={search_term_string}"},"query-input":{"@type":"PropertyValueSpecification","valueRequired":true,"valueName":"search_term_string"}}],"inLanguage":"az"},{"@type":"Organization","@id":"https:\/\/www.meydan.tv\/az\/#organization","name":"Meydan TV","url":"https:\/\/www.meydan.tv\/az\/","logo":{"@type":"ImageObject","inLanguage":"az","@id":"https:\/\/www.meydan.tv\/az\/#\/schema\/logo\/image\/","url":"https:\/\/www.meydan.tv\/wp-content\/uploads\/2021\/07\/meydan-logo.svg","contentUrl":"https:\/\/www.meydan.tv\/wp-content\/uploads\/2021\/07\/meydan-logo.svg","width":195,"height":46,"caption":"Meydan TV"},"image":{"@id":"https:\/\/www.meydan.tv\/az\/#\/schema\/logo\/image\/"}},{"@type":"Person","@id":"https:\/\/www.meydan.tv\/az\/#\/schema\/person\/9cdbecf90d17180ce1dfbd95b08dcf47","name":"elli","sameAs":["https:\/\/x.com\/elli"]}]}},"_links":{"self":[{"href":"https:\/\/www.meydan.tv\/az\/wp-json\/wp\/v2\/posts\/307658","targetHints":{"allow":["GET"]}}],"collection":[{"href":"https:\/\/www.meydan.tv\/az\/wp-json\/wp\/v2\/posts"}],"about":[{"href":"https:\/\/www.meydan.tv\/az\/wp-json\/wp\/v2\/types\/post"}],"author":[{"embeddable":true,"href":"https:\/\/www.meydan.tv\/az\/wp-json\/wp\/v2\/users\/8"}],"replies":[{"embeddable":true,"href":"https:\/\/www.meydan.tv\/az\/wp-json\/wp\/v2\/comments?post=307658"}],"version-history":[{"count":4,"href":"https:\/\/www.meydan.tv\/az\/wp-json\/wp\/v2\/posts\/307658\/revisions"}],"predecessor-version":[{"id":307670,"href":"https:\/\/www.meydan.tv\/az\/wp-json\/wp\/v2\/posts\/307658\/revisions\/307670"}],"wp:featuredmedia":[{"embeddable":true,"href":"https:\/\/www.meydan.tv\/az\/wp-json\/wp\/v2\/media\/304432"}],"wp:attachment":[{"href":"https:\/\/www.meydan.tv\/az\/wp-json\/wp\/v2\/media?parent=307658"}],"wp:term":[{"taxonomy":"category","embeddable":true,"href":"https:\/\/www.meydan.tv\/az\/wp-json\/wp\/v2\/categories?post=307658"},{"taxonomy":"post_tag","embeddable":true,"href":"https:\/\/www.meydan.tv\/az\/wp-json\/wp\/v2\/tags?post=307658"}],"curies":[{"name":"wp","href":"https:\/\/api.w.org\/{rel}","templated":true}]}}