{"id":307640,"date":"2024-06-07T12:20:39","date_gmt":"2024-06-07T08:20:39","guid":{"rendered":"https:\/\/www.meydan.tv\/?p=307640"},"modified":"2024-06-07T12:20:41","modified_gmt":"2024-06-07T08:20:41","slug":"daskesende-ozunu-yandiran-qazinin-vefat-etdiyi-bildirilir","status":"publish","type":"post","link":"https:\/\/www.meydan.tv\/az\/article\/daskesende-ozunu-yandiran-qazinin-vefat-etdiyi-bildirilir\/","title":{"rendered":"Da\u015fk\u0259s\u0259nd\u0259 \u00f6z\u00fcn\u00fc yand\u0131ran qazinin v\u0259fat etdiyi bildirilir"},"content":{"rendered":"\n<p><\/p>\n\n\n\n<p><strong><em>Onun Bak\u0131da Yan\u0131q M\u0259rk\u0259zind\u0259 \u00f6ld\u00fcy\u00fc a\u00e7\u0131qlan\u0131b<\/em><\/strong><\/p>\n\n\n\n<p>\u0130yunun 6-da \u00fcz\u0259rin\u0259 benzin t\u00f6k\u0259r\u0259k \u00f6z\u00fcn\u00fc yand\u0131ran \u0130kinci Qaraba\u011f m\u00fcharib\u0259si i\u015ftirak\u00e7\u0131s\u0131, 1996-c\u0131 il t\u0259v\u0259ll\u00fcdl\u00fc \u018fdal\u0259t F\u0259rman o\u011flu \u0130smay\u0131lovun v\u0259fat etdiyi bildirilir.<\/p>\n\n\n\n<p>Tibbi \u018frazi B\u00f6lm\u0259l\u0259rini \u0130dar\u0259etm\u0259 Birliyind\u0259n (T\u018fB\u0130B) Meydan TV-y\u0259 bildirilib ki, iyunun 6-da N\u0259rimanov Tibb M\u0259rk\u0259zinin n\u0259zdind\u0259 f\u0259aliyy\u0259t g\u00f6st\u0259r\u0259n Yan\u0131q M\u0259rk\u0259zin\u0259 t\u0259xliy\u0259 olunan \u018fdal\u0259t \u0130smay\u0131lova b\u0259d\u0259n s\u0259thinin II v\u0259 III d\u0259r\u0259c\u0259li 80-85 % termiki yan\u0131\u011f\u0131, yuxar\u0131 t\u0259n\u0259ff\u00fcs yollar\u0131n\u0131n yan\u0131\u011f\u0131 v\u0259 a\u011f\u0131r d\u0259r\u0259c\u0259li yan\u0131q \u015foku diaqnozu t\u0259yin edilib.<\/p>\n\n\n\n<p><em>\u201cB\u00fct\u00fcn reanimasiya t\u0259dbirl\u0259rin\u0259 v\u0259 h\u0259kiml\u0259rin \u00e7oxsayl\u0131 s\u0259yl\u0259rin\u0259 baxmayaraq, v\u0259t\u0259nda\u015f iyunun 7-d\u0259 saat 03:45 rad\u0259l\u0259rind\u0259 v\u0259fat edib\u201d<\/em>, &#8211; Birliyin m\u0259lumat\u0131nda deyilir.<\/p>\n\n\n\n<p>Daxili \u0130\u015fl\u0259r Nazirliyi (D\u0130N) iyunun 6-da m\u0259lumat yayaraq, \u018fdal\u0259t \u0130smay\u0131lovun aprelin 26-da Da\u015fk\u0259s\u0259n rayonu Qu\u015f\u00e7u k\u0259ndi \u0259razisind\u0259 idar\u0259 etdiyi \u201cVAZ 2106\u201d markal\u0131 avtomobill\u0259 insanlar\u0131n h\u0259yat\u0131na t\u0259hl\u00fck\u0259 yaratd\u0131\u011f\u0131 \u00fc\u00e7\u00fcn D\u00f6vl\u0259t Yol Polisi t\u0259r\u0259find\u0259n saxlan\u0131ld\u0131\u011f\u0131n\u0131 bildirib.<\/p>\n\n\n\n<p>M\u0259lumatda qeyd edilirdi ki, 10-FA-497 d\u00f6vl\u0259t qeydiyyat ni\u015fanl\u0131, Q.H\u0259s\u0259nova m\u0259xsus avtomobil s\u00fcr\u00fcc\u00fcl\u00fck h\u00fcququ v\u0259 etibarnam\u0259 olmadan \u018fdal\u0259t \u0130smay\u0131lov t\u0259r\u0259find\u0259n idar\u0259 edildiyi a\u015fkar olunub.<\/p>\n\n\n\n<p>Buna g\u00f6r\u0259 \u018fdal\u0259t \u0130smay\u0131lova qanunvericiliy\u0259 uy\u011fun olaraq izahlar verilib, intizama d\u0259v\u0259t edilib. Lakin o, qanunsuz h\u0259r\u0259k\u0259tl\u0259rini davam etdirib, ist\u0259diyi kimi avtomobil idar\u0259 ed\u0259c\u0259yini bildir\u0259r\u0259k ictimai qaydan\u0131 kobud \u015f\u0259kild\u0259 pozmaqla polis \u0259m\u0259kda\u015flar\u0131na tabesizlik n\u00fcmayi\u015f etdirib.<\/p>\n\n\n\n<p>\u018fm\u0259lind\u0259 x\u0131rda xuliqanl\u0131\u011f\u0131n t\u0259rkib \u0259lam\u0259tl\u0259ri oldu\u011funa g\u00f6r\u0259 \u018fdal\u0259t \u0130smay\u0131lov bar\u0259sind\u0259 m\u0259hk\u0259m\u0259 q\u0259rar\u0131 il\u0259 60 manat m\u0259bl\u0259\u011find\u0259 inzibati t\u0259nbeh t\u0259dbiri t\u0259tbiq edilib.<\/p>\n\n\n\n<p>Onun inzibati m\u0259suliyy\u0259t\u0259 c\u0259lb edilm\u0259sinin \u0259sass\u0131zl\u0131\u011f\u0131 il\u0259 ba\u011fl\u0131 m\u00fcraci\u0259tl\u0259ri aidiyy\u0259ti \u00fczr\u0259 ara\u015fd\u0131r\u0131l\u0131b v\u0259 t\u0259sdiqini tapmad\u0131\u011f\u0131na g\u00f6r\u0259 q\u0259rar q\u00fcvv\u0259d\u0259 saxlan\u0131l\u0131b.<\/p>\n\n\n\n<p>\u018fdal\u0259t \u0130smay\u0131lovla \u00e7oxsayl\u0131 izahedici s\u00f6hb\u0259tl\u0259r apar\u0131lmas\u0131na baxmayaraq, o qeydiyyatda oldu\u011fu Da\u015fk\u0259s\u0259n rayonunda v\u0259 ya\u015fad\u0131\u011f\u0131 G\u0259nc\u0259 \u015f\u0259h\u0259rind\u0259 \u00f6z\u00fcn\u0259 aid olmayan n\u0259qliyyat vasit\u0259l\u0259ri il\u0259 s\u0259rxo\u015f v\u0259ziyy\u0259td\u0259 avtoxuliqanl\u0131q h\u0259r\u0259k\u0259tl\u0259r etm\u0259si il\u0259 ba\u011fl\u0131 d\u0259f\u0259l\u0259rl\u0259 t\u0259dbirl\u0259r g\u00f6r\u00fcl\u00fcb.<\/p>\n\n\n\n<p>O, iyunun 6-da Da\u015fk\u0259s\u0259nd\u0259 \u00fcz\u0259rin\u0259 benzin t\u00f6k\u0259r\u0259k \u00f6z\u00fcn\u0259 od vurub.<\/p>\n\n\n\n<p>Yax\u0131nl\u0131qdak\u0131 \u015f\u0259xsl\u0259r t\u0259r\u0259find\u0259n yan\u011f\u0131n s\u00f6nd\u00fcr\u00fcl\u00fcb.<\/p>\n\n\n\n<p>M\u00fcxt\u0259lif d\u0259r\u0259c\u0259li yan\u0131q x\u0259sar\u0259tl\u0259ri alan \u018fdal\u0259t \u0130smay\u0131lov x\u0259st\u0259xanaya yerl\u0259\u015fdirilib.<\/p>\n\n\n\n<p>\u0130kinci Qaraba\u011f m\u00fcharib\u0259sind\u0259n sonra onlarla h\u0259rb\u00e7i intihar edib v\u0259 ya intihara c\u0259hd edib.<\/p>\n","protected":false},"excerpt":{"rendered":"<p>Onun Bak\u0131da Yan\u0131q M\u0259rk\u0259zind\u0259 \u00f6ld\u00fcy\u00fc a\u00e7\u0131qlan\u0131b \u0130yunun 6-da \u00fcz\u0259rin\u0259 benzin &#8230; <\/p>\n<p class=\"read-more-container\"><a title=\"Da\u015fk\u0259s\u0259nd\u0259 \u00f6z\u00fcn\u00fc yand\u0131ran qazinin v\u0259fat etdiyi bildirilir\" class=\"read-more button\" href=\"https:\/\/www.meydan.tv\/az\/article\/daskesende-ozunu-yandiran-qazinin-vefat-etdiyi-bildirilir\/#more-307640\" aria-label=\"Read more about Da\u015fk\u0259s\u0259nd\u0259 \u00f6z\u00fcn\u00fc yand\u0131ran qazinin v\u0259fat etdiyi bildirilir\">Davam\u0131<\/a><\/p>\n","protected":false},"author":21,"featured_media":277812,"comment_status":"closed","ping_status":"closed","sticky":false,"template":"","format":"standard","meta":{"_acf_changed":false,"_sitemap_exclude":false,"_sitemap_priority":"","_sitemap_frequency":"","footnotes":""},"categories":[62,79,56],"tags":[],"class_list":["post-307640","post","type-post","status-publish","format-standard","has-post-thumbnail","hentry","category-sosial","category-featured","category-xeberler","infinite-scroll-item","generate-columns","tablet-grid-50","mobile-grid-100","grid-parent","grid-33","no-featured-image-padding"],"acf":[],"yoast_head":"<!-- This site is optimized with the Yoast SEO plugin v27.5 - https:\/\/yoast.com\/product\/yoast-seo-wordpress\/ -->\n<title>Da\u015fk\u0259s\u0259nd\u0259 \u00f6z\u00fcn\u00fc yand\u0131ran qazinin v\u0259fat etdiyi bildirilir - MEYDAN.TV<\/title>\n<meta name=\"robots\" content=\"index, follow, max-snippet:-1, max-image-preview:large, max-video-preview:-1\" \/>\n<link rel=\"canonical\" href=\"https:\/\/www.meydan.tv\/az\/article\/daskesende-ozunu-yandiran-qazinin-vefat-etdiyi-bildirilir\/\" \/>\n<meta property=\"og:locale\" content=\"az_AZ\" \/>\n<meta property=\"og:type\" content=\"article\" \/>\n<meta property=\"og:title\" content=\"Da\u015fk\u0259s\u0259nd\u0259 \u00f6z\u00fcn\u00fc yand\u0131ran qazinin v\u0259fat etdiyi bildirilir - MEYDAN.TV\" \/>\n<meta property=\"og:description\" content=\"Onun Bak\u0131da Yan\u0131q M\u0259rk\u0259zind\u0259 \u00f6ld\u00fcy\u00fc a\u00e7\u0131qlan\u0131b \u0130yunun 6-da \u00fcz\u0259rin\u0259 benzin ... Davam\u0131\" \/>\n<meta property=\"og:url\" content=\"https:\/\/www.meydan.tv\/az\/article\/daskesende-ozunu-yandiran-qazinin-vefat-etdiyi-bildirilir\/\" \/>\n<meta property=\"og:site_name\" content=\"MEYDAN.TV\" \/>\n<meta property=\"article:published_time\" content=\"2024-06-07T08:20:39+00:00\" \/>\n<meta property=\"article:modified_time\" content=\"2024-06-07T08:20:41+00:00\" \/>\n<meta property=\"og:image\" content=\"https:\/\/www.meydan.tv\/wp-content\/uploads\/soldier-walking-silhouette.jpg\" \/>\n\t<meta property=\"og:image:width\" content=\"1200\" \/>\n\t<meta property=\"og:image:height\" content=\"639\" \/>\n\t<meta property=\"og:image:type\" content=\"image\/jpeg\" \/>\n<meta name=\"author\" content=\"mahmud\" \/>\n<meta name=\"twitter:card\" content=\"summary_large_image\" \/>\n<script type=\"application\/ld+json\" class=\"yoast-schema-graph\">{\"@context\":\"https:\\\/\\\/schema.org\",\"@graph\":[{\"@type\":\"Article\",\"@id\":\"https:\\\/\\\/www.meydan.tv\\\/az\\\/article\\\/daskesende-ozunu-yandiran-qazinin-vefat-etdiyi-bildirilir\\\/#article\",\"isPartOf\":{\"@id\":\"https:\\\/\\\/www.meydan.tv\\\/az\\\/article\\\/daskesende-ozunu-yandiran-qazinin-vefat-etdiyi-bildirilir\\\/\"},\"author\":{\"name\":\"mahmud\",\"@id\":\"https:\\\/\\\/www.meydan.tv\\\/az\\\/#\\\/schema\\\/person\\\/09863e516102a829e72bedcf3f84c6b0\"},\"headline\":\"Da\u015fk\u0259s\u0259nd\u0259 \u00f6z\u00fcn\u00fc yand\u0131ran qazinin v\u0259fat etdiyi bildirilir\",\"datePublished\":\"2024-06-07T08:20:39+00:00\",\"dateModified\":\"2024-06-07T08:20:41+00:00\",\"mainEntityOfPage\":{\"@id\":\"https:\\\/\\\/www.meydan.tv\\\/az\\\/article\\\/daskesende-ozunu-yandiran-qazinin-vefat-etdiyi-bildirilir\\\/\"},\"wordCount\":557,\"publisher\":{\"@id\":\"https:\\\/\\\/www.meydan.tv\\\/az\\\/#organization\"},\"image\":{\"@id\":\"https:\\\/\\\/www.meydan.tv\\\/az\\\/article\\\/daskesende-ozunu-yandiran-qazinin-vefat-etdiyi-bildirilir\\\/#primaryimage\"},\"thumbnailUrl\":\"https:\\\/\\\/www.meydan.tv\\\/wp-content\\\/uploads\\\/soldier-walking-silhouette.jpg\",\"articleSection\":[\"Sosial\",\"T\u00f6vsiy\u0259\",\"X\u0259b\u0259rl\u0259r\"],\"inLanguage\":\"az\"},{\"@type\":\"WebPage\",\"@id\":\"https:\\\/\\\/www.meydan.tv\\\/az\\\/article\\\/daskesende-ozunu-yandiran-qazinin-vefat-etdiyi-bildirilir\\\/\",\"url\":\"https:\\\/\\\/www.meydan.tv\\\/az\\\/article\\\/daskesende-ozunu-yandiran-qazinin-vefat-etdiyi-bildirilir\\\/\",\"name\":\"Da\u015fk\u0259s\u0259nd\u0259 \u00f6z\u00fcn\u00fc yand\u0131ran qazinin v\u0259fat etdiyi bildirilir - MEYDAN.TV\",\"isPartOf\":{\"@id\":\"https:\\\/\\\/www.meydan.tv\\\/az\\\/#website\"},\"primaryImageOfPage\":{\"@id\":\"https:\\\/\\\/www.meydan.tv\\\/az\\\/article\\\/daskesende-ozunu-yandiran-qazinin-vefat-etdiyi-bildirilir\\\/#primaryimage\"},\"image\":{\"@id\":\"https:\\\/\\\/www.meydan.tv\\\/az\\\/article\\\/daskesende-ozunu-yandiran-qazinin-vefat-etdiyi-bildirilir\\\/#primaryimage\"},\"thumbnailUrl\":\"https:\\\/\\\/www.meydan.tv\\\/wp-content\\\/uploads\\\/soldier-walking-silhouette.jpg\",\"datePublished\":\"2024-06-07T08:20:39+00:00\",\"dateModified\":\"2024-06-07T08:20:41+00:00\",\"breadcrumb\":{\"@id\":\"https:\\\/\\\/www.meydan.tv\\\/az\\\/article\\\/daskesende-ozunu-yandiran-qazinin-vefat-etdiyi-bildirilir\\\/#breadcrumb\"},\"inLanguage\":\"az\",\"potentialAction\":[{\"@type\":\"ReadAction\",\"target\":[\"https:\\\/\\\/www.meydan.tv\\\/az\\\/article\\\/daskesende-ozunu-yandiran-qazinin-vefat-etdiyi-bildirilir\\\/\"]}]},{\"@type\":\"ImageObject\",\"inLanguage\":\"az\",\"@id\":\"https:\\\/\\\/www.meydan.tv\\\/az\\\/article\\\/daskesende-ozunu-yandiran-qazinin-vefat-etdiyi-bildirilir\\\/#primaryimage\",\"url\":\"https:\\\/\\\/www.meydan.tv\\\/wp-content\\\/uploads\\\/soldier-walking-silhouette.jpg\",\"contentUrl\":\"https:\\\/\\\/www.meydan.tv\\\/wp-content\\\/uploads\\\/soldier-walking-silhouette.jpg\",\"width\":1200,\"height\":639,\"caption\":\"\u018fsg\u0259r. M\u0259nb\u0259: \\\"Freepik\\\"\"},{\"@type\":\"BreadcrumbList\",\"@id\":\"https:\\\/\\\/www.meydan.tv\\\/az\\\/article\\\/daskesende-ozunu-yandiran-qazinin-vefat-etdiyi-bildirilir\\\/#breadcrumb\",\"itemListElement\":[{\"@type\":\"ListItem\",\"position\":1,\"name\":\"Ana s\u0259hif\u0259\",\"item\":\"https:\\\/\\\/www.meydan.tv\\\/az\\\/\"},{\"@type\":\"ListItem\",\"position\":2,\"name\":\"Sosial\",\"item\":\"https:\\\/\\\/www.meydan.tv\\\/az\\\/section\\\/sosial\\\/\"},{\"@type\":\"ListItem\",\"position\":3,\"name\":\"Da\u015fk\u0259s\u0259nd\u0259 \u00f6z\u00fcn\u00fc yand\u0131ran qazinin v\u0259fat etdiyi bildirilir\"}]},{\"@type\":\"WebSite\",\"@id\":\"https:\\\/\\\/www.meydan.tv\\\/az\\\/#website\",\"url\":\"https:\\\/\\\/www.meydan.tv\\\/az\\\/\",\"name\":\"MEYDAN.TV\",\"description\":\"Meydan TV Az\u0259rbaycan\u0131n media m\u0259kan\u0131ndak\u0131 alternativ s\u0259sidir\",\"publisher\":{\"@id\":\"https:\\\/\\\/www.meydan.tv\\\/az\\\/#organization\"},\"potentialAction\":[{\"@type\":\"SearchAction\",\"target\":{\"@type\":\"EntryPoint\",\"urlTemplate\":\"https:\\\/\\\/www.meydan.tv\\\/az\\\/?s={search_term_string}\"},\"query-input\":{\"@type\":\"PropertyValueSpecification\",\"valueRequired\":true,\"valueName\":\"search_term_string\"}}],\"inLanguage\":\"az\"},{\"@type\":\"Organization\",\"@id\":\"https:\\\/\\\/www.meydan.tv\\\/az\\\/#organization\",\"name\":\"Meydan TV\",\"url\":\"https:\\\/\\\/www.meydan.tv\\\/az\\\/\",\"logo\":{\"@type\":\"ImageObject\",\"inLanguage\":\"az\",\"@id\":\"https:\\\/\\\/www.meydan.tv\\\/az\\\/#\\\/schema\\\/logo\\\/image\\\/\",\"url\":\"https:\\\/\\\/www.meydan.tv\\\/wp-content\\\/uploads\\\/2021\\\/07\\\/meydan-logo.svg\",\"contentUrl\":\"https:\\\/\\\/www.meydan.tv\\\/wp-content\\\/uploads\\\/2021\\\/07\\\/meydan-logo.svg\",\"width\":195,\"height\":46,\"caption\":\"Meydan TV\"},\"image\":{\"@id\":\"https:\\\/\\\/www.meydan.tv\\\/az\\\/#\\\/schema\\\/logo\\\/image\\\/\"}},{\"@type\":\"Person\",\"@id\":\"https:\\\/\\\/www.meydan.tv\\\/az\\\/#\\\/schema\\\/person\\\/09863e516102a829e72bedcf3f84c6b0\",\"name\":\"mahmud\"}]}<\/script>\n<!-- \/ Yoast SEO plugin. -->","yoast_head_json":{"title":"Da\u015fk\u0259s\u0259nd\u0259 \u00f6z\u00fcn\u00fc yand\u0131ran qazinin v\u0259fat etdiyi bildirilir - MEYDAN.TV","robots":{"index":"index","follow":"follow","max-snippet":"max-snippet:-1","max-image-preview":"max-image-preview:large","max-video-preview":"max-video-preview:-1"},"canonical":"https:\/\/www.meydan.tv\/az\/article\/daskesende-ozunu-yandiran-qazinin-vefat-etdiyi-bildirilir\/","og_locale":"az_AZ","og_type":"article","og_title":"Da\u015fk\u0259s\u0259nd\u0259 \u00f6z\u00fcn\u00fc yand\u0131ran qazinin v\u0259fat etdiyi bildirilir - MEYDAN.TV","og_description":"Onun Bak\u0131da Yan\u0131q M\u0259rk\u0259zind\u0259 \u00f6ld\u00fcy\u00fc a\u00e7\u0131qlan\u0131b \u0130yunun 6-da \u00fcz\u0259rin\u0259 benzin ... Davam\u0131","og_url":"https:\/\/www.meydan.tv\/az\/article\/daskesende-ozunu-yandiran-qazinin-vefat-etdiyi-bildirilir\/","og_site_name":"MEYDAN.TV","article_published_time":"2024-06-07T08:20:39+00:00","article_modified_time":"2024-06-07T08:20:41+00:00","og_image":[{"width":1200,"height":639,"url":"https:\/\/www.meydan.tv\/wp-content\/uploads\/soldier-walking-silhouette.jpg","type":"image\/jpeg"}],"author":"mahmud","twitter_card":"summary_large_image","schema":{"@context":"https:\/\/schema.org","@graph":[{"@type":"Article","@id":"https:\/\/www.meydan.tv\/az\/article\/daskesende-ozunu-yandiran-qazinin-vefat-etdiyi-bildirilir\/#article","isPartOf":{"@id":"https:\/\/www.meydan.tv\/az\/article\/daskesende-ozunu-yandiran-qazinin-vefat-etdiyi-bildirilir\/"},"author":{"name":"mahmud","@id":"https:\/\/www.meydan.tv\/az\/#\/schema\/person\/09863e516102a829e72bedcf3f84c6b0"},"headline":"Da\u015fk\u0259s\u0259nd\u0259 \u00f6z\u00fcn\u00fc yand\u0131ran qazinin v\u0259fat etdiyi bildirilir","datePublished":"2024-06-07T08:20:39+00:00","dateModified":"2024-06-07T08:20:41+00:00","mainEntityOfPage":{"@id":"https:\/\/www.meydan.tv\/az\/article\/daskesende-ozunu-yandiran-qazinin-vefat-etdiyi-bildirilir\/"},"wordCount":557,"publisher":{"@id":"https:\/\/www.meydan.tv\/az\/#organization"},"image":{"@id":"https:\/\/www.meydan.tv\/az\/article\/daskesende-ozunu-yandiran-qazinin-vefat-etdiyi-bildirilir\/#primaryimage"},"thumbnailUrl":"https:\/\/www.meydan.tv\/wp-content\/uploads\/soldier-walking-silhouette.jpg","articleSection":["Sosial","T\u00f6vsiy\u0259","X\u0259b\u0259rl\u0259r"],"inLanguage":"az"},{"@type":"WebPage","@id":"https:\/\/www.meydan.tv\/az\/article\/daskesende-ozunu-yandiran-qazinin-vefat-etdiyi-bildirilir\/","url":"https:\/\/www.meydan.tv\/az\/article\/daskesende-ozunu-yandiran-qazinin-vefat-etdiyi-bildirilir\/","name":"Da\u015fk\u0259s\u0259nd\u0259 \u00f6z\u00fcn\u00fc yand\u0131ran qazinin v\u0259fat etdiyi bildirilir - MEYDAN.TV","isPartOf":{"@id":"https:\/\/www.meydan.tv\/az\/#website"},"primaryImageOfPage":{"@id":"https:\/\/www.meydan.tv\/az\/article\/daskesende-ozunu-yandiran-qazinin-vefat-etdiyi-bildirilir\/#primaryimage"},"image":{"@id":"https:\/\/www.meydan.tv\/az\/article\/daskesende-ozunu-yandiran-qazinin-vefat-etdiyi-bildirilir\/#primaryimage"},"thumbnailUrl":"https:\/\/www.meydan.tv\/wp-content\/uploads\/soldier-walking-silhouette.jpg","datePublished":"2024-06-07T08:20:39+00:00","dateModified":"2024-06-07T08:20:41+00:00","breadcrumb":{"@id":"https:\/\/www.meydan.tv\/az\/article\/daskesende-ozunu-yandiran-qazinin-vefat-etdiyi-bildirilir\/#breadcrumb"},"inLanguage":"az","potentialAction":[{"@type":"ReadAction","target":["https:\/\/www.meydan.tv\/az\/article\/daskesende-ozunu-yandiran-qazinin-vefat-etdiyi-bildirilir\/"]}]},{"@type":"ImageObject","inLanguage":"az","@id":"https:\/\/www.meydan.tv\/az\/article\/daskesende-ozunu-yandiran-qazinin-vefat-etdiyi-bildirilir\/#primaryimage","url":"https:\/\/www.meydan.tv\/wp-content\/uploads\/soldier-walking-silhouette.jpg","contentUrl":"https:\/\/www.meydan.tv\/wp-content\/uploads\/soldier-walking-silhouette.jpg","width":1200,"height":639,"caption":"\u018fsg\u0259r. M\u0259nb\u0259: \"Freepik\""},{"@type":"BreadcrumbList","@id":"https:\/\/www.meydan.tv\/az\/article\/daskesende-ozunu-yandiran-qazinin-vefat-etdiyi-bildirilir\/#breadcrumb","itemListElement":[{"@type":"ListItem","position":1,"name":"Ana s\u0259hif\u0259","item":"https:\/\/www.meydan.tv\/az\/"},{"@type":"ListItem","position":2,"name":"Sosial","item":"https:\/\/www.meydan.tv\/az\/section\/sosial\/"},{"@type":"ListItem","position":3,"name":"Da\u015fk\u0259s\u0259nd\u0259 \u00f6z\u00fcn\u00fc yand\u0131ran qazinin v\u0259fat etdiyi bildirilir"}]},{"@type":"WebSite","@id":"https:\/\/www.meydan.tv\/az\/#website","url":"https:\/\/www.meydan.tv\/az\/","name":"MEYDAN.TV","description":"Meydan TV Az\u0259rbaycan\u0131n media m\u0259kan\u0131ndak\u0131 alternativ s\u0259sidir","publisher":{"@id":"https:\/\/www.meydan.tv\/az\/#organization"},"potentialAction":[{"@type":"SearchAction","target":{"@type":"EntryPoint","urlTemplate":"https:\/\/www.meydan.tv\/az\/?s={search_term_string}"},"query-input":{"@type":"PropertyValueSpecification","valueRequired":true,"valueName":"search_term_string"}}],"inLanguage":"az"},{"@type":"Organization","@id":"https:\/\/www.meydan.tv\/az\/#organization","name":"Meydan TV","url":"https:\/\/www.meydan.tv\/az\/","logo":{"@type":"ImageObject","inLanguage":"az","@id":"https:\/\/www.meydan.tv\/az\/#\/schema\/logo\/image\/","url":"https:\/\/www.meydan.tv\/wp-content\/uploads\/2021\/07\/meydan-logo.svg","contentUrl":"https:\/\/www.meydan.tv\/wp-content\/uploads\/2021\/07\/meydan-logo.svg","width":195,"height":46,"caption":"Meydan TV"},"image":{"@id":"https:\/\/www.meydan.tv\/az\/#\/schema\/logo\/image\/"}},{"@type":"Person","@id":"https:\/\/www.meydan.tv\/az\/#\/schema\/person\/09863e516102a829e72bedcf3f84c6b0","name":"mahmud"}]}},"_links":{"self":[{"href":"https:\/\/www.meydan.tv\/az\/wp-json\/wp\/v2\/posts\/307640","targetHints":{"allow":["GET"]}}],"collection":[{"href":"https:\/\/www.meydan.tv\/az\/wp-json\/wp\/v2\/posts"}],"about":[{"href":"https:\/\/www.meydan.tv\/az\/wp-json\/wp\/v2\/types\/post"}],"author":[{"embeddable":true,"href":"https:\/\/www.meydan.tv\/az\/wp-json\/wp\/v2\/users\/21"}],"replies":[{"embeddable":true,"href":"https:\/\/www.meydan.tv\/az\/wp-json\/wp\/v2\/comments?post=307640"}],"version-history":[{"count":1,"href":"https:\/\/www.meydan.tv\/az\/wp-json\/wp\/v2\/posts\/307640\/revisions"}],"predecessor-version":[{"id":307641,"href":"https:\/\/www.meydan.tv\/az\/wp-json\/wp\/v2\/posts\/307640\/revisions\/307641"}],"wp:featuredmedia":[{"embeddable":true,"href":"https:\/\/www.meydan.tv\/az\/wp-json\/wp\/v2\/media\/277812"}],"wp:attachment":[{"href":"https:\/\/www.meydan.tv\/az\/wp-json\/wp\/v2\/media?parent=307640"}],"wp:term":[{"taxonomy":"category","embeddable":true,"href":"https:\/\/www.meydan.tv\/az\/wp-json\/wp\/v2\/categories?post=307640"},{"taxonomy":"post_tag","embeddable":true,"href":"https:\/\/www.meydan.tv\/az\/wp-json\/wp\/v2\/tags?post=307640"}],"curies":[{"name":"wp","href":"https:\/\/api.w.org\/{rel}","templated":true}]}}