{"id":307626,"date":"2024-06-06T19:01:13","date_gmt":"2024-06-06T15:01:13","guid":{"rendered":"https:\/\/www.meydan.tv\/?p=307626"},"modified":"2024-06-06T19:04:13","modified_gmt":"2024-06-06T15:04:13","slug":"daha-bir-qazinin-ozunu-yandirdigi-bildirilir","status":"publish","type":"post","link":"https:\/\/www.meydan.tv\/az\/article\/daha-bir-qazinin-ozunu-yandirdigi-bildirilir\/","title":{"rendered":"Daha bir qazinin \u00f6z\u00fcn\u00fc yand\u0131rd\u0131\u011f\u0131 bildirilir"},"content":{"rendered":"\n<p><\/p>\n\n\n\n<p><strong><em>Onun yol polisin\u0259 etiraz olaraq bu add\u0131m\u0131 atd\u0131\u011f\u0131 deyilir<\/em><\/strong><\/p>\n\n\n\n<p>\u0130yunun 6-da \u0130kinci Qaraba\u011f m\u00fcharib\u0259si i\u015ftirak\u00e7\u0131s\u0131, 1996-c\u0131 il t\u0259v\u0259ll\u00fcdl\u00fc \u018fdal\u0259t F\u0259rman o\u011flu \u0130smay\u0131lovun \u00fcz\u0259rin\u0259 benzin t\u00f6k\u0259r\u0259k \u00f6z\u00fcn\u00fc yand\u0131rd\u0131\u011f\u0131 bildirilir.<\/p>\n\n\n\n<p>Daxili \u0130\u015fl\u0259r Nazirliyinin (D\u0130N) yayd\u0131\u011f\u0131 m\u0259lumatda qeyd olunur ki, \u018fdal\u0259t \u0130smay\u0131lov aprelin 26-da Da\u015fk\u0259s\u0259n rayonu Qu\u015f\u00e7u k\u0259ndi \u0259razisind\u0259 idar\u0259 etdiyi \u201cVAZ 2106\u201d markal\u0131 avtomobill\u0259 insanlar\u0131n h\u0259yat\u0131na t\u0259hl\u00fck\u0259 yaratd\u0131\u011f\u0131 \u00fc\u00e7\u00fcn D\u00f6vl\u0259t Yol Polisi t\u0259r\u0259find\u0259n saxlan\u0131l\u0131b.<\/p>\n\n\n\n<p>M\u00fc\u0259yy\u0259n edilib ki, 10-FA-497 d\u00f6vl\u0259t qeydiyyat ni\u015fanl\u0131, Q.H\u0259s\u0259nova m\u0259xsus avtomobil s\u00fcr\u00fcc\u00fcl\u00fck h\u00fcququ v\u0259 etibarnam\u0259 olmadan \u018fdal\u0259t \u0130smay\u0131lov t\u0259r\u0259find\u0259n idar\u0259 edilir.<\/p>\n\n\n\n<p>D\u0130N-in m\u0259lumat\u0131nda qeyd olunur ki, \u018fdal\u0259t \u0130smay\u0131lova qanunvericiliy\u0259 uy\u011fun olaraq izahlar verilib, intizama d\u0259v\u0259t edilib. Lakin o, qanunsuz h\u0259r\u0259k\u0259tl\u0259rini davam etdirib, ist\u0259diyi kimi avtomobil idar\u0259 ed\u0259c\u0259yini bildir\u0259r\u0259k ictimai qaydan\u0131 kobud \u015f\u0259kild\u0259 pozmaqla polis \u0259m\u0259kda\u015flar\u0131na tabesizlik n\u00fcmayi\u015f etdirib.<\/p>\n\n\n\n<p>\u018fm\u0259lind\u0259 x\u0131rda xuliqanl\u0131\u011f\u0131n t\u0259rkib \u0259lam\u0259tl\u0259ri oldu\u011funa g\u00f6r\u0259 \u018fdal\u0259t \u0130smay\u0131lov bar\u0259sind\u0259 m\u0259hk\u0259m\u0259 q\u0259rar\u0131 il\u0259 60 manat m\u0259bl\u0259\u011find\u0259 inzibati t\u0259nbeh t\u0259dbiri t\u0259tbiq edilib.<\/p>\n\n\n\n<p>Onun inzibati m\u0259suliyy\u0259t\u0259 c\u0259lb edilm\u0259sinin \u0259sass\u0131zl\u0131\u011f\u0131 il\u0259 ba\u011fl\u0131 m\u00fcraci\u0259tl\u0259ri aidiyy\u0259ti \u00fczr\u0259 ara\u015fd\u0131r\u0131l\u0131b v\u0259 t\u0259sdiqini tapmad\u0131\u011f\u0131na g\u00f6r\u0259 q\u0259rar q\u00fcvv\u0259d\u0259 saxlan\u0131l\u0131b.<\/p>\n\n\n\n<p>\u018fdal\u0259t \u0130smay\u0131lovla \u00e7oxsayl\u0131 izahedici s\u00f6hb\u0259tl\u0259r apar\u0131lmas\u0131na baxmayaraq, o qeydiyyatda oldu\u011fu Da\u015fk\u0259s\u0259n rayonunda v\u0259 ya\u015fad\u0131\u011f\u0131 G\u0259nc\u0259 \u015f\u0259h\u0259rind\u0259 \u00f6z\u00fcn\u0259 aid olmayan n\u0259qliyyat vasit\u0259l\u0259ri il\u0259 s\u0259rxo\u015f v\u0259ziyy\u0259td\u0259 avtoxuliqanl\u0131q h\u0259r\u0259k\u0259tl\u0259r etm\u0259si il\u0259 ba\u011fl\u0131 d\u0259f\u0259l\u0259rl\u0259 t\u0259dbirl\u0259r g\u00f6r\u00fcl\u00fcb.<\/p>\n\n\n\n<p>O, bu g\u00fcn, y\u0259ni iyunun 6-da Da\u015fk\u0259s\u0259nd\u0259 \u00fcz\u0259rin\u0259 benzin t\u00f6k\u0259r\u0259k \u00f6z\u00fcn\u0259 od vurub.<\/p>\n\n\n\n<p>Yax\u0131nl\u0131qdak\u0131 \u015f\u0259xsl\u0259r t\u0259r\u0259find\u0259n yan\u011f\u0131n s\u00f6nd\u00fcr\u00fcl\u00fcb.<\/p>\n\n\n\n<p>M\u00fcxt\u0259lif d\u0259r\u0259c\u0259li yan\u0131q x\u0259sar\u0259tl\u0259ri alan \u018fdal\u0259t \u0130smay\u0131lov x\u0259st\u0259xanaya yerl\u0259\u015fdirilib.<\/p>\n\n\n\n<p>\u0130kinci Qaraba\u011f m\u00fcharib\u0259sind\u0259n sonra onlarla h\u0259rb\u00e7i intihar edib v\u0259 ya intihara c\u0259hd edib.<\/p>\n","protected":false},"excerpt":{"rendered":"<p>Onun yol polisin\u0259 etiraz olaraq bu add\u0131m\u0131 atd\u0131\u011f\u0131 deyilir \u0130yunun &#8230; <\/p>\n<p class=\"read-more-container\"><a title=\"Daha bir qazinin \u00f6z\u00fcn\u00fc yand\u0131rd\u0131\u011f\u0131 bildirilir\" class=\"read-more button\" href=\"https:\/\/www.meydan.tv\/az\/article\/daha-bir-qazinin-ozunu-yandirdigi-bildirilir\/#more-307626\" aria-label=\"Read more about Daha bir qazinin \u00f6z\u00fcn\u00fc yand\u0131rd\u0131\u011f\u0131 bildirilir\">Davam\u0131<\/a><\/p>\n","protected":false},"author":8,"featured_media":280368,"comment_status":"closed","ping_status":"closed","sticky":false,"template":"","format":"standard","meta":{"_acf_changed":false,"_sitemap_exclude":false,"_sitemap_priority":"","_sitemap_frequency":"","footnotes":""},"categories":[62,56],"tags":[],"class_list":["post-307626","post","type-post","status-publish","format-standard","has-post-thumbnail","hentry","category-sosial","category-xeberler","infinite-scroll-item","generate-columns","tablet-grid-50","mobile-grid-100","grid-parent","grid-33","no-featured-image-padding"],"acf":[],"yoast_head":"<!-- This site is optimized with the Yoast SEO plugin v27.5 - https:\/\/yoast.com\/product\/yoast-seo-wordpress\/ -->\n<title>Daha bir qazinin \u00f6z\u00fcn\u00fc yand\u0131rd\u0131\u011f\u0131 bildirilir - MEYDAN.TV<\/title>\n<meta name=\"robots\" content=\"index, follow, max-snippet:-1, max-image-preview:large, max-video-preview:-1\" \/>\n<link rel=\"canonical\" href=\"https:\/\/www.meydan.tv\/az\/article\/daha-bir-qazinin-ozunu-yandirdigi-bildirilir\/\" \/>\n<meta property=\"og:locale\" content=\"az_AZ\" \/>\n<meta property=\"og:type\" content=\"article\" \/>\n<meta property=\"og:title\" content=\"Daha bir qazinin \u00f6z\u00fcn\u00fc yand\u0131rd\u0131\u011f\u0131 bildirilir - MEYDAN.TV\" \/>\n<meta property=\"og:description\" content=\"Onun yol polisin\u0259 etiraz olaraq bu add\u0131m\u0131 atd\u0131\u011f\u0131 deyilir \u0130yunun ... Davam\u0131\" \/>\n<meta property=\"og:url\" content=\"https:\/\/www.meydan.tv\/az\/article\/daha-bir-qazinin-ozunu-yandirdigi-bildirilir\/\" \/>\n<meta property=\"og:site_name\" content=\"MEYDAN.TV\" \/>\n<meta property=\"article:published_time\" content=\"2024-06-06T15:01:13+00:00\" \/>\n<meta property=\"article:modified_time\" content=\"2024-06-06T15:04:13+00:00\" \/>\n<meta property=\"og:image\" content=\"https:\/\/www.meydan.tv\/wp-content\/uploads\/untitled-design-162-e1690145038833.jpg\" \/>\n\t<meta property=\"og:image:width\" content=\"1200\" \/>\n\t<meta property=\"og:image:height\" content=\"696\" \/>\n\t<meta property=\"og:image:type\" content=\"image\/jpeg\" \/>\n<meta name=\"author\" content=\"elli\" \/>\n<meta name=\"twitter:card\" content=\"summary_large_image\" \/>\n<meta name=\"twitter:creator\" content=\"@elli\" \/>\n<script type=\"application\/ld+json\" class=\"yoast-schema-graph\">{\"@context\":\"https:\\\/\\\/schema.org\",\"@graph\":[{\"@type\":\"Article\",\"@id\":\"https:\\\/\\\/www.meydan.tv\\\/az\\\/article\\\/daha-bir-qazinin-ozunu-yandirdigi-bildirilir\\\/#article\",\"isPartOf\":{\"@id\":\"https:\\\/\\\/www.meydan.tv\\\/az\\\/article\\\/daha-bir-qazinin-ozunu-yandirdigi-bildirilir\\\/\"},\"author\":{\"name\":\"elli\",\"@id\":\"https:\\\/\\\/www.meydan.tv\\\/az\\\/#\\\/schema\\\/person\\\/9cdbecf90d17180ce1dfbd95b08dcf47\"},\"headline\":\"Daha bir qazinin \u00f6z\u00fcn\u00fc yand\u0131rd\u0131\u011f\u0131 bildirilir\",\"datePublished\":\"2024-06-06T15:01:13+00:00\",\"dateModified\":\"2024-06-06T15:04:13+00:00\",\"mainEntityOfPage\":{\"@id\":\"https:\\\/\\\/www.meydan.tv\\\/az\\\/article\\\/daha-bir-qazinin-ozunu-yandirdigi-bildirilir\\\/\"},\"wordCount\":435,\"publisher\":{\"@id\":\"https:\\\/\\\/www.meydan.tv\\\/az\\\/#organization\"},\"image\":{\"@id\":\"https:\\\/\\\/www.meydan.tv\\\/az\\\/article\\\/daha-bir-qazinin-ozunu-yandirdigi-bildirilir\\\/#primaryimage\"},\"thumbnailUrl\":\"https:\\\/\\\/www.meydan.tv\\\/wp-content\\\/uploads\\\/untitled-design-162-e1690145038833.jpg\",\"articleSection\":[\"Sosial\",\"X\u0259b\u0259rl\u0259r\"],\"inLanguage\":\"az\"},{\"@type\":\"WebPage\",\"@id\":\"https:\\\/\\\/www.meydan.tv\\\/az\\\/article\\\/daha-bir-qazinin-ozunu-yandirdigi-bildirilir\\\/\",\"url\":\"https:\\\/\\\/www.meydan.tv\\\/az\\\/article\\\/daha-bir-qazinin-ozunu-yandirdigi-bildirilir\\\/\",\"name\":\"Daha bir qazinin \u00f6z\u00fcn\u00fc yand\u0131rd\u0131\u011f\u0131 bildirilir - MEYDAN.TV\",\"isPartOf\":{\"@id\":\"https:\\\/\\\/www.meydan.tv\\\/az\\\/#website\"},\"primaryImageOfPage\":{\"@id\":\"https:\\\/\\\/www.meydan.tv\\\/az\\\/article\\\/daha-bir-qazinin-ozunu-yandirdigi-bildirilir\\\/#primaryimage\"},\"image\":{\"@id\":\"https:\\\/\\\/www.meydan.tv\\\/az\\\/article\\\/daha-bir-qazinin-ozunu-yandirdigi-bildirilir\\\/#primaryimage\"},\"thumbnailUrl\":\"https:\\\/\\\/www.meydan.tv\\\/wp-content\\\/uploads\\\/untitled-design-162-e1690145038833.jpg\",\"datePublished\":\"2024-06-06T15:01:13+00:00\",\"dateModified\":\"2024-06-06T15:04:13+00:00\",\"breadcrumb\":{\"@id\":\"https:\\\/\\\/www.meydan.tv\\\/az\\\/article\\\/daha-bir-qazinin-ozunu-yandirdigi-bildirilir\\\/#breadcrumb\"},\"inLanguage\":\"az\",\"potentialAction\":[{\"@type\":\"ReadAction\",\"target\":[\"https:\\\/\\\/www.meydan.tv\\\/az\\\/article\\\/daha-bir-qazinin-ozunu-yandirdigi-bildirilir\\\/\"]}]},{\"@type\":\"ImageObject\",\"inLanguage\":\"az\",\"@id\":\"https:\\\/\\\/www.meydan.tv\\\/az\\\/article\\\/daha-bir-qazinin-ozunu-yandirdigi-bildirilir\\\/#primaryimage\",\"url\":\"https:\\\/\\\/www.meydan.tv\\\/wp-content\\\/uploads\\\/untitled-design-162-e1690145038833.jpg\",\"contentUrl\":\"https:\\\/\\\/www.meydan.tv\\\/wp-content\\\/uploads\\\/untitled-design-162-e1690145038833.jpg\",\"width\":1200,\"height\":696,\"caption\":\"\u018fsg\u0259r. Foto: Meydan TV\"},{\"@type\":\"BreadcrumbList\",\"@id\":\"https:\\\/\\\/www.meydan.tv\\\/az\\\/article\\\/daha-bir-qazinin-ozunu-yandirdigi-bildirilir\\\/#breadcrumb\",\"itemListElement\":[{\"@type\":\"ListItem\",\"position\":1,\"name\":\"Ana s\u0259hif\u0259\",\"item\":\"https:\\\/\\\/www.meydan.tv\\\/az\\\/\"},{\"@type\":\"ListItem\",\"position\":2,\"name\":\"Sosial\",\"item\":\"https:\\\/\\\/www.meydan.tv\\\/az\\\/section\\\/sosial\\\/\"},{\"@type\":\"ListItem\",\"position\":3,\"name\":\"Daha bir qazinin \u00f6z\u00fcn\u00fc yand\u0131rd\u0131\u011f\u0131 bildirilir\"}]},{\"@type\":\"WebSite\",\"@id\":\"https:\\\/\\\/www.meydan.tv\\\/az\\\/#website\",\"url\":\"https:\\\/\\\/www.meydan.tv\\\/az\\\/\",\"name\":\"MEYDAN.TV\",\"description\":\"Meydan TV Az\u0259rbaycan\u0131n media m\u0259kan\u0131ndak\u0131 alternativ s\u0259sidir\",\"publisher\":{\"@id\":\"https:\\\/\\\/www.meydan.tv\\\/az\\\/#organization\"},\"potentialAction\":[{\"@type\":\"SearchAction\",\"target\":{\"@type\":\"EntryPoint\",\"urlTemplate\":\"https:\\\/\\\/www.meydan.tv\\\/az\\\/?s={search_term_string}\"},\"query-input\":{\"@type\":\"PropertyValueSpecification\",\"valueRequired\":true,\"valueName\":\"search_term_string\"}}],\"inLanguage\":\"az\"},{\"@type\":\"Organization\",\"@id\":\"https:\\\/\\\/www.meydan.tv\\\/az\\\/#organization\",\"name\":\"Meydan TV\",\"url\":\"https:\\\/\\\/www.meydan.tv\\\/az\\\/\",\"logo\":{\"@type\":\"ImageObject\",\"inLanguage\":\"az\",\"@id\":\"https:\\\/\\\/www.meydan.tv\\\/az\\\/#\\\/schema\\\/logo\\\/image\\\/\",\"url\":\"https:\\\/\\\/www.meydan.tv\\\/wp-content\\\/uploads\\\/2021\\\/07\\\/meydan-logo.svg\",\"contentUrl\":\"https:\\\/\\\/www.meydan.tv\\\/wp-content\\\/uploads\\\/2021\\\/07\\\/meydan-logo.svg\",\"width\":195,\"height\":46,\"caption\":\"Meydan TV\"},\"image\":{\"@id\":\"https:\\\/\\\/www.meydan.tv\\\/az\\\/#\\\/schema\\\/logo\\\/image\\\/\"}},{\"@type\":\"Person\",\"@id\":\"https:\\\/\\\/www.meydan.tv\\\/az\\\/#\\\/schema\\\/person\\\/9cdbecf90d17180ce1dfbd95b08dcf47\",\"name\":\"elli\",\"sameAs\":[\"https:\\\/\\\/x.com\\\/elli\"]}]}<\/script>\n<!-- \/ Yoast SEO plugin. -->","yoast_head_json":{"title":"Daha bir qazinin \u00f6z\u00fcn\u00fc yand\u0131rd\u0131\u011f\u0131 bildirilir - MEYDAN.TV","robots":{"index":"index","follow":"follow","max-snippet":"max-snippet:-1","max-image-preview":"max-image-preview:large","max-video-preview":"max-video-preview:-1"},"canonical":"https:\/\/www.meydan.tv\/az\/article\/daha-bir-qazinin-ozunu-yandirdigi-bildirilir\/","og_locale":"az_AZ","og_type":"article","og_title":"Daha bir qazinin \u00f6z\u00fcn\u00fc yand\u0131rd\u0131\u011f\u0131 bildirilir - MEYDAN.TV","og_description":"Onun yol polisin\u0259 etiraz olaraq bu add\u0131m\u0131 atd\u0131\u011f\u0131 deyilir \u0130yunun ... Davam\u0131","og_url":"https:\/\/www.meydan.tv\/az\/article\/daha-bir-qazinin-ozunu-yandirdigi-bildirilir\/","og_site_name":"MEYDAN.TV","article_published_time":"2024-06-06T15:01:13+00:00","article_modified_time":"2024-06-06T15:04:13+00:00","og_image":[{"width":1200,"height":696,"url":"https:\/\/www.meydan.tv\/wp-content\/uploads\/untitled-design-162-e1690145038833.jpg","type":"image\/jpeg"}],"author":"elli","twitter_card":"summary_large_image","twitter_creator":"@elli","schema":{"@context":"https:\/\/schema.org","@graph":[{"@type":"Article","@id":"https:\/\/www.meydan.tv\/az\/article\/daha-bir-qazinin-ozunu-yandirdigi-bildirilir\/#article","isPartOf":{"@id":"https:\/\/www.meydan.tv\/az\/article\/daha-bir-qazinin-ozunu-yandirdigi-bildirilir\/"},"author":{"name":"elli","@id":"https:\/\/www.meydan.tv\/az\/#\/schema\/person\/9cdbecf90d17180ce1dfbd95b08dcf47"},"headline":"Daha bir qazinin \u00f6z\u00fcn\u00fc yand\u0131rd\u0131\u011f\u0131 bildirilir","datePublished":"2024-06-06T15:01:13+00:00","dateModified":"2024-06-06T15:04:13+00:00","mainEntityOfPage":{"@id":"https:\/\/www.meydan.tv\/az\/article\/daha-bir-qazinin-ozunu-yandirdigi-bildirilir\/"},"wordCount":435,"publisher":{"@id":"https:\/\/www.meydan.tv\/az\/#organization"},"image":{"@id":"https:\/\/www.meydan.tv\/az\/article\/daha-bir-qazinin-ozunu-yandirdigi-bildirilir\/#primaryimage"},"thumbnailUrl":"https:\/\/www.meydan.tv\/wp-content\/uploads\/untitled-design-162-e1690145038833.jpg","articleSection":["Sosial","X\u0259b\u0259rl\u0259r"],"inLanguage":"az"},{"@type":"WebPage","@id":"https:\/\/www.meydan.tv\/az\/article\/daha-bir-qazinin-ozunu-yandirdigi-bildirilir\/","url":"https:\/\/www.meydan.tv\/az\/article\/daha-bir-qazinin-ozunu-yandirdigi-bildirilir\/","name":"Daha bir qazinin \u00f6z\u00fcn\u00fc yand\u0131rd\u0131\u011f\u0131 bildirilir - MEYDAN.TV","isPartOf":{"@id":"https:\/\/www.meydan.tv\/az\/#website"},"primaryImageOfPage":{"@id":"https:\/\/www.meydan.tv\/az\/article\/daha-bir-qazinin-ozunu-yandirdigi-bildirilir\/#primaryimage"},"image":{"@id":"https:\/\/www.meydan.tv\/az\/article\/daha-bir-qazinin-ozunu-yandirdigi-bildirilir\/#primaryimage"},"thumbnailUrl":"https:\/\/www.meydan.tv\/wp-content\/uploads\/untitled-design-162-e1690145038833.jpg","datePublished":"2024-06-06T15:01:13+00:00","dateModified":"2024-06-06T15:04:13+00:00","breadcrumb":{"@id":"https:\/\/www.meydan.tv\/az\/article\/daha-bir-qazinin-ozunu-yandirdigi-bildirilir\/#breadcrumb"},"inLanguage":"az","potentialAction":[{"@type":"ReadAction","target":["https:\/\/www.meydan.tv\/az\/article\/daha-bir-qazinin-ozunu-yandirdigi-bildirilir\/"]}]},{"@type":"ImageObject","inLanguage":"az","@id":"https:\/\/www.meydan.tv\/az\/article\/daha-bir-qazinin-ozunu-yandirdigi-bildirilir\/#primaryimage","url":"https:\/\/www.meydan.tv\/wp-content\/uploads\/untitled-design-162-e1690145038833.jpg","contentUrl":"https:\/\/www.meydan.tv\/wp-content\/uploads\/untitled-design-162-e1690145038833.jpg","width":1200,"height":696,"caption":"\u018fsg\u0259r. Foto: Meydan TV"},{"@type":"BreadcrumbList","@id":"https:\/\/www.meydan.tv\/az\/article\/daha-bir-qazinin-ozunu-yandirdigi-bildirilir\/#breadcrumb","itemListElement":[{"@type":"ListItem","position":1,"name":"Ana s\u0259hif\u0259","item":"https:\/\/www.meydan.tv\/az\/"},{"@type":"ListItem","position":2,"name":"Sosial","item":"https:\/\/www.meydan.tv\/az\/section\/sosial\/"},{"@type":"ListItem","position":3,"name":"Daha bir qazinin \u00f6z\u00fcn\u00fc yand\u0131rd\u0131\u011f\u0131 bildirilir"}]},{"@type":"WebSite","@id":"https:\/\/www.meydan.tv\/az\/#website","url":"https:\/\/www.meydan.tv\/az\/","name":"MEYDAN.TV","description":"Meydan TV Az\u0259rbaycan\u0131n media m\u0259kan\u0131ndak\u0131 alternativ s\u0259sidir","publisher":{"@id":"https:\/\/www.meydan.tv\/az\/#organization"},"potentialAction":[{"@type":"SearchAction","target":{"@type":"EntryPoint","urlTemplate":"https:\/\/www.meydan.tv\/az\/?s={search_term_string}"},"query-input":{"@type":"PropertyValueSpecification","valueRequired":true,"valueName":"search_term_string"}}],"inLanguage":"az"},{"@type":"Organization","@id":"https:\/\/www.meydan.tv\/az\/#organization","name":"Meydan TV","url":"https:\/\/www.meydan.tv\/az\/","logo":{"@type":"ImageObject","inLanguage":"az","@id":"https:\/\/www.meydan.tv\/az\/#\/schema\/logo\/image\/","url":"https:\/\/www.meydan.tv\/wp-content\/uploads\/2021\/07\/meydan-logo.svg","contentUrl":"https:\/\/www.meydan.tv\/wp-content\/uploads\/2021\/07\/meydan-logo.svg","width":195,"height":46,"caption":"Meydan TV"},"image":{"@id":"https:\/\/www.meydan.tv\/az\/#\/schema\/logo\/image\/"}},{"@type":"Person","@id":"https:\/\/www.meydan.tv\/az\/#\/schema\/person\/9cdbecf90d17180ce1dfbd95b08dcf47","name":"elli","sameAs":["https:\/\/x.com\/elli"]}]}},"_links":{"self":[{"href":"https:\/\/www.meydan.tv\/az\/wp-json\/wp\/v2\/posts\/307626","targetHints":{"allow":["GET"]}}],"collection":[{"href":"https:\/\/www.meydan.tv\/az\/wp-json\/wp\/v2\/posts"}],"about":[{"href":"https:\/\/www.meydan.tv\/az\/wp-json\/wp\/v2\/types\/post"}],"author":[{"embeddable":true,"href":"https:\/\/www.meydan.tv\/az\/wp-json\/wp\/v2\/users\/8"}],"replies":[{"embeddable":true,"href":"https:\/\/www.meydan.tv\/az\/wp-json\/wp\/v2\/comments?post=307626"}],"version-history":[{"count":3,"href":"https:\/\/www.meydan.tv\/az\/wp-json\/wp\/v2\/posts\/307626\/revisions"}],"predecessor-version":[{"id":307631,"href":"https:\/\/www.meydan.tv\/az\/wp-json\/wp\/v2\/posts\/307626\/revisions\/307631"}],"wp:featuredmedia":[{"embeddable":true,"href":"https:\/\/www.meydan.tv\/az\/wp-json\/wp\/v2\/media\/280368"}],"wp:attachment":[{"href":"https:\/\/www.meydan.tv\/az\/wp-json\/wp\/v2\/media?parent=307626"}],"wp:term":[{"taxonomy":"category","embeddable":true,"href":"https:\/\/www.meydan.tv\/az\/wp-json\/wp\/v2\/categories?post=307626"},{"taxonomy":"post_tag","embeddable":true,"href":"https:\/\/www.meydan.tv\/az\/wp-json\/wp\/v2\/tags?post=307626"}],"curies":[{"name":"wp","href":"https:\/\/api.w.org\/{rel}","templated":true}]}}