{"id":307597,"date":"2024-06-06T16:27:03","date_gmt":"2024-06-06T12:27:03","guid":{"rendered":"https:\/\/www.meydan.tv\/?p=307597"},"modified":"2024-06-07T18:58:57","modified_gmt":"2024-06-07T14:58:57","slug":"alya-yaqublu-toplum-tv-isi-ile-bagli-sahid-qisminde-dindirilib","status":"publish","type":"post","link":"https:\/\/www.meydan.tv\/az\/article\/alya-yaqublu-toplum-tv-isi-ile-bagli-sahid-qisminde-dindirilib\/","title":{"rendered":"Alya Yaqublu \u201cToplum TV&#8221; i\u015fi il\u0259 ba\u011fl\u0131 \u015fahid qismind\u0259 dindirilib"},"content":{"rendered":"\n<figure class=\"wp-block-embed is-type-video is-provider-youtube wp-block-embed-youtube wp-embed-aspect-16-9 wp-has-aspect-ratio\"><div class=\"wp-block-embed__wrapper\">\n<iframe title=\"Alya Yaqublu: H\u0259bs edil\u0259nl\u0259r Az\u0259rbaycan \u00fc\u00e7\u00fcn yax\u015f\u0131 i\u015fl\u0259r g\u00f6r\u00fcrd\u00fc\" width=\"1200\" height=\"675\" data-src=\"https:\/\/www.youtube.com\/embed\/UOkVhNKUsRw?feature=oembed\" frameborder=\"0\" allow=\"accelerometer; autoplay; clipboard-write; encrypted-media; gyroscope; picture-in-picture; web-share\" referrerpolicy=\"strict-origin-when-cross-origin\" allowfullscreen src=\"data:image\/svg+xml;base64,PHN2ZyB3aWR0aD0iMSIgaGVpZ2h0PSIxIiB4bWxucz0iaHR0cDovL3d3dy53My5vcmcvMjAwMC9zdmciPjwvc3ZnPg==\" class=\"lazyload\" data-load-mode=\"1\"><\/iframe>\n<\/div><\/figure>\n\n\n\n<!--more-->\n\n\n\n<p><strong><em>Jurnalist cinay\u0259t i\u015fini saxta, ittihamlar\u0131 qondarma say\u0131r<\/em><\/strong><\/p>\n\n\n\n<p>\u201cToplum TV\u201d internet kanal\u0131ndak\u0131 \u201cAx\u015fam s\u00f6hb\u0259ti\u201d proqram\u0131n\u0131n apar\u0131c\u0131s\u0131 Nail\u0259 (Alya) Yaqublu iyunun 6-da Bak\u0131 \u015e\u0259h\u0259r Ba\u015f Polis \u0130dar\u0259sind\u0259 dindirilib.<\/p>\n\n\n\n<p>Jurnalist \u201cToplum TV\u201d il\u0259 ba\u011fl\u0131 cinay\u0259t i\u015fi \u00fczr\u0259 \u015fahid qismind\u0259 ifad\u0259 verib.<\/p>\n\n\n\n<p>Onun dindirilm\u0259si 4 saata yax\u0131n davam edib.<\/p>\n\n\n\n<p>Alya Yaqublu istintaq sirri oldu\u011funu \u0259sas g\u0259tir\u0259r\u0259k ifad\u0259sinin detallar\u0131 bar\u0259d\u0259 dan\u0131\u015fmay\u0131b. Lakin bildirib ki, \u201cToplum TV\u201d il\u0259 ba\u011fl\u0131 cinay\u0259t i\u015fini saxta, ittihamlar\u0131 is\u0259 qondarma hesab etdiyini dindirilm\u0259 zaman\u0131 vur\u011fulay\u0131b.<\/p>\n\n\n\n<p>O deyib ki, \u201cToplum TV\u201d i\u015fi \u00fczr\u0259 h\u0259bs olunanlar\u0131n h\u0259r biri Az\u0259rbaycan \u00fc\u00e7\u00fcn faydal\u0131 i\u015fl\u0259r g\u00f6rm\u00fc\u015f, d\u0259y\u0259rli insanlard\u0131r.<\/p>\n\n\n\n<p>\u201c<em>Sad\u0259c\u0259, bu hakimiyy\u0259t m\u00fcst\u0259qil median\u0131, t\u0259nqid\u00e7il\u0259ri, m\u00fcxalif m\u00f6vqeli insanlar\u0131 sevmir. Bunun n\u0259tic\u0259sidir ki, Az\u0259rbaycanda m\u00fcxalif m\u00f6vqeli insanlar\u0131n yolu tez-tez h\u0259bsxanalardan ke\u00e7ir, m\u00fcst\u0259qil jurnalistl\u0259rin say\u0131 azal\u0131b. B\u00fct\u00fcn bunlar bizi \u00fcz\u00fcr, amma \u00fcmidimizi \u00fczm\u00fcr\u00fck\u201d,<\/em> &#8211; jurnalist dindirm\u0259d\u0259n sonra a\u00e7\u0131qlamas\u0131nda bel\u0259 deyib.<\/p>\n\n\n\n<p>Mart\u0131n 6-da \u201cToplum TV\u201d internet televiziyas\u0131 v\u0259 eyni adl\u0131 sayt\u0131n ofisind\u0259 polisin axtar\u0131\u015f\u0131 olub v\u0259 qap\u0131s\u0131 m\u00f6h\u00fcrl\u0259nib.<\/p>\n\n\n\n<p>Media orqan\u0131yla ba\u011fl\u0131 cinay\u0259t i\u015fi \u00fczr\u0259 \u00fcmumilikd\u0259 9 n\u0259f\u0259r cinay\u0259t m\u0259suliyy\u0259tin\u0259 c\u0259lb olunub.<\/p>\n\n\n\n<p>Onlardan 7 n\u0259f\u0259r haqq\u0131nda h\u0259bs q\u0259timkan t\u0259dbiri se\u00e7ilib, ikisinin is\u0259 istintaq d\u00f6vr\u00fcnd\u0259 azadl\u0131qda qalmas\u0131na q\u0259rar verilib.<\/p>\n\n\n\n<p>H\u0259bs olunanlar aras\u0131nda \u201cToplum TV\u201d-nin t\u0259sis\u00e7isi, media h\u00fcququ \u00fczr\u0259 ekspert \u018fl\u0259sg\u0259r M\u0259mm\u0259dli, video-redaktor M\u00fc\u015ffiq Cabbar, III Respublika Platformas\u0131n\u0131n spikeri Akif Qurbanov, t\u0259\u015fkilat\u0131n \u00fczv\u00fc Ruslan \u0130zz\u0259tli, Demokratik T\u0259\u015f\u0259bb\u00fcsl\u0259r \u0130nstitutunun \u0259m\u0259kda\u015flar\u0131 da var.<\/p>\n\n\n\n<p>Onlara qar\u015f\u0131 Cinay\u0259t M\u0259c\u0259ll\u0259sinin 206.3.2 (qa\u00e7aqmal\u00e7\u0131l\u0131q &#8211; qabaqcadan \u0259lbir olan bir qrup \u015f\u0259xs t\u0259r\u0259find\u0259n t\u00f6r\u0259dildikd\u0259) madd\u0259sil\u0259 ittiham ir\u0259li s\u00fcr\u00fcl\u00fcb.<\/p>\n\n\n\n<p>\u0130ddia olunur ki, axtar\u0131\u015f zaman\u0131 ofisd\u0259n v\u0259 t\u0259qsirl\u0259ndiril\u0259n \u015f\u0259xsl\u0259rin evl\u0259rind\u0259n k\u00fclli miqdarda xarici valyuta tap\u0131l\u0131b. Lakin t\u0259qsirl\u0259ndiril\u0259n \u015f\u0259xsl\u0259r bu ittiham\u0131n saxta oldu\u011funu, pullar\u0131n da axtar\u0131\u015f apar\u0131lan m\u0259kanlara polisl\u0259rin \u00f6zl\u0259ri t\u0259r\u0259find\u0259n qoyuldu\u011funu, daha sonra g\u00f6t\u00fcr\u00fcld\u00fcy\u00fcn\u00fc bildirirl\u0259r.<\/p>\n\n\n\n<p>Onlar hesab edir ki, siyasi sifari\u015fl\u0259 h\u0259bs olunublar, m\u0259qs\u0259d d\u0259 \u00f6lk\u0259d\u0259 m\u00fcst\u0259qil median\u0131, azad s\u0259sl\u0259ri susdurmaqd\u0131r.<\/p>\n","protected":false},"excerpt":{"rendered":"","protected":false},"author":8,"featured_media":307598,"comment_status":"closed","ping_status":"closed","sticky":false,"template":"","format":"standard","meta":{"_acf_changed":false,"_sitemap_exclude":false,"_sitemap_priority":"","_sitemap_frequency":"","footnotes":""},"categories":[59,63,56],"tags":[],"class_list":["post-307597","post","type-post","status-publish","format-standard","has-post-thumbnail","hentry","category-siyaset","category-video-2","category-xeberler","infinite-scroll-item","generate-columns","tablet-grid-50","mobile-grid-100","grid-parent","grid-33","no-featured-image-padding"],"acf":[],"yoast_head":"<!-- This site is optimized with the Yoast SEO plugin v27.4 - https:\/\/yoast.com\/product\/yoast-seo-wordpress\/ -->\n<title>Alya Yaqublu \u201cToplum TV&quot; i\u015fi il\u0259 ba\u011fl\u0131 \u015fahid qismind\u0259 dindirilib - MEYDAN.TV<\/title>\n<meta name=\"robots\" content=\"index, follow, max-snippet:-1, max-image-preview:large, max-video-preview:-1\" \/>\n<link rel=\"canonical\" href=\"https:\/\/www.meydan.tv\/az\/article\/alya-yaqublu-toplum-tv-isi-ile-bagli-sahid-qisminde-dindirilib\/\" \/>\n<meta property=\"og:locale\" content=\"az_AZ\" \/>\n<meta property=\"og:type\" content=\"article\" \/>\n<meta property=\"og:title\" content=\"Alya Yaqublu \u201cToplum TV&quot; i\u015fi il\u0259 ba\u011fl\u0131 \u015fahid qismind\u0259 dindirilib - MEYDAN.TV\" \/>\n<meta property=\"og:url\" content=\"https:\/\/www.meydan.tv\/az\/article\/alya-yaqublu-toplum-tv-isi-ile-bagli-sahid-qisminde-dindirilib\/\" \/>\n<meta property=\"og:site_name\" content=\"MEYDAN.TV\" \/>\n<meta property=\"article:published_time\" content=\"2024-06-06T12:27:03+00:00\" \/>\n<meta property=\"article:modified_time\" content=\"2024-06-07T14:58:57+00:00\" \/>\n<meta property=\"og:image\" content=\"https:\/\/www.meydan.tv\/wp-content\/uploads\/447560558_2343882655810320_2033558841241039541_n.jpg\" \/>\n\t<meta property=\"og:image:width\" content=\"1200\" \/>\n\t<meta property=\"og:image:height\" content=\"831\" \/>\n\t<meta property=\"og:image:type\" content=\"image\/jpeg\" \/>\n<meta name=\"author\" content=\"elli\" \/>\n<meta name=\"twitter:card\" content=\"summary_large_image\" \/>\n<meta name=\"twitter:creator\" content=\"@elli\" \/>\n<script type=\"application\/ld+json\" class=\"yoast-schema-graph\">{\"@context\":\"https:\\\/\\\/schema.org\",\"@graph\":[{\"@type\":\"Article\",\"@id\":\"https:\\\/\\\/www.meydan.tv\\\/az\\\/article\\\/alya-yaqublu-toplum-tv-isi-ile-bagli-sahid-qisminde-dindirilib\\\/#article\",\"isPartOf\":{\"@id\":\"https:\\\/\\\/www.meydan.tv\\\/az\\\/article\\\/alya-yaqublu-toplum-tv-isi-ile-bagli-sahid-qisminde-dindirilib\\\/\"},\"author\":{\"name\":\"elli\",\"@id\":\"https:\\\/\\\/www.meydan.tv\\\/az\\\/#\\\/schema\\\/person\\\/9cdbecf90d17180ce1dfbd95b08dcf47\"},\"headline\":\"Alya Yaqublu \u201cToplum TV&#8221; i\u015fi il\u0259 ba\u011fl\u0131 \u015fahid qismind\u0259 dindirilib\",\"datePublished\":\"2024-06-06T12:27:03+00:00\",\"dateModified\":\"2024-06-07T14:58:57+00:00\",\"mainEntityOfPage\":{\"@id\":\"https:\\\/\\\/www.meydan.tv\\\/az\\\/article\\\/alya-yaqublu-toplum-tv-isi-ile-bagli-sahid-qisminde-dindirilib\\\/\"},\"wordCount\":469,\"publisher\":{\"@id\":\"https:\\\/\\\/www.meydan.tv\\\/az\\\/#organization\"},\"image\":{\"@id\":\"https:\\\/\\\/www.meydan.tv\\\/az\\\/article\\\/alya-yaqublu-toplum-tv-isi-ile-bagli-sahid-qisminde-dindirilib\\\/#primaryimage\"},\"thumbnailUrl\":\"https:\\\/\\\/www.meydan.tv\\\/wp-content\\\/uploads\\\/447560558_2343882655810320_2033558841241039541_n.jpg\",\"articleSection\":[\"Siyas\u0259t\",\"Video\",\"X\u0259b\u0259rl\u0259r\"],\"inLanguage\":\"az\"},{\"@type\":\"WebPage\",\"@id\":\"https:\\\/\\\/www.meydan.tv\\\/az\\\/article\\\/alya-yaqublu-toplum-tv-isi-ile-bagli-sahid-qisminde-dindirilib\\\/\",\"url\":\"https:\\\/\\\/www.meydan.tv\\\/az\\\/article\\\/alya-yaqublu-toplum-tv-isi-ile-bagli-sahid-qisminde-dindirilib\\\/\",\"name\":\"Alya Yaqublu \u201cToplum TV\\\" i\u015fi il\u0259 ba\u011fl\u0131 \u015fahid qismind\u0259 dindirilib - MEYDAN.TV\",\"isPartOf\":{\"@id\":\"https:\\\/\\\/www.meydan.tv\\\/az\\\/#website\"},\"primaryImageOfPage\":{\"@id\":\"https:\\\/\\\/www.meydan.tv\\\/az\\\/article\\\/alya-yaqublu-toplum-tv-isi-ile-bagli-sahid-qisminde-dindirilib\\\/#primaryimage\"},\"image\":{\"@id\":\"https:\\\/\\\/www.meydan.tv\\\/az\\\/article\\\/alya-yaqublu-toplum-tv-isi-ile-bagli-sahid-qisminde-dindirilib\\\/#primaryimage\"},\"thumbnailUrl\":\"https:\\\/\\\/www.meydan.tv\\\/wp-content\\\/uploads\\\/447560558_2343882655810320_2033558841241039541_n.jpg\",\"datePublished\":\"2024-06-06T12:27:03+00:00\",\"dateModified\":\"2024-06-07T14:58:57+00:00\",\"breadcrumb\":{\"@id\":\"https:\\\/\\\/www.meydan.tv\\\/az\\\/article\\\/alya-yaqublu-toplum-tv-isi-ile-bagli-sahid-qisminde-dindirilib\\\/#breadcrumb\"},\"inLanguage\":\"az\",\"potentialAction\":[{\"@type\":\"ReadAction\",\"target\":[\"https:\\\/\\\/www.meydan.tv\\\/az\\\/article\\\/alya-yaqublu-toplum-tv-isi-ile-bagli-sahid-qisminde-dindirilib\\\/\"]}]},{\"@type\":\"ImageObject\",\"inLanguage\":\"az\",\"@id\":\"https:\\\/\\\/www.meydan.tv\\\/az\\\/article\\\/alya-yaqublu-toplum-tv-isi-ile-bagli-sahid-qisminde-dindirilib\\\/#primaryimage\",\"url\":\"https:\\\/\\\/www.meydan.tv\\\/wp-content\\\/uploads\\\/447560558_2343882655810320_2033558841241039541_n.jpg\",\"contentUrl\":\"https:\\\/\\\/www.meydan.tv\\\/wp-content\\\/uploads\\\/447560558_2343882655810320_2033558841241039541_n.jpg\",\"width\":1200,\"height\":831,\"caption\":\"Alya Yaqublu. Foto: Nigar H\u0259zi\"},{\"@type\":\"BreadcrumbList\",\"@id\":\"https:\\\/\\\/www.meydan.tv\\\/az\\\/article\\\/alya-yaqublu-toplum-tv-isi-ile-bagli-sahid-qisminde-dindirilib\\\/#breadcrumb\",\"itemListElement\":[{\"@type\":\"ListItem\",\"position\":1,\"name\":\"Ana s\u0259hif\u0259\",\"item\":\"https:\\\/\\\/www.meydan.tv\\\/az\\\/\"},{\"@type\":\"ListItem\",\"position\":2,\"name\":\"Siyas\u0259t\",\"item\":\"https:\\\/\\\/www.meydan.tv\\\/az\\\/section\\\/siyaset\\\/\"},{\"@type\":\"ListItem\",\"position\":3,\"name\":\"Alya Yaqublu \u201cToplum TV&#8221; i\u015fi il\u0259 ba\u011fl\u0131 \u015fahid qismind\u0259 dindirilib\"}]},{\"@type\":\"WebSite\",\"@id\":\"https:\\\/\\\/www.meydan.tv\\\/az\\\/#website\",\"url\":\"https:\\\/\\\/www.meydan.tv\\\/az\\\/\",\"name\":\"MEYDAN.TV\",\"description\":\"Meydan TV Az\u0259rbaycan\u0131n media m\u0259kan\u0131ndak\u0131 alternativ s\u0259sidir\",\"publisher\":{\"@id\":\"https:\\\/\\\/www.meydan.tv\\\/az\\\/#organization\"},\"potentialAction\":[{\"@type\":\"SearchAction\",\"target\":{\"@type\":\"EntryPoint\",\"urlTemplate\":\"https:\\\/\\\/www.meydan.tv\\\/az\\\/?s={search_term_string}\"},\"query-input\":{\"@type\":\"PropertyValueSpecification\",\"valueRequired\":true,\"valueName\":\"search_term_string\"}}],\"inLanguage\":\"az\"},{\"@type\":\"Organization\",\"@id\":\"https:\\\/\\\/www.meydan.tv\\\/az\\\/#organization\",\"name\":\"Meydan TV\",\"url\":\"https:\\\/\\\/www.meydan.tv\\\/az\\\/\",\"logo\":{\"@type\":\"ImageObject\",\"inLanguage\":\"az\",\"@id\":\"https:\\\/\\\/www.meydan.tv\\\/az\\\/#\\\/schema\\\/logo\\\/image\\\/\",\"url\":\"https:\\\/\\\/www.meydan.tv\\\/wp-content\\\/uploads\\\/2021\\\/07\\\/meydan-logo.svg\",\"contentUrl\":\"https:\\\/\\\/www.meydan.tv\\\/wp-content\\\/uploads\\\/2021\\\/07\\\/meydan-logo.svg\",\"width\":195,\"height\":46,\"caption\":\"Meydan TV\"},\"image\":{\"@id\":\"https:\\\/\\\/www.meydan.tv\\\/az\\\/#\\\/schema\\\/logo\\\/image\\\/\"}},{\"@type\":\"Person\",\"@id\":\"https:\\\/\\\/www.meydan.tv\\\/az\\\/#\\\/schema\\\/person\\\/9cdbecf90d17180ce1dfbd95b08dcf47\",\"name\":\"elli\",\"sameAs\":[\"https:\\\/\\\/x.com\\\/elli\"]}]}<\/script>\n<!-- \/ Yoast SEO plugin. -->","yoast_head_json":{"title":"Alya Yaqublu \u201cToplum TV\" i\u015fi il\u0259 ba\u011fl\u0131 \u015fahid qismind\u0259 dindirilib - MEYDAN.TV","robots":{"index":"index","follow":"follow","max-snippet":"max-snippet:-1","max-image-preview":"max-image-preview:large","max-video-preview":"max-video-preview:-1"},"canonical":"https:\/\/www.meydan.tv\/az\/article\/alya-yaqublu-toplum-tv-isi-ile-bagli-sahid-qisminde-dindirilib\/","og_locale":"az_AZ","og_type":"article","og_title":"Alya Yaqublu \u201cToplum TV\" i\u015fi il\u0259 ba\u011fl\u0131 \u015fahid qismind\u0259 dindirilib - MEYDAN.TV","og_url":"https:\/\/www.meydan.tv\/az\/article\/alya-yaqublu-toplum-tv-isi-ile-bagli-sahid-qisminde-dindirilib\/","og_site_name":"MEYDAN.TV","article_published_time":"2024-06-06T12:27:03+00:00","article_modified_time":"2024-06-07T14:58:57+00:00","og_image":[{"width":1200,"height":831,"url":"https:\/\/www.meydan.tv\/wp-content\/uploads\/447560558_2343882655810320_2033558841241039541_n.jpg","type":"image\/jpeg"}],"author":"elli","twitter_card":"summary_large_image","twitter_creator":"@elli","schema":{"@context":"https:\/\/schema.org","@graph":[{"@type":"Article","@id":"https:\/\/www.meydan.tv\/az\/article\/alya-yaqublu-toplum-tv-isi-ile-bagli-sahid-qisminde-dindirilib\/#article","isPartOf":{"@id":"https:\/\/www.meydan.tv\/az\/article\/alya-yaqublu-toplum-tv-isi-ile-bagli-sahid-qisminde-dindirilib\/"},"author":{"name":"elli","@id":"https:\/\/www.meydan.tv\/az\/#\/schema\/person\/9cdbecf90d17180ce1dfbd95b08dcf47"},"headline":"Alya Yaqublu \u201cToplum TV&#8221; i\u015fi il\u0259 ba\u011fl\u0131 \u015fahid qismind\u0259 dindirilib","datePublished":"2024-06-06T12:27:03+00:00","dateModified":"2024-06-07T14:58:57+00:00","mainEntityOfPage":{"@id":"https:\/\/www.meydan.tv\/az\/article\/alya-yaqublu-toplum-tv-isi-ile-bagli-sahid-qisminde-dindirilib\/"},"wordCount":469,"publisher":{"@id":"https:\/\/www.meydan.tv\/az\/#organization"},"image":{"@id":"https:\/\/www.meydan.tv\/az\/article\/alya-yaqublu-toplum-tv-isi-ile-bagli-sahid-qisminde-dindirilib\/#primaryimage"},"thumbnailUrl":"https:\/\/www.meydan.tv\/wp-content\/uploads\/447560558_2343882655810320_2033558841241039541_n.jpg","articleSection":["Siyas\u0259t","Video","X\u0259b\u0259rl\u0259r"],"inLanguage":"az"},{"@type":"WebPage","@id":"https:\/\/www.meydan.tv\/az\/article\/alya-yaqublu-toplum-tv-isi-ile-bagli-sahid-qisminde-dindirilib\/","url":"https:\/\/www.meydan.tv\/az\/article\/alya-yaqublu-toplum-tv-isi-ile-bagli-sahid-qisminde-dindirilib\/","name":"Alya Yaqublu \u201cToplum TV\" i\u015fi il\u0259 ba\u011fl\u0131 \u015fahid qismind\u0259 dindirilib - MEYDAN.TV","isPartOf":{"@id":"https:\/\/www.meydan.tv\/az\/#website"},"primaryImageOfPage":{"@id":"https:\/\/www.meydan.tv\/az\/article\/alya-yaqublu-toplum-tv-isi-ile-bagli-sahid-qisminde-dindirilib\/#primaryimage"},"image":{"@id":"https:\/\/www.meydan.tv\/az\/article\/alya-yaqublu-toplum-tv-isi-ile-bagli-sahid-qisminde-dindirilib\/#primaryimage"},"thumbnailUrl":"https:\/\/www.meydan.tv\/wp-content\/uploads\/447560558_2343882655810320_2033558841241039541_n.jpg","datePublished":"2024-06-06T12:27:03+00:00","dateModified":"2024-06-07T14:58:57+00:00","breadcrumb":{"@id":"https:\/\/www.meydan.tv\/az\/article\/alya-yaqublu-toplum-tv-isi-ile-bagli-sahid-qisminde-dindirilib\/#breadcrumb"},"inLanguage":"az","potentialAction":[{"@type":"ReadAction","target":["https:\/\/www.meydan.tv\/az\/article\/alya-yaqublu-toplum-tv-isi-ile-bagli-sahid-qisminde-dindirilib\/"]}]},{"@type":"ImageObject","inLanguage":"az","@id":"https:\/\/www.meydan.tv\/az\/article\/alya-yaqublu-toplum-tv-isi-ile-bagli-sahid-qisminde-dindirilib\/#primaryimage","url":"https:\/\/www.meydan.tv\/wp-content\/uploads\/447560558_2343882655810320_2033558841241039541_n.jpg","contentUrl":"https:\/\/www.meydan.tv\/wp-content\/uploads\/447560558_2343882655810320_2033558841241039541_n.jpg","width":1200,"height":831,"caption":"Alya Yaqublu. Foto: Nigar H\u0259zi"},{"@type":"BreadcrumbList","@id":"https:\/\/www.meydan.tv\/az\/article\/alya-yaqublu-toplum-tv-isi-ile-bagli-sahid-qisminde-dindirilib\/#breadcrumb","itemListElement":[{"@type":"ListItem","position":1,"name":"Ana s\u0259hif\u0259","item":"https:\/\/www.meydan.tv\/az\/"},{"@type":"ListItem","position":2,"name":"Siyas\u0259t","item":"https:\/\/www.meydan.tv\/az\/section\/siyaset\/"},{"@type":"ListItem","position":3,"name":"Alya Yaqublu \u201cToplum TV&#8221; i\u015fi il\u0259 ba\u011fl\u0131 \u015fahid qismind\u0259 dindirilib"}]},{"@type":"WebSite","@id":"https:\/\/www.meydan.tv\/az\/#website","url":"https:\/\/www.meydan.tv\/az\/","name":"MEYDAN.TV","description":"Meydan TV Az\u0259rbaycan\u0131n media m\u0259kan\u0131ndak\u0131 alternativ s\u0259sidir","publisher":{"@id":"https:\/\/www.meydan.tv\/az\/#organization"},"potentialAction":[{"@type":"SearchAction","target":{"@type":"EntryPoint","urlTemplate":"https:\/\/www.meydan.tv\/az\/?s={search_term_string}"},"query-input":{"@type":"PropertyValueSpecification","valueRequired":true,"valueName":"search_term_string"}}],"inLanguage":"az"},{"@type":"Organization","@id":"https:\/\/www.meydan.tv\/az\/#organization","name":"Meydan TV","url":"https:\/\/www.meydan.tv\/az\/","logo":{"@type":"ImageObject","inLanguage":"az","@id":"https:\/\/www.meydan.tv\/az\/#\/schema\/logo\/image\/","url":"https:\/\/www.meydan.tv\/wp-content\/uploads\/2021\/07\/meydan-logo.svg","contentUrl":"https:\/\/www.meydan.tv\/wp-content\/uploads\/2021\/07\/meydan-logo.svg","width":195,"height":46,"caption":"Meydan TV"},"image":{"@id":"https:\/\/www.meydan.tv\/az\/#\/schema\/logo\/image\/"}},{"@type":"Person","@id":"https:\/\/www.meydan.tv\/az\/#\/schema\/person\/9cdbecf90d17180ce1dfbd95b08dcf47","name":"elli","sameAs":["https:\/\/x.com\/elli"]}]}},"_links":{"self":[{"href":"https:\/\/www.meydan.tv\/az\/wp-json\/wp\/v2\/posts\/307597","targetHints":{"allow":["GET"]}}],"collection":[{"href":"https:\/\/www.meydan.tv\/az\/wp-json\/wp\/v2\/posts"}],"about":[{"href":"https:\/\/www.meydan.tv\/az\/wp-json\/wp\/v2\/types\/post"}],"author":[{"embeddable":true,"href":"https:\/\/www.meydan.tv\/az\/wp-json\/wp\/v2\/users\/8"}],"replies":[{"embeddable":true,"href":"https:\/\/www.meydan.tv\/az\/wp-json\/wp\/v2\/comments?post=307597"}],"version-history":[{"count":4,"href":"https:\/\/www.meydan.tv\/az\/wp-json\/wp\/v2\/posts\/307597\/revisions"}],"predecessor-version":[{"id":307689,"href":"https:\/\/www.meydan.tv\/az\/wp-json\/wp\/v2\/posts\/307597\/revisions\/307689"}],"wp:featuredmedia":[{"embeddable":true,"href":"https:\/\/www.meydan.tv\/az\/wp-json\/wp\/v2\/media\/307598"}],"wp:attachment":[{"href":"https:\/\/www.meydan.tv\/az\/wp-json\/wp\/v2\/media?parent=307597"}],"wp:term":[{"taxonomy":"category","embeddable":true,"href":"https:\/\/www.meydan.tv\/az\/wp-json\/wp\/v2\/categories?post=307597"},{"taxonomy":"post_tag","embeddable":true,"href":"https:\/\/www.meydan.tv\/az\/wp-json\/wp\/v2\/tags?post=307597"}],"curies":[{"name":"wp","href":"https:\/\/api.w.org\/{rel}","templated":true}]}}