{"id":307542,"date":"2024-06-06T13:14:48","date_gmt":"2024-06-06T09:14:48","guid":{"rendered":"https:\/\/www.meydan.tv\/?p=307542"},"modified":"2024-06-06T13:14:50","modified_gmt":"2024-06-06T09:14:50","slug":"nazir-bdu-nun-beynelxalq-reytinqde-irelilediyini-muellim-ise-gerilediyini-deyir","status":"publish","type":"post","link":"https:\/\/www.meydan.tv\/az\/article\/nazir-bdu-nun-beynelxalq-reytinqde-irelilediyini-muellim-ise-gerilediyini-deyir\/","title":{"rendered":"Nazir BDU-nun beyn\u0259lxalq reytinqd\u0259 ir\u0259lil\u0259diyini, m\u00fc\u0259llim is\u0259 geril\u0259diyini deyir"},"content":{"rendered":"\n<p><\/p>\n\n\n\n<p><strong><em>Araz \u018fliyev: &#8220;H\u0259r qaba\u011f\u0131n\u0131za qoyulana inanmay\u0131n&#8221;<\/em><\/strong><\/p>\n\n\n\n<p>\u201cQS Quacquarelli Symonds\u201d ali t\u0259hsil sah\u0259si \u00fczr\u0259 beyn\u0259lxalq analitik agentliyi d\u00fcnyan\u0131n \u0259n yax\u015f\u0131 universitetl\u0259rinin reytinqini a\u00e7\u0131qlay\u0131b.<\/p>\n\n\n\n<p>Reytinqd\u0259 Az\u0259rbaycan\u0131n 3 universiteti t\u0259msil olunub v\u0259 \u00f6t\u0259n ill\u0259 m\u00fcqayis\u0259d\u0259 h\u0259r \u00fc\u00e7 universitetd\u0259 ir\u0259lil\u0259yi\u015f m\u00fc\u015fahid\u0259 olundu\u011fu m\u0259lum olub.<\/p>\n\n\n\n<p>\u00d6lk\u0259 \u00fczr\u0259 \u0259n y\u00fcks\u0259k n\u0259tic\u0259 \u0259ld\u0259 ed\u0259n Bak\u0131 D\u00f6vl\u0259t Universiteti d\u00fcnyan\u0131n 951-1000 \u0259n yax\u015f\u0131 universiteti siyah\u0131s\u0131na daxil edilib.<\/p>\n\n\n\n<p>Az\u0259rbaycan universitetl\u0259ri aras\u0131nda son 5 ild\u0259 ilk d\u0259f\u0259 olaraq Bak\u0131 D\u00f6vl\u0259t Universiteti m\u00fcvafiq reytinqd\u0259 yenid\u0259n ilk 1000-likd\u0259 t\u0259msil olunur.<\/p>\n\n\n\n<p>Reytinqd\u0259 1001-1200 interval\u0131nda yer alan Az\u0259rbaycan D\u00f6vl\u0259t Neft v\u0259 S\u0259naye Universitetinin m\u00f6vqeyi \u00f6t\u0259nilki n\u0259tic\u0259l\u0259rl\u0259 m\u00fcqayis\u0259d\u0259 xeyli yax\u015f\u0131la\u015f\u0131b v\u0259 1201-1400 interval\u0131ndan 1001-1200-\u0259 y\u00fcks\u0259lib.<\/p>\n\n\n\n<p>Reytinqd\u0259 1001-1200 interval\u0131nda Az\u0259rbaycan D\u00f6vl\u0259t \u0130qtisad Universiteti d\u0259 yer al\u0131b.<\/p>\n\n\n\n<p>\u201cQS World University Rankings\u201dd\u0259 n\u0259z\u0259r\u0259 al\u0131nan 9 g\u00f6st\u0259ricid\u0259n 4-\u00fc \u00fczr\u0259 Bak\u0131 D\u00f6vl\u0259t Universiteti (\u201cFak\u00fclt\u0259-t\u0259l\u0259b\u0259 nisb\u0259ti\u201d, \u201cAkademik kadrlar\u0131n say\u0131\u201d, \u201cBeyn\u0259lxalq T\u0259dqiqatlar \u0130ndeksi\u201d v\u0259 \u201cM\u0259\u015f\u011fulluq n\u0259tic\u0259l\u0259ri\u201d), D\u00f6vl\u0259t \u0130qtisad Universiteti &#8211; 4 universitetl\u0259rin h\u0259r biri (\u201cAkademik reputasiya\u201d, \u201c\u0130\u015f\u0259g\u00f6t\u00fcr\u0259nl\u0259r aras\u0131nda n\u00fcfuz\u201d, \u201c\u018fcn\u0259bi t\u0259l\u0259b\u0259l\u0259rin pay\u0131\u201d v\u0259 \u201cDayan\u0131ql\u0131 inki\u015faf\u201d) v\u0259 Az\u0259rbaycan D\u00f6vl\u0259t Neft v\u0259 S\u0259naye Universiteti (xarici m\u00fc\u0259lliml\u0259rin pay\u0131) \u00f6lk\u0259d\u0259 birinci yerd\u0259dir.<\/p>\n\n\n\n<p>\u201cM\u0259\u015f\u011fulluq n\u0259tic\u0259l\u0259ri\u201d g\u00f6st\u0259ricisin\u0259 g\u00f6r\u0259, h\u0259r 3 universitet ilk 500-l\u00fckd\u0259 t\u0259msil olunur.<\/p>\n\n\n<div class=\"wp-block-image\">\n<figure class=\"alignright size-full is-resized\"><img decoding=\"async\" width=\"890\" height=\"554\" data-src=\"https:\/\/www.meydan.tv\/wp-content\/uploads\/brifinq-e1640088487372.jpg\" alt=\"\" class=\"wp-image-229880 lazyload\" style=\"--smush-placeholder-width: 890px; --smush-placeholder-aspect-ratio: 890\/554;width:410px;height:auto\" src=\"data:image\/svg+xml;base64,PHN2ZyB3aWR0aD0iMSIgaGVpZ2h0PSIxIiB4bWxucz0iaHR0cDovL3d3dy53My5vcmcvMjAwMC9zdmciPjwvc3ZnPg==\" \/><figcaption class=\"wp-element-caption\">Emin \u018fmrullayev, Foto: Az\u0259rtac<\/figcaption><\/figure>\n<\/div>\n\n\n<p>Elm v\u0259 t\u0259hsil naziri Emin \u018fmrullayev sosial media hesab\u0131nda universitetl\u0259rin reytinqd\u0259 ir\u0259lil\u0259m\u0259sind\u0259n yaz\u0131b. Bunu m\u00fcsb\u0259t hal kimi <a href=\"https:\/\/www.facebook.com\/AmrullayevEmin\/posts\/1505664913408379?ref=embed_post\">d\u0259y\u0259rl\u0259ndirib.<\/a><\/p>\n\n\n\n<p>\u201c<em>Bak\u0131 D\u00f6vl\u0259t Universiteti \u201cQS Quacquarelli Symonds\u201d d\u00fcnyan\u0131n \u0259n yax\u015f\u0131 universitetl\u0259rinin reytinqind\u0259 top-1000-d\u0259 yer al\u0131b. Az\u0259rbaycan D\u00f6vl\u0259t \u0130qtisad Universiteti v\u0259 Az\u0259rbaycan D\u00f6vl\u0259t Neft v\u0259 S\u0259naye Universiteti is\u0259 reytinqin 1001-1200 diapazonunda q\u0259rarla\u015f\u0131b. Ali t\u0259hsil m\u00fc\u0259ssis\u0259l\u0259rimizin reytinq g\u00f6st\u0259ricil\u0259rind\u0259 ir\u0259lil\u0259yi\u015fin olmas\u0131 sevindirici hald\u0131r. H\u0259r \u00fc\u00e7 universitetin, x\u00fcsusil\u0259 m\u00fcvafiq reytinq \u00fczr\u0259 son 5 ild\u0259 ilk d\u0259f\u0259 top-1000-d\u0259 yenid\u0259n t\u0259msil olunmas\u0131 m\u00fcnasib\u0259til\u0259 Bak\u0131 D\u00f6vl\u0259t Universitetinin akademik hey\u0259tini \u00fcr\u0259kd\u0259n t\u0259brik edir\u0259m\u201d,<\/em> &#8211; nazir qeyd edib.<\/p>\n\n\n\n<p>Bak\u0131 D\u00f6vl\u0259t Universitetinin m\u00fc\u0259llimi, III Respublika Platformas\u0131n\u0131n Qurucu Hey\u0259tinin \u00fczv\u00fc Araz \u018fliyev deyir ki, \u0259slind\u0259, BDU bundan \u00f6nc\u0259ki ill\u0259rl\u0259 m\u00fcqayis\u0259d\u0259 \u201cQS Quacquarelli Symonds\u201d agentliyinin reytinq c\u0259dv\u0259lind\u0259 xeyli <a href=\"https:\/\/www.facebook.com\/fonkurin\/posts\/7136718953096991?ref=embed_post\">geril\u0259yib.<\/a><\/p>\n\n\n\n<p>\u0130ctimaiyy\u0259t\u0259 is\u0259 \u0259ksi t\u0259qdim olunur, universitetl\u0259rin reytinq c\u0259dv\u0259lind\u0259 ir\u0259lil\u0259diyi bildirilir:<\/p>\n\n\n<div class=\"wp-block-image\">\n<figure class=\"alignleft size-full is-resized\"><img decoding=\"async\" width=\"1200\" height=\"800\" data-src=\"https:\/\/www.meydan.tv\/wp-content\/uploads\/untitled-design-213.jpg\" alt=\"\" class=\"wp-image-288325 lazyload\" style=\"--smush-placeholder-width: 1200px; --smush-placeholder-aspect-ratio: 1200\/800;width:385px;height:auto\" src=\"data:image\/svg+xml;base64,PHN2ZyB3aWR0aD0iMSIgaGVpZ2h0PSIxIiB4bWxucz0iaHR0cDovL3d3dy53My5vcmcvMjAwMC9zdmciPjwvc3ZnPg==\" \/><figcaption class=\"wp-element-caption\">Foto: Araz \u018fliyevin \u015f\u0259xsi arxivind\u0259n<\/figcaption><\/figure>\n<\/div>\n\n\n<p>\u201c<em>Ke\u00e7mi\u015f reytinq c\u0259dv\u0259ll\u0259rin\u0259 bir-bir n\u0259z\u0259r sald\u0131m. Dem\u0259li, 2016-2017-ci ill\u0259rd\u0259 BDU bu \u015firk\u0259tin reytinq c\u0259dv\u0259lind\u0259 701+ yer tutub, 2019-2020-ci ill\u0259rd\u0259 is\u0259 bu g\u00f6st\u0259rici 801+ olub. Bir q\u0259d\u0259r geril\u0259m\u0259 olsa da, h\u0259l\u0259 d\u0259 ilk 1000 universitet aras\u0131nda yer al\u0131b. Sonrak\u0131 ill\u0259rd\u0259 (2021, 2022, 2023) is\u0259 g\u00f6st\u0259ricil\u0259r daha da d\u00fc\u015f\u00fcb, reytinql\u0259rd\u0259 BDU-nun yeri 1000-1200 aras\u0131 olaraq qeyd olunub\u201d.<\/em><\/p>\n\n\n\n<p>\u201c<em>Bu m\u0259qamda sual yaran\u0131r: BDU onsuz da 5-6 il \u0259vv\u0259l ilk 1000 universitet, h\u0259tta ilk 700-800 aras\u0131nda aras\u0131nda idi, n\u0259 oldu ki, 500 pill\u0259 geril\u0259di? Buna n\u0259 v\u0259 ya kim s\u0259b\u0259b oldu? A\u00e7\u0131qlama varm\u0131? \u018fn az\u0131ndan m\u0259n rast g\u0259lm\u0259mi\u015f\u0259m. H\u0259r qaba\u011f\u0131n\u0131za qoyulana inanmay\u0131n\u201d<\/em>, &#8211; Araz \u018fliyev qeyd edib.<\/p>\n","protected":false},"excerpt":{"rendered":"<p>Araz \u018fliyev: &#8220;H\u0259r qaba\u011f\u0131n\u0131za qoyulana inanmay\u0131n&#8221; \u201cQS Quacquarelli Symonds\u201d ali &#8230; <\/p>\n<p class=\"read-more-container\"><a title=\"Nazir BDU-nun beyn\u0259lxalq reytinqd\u0259 ir\u0259lil\u0259diyini, m\u00fc\u0259llim is\u0259 geril\u0259diyini deyir\" class=\"read-more button\" href=\"https:\/\/www.meydan.tv\/az\/article\/nazir-bdu-nun-beynelxalq-reytinqde-irelilediyini-muellim-ise-gerilediyini-deyir\/#more-307542\" aria-label=\"Read more about Nazir BDU-nun beyn\u0259lxalq reytinqd\u0259 ir\u0259lil\u0259diyini, m\u00fc\u0259llim is\u0259 geril\u0259diyini deyir\">Davam\u0131<\/a><\/p>\n","protected":false},"author":8,"featured_media":135064,"comment_status":"closed","ping_status":"closed","sticky":false,"template":"","format":"standard","meta":{"_acf_changed":false,"_sitemap_exclude":false,"_sitemap_priority":"","_sitemap_frequency":"","footnotes":""},"categories":[62,56],"tags":[],"class_list":["post-307542","post","type-post","status-publish","format-standard","has-post-thumbnail","hentry","category-sosial","category-xeberler","infinite-scroll-item","generate-columns","tablet-grid-50","mobile-grid-100","grid-parent","grid-33","no-featured-image-padding"],"acf":[],"yoast_head":"<!-- This site is optimized with the Yoast SEO plugin v27.5 - https:\/\/yoast.com\/product\/yoast-seo-wordpress\/ -->\n<title>Nazir BDU-nun beyn\u0259lxalq reytinqd\u0259 ir\u0259lil\u0259diyini, m\u00fc\u0259llim is\u0259 geril\u0259diyini deyir - MEYDAN.TV<\/title>\n<meta name=\"robots\" content=\"index, follow, max-snippet:-1, max-image-preview:large, max-video-preview:-1\" \/>\n<link rel=\"canonical\" href=\"https:\/\/www.meydan.tv\/az\/article\/nazir-bdu-nun-beynelxalq-reytinqde-irelilediyini-muellim-ise-gerilediyini-deyir\/\" \/>\n<meta property=\"og:locale\" content=\"az_AZ\" \/>\n<meta property=\"og:type\" content=\"article\" \/>\n<meta property=\"og:title\" content=\"Nazir BDU-nun beyn\u0259lxalq reytinqd\u0259 ir\u0259lil\u0259diyini, m\u00fc\u0259llim is\u0259 geril\u0259diyini deyir - MEYDAN.TV\" \/>\n<meta property=\"og:description\" content=\"Araz \u018fliyev: &#8220;H\u0259r qaba\u011f\u0131n\u0131za qoyulana inanmay\u0131n&#8221; \u201cQS Quacquarelli Symonds\u201d ali ... Davam\u0131\" \/>\n<meta property=\"og:url\" content=\"https:\/\/www.meydan.tv\/az\/article\/nazir-bdu-nun-beynelxalq-reytinqde-irelilediyini-muellim-ise-gerilediyini-deyir\/\" \/>\n<meta property=\"og:site_name\" content=\"MEYDAN.TV\" \/>\n<meta property=\"article:published_time\" content=\"2024-06-06T09:14:48+00:00\" \/>\n<meta property=\"article:modified_time\" content=\"2024-06-06T09:14:50+00:00\" \/>\n<meta property=\"og:image\" content=\"https:\/\/www.meydan.tv\/wp-content\/uploads\/828607.jpg\" \/>\n\t<meta property=\"og:image:width\" content=\"1600\" \/>\n\t<meta property=\"og:image:height\" content=\"1068\" \/>\n\t<meta property=\"og:image:type\" content=\"image\/jpeg\" \/>\n<meta name=\"author\" content=\"elli\" \/>\n<meta name=\"twitter:card\" content=\"summary_large_image\" \/>\n<meta name=\"twitter:creator\" content=\"@elli\" \/>\n<script type=\"application\/ld+json\" class=\"yoast-schema-graph\">{\"@context\":\"https:\\\/\\\/schema.org\",\"@graph\":[{\"@type\":\"Article\",\"@id\":\"https:\\\/\\\/www.meydan.tv\\\/az\\\/article\\\/nazir-bdu-nun-beynelxalq-reytinqde-irelilediyini-muellim-ise-gerilediyini-deyir\\\/#article\",\"isPartOf\":{\"@id\":\"https:\\\/\\\/www.meydan.tv\\\/az\\\/article\\\/nazir-bdu-nun-beynelxalq-reytinqde-irelilediyini-muellim-ise-gerilediyini-deyir\\\/\"},\"author\":{\"name\":\"elli\",\"@id\":\"https:\\\/\\\/www.meydan.tv\\\/az\\\/#\\\/schema\\\/person\\\/9cdbecf90d17180ce1dfbd95b08dcf47\"},\"headline\":\"Nazir BDU-nun beyn\u0259lxalq reytinqd\u0259 ir\u0259lil\u0259diyini, m\u00fc\u0259llim is\u0259 geril\u0259diyini deyir\",\"datePublished\":\"2024-06-06T09:14:48+00:00\",\"dateModified\":\"2024-06-06T09:14:50+00:00\",\"mainEntityOfPage\":{\"@id\":\"https:\\\/\\\/www.meydan.tv\\\/az\\\/article\\\/nazir-bdu-nun-beynelxalq-reytinqde-irelilediyini-muellim-ise-gerilediyini-deyir\\\/\"},\"wordCount\":658,\"publisher\":{\"@id\":\"https:\\\/\\\/www.meydan.tv\\\/az\\\/#organization\"},\"image\":{\"@id\":\"https:\\\/\\\/www.meydan.tv\\\/az\\\/article\\\/nazir-bdu-nun-beynelxalq-reytinqde-irelilediyini-muellim-ise-gerilediyini-deyir\\\/#primaryimage\"},\"thumbnailUrl\":\"https:\\\/\\\/www.meydan.tv\\\/wp-content\\\/uploads\\\/828607.jpg\",\"articleSection\":[\"Sosial\",\"X\u0259b\u0259rl\u0259r\"],\"inLanguage\":\"az\"},{\"@type\":\"WebPage\",\"@id\":\"https:\\\/\\\/www.meydan.tv\\\/az\\\/article\\\/nazir-bdu-nun-beynelxalq-reytinqde-irelilediyini-muellim-ise-gerilediyini-deyir\\\/\",\"url\":\"https:\\\/\\\/www.meydan.tv\\\/az\\\/article\\\/nazir-bdu-nun-beynelxalq-reytinqde-irelilediyini-muellim-ise-gerilediyini-deyir\\\/\",\"name\":\"Nazir BDU-nun beyn\u0259lxalq reytinqd\u0259 ir\u0259lil\u0259diyini, m\u00fc\u0259llim is\u0259 geril\u0259diyini deyir - MEYDAN.TV\",\"isPartOf\":{\"@id\":\"https:\\\/\\\/www.meydan.tv\\\/az\\\/#website\"},\"primaryImageOfPage\":{\"@id\":\"https:\\\/\\\/www.meydan.tv\\\/az\\\/article\\\/nazir-bdu-nun-beynelxalq-reytinqde-irelilediyini-muellim-ise-gerilediyini-deyir\\\/#primaryimage\"},\"image\":{\"@id\":\"https:\\\/\\\/www.meydan.tv\\\/az\\\/article\\\/nazir-bdu-nun-beynelxalq-reytinqde-irelilediyini-muellim-ise-gerilediyini-deyir\\\/#primaryimage\"},\"thumbnailUrl\":\"https:\\\/\\\/www.meydan.tv\\\/wp-content\\\/uploads\\\/828607.jpg\",\"datePublished\":\"2024-06-06T09:14:48+00:00\",\"dateModified\":\"2024-06-06T09:14:50+00:00\",\"breadcrumb\":{\"@id\":\"https:\\\/\\\/www.meydan.tv\\\/az\\\/article\\\/nazir-bdu-nun-beynelxalq-reytinqde-irelilediyini-muellim-ise-gerilediyini-deyir\\\/#breadcrumb\"},\"inLanguage\":\"az\",\"potentialAction\":[{\"@type\":\"ReadAction\",\"target\":[\"https:\\\/\\\/www.meydan.tv\\\/az\\\/article\\\/nazir-bdu-nun-beynelxalq-reytinqde-irelilediyini-muellim-ise-gerilediyini-deyir\\\/\"]}]},{\"@type\":\"ImageObject\",\"inLanguage\":\"az\",\"@id\":\"https:\\\/\\\/www.meydan.tv\\\/az\\\/article\\\/nazir-bdu-nun-beynelxalq-reytinqde-irelilediyini-muellim-ise-gerilediyini-deyir\\\/#primaryimage\",\"url\":\"https:\\\/\\\/www.meydan.tv\\\/wp-content\\\/uploads\\\/828607.jpg\",\"contentUrl\":\"https:\\\/\\\/www.meydan.tv\\\/wp-content\\\/uploads\\\/828607.jpg\",\"width\":1600,\"height\":1068,\"caption\":\"Foto:: Meydan TV\"},{\"@type\":\"BreadcrumbList\",\"@id\":\"https:\\\/\\\/www.meydan.tv\\\/az\\\/article\\\/nazir-bdu-nun-beynelxalq-reytinqde-irelilediyini-muellim-ise-gerilediyini-deyir\\\/#breadcrumb\",\"itemListElement\":[{\"@type\":\"ListItem\",\"position\":1,\"name\":\"Ana s\u0259hif\u0259\",\"item\":\"https:\\\/\\\/www.meydan.tv\\\/az\\\/\"},{\"@type\":\"ListItem\",\"position\":2,\"name\":\"Sosial\",\"item\":\"https:\\\/\\\/www.meydan.tv\\\/az\\\/section\\\/sosial\\\/\"},{\"@type\":\"ListItem\",\"position\":3,\"name\":\"Nazir BDU-nun beyn\u0259lxalq reytinqd\u0259 ir\u0259lil\u0259diyini, m\u00fc\u0259llim is\u0259 geril\u0259diyini deyir\"}]},{\"@type\":\"WebSite\",\"@id\":\"https:\\\/\\\/www.meydan.tv\\\/az\\\/#website\",\"url\":\"https:\\\/\\\/www.meydan.tv\\\/az\\\/\",\"name\":\"MEYDAN.TV\",\"description\":\"Meydan TV Az\u0259rbaycan\u0131n media m\u0259kan\u0131ndak\u0131 alternativ s\u0259sidir\",\"publisher\":{\"@id\":\"https:\\\/\\\/www.meydan.tv\\\/az\\\/#organization\"},\"potentialAction\":[{\"@type\":\"SearchAction\",\"target\":{\"@type\":\"EntryPoint\",\"urlTemplate\":\"https:\\\/\\\/www.meydan.tv\\\/az\\\/?s={search_term_string}\"},\"query-input\":{\"@type\":\"PropertyValueSpecification\",\"valueRequired\":true,\"valueName\":\"search_term_string\"}}],\"inLanguage\":\"az\"},{\"@type\":\"Organization\",\"@id\":\"https:\\\/\\\/www.meydan.tv\\\/az\\\/#organization\",\"name\":\"Meydan TV\",\"url\":\"https:\\\/\\\/www.meydan.tv\\\/az\\\/\",\"logo\":{\"@type\":\"ImageObject\",\"inLanguage\":\"az\",\"@id\":\"https:\\\/\\\/www.meydan.tv\\\/az\\\/#\\\/schema\\\/logo\\\/image\\\/\",\"url\":\"https:\\\/\\\/www.meydan.tv\\\/wp-content\\\/uploads\\\/2021\\\/07\\\/meydan-logo.svg\",\"contentUrl\":\"https:\\\/\\\/www.meydan.tv\\\/wp-content\\\/uploads\\\/2021\\\/07\\\/meydan-logo.svg\",\"width\":195,\"height\":46,\"caption\":\"Meydan TV\"},\"image\":{\"@id\":\"https:\\\/\\\/www.meydan.tv\\\/az\\\/#\\\/schema\\\/logo\\\/image\\\/\"}},{\"@type\":\"Person\",\"@id\":\"https:\\\/\\\/www.meydan.tv\\\/az\\\/#\\\/schema\\\/person\\\/9cdbecf90d17180ce1dfbd95b08dcf47\",\"name\":\"elli\",\"sameAs\":[\"https:\\\/\\\/x.com\\\/elli\"]}]}<\/script>\n<!-- \/ Yoast SEO plugin. -->","yoast_head_json":{"title":"Nazir BDU-nun beyn\u0259lxalq reytinqd\u0259 ir\u0259lil\u0259diyini, m\u00fc\u0259llim is\u0259 geril\u0259diyini deyir - MEYDAN.TV","robots":{"index":"index","follow":"follow","max-snippet":"max-snippet:-1","max-image-preview":"max-image-preview:large","max-video-preview":"max-video-preview:-1"},"canonical":"https:\/\/www.meydan.tv\/az\/article\/nazir-bdu-nun-beynelxalq-reytinqde-irelilediyini-muellim-ise-gerilediyini-deyir\/","og_locale":"az_AZ","og_type":"article","og_title":"Nazir BDU-nun beyn\u0259lxalq reytinqd\u0259 ir\u0259lil\u0259diyini, m\u00fc\u0259llim is\u0259 geril\u0259diyini deyir - MEYDAN.TV","og_description":"Araz \u018fliyev: &#8220;H\u0259r qaba\u011f\u0131n\u0131za qoyulana inanmay\u0131n&#8221; \u201cQS Quacquarelli Symonds\u201d ali ... Davam\u0131","og_url":"https:\/\/www.meydan.tv\/az\/article\/nazir-bdu-nun-beynelxalq-reytinqde-irelilediyini-muellim-ise-gerilediyini-deyir\/","og_site_name":"MEYDAN.TV","article_published_time":"2024-06-06T09:14:48+00:00","article_modified_time":"2024-06-06T09:14:50+00:00","og_image":[{"width":1600,"height":1068,"url":"https:\/\/www.meydan.tv\/wp-content\/uploads\/828607.jpg","type":"image\/jpeg"}],"author":"elli","twitter_card":"summary_large_image","twitter_creator":"@elli","schema":{"@context":"https:\/\/schema.org","@graph":[{"@type":"Article","@id":"https:\/\/www.meydan.tv\/az\/article\/nazir-bdu-nun-beynelxalq-reytinqde-irelilediyini-muellim-ise-gerilediyini-deyir\/#article","isPartOf":{"@id":"https:\/\/www.meydan.tv\/az\/article\/nazir-bdu-nun-beynelxalq-reytinqde-irelilediyini-muellim-ise-gerilediyini-deyir\/"},"author":{"name":"elli","@id":"https:\/\/www.meydan.tv\/az\/#\/schema\/person\/9cdbecf90d17180ce1dfbd95b08dcf47"},"headline":"Nazir BDU-nun beyn\u0259lxalq reytinqd\u0259 ir\u0259lil\u0259diyini, m\u00fc\u0259llim is\u0259 geril\u0259diyini deyir","datePublished":"2024-06-06T09:14:48+00:00","dateModified":"2024-06-06T09:14:50+00:00","mainEntityOfPage":{"@id":"https:\/\/www.meydan.tv\/az\/article\/nazir-bdu-nun-beynelxalq-reytinqde-irelilediyini-muellim-ise-gerilediyini-deyir\/"},"wordCount":658,"publisher":{"@id":"https:\/\/www.meydan.tv\/az\/#organization"},"image":{"@id":"https:\/\/www.meydan.tv\/az\/article\/nazir-bdu-nun-beynelxalq-reytinqde-irelilediyini-muellim-ise-gerilediyini-deyir\/#primaryimage"},"thumbnailUrl":"https:\/\/www.meydan.tv\/wp-content\/uploads\/828607.jpg","articleSection":["Sosial","X\u0259b\u0259rl\u0259r"],"inLanguage":"az"},{"@type":"WebPage","@id":"https:\/\/www.meydan.tv\/az\/article\/nazir-bdu-nun-beynelxalq-reytinqde-irelilediyini-muellim-ise-gerilediyini-deyir\/","url":"https:\/\/www.meydan.tv\/az\/article\/nazir-bdu-nun-beynelxalq-reytinqde-irelilediyini-muellim-ise-gerilediyini-deyir\/","name":"Nazir BDU-nun beyn\u0259lxalq reytinqd\u0259 ir\u0259lil\u0259diyini, m\u00fc\u0259llim is\u0259 geril\u0259diyini deyir - MEYDAN.TV","isPartOf":{"@id":"https:\/\/www.meydan.tv\/az\/#website"},"primaryImageOfPage":{"@id":"https:\/\/www.meydan.tv\/az\/article\/nazir-bdu-nun-beynelxalq-reytinqde-irelilediyini-muellim-ise-gerilediyini-deyir\/#primaryimage"},"image":{"@id":"https:\/\/www.meydan.tv\/az\/article\/nazir-bdu-nun-beynelxalq-reytinqde-irelilediyini-muellim-ise-gerilediyini-deyir\/#primaryimage"},"thumbnailUrl":"https:\/\/www.meydan.tv\/wp-content\/uploads\/828607.jpg","datePublished":"2024-06-06T09:14:48+00:00","dateModified":"2024-06-06T09:14:50+00:00","breadcrumb":{"@id":"https:\/\/www.meydan.tv\/az\/article\/nazir-bdu-nun-beynelxalq-reytinqde-irelilediyini-muellim-ise-gerilediyini-deyir\/#breadcrumb"},"inLanguage":"az","potentialAction":[{"@type":"ReadAction","target":["https:\/\/www.meydan.tv\/az\/article\/nazir-bdu-nun-beynelxalq-reytinqde-irelilediyini-muellim-ise-gerilediyini-deyir\/"]}]},{"@type":"ImageObject","inLanguage":"az","@id":"https:\/\/www.meydan.tv\/az\/article\/nazir-bdu-nun-beynelxalq-reytinqde-irelilediyini-muellim-ise-gerilediyini-deyir\/#primaryimage","url":"https:\/\/www.meydan.tv\/wp-content\/uploads\/828607.jpg","contentUrl":"https:\/\/www.meydan.tv\/wp-content\/uploads\/828607.jpg","width":1600,"height":1068,"caption":"Foto:: Meydan TV"},{"@type":"BreadcrumbList","@id":"https:\/\/www.meydan.tv\/az\/article\/nazir-bdu-nun-beynelxalq-reytinqde-irelilediyini-muellim-ise-gerilediyini-deyir\/#breadcrumb","itemListElement":[{"@type":"ListItem","position":1,"name":"Ana s\u0259hif\u0259","item":"https:\/\/www.meydan.tv\/az\/"},{"@type":"ListItem","position":2,"name":"Sosial","item":"https:\/\/www.meydan.tv\/az\/section\/sosial\/"},{"@type":"ListItem","position":3,"name":"Nazir BDU-nun beyn\u0259lxalq reytinqd\u0259 ir\u0259lil\u0259diyini, m\u00fc\u0259llim is\u0259 geril\u0259diyini deyir"}]},{"@type":"WebSite","@id":"https:\/\/www.meydan.tv\/az\/#website","url":"https:\/\/www.meydan.tv\/az\/","name":"MEYDAN.TV","description":"Meydan TV Az\u0259rbaycan\u0131n media m\u0259kan\u0131ndak\u0131 alternativ s\u0259sidir","publisher":{"@id":"https:\/\/www.meydan.tv\/az\/#organization"},"potentialAction":[{"@type":"SearchAction","target":{"@type":"EntryPoint","urlTemplate":"https:\/\/www.meydan.tv\/az\/?s={search_term_string}"},"query-input":{"@type":"PropertyValueSpecification","valueRequired":true,"valueName":"search_term_string"}}],"inLanguage":"az"},{"@type":"Organization","@id":"https:\/\/www.meydan.tv\/az\/#organization","name":"Meydan TV","url":"https:\/\/www.meydan.tv\/az\/","logo":{"@type":"ImageObject","inLanguage":"az","@id":"https:\/\/www.meydan.tv\/az\/#\/schema\/logo\/image\/","url":"https:\/\/www.meydan.tv\/wp-content\/uploads\/2021\/07\/meydan-logo.svg","contentUrl":"https:\/\/www.meydan.tv\/wp-content\/uploads\/2021\/07\/meydan-logo.svg","width":195,"height":46,"caption":"Meydan TV"},"image":{"@id":"https:\/\/www.meydan.tv\/az\/#\/schema\/logo\/image\/"}},{"@type":"Person","@id":"https:\/\/www.meydan.tv\/az\/#\/schema\/person\/9cdbecf90d17180ce1dfbd95b08dcf47","name":"elli","sameAs":["https:\/\/x.com\/elli"]}]}},"_links":{"self":[{"href":"https:\/\/www.meydan.tv\/az\/wp-json\/wp\/v2\/posts\/307542","targetHints":{"allow":["GET"]}}],"collection":[{"href":"https:\/\/www.meydan.tv\/az\/wp-json\/wp\/v2\/posts"}],"about":[{"href":"https:\/\/www.meydan.tv\/az\/wp-json\/wp\/v2\/types\/post"}],"author":[{"embeddable":true,"href":"https:\/\/www.meydan.tv\/az\/wp-json\/wp\/v2\/users\/8"}],"replies":[{"embeddable":true,"href":"https:\/\/www.meydan.tv\/az\/wp-json\/wp\/v2\/comments?post=307542"}],"version-history":[{"count":3,"href":"https:\/\/www.meydan.tv\/az\/wp-json\/wp\/v2\/posts\/307542\/revisions"}],"predecessor-version":[{"id":307545,"href":"https:\/\/www.meydan.tv\/az\/wp-json\/wp\/v2\/posts\/307542\/revisions\/307545"}],"wp:featuredmedia":[{"embeddable":true,"href":"https:\/\/www.meydan.tv\/az\/wp-json\/wp\/v2\/media\/135064"}],"wp:attachment":[{"href":"https:\/\/www.meydan.tv\/az\/wp-json\/wp\/v2\/media?parent=307542"}],"wp:term":[{"taxonomy":"category","embeddable":true,"href":"https:\/\/www.meydan.tv\/az\/wp-json\/wp\/v2\/categories?post=307542"},{"taxonomy":"post_tag","embeddable":true,"href":"https:\/\/www.meydan.tv\/az\/wp-json\/wp\/v2\/tags?post=307542"}],"curies":[{"name":"wp","href":"https:\/\/api.w.org\/{rel}","templated":true}]}}