{"id":307522,"date":"2024-06-06T14:16:59","date_gmt":"2024-06-06T10:16:59","guid":{"rendered":"https:\/\/www.meydan.tv\/?p=307522"},"modified":"2024-06-06T14:17:02","modified_gmt":"2024-06-06T10:17:02","slug":"ferid-mehralizadenin-yoldasi-inana-bilmirem-ki-ferid-hebs-olunub","status":"publish","type":"post","link":"https:\/\/www.meydan.tv\/az\/article\/ferid-mehralizadenin-yoldasi-inana-bilmirem-ki-ferid-hebs-olunub\/","title":{"rendered":"F\u0259rid Mehral\u0131zad\u0259nin yolda\u015f\u0131: \u201cU\u015fa\u011f\u0131m\u0131zla ba\u011fl\u0131 planlar\u0131m\u0131z var idi\u201d"},"content":{"rendered":"\n<figure class=\"wp-block-embed is-type-video is-provider-youtube wp-block-embed-youtube wp-embed-aspect-16-9 wp-has-aspect-ratio\"><div class=\"wp-block-embed__wrapper\">\n<iframe title=\"F\u0259rid Mehral\u0131zad\u0259nin yolda\u015f\u0131: \u201c\u0130nana bilmir\u0259m ki, F\u0259rid h\u0259bs olunub\u201d\" width=\"1200\" height=\"675\" data-src=\"https:\/\/www.youtube.com\/embed\/xlGWxqxcxw4?feature=oembed\" frameborder=\"0\" allow=\"accelerometer; autoplay; clipboard-write; encrypted-media; gyroscope; picture-in-picture; web-share\" referrerpolicy=\"strict-origin-when-cross-origin\" allowfullscreen src=\"data:image\/svg+xml;base64,PHN2ZyB3aWR0aD0iMSIgaGVpZ2h0PSIxIiB4bWxucz0iaHR0cDovL3d3dy53My5vcmcvMjAwMC9zdmciPjwvc3ZnPg==\" class=\"lazyload\" data-load-mode=\"1\"><\/iframe>\n<\/div><\/figure>\n\n\n\n<!--more-->\n\n\n\n<p><\/p>\n\n\n\n<p><em>&#8220;Tam olaraq d\u0259rk ed\u0259 bilmir\u0259m ki, F\u0259rid h\u0259bs olunub. B\u0259lli bir m\u00fcdd\u0259t olmayacaq. Fiziki olaraq burada olmayacaq. M\u0259n bunu h\u0259l\u0259 tam anlaya bilmir\u0259m&#8221;<\/em>, &#8211; h\u0259yat yolda\u015f\u0131 deyir.\u00a0<\/p>\n\n\n\n<p>\u0130qtisad\u00e7\u0131 F\u0259rid Mehral\u0131zad\u0259nin h\u0259bsi ail\u0259si \u00fc\u00e7\u00fcn g\u00f6zl\u0259nilm\u0259z olub. H\u0259yat yolda\u015f\u0131 N\u0259rgiz Muxtarova suallar i\u00e7ind\u0259dir. O, F\u0259ridin siyasi sifari\u015fl\u0259 h\u0259bs olundu\u011funu deyir, ancaq bunun s\u0259b\u0259bini anlam\u0131r.<\/p>\n\n\n\n<p>\u0130qtisad\u00e7\u0131 F\u0259rid Mehral\u0131zad\u0259 \u2018\u2019AbzasMedia\u2019\u2019ya a\u00e7\u0131lan cinay\u0259t i\u015find\u0259 qa\u00e7aqmal\u00e7\u0131l\u0131qda ittiham olunur. Onun h\u0259bsind\u0259n sonra media qurumu b\u0259yanat yayaraq iqtisad\u00e7\u0131n\u0131n \u2018\u2019AbzasMedia\u2019\u2019 il\u0259 he\u00e7 bir \u0259m\u0259kda\u015fl\u0131\u011f\u0131n\u0131n olmad\u0131\u011f\u0131n\u0131 bildirib.<\/p>\n\n\n\n<p>Bar\u0259sind\u0259 3 ay 20 g\u00fcn m\u00fcdd\u0259tin\u0259 h\u0259bs q\u0259timkan t\u0259dbiri se\u00e7il\u0259n F\u0259rid Mehral\u0131zad\u0259 is\u0259 4 ay\u0131n sonunda do\u011fulacaq u\u015fa\u011f\u0131n\u0131 quca\u011f\u0131na alma\u011f\u0131 planlay\u0131rd\u0131.<\/p>\n\n\n\n<p>\u0130qtisad\u00e7\u0131 may\u0131n 30-da ba\u015f\u0131na torba ke\u00e7iril\u0259r\u0259k saxlan\u0131l\u0131b. Evind\u0259, avtomobilind\u0259 axtar\u0131\u015f ke\u00e7irils\u0259 d\u0259, he\u00e7 bir maddi s\u00fcbut tap\u0131lmay\u0131b. Buna baxmayaraq avtomobili h\u0259l\u0259 d\u0259 h\u00fcquq-m\u00fchafiz\u0259 orqanlar\u0131ndad\u0131r.<\/p>\n\n\n\n<p>Mehral\u0131zad\u0259 h\u00f6kum\u0259t\u0259 yax\u0131n m\u0259tbuatdan tutmu\u015f m\u00fcst\u0259qil media orqanlar\u0131nda ekspert kimi \u00e7\u0131x\u0131\u015f edib, m\u00fcxt\u0259lif platformalarda iqtisadi analizl\u0259r apar\u0131b. M\u0259qs\u0259di iqtisadi d\u0259yi\u015fiklikl\u0259ri anla\u015f\u0131lan dild\u0259 insanlara \u00e7atd\u0131rmaq idi.<\/p>\n","protected":false},"excerpt":{"rendered":"","protected":false},"author":12,"featured_media":307258,"comment_status":"closed","ping_status":"closed","sticky":false,"template":"","format":"standard","meta":{"_acf_changed":false,"_sitemap_exclude":false,"_sitemap_priority":"","_sitemap_frequency":"","footnotes":""},"categories":[59,63,56],"tags":[],"class_list":["post-307522","post","type-post","status-publish","format-standard","has-post-thumbnail","hentry","category-siyaset","category-video-2","category-xeberler","infinite-scroll-item","generate-columns","tablet-grid-50","mobile-grid-100","grid-parent","grid-33","no-featured-image-padding"],"acf":[],"yoast_head":"<!-- This site is optimized with the Yoast SEO plugin v27.4 - https:\/\/yoast.com\/product\/yoast-seo-wordpress\/ -->\n<title>F\u0259rid Mehral\u0131zad\u0259nin yolda\u015f\u0131: \u201cU\u015fa\u011f\u0131m\u0131zla ba\u011fl\u0131 planlar\u0131m\u0131z var idi\u201d - MEYDAN.TV<\/title>\n<meta name=\"robots\" content=\"index, follow, max-snippet:-1, max-image-preview:large, max-video-preview:-1\" \/>\n<link rel=\"canonical\" href=\"https:\/\/www.meydan.tv\/az\/article\/ferid-mehralizadenin-yoldasi-inana-bilmirem-ki-ferid-hebs-olunub\/\" \/>\n<meta property=\"og:locale\" content=\"az_AZ\" \/>\n<meta property=\"og:type\" content=\"article\" \/>\n<meta property=\"og:title\" content=\"F\u0259rid Mehral\u0131zad\u0259nin yolda\u015f\u0131: \u201cU\u015fa\u011f\u0131m\u0131zla ba\u011fl\u0131 planlar\u0131m\u0131z var idi\u201d - MEYDAN.TV\" \/>\n<meta property=\"og:url\" content=\"https:\/\/www.meydan.tv\/az\/article\/ferid-mehralizadenin-yoldasi-inana-bilmirem-ki-ferid-hebs-olunub\/\" \/>\n<meta property=\"og:site_name\" content=\"MEYDAN.TV\" \/>\n<meta property=\"article:published_time\" content=\"2024-06-06T10:16:59+00:00\" \/>\n<meta property=\"article:modified_time\" content=\"2024-06-06T10:17:02+00:00\" \/>\n<meta property=\"og:image\" content=\"https:\/\/www.meydan.tv\/wp-content\/uploads\/img_1270.jpg\" \/>\n\t<meta property=\"og:image:width\" content=\"1200\" \/>\n\t<meta property=\"og:image:height\" content=\"800\" \/>\n\t<meta property=\"og:image:type\" content=\"image\/jpeg\" \/>\n<meta name=\"author\" content=\"aleks\" \/>\n<meta name=\"twitter:card\" content=\"summary_large_image\" \/>\n<script type=\"application\/ld+json\" class=\"yoast-schema-graph\">{\"@context\":\"https:\\\/\\\/schema.org\",\"@graph\":[{\"@type\":\"Article\",\"@id\":\"https:\\\/\\\/www.meydan.tv\\\/az\\\/article\\\/ferid-mehralizadenin-yoldasi-inana-bilmirem-ki-ferid-hebs-olunub\\\/#article\",\"isPartOf\":{\"@id\":\"https:\\\/\\\/www.meydan.tv\\\/az\\\/article\\\/ferid-mehralizadenin-yoldasi-inana-bilmirem-ki-ferid-hebs-olunub\\\/\"},\"author\":{\"name\":\"aleks\",\"@id\":\"https:\\\/\\\/www.meydan.tv\\\/az\\\/#\\\/schema\\\/person\\\/476e9360e593fa131d5d71d51866f8da\"},\"headline\":\"F\u0259rid Mehral\u0131zad\u0259nin yolda\u015f\u0131: \u201cU\u015fa\u011f\u0131m\u0131zla ba\u011fl\u0131 planlar\u0131m\u0131z var idi\u201d\",\"datePublished\":\"2024-06-06T10:16:59+00:00\",\"dateModified\":\"2024-06-06T10:17:02+00:00\",\"mainEntityOfPage\":{\"@id\":\"https:\\\/\\\/www.meydan.tv\\\/az\\\/article\\\/ferid-mehralizadenin-yoldasi-inana-bilmirem-ki-ferid-hebs-olunub\\\/\"},\"wordCount\":269,\"publisher\":{\"@id\":\"https:\\\/\\\/www.meydan.tv\\\/az\\\/#organization\"},\"image\":{\"@id\":\"https:\\\/\\\/www.meydan.tv\\\/az\\\/article\\\/ferid-mehralizadenin-yoldasi-inana-bilmirem-ki-ferid-hebs-olunub\\\/#primaryimage\"},\"thumbnailUrl\":\"https:\\\/\\\/www.meydan.tv\\\/wp-content\\\/uploads\\\/img_1270.jpg\",\"articleSection\":[\"Siyas\u0259t\",\"Video\",\"X\u0259b\u0259rl\u0259r\"],\"inLanguage\":\"az\"},{\"@type\":\"WebPage\",\"@id\":\"https:\\\/\\\/www.meydan.tv\\\/az\\\/article\\\/ferid-mehralizadenin-yoldasi-inana-bilmirem-ki-ferid-hebs-olunub\\\/\",\"url\":\"https:\\\/\\\/www.meydan.tv\\\/az\\\/article\\\/ferid-mehralizadenin-yoldasi-inana-bilmirem-ki-ferid-hebs-olunub\\\/\",\"name\":\"F\u0259rid Mehral\u0131zad\u0259nin yolda\u015f\u0131: \u201cU\u015fa\u011f\u0131m\u0131zla ba\u011fl\u0131 planlar\u0131m\u0131z var idi\u201d - MEYDAN.TV\",\"isPartOf\":{\"@id\":\"https:\\\/\\\/www.meydan.tv\\\/az\\\/#website\"},\"primaryImageOfPage\":{\"@id\":\"https:\\\/\\\/www.meydan.tv\\\/az\\\/article\\\/ferid-mehralizadenin-yoldasi-inana-bilmirem-ki-ferid-hebs-olunub\\\/#primaryimage\"},\"image\":{\"@id\":\"https:\\\/\\\/www.meydan.tv\\\/az\\\/article\\\/ferid-mehralizadenin-yoldasi-inana-bilmirem-ki-ferid-hebs-olunub\\\/#primaryimage\"},\"thumbnailUrl\":\"https:\\\/\\\/www.meydan.tv\\\/wp-content\\\/uploads\\\/img_1270.jpg\",\"datePublished\":\"2024-06-06T10:16:59+00:00\",\"dateModified\":\"2024-06-06T10:17:02+00:00\",\"breadcrumb\":{\"@id\":\"https:\\\/\\\/www.meydan.tv\\\/az\\\/article\\\/ferid-mehralizadenin-yoldasi-inana-bilmirem-ki-ferid-hebs-olunub\\\/#breadcrumb\"},\"inLanguage\":\"az\",\"potentialAction\":[{\"@type\":\"ReadAction\",\"target\":[\"https:\\\/\\\/www.meydan.tv\\\/az\\\/article\\\/ferid-mehralizadenin-yoldasi-inana-bilmirem-ki-ferid-hebs-olunub\\\/\"]}]},{\"@type\":\"ImageObject\",\"inLanguage\":\"az\",\"@id\":\"https:\\\/\\\/www.meydan.tv\\\/az\\\/article\\\/ferid-mehralizadenin-yoldasi-inana-bilmirem-ki-ferid-hebs-olunub\\\/#primaryimage\",\"url\":\"https:\\\/\\\/www.meydan.tv\\\/wp-content\\\/uploads\\\/img_1270.jpg\",\"contentUrl\":\"https:\\\/\\\/www.meydan.tv\\\/wp-content\\\/uploads\\\/img_1270.jpg\",\"width\":1200,\"height\":800,\"caption\":\"F\u0259rid Mehral\u0131zad\u0259. ill\u00fcstrasiya: Meydan TV\"},{\"@type\":\"BreadcrumbList\",\"@id\":\"https:\\\/\\\/www.meydan.tv\\\/az\\\/article\\\/ferid-mehralizadenin-yoldasi-inana-bilmirem-ki-ferid-hebs-olunub\\\/#breadcrumb\",\"itemListElement\":[{\"@type\":\"ListItem\",\"position\":1,\"name\":\"Ana s\u0259hif\u0259\",\"item\":\"https:\\\/\\\/www.meydan.tv\\\/az\\\/\"},{\"@type\":\"ListItem\",\"position\":2,\"name\":\"Video\",\"item\":\"https:\\\/\\\/www.meydan.tv\\\/az\\\/section\\\/video-2\\\/\"},{\"@type\":\"ListItem\",\"position\":3,\"name\":\"F\u0259rid Mehral\u0131zad\u0259nin yolda\u015f\u0131: \u201cU\u015fa\u011f\u0131m\u0131zla ba\u011fl\u0131 planlar\u0131m\u0131z var idi\u201d\"}]},{\"@type\":\"WebSite\",\"@id\":\"https:\\\/\\\/www.meydan.tv\\\/az\\\/#website\",\"url\":\"https:\\\/\\\/www.meydan.tv\\\/az\\\/\",\"name\":\"MEYDAN.TV\",\"description\":\"Meydan TV Az\u0259rbaycan\u0131n media m\u0259kan\u0131ndak\u0131 alternativ s\u0259sidir\",\"publisher\":{\"@id\":\"https:\\\/\\\/www.meydan.tv\\\/az\\\/#organization\"},\"potentialAction\":[{\"@type\":\"SearchAction\",\"target\":{\"@type\":\"EntryPoint\",\"urlTemplate\":\"https:\\\/\\\/www.meydan.tv\\\/az\\\/?s={search_term_string}\"},\"query-input\":{\"@type\":\"PropertyValueSpecification\",\"valueRequired\":true,\"valueName\":\"search_term_string\"}}],\"inLanguage\":\"az\"},{\"@type\":\"Organization\",\"@id\":\"https:\\\/\\\/www.meydan.tv\\\/az\\\/#organization\",\"name\":\"Meydan TV\",\"url\":\"https:\\\/\\\/www.meydan.tv\\\/az\\\/\",\"logo\":{\"@type\":\"ImageObject\",\"inLanguage\":\"az\",\"@id\":\"https:\\\/\\\/www.meydan.tv\\\/az\\\/#\\\/schema\\\/logo\\\/image\\\/\",\"url\":\"https:\\\/\\\/www.meydan.tv\\\/wp-content\\\/uploads\\\/2021\\\/07\\\/meydan-logo.svg\",\"contentUrl\":\"https:\\\/\\\/www.meydan.tv\\\/wp-content\\\/uploads\\\/2021\\\/07\\\/meydan-logo.svg\",\"width\":195,\"height\":46,\"caption\":\"Meydan TV\"},\"image\":{\"@id\":\"https:\\\/\\\/www.meydan.tv\\\/az\\\/#\\\/schema\\\/logo\\\/image\\\/\"}},{\"@type\":\"Person\",\"@id\":\"https:\\\/\\\/www.meydan.tv\\\/az\\\/#\\\/schema\\\/person\\\/476e9360e593fa131d5d71d51866f8da\",\"name\":\"aleks\"}]}<\/script>\n<!-- \/ Yoast SEO plugin. -->","yoast_head_json":{"title":"F\u0259rid Mehral\u0131zad\u0259nin yolda\u015f\u0131: \u201cU\u015fa\u011f\u0131m\u0131zla ba\u011fl\u0131 planlar\u0131m\u0131z var idi\u201d - MEYDAN.TV","robots":{"index":"index","follow":"follow","max-snippet":"max-snippet:-1","max-image-preview":"max-image-preview:large","max-video-preview":"max-video-preview:-1"},"canonical":"https:\/\/www.meydan.tv\/az\/article\/ferid-mehralizadenin-yoldasi-inana-bilmirem-ki-ferid-hebs-olunub\/","og_locale":"az_AZ","og_type":"article","og_title":"F\u0259rid Mehral\u0131zad\u0259nin yolda\u015f\u0131: \u201cU\u015fa\u011f\u0131m\u0131zla ba\u011fl\u0131 planlar\u0131m\u0131z var idi\u201d - MEYDAN.TV","og_url":"https:\/\/www.meydan.tv\/az\/article\/ferid-mehralizadenin-yoldasi-inana-bilmirem-ki-ferid-hebs-olunub\/","og_site_name":"MEYDAN.TV","article_published_time":"2024-06-06T10:16:59+00:00","article_modified_time":"2024-06-06T10:17:02+00:00","og_image":[{"width":1200,"height":800,"url":"https:\/\/www.meydan.tv\/wp-content\/uploads\/img_1270.jpg","type":"image\/jpeg"}],"author":"aleks","twitter_card":"summary_large_image","schema":{"@context":"https:\/\/schema.org","@graph":[{"@type":"Article","@id":"https:\/\/www.meydan.tv\/az\/article\/ferid-mehralizadenin-yoldasi-inana-bilmirem-ki-ferid-hebs-olunub\/#article","isPartOf":{"@id":"https:\/\/www.meydan.tv\/az\/article\/ferid-mehralizadenin-yoldasi-inana-bilmirem-ki-ferid-hebs-olunub\/"},"author":{"name":"aleks","@id":"https:\/\/www.meydan.tv\/az\/#\/schema\/person\/476e9360e593fa131d5d71d51866f8da"},"headline":"F\u0259rid Mehral\u0131zad\u0259nin yolda\u015f\u0131: \u201cU\u015fa\u011f\u0131m\u0131zla ba\u011fl\u0131 planlar\u0131m\u0131z var idi\u201d","datePublished":"2024-06-06T10:16:59+00:00","dateModified":"2024-06-06T10:17:02+00:00","mainEntityOfPage":{"@id":"https:\/\/www.meydan.tv\/az\/article\/ferid-mehralizadenin-yoldasi-inana-bilmirem-ki-ferid-hebs-olunub\/"},"wordCount":269,"publisher":{"@id":"https:\/\/www.meydan.tv\/az\/#organization"},"image":{"@id":"https:\/\/www.meydan.tv\/az\/article\/ferid-mehralizadenin-yoldasi-inana-bilmirem-ki-ferid-hebs-olunub\/#primaryimage"},"thumbnailUrl":"https:\/\/www.meydan.tv\/wp-content\/uploads\/img_1270.jpg","articleSection":["Siyas\u0259t","Video","X\u0259b\u0259rl\u0259r"],"inLanguage":"az"},{"@type":"WebPage","@id":"https:\/\/www.meydan.tv\/az\/article\/ferid-mehralizadenin-yoldasi-inana-bilmirem-ki-ferid-hebs-olunub\/","url":"https:\/\/www.meydan.tv\/az\/article\/ferid-mehralizadenin-yoldasi-inana-bilmirem-ki-ferid-hebs-olunub\/","name":"F\u0259rid Mehral\u0131zad\u0259nin yolda\u015f\u0131: \u201cU\u015fa\u011f\u0131m\u0131zla ba\u011fl\u0131 planlar\u0131m\u0131z var idi\u201d - MEYDAN.TV","isPartOf":{"@id":"https:\/\/www.meydan.tv\/az\/#website"},"primaryImageOfPage":{"@id":"https:\/\/www.meydan.tv\/az\/article\/ferid-mehralizadenin-yoldasi-inana-bilmirem-ki-ferid-hebs-olunub\/#primaryimage"},"image":{"@id":"https:\/\/www.meydan.tv\/az\/article\/ferid-mehralizadenin-yoldasi-inana-bilmirem-ki-ferid-hebs-olunub\/#primaryimage"},"thumbnailUrl":"https:\/\/www.meydan.tv\/wp-content\/uploads\/img_1270.jpg","datePublished":"2024-06-06T10:16:59+00:00","dateModified":"2024-06-06T10:17:02+00:00","breadcrumb":{"@id":"https:\/\/www.meydan.tv\/az\/article\/ferid-mehralizadenin-yoldasi-inana-bilmirem-ki-ferid-hebs-olunub\/#breadcrumb"},"inLanguage":"az","potentialAction":[{"@type":"ReadAction","target":["https:\/\/www.meydan.tv\/az\/article\/ferid-mehralizadenin-yoldasi-inana-bilmirem-ki-ferid-hebs-olunub\/"]}]},{"@type":"ImageObject","inLanguage":"az","@id":"https:\/\/www.meydan.tv\/az\/article\/ferid-mehralizadenin-yoldasi-inana-bilmirem-ki-ferid-hebs-olunub\/#primaryimage","url":"https:\/\/www.meydan.tv\/wp-content\/uploads\/img_1270.jpg","contentUrl":"https:\/\/www.meydan.tv\/wp-content\/uploads\/img_1270.jpg","width":1200,"height":800,"caption":"F\u0259rid Mehral\u0131zad\u0259. ill\u00fcstrasiya: Meydan TV"},{"@type":"BreadcrumbList","@id":"https:\/\/www.meydan.tv\/az\/article\/ferid-mehralizadenin-yoldasi-inana-bilmirem-ki-ferid-hebs-olunub\/#breadcrumb","itemListElement":[{"@type":"ListItem","position":1,"name":"Ana s\u0259hif\u0259","item":"https:\/\/www.meydan.tv\/az\/"},{"@type":"ListItem","position":2,"name":"Video","item":"https:\/\/www.meydan.tv\/az\/section\/video-2\/"},{"@type":"ListItem","position":3,"name":"F\u0259rid Mehral\u0131zad\u0259nin yolda\u015f\u0131: \u201cU\u015fa\u011f\u0131m\u0131zla ba\u011fl\u0131 planlar\u0131m\u0131z var idi\u201d"}]},{"@type":"WebSite","@id":"https:\/\/www.meydan.tv\/az\/#website","url":"https:\/\/www.meydan.tv\/az\/","name":"MEYDAN.TV","description":"Meydan TV Az\u0259rbaycan\u0131n media m\u0259kan\u0131ndak\u0131 alternativ s\u0259sidir","publisher":{"@id":"https:\/\/www.meydan.tv\/az\/#organization"},"potentialAction":[{"@type":"SearchAction","target":{"@type":"EntryPoint","urlTemplate":"https:\/\/www.meydan.tv\/az\/?s={search_term_string}"},"query-input":{"@type":"PropertyValueSpecification","valueRequired":true,"valueName":"search_term_string"}}],"inLanguage":"az"},{"@type":"Organization","@id":"https:\/\/www.meydan.tv\/az\/#organization","name":"Meydan TV","url":"https:\/\/www.meydan.tv\/az\/","logo":{"@type":"ImageObject","inLanguage":"az","@id":"https:\/\/www.meydan.tv\/az\/#\/schema\/logo\/image\/","url":"https:\/\/www.meydan.tv\/wp-content\/uploads\/2021\/07\/meydan-logo.svg","contentUrl":"https:\/\/www.meydan.tv\/wp-content\/uploads\/2021\/07\/meydan-logo.svg","width":195,"height":46,"caption":"Meydan TV"},"image":{"@id":"https:\/\/www.meydan.tv\/az\/#\/schema\/logo\/image\/"}},{"@type":"Person","@id":"https:\/\/www.meydan.tv\/az\/#\/schema\/person\/476e9360e593fa131d5d71d51866f8da","name":"aleks"}]}},"_links":{"self":[{"href":"https:\/\/www.meydan.tv\/az\/wp-json\/wp\/v2\/posts\/307522","targetHints":{"allow":["GET"]}}],"collection":[{"href":"https:\/\/www.meydan.tv\/az\/wp-json\/wp\/v2\/posts"}],"about":[{"href":"https:\/\/www.meydan.tv\/az\/wp-json\/wp\/v2\/types\/post"}],"author":[{"embeddable":true,"href":"https:\/\/www.meydan.tv\/az\/wp-json\/wp\/v2\/users\/12"}],"replies":[{"embeddable":true,"href":"https:\/\/www.meydan.tv\/az\/wp-json\/wp\/v2\/comments?post=307522"}],"version-history":[{"count":5,"href":"https:\/\/www.meydan.tv\/az\/wp-json\/wp\/v2\/posts\/307522\/revisions"}],"predecessor-version":[{"id":307571,"href":"https:\/\/www.meydan.tv\/az\/wp-json\/wp\/v2\/posts\/307522\/revisions\/307571"}],"wp:featuredmedia":[{"embeddable":true,"href":"https:\/\/www.meydan.tv\/az\/wp-json\/wp\/v2\/media\/307258"}],"wp:attachment":[{"href":"https:\/\/www.meydan.tv\/az\/wp-json\/wp\/v2\/media?parent=307522"}],"wp:term":[{"taxonomy":"category","embeddable":true,"href":"https:\/\/www.meydan.tv\/az\/wp-json\/wp\/v2\/categories?post=307522"},{"taxonomy":"post_tag","embeddable":true,"href":"https:\/\/www.meydan.tv\/az\/wp-json\/wp\/v2\/tags?post=307522"}],"curies":[{"name":"wp","href":"https:\/\/api.w.org\/{rel}","templated":true}]}}