{"id":307407,"date":"2024-06-04T12:12:36","date_gmt":"2024-06-04T08:12:36","guid":{"rendered":"https:\/\/www.meydan.tv\/?p=307407"},"modified":"2024-06-04T12:26:57","modified_gmt":"2024-06-04T08:26:57","slug":"gemi-zavodunda-5-neferin-zeherlenerek-olmesi-ile-bagli-cinayet-isi-acilib","status":"publish","type":"post","link":"https:\/\/www.meydan.tv\/az\/article\/gemi-zavodunda-5-neferin-zeherlenerek-olmesi-ile-bagli-cinayet-isi-acilib\/","title":{"rendered":"G\u0259mi zavodunda 5 n\u0259f\u0259rin z\u0259h\u0259rl\u0259n\u0259r\u0259k \u00f6lm\u0259si il\u0259 ba\u011fl\u0131 cinay\u0259t i\u015fi a\u00e7\u0131l\u0131b"},"content":{"rendered":"\n<p><\/p>\n\n\n\n<p><strong><em>Ba\u015f Prokurorluq hadis\u0259nin &#8220;s\u0259hl\u0259nkarl\u0131q&#8221;dan ba\u015f verdiyini deyir<\/em><\/strong><\/p>\n\n\n\n<p>Ba\u015f Prokurorluq \u201cZ\u0131\u011f&#8221; G\u0259mi T\u0259miri v\u0259 Tikintisi Zavodunda 5 n\u0259f\u0259rin z\u0259h\u0259rl\u0259nm\u0259 n\u0259tic\u0259sind\u0259 \u00f6lm\u0259si il\u0259 ba\u011fl\u0131 cinay\u0259t i\u015fi a\u00e7\u0131b.<\/p>\n\n\n\n<p>Bu bar\u0259d\u0259 Ba\u015f Prokurorlu\u011fun m\u0259tbuat xidm\u0259ti m\u0259lumat <a href=\"https:\/\/genprosecutor.gov.az\/az\/post\/7695\">yay\u0131b.<\/a><\/p>\n\n\n\n<p>Bildirilib ki, 61 sayl\u0131 \u00fcz\u0259n t\u0259rsan\u0259d\u0259 zavodun 5 \u0259m\u0259kda\u015f\u0131n\u0131n &#8211; Namiq Yol\u00e7uyev, Tural S\u0259f\u0259r\u0259liyev, Samid M\u0259mm\u0259dov, Teyyub A\u011fayev v\u0259 Orxan \u015eahbazovun \u00f6lm\u0259si fakt\u0131 il\u0259 ba\u011fl\u0131 Ba\u015f Prokurorluq t\u0259r\u0259find\u0259n Cinay\u0259t M\u0259c\u0259ll\u0259sinin 314.3-c\u00fc (s\u0259hl\u0259nkarl\u0131q iki v\u0259 daha \u00e7ox \u015f\u0259xsin \u00f6l\u00fcm\u00fcn\u0259 s\u0259b\u0259b olduqda) madd\u0259si il\u0259 cinay\u0259t i\u015fi ba\u015flan\u0131l\u0131b.<\/p>\n\n\n\n<p>\u0130btidai istintaq\u0131n apar\u0131lmas\u0131n\u0131n Ba\u015f Prokurorlu\u011fun Kriminalistika v\u0259 informasiya texnologiyalar\u0131 idar\u0259sin\u0259 tap\u015f\u0131r\u0131ld\u0131\u011f\u0131 deyilir.<\/p>\n\n\n\n<p>Ba\u015f Prokurorluq h\u0259m\u00e7inin haz\u0131rda i\u015f \u00fczr\u0259 z\u0259ruri ekspertizalar t\u0259yin olunmaqla, m\u00fcvafiq d\u00f6vl\u0259t qurumlar\u0131 il\u0259 birg\u0259 intensiv istintaq-\u0259m\u0259liyyat t\u0259dbirl\u0259rin davam etdirildiyini qeyd edib.<\/p>\n\n\n\n<p>\u0130yunun 3-d\u0259&nbsp; \u201cAz\u0259rbaycan X\u0259z\u0259r D\u0259niz G\u0259mi\u00e7iliyi\u201d Qapal\u0131 S\u0259hmdar C\u0259miyy\u0259tinin (ASCO) \u201cZ\u0131\u011f\u201d G\u0259mi T\u0259miri v\u0259 Tikintisi Zavodunda 5 n\u0259f\u0259r i\u015f\u00e7i z\u0259h\u0259rl\u0259n\u0259r\u0259k h\u0259yat\u0131n\u0131 <a href=\"https:\/\/storage.googleapis.com\/qurium\/www.meydan.tv\/az-article-zig-gemi-temiri-ve-tikintisi-zavodunda-5-nefer-heyatini-itirib.html\">itirib<\/a>.<\/p>\n\n\n\n<p>Hadis\u0259 iyunun 3-d\u0259 ax\u015fam\u00fcst\u00fc saat 17.00 rad\u0259l\u0259rind\u0259 zavodun 61 sayl\u0131 \u00fcz\u0259n t\u0259rsan\u0259sind\u0259 ba\u015f verib.<\/p>\n\n\n\n<p>Bildirilir ki, hadis\u0259 yerin\u0259 10-a yax\u0131n T\u0259cili Tibbi Yard\u0131m briqadas\u0131 g\u0259lib.<\/p>\n\n\n\n<p>5 n\u0259f\u0259r \u2013 Tural S\u0259f\u0259r\u0259liyev, Namiq Yol\u00e7uyev, Teyyub A\u011fayev, Orxan \u015eahbazov v\u0259 Samid M\u0259mm\u0259dov h\u0259kiml\u0259r g\u0259l\u0259n\u0259 q\u0259d\u0259r \u00f6l\u00fcb.<\/p>\n\n\n\n<p>Daha iki n\u0259f\u0259r is\u0259 Kliniki Tibbi M\u0259rk\u0259zin Toksikologiya \u015f\u00f6b\u0259sin\u0259 yerl\u0259\u015fdirilib.<\/p>\n","protected":false},"excerpt":{"rendered":"<p>Ba\u015f Prokurorluq hadis\u0259nin &#8220;s\u0259hl\u0259nkarl\u0131q&#8221;dan ba\u015f verdiyini deyir Ba\u015f Prokurorluq \u201cZ\u0131\u011f&#8221; &#8230; <\/p>\n<p class=\"read-more-container\"><a title=\"G\u0259mi zavodunda 5 n\u0259f\u0259rin z\u0259h\u0259rl\u0259n\u0259r\u0259k \u00f6lm\u0259si il\u0259 ba\u011fl\u0131 cinay\u0259t i\u015fi a\u00e7\u0131l\u0131b\" class=\"read-more button\" href=\"https:\/\/www.meydan.tv\/az\/article\/gemi-zavodunda-5-neferin-zeherlenerek-olmesi-ile-bagli-cinayet-isi-acilib\/#more-307407\" aria-label=\"Read more about G\u0259mi zavodunda 5 n\u0259f\u0259rin z\u0259h\u0259rl\u0259n\u0259r\u0259k \u00f6lm\u0259si il\u0259 ba\u011fl\u0131 cinay\u0259t i\u015fi a\u00e7\u0131l\u0131b\">Davam\u0131<\/a><\/p>\n","protected":false},"author":8,"featured_media":252941,"comment_status":"closed","ping_status":"closed","sticky":false,"template":"","format":"standard","meta":{"_acf_changed":false,"_sitemap_exclude":false,"_sitemap_priority":"","_sitemap_frequency":"","footnotes":""},"categories":[62,56],"tags":[],"class_list":["post-307407","post","type-post","status-publish","format-standard","has-post-thumbnail","hentry","category-sosial","category-xeberler","infinite-scroll-item","generate-columns","tablet-grid-50","mobile-grid-100","grid-parent","grid-33","no-featured-image-padding"],"acf":[],"yoast_head":"<!-- This site is optimized with the Yoast SEO plugin v27.5 - https:\/\/yoast.com\/product\/yoast-seo-wordpress\/ -->\n<title>G\u0259mi zavodunda 5 n\u0259f\u0259rin z\u0259h\u0259rl\u0259n\u0259r\u0259k \u00f6lm\u0259si il\u0259 ba\u011fl\u0131 cinay\u0259t i\u015fi a\u00e7\u0131l\u0131b - MEYDAN.TV<\/title>\n<meta name=\"robots\" content=\"index, follow, max-snippet:-1, max-image-preview:large, max-video-preview:-1\" \/>\n<link rel=\"canonical\" href=\"https:\/\/www.meydan.tv\/az\/article\/gemi-zavodunda-5-neferin-zeherlenerek-olmesi-ile-bagli-cinayet-isi-acilib\/\" \/>\n<meta property=\"og:locale\" content=\"az_AZ\" \/>\n<meta property=\"og:type\" content=\"article\" \/>\n<meta property=\"og:title\" content=\"G\u0259mi zavodunda 5 n\u0259f\u0259rin z\u0259h\u0259rl\u0259n\u0259r\u0259k \u00f6lm\u0259si il\u0259 ba\u011fl\u0131 cinay\u0259t i\u015fi a\u00e7\u0131l\u0131b - MEYDAN.TV\" \/>\n<meta property=\"og:description\" content=\"Ba\u015f Prokurorluq hadis\u0259nin &#8220;s\u0259hl\u0259nkarl\u0131q&#8221;dan ba\u015f verdiyini deyir Ba\u015f Prokurorluq \u201cZ\u0131\u011f&#8221; ... Davam\u0131\" \/>\n<meta property=\"og:url\" content=\"https:\/\/www.meydan.tv\/az\/article\/gemi-zavodunda-5-neferin-zeherlenerek-olmesi-ile-bagli-cinayet-isi-acilib\/\" \/>\n<meta property=\"og:site_name\" content=\"MEYDAN.TV\" \/>\n<meta property=\"article:published_time\" content=\"2024-06-04T08:12:36+00:00\" \/>\n<meta property=\"article:modified_time\" content=\"2024-06-04T08:26:57+00:00\" \/>\n<meta property=\"og:image\" content=\"https:\/\/www.meydan.tv\/wp-content\/uploads\/screenshot-at-aug-10-14-51-49-1200x668.png\" \/>\n\t<meta property=\"og:image:width\" content=\"1200\" \/>\n\t<meta property=\"og:image:height\" content=\"668\" \/>\n\t<meta property=\"og:image:type\" content=\"image\/png\" \/>\n<meta name=\"author\" content=\"elli\" \/>\n<meta name=\"twitter:card\" content=\"summary_large_image\" \/>\n<meta name=\"twitter:creator\" content=\"@elli\" \/>\n<script type=\"application\/ld+json\" class=\"yoast-schema-graph\">{\"@context\":\"https:\\\/\\\/schema.org\",\"@graph\":[{\"@type\":\"Article\",\"@id\":\"https:\\\/\\\/www.meydan.tv\\\/az\\\/article\\\/gemi-zavodunda-5-neferin-zeherlenerek-olmesi-ile-bagli-cinayet-isi-acilib\\\/#article\",\"isPartOf\":{\"@id\":\"https:\\\/\\\/www.meydan.tv\\\/az\\\/article\\\/gemi-zavodunda-5-neferin-zeherlenerek-olmesi-ile-bagli-cinayet-isi-acilib\\\/\"},\"author\":{\"name\":\"elli\",\"@id\":\"https:\\\/\\\/www.meydan.tv\\\/az\\\/#\\\/schema\\\/person\\\/9cdbecf90d17180ce1dfbd95b08dcf47\"},\"headline\":\"G\u0259mi zavodunda 5 n\u0259f\u0259rin z\u0259h\u0259rl\u0259n\u0259r\u0259k \u00f6lm\u0259si il\u0259 ba\u011fl\u0131 cinay\u0259t i\u015fi a\u00e7\u0131l\u0131b\",\"datePublished\":\"2024-06-04T08:12:36+00:00\",\"dateModified\":\"2024-06-04T08:26:57+00:00\",\"mainEntityOfPage\":{\"@id\":\"https:\\\/\\\/www.meydan.tv\\\/az\\\/article\\\/gemi-zavodunda-5-neferin-zeherlenerek-olmesi-ile-bagli-cinayet-isi-acilib\\\/\"},\"wordCount\":338,\"publisher\":{\"@id\":\"https:\\\/\\\/www.meydan.tv\\\/az\\\/#organization\"},\"image\":{\"@id\":\"https:\\\/\\\/www.meydan.tv\\\/az\\\/article\\\/gemi-zavodunda-5-neferin-zeherlenerek-olmesi-ile-bagli-cinayet-isi-acilib\\\/#primaryimage\"},\"thumbnailUrl\":\"https:\\\/\\\/www.meydan.tv\\\/wp-content\\\/uploads\\\/screenshot-at-aug-10-14-51-49.png\",\"articleSection\":[\"Sosial\",\"X\u0259b\u0259rl\u0259r\"],\"inLanguage\":\"az\"},{\"@type\":\"WebPage\",\"@id\":\"https:\\\/\\\/www.meydan.tv\\\/az\\\/article\\\/gemi-zavodunda-5-neferin-zeherlenerek-olmesi-ile-bagli-cinayet-isi-acilib\\\/\",\"url\":\"https:\\\/\\\/www.meydan.tv\\\/az\\\/article\\\/gemi-zavodunda-5-neferin-zeherlenerek-olmesi-ile-bagli-cinayet-isi-acilib\\\/\",\"name\":\"G\u0259mi zavodunda 5 n\u0259f\u0259rin z\u0259h\u0259rl\u0259n\u0259r\u0259k \u00f6lm\u0259si il\u0259 ba\u011fl\u0131 cinay\u0259t i\u015fi a\u00e7\u0131l\u0131b - MEYDAN.TV\",\"isPartOf\":{\"@id\":\"https:\\\/\\\/www.meydan.tv\\\/az\\\/#website\"},\"primaryImageOfPage\":{\"@id\":\"https:\\\/\\\/www.meydan.tv\\\/az\\\/article\\\/gemi-zavodunda-5-neferin-zeherlenerek-olmesi-ile-bagli-cinayet-isi-acilib\\\/#primaryimage\"},\"image\":{\"@id\":\"https:\\\/\\\/www.meydan.tv\\\/az\\\/article\\\/gemi-zavodunda-5-neferin-zeherlenerek-olmesi-ile-bagli-cinayet-isi-acilib\\\/#primaryimage\"},\"thumbnailUrl\":\"https:\\\/\\\/www.meydan.tv\\\/wp-content\\\/uploads\\\/screenshot-at-aug-10-14-51-49.png\",\"datePublished\":\"2024-06-04T08:12:36+00:00\",\"dateModified\":\"2024-06-04T08:26:57+00:00\",\"breadcrumb\":{\"@id\":\"https:\\\/\\\/www.meydan.tv\\\/az\\\/article\\\/gemi-zavodunda-5-neferin-zeherlenerek-olmesi-ile-bagli-cinayet-isi-acilib\\\/#breadcrumb\"},\"inLanguage\":\"az\",\"potentialAction\":[{\"@type\":\"ReadAction\",\"target\":[\"https:\\\/\\\/www.meydan.tv\\\/az\\\/article\\\/gemi-zavodunda-5-neferin-zeherlenerek-olmesi-ile-bagli-cinayet-isi-acilib\\\/\"]}]},{\"@type\":\"ImageObject\",\"inLanguage\":\"az\",\"@id\":\"https:\\\/\\\/www.meydan.tv\\\/az\\\/article\\\/gemi-zavodunda-5-neferin-zeherlenerek-olmesi-ile-bagli-cinayet-isi-acilib\\\/#primaryimage\",\"url\":\"https:\\\/\\\/www.meydan.tv\\\/wp-content\\\/uploads\\\/screenshot-at-aug-10-14-51-49.png\",\"contentUrl\":\"https:\\\/\\\/www.meydan.tv\\\/wp-content\\\/uploads\\\/screenshot-at-aug-10-14-51-49.png\",\"width\":1510,\"height\":840,\"caption\":\"Ba\u015f Prokurorluq. Foto: Meydan TV\"},{\"@type\":\"BreadcrumbList\",\"@id\":\"https:\\\/\\\/www.meydan.tv\\\/az\\\/article\\\/gemi-zavodunda-5-neferin-zeherlenerek-olmesi-ile-bagli-cinayet-isi-acilib\\\/#breadcrumb\",\"itemListElement\":[{\"@type\":\"ListItem\",\"position\":1,\"name\":\"Ana s\u0259hif\u0259\",\"item\":\"https:\\\/\\\/www.meydan.tv\\\/az\\\/\"},{\"@type\":\"ListItem\",\"position\":2,\"name\":\"Sosial\",\"item\":\"https:\\\/\\\/www.meydan.tv\\\/az\\\/section\\\/sosial\\\/\"},{\"@type\":\"ListItem\",\"position\":3,\"name\":\"G\u0259mi zavodunda 5 n\u0259f\u0259rin z\u0259h\u0259rl\u0259n\u0259r\u0259k \u00f6lm\u0259si il\u0259 ba\u011fl\u0131 cinay\u0259t i\u015fi a\u00e7\u0131l\u0131b\"}]},{\"@type\":\"WebSite\",\"@id\":\"https:\\\/\\\/www.meydan.tv\\\/az\\\/#website\",\"url\":\"https:\\\/\\\/www.meydan.tv\\\/az\\\/\",\"name\":\"MEYDAN.TV\",\"description\":\"Meydan TV Az\u0259rbaycan\u0131n media m\u0259kan\u0131ndak\u0131 alternativ s\u0259sidir\",\"publisher\":{\"@id\":\"https:\\\/\\\/www.meydan.tv\\\/az\\\/#organization\"},\"potentialAction\":[{\"@type\":\"SearchAction\",\"target\":{\"@type\":\"EntryPoint\",\"urlTemplate\":\"https:\\\/\\\/www.meydan.tv\\\/az\\\/?s={search_term_string}\"},\"query-input\":{\"@type\":\"PropertyValueSpecification\",\"valueRequired\":true,\"valueName\":\"search_term_string\"}}],\"inLanguage\":\"az\"},{\"@type\":\"Organization\",\"@id\":\"https:\\\/\\\/www.meydan.tv\\\/az\\\/#organization\",\"name\":\"Meydan TV\",\"url\":\"https:\\\/\\\/www.meydan.tv\\\/az\\\/\",\"logo\":{\"@type\":\"ImageObject\",\"inLanguage\":\"az\",\"@id\":\"https:\\\/\\\/www.meydan.tv\\\/az\\\/#\\\/schema\\\/logo\\\/image\\\/\",\"url\":\"https:\\\/\\\/www.meydan.tv\\\/wp-content\\\/uploads\\\/2021\\\/07\\\/meydan-logo.svg\",\"contentUrl\":\"https:\\\/\\\/www.meydan.tv\\\/wp-content\\\/uploads\\\/2021\\\/07\\\/meydan-logo.svg\",\"width\":195,\"height\":46,\"caption\":\"Meydan TV\"},\"image\":{\"@id\":\"https:\\\/\\\/www.meydan.tv\\\/az\\\/#\\\/schema\\\/logo\\\/image\\\/\"}},{\"@type\":\"Person\",\"@id\":\"https:\\\/\\\/www.meydan.tv\\\/az\\\/#\\\/schema\\\/person\\\/9cdbecf90d17180ce1dfbd95b08dcf47\",\"name\":\"elli\",\"sameAs\":[\"https:\\\/\\\/x.com\\\/elli\"]}]}<\/script>\n<!-- \/ Yoast SEO plugin. -->","yoast_head_json":{"title":"G\u0259mi zavodunda 5 n\u0259f\u0259rin z\u0259h\u0259rl\u0259n\u0259r\u0259k \u00f6lm\u0259si il\u0259 ba\u011fl\u0131 cinay\u0259t i\u015fi a\u00e7\u0131l\u0131b - MEYDAN.TV","robots":{"index":"index","follow":"follow","max-snippet":"max-snippet:-1","max-image-preview":"max-image-preview:large","max-video-preview":"max-video-preview:-1"},"canonical":"https:\/\/www.meydan.tv\/az\/article\/gemi-zavodunda-5-neferin-zeherlenerek-olmesi-ile-bagli-cinayet-isi-acilib\/","og_locale":"az_AZ","og_type":"article","og_title":"G\u0259mi zavodunda 5 n\u0259f\u0259rin z\u0259h\u0259rl\u0259n\u0259r\u0259k \u00f6lm\u0259si il\u0259 ba\u011fl\u0131 cinay\u0259t i\u015fi a\u00e7\u0131l\u0131b - MEYDAN.TV","og_description":"Ba\u015f Prokurorluq hadis\u0259nin &#8220;s\u0259hl\u0259nkarl\u0131q&#8221;dan ba\u015f verdiyini deyir Ba\u015f Prokurorluq \u201cZ\u0131\u011f&#8221; ... Davam\u0131","og_url":"https:\/\/www.meydan.tv\/az\/article\/gemi-zavodunda-5-neferin-zeherlenerek-olmesi-ile-bagli-cinayet-isi-acilib\/","og_site_name":"MEYDAN.TV","article_published_time":"2024-06-04T08:12:36+00:00","article_modified_time":"2024-06-04T08:26:57+00:00","og_image":[{"width":1200,"height":668,"url":"https:\/\/www.meydan.tv\/wp-content\/uploads\/screenshot-at-aug-10-14-51-49-1200x668.png","type":"image\/png"}],"author":"elli","twitter_card":"summary_large_image","twitter_creator":"@elli","schema":{"@context":"https:\/\/schema.org","@graph":[{"@type":"Article","@id":"https:\/\/www.meydan.tv\/az\/article\/gemi-zavodunda-5-neferin-zeherlenerek-olmesi-ile-bagli-cinayet-isi-acilib\/#article","isPartOf":{"@id":"https:\/\/www.meydan.tv\/az\/article\/gemi-zavodunda-5-neferin-zeherlenerek-olmesi-ile-bagli-cinayet-isi-acilib\/"},"author":{"name":"elli","@id":"https:\/\/www.meydan.tv\/az\/#\/schema\/person\/9cdbecf90d17180ce1dfbd95b08dcf47"},"headline":"G\u0259mi zavodunda 5 n\u0259f\u0259rin z\u0259h\u0259rl\u0259n\u0259r\u0259k \u00f6lm\u0259si il\u0259 ba\u011fl\u0131 cinay\u0259t i\u015fi a\u00e7\u0131l\u0131b","datePublished":"2024-06-04T08:12:36+00:00","dateModified":"2024-06-04T08:26:57+00:00","mainEntityOfPage":{"@id":"https:\/\/www.meydan.tv\/az\/article\/gemi-zavodunda-5-neferin-zeherlenerek-olmesi-ile-bagli-cinayet-isi-acilib\/"},"wordCount":338,"publisher":{"@id":"https:\/\/www.meydan.tv\/az\/#organization"},"image":{"@id":"https:\/\/www.meydan.tv\/az\/article\/gemi-zavodunda-5-neferin-zeherlenerek-olmesi-ile-bagli-cinayet-isi-acilib\/#primaryimage"},"thumbnailUrl":"https:\/\/www.meydan.tv\/wp-content\/uploads\/screenshot-at-aug-10-14-51-49.png","articleSection":["Sosial","X\u0259b\u0259rl\u0259r"],"inLanguage":"az"},{"@type":"WebPage","@id":"https:\/\/www.meydan.tv\/az\/article\/gemi-zavodunda-5-neferin-zeherlenerek-olmesi-ile-bagli-cinayet-isi-acilib\/","url":"https:\/\/www.meydan.tv\/az\/article\/gemi-zavodunda-5-neferin-zeherlenerek-olmesi-ile-bagli-cinayet-isi-acilib\/","name":"G\u0259mi zavodunda 5 n\u0259f\u0259rin z\u0259h\u0259rl\u0259n\u0259r\u0259k \u00f6lm\u0259si il\u0259 ba\u011fl\u0131 cinay\u0259t i\u015fi a\u00e7\u0131l\u0131b - MEYDAN.TV","isPartOf":{"@id":"https:\/\/www.meydan.tv\/az\/#website"},"primaryImageOfPage":{"@id":"https:\/\/www.meydan.tv\/az\/article\/gemi-zavodunda-5-neferin-zeherlenerek-olmesi-ile-bagli-cinayet-isi-acilib\/#primaryimage"},"image":{"@id":"https:\/\/www.meydan.tv\/az\/article\/gemi-zavodunda-5-neferin-zeherlenerek-olmesi-ile-bagli-cinayet-isi-acilib\/#primaryimage"},"thumbnailUrl":"https:\/\/www.meydan.tv\/wp-content\/uploads\/screenshot-at-aug-10-14-51-49.png","datePublished":"2024-06-04T08:12:36+00:00","dateModified":"2024-06-04T08:26:57+00:00","breadcrumb":{"@id":"https:\/\/www.meydan.tv\/az\/article\/gemi-zavodunda-5-neferin-zeherlenerek-olmesi-ile-bagli-cinayet-isi-acilib\/#breadcrumb"},"inLanguage":"az","potentialAction":[{"@type":"ReadAction","target":["https:\/\/www.meydan.tv\/az\/article\/gemi-zavodunda-5-neferin-zeherlenerek-olmesi-ile-bagli-cinayet-isi-acilib\/"]}]},{"@type":"ImageObject","inLanguage":"az","@id":"https:\/\/www.meydan.tv\/az\/article\/gemi-zavodunda-5-neferin-zeherlenerek-olmesi-ile-bagli-cinayet-isi-acilib\/#primaryimage","url":"https:\/\/www.meydan.tv\/wp-content\/uploads\/screenshot-at-aug-10-14-51-49.png","contentUrl":"https:\/\/www.meydan.tv\/wp-content\/uploads\/screenshot-at-aug-10-14-51-49.png","width":1510,"height":840,"caption":"Ba\u015f Prokurorluq. Foto: Meydan TV"},{"@type":"BreadcrumbList","@id":"https:\/\/www.meydan.tv\/az\/article\/gemi-zavodunda-5-neferin-zeherlenerek-olmesi-ile-bagli-cinayet-isi-acilib\/#breadcrumb","itemListElement":[{"@type":"ListItem","position":1,"name":"Ana s\u0259hif\u0259","item":"https:\/\/www.meydan.tv\/az\/"},{"@type":"ListItem","position":2,"name":"Sosial","item":"https:\/\/www.meydan.tv\/az\/section\/sosial\/"},{"@type":"ListItem","position":3,"name":"G\u0259mi zavodunda 5 n\u0259f\u0259rin z\u0259h\u0259rl\u0259n\u0259r\u0259k \u00f6lm\u0259si il\u0259 ba\u011fl\u0131 cinay\u0259t i\u015fi a\u00e7\u0131l\u0131b"}]},{"@type":"WebSite","@id":"https:\/\/www.meydan.tv\/az\/#website","url":"https:\/\/www.meydan.tv\/az\/","name":"MEYDAN.TV","description":"Meydan TV Az\u0259rbaycan\u0131n media m\u0259kan\u0131ndak\u0131 alternativ s\u0259sidir","publisher":{"@id":"https:\/\/www.meydan.tv\/az\/#organization"},"potentialAction":[{"@type":"SearchAction","target":{"@type":"EntryPoint","urlTemplate":"https:\/\/www.meydan.tv\/az\/?s={search_term_string}"},"query-input":{"@type":"PropertyValueSpecification","valueRequired":true,"valueName":"search_term_string"}}],"inLanguage":"az"},{"@type":"Organization","@id":"https:\/\/www.meydan.tv\/az\/#organization","name":"Meydan TV","url":"https:\/\/www.meydan.tv\/az\/","logo":{"@type":"ImageObject","inLanguage":"az","@id":"https:\/\/www.meydan.tv\/az\/#\/schema\/logo\/image\/","url":"https:\/\/www.meydan.tv\/wp-content\/uploads\/2021\/07\/meydan-logo.svg","contentUrl":"https:\/\/www.meydan.tv\/wp-content\/uploads\/2021\/07\/meydan-logo.svg","width":195,"height":46,"caption":"Meydan TV"},"image":{"@id":"https:\/\/www.meydan.tv\/az\/#\/schema\/logo\/image\/"}},{"@type":"Person","@id":"https:\/\/www.meydan.tv\/az\/#\/schema\/person\/9cdbecf90d17180ce1dfbd95b08dcf47","name":"elli","sameAs":["https:\/\/x.com\/elli"]}]}},"_links":{"self":[{"href":"https:\/\/www.meydan.tv\/az\/wp-json\/wp\/v2\/posts\/307407","targetHints":{"allow":["GET"]}}],"collection":[{"href":"https:\/\/www.meydan.tv\/az\/wp-json\/wp\/v2\/posts"}],"about":[{"href":"https:\/\/www.meydan.tv\/az\/wp-json\/wp\/v2\/types\/post"}],"author":[{"embeddable":true,"href":"https:\/\/www.meydan.tv\/az\/wp-json\/wp\/v2\/users\/8"}],"replies":[{"embeddable":true,"href":"https:\/\/www.meydan.tv\/az\/wp-json\/wp\/v2\/comments?post=307407"}],"version-history":[{"count":3,"href":"https:\/\/www.meydan.tv\/az\/wp-json\/wp\/v2\/posts\/307407\/revisions"}],"predecessor-version":[{"id":307414,"href":"https:\/\/www.meydan.tv\/az\/wp-json\/wp\/v2\/posts\/307407\/revisions\/307414"}],"wp:featuredmedia":[{"embeddable":true,"href":"https:\/\/www.meydan.tv\/az\/wp-json\/wp\/v2\/media\/252941"}],"wp:attachment":[{"href":"https:\/\/www.meydan.tv\/az\/wp-json\/wp\/v2\/media?parent=307407"}],"wp:term":[{"taxonomy":"category","embeddable":true,"href":"https:\/\/www.meydan.tv\/az\/wp-json\/wp\/v2\/categories?post=307407"},{"taxonomy":"post_tag","embeddable":true,"href":"https:\/\/www.meydan.tv\/az\/wp-json\/wp\/v2\/tags?post=307407"}],"curies":[{"name":"wp","href":"https:\/\/api.w.org\/{rel}","templated":true}]}}