{"id":307393,"date":"2024-06-03T21:59:55","date_gmt":"2024-06-03T17:59:55","guid":{"rendered":"https:\/\/www.meydan.tv\/?p=307393"},"modified":"2024-06-04T12:27:33","modified_gmt":"2024-06-04T08:27:33","slug":"zig-gemi-temiri-ve-tikintisi-zavodunda-5-nefer-heyatini-itirib","status":"publish","type":"post","link":"https:\/\/www.meydan.tv\/az\/article\/zig-gemi-temiri-ve-tikintisi-zavodunda-5-nefer-heyatini-itirib\/","title":{"rendered":"\u201cZ\u0131\u011f&#8221; G\u0259mi T\u0259miri v\u0259 Tikintisi Zavodunda 5 n\u0259f\u0259r h\u0259yat\u0131n\u0131 itirib"},"content":{"rendered":"\n<p><\/p>\n\n\n\n<p><strong><em>\u0130\u015f\u00e7il\u0259rin z\u0259h\u0259rl\u0259ndiyi bildirilir<\/em><\/strong><\/p>\n\n\n\n<p>\u201cAz\u0259rbaycan X\u0259z\u0259r D\u0259niz G\u0259mi\u00e7iliyi\u201d Qapal\u0131 S\u0259hmdar C\u0259miyy\u0259tinin (ASCO) \u201cZ\u0131\u011f&#8221; G\u0259mi T\u0259miri v\u0259 Tikintisi Zavodunda 5 n\u0259f\u0259r i\u015f\u00e7i z\u0259h\u0259rl\u0259n\u0259r\u0259k h\u0259yat\u0131n\u0131 itirib. Hadis\u0259 iyunun 3-d\u0259 ax\u015fam\u00fcst\u00fc saat 17.00 rad\u0259l\u0259rind\u0259 zavodun 61 sayl\u0131 \u00fcz\u0259n t\u0259rsan\u0259sind\u0259 ba\u015f verib.<\/p>\n\n\n\n<p>Hadis\u0259 yerin\u0259 10-a yax\u0131n T\u0259cili Tibbi Yard\u0131m briqadas\u0131 g\u0259lib. 5 n\u0259f\u0259r &#8211; Tural S\u0259f\u0259r\u0259liyev, Namiq Yol\u00e7uyev, Teyyub A\u011fayev, Orxan \u015eahbazov v\u0259 Samid M\u0259mm\u0259dov h\u0259kiml\u0259r g\u0259l\u0259n\u0259 q\u0259d\u0259r \u00f6l\u00fcb. Daha iki n\u0259f\u0259r is\u0259 Kliniki Tibbi M\u0259rk\u0259zin Toksikologiya \u015f\u00f6b\u0259sin\u0259 yerl\u0259\u015fdirilib.<\/p>\n\n\n\n<p>Hadis\u0259 il\u0259 \u0259laq\u0259dar Ba\u015f Prokurorlu\u011fun Kriminalistika v\u0259 informasiya texnologiyalar\u0131 idar\u0259sind\u0259 ara\u015fd\u0131rmalar ba\u015flay\u0131b.<\/p>\n\n\n\n<p><em>\u201cHaz\u0131rda prokurorluq \u0259m\u0259kda\u015flar\u0131 t\u0259r\u0259find\u0259n F\u00f6vq\u0259lad\u0259 Hallar Nazirliyinin X\u00fcsusi Riskli Xilasetm\u0259 Xidm\u0259tinin \u0259m\u0259kda\u015flar\u0131n\u0131n i\u015ftirak\u0131 il\u0259 hadis\u0259 yeri m\u00fcayin\u0259 olunur. El\u0259c\u0259 d\u0259 dig\u0259r z\u0259ruri prosessual h\u0259r\u0259k\u0259tl\u0259r icra edilir. N\u0259tic\u0259si bar\u0259d\u0259 ictimaiyy\u0259t\u0259 \u0259lav\u0259 m\u0259lumat veril\u0259c\u0259k\u201d, &#8211; <\/em>Ba\u015f Prokurorlu\u011fun m\u0259tbuat xidm\u0259tind\u0259n Meydan TV-y\u0259 bildirilib.<\/p>\n","protected":false},"excerpt":{"rendered":"<p>\u0130\u015f\u00e7il\u0259rin z\u0259h\u0259rl\u0259ndiyi bildirilir \u201cAz\u0259rbaycan X\u0259z\u0259r D\u0259niz G\u0259mi\u00e7iliyi\u201d Qapal\u0131 S\u0259hmdar C\u0259miyy\u0259tinin &#8230; <\/p>\n<p class=\"read-more-container\"><a title=\"\u201cZ\u0131\u011f&#8221; G\u0259mi T\u0259miri v\u0259 Tikintisi Zavodunda 5 n\u0259f\u0259r h\u0259yat\u0131n\u0131 itirib\" class=\"read-more button\" href=\"https:\/\/www.meydan.tv\/az\/article\/zig-gemi-temiri-ve-tikintisi-zavodunda-5-nefer-heyatini-itirib\/#more-307393\" aria-label=\"Read more about \u201cZ\u0131\u011f&#8221; G\u0259mi T\u0259miri v\u0259 Tikintisi Zavodunda 5 n\u0259f\u0259r h\u0259yat\u0131n\u0131 itirib\">Davam\u0131<\/a><\/p>\n","protected":false},"author":8,"featured_media":307394,"comment_status":"closed","ping_status":"closed","sticky":false,"template":"","format":"standard","meta":{"_acf_changed":false,"_sitemap_exclude":false,"_sitemap_priority":"","_sitemap_frequency":"","footnotes":""},"categories":[62,79,56],"tags":[],"class_list":["post-307393","post","type-post","status-publish","format-standard","has-post-thumbnail","hentry","category-sosial","category-featured","category-xeberler","infinite-scroll-item","generate-columns","tablet-grid-50","mobile-grid-100","grid-parent","grid-33","no-featured-image-padding"],"acf":[],"yoast_head":"<!-- This site is optimized with the Yoast SEO plugin v27.5 - https:\/\/yoast.com\/product\/yoast-seo-wordpress\/ -->\n<title>\u201cZ\u0131\u011f&quot; G\u0259mi T\u0259miri v\u0259 Tikintisi Zavodunda 5 n\u0259f\u0259r h\u0259yat\u0131n\u0131 itirib - MEYDAN.TV<\/title>\n<meta name=\"robots\" content=\"index, follow, max-snippet:-1, max-image-preview:large, max-video-preview:-1\" \/>\n<link rel=\"canonical\" href=\"https:\/\/www.meydan.tv\/az\/article\/zig-gemi-temiri-ve-tikintisi-zavodunda-5-nefer-heyatini-itirib\/\" \/>\n<meta property=\"og:locale\" content=\"az_AZ\" \/>\n<meta property=\"og:type\" content=\"article\" \/>\n<meta property=\"og:title\" content=\"\u201cZ\u0131\u011f&quot; G\u0259mi T\u0259miri v\u0259 Tikintisi Zavodunda 5 n\u0259f\u0259r h\u0259yat\u0131n\u0131 itirib - MEYDAN.TV\" \/>\n<meta property=\"og:description\" content=\"\u0130\u015f\u00e7il\u0259rin z\u0259h\u0259rl\u0259ndiyi bildirilir \u201cAz\u0259rbaycan X\u0259z\u0259r D\u0259niz G\u0259mi\u00e7iliyi\u201d Qapal\u0131 S\u0259hmdar C\u0259miyy\u0259tinin ... Davam\u0131\" \/>\n<meta property=\"og:url\" content=\"https:\/\/www.meydan.tv\/az\/article\/zig-gemi-temiri-ve-tikintisi-zavodunda-5-nefer-heyatini-itirib\/\" \/>\n<meta property=\"og:site_name\" content=\"MEYDAN.TV\" \/>\n<meta property=\"article:published_time\" content=\"2024-06-03T17:59:55+00:00\" \/>\n<meta property=\"article:modified_time\" content=\"2024-06-04T08:27:33+00:00\" \/>\n<meta property=\"og:image\" content=\"https:\/\/www.meydan.tv\/wp-content\/uploads\/gemi_temiri_131117_02.jpg\" \/>\n\t<meta property=\"og:image:width\" content=\"1200\" \/>\n\t<meta property=\"og:image:height\" content=\"801\" \/>\n\t<meta property=\"og:image:type\" content=\"image\/jpeg\" \/>\n<meta name=\"author\" content=\"elli\" \/>\n<meta name=\"twitter:card\" content=\"summary_large_image\" \/>\n<meta name=\"twitter:creator\" content=\"@elli\" \/>\n<script type=\"application\/ld+json\" class=\"yoast-schema-graph\">{\"@context\":\"https:\\\/\\\/schema.org\",\"@graph\":[{\"@type\":\"Article\",\"@id\":\"https:\\\/\\\/www.meydan.tv\\\/az\\\/article\\\/zig-gemi-temiri-ve-tikintisi-zavodunda-5-nefer-heyatini-itirib\\\/#article\",\"isPartOf\":{\"@id\":\"https:\\\/\\\/www.meydan.tv\\\/az\\\/article\\\/zig-gemi-temiri-ve-tikintisi-zavodunda-5-nefer-heyatini-itirib\\\/\"},\"author\":{\"name\":\"elli\",\"@id\":\"https:\\\/\\\/www.meydan.tv\\\/az\\\/#\\\/schema\\\/person\\\/9cdbecf90d17180ce1dfbd95b08dcf47\"},\"headline\":\"\u201cZ\u0131\u011f&#8221; G\u0259mi T\u0259miri v\u0259 Tikintisi Zavodunda 5 n\u0259f\u0259r h\u0259yat\u0131n\u0131 itirib\",\"datePublished\":\"2024-06-03T17:59:55+00:00\",\"dateModified\":\"2024-06-04T08:27:33+00:00\",\"mainEntityOfPage\":{\"@id\":\"https:\\\/\\\/www.meydan.tv\\\/az\\\/article\\\/zig-gemi-temiri-ve-tikintisi-zavodunda-5-nefer-heyatini-itirib\\\/\"},\"wordCount\":236,\"publisher\":{\"@id\":\"https:\\\/\\\/www.meydan.tv\\\/az\\\/#organization\"},\"image\":{\"@id\":\"https:\\\/\\\/www.meydan.tv\\\/az\\\/article\\\/zig-gemi-temiri-ve-tikintisi-zavodunda-5-nefer-heyatini-itirib\\\/#primaryimage\"},\"thumbnailUrl\":\"https:\\\/\\\/www.meydan.tv\\\/wp-content\\\/uploads\\\/gemi_temiri_131117_02.jpg\",\"articleSection\":[\"Sosial\",\"T\u00f6vsiy\u0259\",\"X\u0259b\u0259rl\u0259r\"],\"inLanguage\":\"az\"},{\"@type\":\"WebPage\",\"@id\":\"https:\\\/\\\/www.meydan.tv\\\/az\\\/article\\\/zig-gemi-temiri-ve-tikintisi-zavodunda-5-nefer-heyatini-itirib\\\/\",\"url\":\"https:\\\/\\\/www.meydan.tv\\\/az\\\/article\\\/zig-gemi-temiri-ve-tikintisi-zavodunda-5-nefer-heyatini-itirib\\\/\",\"name\":\"\u201cZ\u0131\u011f\\\" G\u0259mi T\u0259miri v\u0259 Tikintisi Zavodunda 5 n\u0259f\u0259r h\u0259yat\u0131n\u0131 itirib - MEYDAN.TV\",\"isPartOf\":{\"@id\":\"https:\\\/\\\/www.meydan.tv\\\/az\\\/#website\"},\"primaryImageOfPage\":{\"@id\":\"https:\\\/\\\/www.meydan.tv\\\/az\\\/article\\\/zig-gemi-temiri-ve-tikintisi-zavodunda-5-nefer-heyatini-itirib\\\/#primaryimage\"},\"image\":{\"@id\":\"https:\\\/\\\/www.meydan.tv\\\/az\\\/article\\\/zig-gemi-temiri-ve-tikintisi-zavodunda-5-nefer-heyatini-itirib\\\/#primaryimage\"},\"thumbnailUrl\":\"https:\\\/\\\/www.meydan.tv\\\/wp-content\\\/uploads\\\/gemi_temiri_131117_02.jpg\",\"datePublished\":\"2024-06-03T17:59:55+00:00\",\"dateModified\":\"2024-06-04T08:27:33+00:00\",\"breadcrumb\":{\"@id\":\"https:\\\/\\\/www.meydan.tv\\\/az\\\/article\\\/zig-gemi-temiri-ve-tikintisi-zavodunda-5-nefer-heyatini-itirib\\\/#breadcrumb\"},\"inLanguage\":\"az\",\"potentialAction\":[{\"@type\":\"ReadAction\",\"target\":[\"https:\\\/\\\/www.meydan.tv\\\/az\\\/article\\\/zig-gemi-temiri-ve-tikintisi-zavodunda-5-nefer-heyatini-itirib\\\/\"]}]},{\"@type\":\"ImageObject\",\"inLanguage\":\"az\",\"@id\":\"https:\\\/\\\/www.meydan.tv\\\/az\\\/article\\\/zig-gemi-temiri-ve-tikintisi-zavodunda-5-nefer-heyatini-itirib\\\/#primaryimage\",\"url\":\"https:\\\/\\\/www.meydan.tv\\\/wp-content\\\/uploads\\\/gemi_temiri_131117_02.jpg\",\"contentUrl\":\"https:\\\/\\\/www.meydan.tv\\\/wp-content\\\/uploads\\\/gemi_temiri_131117_02.jpg\",\"width\":1200,\"height\":801,\"caption\":\"\u201cZ\u0131\u011f\\\" G\u0259mi T\u0259miri v\u0259 Tikintisi Zavodu. Foto: \\\"asco.az\\\/az\\\"\"},{\"@type\":\"BreadcrumbList\",\"@id\":\"https:\\\/\\\/www.meydan.tv\\\/az\\\/article\\\/zig-gemi-temiri-ve-tikintisi-zavodunda-5-nefer-heyatini-itirib\\\/#breadcrumb\",\"itemListElement\":[{\"@type\":\"ListItem\",\"position\":1,\"name\":\"Ana s\u0259hif\u0259\",\"item\":\"https:\\\/\\\/www.meydan.tv\\\/az\\\/\"},{\"@type\":\"ListItem\",\"position\":2,\"name\":\"Sosial\",\"item\":\"https:\\\/\\\/www.meydan.tv\\\/az\\\/section\\\/sosial\\\/\"},{\"@type\":\"ListItem\",\"position\":3,\"name\":\"\u201cZ\u0131\u011f&#8221; G\u0259mi T\u0259miri v\u0259 Tikintisi Zavodunda 5 n\u0259f\u0259r h\u0259yat\u0131n\u0131 itirib\"}]},{\"@type\":\"WebSite\",\"@id\":\"https:\\\/\\\/www.meydan.tv\\\/az\\\/#website\",\"url\":\"https:\\\/\\\/www.meydan.tv\\\/az\\\/\",\"name\":\"MEYDAN.TV\",\"description\":\"Meydan TV Az\u0259rbaycan\u0131n media m\u0259kan\u0131ndak\u0131 alternativ s\u0259sidir\",\"publisher\":{\"@id\":\"https:\\\/\\\/www.meydan.tv\\\/az\\\/#organization\"},\"potentialAction\":[{\"@type\":\"SearchAction\",\"target\":{\"@type\":\"EntryPoint\",\"urlTemplate\":\"https:\\\/\\\/www.meydan.tv\\\/az\\\/?s={search_term_string}\"},\"query-input\":{\"@type\":\"PropertyValueSpecification\",\"valueRequired\":true,\"valueName\":\"search_term_string\"}}],\"inLanguage\":\"az\"},{\"@type\":\"Organization\",\"@id\":\"https:\\\/\\\/www.meydan.tv\\\/az\\\/#organization\",\"name\":\"Meydan TV\",\"url\":\"https:\\\/\\\/www.meydan.tv\\\/az\\\/\",\"logo\":{\"@type\":\"ImageObject\",\"inLanguage\":\"az\",\"@id\":\"https:\\\/\\\/www.meydan.tv\\\/az\\\/#\\\/schema\\\/logo\\\/image\\\/\",\"url\":\"https:\\\/\\\/www.meydan.tv\\\/wp-content\\\/uploads\\\/2021\\\/07\\\/meydan-logo.svg\",\"contentUrl\":\"https:\\\/\\\/www.meydan.tv\\\/wp-content\\\/uploads\\\/2021\\\/07\\\/meydan-logo.svg\",\"width\":195,\"height\":46,\"caption\":\"Meydan TV\"},\"image\":{\"@id\":\"https:\\\/\\\/www.meydan.tv\\\/az\\\/#\\\/schema\\\/logo\\\/image\\\/\"}},{\"@type\":\"Person\",\"@id\":\"https:\\\/\\\/www.meydan.tv\\\/az\\\/#\\\/schema\\\/person\\\/9cdbecf90d17180ce1dfbd95b08dcf47\",\"name\":\"elli\",\"sameAs\":[\"https:\\\/\\\/x.com\\\/elli\"]}]}<\/script>\n<!-- \/ Yoast SEO plugin. -->","yoast_head_json":{"title":"\u201cZ\u0131\u011f\" G\u0259mi T\u0259miri v\u0259 Tikintisi Zavodunda 5 n\u0259f\u0259r h\u0259yat\u0131n\u0131 itirib - MEYDAN.TV","robots":{"index":"index","follow":"follow","max-snippet":"max-snippet:-1","max-image-preview":"max-image-preview:large","max-video-preview":"max-video-preview:-1"},"canonical":"https:\/\/www.meydan.tv\/az\/article\/zig-gemi-temiri-ve-tikintisi-zavodunda-5-nefer-heyatini-itirib\/","og_locale":"az_AZ","og_type":"article","og_title":"\u201cZ\u0131\u011f\" G\u0259mi T\u0259miri v\u0259 Tikintisi Zavodunda 5 n\u0259f\u0259r h\u0259yat\u0131n\u0131 itirib - MEYDAN.TV","og_description":"\u0130\u015f\u00e7il\u0259rin z\u0259h\u0259rl\u0259ndiyi bildirilir \u201cAz\u0259rbaycan X\u0259z\u0259r D\u0259niz G\u0259mi\u00e7iliyi\u201d Qapal\u0131 S\u0259hmdar C\u0259miyy\u0259tinin ... Davam\u0131","og_url":"https:\/\/www.meydan.tv\/az\/article\/zig-gemi-temiri-ve-tikintisi-zavodunda-5-nefer-heyatini-itirib\/","og_site_name":"MEYDAN.TV","article_published_time":"2024-06-03T17:59:55+00:00","article_modified_time":"2024-06-04T08:27:33+00:00","og_image":[{"width":1200,"height":801,"url":"https:\/\/www.meydan.tv\/wp-content\/uploads\/gemi_temiri_131117_02.jpg","type":"image\/jpeg"}],"author":"elli","twitter_card":"summary_large_image","twitter_creator":"@elli","schema":{"@context":"https:\/\/schema.org","@graph":[{"@type":"Article","@id":"https:\/\/www.meydan.tv\/az\/article\/zig-gemi-temiri-ve-tikintisi-zavodunda-5-nefer-heyatini-itirib\/#article","isPartOf":{"@id":"https:\/\/www.meydan.tv\/az\/article\/zig-gemi-temiri-ve-tikintisi-zavodunda-5-nefer-heyatini-itirib\/"},"author":{"name":"elli","@id":"https:\/\/www.meydan.tv\/az\/#\/schema\/person\/9cdbecf90d17180ce1dfbd95b08dcf47"},"headline":"\u201cZ\u0131\u011f&#8221; G\u0259mi T\u0259miri v\u0259 Tikintisi Zavodunda 5 n\u0259f\u0259r h\u0259yat\u0131n\u0131 itirib","datePublished":"2024-06-03T17:59:55+00:00","dateModified":"2024-06-04T08:27:33+00:00","mainEntityOfPage":{"@id":"https:\/\/www.meydan.tv\/az\/article\/zig-gemi-temiri-ve-tikintisi-zavodunda-5-nefer-heyatini-itirib\/"},"wordCount":236,"publisher":{"@id":"https:\/\/www.meydan.tv\/az\/#organization"},"image":{"@id":"https:\/\/www.meydan.tv\/az\/article\/zig-gemi-temiri-ve-tikintisi-zavodunda-5-nefer-heyatini-itirib\/#primaryimage"},"thumbnailUrl":"https:\/\/www.meydan.tv\/wp-content\/uploads\/gemi_temiri_131117_02.jpg","articleSection":["Sosial","T\u00f6vsiy\u0259","X\u0259b\u0259rl\u0259r"],"inLanguage":"az"},{"@type":"WebPage","@id":"https:\/\/www.meydan.tv\/az\/article\/zig-gemi-temiri-ve-tikintisi-zavodunda-5-nefer-heyatini-itirib\/","url":"https:\/\/www.meydan.tv\/az\/article\/zig-gemi-temiri-ve-tikintisi-zavodunda-5-nefer-heyatini-itirib\/","name":"\u201cZ\u0131\u011f\" G\u0259mi T\u0259miri v\u0259 Tikintisi Zavodunda 5 n\u0259f\u0259r h\u0259yat\u0131n\u0131 itirib - MEYDAN.TV","isPartOf":{"@id":"https:\/\/www.meydan.tv\/az\/#website"},"primaryImageOfPage":{"@id":"https:\/\/www.meydan.tv\/az\/article\/zig-gemi-temiri-ve-tikintisi-zavodunda-5-nefer-heyatini-itirib\/#primaryimage"},"image":{"@id":"https:\/\/www.meydan.tv\/az\/article\/zig-gemi-temiri-ve-tikintisi-zavodunda-5-nefer-heyatini-itirib\/#primaryimage"},"thumbnailUrl":"https:\/\/www.meydan.tv\/wp-content\/uploads\/gemi_temiri_131117_02.jpg","datePublished":"2024-06-03T17:59:55+00:00","dateModified":"2024-06-04T08:27:33+00:00","breadcrumb":{"@id":"https:\/\/www.meydan.tv\/az\/article\/zig-gemi-temiri-ve-tikintisi-zavodunda-5-nefer-heyatini-itirib\/#breadcrumb"},"inLanguage":"az","potentialAction":[{"@type":"ReadAction","target":["https:\/\/www.meydan.tv\/az\/article\/zig-gemi-temiri-ve-tikintisi-zavodunda-5-nefer-heyatini-itirib\/"]}]},{"@type":"ImageObject","inLanguage":"az","@id":"https:\/\/www.meydan.tv\/az\/article\/zig-gemi-temiri-ve-tikintisi-zavodunda-5-nefer-heyatini-itirib\/#primaryimage","url":"https:\/\/www.meydan.tv\/wp-content\/uploads\/gemi_temiri_131117_02.jpg","contentUrl":"https:\/\/www.meydan.tv\/wp-content\/uploads\/gemi_temiri_131117_02.jpg","width":1200,"height":801,"caption":"\u201cZ\u0131\u011f\" G\u0259mi T\u0259miri v\u0259 Tikintisi Zavodu. Foto: \"asco.az\/az\""},{"@type":"BreadcrumbList","@id":"https:\/\/www.meydan.tv\/az\/article\/zig-gemi-temiri-ve-tikintisi-zavodunda-5-nefer-heyatini-itirib\/#breadcrumb","itemListElement":[{"@type":"ListItem","position":1,"name":"Ana s\u0259hif\u0259","item":"https:\/\/www.meydan.tv\/az\/"},{"@type":"ListItem","position":2,"name":"Sosial","item":"https:\/\/www.meydan.tv\/az\/section\/sosial\/"},{"@type":"ListItem","position":3,"name":"\u201cZ\u0131\u011f&#8221; G\u0259mi T\u0259miri v\u0259 Tikintisi Zavodunda 5 n\u0259f\u0259r h\u0259yat\u0131n\u0131 itirib"}]},{"@type":"WebSite","@id":"https:\/\/www.meydan.tv\/az\/#website","url":"https:\/\/www.meydan.tv\/az\/","name":"MEYDAN.TV","description":"Meydan TV Az\u0259rbaycan\u0131n media m\u0259kan\u0131ndak\u0131 alternativ s\u0259sidir","publisher":{"@id":"https:\/\/www.meydan.tv\/az\/#organization"},"potentialAction":[{"@type":"SearchAction","target":{"@type":"EntryPoint","urlTemplate":"https:\/\/www.meydan.tv\/az\/?s={search_term_string}"},"query-input":{"@type":"PropertyValueSpecification","valueRequired":true,"valueName":"search_term_string"}}],"inLanguage":"az"},{"@type":"Organization","@id":"https:\/\/www.meydan.tv\/az\/#organization","name":"Meydan TV","url":"https:\/\/www.meydan.tv\/az\/","logo":{"@type":"ImageObject","inLanguage":"az","@id":"https:\/\/www.meydan.tv\/az\/#\/schema\/logo\/image\/","url":"https:\/\/www.meydan.tv\/wp-content\/uploads\/2021\/07\/meydan-logo.svg","contentUrl":"https:\/\/www.meydan.tv\/wp-content\/uploads\/2021\/07\/meydan-logo.svg","width":195,"height":46,"caption":"Meydan TV"},"image":{"@id":"https:\/\/www.meydan.tv\/az\/#\/schema\/logo\/image\/"}},{"@type":"Person","@id":"https:\/\/www.meydan.tv\/az\/#\/schema\/person\/9cdbecf90d17180ce1dfbd95b08dcf47","name":"elli","sameAs":["https:\/\/x.com\/elli"]}]}},"_links":{"self":[{"href":"https:\/\/www.meydan.tv\/az\/wp-json\/wp\/v2\/posts\/307393","targetHints":{"allow":["GET"]}}],"collection":[{"href":"https:\/\/www.meydan.tv\/az\/wp-json\/wp\/v2\/posts"}],"about":[{"href":"https:\/\/www.meydan.tv\/az\/wp-json\/wp\/v2\/types\/post"}],"author":[{"embeddable":true,"href":"https:\/\/www.meydan.tv\/az\/wp-json\/wp\/v2\/users\/8"}],"replies":[{"embeddable":true,"href":"https:\/\/www.meydan.tv\/az\/wp-json\/wp\/v2\/comments?post=307393"}],"version-history":[{"count":4,"href":"https:\/\/www.meydan.tv\/az\/wp-json\/wp\/v2\/posts\/307393\/revisions"}],"predecessor-version":[{"id":307415,"href":"https:\/\/www.meydan.tv\/az\/wp-json\/wp\/v2\/posts\/307393\/revisions\/307415"}],"wp:featuredmedia":[{"embeddable":true,"href":"https:\/\/www.meydan.tv\/az\/wp-json\/wp\/v2\/media\/307394"}],"wp:attachment":[{"href":"https:\/\/www.meydan.tv\/az\/wp-json\/wp\/v2\/media?parent=307393"}],"wp:term":[{"taxonomy":"category","embeddable":true,"href":"https:\/\/www.meydan.tv\/az\/wp-json\/wp\/v2\/categories?post=307393"},{"taxonomy":"post_tag","embeddable":true,"href":"https:\/\/www.meydan.tv\/az\/wp-json\/wp\/v2\/tags?post=307393"}],"curies":[{"name":"wp","href":"https:\/\/api.w.org\/{rel}","templated":true}]}}