{"id":307360,"date":"2024-06-03T13:52:41","date_gmt":"2024-06-03T09:52:41","guid":{"rendered":"https:\/\/www.meydan.tv\/?p=307360"},"modified":"2024-06-03T13:52:43","modified_gmt":"2024-06-03T09:52:43","slug":"azerbaycanda-niye-kutlevi-mitinqler-kecirilmir","status":"publish","type":"post","link":"https:\/\/www.meydan.tv\/az\/article\/azerbaycanda-niye-kutlevi-mitinqler-kecirilmir\/","title":{"rendered":"Az\u0259rbaycanda niy\u0259 k\u00fctl\u0259vi mitinql\u0259r ke\u00e7irilmir?"},"content":{"rendered":"\n<figure class=\"wp-block-embed is-type-video is-provider-youtube wp-block-embed-youtube wp-embed-aspect-16-9 wp-has-aspect-ratio\"><div class=\"wp-block-embed__wrapper\">\n<iframe title=\"Az\u0259rbaycanda niy\u0259 k\u00fctl\u0259vi mitinql\u0259r ke\u00e7irilmir?\" width=\"1200\" height=\"675\" data-src=\"https:\/\/www.youtube.com\/embed\/3n2o6tGhT7Y?feature=oembed\" frameborder=\"0\" allow=\"accelerometer; autoplay; clipboard-write; encrypted-media; gyroscope; picture-in-picture; web-share\" referrerpolicy=\"strict-origin-when-cross-origin\" allowfullscreen src=\"data:image\/svg+xml;base64,PHN2ZyB3aWR0aD0iMSIgaGVpZ2h0PSIxIiB4bWxucz0iaHR0cDovL3d3dy53My5vcmcvMjAwMC9zdmciPjwvc3ZnPg==\" class=\"lazyload\" data-load-mode=\"1\"><\/iframe>\n<\/div><\/figure>\n\n\n\n<!--more-->\n\n\n\n<p><\/p>\n\n\n\n<p>S\u0259rh\u0259din o tay\u0131nda son ill\u0259rin \u0259n ehti\u015faml\u0131 mitinql\u0259ri ke\u00e7irilir. Tbilisid\u0259 insanlar k\u00fc\u00e7\u0259l\u0259r\u0259 ax\u0131\u015f\u0131b t\u0259l\u0259bl\u0259rini s\u0259sl\u0259ndirirl\u0259r. S\u0259rh\u0259ddin bu tay\u0131nda is\u0259 s\u0259sl\u0259r el\u0259 be\u015fikd\u0259c\u0259 bo\u011fulur.<\/p>\n\n\n\n<p>Hakimiyy\u0259ti boyunca m\u00fcxalif s\u0259sl\u0259ri susduran \u018fliyev iqtidar\u0131 zaman-zaman etiraz ed\u0259n k\u0259sim\u0259 qar\u015f\u0131 repressiya dal\u011fas\u0131 ba\u015flad\u0131r. \u00d6t\u0259n ilin sonu ba\u015flayan bu dal\u011fa yeni yaranan siyasi v\u0259 ictimai platformalar\u0131 s\u0131radan \u00e7\u0131xard\u0131. \u0130ki m\u00fcst\u0259qil median\u0131n ofisi qapad\u0131ld\u0131, \u0259m\u0259kda\u015flar\u0131 h\u0259bs olundu. \u0130lham \u018fliyevs\u0259 dayanmaq bilmir.<\/p>\n\n\n\n<p>Az\u0259rbaycanda m\u00fcxalif\u0259t 5 il\u0259 yax\u0131nd\u0131r k\u00fctl\u0259vi mitinql\u0259r t\u0259\u015fkil ed\u0259 bilmir. Az\u0259rbaycan Xalq C\u0259bh\u0259si Partiyas\u0131 3 d\u0259f\u0259 Bak\u0131 \u015e\u0259h\u0259r \u0130cra Hakimiyy\u0259tin\u0259 m\u00fcraci\u0259t ets\u0259 d\u0259, h\u0259r d\u0259f\u0259 d\u0259 \u201cyox\u201d cavab\u0131 al\u0131b. Mitinql\u0259rin ke\u00e7irilm\u0259si m\u0259qbul hesab olunmay\u0131b.<\/p>\n\n\n\n<p>Partiya s\u0259dri m\u00fc\u015fahid\u0259l\u0259rin\u0259 g\u00f6r\u0259 deyir ki, hakimiyy\u0259tin raz\u0131l\u0131q verm\u0259diyi aksiyalara sad\u0259 insanlar \u00e7\u0131xma\u011fa \u00e7\u0259kinir. \u0130\u015fd\u0259n \u00e7\u0131xar\u0131lma, t\u0259hdid, h\u0259bs, i\u015fg\u0259nc\u0259 &#8211; mitinq\u0259 \u00e7\u0131xanlar bu b\u0259d\u0259ll\u0259ri \u00f6d\u0259m\u0259li olur. <\/p>\n\n\n\n<p>B\u0259s Bak\u0131 sakinl\u0259ri n\u0259 d\u00fc\u015f\u00fcn\u00fcr?  \u00d6lk\u0259d\u0259 niy\u0259 etiraz aksiyalar\u0131 ke\u00e7irilmir?<\/p>\n\n\n\n<p>Siyasi \u015f\u0259rh\u00e7i Az\u0259r Qas\u0131ml\u0131n\u0131n fikrinc\u0259, Az\u0259rbaycanda totalitar rejimin formala\u015fmas\u0131nda iqtidar q\u0259d\u0259r m\u00fcxalif\u0259tin d\u0259 rolu var.<\/p>\n\n\n\n<p>C\u0259miyy\u0259tin s\u0259rb\u0259st topla\u015fmaq azadl\u0131\u011f\u0131n\u0131 n\u0259 zaman geri qazanaca\u011f\u0131 b\u0259lli deyil. N\u0259tic\u0259d\u0259 etiraz etm\u0259k t\u0259kc\u0259 haqs\u0131zl\u0131qlara qar\u015f\u0131 bir reaksiya deyil, daha azad v\u0259 \u0259dal\u0259tli g\u0259l\u0259c\u0259k \u00fc\u00e7\u00fcn bir \u00fcmiddir.<\/p>\n","protected":false},"excerpt":{"rendered":"","protected":false},"author":12,"featured_media":307361,"comment_status":"closed","ping_status":"closed","sticky":false,"template":"","format":"standard","meta":{"_acf_changed":false,"_sitemap_exclude":false,"_sitemap_priority":"","_sitemap_frequency":"","footnotes":""},"categories":[59,63],"tags":[],"class_list":["post-307360","post","type-post","status-publish","format-standard","has-post-thumbnail","hentry","category-siyaset","category-video-2","infinite-scroll-item","generate-columns","tablet-grid-50","mobile-grid-100","grid-parent","grid-33","no-featured-image-padding"],"acf":[],"yoast_head":"<!-- This site is optimized with the Yoast SEO plugin v27.4 - https:\/\/yoast.com\/product\/yoast-seo-wordpress\/ -->\n<title>Az\u0259rbaycanda niy\u0259 k\u00fctl\u0259vi mitinql\u0259r ke\u00e7irilmir? - MEYDAN.TV<\/title>\n<meta name=\"robots\" content=\"index, follow, max-snippet:-1, max-image-preview:large, max-video-preview:-1\" \/>\n<link rel=\"canonical\" href=\"https:\/\/www.meydan.tv\/az\/article\/azerbaycanda-niye-kutlevi-mitinqler-kecirilmir\/\" \/>\n<meta property=\"og:locale\" content=\"az_AZ\" \/>\n<meta property=\"og:type\" content=\"article\" \/>\n<meta property=\"og:title\" content=\"Az\u0259rbaycanda niy\u0259 k\u00fctl\u0259vi mitinql\u0259r ke\u00e7irilmir? - MEYDAN.TV\" \/>\n<meta property=\"og:url\" content=\"https:\/\/www.meydan.tv\/az\/article\/azerbaycanda-niye-kutlevi-mitinqler-kecirilmir\/\" \/>\n<meta property=\"og:site_name\" content=\"MEYDAN.TV\" \/>\n<meta property=\"article:published_time\" content=\"2024-06-03T09:52:41+00:00\" \/>\n<meta property=\"article:modified_time\" content=\"2024-06-03T09:52:43+00:00\" \/>\n<meta property=\"og:image\" content=\"https:\/\/www.meydan.tv\/wp-content\/uploads\/reportaj-cover-8-7.png\" \/>\n\t<meta property=\"og:image:width\" content=\"1280\" \/>\n\t<meta property=\"og:image:height\" content=\"720\" \/>\n\t<meta property=\"og:image:type\" content=\"image\/png\" \/>\n<meta name=\"author\" content=\"aleks\" \/>\n<meta name=\"twitter:card\" content=\"summary_large_image\" \/>\n<script type=\"application\/ld+json\" class=\"yoast-schema-graph\">{\"@context\":\"https:\\\/\\\/schema.org\",\"@graph\":[{\"@type\":\"Article\",\"@id\":\"https:\\\/\\\/www.meydan.tv\\\/az\\\/article\\\/azerbaycanda-niye-kutlevi-mitinqler-kecirilmir\\\/#article\",\"isPartOf\":{\"@id\":\"https:\\\/\\\/www.meydan.tv\\\/az\\\/article\\\/azerbaycanda-niye-kutlevi-mitinqler-kecirilmir\\\/\"},\"author\":{\"name\":\"aleks\",\"@id\":\"https:\\\/\\\/www.meydan.tv\\\/az\\\/#\\\/schema\\\/person\\\/476e9360e593fa131d5d71d51866f8da\"},\"headline\":\"Az\u0259rbaycanda niy\u0259 k\u00fctl\u0259vi mitinql\u0259r ke\u00e7irilmir?\",\"datePublished\":\"2024-06-03T09:52:41+00:00\",\"dateModified\":\"2024-06-03T09:52:43+00:00\",\"mainEntityOfPage\":{\"@id\":\"https:\\\/\\\/www.meydan.tv\\\/az\\\/article\\\/azerbaycanda-niye-kutlevi-mitinqler-kecirilmir\\\/\"},\"wordCount\":316,\"publisher\":{\"@id\":\"https:\\\/\\\/www.meydan.tv\\\/az\\\/#organization\"},\"image\":{\"@id\":\"https:\\\/\\\/www.meydan.tv\\\/az\\\/article\\\/azerbaycanda-niye-kutlevi-mitinqler-kecirilmir\\\/#primaryimage\"},\"thumbnailUrl\":\"https:\\\/\\\/www.meydan.tv\\\/wp-content\\\/uploads\\\/reportaj-cover-8-7.png\",\"articleSection\":[\"Siyas\u0259t\",\"Video\"],\"inLanguage\":\"az\"},{\"@type\":\"WebPage\",\"@id\":\"https:\\\/\\\/www.meydan.tv\\\/az\\\/article\\\/azerbaycanda-niye-kutlevi-mitinqler-kecirilmir\\\/\",\"url\":\"https:\\\/\\\/www.meydan.tv\\\/az\\\/article\\\/azerbaycanda-niye-kutlevi-mitinqler-kecirilmir\\\/\",\"name\":\"Az\u0259rbaycanda niy\u0259 k\u00fctl\u0259vi mitinql\u0259r ke\u00e7irilmir? - MEYDAN.TV\",\"isPartOf\":{\"@id\":\"https:\\\/\\\/www.meydan.tv\\\/az\\\/#website\"},\"primaryImageOfPage\":{\"@id\":\"https:\\\/\\\/www.meydan.tv\\\/az\\\/article\\\/azerbaycanda-niye-kutlevi-mitinqler-kecirilmir\\\/#primaryimage\"},\"image\":{\"@id\":\"https:\\\/\\\/www.meydan.tv\\\/az\\\/article\\\/azerbaycanda-niye-kutlevi-mitinqler-kecirilmir\\\/#primaryimage\"},\"thumbnailUrl\":\"https:\\\/\\\/www.meydan.tv\\\/wp-content\\\/uploads\\\/reportaj-cover-8-7.png\",\"datePublished\":\"2024-06-03T09:52:41+00:00\",\"dateModified\":\"2024-06-03T09:52:43+00:00\",\"breadcrumb\":{\"@id\":\"https:\\\/\\\/www.meydan.tv\\\/az\\\/article\\\/azerbaycanda-niye-kutlevi-mitinqler-kecirilmir\\\/#breadcrumb\"},\"inLanguage\":\"az\",\"potentialAction\":[{\"@type\":\"ReadAction\",\"target\":[\"https:\\\/\\\/www.meydan.tv\\\/az\\\/article\\\/azerbaycanda-niye-kutlevi-mitinqler-kecirilmir\\\/\"]}]},{\"@type\":\"ImageObject\",\"inLanguage\":\"az\",\"@id\":\"https:\\\/\\\/www.meydan.tv\\\/az\\\/article\\\/azerbaycanda-niye-kutlevi-mitinqler-kecirilmir\\\/#primaryimage\",\"url\":\"https:\\\/\\\/www.meydan.tv\\\/wp-content\\\/uploads\\\/reportaj-cover-8-7.png\",\"contentUrl\":\"https:\\\/\\\/www.meydan.tv\\\/wp-content\\\/uploads\\\/reportaj-cover-8-7.png\",\"width\":1280,\"height\":720},{\"@type\":\"BreadcrumbList\",\"@id\":\"https:\\\/\\\/www.meydan.tv\\\/az\\\/article\\\/azerbaycanda-niye-kutlevi-mitinqler-kecirilmir\\\/#breadcrumb\",\"itemListElement\":[{\"@type\":\"ListItem\",\"position\":1,\"name\":\"Ana s\u0259hif\u0259\",\"item\":\"https:\\\/\\\/www.meydan.tv\\\/az\\\/\"},{\"@type\":\"ListItem\",\"position\":2,\"name\":\"Video\",\"item\":\"https:\\\/\\\/www.meydan.tv\\\/az\\\/section\\\/video-2\\\/\"},{\"@type\":\"ListItem\",\"position\":3,\"name\":\"Az\u0259rbaycanda niy\u0259 k\u00fctl\u0259vi mitinql\u0259r ke\u00e7irilmir?\"}]},{\"@type\":\"WebSite\",\"@id\":\"https:\\\/\\\/www.meydan.tv\\\/az\\\/#website\",\"url\":\"https:\\\/\\\/www.meydan.tv\\\/az\\\/\",\"name\":\"MEYDAN.TV\",\"description\":\"Meydan TV Az\u0259rbaycan\u0131n media m\u0259kan\u0131ndak\u0131 alternativ s\u0259sidir\",\"publisher\":{\"@id\":\"https:\\\/\\\/www.meydan.tv\\\/az\\\/#organization\"},\"potentialAction\":[{\"@type\":\"SearchAction\",\"target\":{\"@type\":\"EntryPoint\",\"urlTemplate\":\"https:\\\/\\\/www.meydan.tv\\\/az\\\/?s={search_term_string}\"},\"query-input\":{\"@type\":\"PropertyValueSpecification\",\"valueRequired\":true,\"valueName\":\"search_term_string\"}}],\"inLanguage\":\"az\"},{\"@type\":\"Organization\",\"@id\":\"https:\\\/\\\/www.meydan.tv\\\/az\\\/#organization\",\"name\":\"Meydan TV\",\"url\":\"https:\\\/\\\/www.meydan.tv\\\/az\\\/\",\"logo\":{\"@type\":\"ImageObject\",\"inLanguage\":\"az\",\"@id\":\"https:\\\/\\\/www.meydan.tv\\\/az\\\/#\\\/schema\\\/logo\\\/image\\\/\",\"url\":\"https:\\\/\\\/www.meydan.tv\\\/wp-content\\\/uploads\\\/2021\\\/07\\\/meydan-logo.svg\",\"contentUrl\":\"https:\\\/\\\/www.meydan.tv\\\/wp-content\\\/uploads\\\/2021\\\/07\\\/meydan-logo.svg\",\"width\":195,\"height\":46,\"caption\":\"Meydan TV\"},\"image\":{\"@id\":\"https:\\\/\\\/www.meydan.tv\\\/az\\\/#\\\/schema\\\/logo\\\/image\\\/\"}},{\"@type\":\"Person\",\"@id\":\"https:\\\/\\\/www.meydan.tv\\\/az\\\/#\\\/schema\\\/person\\\/476e9360e593fa131d5d71d51866f8da\",\"name\":\"aleks\"}]}<\/script>\n<!-- \/ Yoast SEO plugin. -->","yoast_head_json":{"title":"Az\u0259rbaycanda niy\u0259 k\u00fctl\u0259vi mitinql\u0259r ke\u00e7irilmir? - MEYDAN.TV","robots":{"index":"index","follow":"follow","max-snippet":"max-snippet:-1","max-image-preview":"max-image-preview:large","max-video-preview":"max-video-preview:-1"},"canonical":"https:\/\/www.meydan.tv\/az\/article\/azerbaycanda-niye-kutlevi-mitinqler-kecirilmir\/","og_locale":"az_AZ","og_type":"article","og_title":"Az\u0259rbaycanda niy\u0259 k\u00fctl\u0259vi mitinql\u0259r ke\u00e7irilmir? - MEYDAN.TV","og_url":"https:\/\/www.meydan.tv\/az\/article\/azerbaycanda-niye-kutlevi-mitinqler-kecirilmir\/","og_site_name":"MEYDAN.TV","article_published_time":"2024-06-03T09:52:41+00:00","article_modified_time":"2024-06-03T09:52:43+00:00","og_image":[{"width":1280,"height":720,"url":"https:\/\/www.meydan.tv\/wp-content\/uploads\/reportaj-cover-8-7.png","type":"image\/png"}],"author":"aleks","twitter_card":"summary_large_image","schema":{"@context":"https:\/\/schema.org","@graph":[{"@type":"Article","@id":"https:\/\/www.meydan.tv\/az\/article\/azerbaycanda-niye-kutlevi-mitinqler-kecirilmir\/#article","isPartOf":{"@id":"https:\/\/www.meydan.tv\/az\/article\/azerbaycanda-niye-kutlevi-mitinqler-kecirilmir\/"},"author":{"name":"aleks","@id":"https:\/\/www.meydan.tv\/az\/#\/schema\/person\/476e9360e593fa131d5d71d51866f8da"},"headline":"Az\u0259rbaycanda niy\u0259 k\u00fctl\u0259vi mitinql\u0259r ke\u00e7irilmir?","datePublished":"2024-06-03T09:52:41+00:00","dateModified":"2024-06-03T09:52:43+00:00","mainEntityOfPage":{"@id":"https:\/\/www.meydan.tv\/az\/article\/azerbaycanda-niye-kutlevi-mitinqler-kecirilmir\/"},"wordCount":316,"publisher":{"@id":"https:\/\/www.meydan.tv\/az\/#organization"},"image":{"@id":"https:\/\/www.meydan.tv\/az\/article\/azerbaycanda-niye-kutlevi-mitinqler-kecirilmir\/#primaryimage"},"thumbnailUrl":"https:\/\/www.meydan.tv\/wp-content\/uploads\/reportaj-cover-8-7.png","articleSection":["Siyas\u0259t","Video"],"inLanguage":"az"},{"@type":"WebPage","@id":"https:\/\/www.meydan.tv\/az\/article\/azerbaycanda-niye-kutlevi-mitinqler-kecirilmir\/","url":"https:\/\/www.meydan.tv\/az\/article\/azerbaycanda-niye-kutlevi-mitinqler-kecirilmir\/","name":"Az\u0259rbaycanda niy\u0259 k\u00fctl\u0259vi mitinql\u0259r ke\u00e7irilmir? - MEYDAN.TV","isPartOf":{"@id":"https:\/\/www.meydan.tv\/az\/#website"},"primaryImageOfPage":{"@id":"https:\/\/www.meydan.tv\/az\/article\/azerbaycanda-niye-kutlevi-mitinqler-kecirilmir\/#primaryimage"},"image":{"@id":"https:\/\/www.meydan.tv\/az\/article\/azerbaycanda-niye-kutlevi-mitinqler-kecirilmir\/#primaryimage"},"thumbnailUrl":"https:\/\/www.meydan.tv\/wp-content\/uploads\/reportaj-cover-8-7.png","datePublished":"2024-06-03T09:52:41+00:00","dateModified":"2024-06-03T09:52:43+00:00","breadcrumb":{"@id":"https:\/\/www.meydan.tv\/az\/article\/azerbaycanda-niye-kutlevi-mitinqler-kecirilmir\/#breadcrumb"},"inLanguage":"az","potentialAction":[{"@type":"ReadAction","target":["https:\/\/www.meydan.tv\/az\/article\/azerbaycanda-niye-kutlevi-mitinqler-kecirilmir\/"]}]},{"@type":"ImageObject","inLanguage":"az","@id":"https:\/\/www.meydan.tv\/az\/article\/azerbaycanda-niye-kutlevi-mitinqler-kecirilmir\/#primaryimage","url":"https:\/\/www.meydan.tv\/wp-content\/uploads\/reportaj-cover-8-7.png","contentUrl":"https:\/\/www.meydan.tv\/wp-content\/uploads\/reportaj-cover-8-7.png","width":1280,"height":720},{"@type":"BreadcrumbList","@id":"https:\/\/www.meydan.tv\/az\/article\/azerbaycanda-niye-kutlevi-mitinqler-kecirilmir\/#breadcrumb","itemListElement":[{"@type":"ListItem","position":1,"name":"Ana s\u0259hif\u0259","item":"https:\/\/www.meydan.tv\/az\/"},{"@type":"ListItem","position":2,"name":"Video","item":"https:\/\/www.meydan.tv\/az\/section\/video-2\/"},{"@type":"ListItem","position":3,"name":"Az\u0259rbaycanda niy\u0259 k\u00fctl\u0259vi mitinql\u0259r ke\u00e7irilmir?"}]},{"@type":"WebSite","@id":"https:\/\/www.meydan.tv\/az\/#website","url":"https:\/\/www.meydan.tv\/az\/","name":"MEYDAN.TV","description":"Meydan TV Az\u0259rbaycan\u0131n media m\u0259kan\u0131ndak\u0131 alternativ s\u0259sidir","publisher":{"@id":"https:\/\/www.meydan.tv\/az\/#organization"},"potentialAction":[{"@type":"SearchAction","target":{"@type":"EntryPoint","urlTemplate":"https:\/\/www.meydan.tv\/az\/?s={search_term_string}"},"query-input":{"@type":"PropertyValueSpecification","valueRequired":true,"valueName":"search_term_string"}}],"inLanguage":"az"},{"@type":"Organization","@id":"https:\/\/www.meydan.tv\/az\/#organization","name":"Meydan TV","url":"https:\/\/www.meydan.tv\/az\/","logo":{"@type":"ImageObject","inLanguage":"az","@id":"https:\/\/www.meydan.tv\/az\/#\/schema\/logo\/image\/","url":"https:\/\/www.meydan.tv\/wp-content\/uploads\/2021\/07\/meydan-logo.svg","contentUrl":"https:\/\/www.meydan.tv\/wp-content\/uploads\/2021\/07\/meydan-logo.svg","width":195,"height":46,"caption":"Meydan TV"},"image":{"@id":"https:\/\/www.meydan.tv\/az\/#\/schema\/logo\/image\/"}},{"@type":"Person","@id":"https:\/\/www.meydan.tv\/az\/#\/schema\/person\/476e9360e593fa131d5d71d51866f8da","name":"aleks"}]}},"_links":{"self":[{"href":"https:\/\/www.meydan.tv\/az\/wp-json\/wp\/v2\/posts\/307360","targetHints":{"allow":["GET"]}}],"collection":[{"href":"https:\/\/www.meydan.tv\/az\/wp-json\/wp\/v2\/posts"}],"about":[{"href":"https:\/\/www.meydan.tv\/az\/wp-json\/wp\/v2\/types\/post"}],"author":[{"embeddable":true,"href":"https:\/\/www.meydan.tv\/az\/wp-json\/wp\/v2\/users\/12"}],"replies":[{"embeddable":true,"href":"https:\/\/www.meydan.tv\/az\/wp-json\/wp\/v2\/comments?post=307360"}],"version-history":[{"count":3,"href":"https:\/\/www.meydan.tv\/az\/wp-json\/wp\/v2\/posts\/307360\/revisions"}],"predecessor-version":[{"id":307367,"href":"https:\/\/www.meydan.tv\/az\/wp-json\/wp\/v2\/posts\/307360\/revisions\/307367"}],"wp:featuredmedia":[{"embeddable":true,"href":"https:\/\/www.meydan.tv\/az\/wp-json\/wp\/v2\/media\/307361"}],"wp:attachment":[{"href":"https:\/\/www.meydan.tv\/az\/wp-json\/wp\/v2\/media?parent=307360"}],"wp:term":[{"taxonomy":"category","embeddable":true,"href":"https:\/\/www.meydan.tv\/az\/wp-json\/wp\/v2\/categories?post=307360"},{"taxonomy":"post_tag","embeddable":true,"href":"https:\/\/www.meydan.tv\/az\/wp-json\/wp\/v2\/tags?post=307360"}],"curies":[{"name":"wp","href":"https:\/\/api.w.org\/{rel}","templated":true}]}}