{"id":307277,"date":"2024-06-01T15:58:13","date_gmt":"2024-06-01T11:58:13","guid":{"rendered":"https:\/\/www.meydan.tv\/?p=307277"},"modified":"2024-06-01T18:42:31","modified_gmt":"2024-06-01T14:42:31","slug":"ferid-mehralizade-haqqinda-hebs-qerari-verilib","status":"publish","type":"post","link":"https:\/\/www.meydan.tv\/az\/article\/ferid-mehralizade-haqqinda-hebs-qerari-verilib\/","title":{"rendered":"F\u0259rid Mehral\u0131zad\u0259 haqq\u0131nda h\u0259bs q\u0259rar\u0131 verilib"},"content":{"rendered":"\n<figure class=\"wp-block-embed is-type-video is-provider-youtube wp-block-embed-youtube wp-embed-aspect-16-9 wp-has-aspect-ratio\"><div class=\"wp-block-embed__wrapper\">\n<iframe title=\"\u201cF\u0259rid Mehral\u0131zad\u0259 saxlan\u0131lark\u0259n ba\u015f\u0131na torba ke\u00e7irilib, yoldan o\u011furlan\u0131b\u201d\" width=\"1200\" height=\"675\" data-src=\"https:\/\/www.youtube.com\/embed\/cTj7BclSa5o?feature=oembed\" frameborder=\"0\" allow=\"accelerometer; autoplay; clipboard-write; encrypted-media; gyroscope; picture-in-picture; web-share\" referrerpolicy=\"strict-origin-when-cross-origin\" allowfullscreen src=\"data:image\/svg+xml;base64,PHN2ZyB3aWR0aD0iMSIgaGVpZ2h0PSIxIiB4bWxucz0iaHR0cDovL3d3dy53My5vcmcvMjAwMC9zdmciPjwvc3ZnPg==\" class=\"lazyload\" data-load-mode=\"1\"><\/iframe>\n<\/div><\/figure>\n\n\n\n<!--more-->\n\n\n\n<p><strong><em>M\u0259hk\u0259m\u0259 iqtisad\u00e7\u0131 bar\u0259sind\u0259 3 ay 20 g\u00fcn h\u0259bs q\u0259timkan t\u0259dbiri se\u00e7ib<\/em><\/strong><\/p>\n\n\n\n<p>\u0130qtisad\u00e7\u0131 F\u0259rid Mehral\u0131zad\u0259 haqq\u0131nda h\u0259bs q\u0259rar\u0131 verilib.<\/p>\n\n\n\n<p>\u0130ki g\u00fcn \u0259vv\u0259l saxlan\u0131lan iqtisad\u00e7\u0131 bar\u0259sind\u0259 ilkin istintaq d\u00f6vr\u00fc \u00fc\u00e7\u00fcn 3 ay 20 g\u00fcn h\u0259bs q\u0259timkan t\u0259dbiri se\u00e7ilib.<\/p>\n\n\n\n<p>Bu bar\u0259d\u0259 iyunun 1-d\u0259 X\u0259tai Rayon M\u0259hk\u0259m\u0259sind\u0259 q\u0259rar \u00e7\u0131xar\u0131l\u0131b.<\/p>\n\n\n\n<p>F\u0259rid Mehral\u0131zad\u0259 Bak\u0131 \u015f\u0259h\u0259r Ba\u015f Polis \u0130dar\u0259sind\u0259 istintaq\u0131 ged\u0259n &#8220;AbzasMedia&#8221; il\u0259 ba\u011fl\u0131 cinay\u0259t i\u015fi \u00fczr\u0259 saxlan\u0131l\u0131b.<\/p>\n\n\n\n<p>Bu i\u015f \u00fczr\u0259 aylard\u0131r ki, h\u0259bsd\u0259 olan dig\u0259r jurnalistl\u0259r kimi, ona qar\u015f\u0131 da Cinay\u0259t M\u0259c\u0259ll\u0259sinin 206.3.2 (bir qrup \u015f\u0259xs t\u0259r\u0259find\u0259n qa\u00e7aqmal\u00e7\u0131l\u0131q) madd\u0259sil\u0259 ittiham ir\u0259li s\u00fcr\u00fcl\u00fcb.<\/p>\n\n\n\n<p>F\u0259rid Mehral\u0131zad\u0259nin istintaq d\u00f6vr\u00fcnd\u0259 h\u0259bsd\u0259 saxlanmas\u0131 \u00fc\u00e7\u00fcn prokurorun verdiyi t\u0259qdimata iyunun 1-d\u0259 m\u0259hk\u0259m\u0259d\u0259 bax\u0131lark\u0259n iqtisad\u00e7\u0131 ittiham\u0131 q\u0259bul etm\u0259diyini deyib.<\/p>\n\n\n\n<p>&nbsp;O, \u00f6z\u00fcn\u00fc t\u0259qsirli bilm\u0259yib.<\/p>\n\n\n<div class=\"wp-block-image\">\n<figure class=\"alignright size-full is-resized\"><img decoding=\"async\" width=\"1200\" height=\"800\" data-src=\"https:\/\/www.meydan.tv\/wp-content\/uploads\/img_1270.jpg\" alt=\"\" class=\"wp-image-307258 lazyload\" style=\"--smush-placeholder-width: 1200px; --smush-placeholder-aspect-ratio: 1200\/800;width:383px;height:auto\" src=\"data:image\/svg+xml;base64,PHN2ZyB3aWR0aD0iMSIgaGVpZ2h0PSIxIiB4bWxucz0iaHR0cDovL3d3dy53My5vcmcvMjAwMC9zdmciPjwvc3ZnPg==\" \/><figcaption class=\"wp-element-caption\">F\u0259rid Mehral\u0131zad\u0259. Foto: Meydan TV<\/figcaption><\/figure>\n<\/div>\n\n\n<p>Deyib ki, he\u00e7 bir cinay\u0259t t\u00f6r\u0259tm\u0259yib, qa\u00e7aqmal\u00e7\u0131l\u0131q ittiham\u0131n\u0131n da \u0259sas\u0131 yoxdur.<\/p>\n\n\n\n<p>Onun v\u0259kili d\u0259 m\u00fcv\u0259kkilinin t\u0259qsirsiz oldu\u011funu vur\u011fulay\u0131b.<\/p>\n\n\n\n<p>\u018flav\u0259 edib ki, h\u0259tta onunla ba\u011fl\u0131 istintaq apar\u0131l\u0131rsa bel\u0259, bunun \u00fc\u00e7\u00fcn F\u0259rid Mehral\u0131zad\u0259ni h\u0259bsd\u0259 saxlama\u011fa ehtiyac yoxdur. \u00c7\u00fcnki onun ya\u015fad\u0131\u011f\u0131 yer m\u0259lumdur, istintaqdan yay\u0131nmaq niyy\u0259ti yoxdur, ilk d\u0259f\u0259dir ki, cinay\u0259t m\u0259suliyy\u0259tin\u0259 c\u0259lb olunur.<\/p>\n\n\n\n<p>M\u00fcst\u0259ntiq is\u0259 \u0259ksin\u0259, deyib ki, F\u0259rid Mehral\u0131zad\u0259nin h\u0259bsd\u0259 qalmas\u0131 vacibdir. \u00c7\u00fcnki azadl\u0131qda olsa, istintaqdan yay\u0131nmaq ehtimal\u0131 var, prosesin gedi\u015fin\u0259 mane ola bil\u0259r v\u0259 s.<\/p>\n\n\n\n<p>Hakim d\u0259 t\u0259qdimat\u0131 t\u0259min ed\u0259r\u0259k, F\u0259rid Mehral\u0131zad\u0259 haqq\u0131nda ilkin istintaq d\u00f6vr\u00fc \u00fc\u00e7\u00fcn 3 ay 20 g\u00fcn m\u00fcdd\u0259tin\u0259 h\u0259bs q\u0259timkan t\u0259dbiri se\u00e7ilm\u0259sin\u0259 q\u0259rar verib.<\/p>\n\n\n\n<p>Onun v\u0259kili X\u0259tai Rayon M\u0259hk\u0259m\u0259sinin bu q\u0259rar\u0131ndan apelyasiya \u015fikay\u0259ti ver\u0259c\u0259k.<\/p>\n\n\n\n<p>Korrupsiya ara\u015fd\u0131rmalar\u0131yla tan\u0131nan \u201cAbzasMedia\u201d i\u015fi \u00fczr\u0259 h\u0259bsl\u0259r noyabr\u0131n 20-d\u0259n ba\u015flay\u0131b.<\/p>\n\n\n\n<p>\u00d6nc\u0259 sayt\u0131n direktoru \u00dclvi H\u0259s\u0259nli, direktor m\u00fcavini M\u0259h\u0259mm\u0259d Kekalov, ba\u015f redaktoru Sevinc Vaqifq\u0131z\u0131 h\u0259bs edilib.<\/p>\n\n\n\n<p>Daha sonra h\u0259bsl\u0259r ara\u015fd\u0131rma\u00e7\u0131 jurnalist Hafiz Babal\u0131, N\u0259rgiz Absalamova v\u0259 Elnar\u0259 Qas\u0131mova il\u0259 davam edib. Onlar da Cinay\u0259t M\u0259c\u0259ll\u0259sinin 206.3.2-ci (bir qrup \u015f\u0259xs t\u0259r\u0259find\u0259n qa\u00e7aqmal\u00e7\u0131l\u0131q) madd\u0259sil\u0259 ittiham olunur.<\/p>\n\n\n\n<p>Bu madd\u0259nin sanksiyas\u0131nda 5 ild\u0259n 8 il\u0259 q\u0259d\u0259r azadl\u0131qdan m\u0259hrumetm\u0259 c\u0259zas\u0131 n\u0259z\u0259rd\u0259 tutulub.<\/p>\n\n\n\n<p>Noyabr\u0131n 20-d\u0259 \u00dclvi H\u0259s\u0259nli saxland\u0131qdan sonra \u201cAbzasMedia\u201dn\u0131n ofisind\u0259 axtar\u0131\u015f apar\u0131l\u0131b. Sayt\u0131n ofisind\u0259n 40 min avro pul tap\u0131ld\u0131\u011f\u0131 iddia olunub.<\/p>\n\n\n\n<p>\u00dclvi H\u0259s\u0259nli is\u0259 orada pul olmad\u0131\u011f\u0131n\u0131, 40 min avronun ofis\u0259 onu tapd\u0131\u011f\u0131n\u0131 iddia ed\u0259nl\u0259rin \u00f6zl\u0259ri t\u0259r\u0259find\u0259n qoyuldu\u011funu bildirib.<\/p>\n\n\n\n<p>Adlar\u0131 \u00e7\u0259kil\u0259n jurnalistl\u0259rin he\u00e7 biri \u00f6z\u00fcn\u00fc t\u0259qsirli bilmir, \u201cAbzasMedia\u201dda Prezidentin ail\u0259 \u00fczvl\u0259ri d\u0259 daxil olmaqla, bir s\u0131ra v\u0259zif\u0259li \u015f\u0259xsl\u0259rin biznesi, korrupsiya il\u0259 ba\u011fl\u0131 ara\u015fd\u0131rmalara g\u00f6r\u0259 c\u0259zaland\u0131r\u0131ld\u0131qlar\u0131n\u0131 bildiribl\u0259r.<\/p>\n\n\n\n<p>\u201cAbzasMedia\u201ddan sonra \u201cKanal 13\u201d internet kanal\u0131, \u201cToplum TV\u201d x\u0259b\u0259r potral\u0131 v\u0259 eyni adl\u0131 internet televiziyas\u0131, Milli M\u0259clisin v\u0259 deputatlar\u0131n f\u0259aliyy\u0259tini ara\u015fd\u0131ran &#8220;meclis.info\u201d sayt\u0131n\u0131n r\u0259hb\u0259rl\u0259ri v\u0259 \u0259m\u0259kda\u015flar\u0131 da qa\u00e7aqmal\u00e7\u0131l\u0131q ittiham\u0131yla h\u0259bs olunub.<\/p>\n\n\n\n<p>\u0130ddia olunur ki, bu media orqanlar\u0131 xarici t\u0259\u015fkilatlardan qrantlar al\u0131b, h\u0259min v\u0259saitl\u0259ri qa\u00e7aqmal\u00e7\u0131l\u0131q yoluyla \u00f6lk\u0259y\u0259 g\u0259tirib. Lakin jurnalistl\u0259r bu ittiham\u0131 r\u0259dd edir, qa\u00e7aqmal\u00e7\u0131l\u0131qla ba\u011fl\u0131 he\u00e7 bir s\u00fcbut-d\u0259lil olmadan h\u0259bs olunduqlar\u0131n\u0131 bildirirl\u0259r.<\/p>\n\n\n\n<p>Onlar b\u0259yan edib ki, bu h\u0259bsl\u0259rin m\u0259qs\u0259di \u00f6lk\u0259d\u0259ki korrupsiyan\u0131, m\u0259mur \u00f6zba\u015f\u0131nal\u0131\u011f\u0131n\u0131 ara\u015fd\u0131ran, ictimaiyy\u0259t\u0259 \u00e7atd\u0131ran media orqanlar\u0131n\u0131 susdurmaqd\u0131r.<\/p>\n\n\n\n<p><\/p>\n\n\n\n<p><\/p>\n\n\n\n<p><\/p>\n","protected":false},"excerpt":{"rendered":"","protected":false},"author":8,"featured_media":307274,"comment_status":"closed","ping_status":"closed","sticky":false,"template":"","format":"standard","meta":{"_acf_changed":false,"_sitemap_exclude":false,"_sitemap_priority":"","_sitemap_frequency":"","footnotes":""},"categories":[59,79,63,56],"tags":[],"class_list":["post-307277","post","type-post","status-publish","format-standard","has-post-thumbnail","hentry","category-siyaset","category-featured","category-video-2","category-xeberler","infinite-scroll-item","generate-columns","tablet-grid-50","mobile-grid-100","grid-parent","grid-33","no-featured-image-padding"],"acf":[],"yoast_head":"<!-- This site is optimized with the Yoast SEO plugin v27.4 - https:\/\/yoast.com\/product\/yoast-seo-wordpress\/ -->\n<title>F\u0259rid Mehral\u0131zad\u0259 haqq\u0131nda h\u0259bs q\u0259rar\u0131 verilib - MEYDAN.TV<\/title>\n<meta name=\"robots\" content=\"index, follow, max-snippet:-1, max-image-preview:large, max-video-preview:-1\" \/>\n<link rel=\"canonical\" href=\"https:\/\/www.meydan.tv\/az\/article\/ferid-mehralizade-haqqinda-hebs-qerari-verilib\/\" \/>\n<meta property=\"og:locale\" content=\"az_AZ\" \/>\n<meta property=\"og:type\" content=\"article\" \/>\n<meta property=\"og:title\" content=\"F\u0259rid Mehral\u0131zad\u0259 haqq\u0131nda h\u0259bs q\u0259rar\u0131 verilib - MEYDAN.TV\" \/>\n<meta property=\"og:url\" content=\"https:\/\/www.meydan.tv\/az\/article\/ferid-mehralizade-haqqinda-hebs-qerari-verilib\/\" \/>\n<meta property=\"og:site_name\" content=\"MEYDAN.TV\" \/>\n<meta property=\"article:published_time\" content=\"2024-06-01T11:58:13+00:00\" \/>\n<meta property=\"article:modified_time\" content=\"2024-06-01T14:42:31+00:00\" \/>\n<meta property=\"og:image\" content=\"https:\/\/www.meydan.tv\/wp-content\/uploads\/img_3904_720.png\" \/>\n\t<meta property=\"og:image:width\" content=\"1200\" \/>\n\t<meta property=\"og:image:height\" content=\"553\" \/>\n\t<meta property=\"og:image:type\" content=\"image\/png\" \/>\n<meta name=\"author\" content=\"elli\" \/>\n<meta name=\"twitter:card\" content=\"summary_large_image\" \/>\n<meta name=\"twitter:creator\" content=\"@elli\" \/>\n<script type=\"application\/ld+json\" class=\"yoast-schema-graph\">{\"@context\":\"https:\\\/\\\/schema.org\",\"@graph\":[{\"@type\":\"Article\",\"@id\":\"https:\\\/\\\/www.meydan.tv\\\/az\\\/article\\\/ferid-mehralizade-haqqinda-hebs-qerari-verilib\\\/#article\",\"isPartOf\":{\"@id\":\"https:\\\/\\\/www.meydan.tv\\\/az\\\/article\\\/ferid-mehralizade-haqqinda-hebs-qerari-verilib\\\/\"},\"author\":{\"name\":\"elli\",\"@id\":\"https:\\\/\\\/www.meydan.tv\\\/az\\\/#\\\/schema\\\/person\\\/9cdbecf90d17180ce1dfbd95b08dcf47\"},\"headline\":\"F\u0259rid Mehral\u0131zad\u0259 haqq\u0131nda h\u0259bs q\u0259rar\u0131 verilib\",\"datePublished\":\"2024-06-01T11:58:13+00:00\",\"dateModified\":\"2024-06-01T14:42:31+00:00\",\"mainEntityOfPage\":{\"@id\":\"https:\\\/\\\/www.meydan.tv\\\/az\\\/article\\\/ferid-mehralizade-haqqinda-hebs-qerari-verilib\\\/\"},\"wordCount\":740,\"publisher\":{\"@id\":\"https:\\\/\\\/www.meydan.tv\\\/az\\\/#organization\"},\"image\":{\"@id\":\"https:\\\/\\\/www.meydan.tv\\\/az\\\/article\\\/ferid-mehralizade-haqqinda-hebs-qerari-verilib\\\/#primaryimage\"},\"thumbnailUrl\":\"https:\\\/\\\/www.meydan.tv\\\/wp-content\\\/uploads\\\/img_3904_720.png\",\"articleSection\":[\"Siyas\u0259t\",\"T\u00f6vsiy\u0259\",\"Video\",\"X\u0259b\u0259rl\u0259r\"],\"inLanguage\":\"az\"},{\"@type\":\"WebPage\",\"@id\":\"https:\\\/\\\/www.meydan.tv\\\/az\\\/article\\\/ferid-mehralizade-haqqinda-hebs-qerari-verilib\\\/\",\"url\":\"https:\\\/\\\/www.meydan.tv\\\/az\\\/article\\\/ferid-mehralizade-haqqinda-hebs-qerari-verilib\\\/\",\"name\":\"F\u0259rid Mehral\u0131zad\u0259 haqq\u0131nda h\u0259bs q\u0259rar\u0131 verilib - MEYDAN.TV\",\"isPartOf\":{\"@id\":\"https:\\\/\\\/www.meydan.tv\\\/az\\\/#website\"},\"primaryImageOfPage\":{\"@id\":\"https:\\\/\\\/www.meydan.tv\\\/az\\\/article\\\/ferid-mehralizade-haqqinda-hebs-qerari-verilib\\\/#primaryimage\"},\"image\":{\"@id\":\"https:\\\/\\\/www.meydan.tv\\\/az\\\/article\\\/ferid-mehralizade-haqqinda-hebs-qerari-verilib\\\/#primaryimage\"},\"thumbnailUrl\":\"https:\\\/\\\/www.meydan.tv\\\/wp-content\\\/uploads\\\/img_3904_720.png\",\"datePublished\":\"2024-06-01T11:58:13+00:00\",\"dateModified\":\"2024-06-01T14:42:31+00:00\",\"breadcrumb\":{\"@id\":\"https:\\\/\\\/www.meydan.tv\\\/az\\\/article\\\/ferid-mehralizade-haqqinda-hebs-qerari-verilib\\\/#breadcrumb\"},\"inLanguage\":\"az\",\"potentialAction\":[{\"@type\":\"ReadAction\",\"target\":[\"https:\\\/\\\/www.meydan.tv\\\/az\\\/article\\\/ferid-mehralizade-haqqinda-hebs-qerari-verilib\\\/\"]}]},{\"@type\":\"ImageObject\",\"inLanguage\":\"az\",\"@id\":\"https:\\\/\\\/www.meydan.tv\\\/az\\\/article\\\/ferid-mehralizade-haqqinda-hebs-qerari-verilib\\\/#primaryimage\",\"url\":\"https:\\\/\\\/www.meydan.tv\\\/wp-content\\\/uploads\\\/img_3904_720.png\",\"contentUrl\":\"https:\\\/\\\/www.meydan.tv\\\/wp-content\\\/uploads\\\/img_3904_720.png\",\"width\":1200,\"height\":553,\"caption\":\"F\u0259rid Mehral\u0131zad\u0259. Foto: Meydan TV\"},{\"@type\":\"BreadcrumbList\",\"@id\":\"https:\\\/\\\/www.meydan.tv\\\/az\\\/article\\\/ferid-mehralizade-haqqinda-hebs-qerari-verilib\\\/#breadcrumb\",\"itemListElement\":[{\"@type\":\"ListItem\",\"position\":1,\"name\":\"Ana s\u0259hif\u0259\",\"item\":\"https:\\\/\\\/www.meydan.tv\\\/az\\\/\"},{\"@type\":\"ListItem\",\"position\":2,\"name\":\"Siyas\u0259t\",\"item\":\"https:\\\/\\\/www.meydan.tv\\\/az\\\/section\\\/siyaset\\\/\"},{\"@type\":\"ListItem\",\"position\":3,\"name\":\"F\u0259rid Mehral\u0131zad\u0259 haqq\u0131nda h\u0259bs q\u0259rar\u0131 verilib\"}]},{\"@type\":\"WebSite\",\"@id\":\"https:\\\/\\\/www.meydan.tv\\\/az\\\/#website\",\"url\":\"https:\\\/\\\/www.meydan.tv\\\/az\\\/\",\"name\":\"MEYDAN.TV\",\"description\":\"Meydan TV Az\u0259rbaycan\u0131n media m\u0259kan\u0131ndak\u0131 alternativ s\u0259sidir\",\"publisher\":{\"@id\":\"https:\\\/\\\/www.meydan.tv\\\/az\\\/#organization\"},\"potentialAction\":[{\"@type\":\"SearchAction\",\"target\":{\"@type\":\"EntryPoint\",\"urlTemplate\":\"https:\\\/\\\/www.meydan.tv\\\/az\\\/?s={search_term_string}\"},\"query-input\":{\"@type\":\"PropertyValueSpecification\",\"valueRequired\":true,\"valueName\":\"search_term_string\"}}],\"inLanguage\":\"az\"},{\"@type\":\"Organization\",\"@id\":\"https:\\\/\\\/www.meydan.tv\\\/az\\\/#organization\",\"name\":\"Meydan TV\",\"url\":\"https:\\\/\\\/www.meydan.tv\\\/az\\\/\",\"logo\":{\"@type\":\"ImageObject\",\"inLanguage\":\"az\",\"@id\":\"https:\\\/\\\/www.meydan.tv\\\/az\\\/#\\\/schema\\\/logo\\\/image\\\/\",\"url\":\"https:\\\/\\\/www.meydan.tv\\\/wp-content\\\/uploads\\\/2021\\\/07\\\/meydan-logo.svg\",\"contentUrl\":\"https:\\\/\\\/www.meydan.tv\\\/wp-content\\\/uploads\\\/2021\\\/07\\\/meydan-logo.svg\",\"width\":195,\"height\":46,\"caption\":\"Meydan TV\"},\"image\":{\"@id\":\"https:\\\/\\\/www.meydan.tv\\\/az\\\/#\\\/schema\\\/logo\\\/image\\\/\"}},{\"@type\":\"Person\",\"@id\":\"https:\\\/\\\/www.meydan.tv\\\/az\\\/#\\\/schema\\\/person\\\/9cdbecf90d17180ce1dfbd95b08dcf47\",\"name\":\"elli\",\"sameAs\":[\"https:\\\/\\\/x.com\\\/elli\"]}]}<\/script>\n<!-- \/ Yoast SEO plugin. -->","yoast_head_json":{"title":"F\u0259rid Mehral\u0131zad\u0259 haqq\u0131nda h\u0259bs q\u0259rar\u0131 verilib - MEYDAN.TV","robots":{"index":"index","follow":"follow","max-snippet":"max-snippet:-1","max-image-preview":"max-image-preview:large","max-video-preview":"max-video-preview:-1"},"canonical":"https:\/\/www.meydan.tv\/az\/article\/ferid-mehralizade-haqqinda-hebs-qerari-verilib\/","og_locale":"az_AZ","og_type":"article","og_title":"F\u0259rid Mehral\u0131zad\u0259 haqq\u0131nda h\u0259bs q\u0259rar\u0131 verilib - MEYDAN.TV","og_url":"https:\/\/www.meydan.tv\/az\/article\/ferid-mehralizade-haqqinda-hebs-qerari-verilib\/","og_site_name":"MEYDAN.TV","article_published_time":"2024-06-01T11:58:13+00:00","article_modified_time":"2024-06-01T14:42:31+00:00","og_image":[{"width":1200,"height":553,"url":"https:\/\/www.meydan.tv\/wp-content\/uploads\/img_3904_720.png","type":"image\/png"}],"author":"elli","twitter_card":"summary_large_image","twitter_creator":"@elli","schema":{"@context":"https:\/\/schema.org","@graph":[{"@type":"Article","@id":"https:\/\/www.meydan.tv\/az\/article\/ferid-mehralizade-haqqinda-hebs-qerari-verilib\/#article","isPartOf":{"@id":"https:\/\/www.meydan.tv\/az\/article\/ferid-mehralizade-haqqinda-hebs-qerari-verilib\/"},"author":{"name":"elli","@id":"https:\/\/www.meydan.tv\/az\/#\/schema\/person\/9cdbecf90d17180ce1dfbd95b08dcf47"},"headline":"F\u0259rid Mehral\u0131zad\u0259 haqq\u0131nda h\u0259bs q\u0259rar\u0131 verilib","datePublished":"2024-06-01T11:58:13+00:00","dateModified":"2024-06-01T14:42:31+00:00","mainEntityOfPage":{"@id":"https:\/\/www.meydan.tv\/az\/article\/ferid-mehralizade-haqqinda-hebs-qerari-verilib\/"},"wordCount":740,"publisher":{"@id":"https:\/\/www.meydan.tv\/az\/#organization"},"image":{"@id":"https:\/\/www.meydan.tv\/az\/article\/ferid-mehralizade-haqqinda-hebs-qerari-verilib\/#primaryimage"},"thumbnailUrl":"https:\/\/www.meydan.tv\/wp-content\/uploads\/img_3904_720.png","articleSection":["Siyas\u0259t","T\u00f6vsiy\u0259","Video","X\u0259b\u0259rl\u0259r"],"inLanguage":"az"},{"@type":"WebPage","@id":"https:\/\/www.meydan.tv\/az\/article\/ferid-mehralizade-haqqinda-hebs-qerari-verilib\/","url":"https:\/\/www.meydan.tv\/az\/article\/ferid-mehralizade-haqqinda-hebs-qerari-verilib\/","name":"F\u0259rid Mehral\u0131zad\u0259 haqq\u0131nda h\u0259bs q\u0259rar\u0131 verilib - MEYDAN.TV","isPartOf":{"@id":"https:\/\/www.meydan.tv\/az\/#website"},"primaryImageOfPage":{"@id":"https:\/\/www.meydan.tv\/az\/article\/ferid-mehralizade-haqqinda-hebs-qerari-verilib\/#primaryimage"},"image":{"@id":"https:\/\/www.meydan.tv\/az\/article\/ferid-mehralizade-haqqinda-hebs-qerari-verilib\/#primaryimage"},"thumbnailUrl":"https:\/\/www.meydan.tv\/wp-content\/uploads\/img_3904_720.png","datePublished":"2024-06-01T11:58:13+00:00","dateModified":"2024-06-01T14:42:31+00:00","breadcrumb":{"@id":"https:\/\/www.meydan.tv\/az\/article\/ferid-mehralizade-haqqinda-hebs-qerari-verilib\/#breadcrumb"},"inLanguage":"az","potentialAction":[{"@type":"ReadAction","target":["https:\/\/www.meydan.tv\/az\/article\/ferid-mehralizade-haqqinda-hebs-qerari-verilib\/"]}]},{"@type":"ImageObject","inLanguage":"az","@id":"https:\/\/www.meydan.tv\/az\/article\/ferid-mehralizade-haqqinda-hebs-qerari-verilib\/#primaryimage","url":"https:\/\/www.meydan.tv\/wp-content\/uploads\/img_3904_720.png","contentUrl":"https:\/\/www.meydan.tv\/wp-content\/uploads\/img_3904_720.png","width":1200,"height":553,"caption":"F\u0259rid Mehral\u0131zad\u0259. Foto: Meydan TV"},{"@type":"BreadcrumbList","@id":"https:\/\/www.meydan.tv\/az\/article\/ferid-mehralizade-haqqinda-hebs-qerari-verilib\/#breadcrumb","itemListElement":[{"@type":"ListItem","position":1,"name":"Ana s\u0259hif\u0259","item":"https:\/\/www.meydan.tv\/az\/"},{"@type":"ListItem","position":2,"name":"Siyas\u0259t","item":"https:\/\/www.meydan.tv\/az\/section\/siyaset\/"},{"@type":"ListItem","position":3,"name":"F\u0259rid Mehral\u0131zad\u0259 haqq\u0131nda h\u0259bs q\u0259rar\u0131 verilib"}]},{"@type":"WebSite","@id":"https:\/\/www.meydan.tv\/az\/#website","url":"https:\/\/www.meydan.tv\/az\/","name":"MEYDAN.TV","description":"Meydan TV Az\u0259rbaycan\u0131n media m\u0259kan\u0131ndak\u0131 alternativ s\u0259sidir","publisher":{"@id":"https:\/\/www.meydan.tv\/az\/#organization"},"potentialAction":[{"@type":"SearchAction","target":{"@type":"EntryPoint","urlTemplate":"https:\/\/www.meydan.tv\/az\/?s={search_term_string}"},"query-input":{"@type":"PropertyValueSpecification","valueRequired":true,"valueName":"search_term_string"}}],"inLanguage":"az"},{"@type":"Organization","@id":"https:\/\/www.meydan.tv\/az\/#organization","name":"Meydan TV","url":"https:\/\/www.meydan.tv\/az\/","logo":{"@type":"ImageObject","inLanguage":"az","@id":"https:\/\/www.meydan.tv\/az\/#\/schema\/logo\/image\/","url":"https:\/\/www.meydan.tv\/wp-content\/uploads\/2021\/07\/meydan-logo.svg","contentUrl":"https:\/\/www.meydan.tv\/wp-content\/uploads\/2021\/07\/meydan-logo.svg","width":195,"height":46,"caption":"Meydan TV"},"image":{"@id":"https:\/\/www.meydan.tv\/az\/#\/schema\/logo\/image\/"}},{"@type":"Person","@id":"https:\/\/www.meydan.tv\/az\/#\/schema\/person\/9cdbecf90d17180ce1dfbd95b08dcf47","name":"elli","sameAs":["https:\/\/x.com\/elli"]}]}},"_links":{"self":[{"href":"https:\/\/www.meydan.tv\/az\/wp-json\/wp\/v2\/posts\/307277","targetHints":{"allow":["GET"]}}],"collection":[{"href":"https:\/\/www.meydan.tv\/az\/wp-json\/wp\/v2\/posts"}],"about":[{"href":"https:\/\/www.meydan.tv\/az\/wp-json\/wp\/v2\/types\/post"}],"author":[{"embeddable":true,"href":"https:\/\/www.meydan.tv\/az\/wp-json\/wp\/v2\/users\/8"}],"replies":[{"embeddable":true,"href":"https:\/\/www.meydan.tv\/az\/wp-json\/wp\/v2\/comments?post=307277"}],"version-history":[{"count":4,"href":"https:\/\/www.meydan.tv\/az\/wp-json\/wp\/v2\/posts\/307277\/revisions"}],"predecessor-version":[{"id":307283,"href":"https:\/\/www.meydan.tv\/az\/wp-json\/wp\/v2\/posts\/307277\/revisions\/307283"}],"wp:featuredmedia":[{"embeddable":true,"href":"https:\/\/www.meydan.tv\/az\/wp-json\/wp\/v2\/media\/307274"}],"wp:attachment":[{"href":"https:\/\/www.meydan.tv\/az\/wp-json\/wp\/v2\/media?parent=307277"}],"wp:term":[{"taxonomy":"category","embeddable":true,"href":"https:\/\/www.meydan.tv\/az\/wp-json\/wp\/v2\/categories?post=307277"},{"taxonomy":"post_tag","embeddable":true,"href":"https:\/\/www.meydan.tv\/az\/wp-json\/wp\/v2\/tags?post=307277"}],"curies":[{"name":"wp","href":"https:\/\/api.w.org\/{rel}","templated":true}]}}