{"id":307247,"date":"2024-05-31T21:32:19","date_gmt":"2024-05-31T17:32:19","guid":{"rendered":"https:\/\/www.meydan.tv\/?p=307247"},"modified":"2024-05-31T21:32:21","modified_gmt":"2024-05-31T17:32:21","slug":"hebsde-olan-aktyorun-cezasi-azaldildi","status":"publish","type":"post","link":"https:\/\/www.meydan.tv\/az\/article\/hebsde-olan-aktyorun-cezasi-azaldildi\/","title":{"rendered":"H\u0259bsd\u0259 olan aktyorun c\u0259zas\u0131 azald\u0131ld\u0131"},"content":{"rendered":"\n<p><\/p>\n\n\n\n<p><strong><em>Rza Rzayevin c\u0259zas\u0131 2 ild\u0259n 1 il 6 aya endirilib<\/em><\/strong><\/p>\n\n\n\n<p>Bir ildir ki, h\u0259bsd\u0259 olan aktyor &#8211; \u201cDolu\u201d filmind\u0259ki \u201cDrakon\u201d obraz\u0131 il\u0259 m\u0259\u015fhurla\u015fan Rza Rzayevin c\u0259zas\u0131 azald\u0131l\u0131b.<\/p>\n\n\n\n<p>May\u0131n 31-d\u0259 X\u0259z\u0259r Rayon M\u0259hk\u0259m\u0259sinin hakimi \u0130lham C\u0259f\u0259rzad\u0259 buna q\u0259rar verib.<\/p>\n\n\n\n<p>Q\u0259rara \u0259sas\u0259n, Rza Rzayev\u0259 m\u00fcnasib\u0259td\u0259 Amnistiya Akt\u0131 t\u0259tbiq edil\u0259r\u0259k onun 2 il h\u0259bs c\u0259zas\u0131 6 ay azald\u0131laraq 1 il 6 aya endirilib.<\/p>\n\n\n\n<p>Aktyorun v\u0259kili apreld\u0259 m\u0259hk\u0259m\u0259y\u0259 m\u00fcraci\u0259t ed\u0259r\u0259k m\u00fcv\u0259kkilinin qalan c\u0259zadan azad olunmas\u0131n\u0131 ist\u0259mi\u015fdi. Lakin X\u0259z\u0259r Rayon M\u0259hk\u0259m\u0259sinin hakimi H\u00fcseyn H\u00fcseynli v\u0259kilin m\u00fcraci\u0259tini icraata g\u00f6t\u00fcr\u00fcb baxmaqdan imtina etmi\u015fdi.<\/p>\n\n\n\n<p>Q\u0259rardadda bildirilirdi ki, bu c\u00fcr hallarda m\u0259hkum \u00f6z\u00fc m\u0259hk\u0259m\u0259y\u0259 m\u00fcraci\u0259t etm\u0259lidir.<\/p>\n\n\n\n<p>Sonradan Rza Rzayev \u00f6z\u00fc d\u0259 m\u0259hk\u0259m\u0259y\u0259 \u0259riz\u0259 ver\u0259r\u0259k c\u0259zas\u0131n\u0131n qalan hiss\u0259sind\u0259n azad olunmas\u0131n\u0131 xahi\u015f etmi\u015fdi.<\/p>\n\n\n\n<p>Onun \u0259riz\u0259sin\u0259 may\u0131n 13-d\u0259n X\u0259z\u0259r Rayon M\u0259hk\u0259m\u0259sind\u0259 bax\u0131l\u0131rd\u0131.<\/p>\n\n\n\n<p>Rza Rzayev 2023-c\u00fc ilin may\u0131nda h\u0259bs olunub.<\/p>\n\n\n\n<p>O, Cinay\u0259t M\u0259c\u0259ll\u0259sinin 221.3-c\u00fc (silah v\u0259 ya silah qismind\u0259 istifad\u0259 edil\u0259n \u0259\u015fyadan istifad\u0259 etm\u0259kl\u0259 xuliqanl\u0131q) madd\u0259sil\u0259 t\u0259qsirli bilin\u0259r\u0259k 2 il azadl\u0131qdan m\u0259hrum edilib.<\/p>\n\n\n\n<p>Aktyor Ali M\u0259hk\u0259m\u0259y\u0259 kassasiya \u015fikay\u0259ti vers\u0259 d\u0259, h\u00f6km d\u0259yi\u015fm\u0259yib.<\/p>\n\n\n\n<p>Aktyor 175 sayl\u0131 orta m\u0259kt\u0259bin direktoru Tural Mirz\u0259liyevi vuraraq, xuliqanl\u0131q etm\u0259kd\u0259 ittiham olunur.<\/p>\n\n\n\n<p>Aktyorla m\u0259kt\u0259b direktoru aras\u0131nda qalmaqal 2018-ci ild\u0259n ba\u015flay\u0131b.<\/p>\n\n\n\n<p>H\u0259min vaxt Tural Mirz\u0259liyev 220 sayl\u0131 m\u0259kt\u0259bin direktoru v\u0259zif\u0259sind\u0259 \u00e7al\u0131\u015f\u0131rd\u0131.<\/p>\n\n\n\n<p>Rza Rzayevin bac\u0131s\u0131 Zeyn\u0259b Rzayeva h\u0259min m\u0259kt\u0259bd\u0259 direktor m\u00fcavini olub.<\/p>\n\n\n\n<p>O, i\u015fd\u0259n azad edil\u0259nd\u0259n sonra qarda\u015f\u0131 il\u0259 m\u0259kt\u0259b direktoru aras\u0131nda m\u00fcbahis\u0259 ya\u015fan\u0131b.<\/p>\n\n\n\n<p>Rza Rzayev \u00f6z\u00fcn\u00fc t\u0259qsirli bilmir.<\/p>\n\n\n\n<p>Onun s\u00f6zl\u0259rin\u0259 g\u00f6r\u0259, m\u0259kt\u0259b direktoru bac\u0131s\u0131n\u0131 t\u0259hqir edib, onlar\u0131n \u00fcnvan\u0131na a\u011f\u0131r ifad\u0259l\u0259r i\u015fl\u0259dib.<\/p>\n","protected":false},"excerpt":{"rendered":"<p>Rza Rzayevin c\u0259zas\u0131 2 ild\u0259n 1 il 6 aya endirilib &#8230; <\/p>\n<p class=\"read-more-container\"><a title=\"H\u0259bsd\u0259 olan aktyorun c\u0259zas\u0131 azald\u0131ld\u0131\" class=\"read-more button\" href=\"https:\/\/www.meydan.tv\/az\/article\/hebsde-olan-aktyorun-cezasi-azaldildi\/#more-307247\" aria-label=\"Read more about H\u0259bsd\u0259 olan aktyorun c\u0259zas\u0131 azald\u0131ld\u0131\">Davam\u0131<\/a><\/p>\n","protected":false},"author":8,"featured_media":307248,"comment_status":"closed","ping_status":"closed","sticky":false,"template":"","format":"standard","meta":{"_acf_changed":false,"_sitemap_exclude":false,"_sitemap_priority":"","_sitemap_frequency":"","footnotes":""},"categories":[62,56],"tags":[],"class_list":["post-307247","post","type-post","status-publish","format-standard","has-post-thumbnail","hentry","category-sosial","category-xeberler","infinite-scroll-item","generate-columns","tablet-grid-50","mobile-grid-100","grid-parent","grid-33","no-featured-image-padding"],"acf":[],"yoast_head":"<!-- This site is optimized with the Yoast SEO plugin v27.5 - https:\/\/yoast.com\/product\/yoast-seo-wordpress\/ -->\n<title>H\u0259bsd\u0259 olan aktyorun c\u0259zas\u0131 azald\u0131ld\u0131 - MEYDAN.TV<\/title>\n<meta name=\"robots\" content=\"index, follow, max-snippet:-1, max-image-preview:large, max-video-preview:-1\" \/>\n<link rel=\"canonical\" href=\"https:\/\/www.meydan.tv\/az\/article\/hebsde-olan-aktyorun-cezasi-azaldildi\/\" \/>\n<meta property=\"og:locale\" content=\"az_AZ\" \/>\n<meta property=\"og:type\" content=\"article\" \/>\n<meta property=\"og:title\" content=\"H\u0259bsd\u0259 olan aktyorun c\u0259zas\u0131 azald\u0131ld\u0131 - MEYDAN.TV\" \/>\n<meta property=\"og:description\" content=\"Rza Rzayevin c\u0259zas\u0131 2 ild\u0259n 1 il 6 aya endirilib ... Davam\u0131\" \/>\n<meta property=\"og:url\" content=\"https:\/\/www.meydan.tv\/az\/article\/hebsde-olan-aktyorun-cezasi-azaldildi\/\" \/>\n<meta property=\"og:site_name\" content=\"MEYDAN.TV\" \/>\n<meta property=\"article:published_time\" content=\"2024-05-31T17:32:19+00:00\" \/>\n<meta property=\"article:modified_time\" content=\"2024-05-31T17:32:21+00:00\" \/>\n<meta property=\"og:image\" content=\"https:\/\/www.meydan.tv\/wp-content\/uploads\/rza_rzayev_2017-e1717176702988.jpg\" \/>\n\t<meta property=\"og:image:width\" content=\"1200\" \/>\n\t<meta property=\"og:image:height\" content=\"596\" \/>\n\t<meta property=\"og:image:type\" content=\"image\/jpeg\" \/>\n<meta name=\"author\" content=\"elli\" \/>\n<meta name=\"twitter:card\" content=\"summary_large_image\" \/>\n<meta name=\"twitter:creator\" content=\"@elli\" \/>\n<script type=\"application\/ld+json\" class=\"yoast-schema-graph\">{\"@context\":\"https:\\\/\\\/schema.org\",\"@graph\":[{\"@type\":\"Article\",\"@id\":\"https:\\\/\\\/www.meydan.tv\\\/az\\\/article\\\/hebsde-olan-aktyorun-cezasi-azaldildi\\\/#article\",\"isPartOf\":{\"@id\":\"https:\\\/\\\/www.meydan.tv\\\/az\\\/article\\\/hebsde-olan-aktyorun-cezasi-azaldildi\\\/\"},\"author\":{\"name\":\"elli\",\"@id\":\"https:\\\/\\\/www.meydan.tv\\\/az\\\/#\\\/schema\\\/person\\\/9cdbecf90d17180ce1dfbd95b08dcf47\"},\"headline\":\"H\u0259bsd\u0259 olan aktyorun c\u0259zas\u0131 azald\u0131ld\u0131\",\"datePublished\":\"2024-05-31T17:32:19+00:00\",\"dateModified\":\"2024-05-31T17:32:21+00:00\",\"mainEntityOfPage\":{\"@id\":\"https:\\\/\\\/www.meydan.tv\\\/az\\\/article\\\/hebsde-olan-aktyorun-cezasi-azaldildi\\\/\"},\"wordCount\":389,\"publisher\":{\"@id\":\"https:\\\/\\\/www.meydan.tv\\\/az\\\/#organization\"},\"image\":{\"@id\":\"https:\\\/\\\/www.meydan.tv\\\/az\\\/article\\\/hebsde-olan-aktyorun-cezasi-azaldildi\\\/#primaryimage\"},\"thumbnailUrl\":\"https:\\\/\\\/www.meydan.tv\\\/wp-content\\\/uploads\\\/rza_rzayev_2017-e1717176702988.jpg\",\"articleSection\":[\"Sosial\",\"X\u0259b\u0259rl\u0259r\"],\"inLanguage\":\"az\"},{\"@type\":\"WebPage\",\"@id\":\"https:\\\/\\\/www.meydan.tv\\\/az\\\/article\\\/hebsde-olan-aktyorun-cezasi-azaldildi\\\/\",\"url\":\"https:\\\/\\\/www.meydan.tv\\\/az\\\/article\\\/hebsde-olan-aktyorun-cezasi-azaldildi\\\/\",\"name\":\"H\u0259bsd\u0259 olan aktyorun c\u0259zas\u0131 azald\u0131ld\u0131 - MEYDAN.TV\",\"isPartOf\":{\"@id\":\"https:\\\/\\\/www.meydan.tv\\\/az\\\/#website\"},\"primaryImageOfPage\":{\"@id\":\"https:\\\/\\\/www.meydan.tv\\\/az\\\/article\\\/hebsde-olan-aktyorun-cezasi-azaldildi\\\/#primaryimage\"},\"image\":{\"@id\":\"https:\\\/\\\/www.meydan.tv\\\/az\\\/article\\\/hebsde-olan-aktyorun-cezasi-azaldildi\\\/#primaryimage\"},\"thumbnailUrl\":\"https:\\\/\\\/www.meydan.tv\\\/wp-content\\\/uploads\\\/rza_rzayev_2017-e1717176702988.jpg\",\"datePublished\":\"2024-05-31T17:32:19+00:00\",\"dateModified\":\"2024-05-31T17:32:21+00:00\",\"breadcrumb\":{\"@id\":\"https:\\\/\\\/www.meydan.tv\\\/az\\\/article\\\/hebsde-olan-aktyorun-cezasi-azaldildi\\\/#breadcrumb\"},\"inLanguage\":\"az\",\"potentialAction\":[{\"@type\":\"ReadAction\",\"target\":[\"https:\\\/\\\/www.meydan.tv\\\/az\\\/article\\\/hebsde-olan-aktyorun-cezasi-azaldildi\\\/\"]}]},{\"@type\":\"ImageObject\",\"inLanguage\":\"az\",\"@id\":\"https:\\\/\\\/www.meydan.tv\\\/az\\\/article\\\/hebsde-olan-aktyorun-cezasi-azaldildi\\\/#primaryimage\",\"url\":\"https:\\\/\\\/www.meydan.tv\\\/wp-content\\\/uploads\\\/rza_rzayev_2017-e1717176702988.jpg\",\"contentUrl\":\"https:\\\/\\\/www.meydan.tv\\\/wp-content\\\/uploads\\\/rza_rzayev_2017-e1717176702988.jpg\",\"width\":1200,\"height\":596,\"caption\":\"Rza Rzayev. Foto: Wiki\"},{\"@type\":\"BreadcrumbList\",\"@id\":\"https:\\\/\\\/www.meydan.tv\\\/az\\\/article\\\/hebsde-olan-aktyorun-cezasi-azaldildi\\\/#breadcrumb\",\"itemListElement\":[{\"@type\":\"ListItem\",\"position\":1,\"name\":\"Ana s\u0259hif\u0259\",\"item\":\"https:\\\/\\\/www.meydan.tv\\\/az\\\/\"},{\"@type\":\"ListItem\",\"position\":2,\"name\":\"Sosial\",\"item\":\"https:\\\/\\\/www.meydan.tv\\\/az\\\/section\\\/sosial\\\/\"},{\"@type\":\"ListItem\",\"position\":3,\"name\":\"H\u0259bsd\u0259 olan aktyorun c\u0259zas\u0131 azald\u0131ld\u0131\"}]},{\"@type\":\"WebSite\",\"@id\":\"https:\\\/\\\/www.meydan.tv\\\/az\\\/#website\",\"url\":\"https:\\\/\\\/www.meydan.tv\\\/az\\\/\",\"name\":\"MEYDAN.TV\",\"description\":\"Meydan TV Az\u0259rbaycan\u0131n media m\u0259kan\u0131ndak\u0131 alternativ s\u0259sidir\",\"publisher\":{\"@id\":\"https:\\\/\\\/www.meydan.tv\\\/az\\\/#organization\"},\"potentialAction\":[{\"@type\":\"SearchAction\",\"target\":{\"@type\":\"EntryPoint\",\"urlTemplate\":\"https:\\\/\\\/www.meydan.tv\\\/az\\\/?s={search_term_string}\"},\"query-input\":{\"@type\":\"PropertyValueSpecification\",\"valueRequired\":true,\"valueName\":\"search_term_string\"}}],\"inLanguage\":\"az\"},{\"@type\":\"Organization\",\"@id\":\"https:\\\/\\\/www.meydan.tv\\\/az\\\/#organization\",\"name\":\"Meydan TV\",\"url\":\"https:\\\/\\\/www.meydan.tv\\\/az\\\/\",\"logo\":{\"@type\":\"ImageObject\",\"inLanguage\":\"az\",\"@id\":\"https:\\\/\\\/www.meydan.tv\\\/az\\\/#\\\/schema\\\/logo\\\/image\\\/\",\"url\":\"https:\\\/\\\/www.meydan.tv\\\/wp-content\\\/uploads\\\/2021\\\/07\\\/meydan-logo.svg\",\"contentUrl\":\"https:\\\/\\\/www.meydan.tv\\\/wp-content\\\/uploads\\\/2021\\\/07\\\/meydan-logo.svg\",\"width\":195,\"height\":46,\"caption\":\"Meydan TV\"},\"image\":{\"@id\":\"https:\\\/\\\/www.meydan.tv\\\/az\\\/#\\\/schema\\\/logo\\\/image\\\/\"}},{\"@type\":\"Person\",\"@id\":\"https:\\\/\\\/www.meydan.tv\\\/az\\\/#\\\/schema\\\/person\\\/9cdbecf90d17180ce1dfbd95b08dcf47\",\"name\":\"elli\",\"sameAs\":[\"https:\\\/\\\/x.com\\\/elli\"]}]}<\/script>\n<!-- \/ Yoast SEO plugin. -->","yoast_head_json":{"title":"H\u0259bsd\u0259 olan aktyorun c\u0259zas\u0131 azald\u0131ld\u0131 - MEYDAN.TV","robots":{"index":"index","follow":"follow","max-snippet":"max-snippet:-1","max-image-preview":"max-image-preview:large","max-video-preview":"max-video-preview:-1"},"canonical":"https:\/\/www.meydan.tv\/az\/article\/hebsde-olan-aktyorun-cezasi-azaldildi\/","og_locale":"az_AZ","og_type":"article","og_title":"H\u0259bsd\u0259 olan aktyorun c\u0259zas\u0131 azald\u0131ld\u0131 - MEYDAN.TV","og_description":"Rza Rzayevin c\u0259zas\u0131 2 ild\u0259n 1 il 6 aya endirilib ... Davam\u0131","og_url":"https:\/\/www.meydan.tv\/az\/article\/hebsde-olan-aktyorun-cezasi-azaldildi\/","og_site_name":"MEYDAN.TV","article_published_time":"2024-05-31T17:32:19+00:00","article_modified_time":"2024-05-31T17:32:21+00:00","og_image":[{"width":1200,"height":596,"url":"https:\/\/www.meydan.tv\/wp-content\/uploads\/rza_rzayev_2017-e1717176702988.jpg","type":"image\/jpeg"}],"author":"elli","twitter_card":"summary_large_image","twitter_creator":"@elli","schema":{"@context":"https:\/\/schema.org","@graph":[{"@type":"Article","@id":"https:\/\/www.meydan.tv\/az\/article\/hebsde-olan-aktyorun-cezasi-azaldildi\/#article","isPartOf":{"@id":"https:\/\/www.meydan.tv\/az\/article\/hebsde-olan-aktyorun-cezasi-azaldildi\/"},"author":{"name":"elli","@id":"https:\/\/www.meydan.tv\/az\/#\/schema\/person\/9cdbecf90d17180ce1dfbd95b08dcf47"},"headline":"H\u0259bsd\u0259 olan aktyorun c\u0259zas\u0131 azald\u0131ld\u0131","datePublished":"2024-05-31T17:32:19+00:00","dateModified":"2024-05-31T17:32:21+00:00","mainEntityOfPage":{"@id":"https:\/\/www.meydan.tv\/az\/article\/hebsde-olan-aktyorun-cezasi-azaldildi\/"},"wordCount":389,"publisher":{"@id":"https:\/\/www.meydan.tv\/az\/#organization"},"image":{"@id":"https:\/\/www.meydan.tv\/az\/article\/hebsde-olan-aktyorun-cezasi-azaldildi\/#primaryimage"},"thumbnailUrl":"https:\/\/www.meydan.tv\/wp-content\/uploads\/rza_rzayev_2017-e1717176702988.jpg","articleSection":["Sosial","X\u0259b\u0259rl\u0259r"],"inLanguage":"az"},{"@type":"WebPage","@id":"https:\/\/www.meydan.tv\/az\/article\/hebsde-olan-aktyorun-cezasi-azaldildi\/","url":"https:\/\/www.meydan.tv\/az\/article\/hebsde-olan-aktyorun-cezasi-azaldildi\/","name":"H\u0259bsd\u0259 olan aktyorun c\u0259zas\u0131 azald\u0131ld\u0131 - MEYDAN.TV","isPartOf":{"@id":"https:\/\/www.meydan.tv\/az\/#website"},"primaryImageOfPage":{"@id":"https:\/\/www.meydan.tv\/az\/article\/hebsde-olan-aktyorun-cezasi-azaldildi\/#primaryimage"},"image":{"@id":"https:\/\/www.meydan.tv\/az\/article\/hebsde-olan-aktyorun-cezasi-azaldildi\/#primaryimage"},"thumbnailUrl":"https:\/\/www.meydan.tv\/wp-content\/uploads\/rza_rzayev_2017-e1717176702988.jpg","datePublished":"2024-05-31T17:32:19+00:00","dateModified":"2024-05-31T17:32:21+00:00","breadcrumb":{"@id":"https:\/\/www.meydan.tv\/az\/article\/hebsde-olan-aktyorun-cezasi-azaldildi\/#breadcrumb"},"inLanguage":"az","potentialAction":[{"@type":"ReadAction","target":["https:\/\/www.meydan.tv\/az\/article\/hebsde-olan-aktyorun-cezasi-azaldildi\/"]}]},{"@type":"ImageObject","inLanguage":"az","@id":"https:\/\/www.meydan.tv\/az\/article\/hebsde-olan-aktyorun-cezasi-azaldildi\/#primaryimage","url":"https:\/\/www.meydan.tv\/wp-content\/uploads\/rza_rzayev_2017-e1717176702988.jpg","contentUrl":"https:\/\/www.meydan.tv\/wp-content\/uploads\/rza_rzayev_2017-e1717176702988.jpg","width":1200,"height":596,"caption":"Rza Rzayev. Foto: Wiki"},{"@type":"BreadcrumbList","@id":"https:\/\/www.meydan.tv\/az\/article\/hebsde-olan-aktyorun-cezasi-azaldildi\/#breadcrumb","itemListElement":[{"@type":"ListItem","position":1,"name":"Ana s\u0259hif\u0259","item":"https:\/\/www.meydan.tv\/az\/"},{"@type":"ListItem","position":2,"name":"Sosial","item":"https:\/\/www.meydan.tv\/az\/section\/sosial\/"},{"@type":"ListItem","position":3,"name":"H\u0259bsd\u0259 olan aktyorun c\u0259zas\u0131 azald\u0131ld\u0131"}]},{"@type":"WebSite","@id":"https:\/\/www.meydan.tv\/az\/#website","url":"https:\/\/www.meydan.tv\/az\/","name":"MEYDAN.TV","description":"Meydan TV Az\u0259rbaycan\u0131n media m\u0259kan\u0131ndak\u0131 alternativ s\u0259sidir","publisher":{"@id":"https:\/\/www.meydan.tv\/az\/#organization"},"potentialAction":[{"@type":"SearchAction","target":{"@type":"EntryPoint","urlTemplate":"https:\/\/www.meydan.tv\/az\/?s={search_term_string}"},"query-input":{"@type":"PropertyValueSpecification","valueRequired":true,"valueName":"search_term_string"}}],"inLanguage":"az"},{"@type":"Organization","@id":"https:\/\/www.meydan.tv\/az\/#organization","name":"Meydan TV","url":"https:\/\/www.meydan.tv\/az\/","logo":{"@type":"ImageObject","inLanguage":"az","@id":"https:\/\/www.meydan.tv\/az\/#\/schema\/logo\/image\/","url":"https:\/\/www.meydan.tv\/wp-content\/uploads\/2021\/07\/meydan-logo.svg","contentUrl":"https:\/\/www.meydan.tv\/wp-content\/uploads\/2021\/07\/meydan-logo.svg","width":195,"height":46,"caption":"Meydan TV"},"image":{"@id":"https:\/\/www.meydan.tv\/az\/#\/schema\/logo\/image\/"}},{"@type":"Person","@id":"https:\/\/www.meydan.tv\/az\/#\/schema\/person\/9cdbecf90d17180ce1dfbd95b08dcf47","name":"elli","sameAs":["https:\/\/x.com\/elli"]}]}},"_links":{"self":[{"href":"https:\/\/www.meydan.tv\/az\/wp-json\/wp\/v2\/posts\/307247","targetHints":{"allow":["GET"]}}],"collection":[{"href":"https:\/\/www.meydan.tv\/az\/wp-json\/wp\/v2\/posts"}],"about":[{"href":"https:\/\/www.meydan.tv\/az\/wp-json\/wp\/v2\/types\/post"}],"author":[{"embeddable":true,"href":"https:\/\/www.meydan.tv\/az\/wp-json\/wp\/v2\/users\/8"}],"replies":[{"embeddable":true,"href":"https:\/\/www.meydan.tv\/az\/wp-json\/wp\/v2\/comments?post=307247"}],"version-history":[{"count":1,"href":"https:\/\/www.meydan.tv\/az\/wp-json\/wp\/v2\/posts\/307247\/revisions"}],"predecessor-version":[{"id":307251,"href":"https:\/\/www.meydan.tv\/az\/wp-json\/wp\/v2\/posts\/307247\/revisions\/307251"}],"wp:featuredmedia":[{"embeddable":true,"href":"https:\/\/www.meydan.tv\/az\/wp-json\/wp\/v2\/media\/307248"}],"wp:attachment":[{"href":"https:\/\/www.meydan.tv\/az\/wp-json\/wp\/v2\/media?parent=307247"}],"wp:term":[{"taxonomy":"category","embeddable":true,"href":"https:\/\/www.meydan.tv\/az\/wp-json\/wp\/v2\/categories?post=307247"},{"taxonomy":"post_tag","embeddable":true,"href":"https:\/\/www.meydan.tv\/az\/wp-json\/wp\/v2\/tags?post=307247"}],"curies":[{"name":"wp","href":"https:\/\/api.w.org\/{rel}","templated":true}]}}